{"id":28554,"date":"2020-04-28T11:19:52","date_gmt":"2020-04-28T14:19:52","guid":{"rendered":"https:\/\/psol50.org.br\/?p=28554"},"modified":"2020-04-28T11:19:52","modified_gmt":"2020-04-28T14:19:52","slug":"psol-entra-na-justica-para-barrar-nomeacao-de-amigo-da-familia-bolsonaro-para-comandar-pf","status":"publish","type":"post","link":"https:\/\/psol50.org.br\/psol-entra-na-justica-para-barrar-nomeacao-de-amigo-da-familia-bolsonaro-para-comandar-pf\/","title":{"rendered":"PSOL entra na Justi\u00e7a para barrar nomea\u00e7\u00e3o de amigo da fam\u00edlia Bolsonaro para comandar PF"},"content":{"rendered":"<p><a href=\"https:\/\/psol50.org.br\/coronavirus\/\" target=\"_blank\" rel=\"noopener noreferrer\"><img loading=\"lazy\" decoding=\"async\" class=\"alignnone size-full wp-image-27838\" src=\"https:\/\/psol50.org.br\/inc\/uploads\/2020\/03\/Banner-Site_3.png\" alt=\"\" width=\"1240\" height=\"331\" srcset=\"https:\/\/psol50.org.br\/inc\/uploads\/2020\/03\/Banner-Site_3.png 1240w, https:\/\/psol50.org.br\/inc\/uploads\/2020\/03\/Banner-Site_3-300x80.png 300w, https:\/\/psol50.org.br\/inc\/uploads\/2020\/03\/Banner-Site_3-1024x273.png 1024w, https:\/\/psol50.org.br\/inc\/uploads\/2020\/03\/Banner-Site_3-768x205.png 768w, https:\/\/psol50.org.br\/inc\/uploads\/2020\/03\/Banner-Site_3-150x40.png 150w, https:\/\/psol50.org.br\/inc\/uploads\/2020\/03\/Banner-Site_3-696x186.png 696w, https:\/\/psol50.org.br\/inc\/uploads\/2020\/03\/Banner-Site_3-1068x285.png 1068w\" sizes=\"auto, (max-width: 1240px) 100vw, 1240px\" \/><\/a><\/p>\n<p>O deputado federal Marcelo Freixo, em conjunto com a bancada do PSOL na C\u00e2mara, entrou, nesta ter\u00e7a-feira (28), com uma a\u00e7\u00e3o popular na Justi\u00e7a Federal para barrar a nomea\u00e7\u00e3o de Alexandre Ramagem para o cargo de diretor-geral da Pol\u00edcia Federal, que foi confirmada no Di\u00e1rio Oficial da Uni\u00e3o desta ter\u00e7a.<\/p>\n<p>Alexandre Ramagem foi comandante da seguran\u00e7a de Jair Bolsonaro durante a campanha de 2018 e j\u00e1 havia sido nomeado diretor-geral da Ag\u00eancia Brasileira de Intelig\u00eancia (Abin) em julho de 2019. Al\u00e9m disso, \u00e9 amigo \u00edntimo de Carlos Bolsonaro, um dos principais investigados pela Pol\u00edcia Federal, \u00f3rg\u00e3o que ser\u00e1 comandado por Ramagem, como um dos articuladores do esquema criminoso de fake news montado no Pal\u00e1cio do Planalto para atacar desafetos pol\u00edticos do cl\u00e3 pol\u00edtico de Bolsonaro, que ficou conhecido como &#8220;Gabinete do \u00d3dio&#8221;.<\/p>\n<p>&#8220;A impessoalidade que deve existir no servi\u00e7o p\u00fablico passou ao largo da 9 rela\u00e7\u00e3o entre Alexandre Ramagem e Carlos Bolsonaro&#8221;, afirmam os deputados do PSOL na a\u00e7\u00e3o.<\/p>\n<p>https:\/\/www.instagram.com\/p\/BsFB78ohnrh\/?igshid=i4ds11gisr7c<\/p>\n<p>O partido aponta que a nomea\u00e7\u00e3o realizada por Bolsonaro viola o princ\u00edpio da moralidade administrativa, j\u00e1 que ela acontece logo ap\u00f3s &#8220;exonerar o anterior ocupante do cargo precedido de declara\u00e7\u00f5es de que precisava de informa\u00e7\u00f5es sobre a atua\u00e7\u00e3o da Pol\u00edcia Federal &#8211; \u00f3rg\u00e3o de investiga\u00e7\u00e3o do Estado, n\u00e3o do Governo&#8221;, referindo-se \u00e0 exonera\u00e7\u00e3o de Maur\u00edcio Valeixo do cargo, que acarretou na sa\u00edda de S\u00e9rgio Moro do governo.<\/p>\n<p>A a\u00e7\u00e3o pede que uma liminar, em car\u00e1ter de urg\u00eancia, barre a nomea\u00e7\u00e3o para evitar a interfer\u00eancia do amigo pessoal da fam\u00edlia Bolsonaro nas investiga\u00e7\u00f5es que os envolvem.<\/p>\n","protected":false},"excerpt":{"rendered":"<p>O deputado federal Marcelo Freixo, em conjunto com a bancada do PSOL na C\u00e2mara, entrou, nesta ter\u00e7a-feira (28), com uma a\u00e7\u00e3o popular na Justi\u00e7a Federal para barrar a nomea\u00e7\u00e3o de Alexandre Ramagem para o cargo de diretor-geral da Pol\u00edcia Federal, que foi confirmada no Di\u00e1rio Oficial da Uni\u00e3o desta ter\u00e7a. Alexandre Ramagem foi comandante da [&hellip;]<\/p>\n","protected":false},"author":2,"featured_media":28557,"comment_status":"closed","ping_status":"open","sticky":false,"template":"","format":"standard","meta":{"_acf_changed":false,"footnotes":""},"categories":[10,6],"tags":[598,599,56,594,54,436,457,22],"class_list":{"0":"post-28554","1":"post","2":"type-post","3":"status-publish","4":"format-standard","5":"has-post-thumbnail","7":"category-acao-parlamentares","8":"category-noticias","9":"tag-abin","10":"tag-alexandre-ramagem","11":"tag-bolsonaro","12":"tag-carlos-bolsonaro","13":"tag-justica","14":"tag-pf","15":"tag-policia-federal","16":"tag-psol"},"acf":[],"yoast_head":"<!-- This site is optimized with the Yoast SEO plugin v26.5 - https:\/\/yoast.com\/wordpress\/plugins\/seo\/ -->\n<title>PSOL entra na Justi\u00e7a para barrar nomea\u00e7\u00e3o de amigo da fam\u00edlia Bolsonaro para comandar PF<\/title>\n<meta name=\"description\" content=\"Alexandre Ramagem foi comandante da seguran\u00e7a de Jair Bolsonaro e \u00e9 amigo \u00edntimo de Carlos Bolsonaro, um dos principais investigados pela Pol\u00edcia Federal.\" \/>\n<meta name=\"robots\" content=\"index, follow, max-snippet:-1, max-image-preview:large, max-video-preview:-1\" \/>\n<link rel=\"canonical\" href=\"https:\/\/psol50.org.br\/psol-entra-na-justica-para-barrar-nomeacao-de-amigo-da-familia-bolsonaro-para-comandar-pf\/\" \/>\n<meta property=\"og:locale\" content=\"pt_BR\" \/>\n<meta property=\"og:type\" content=\"article\" \/>\n<meta property=\"og:title\" content=\"PSOL entra na Justi\u00e7a para barrar nomea\u00e7\u00e3o de amigo da fam\u00edlia Bolsonaro para comandar PF\" \/>\n<meta property=\"og:description\" content=\"Alexandre Ramagem foi comandante da seguran\u00e7a de Jair Bolsonaro e \u00e9 amigo \u00edntimo de Carlos Bolsonaro, um dos principais investigados pela Pol\u00edcia Federal.\" \/>\n<meta property=\"og:url\" content=\"https:\/\/psol50.org.br\/psol-entra-na-justica-para-barrar-nomeacao-de-amigo-da-familia-bolsonaro-para-comandar-pf\/\" \/>\n<meta property=\"og:site_name\" content=\"PSOL 50\" \/>\n<meta property=\"article:publisher\" content=\"https:\/\/www.facebook.com\/psol50\" \/>\n<meta property=\"article:published_time\" content=\"2020-04-28T14:19:52+00:00\" \/>\n<meta property=\"og:image\" content=\"https:\/\/psol50.org.br\/inc\/uploads\/2020\/04\/ramagem-e-carlos-1-868x644-1.png\" \/>\n\t<meta property=\"og:image:width\" content=\"868\" \/>\n\t<meta property=\"og:image:height\" content=\"644\" \/>\n\t<meta property=\"og:image:type\" content=\"image\/png\" \/>\n<meta name=\"author\" content=\"Comunica\u00e7\u00e3o PSOL\" \/>\n<meta name=\"twitter:card\" content=\"summary_large_image\" \/>\n<meta name=\"twitter:title\" content=\"PSOL entra na Justi\u00e7a para barrar nomea\u00e7\u00e3o de amigo da fam\u00edlia Bolsonaro para comandar PF\" \/>\n<meta name=\"twitter:description\" content=\"Alexandre Ramagem foi comandante da seguran\u00e7a de Jair Bolsonaro e \u00e9 amigo \u00edntimo de Carlos Bolsonaro, um dos principais investigados pela Pol\u00edcia Federal.\" \/>\n<meta name=\"twitter:image\" content=\"https:\/\/psol50.org.br\/inc\/uploads\/2020\/04\/ramagem-e-carlos-1-868x644-1.png\" \/>\n<meta name=\"twitter:creator\" content=\"@psol50\" \/>\n<meta name=\"twitter:site\" content=\"@psol50\" \/>\n<meta name=\"twitter:label1\" content=\"Escrito por\" \/>\n\t<meta name=\"twitter:data1\" content=\"Comunica\u00e7\u00e3o PSOL\" \/>\n\t<meta name=\"twitter:label2\" content=\"Est. tempo de leitura\" \/>\n\t<meta name=\"twitter:data2\" content=\"2 minutos\" \/>\n<script type=\"application\/ld+json\" class=\"yoast-schema-graph\">{\"@context\":\"https:\/\/schema.org\",\"@graph\":[{\"@type\":\"Article\",\"@id\":\"https:\/\/psol50.org.br\/psol-entra-na-justica-para-barrar-nomeacao-de-amigo-da-familia-bolsonaro-para-comandar-pf\/#article\",\"isPartOf\":{\"@id\":\"https:\/\/psol50.org.br\/psol-entra-na-justica-para-barrar-nomeacao-de-amigo-da-familia-bolsonaro-para-comandar-pf\/\"},\"author\":{\"name\":\"Comunica\u00e7\u00e3o PSOL\",\"@id\":\"https:\/\/psol50.org.br\/#\/schema\/person\/475dfa57d0b815993c714c2e96491fcd\"},\"headline\":\"PSOL entra na Justi\u00e7a para barrar nomea\u00e7\u00e3o de amigo da fam\u00edlia Bolsonaro para comandar PF\",\"datePublished\":\"2020-04-28T14:19:52+00:00\",\"mainEntityOfPage\":{\"@id\":\"https:\/\/psol50.org.br\/psol-entra-na-justica-para-barrar-nomeacao-de-amigo-da-familia-bolsonaro-para-comandar-pf\/\"},\"wordCount\":321,\"publisher\":{\"@id\":\"https:\/\/psol50.org.br\/#organization\"},\"image\":{\"@id\":\"https:\/\/psol50.org.br\/psol-entra-na-justica-para-barrar-nomeacao-de-amigo-da-familia-bolsonaro-para-comandar-pf\/#primaryimage\"},\"thumbnailUrl\":\"https:\/\/psol50.org.br\/inc\/uploads\/2020\/04\/ramagem-e-carlos-1-868x644-1.png\",\"keywords\":[\"Abin\",\"alexandre ramagem\",\"Bolsonaro\",\"Carlos Bolsonaro\",\"justi\u00e7a\",\"PF\",\"Pol\u00edcia Federal\",\"PSOL\"],\"articleSection\":[\"A\u00e7\u00e3o Parlamentar\",\"Not\u00edcias\"],\"inLanguage\":\"pt-BR\"},{\"@type\":\"WebPage\",\"@id\":\"https:\/\/psol50.org.br\/psol-entra-na-justica-para-barrar-nomeacao-de-amigo-da-familia-bolsonaro-para-comandar-pf\/\",\"url\":\"https:\/\/psol50.org.br\/psol-entra-na-justica-para-barrar-nomeacao-de-amigo-da-familia-bolsonaro-para-comandar-pf\/\",\"name\":\"PSOL entra na Justi\u00e7a para barrar nomea\u00e7\u00e3o de amigo da fam\u00edlia Bolsonaro para comandar PF\",\"isPartOf\":{\"@id\":\"https:\/\/psol50.org.br\/#website\"},\"primaryImageOfPage\":{\"@id\":\"https:\/\/psol50.org.br\/psol-entra-na-justica-para-barrar-nomeacao-de-amigo-da-familia-bolsonaro-para-comandar-pf\/#primaryimage\"},\"image\":{\"@id\":\"https:\/\/psol50.org.br\/psol-entra-na-justica-para-barrar-nomeacao-de-amigo-da-familia-bolsonaro-para-comandar-pf\/#primaryimage\"},\"thumbnailUrl\":\"https:\/\/psol50.org.br\/inc\/uploads\/2020\/04\/ramagem-e-carlos-1-868x644-1.png\",\"datePublished\":\"2020-04-28T14:19:52+00:00\",\"description\":\"Alexandre Ramagem foi comandante da seguran\u00e7a de Jair Bolsonaro e \u00e9 amigo \u00edntimo de Carlos Bolsonaro, um dos principais investigados pela Pol\u00edcia Federal.\",\"breadcrumb\":{\"@id\":\"https:\/\/psol50.org.br\/psol-entra-na-justica-para-barrar-nomeacao-de-amigo-da-familia-bolsonaro-para-comandar-pf\/#breadcrumb\"},\"inLanguage\":\"pt-BR\",\"potentialAction\":[{\"@type\":\"ReadAction\",\"target\":[\"https:\/\/psol50.org.br\/psol-entra-na-justica-para-barrar-nomeacao-de-amigo-da-familia-bolsonaro-para-comandar-pf\/\"]}]},{\"@type\":\"ImageObject\",\"inLanguage\":\"pt-BR\",\"@id\":\"https:\/\/psol50.org.br\/psol-entra-na-justica-para-barrar-nomeacao-de-amigo-da-familia-bolsonaro-para-comandar-pf\/#primaryimage\",\"url\":\"https:\/\/psol50.org.br\/inc\/uploads\/2020\/04\/ramagem-e-carlos-1-868x644-1.png\",\"contentUrl\":\"https:\/\/psol50.org.br\/inc\/uploads\/2020\/04\/ramagem-e-carlos-1-868x644-1.png\",\"width\":868,\"height\":644,\"caption\":\"Foto: Reprodu\u00e7\u00e3o\/Instagram\"},{\"@type\":\"BreadcrumbList\",\"@id\":\"https:\/\/psol50.org.br\/psol-entra-na-justica-para-barrar-nomeacao-de-amigo-da-familia-bolsonaro-para-comandar-pf\/#breadcrumb\",\"itemListElement\":[{\"@type\":\"ListItem\",\"position\":1,\"name\":\"In\u00edcio\",\"item\":\"https:\/\/psol50.org.br\/\"},{\"@type\":\"ListItem\",\"position\":2,\"name\":\"PSOL entra na Justi\u00e7a para barrar nomea\u00e7\u00e3o de amigo da fam\u00edlia Bolsonaro para comandar PF\"}]},{\"@type\":\"WebSite\",\"@id\":\"https:\/\/psol50.org.br\/#website\",\"url\":\"https:\/\/psol50.org.br\/\",\"name\":\"PSOL 50\",\"description\":\"Site oficial do Partido Socialismo e Liberdade\",\"publisher\":{\"@id\":\"https:\/\/psol50.org.br\/#organization\"},\"alternateName\":\"PSOL50\",\"potentialAction\":[{\"@type\":\"SearchAction\",\"target\":{\"@type\":\"EntryPoint\",\"urlTemplate\":\"https:\/\/psol50.org.br\/?s={search_term_string}\"},\"query-input\":{\"@type\":\"PropertyValueSpecification\",\"valueRequired\":true,\"valueName\":\"search_term_string\"}}],\"inLanguage\":\"pt-BR\"},{\"@type\":\"Organization\",\"@id\":\"https:\/\/psol50.org.br\/#organization\",\"name\":\"PSOL 50\",\"alternateName\":\"PSOL 50\",\"url\":\"https:\/\/psol50.org.br\/\",\"logo\":{\"@type\":\"ImageObject\",\"inLanguage\":\"pt-BR\",\"@id\":\"https:\/\/psol50.org.br\/#\/schema\/logo\/image\/\",\"url\":\"https:\/\/psol50.org.br\/inc\/uploads\/2018\/07\/capa.png\",\"contentUrl\":\"https:\/\/psol50.org.br\/inc\/uploads\/2018\/07\/capa.png\",\"width\":1350,\"height\":900,\"caption\":\"PSOL 50\"},\"image\":{\"@id\":\"https:\/\/psol50.org.br\/#\/schema\/logo\/image\/\"},\"sameAs\":[\"https:\/\/www.facebook.com\/psol50\",\"https:\/\/x.com\/psol50\",\"https:\/\/www.instagram.com\/psol50\/\",\"https:\/\/www.youtube.com\/channel\/UC7SnJS5o1os7a6CaiNabzcg\"]},{\"@type\":\"Person\",\"@id\":\"https:\/\/psol50.org.br\/#\/schema\/person\/475dfa57d0b815993c714c2e96491fcd\",\"name\":\"Comunica\u00e7\u00e3o PSOL\",\"image\":{\"@type\":\"ImageObject\",\"inLanguage\":\"pt-BR\",\"@id\":\"https:\/\/psol50.org.br\/#\/schema\/person\/image\/\",\"url\":\"https:\/\/secure.gravatar.com\/avatar\/b34fc4f4e468a4e51785917065a3db57b841f5c95dba6ad8c73aaf8f66f8f9bf?s=96&d=mm&r=g\",\"contentUrl\":\"https:\/\/secure.gravatar.com\/avatar\/b34fc4f4e468a4e51785917065a3db57b841f5c95dba6ad8c73aaf8f66f8f9bf?s=96&d=mm&r=g\",\"caption\":\"Comunica\u00e7\u00e3o PSOL\"}}]}<\/script>\n<!-- \/ Yoast SEO plugin. -->","yoast_head_json":{"title":"PSOL entra na Justi\u00e7a para barrar nomea\u00e7\u00e3o de amigo da fam\u00edlia Bolsonaro para comandar PF","description":"Alexandre Ramagem foi comandante da seguran\u00e7a de Jair Bolsonaro e \u00e9 amigo \u00edntimo de Carlos Bolsonaro, um dos principais investigados pela Pol\u00edcia Federal.","robots":{"index":"index","follow":"follow","max-snippet":"max-snippet:-1","max-image-preview":"max-image-preview:large","max-video-preview":"max-video-preview:-1"},"canonical":"https:\/\/psol50.org.br\/psol-entra-na-justica-para-barrar-nomeacao-de-amigo-da-familia-bolsonaro-para-comandar-pf\/","og_locale":"pt_BR","og_type":"article","og_title":"PSOL entra na Justi\u00e7a para barrar nomea\u00e7\u00e3o de amigo da fam\u00edlia Bolsonaro para comandar PF","og_description":"Alexandre Ramagem foi comandante da seguran\u00e7a de Jair Bolsonaro e \u00e9 amigo \u00edntimo de Carlos Bolsonaro, um dos principais investigados pela Pol\u00edcia Federal.","og_url":"https:\/\/psol50.org.br\/psol-entra-na-justica-para-barrar-nomeacao-de-amigo-da-familia-bolsonaro-para-comandar-pf\/","og_site_name":"PSOL 50","article_publisher":"https:\/\/www.facebook.com\/psol50","article_published_time":"2020-04-28T14:19:52+00:00","og_image":[{"width":868,"height":644,"url":"https:\/\/psol50.org.br\/inc\/uploads\/2020\/04\/ramagem-e-carlos-1-868x644-1.png","type":"image\/png"}],"author":"Comunica\u00e7\u00e3o PSOL","twitter_card":"summary_large_image","twitter_title":"PSOL entra na Justi\u00e7a para barrar nomea\u00e7\u00e3o de amigo da fam\u00edlia Bolsonaro para comandar PF","twitter_description":"Alexandre Ramagem foi comandante da seguran\u00e7a de Jair Bolsonaro e \u00e9 amigo \u00edntimo de Carlos Bolsonaro, um dos principais investigados pela Pol\u00edcia Federal.","twitter_image":"https:\/\/psol50.org.br\/inc\/uploads\/2020\/04\/ramagem-e-carlos-1-868x644-1.png","twitter_creator":"@psol50","twitter_site":"@psol50","twitter_misc":{"Escrito por":"Comunica\u00e7\u00e3o PSOL","Est. tempo de leitura":"2 minutos"},"schema":{"@context":"https:\/\/schema.org","@graph":[{"@type":"Article","@id":"https:\/\/psol50.org.br\/psol-entra-na-justica-para-barrar-nomeacao-de-amigo-da-familia-bolsonaro-para-comandar-pf\/#article","isPartOf":{"@id":"https:\/\/psol50.org.br\/psol-entra-na-justica-para-barrar-nomeacao-de-amigo-da-familia-bolsonaro-para-comandar-pf\/"},"author":{"name":"Comunica\u00e7\u00e3o PSOL","@id":"https:\/\/psol50.org.br\/#\/schema\/person\/475dfa57d0b815993c714c2e96491fcd"},"headline":"PSOL entra na Justi\u00e7a para barrar nomea\u00e7\u00e3o de amigo da fam\u00edlia Bolsonaro para comandar PF","datePublished":"2020-04-28T14:19:52+00:00","mainEntityOfPage":{"@id":"https:\/\/psol50.org.br\/psol-entra-na-justica-para-barrar-nomeacao-de-amigo-da-familia-bolsonaro-para-comandar-pf\/"},"wordCount":321,"publisher":{"@id":"https:\/\/psol50.org.br\/#organization"},"image":{"@id":"https:\/\/psol50.org.br\/psol-entra-na-justica-para-barrar-nomeacao-de-amigo-da-familia-bolsonaro-para-comandar-pf\/#primaryimage"},"thumbnailUrl":"https:\/\/psol50.org.br\/inc\/uploads\/2020\/04\/ramagem-e-carlos-1-868x644-1.png","keywords":["Abin","alexandre ramagem","Bolsonaro","Carlos Bolsonaro","justi\u00e7a","PF","Pol\u00edcia Federal","PSOL"],"articleSection":["A\u00e7\u00e3o Parlamentar","Not\u00edcias"],"inLanguage":"pt-BR"},{"@type":"WebPage","@id":"https:\/\/psol50.org.br\/psol-entra-na-justica-para-barrar-nomeacao-de-amigo-da-familia-bolsonaro-para-comandar-pf\/","url":"https:\/\/psol50.org.br\/psol-entra-na-justica-para-barrar-nomeacao-de-amigo-da-familia-bolsonaro-para-comandar-pf\/","name":"PSOL entra na Justi\u00e7a para barrar nomea\u00e7\u00e3o de amigo da fam\u00edlia Bolsonaro para comandar PF","isPartOf":{"@id":"https:\/\/psol50.org.br\/#website"},"primaryImageOfPage":{"@id":"https:\/\/psol50.org.br\/psol-entra-na-justica-para-barrar-nomeacao-de-amigo-da-familia-bolsonaro-para-comandar-pf\/#primaryimage"},"image":{"@id":"https:\/\/psol50.org.br\/psol-entra-na-justica-para-barrar-nomeacao-de-amigo-da-familia-bolsonaro-para-comandar-pf\/#primaryimage"},"thumbnailUrl":"https:\/\/psol50.org.br\/inc\/uploads\/2020\/04\/ramagem-e-carlos-1-868x644-1.png","datePublished":"2020-04-28T14:19:52+00:00","description":"Alexandre Ramagem foi comandante da seguran\u00e7a de Jair Bolsonaro e \u00e9 amigo \u00edntimo de Carlos Bolsonaro, um dos principais investigados pela Pol\u00edcia Federal.","breadcrumb":{"@id":"https:\/\/psol50.org.br\/psol-entra-na-justica-para-barrar-nomeacao-de-amigo-da-familia-bolsonaro-para-comandar-pf\/#breadcrumb"},"inLanguage":"pt-BR","potentialAction":[{"@type":"ReadAction","target":["https:\/\/psol50.org.br\/psol-entra-na-justica-para-barrar-nomeacao-de-amigo-da-familia-bolsonaro-para-comandar-pf\/"]}]},{"@type":"ImageObject","inLanguage":"pt-BR","@id":"https:\/\/psol50.org.br\/psol-entra-na-justica-para-barrar-nomeacao-de-amigo-da-familia-bolsonaro-para-comandar-pf\/#primaryimage","url":"https:\/\/psol50.org.br\/inc\/uploads\/2020\/04\/ramagem-e-carlos-1-868x644-1.png","contentUrl":"https:\/\/psol50.org.br\/inc\/uploads\/2020\/04\/ramagem-e-carlos-1-868x644-1.png","width":868,"height":644,"caption":"Foto: Reprodu\u00e7\u00e3o\/Instagram"},{"@type":"BreadcrumbList","@id":"https:\/\/psol50.org.br\/psol-entra-na-justica-para-barrar-nomeacao-de-amigo-da-familia-bolsonaro-para-comandar-pf\/#breadcrumb","itemListElement":[{"@type":"ListItem","position":1,"name":"In\u00edcio","item":"https:\/\/psol50.org.br\/"},{"@type":"ListItem","position":2,"name":"PSOL entra na Justi\u00e7a para barrar nomea\u00e7\u00e3o de amigo da fam\u00edlia Bolsonaro para comandar PF"}]},{"@type":"WebSite","@id":"https:\/\/psol50.org.br\/#website","url":"https:\/\/psol50.org.br\/","name":"PSOL 50","description":"Site oficial do Partido Socialismo e Liberdade","publisher":{"@id":"https:\/\/psol50.org.br\/#organization"},"alternateName":"PSOL50","potentialAction":[{"@type":"SearchAction","target":{"@type":"EntryPoint","urlTemplate":"https:\/\/psol50.org.br\/?s={search_term_string}"},"query-input":{"@type":"PropertyValueSpecification","valueRequired":true,"valueName":"search_term_string"}}],"inLanguage":"pt-BR"},{"@type":"Organization","@id":"https:\/\/psol50.org.br\/#organization","name":"PSOL 50","alternateName":"PSOL 50","url":"https:\/\/psol50.org.br\/","logo":{"@type":"ImageObject","inLanguage":"pt-BR","@id":"https:\/\/psol50.org.br\/#\/schema\/logo\/image\/","url":"https:\/\/psol50.org.br\/inc\/uploads\/2018\/07\/capa.png","contentUrl":"https:\/\/psol50.org.br\/inc\/uploads\/2018\/07\/capa.png","width":1350,"height":900,"caption":"PSOL 50"},"image":{"@id":"https:\/\/psol50.org.br\/#\/schema\/logo\/image\/"},"sameAs":["https:\/\/www.facebook.com\/psol50","https:\/\/x.com\/psol50","https:\/\/www.instagram.com\/psol50\/","https:\/\/www.youtube.com\/channel\/UC7SnJS5o1os7a6CaiNabzcg"]},{"@type":"Person","@id":"https:\/\/psol50.org.br\/#\/schema\/person\/475dfa57d0b815993c714c2e96491fcd","name":"Comunica\u00e7\u00e3o PSOL","image":{"@type":"ImageObject","inLanguage":"pt-BR","@id":"https:\/\/psol50.org.br\/#\/schema\/person\/image\/","url":"https:\/\/secure.gravatar.com\/avatar\/b34fc4f4e468a4e51785917065a3db57b841f5c95dba6ad8c73aaf8f66f8f9bf?s=96&d=mm&r=g","contentUrl":"https:\/\/secure.gravatar.com\/avatar\/b34fc4f4e468a4e51785917065a3db57b841f5c95dba6ad8c73aaf8f66f8f9bf?s=96&d=mm&r=g","caption":"Comunica\u00e7\u00e3o PSOL"}}]}},"_links":{"self":[{"href":"https:\/\/psol50.org.br\/rest\/wp\/v2\/posts\/28554","targetHints":{"allow":["GET"]}}],"collection":[{"href":"https:\/\/psol50.org.br\/rest\/wp\/v2\/posts"}],"about":[{"href":"https:\/\/psol50.org.br\/rest\/wp\/v2\/types\/post"}],"author":[{"embeddable":true,"href":"https:\/\/psol50.org.br\/rest\/wp\/v2\/users\/2"}],"replies":[{"embeddable":true,"href":"https:\/\/psol50.org.br\/rest\/wp\/v2\/comments?post=28554"}],"version-history":[{"count":0,"href":"https:\/\/psol50.org.br\/rest\/wp\/v2\/posts\/28554\/revisions"}],"wp:featuredmedia":[{"embeddable":true,"href":"https:\/\/psol50.org.br\/rest\/wp\/v2\/media\/28557"}],"wp:attachment":[{"href":"https:\/\/psol50.org.br\/rest\/wp\/v2\/media?parent=28554"}],"wp:term":[{"taxonomy":"category","embeddable":true,"href":"https:\/\/psol50.org.br\/rest\/wp\/v2\/categories?post=28554"},{"taxonomy":"post_tag","embeddable":true,"href":"https:\/\/psol50.org.br\/rest\/wp\/v2\/tags?post=28554"}],"curies":[{"name":"wp","href":"https:\/\/api.w.org\/{rel}","templated":true}]}}