{"id":286,"date":"2012-11-10T00:00:00","date_gmt":"2012-11-10T00:00:00","guid":{"rendered":"http:\/\/psol50.org.br\/arquivo\/2012\/11\/10\/itaocara-rj-o-modo-psol-de-governar\/"},"modified":"2012-11-10T00:00:00","modified_gmt":"2012-11-10T00:00:00","slug":"itaocara-rj-o-modo-psol-de-governar","status":"publish","type":"post","link":"https:\/\/psol50.org.br\/itaocara-rj-o-modo-psol-de-governar\/","title":{"rendered":"Itaocara-RJ: o modo PSOL de Governar!"},"content":{"rendered":"<p>Na primeira Assembleia Popular do Governo do Povo de Itaocara\/RJ, nosso primeiro prefeito eleito, Gelsimar Gonzaga, escolheu atrav\u00e9s do voto popular os secret\u00e1rios de Sa\u00fade e de Educa\u00e7\u00e3o e deu o tom de como vai ser o seu Governo: as primeiras a\u00e7\u00f5es s\u00e3o a cria\u00e7\u00e3o do Portal da Transpar\u00eancia, a redu\u00e7\u00e3o de sue pr\u00f3prio sal\u00e1rio, a institui\u00e7\u00e3o de conselhos populares deliberativos. Gelsimar convoca o povo para estar presente \u00e0s sess\u00f5es da C\u00e2mara, onde o PSOL elegeu um vereador de 11, para pressionar e garantir que sejam aprovadas as pol\u00edticas de interesse do povo e n\u00e3o de grupos privados.<\/p>\n<p>Gelsimar vai enchendo a milit\u00e2ncia do PSOL de orgulho e demonstrando que \u00e9 poss\u00edvel propor um programa de transi\u00e7\u00e3o para o socialismo atrav\u00e9s do Executivo.<\/p>\n<p>http:\/\/youtu.be\/ksj7VthESBQ<\/p>\n<p>&nbsp;<\/p>\n<p>Fonte: PSOL Serramar<\/p>\n","protected":false},"excerpt":{"rendered":"<p>Na primeira Assembleia Popular do Governo do Povo de Itaocara\/RJ, nosso primeiro prefeito eleito, Gelsimar Gonzaga, escolheu atrav\u00e9s do voto popular os secret\u00e1rios de Sa\u00fade e de Educa\u00e7\u00e3o e deu o tom de como vai ser o seu Governo: as primeiras a\u00e7\u00f5es s\u00e3o a cria\u00e7\u00e3o do Portal da Transpar\u00eancia, a redu\u00e7\u00e3o de sue pr\u00f3prio sal\u00e1rio, [&hellip;]<\/p>\n","protected":false},"author":2,"featured_media":0,"comment_status":"open","ping_status":"open","sticky":false,"template":"","format":"standard","meta":{"_acf_changed":false,"footnotes":""},"categories":[4766,4974],"tags":[4975,22],"class_list":{"0":"post-286","1":"post","2":"type-post","3":"status-publish","4":"format-standard","6":"category-arquivo","7":"category-eleicoes-2012","8":"tag-eleicoes-2012","9":"tag-psol"},"acf":[],"yoast_head":"<!-- This site is optimized with the Yoast SEO plugin v26.5 - https:\/\/yoast.com\/wordpress\/plugins\/seo\/ -->\n<title>Itaocara-RJ: o modo PSOL de Governar! - PSOL 50<\/title>\n<meta name=\"robots\" content=\"index, follow, max-snippet:-1, max-image-preview:large, max-video-preview:-1\" \/>\n<link rel=\"canonical\" href=\"https:\/\/psol50.org.br\/itaocara-rj-o-modo-psol-de-governar\/\" \/>\n<meta property=\"og:locale\" content=\"pt_BR\" \/>\n<meta property=\"og:type\" content=\"article\" \/>\n<meta property=\"og:title\" content=\"Itaocara-RJ: o modo PSOL de Governar! - PSOL 50\" \/>\n<meta property=\"og:description\" content=\"Na primeira Assembleia Popular do Governo do Povo de Itaocara\/RJ, nosso primeiro prefeito eleito, Gelsimar Gonzaga, escolheu atrav\u00e9s do voto popular os secret\u00e1rios de Sa\u00fade e de Educa\u00e7\u00e3o e deu o tom de como vai ser o seu Governo: as primeiras a\u00e7\u00f5es s\u00e3o a cria\u00e7\u00e3o do Portal da Transpar\u00eancia, a redu\u00e7\u00e3o de sue pr\u00f3prio sal\u00e1rio, [&hellip;]\" \/>\n<meta property=\"og:url\" content=\"https:\/\/psol50.org.br\/itaocara-rj-o-modo-psol-de-governar\/\" \/>\n<meta property=\"og:site_name\" content=\"PSOL 50\" \/>\n<meta property=\"article:publisher\" content=\"https:\/\/www.facebook.com\/psol50\" \/>\n<meta property=\"article:published_time\" content=\"2012-11-10T00:00:00+00:00\" \/>\n<meta property=\"og:image\" content=\"https:\/\/psol50.org.br\/inc\/uploads\/2018\/07\/capa.png\" \/>\n\t<meta property=\"og:image:width\" content=\"1350\" \/>\n\t<meta property=\"og:image:height\" content=\"900\" \/>\n\t<meta property=\"og:image:type\" content=\"image\/png\" \/>\n<meta name=\"author\" content=\"Comunica\u00e7\u00e3o PSOL\" \/>\n<meta name=\"twitter:card\" content=\"summary_large_image\" \/>\n<meta name=\"twitter:creator\" content=\"@psol50\" \/>\n<meta name=\"twitter:site\" content=\"@psol50\" \/>\n<meta name=\"twitter:label1\" content=\"Escrito por\" \/>\n\t<meta name=\"twitter:data1\" content=\"Comunica\u00e7\u00e3o PSOL\" \/>\n\t<meta name=\"twitter:label2\" content=\"Est. tempo de leitura\" \/>\n\t<meta name=\"twitter:data2\" content=\"1 minuto\" \/>\n<script type=\"application\/ld+json\" class=\"yoast-schema-graph\">{\"@context\":\"https:\/\/schema.org\",\"@graph\":[{\"@type\":\"Article\",\"@id\":\"https:\/\/psol50.org.br\/itaocara-rj-o-modo-psol-de-governar\/#article\",\"isPartOf\":{\"@id\":\"https:\/\/psol50.org.br\/itaocara-rj-o-modo-psol-de-governar\/\"},\"author\":{\"name\":\"Comunica\u00e7\u00e3o PSOL\",\"@id\":\"https:\/\/psol50.org.br\/#\/schema\/person\/475dfa57d0b815993c714c2e96491fcd\"},\"headline\":\"Itaocara-RJ: o modo PSOL de Governar!\",\"datePublished\":\"2012-11-10T00:00:00+00:00\",\"mainEntityOfPage\":{\"@id\":\"https:\/\/psol50.org.br\/itaocara-rj-o-modo-psol-de-governar\/\"},\"wordCount\":157,\"commentCount\":0,\"publisher\":{\"@id\":\"https:\/\/psol50.org.br\/#organization\"},\"keywords\":[\"Elei\u00e7\u00f5es 2012\",\"PSOL\"],\"articleSection\":[\"Arquivo\",\"ELEI\u00c7\u00d5ES 2012\"],\"inLanguage\":\"pt-BR\",\"potentialAction\":[{\"@type\":\"CommentAction\",\"name\":\"Comment\",\"target\":[\"https:\/\/psol50.org.br\/itaocara-rj-o-modo-psol-de-governar\/#respond\"]}]},{\"@type\":\"WebPage\",\"@id\":\"https:\/\/psol50.org.br\/itaocara-rj-o-modo-psol-de-governar\/\",\"url\":\"https:\/\/psol50.org.br\/itaocara-rj-o-modo-psol-de-governar\/\",\"name\":\"Itaocara-RJ: o modo PSOL de Governar! - PSOL 50\",\"isPartOf\":{\"@id\":\"https:\/\/psol50.org.br\/#website\"},\"datePublished\":\"2012-11-10T00:00:00+00:00\",\"breadcrumb\":{\"@id\":\"https:\/\/psol50.org.br\/itaocara-rj-o-modo-psol-de-governar\/#breadcrumb\"},\"inLanguage\":\"pt-BR\",\"potentialAction\":[{\"@type\":\"ReadAction\",\"target\":[\"https:\/\/psol50.org.br\/itaocara-rj-o-modo-psol-de-governar\/\"]}]},{\"@type\":\"BreadcrumbList\",\"@id\":\"https:\/\/psol50.org.br\/itaocara-rj-o-modo-psol-de-governar\/#breadcrumb\",\"itemListElement\":[{\"@type\":\"ListItem\",\"position\":1,\"name\":\"In\u00edcio\",\"item\":\"https:\/\/psol50.org.br\/\"},{\"@type\":\"ListItem\",\"position\":2,\"name\":\"Itaocara-RJ: o modo PSOL de Governar!\"}]},{\"@type\":\"WebSite\",\"@id\":\"https:\/\/psol50.org.br\/#website\",\"url\":\"https:\/\/psol50.org.br\/\",\"name\":\"PSOL 50\",\"description\":\"Site oficial do Partido Socialismo e Liberdade\",\"publisher\":{\"@id\":\"https:\/\/psol50.org.br\/#organization\"},\"alternateName\":\"PSOL50\",\"potentialAction\":[{\"@type\":\"SearchAction\",\"target\":{\"@type\":\"EntryPoint\",\"urlTemplate\":\"https:\/\/psol50.org.br\/?s={search_term_string}\"},\"query-input\":{\"@type\":\"PropertyValueSpecification\",\"valueRequired\":true,\"valueName\":\"search_term_string\"}}],\"inLanguage\":\"pt-BR\"},{\"@type\":\"Organization\",\"@id\":\"https:\/\/psol50.org.br\/#organization\",\"name\":\"PSOL 50\",\"alternateName\":\"PSOL 50\",\"url\":\"https:\/\/psol50.org.br\/\",\"logo\":{\"@type\":\"ImageObject\",\"inLanguage\":\"pt-BR\",\"@id\":\"https:\/\/psol50.org.br\/#\/schema\/logo\/image\/\",\"url\":\"https:\/\/psol50.org.br\/inc\/uploads\/2018\/07\/capa.png\",\"contentUrl\":\"https:\/\/psol50.org.br\/inc\/uploads\/2018\/07\/capa.png\",\"width\":1350,\"height\":900,\"caption\":\"PSOL 50\"},\"image\":{\"@id\":\"https:\/\/psol50.org.br\/#\/schema\/logo\/image\/\"},\"sameAs\":[\"https:\/\/www.facebook.com\/psol50\",\"https:\/\/x.com\/psol50\",\"https:\/\/www.instagram.com\/psol50\/\",\"https:\/\/www.youtube.com\/channel\/UC7SnJS5o1os7a6CaiNabzcg\"]},{\"@type\":\"Person\",\"@id\":\"https:\/\/psol50.org.br\/#\/schema\/person\/475dfa57d0b815993c714c2e96491fcd\",\"name\":\"Comunica\u00e7\u00e3o PSOL\",\"image\":{\"@type\":\"ImageObject\",\"inLanguage\":\"pt-BR\",\"@id\":\"https:\/\/psol50.org.br\/#\/schema\/person\/image\/\",\"url\":\"https:\/\/secure.gravatar.com\/avatar\/b34fc4f4e468a4e51785917065a3db57b841f5c95dba6ad8c73aaf8f66f8f9bf?s=96&d=mm&r=g\",\"contentUrl\":\"https:\/\/secure.gravatar.com\/avatar\/b34fc4f4e468a4e51785917065a3db57b841f5c95dba6ad8c73aaf8f66f8f9bf?s=96&d=mm&r=g\",\"caption\":\"Comunica\u00e7\u00e3o PSOL\"}}]}<\/script>\n<!-- \/ Yoast SEO plugin. -->","yoast_head_json":{"title":"Itaocara-RJ: o modo PSOL de Governar! - PSOL 50","robots":{"index":"index","follow":"follow","max-snippet":"max-snippet:-1","max-image-preview":"max-image-preview:large","max-video-preview":"max-video-preview:-1"},"canonical":"https:\/\/psol50.org.br\/itaocara-rj-o-modo-psol-de-governar\/","og_locale":"pt_BR","og_type":"article","og_title":"Itaocara-RJ: o modo PSOL de Governar! - PSOL 50","og_description":"Na primeira Assembleia Popular do Governo do Povo de Itaocara\/RJ, nosso primeiro prefeito eleito, Gelsimar Gonzaga, escolheu atrav\u00e9s do voto popular os secret\u00e1rios de Sa\u00fade e de Educa\u00e7\u00e3o e deu o tom de como vai ser o seu Governo: as primeiras a\u00e7\u00f5es s\u00e3o a cria\u00e7\u00e3o do Portal da Transpar\u00eancia, a redu\u00e7\u00e3o de sue pr\u00f3prio sal\u00e1rio, [&hellip;]","og_url":"https:\/\/psol50.org.br\/itaocara-rj-o-modo-psol-de-governar\/","og_site_name":"PSOL 50","article_publisher":"https:\/\/www.facebook.com\/psol50","article_published_time":"2012-11-10T00:00:00+00:00","og_image":[{"width":1350,"height":900,"url":"https:\/\/psol50.org.br\/inc\/uploads\/2018\/07\/capa.png","type":"image\/png"}],"author":"Comunica\u00e7\u00e3o PSOL","twitter_card":"summary_large_image","twitter_creator":"@psol50","twitter_site":"@psol50","twitter_misc":{"Escrito por":"Comunica\u00e7\u00e3o PSOL","Est. tempo de leitura":"1 minuto"},"schema":{"@context":"https:\/\/schema.org","@graph":[{"@type":"Article","@id":"https:\/\/psol50.org.br\/itaocara-rj-o-modo-psol-de-governar\/#article","isPartOf":{"@id":"https:\/\/psol50.org.br\/itaocara-rj-o-modo-psol-de-governar\/"},"author":{"name":"Comunica\u00e7\u00e3o PSOL","@id":"https:\/\/psol50.org.br\/#\/schema\/person\/475dfa57d0b815993c714c2e96491fcd"},"headline":"Itaocara-RJ: o modo PSOL de Governar!","datePublished":"2012-11-10T00:00:00+00:00","mainEntityOfPage":{"@id":"https:\/\/psol50.org.br\/itaocara-rj-o-modo-psol-de-governar\/"},"wordCount":157,"commentCount":0,"publisher":{"@id":"https:\/\/psol50.org.br\/#organization"},"keywords":["Elei\u00e7\u00f5es 2012","PSOL"],"articleSection":["Arquivo","ELEI\u00c7\u00d5ES 2012"],"inLanguage":"pt-BR","potentialAction":[{"@type":"CommentAction","name":"Comment","target":["https:\/\/psol50.org.br\/itaocara-rj-o-modo-psol-de-governar\/#respond"]}]},{"@type":"WebPage","@id":"https:\/\/psol50.org.br\/itaocara-rj-o-modo-psol-de-governar\/","url":"https:\/\/psol50.org.br\/itaocara-rj-o-modo-psol-de-governar\/","name":"Itaocara-RJ: o modo PSOL de Governar! - PSOL 50","isPartOf":{"@id":"https:\/\/psol50.org.br\/#website"},"datePublished":"2012-11-10T00:00:00+00:00","breadcrumb":{"@id":"https:\/\/psol50.org.br\/itaocara-rj-o-modo-psol-de-governar\/#breadcrumb"},"inLanguage":"pt-BR","potentialAction":[{"@type":"ReadAction","target":["https:\/\/psol50.org.br\/itaocara-rj-o-modo-psol-de-governar\/"]}]},{"@type":"BreadcrumbList","@id":"https:\/\/psol50.org.br\/itaocara-rj-o-modo-psol-de-governar\/#breadcrumb","itemListElement":[{"@type":"ListItem","position":1,"name":"In\u00edcio","item":"https:\/\/psol50.org.br\/"},{"@type":"ListItem","position":2,"name":"Itaocara-RJ: o modo PSOL de Governar!"}]},{"@type":"WebSite","@id":"https:\/\/psol50.org.br\/#website","url":"https:\/\/psol50.org.br\/","name":"PSOL 50","description":"Site oficial do Partido Socialismo e Liberdade","publisher":{"@id":"https:\/\/psol50.org.br\/#organization"},"alternateName":"PSOL50","potentialAction":[{"@type":"SearchAction","target":{"@type":"EntryPoint","urlTemplate":"https:\/\/psol50.org.br\/?s={search_term_string}"},"query-input":{"@type":"PropertyValueSpecification","valueRequired":true,"valueName":"search_term_string"}}],"inLanguage":"pt-BR"},{"@type":"Organization","@id":"https:\/\/psol50.org.br\/#organization","name":"PSOL 50","alternateName":"PSOL 50","url":"https:\/\/psol50.org.br\/","logo":{"@type":"ImageObject","inLanguage":"pt-BR","@id":"https:\/\/psol50.org.br\/#\/schema\/logo\/image\/","url":"https:\/\/psol50.org.br\/inc\/uploads\/2018\/07\/capa.png","contentUrl":"https:\/\/psol50.org.br\/inc\/uploads\/2018\/07\/capa.png","width":1350,"height":900,"caption":"PSOL 50"},"image":{"@id":"https:\/\/psol50.org.br\/#\/schema\/logo\/image\/"},"sameAs":["https:\/\/www.facebook.com\/psol50","https:\/\/x.com\/psol50","https:\/\/www.instagram.com\/psol50\/","https:\/\/www.youtube.com\/channel\/UC7SnJS5o1os7a6CaiNabzcg"]},{"@type":"Person","@id":"https:\/\/psol50.org.br\/#\/schema\/person\/475dfa57d0b815993c714c2e96491fcd","name":"Comunica\u00e7\u00e3o PSOL","image":{"@type":"ImageObject","inLanguage":"pt-BR","@id":"https:\/\/psol50.org.br\/#\/schema\/person\/image\/","url":"https:\/\/secure.gravatar.com\/avatar\/b34fc4f4e468a4e51785917065a3db57b841f5c95dba6ad8c73aaf8f66f8f9bf?s=96&d=mm&r=g","contentUrl":"https:\/\/secure.gravatar.com\/avatar\/b34fc4f4e468a4e51785917065a3db57b841f5c95dba6ad8c73aaf8f66f8f9bf?s=96&d=mm&r=g","caption":"Comunica\u00e7\u00e3o PSOL"}}]}},"_links":{"self":[{"href":"https:\/\/psol50.org.br\/rest\/wp\/v2\/posts\/286","targetHints":{"allow":["GET"]}}],"collection":[{"href":"https:\/\/psol50.org.br\/rest\/wp\/v2\/posts"}],"about":[{"href":"https:\/\/psol50.org.br\/rest\/wp\/v2\/types\/post"}],"author":[{"embeddable":true,"href":"https:\/\/psol50.org.br\/rest\/wp\/v2\/users\/2"}],"replies":[{"embeddable":true,"href":"https:\/\/psol50.org.br\/rest\/wp\/v2\/comments?post=286"}],"version-history":[{"count":0,"href":"https:\/\/psol50.org.br\/rest\/wp\/v2\/posts\/286\/revisions"}],"wp:attachment":[{"href":"https:\/\/psol50.org.br\/rest\/wp\/v2\/media?parent=286"}],"wp:term":[{"taxonomy":"category","embeddable":true,"href":"https:\/\/psol50.org.br\/rest\/wp\/v2\/categories?post=286"},{"taxonomy":"post_tag","embeddable":true,"href":"https:\/\/psol50.org.br\/rest\/wp\/v2\/tags?post=286"}],"curies":[{"name":"wp","href":"https:\/\/api.w.org\/{rel}","templated":true}]}}