{"id":28614,"date":"2020-05-04T13:24:33","date_gmt":"2020-05-04T16:24:33","guid":{"rendered":"https:\/\/psol50.org.br\/?p=28614"},"modified":"2020-05-04T13:24:33","modified_gmt":"2020-05-04T16:24:33","slug":"psol-aciona-mpf-para-acelerar-pagamento-da-renda-basica-emergencial-e-diminuir-filas-nas-agencias","status":"publish","type":"post","link":"https:\/\/psol50.org.br\/psol-aciona-mpf-para-acelerar-pagamento-da-renda-basica-emergencial-e-diminuir-filas-nas-agencias\/","title":{"rendered":"PSOL aciona MPF para acelerar pagamento da Renda B\u00e1sica emergencial e diminuir filas nas ag\u00eancias"},"content":{"rendered":"<p><a href=\"https:\/\/psol50.org.br\/coronavirus\/\" target=\"_blank\" rel=\"noopener noreferrer\"><img loading=\"lazy\" decoding=\"async\" class=\"alignnone size-full wp-image-27838\" src=\"https:\/\/psol50.org.br\/inc\/uploads\/2020\/03\/Banner-Site_3.png\" alt=\"\" width=\"1240\" height=\"331\" srcset=\"https:\/\/psol50.org.br\/inc\/uploads\/2020\/03\/Banner-Site_3.png 1240w, https:\/\/psol50.org.br\/inc\/uploads\/2020\/03\/Banner-Site_3-300x80.png 300w, https:\/\/psol50.org.br\/inc\/uploads\/2020\/03\/Banner-Site_3-1024x273.png 1024w, https:\/\/psol50.org.br\/inc\/uploads\/2020\/03\/Banner-Site_3-768x205.png 768w, https:\/\/psol50.org.br\/inc\/uploads\/2020\/03\/Banner-Site_3-150x40.png 150w, https:\/\/psol50.org.br\/inc\/uploads\/2020\/03\/Banner-Site_3-696x186.png 696w, https:\/\/psol50.org.br\/inc\/uploads\/2020\/03\/Banner-Site_3-1068x285.png 1068w\" sizes=\"auto, (max-width: 1240px) 100vw, 1240px\" \/><\/a><\/p>\n<p>A bancada do PSOL na C\u00e2mara protocolou uma <strong><a href=\"https:\/\/psol50.org.br\/inc\/uploads\/2020\/05\/Representac\u0327a\u0303o-Fila-RBE-final-1.pdf\" target=\"_blank\" rel=\"noopener noreferrer\">representa\u00e7\u00e3o na Procuradoria Federal dos Direitos do Cidad\u00e3o (PFDC)<\/a><\/strong> para que o Minist\u00e9rio P\u00fablico Federal (MPF) investigue o governo federal sobre as filas nas ag\u00eancias da Caixa e outras irregularidades para obten\u00e7\u00e3o da Renda B\u00e1sica emergencial. A a\u00e7\u00e3o do PSOL solicita ainda que o MPF determine que o governo Bolsonaro comunique e oriente a popula\u00e7\u00e3o, inclusive por meio das redes sociais, sobre todos os procedimentos para a obten\u00e7\u00e3o do benef\u00edcio para reduzir as d\u00favidas sobre o programa e, consequentemente, as aglomera\u00e7\u00f5es nas ag\u00eancias.<\/p>\n<p>&#8220;A lentid\u00e3o programada do Governo exp\u00f5e a sociedade ao risco. Em busca de solu\u00e7\u00f5es para o problema a fila se materializa em ag\u00eancias da Caixa Econ\u00f4mica Federal lotadas em todo o Brasil, colocando em risco a sa\u00fade da popula\u00e7\u00e3o brasileira&#8221;, afirma o PSOL na representa\u00e7\u00e3o. &#8220;O Governo Federal n\u00e3o pode utilizar de procedimentos burocr\u00e1ticos e subterf\u00fagios administrativos para negar o pagamento da Renda b\u00e1sica emergencial. \u00c9 a vida e a dignidade de milh\u00f5es de brasileiros e brasileiras que est\u00e3o em jogo&#8221;, continua.<\/p>\n<p>Ao mesmo tempo, o ministro da Cidadania, Onyx Lorenzoni, afirmou que as filas em ag\u00eancias da Caixa para recebimento do aux\u00edlio emergencial ocorrem em raz\u00e3o da &#8220;natureza&#8221; e &#8220;cultura&#8221; dos brasileiros, que t\u00eam dificuldade para acessar o aplicativo criado pelo governo. &#8220;Acredito que algum grau de fila nas ag\u00eancias da Caixa vai ter at\u00e9 o final do programa porque \u00e9 da natureza nossa, da pr\u00f3pria cultura&#8221;, afirmou o ministro ao se esquivar das acusa\u00e7\u00f5es.<\/p>\n<p>&#8220;Essa \u00e9 a face mais perversa do governo Bolsonaro e mostra um verdadeiro modus operandi, de forma ilegal e inconstitucional, nos entraves destinados dos recursos destinos aos mais pobres&#8221;, aponta o partido. &#8220;A popula\u00e7\u00e3o precisa, com urg\u00eancia, ter uma explica\u00e7\u00e3o sobre os entraves na obten\u00e7\u00e3o do benef\u00edcio que prejudica milh\u00f5es de brasileiros e brasileiras que precisam que suas solicita\u00e7\u00f5es sejam aprovadas para receber sua \u00fanica renda durante o per\u00edodo de pandemia&#8221;, conclui.<\/p>\n","protected":false},"excerpt":{"rendered":"<p>A bancada do PSOL na C\u00e2mara protocolou uma representa\u00e7\u00e3o na Procuradoria Federal dos Direitos do Cidad\u00e3o (PFDC) para que o Minist\u00e9rio P\u00fablico Federal (MPF) investigue o governo federal sobre as filas nas ag\u00eancias da Caixa e outras irregularidades para obten\u00e7\u00e3o da Renda B\u00e1sica emergencial. A a\u00e7\u00e3o do PSOL solicita ainda que o MPF determine que [&hellip;]<\/p>\n","protected":false},"author":2,"featured_media":28618,"comment_status":"closed","ping_status":"open","sticky":false,"template":"","format":"standard","meta":{"_acf_changed":false,"footnotes":""},"categories":[10,6],"tags":[499,501,609,76,22,366,374],"class_list":{"0":"post-28614","1":"post","2":"type-post","3":"status-publish","4":"format-standard","5":"has-post-thumbnail","7":"category-acao-parlamentares","8":"category-noticias","9":"tag-auxilio-emergencial","10":"tag-caixa","11":"tag-filas","12":"tag-mpf","13":"tag-psol","14":"tag-psolcontraocoronavirus","15":"tag-renda-basica"},"acf":[],"yoast_head":"<!-- This site is optimized with the Yoast SEO plugin v26.5 - https:\/\/yoast.com\/wordpress\/plugins\/seo\/ -->\n<title>PSOL aciona MPF para acelerar pagamento da Renda B\u00e1sica emergencial e diminuir filas nas ag\u00eancias<\/title>\n<meta name=\"description\" content=\"A a\u00e7\u00e3o solicita ainda que o MPF determine que o governo Bolsonaro oriente a popula\u00e7\u00e3o sobre todos os procedimentos para a obten\u00e7\u00e3o do benef\u00edcio.\" \/>\n<meta name=\"robots\" content=\"index, follow, max-snippet:-1, max-image-preview:large, max-video-preview:-1\" \/>\n<link rel=\"canonical\" href=\"https:\/\/psol50.org.br\/psol-aciona-mpf-para-acelerar-pagamento-da-renda-basica-emergencial-e-diminuir-filas-nas-agencias\/\" \/>\n<meta property=\"og:locale\" content=\"pt_BR\" \/>\n<meta property=\"og:type\" content=\"article\" \/>\n<meta property=\"og:title\" content=\"PSOL aciona MPF para acelerar pagamento da Renda B\u00e1sica emergencial e diminuir filas nas ag\u00eancias\" \/>\n<meta property=\"og:description\" content=\"A a\u00e7\u00e3o solicita ainda que o MPF determine que o governo Bolsonaro oriente a popula\u00e7\u00e3o sobre todos os procedimentos para a obten\u00e7\u00e3o do benef\u00edcio.\" \/>\n<meta property=\"og:url\" content=\"https:\/\/psol50.org.br\/psol-aciona-mpf-para-acelerar-pagamento-da-renda-basica-emergencial-e-diminuir-filas-nas-agencias\/\" \/>\n<meta property=\"og:site_name\" content=\"PSOL 50\" \/>\n<meta property=\"article:publisher\" content=\"https:\/\/www.facebook.com\/psol50\" \/>\n<meta property=\"article:published_time\" content=\"2020-05-04T16:24:33+00:00\" \/>\n<meta property=\"og:image\" content=\"https:\/\/psol50.org.br\/inc\/uploads\/2020\/05\/caixa-continua-registrando-grandes-filas-5ea84fe411b64.jpg\" \/>\n\t<meta property=\"og:image:width\" content=\"1150\" \/>\n\t<meta property=\"og:image:height\" content=\"767\" \/>\n\t<meta property=\"og:image:type\" content=\"image\/jpeg\" \/>\n<meta name=\"author\" content=\"Comunica\u00e7\u00e3o PSOL\" \/>\n<meta name=\"twitter:card\" content=\"summary_large_image\" \/>\n<meta name=\"twitter:title\" content=\"PSOL aciona MPF para acelerar pagamento da Renda B\u00e1sica emergencial e diminuir filas nas ag\u00eancias\" \/>\n<meta name=\"twitter:description\" content=\"A a\u00e7\u00e3o solicita ainda que o MPF determine que o governo Bolsonaro oriente a popula\u00e7\u00e3o sobre todos os procedimentos para a obten\u00e7\u00e3o do benef\u00edcio.\" \/>\n<meta name=\"twitter:image\" content=\"https:\/\/psol50.org.br\/inc\/uploads\/2020\/05\/caixa-continua-registrando-grandes-filas-5ea84fe411b64.jpg\" \/>\n<meta name=\"twitter:creator\" content=\"@psol50\" \/>\n<meta name=\"twitter:site\" content=\"@psol50\" \/>\n<meta name=\"twitter:label1\" content=\"Escrito por\" \/>\n\t<meta name=\"twitter:data1\" content=\"Comunica\u00e7\u00e3o PSOL\" \/>\n\t<meta name=\"twitter:label2\" content=\"Est. tempo de leitura\" \/>\n\t<meta name=\"twitter:data2\" content=\"2 minutos\" \/>\n<script type=\"application\/ld+json\" class=\"yoast-schema-graph\">{\"@context\":\"https:\/\/schema.org\",\"@graph\":[{\"@type\":\"Article\",\"@id\":\"https:\/\/psol50.org.br\/psol-aciona-mpf-para-acelerar-pagamento-da-renda-basica-emergencial-e-diminuir-filas-nas-agencias\/#article\",\"isPartOf\":{\"@id\":\"https:\/\/psol50.org.br\/psol-aciona-mpf-para-acelerar-pagamento-da-renda-basica-emergencial-e-diminuir-filas-nas-agencias\/\"},\"author\":{\"name\":\"Comunica\u00e7\u00e3o PSOL\",\"@id\":\"https:\/\/psol50.org.br\/#\/schema\/person\/475dfa57d0b815993c714c2e96491fcd\"},\"headline\":\"PSOL aciona MPF para acelerar pagamento da Renda B\u00e1sica emergencial e diminuir filas nas ag\u00eancias\",\"datePublished\":\"2020-05-04T16:24:33+00:00\",\"mainEntityOfPage\":{\"@id\":\"https:\/\/psol50.org.br\/psol-aciona-mpf-para-acelerar-pagamento-da-renda-basica-emergencial-e-diminuir-filas-nas-agencias\/\"},\"wordCount\":377,\"publisher\":{\"@id\":\"https:\/\/psol50.org.br\/#organization\"},\"image\":{\"@id\":\"https:\/\/psol50.org.br\/psol-aciona-mpf-para-acelerar-pagamento-da-renda-basica-emergencial-e-diminuir-filas-nas-agencias\/#primaryimage\"},\"thumbnailUrl\":\"https:\/\/psol50.org.br\/inc\/uploads\/2020\/05\/caixa-continua-registrando-grandes-filas-5ea84fe411b64.jpg\",\"keywords\":[\"aux\u00edlio emergencial\",\"caixa\",\"filas\",\"MPF\",\"PSOL\",\"psolcontraocoronavirus\",\"renda b\u00e1sica\"],\"articleSection\":[\"A\u00e7\u00e3o Parlamentar\",\"Not\u00edcias\"],\"inLanguage\":\"pt-BR\"},{\"@type\":\"WebPage\",\"@id\":\"https:\/\/psol50.org.br\/psol-aciona-mpf-para-acelerar-pagamento-da-renda-basica-emergencial-e-diminuir-filas-nas-agencias\/\",\"url\":\"https:\/\/psol50.org.br\/psol-aciona-mpf-para-acelerar-pagamento-da-renda-basica-emergencial-e-diminuir-filas-nas-agencias\/\",\"name\":\"PSOL aciona MPF para acelerar pagamento da Renda B\u00e1sica emergencial e diminuir filas nas ag\u00eancias\",\"isPartOf\":{\"@id\":\"https:\/\/psol50.org.br\/#website\"},\"primaryImageOfPage\":{\"@id\":\"https:\/\/psol50.org.br\/psol-aciona-mpf-para-acelerar-pagamento-da-renda-basica-emergencial-e-diminuir-filas-nas-agencias\/#primaryimage\"},\"image\":{\"@id\":\"https:\/\/psol50.org.br\/psol-aciona-mpf-para-acelerar-pagamento-da-renda-basica-emergencial-e-diminuir-filas-nas-agencias\/#primaryimage\"},\"thumbnailUrl\":\"https:\/\/psol50.org.br\/inc\/uploads\/2020\/05\/caixa-continua-registrando-grandes-filas-5ea84fe411b64.jpg\",\"datePublished\":\"2020-05-04T16:24:33+00:00\",\"description\":\"A a\u00e7\u00e3o solicita ainda que o MPF determine que o governo Bolsonaro oriente a popula\u00e7\u00e3o sobre todos os procedimentos para a obten\u00e7\u00e3o do benef\u00edcio.\",\"breadcrumb\":{\"@id\":\"https:\/\/psol50.org.br\/psol-aciona-mpf-para-acelerar-pagamento-da-renda-basica-emergencial-e-diminuir-filas-nas-agencias\/#breadcrumb\"},\"inLanguage\":\"pt-BR\",\"potentialAction\":[{\"@type\":\"ReadAction\",\"target\":[\"https:\/\/psol50.org.br\/psol-aciona-mpf-para-acelerar-pagamento-da-renda-basica-emergencial-e-diminuir-filas-nas-agencias\/\"]}]},{\"@type\":\"ImageObject\",\"inLanguage\":\"pt-BR\",\"@id\":\"https:\/\/psol50.org.br\/psol-aciona-mpf-para-acelerar-pagamento-da-renda-basica-emergencial-e-diminuir-filas-nas-agencias\/#primaryimage\",\"url\":\"https:\/\/psol50.org.br\/inc\/uploads\/2020\/05\/caixa-continua-registrando-grandes-filas-5ea84fe411b64.jpg\",\"contentUrl\":\"https:\/\/psol50.org.br\/inc\/uploads\/2020\/05\/caixa-continua-registrando-grandes-filas-5ea84fe411b64.jpg\",\"width\":1150,\"height\":767},{\"@type\":\"BreadcrumbList\",\"@id\":\"https:\/\/psol50.org.br\/psol-aciona-mpf-para-acelerar-pagamento-da-renda-basica-emergencial-e-diminuir-filas-nas-agencias\/#breadcrumb\",\"itemListElement\":[{\"@type\":\"ListItem\",\"position\":1,\"name\":\"In\u00edcio\",\"item\":\"https:\/\/psol50.org.br\/\"},{\"@type\":\"ListItem\",\"position\":2,\"name\":\"PSOL aciona MPF para acelerar pagamento da Renda B\u00e1sica emergencial e diminuir filas nas ag\u00eancias\"}]},{\"@type\":\"WebSite\",\"@id\":\"https:\/\/psol50.org.br\/#website\",\"url\":\"https:\/\/psol50.org.br\/\",\"name\":\"PSOL 50\",\"description\":\"Site oficial do Partido Socialismo e Liberdade\",\"publisher\":{\"@id\":\"https:\/\/psol50.org.br\/#organization\"},\"alternateName\":\"PSOL50\",\"potentialAction\":[{\"@type\":\"SearchAction\",\"target\":{\"@type\":\"EntryPoint\",\"urlTemplate\":\"https:\/\/psol50.org.br\/?s={search_term_string}\"},\"query-input\":{\"@type\":\"PropertyValueSpecification\",\"valueRequired\":true,\"valueName\":\"search_term_string\"}}],\"inLanguage\":\"pt-BR\"},{\"@type\":\"Organization\",\"@id\":\"https:\/\/psol50.org.br\/#organization\",\"name\":\"PSOL 50\",\"alternateName\":\"PSOL 50\",\"url\":\"https:\/\/psol50.org.br\/\",\"logo\":{\"@type\":\"ImageObject\",\"inLanguage\":\"pt-BR\",\"@id\":\"https:\/\/psol50.org.br\/#\/schema\/logo\/image\/\",\"url\":\"https:\/\/psol50.org.br\/inc\/uploads\/2018\/07\/capa.png\",\"contentUrl\":\"https:\/\/psol50.org.br\/inc\/uploads\/2018\/07\/capa.png\",\"width\":1350,\"height\":900,\"caption\":\"PSOL 50\"},\"image\":{\"@id\":\"https:\/\/psol50.org.br\/#\/schema\/logo\/image\/\"},\"sameAs\":[\"https:\/\/www.facebook.com\/psol50\",\"https:\/\/x.com\/psol50\",\"https:\/\/www.instagram.com\/psol50\/\",\"https:\/\/www.youtube.com\/channel\/UC7SnJS5o1os7a6CaiNabzcg\"]},{\"@type\":\"Person\",\"@id\":\"https:\/\/psol50.org.br\/#\/schema\/person\/475dfa57d0b815993c714c2e96491fcd\",\"name\":\"Comunica\u00e7\u00e3o PSOL\",\"image\":{\"@type\":\"ImageObject\",\"inLanguage\":\"pt-BR\",\"@id\":\"https:\/\/psol50.org.br\/#\/schema\/person\/image\/\",\"url\":\"https:\/\/secure.gravatar.com\/avatar\/b34fc4f4e468a4e51785917065a3db57b841f5c95dba6ad8c73aaf8f66f8f9bf?s=96&d=mm&r=g\",\"contentUrl\":\"https:\/\/secure.gravatar.com\/avatar\/b34fc4f4e468a4e51785917065a3db57b841f5c95dba6ad8c73aaf8f66f8f9bf?s=96&d=mm&r=g\",\"caption\":\"Comunica\u00e7\u00e3o PSOL\"}}]}<\/script>\n<!-- \/ Yoast SEO plugin. -->","yoast_head_json":{"title":"PSOL aciona MPF para acelerar pagamento da Renda B\u00e1sica emergencial e diminuir filas nas ag\u00eancias","description":"A a\u00e7\u00e3o solicita ainda que o MPF determine que o governo Bolsonaro oriente a popula\u00e7\u00e3o sobre todos os procedimentos para a obten\u00e7\u00e3o do benef\u00edcio.","robots":{"index":"index","follow":"follow","max-snippet":"max-snippet:-1","max-image-preview":"max-image-preview:large","max-video-preview":"max-video-preview:-1"},"canonical":"https:\/\/psol50.org.br\/psol-aciona-mpf-para-acelerar-pagamento-da-renda-basica-emergencial-e-diminuir-filas-nas-agencias\/","og_locale":"pt_BR","og_type":"article","og_title":"PSOL aciona MPF para acelerar pagamento da Renda B\u00e1sica emergencial e diminuir filas nas ag\u00eancias","og_description":"A a\u00e7\u00e3o solicita ainda que o MPF determine que o governo Bolsonaro oriente a popula\u00e7\u00e3o sobre todos os procedimentos para a obten\u00e7\u00e3o do benef\u00edcio.","og_url":"https:\/\/psol50.org.br\/psol-aciona-mpf-para-acelerar-pagamento-da-renda-basica-emergencial-e-diminuir-filas-nas-agencias\/","og_site_name":"PSOL 50","article_publisher":"https:\/\/www.facebook.com\/psol50","article_published_time":"2020-05-04T16:24:33+00:00","og_image":[{"width":1150,"height":767,"url":"https:\/\/psol50.org.br\/inc\/uploads\/2020\/05\/caixa-continua-registrando-grandes-filas-5ea84fe411b64.jpg","type":"image\/jpeg"}],"author":"Comunica\u00e7\u00e3o PSOL","twitter_card":"summary_large_image","twitter_title":"PSOL aciona MPF para acelerar pagamento da Renda B\u00e1sica emergencial e diminuir filas nas ag\u00eancias","twitter_description":"A a\u00e7\u00e3o solicita ainda que o MPF determine que o governo Bolsonaro oriente a popula\u00e7\u00e3o sobre todos os procedimentos para a obten\u00e7\u00e3o do benef\u00edcio.","twitter_image":"https:\/\/psol50.org.br\/inc\/uploads\/2020\/05\/caixa-continua-registrando-grandes-filas-5ea84fe411b64.jpg","twitter_creator":"@psol50","twitter_site":"@psol50","twitter_misc":{"Escrito por":"Comunica\u00e7\u00e3o PSOL","Est. tempo de leitura":"2 minutos"},"schema":{"@context":"https:\/\/schema.org","@graph":[{"@type":"Article","@id":"https:\/\/psol50.org.br\/psol-aciona-mpf-para-acelerar-pagamento-da-renda-basica-emergencial-e-diminuir-filas-nas-agencias\/#article","isPartOf":{"@id":"https:\/\/psol50.org.br\/psol-aciona-mpf-para-acelerar-pagamento-da-renda-basica-emergencial-e-diminuir-filas-nas-agencias\/"},"author":{"name":"Comunica\u00e7\u00e3o PSOL","@id":"https:\/\/psol50.org.br\/#\/schema\/person\/475dfa57d0b815993c714c2e96491fcd"},"headline":"PSOL aciona MPF para acelerar pagamento da Renda B\u00e1sica emergencial e diminuir filas nas ag\u00eancias","datePublished":"2020-05-04T16:24:33+00:00","mainEntityOfPage":{"@id":"https:\/\/psol50.org.br\/psol-aciona-mpf-para-acelerar-pagamento-da-renda-basica-emergencial-e-diminuir-filas-nas-agencias\/"},"wordCount":377,"publisher":{"@id":"https:\/\/psol50.org.br\/#organization"},"image":{"@id":"https:\/\/psol50.org.br\/psol-aciona-mpf-para-acelerar-pagamento-da-renda-basica-emergencial-e-diminuir-filas-nas-agencias\/#primaryimage"},"thumbnailUrl":"https:\/\/psol50.org.br\/inc\/uploads\/2020\/05\/caixa-continua-registrando-grandes-filas-5ea84fe411b64.jpg","keywords":["aux\u00edlio emergencial","caixa","filas","MPF","PSOL","psolcontraocoronavirus","renda b\u00e1sica"],"articleSection":["A\u00e7\u00e3o Parlamentar","Not\u00edcias"],"inLanguage":"pt-BR"},{"@type":"WebPage","@id":"https:\/\/psol50.org.br\/psol-aciona-mpf-para-acelerar-pagamento-da-renda-basica-emergencial-e-diminuir-filas-nas-agencias\/","url":"https:\/\/psol50.org.br\/psol-aciona-mpf-para-acelerar-pagamento-da-renda-basica-emergencial-e-diminuir-filas-nas-agencias\/","name":"PSOL aciona MPF para acelerar pagamento da Renda B\u00e1sica emergencial e diminuir filas nas ag\u00eancias","isPartOf":{"@id":"https:\/\/psol50.org.br\/#website"},"primaryImageOfPage":{"@id":"https:\/\/psol50.org.br\/psol-aciona-mpf-para-acelerar-pagamento-da-renda-basica-emergencial-e-diminuir-filas-nas-agencias\/#primaryimage"},"image":{"@id":"https:\/\/psol50.org.br\/psol-aciona-mpf-para-acelerar-pagamento-da-renda-basica-emergencial-e-diminuir-filas-nas-agencias\/#primaryimage"},"thumbnailUrl":"https:\/\/psol50.org.br\/inc\/uploads\/2020\/05\/caixa-continua-registrando-grandes-filas-5ea84fe411b64.jpg","datePublished":"2020-05-04T16:24:33+00:00","description":"A a\u00e7\u00e3o solicita ainda que o MPF determine que o governo Bolsonaro oriente a popula\u00e7\u00e3o sobre todos os procedimentos para a obten\u00e7\u00e3o do benef\u00edcio.","breadcrumb":{"@id":"https:\/\/psol50.org.br\/psol-aciona-mpf-para-acelerar-pagamento-da-renda-basica-emergencial-e-diminuir-filas-nas-agencias\/#breadcrumb"},"inLanguage":"pt-BR","potentialAction":[{"@type":"ReadAction","target":["https:\/\/psol50.org.br\/psol-aciona-mpf-para-acelerar-pagamento-da-renda-basica-emergencial-e-diminuir-filas-nas-agencias\/"]}]},{"@type":"ImageObject","inLanguage":"pt-BR","@id":"https:\/\/psol50.org.br\/psol-aciona-mpf-para-acelerar-pagamento-da-renda-basica-emergencial-e-diminuir-filas-nas-agencias\/#primaryimage","url":"https:\/\/psol50.org.br\/inc\/uploads\/2020\/05\/caixa-continua-registrando-grandes-filas-5ea84fe411b64.jpg","contentUrl":"https:\/\/psol50.org.br\/inc\/uploads\/2020\/05\/caixa-continua-registrando-grandes-filas-5ea84fe411b64.jpg","width":1150,"height":767},{"@type":"BreadcrumbList","@id":"https:\/\/psol50.org.br\/psol-aciona-mpf-para-acelerar-pagamento-da-renda-basica-emergencial-e-diminuir-filas-nas-agencias\/#breadcrumb","itemListElement":[{"@type":"ListItem","position":1,"name":"In\u00edcio","item":"https:\/\/psol50.org.br\/"},{"@type":"ListItem","position":2,"name":"PSOL aciona MPF para acelerar pagamento da Renda B\u00e1sica emergencial e diminuir filas nas ag\u00eancias"}]},{"@type":"WebSite","@id":"https:\/\/psol50.org.br\/#website","url":"https:\/\/psol50.org.br\/","name":"PSOL 50","description":"Site oficial do Partido Socialismo e Liberdade","publisher":{"@id":"https:\/\/psol50.org.br\/#organization"},"alternateName":"PSOL50","potentialAction":[{"@type":"SearchAction","target":{"@type":"EntryPoint","urlTemplate":"https:\/\/psol50.org.br\/?s={search_term_string}"},"query-input":{"@type":"PropertyValueSpecification","valueRequired":true,"valueName":"search_term_string"}}],"inLanguage":"pt-BR"},{"@type":"Organization","@id":"https:\/\/psol50.org.br\/#organization","name":"PSOL 50","alternateName":"PSOL 50","url":"https:\/\/psol50.org.br\/","logo":{"@type":"ImageObject","inLanguage":"pt-BR","@id":"https:\/\/psol50.org.br\/#\/schema\/logo\/image\/","url":"https:\/\/psol50.org.br\/inc\/uploads\/2018\/07\/capa.png","contentUrl":"https:\/\/psol50.org.br\/inc\/uploads\/2018\/07\/capa.png","width":1350,"height":900,"caption":"PSOL 50"},"image":{"@id":"https:\/\/psol50.org.br\/#\/schema\/logo\/image\/"},"sameAs":["https:\/\/www.facebook.com\/psol50","https:\/\/x.com\/psol50","https:\/\/www.instagram.com\/psol50\/","https:\/\/www.youtube.com\/channel\/UC7SnJS5o1os7a6CaiNabzcg"]},{"@type":"Person","@id":"https:\/\/psol50.org.br\/#\/schema\/person\/475dfa57d0b815993c714c2e96491fcd","name":"Comunica\u00e7\u00e3o PSOL","image":{"@type":"ImageObject","inLanguage":"pt-BR","@id":"https:\/\/psol50.org.br\/#\/schema\/person\/image\/","url":"https:\/\/secure.gravatar.com\/avatar\/b34fc4f4e468a4e51785917065a3db57b841f5c95dba6ad8c73aaf8f66f8f9bf?s=96&d=mm&r=g","contentUrl":"https:\/\/secure.gravatar.com\/avatar\/b34fc4f4e468a4e51785917065a3db57b841f5c95dba6ad8c73aaf8f66f8f9bf?s=96&d=mm&r=g","caption":"Comunica\u00e7\u00e3o PSOL"}}]}},"_links":{"self":[{"href":"https:\/\/psol50.org.br\/rest\/wp\/v2\/posts\/28614","targetHints":{"allow":["GET"]}}],"collection":[{"href":"https:\/\/psol50.org.br\/rest\/wp\/v2\/posts"}],"about":[{"href":"https:\/\/psol50.org.br\/rest\/wp\/v2\/types\/post"}],"author":[{"embeddable":true,"href":"https:\/\/psol50.org.br\/rest\/wp\/v2\/users\/2"}],"replies":[{"embeddable":true,"href":"https:\/\/psol50.org.br\/rest\/wp\/v2\/comments?post=28614"}],"version-history":[{"count":0,"href":"https:\/\/psol50.org.br\/rest\/wp\/v2\/posts\/28614\/revisions"}],"wp:featuredmedia":[{"embeddable":true,"href":"https:\/\/psol50.org.br\/rest\/wp\/v2\/media\/28618"}],"wp:attachment":[{"href":"https:\/\/psol50.org.br\/rest\/wp\/v2\/media?parent=28614"}],"wp:term":[{"taxonomy":"category","embeddable":true,"href":"https:\/\/psol50.org.br\/rest\/wp\/v2\/categories?post=28614"},{"taxonomy":"post_tag","embeddable":true,"href":"https:\/\/psol50.org.br\/rest\/wp\/v2\/tags?post=28614"}],"curies":[{"name":"wp","href":"https:\/\/api.w.org\/{rel}","templated":true}]}}