{"id":28626,"date":"2020-05-04T16:28:26","date_gmt":"2020-05-04T19:28:26","guid":{"rendered":"https:\/\/psol50.org.br\/?p=28626"},"modified":"2020-05-04T16:28:26","modified_gmt":"2020-05-04T19:28:26","slug":"psol-cobra-relatorios-de-redes-sociais-do-planalto-apos-bolsonaro-tentar-impor-sigilo","status":"publish","type":"post","link":"https:\/\/psol50.org.br\/psol-cobra-relatorios-de-redes-sociais-do-planalto-apos-bolsonaro-tentar-impor-sigilo\/","title":{"rendered":"PSOL cobra relat\u00f3rios de redes sociais do Planalto ap\u00f3s Bolsonaro tentar impor sigilo"},"content":{"rendered":"<p><a href=\"https:\/\/psol50.org.br\/coronavirus\/\" target=\"_blank\" rel=\"noopener noreferrer\"><img loading=\"lazy\" decoding=\"async\" class=\"alignnone size-full wp-image-27838\" src=\"https:\/\/psol50.org.br\/inc\/uploads\/2020\/03\/Banner-Site_3.png\" alt=\"\" width=\"1240\" height=\"331\" srcset=\"https:\/\/psol50.org.br\/inc\/uploads\/2020\/03\/Banner-Site_3.png 1240w, https:\/\/psol50.org.br\/inc\/uploads\/2020\/03\/Banner-Site_3-300x80.png 300w, https:\/\/psol50.org.br\/inc\/uploads\/2020\/03\/Banner-Site_3-1024x273.png 1024w, https:\/\/psol50.org.br\/inc\/uploads\/2020\/03\/Banner-Site_3-768x205.png 768w, https:\/\/psol50.org.br\/inc\/uploads\/2020\/03\/Banner-Site_3-150x40.png 150w, https:\/\/psol50.org.br\/inc\/uploads\/2020\/03\/Banner-Site_3-696x186.png 696w, https:\/\/psol50.org.br\/inc\/uploads\/2020\/03\/Banner-Site_3-1068x285.png 1068w\" sizes=\"auto, (max-width: 1240px) 100vw, 1240px\" \/><\/a><\/p>\n<p>O PSOL, atrav\u00e9s do deputado federal Ivan Valente, solicitou explica\u00e7\u00f5es da Secretaria de Comunica\u00e7\u00e3o da Presid\u00eancia da Rep\u00fablica (Secom) \u00a0sobre os relat\u00f3rios de monitoramento de redes sociais realizadas pelo governo Jair Bolsonaro. Quatro requerimentos de convoca\u00e7\u00e3o foram protocolados na CPMI das Fake News para ouvir servidores respons\u00e1veis pela gest\u00e3o do servi\u00e7o junto \u00e0 ag\u00eancia de publicidade Isobar, que faz este monitoramento. Os requerimentos tamb\u00e9m s\u00e3o assinados pela relatora da comiss\u00e3o, a deputada L\u00eddice da Mata (PSB-BA).<\/p>\n<p>Na \u00faltima semana, o governo se negou a entregar os relat\u00f3rios \u00e0 C\u00e2mara dos Deputados, citando decis\u00e3o da Controladoria-Geral da Uni\u00e3o que deu aval para a falta de publicidade dos documentos.\u00a0O entendimento, contudo, contraria parecer t\u00e9cnico do pr\u00f3prio \u00f3rg\u00e3o, que opinou pela libera\u00e7\u00e3o dos relat\u00f3rios.<\/p>\n<p>A CPMI quer ouvir quatro servidores da Secom: Michelle Catyana Mota Lira, Francisco Eleazar Pinilla Villegas, M\u00e1rcia Maria Pachaly e Rodrigo Fayad de Albuquerque Rosa, atual subsecret\u00e1rio de articula\u00e7\u00e3o da Secom. Os quatro eram gestores e sub-gestores do servi\u00e7o de monitoramento realizado junto \u00e0 Isobar. A convoca\u00e7\u00e3o dever\u00e1 ser votada e aprovada pelos demais membros da comiss\u00e3o.<\/p>\n<p>\u201cA resist\u00eancia do governo federal em dar publicidade aos relat\u00f3rios e documentos torna imprescind\u00edvel a apura\u00e7\u00e3o do seu conte\u00fado, tendo em vista as investiga\u00e7\u00f5es conduzidas por esta CPMI, que apontam para a exist\u00eancia de uma mil\u00edcia digital com o objetivo de destruir reputa\u00e7\u00f5es sob o comando de um Gabinete do \u00d3dio que estaria instalado no Pal\u00e1cio do Planalto\u201d, afirmam os deputados.<\/p>\n<p>O governo federal realiza monitoramento de quatro redes sociais: Twitter, Facebook, Instagram e Youtube. Os relat\u00f3rios s\u00e3o produzidos, de acordo com a Secom, para identificar a \u2018repercuss\u00e3o, reputa\u00e7\u00e3o, evolu\u00e7\u00e3o do sentimento, principais influenciadores e demais informa\u00e7\u00f5es estrat\u00e9gicas para tomadas de decis\u00f5es do governo\u2019, segundo\u00a0consta em ordens de servi\u00e7o da pasta \u00e0 ag\u00eancia Isobar.<\/p>\n<p>Entre os argumentos da Secom para n\u00e3o liberar os relat\u00f3rios est\u00e1 o de que \u2018n\u00e3o se vislumbra interesse p\u00fablico\u2019 nos relat\u00f3rios de monitoramento de redes sociais do governo. Somente no primeiro ano da gest\u00e3o Bolsonaro, a pasta gastou R$ 2,7 milh\u00f5es com o servi\u00e7o, em especial durante os primeiros meses de 2019,\u00a0quando acompanhou o &#8220;humor&#8221; dos internautas em rela\u00e7\u00e3o \u00e0 Reforma da Previd\u00eancia.<\/p>\n<p><em><a href=\"https:\/\/politica.estadao.com.br\/blogs\/fausto-macedo\/cpmi-das-fake-news-quer-explicacoes-da-secom-sobre-relatorios-de-redes-sociais-do-planalto\/\" target=\"_blank\" rel=\"noopener noreferrer\">Com informa\u00e7\u00f5es do Estad\u00e3o<\/a><\/em><\/p>\n","protected":false},"excerpt":{"rendered":"<p>O PSOL, atrav\u00e9s do deputado federal Ivan Valente, solicitou explica\u00e7\u00f5es da Secretaria de Comunica\u00e7\u00e3o da Presid\u00eancia da Rep\u00fablica (Secom) \u00a0sobre os relat\u00f3rios de monitoramento de redes sociais realizadas pelo governo Jair Bolsonaro. Quatro requerimentos de convoca\u00e7\u00e3o foram protocolados na CPMI das Fake News para ouvir servidores respons\u00e1veis pela gest\u00e3o do servi\u00e7o junto \u00e0 ag\u00eancia de [&hellip;]<\/p>\n","protected":false},"author":2,"featured_media":26773,"comment_status":"closed","ping_status":"open","sticky":false,"template":"","format":"standard","meta":{"_acf_changed":false,"footnotes":""},"categories":[10,6],"tags":[56,280,612,613,22,413,614],"class_list":{"0":"post-28626","1":"post","2":"type-post","3":"status-publish","4":"format-standard","5":"has-post-thumbnail","7":"category-acao-parlamentares","8":"category-noticias","9":"tag-bolsonaro","10":"tag-cpmi-das-fake-news","11":"tag-isobar","12":"tag-monitoramento","13":"tag-psol","14":"tag-redes-sociais","15":"tag-relatorios"},"acf":[],"yoast_head":"<!-- This site is optimized with the Yoast SEO plugin v26.5 - https:\/\/yoast.com\/wordpress\/plugins\/seo\/ -->\n<title>PSOL cobra relat\u00f3rios de redes sociais do Planalto ap\u00f3s Bolsonaro tentar impor sigilo<\/title>\n<meta name=\"description\" content=\"Somente no primeiro ano da gest\u00e3o Bolsonaro, a Secom gastou R$ 2,7 milh\u00f5es com o servi\u00e7o de monitoramento das redes sociais.\" \/>\n<meta name=\"robots\" content=\"index, follow, max-snippet:-1, max-image-preview:large, max-video-preview:-1\" \/>\n<link rel=\"canonical\" href=\"https:\/\/psol50.org.br\/psol-cobra-relatorios-de-redes-sociais-do-planalto-apos-bolsonaro-tentar-impor-sigilo\/\" \/>\n<meta property=\"og:locale\" content=\"pt_BR\" \/>\n<meta property=\"og:type\" content=\"article\" \/>\n<meta property=\"og:title\" content=\"PSOL cobra relat\u00f3rios de redes sociais do Planalto ap\u00f3s Bolsonaro tentar impor sigilo\" \/>\n<meta property=\"og:description\" content=\"Somente no primeiro ano da gest\u00e3o Bolsonaro, a Secom gastou R$ 2,7 milh\u00f5es com o servi\u00e7o de monitoramento das redes sociais.\" \/>\n<meta property=\"og:url\" content=\"https:\/\/psol50.org.br\/psol-cobra-relatorios-de-redes-sociais-do-planalto-apos-bolsonaro-tentar-impor-sigilo\/\" \/>\n<meta property=\"og:site_name\" content=\"PSOL 50\" \/>\n<meta property=\"article:publisher\" content=\"https:\/\/www.facebook.com\/psol50\" \/>\n<meta property=\"article:published_time\" content=\"2020-05-04T19:28:26+00:00\" \/>\n<meta property=\"og:image\" content=\"https:\/\/psol50.org.br\/inc\/uploads\/2019\/10\/Bolsonaro-vendo-o-Celular-640x403-1.jpg\" \/>\n\t<meta property=\"og:image:width\" content=\"640\" \/>\n\t<meta property=\"og:image:height\" content=\"403\" \/>\n\t<meta property=\"og:image:type\" content=\"image\/jpeg\" \/>\n<meta name=\"author\" content=\"Comunica\u00e7\u00e3o PSOL\" \/>\n<meta name=\"twitter:card\" content=\"summary_large_image\" \/>\n<meta name=\"twitter:title\" content=\"PSOL cobra relat\u00f3rios de redes sociais do Planalto ap\u00f3s Bolsonaro tentar impor sigilo\" \/>\n<meta name=\"twitter:description\" content=\"Somente no primeiro ano da gest\u00e3o Bolsonaro, a Secom gastou R$ 2,7 milh\u00f5es com o servi\u00e7o de monitoramento das redes sociais.\" \/>\n<meta name=\"twitter:image\" content=\"https:\/\/psol50.org.br\/inc\/uploads\/2019\/10\/Bolsonaro-vendo-o-Celular-640x403-1.jpg\" \/>\n<meta name=\"twitter:creator\" content=\"@psol50\" \/>\n<meta name=\"twitter:site\" content=\"@psol50\" \/>\n<meta name=\"twitter:label1\" content=\"Escrito por\" \/>\n\t<meta name=\"twitter:data1\" content=\"Comunica\u00e7\u00e3o PSOL\" \/>\n\t<meta name=\"twitter:label2\" content=\"Est. tempo de leitura\" \/>\n\t<meta name=\"twitter:data2\" content=\"2 minutos\" \/>\n<script type=\"application\/ld+json\" class=\"yoast-schema-graph\">{\"@context\":\"https:\/\/schema.org\",\"@graph\":[{\"@type\":\"Article\",\"@id\":\"https:\/\/psol50.org.br\/psol-cobra-relatorios-de-redes-sociais-do-planalto-apos-bolsonaro-tentar-impor-sigilo\/#article\",\"isPartOf\":{\"@id\":\"https:\/\/psol50.org.br\/psol-cobra-relatorios-de-redes-sociais-do-planalto-apos-bolsonaro-tentar-impor-sigilo\/\"},\"author\":{\"name\":\"Comunica\u00e7\u00e3o PSOL\",\"@id\":\"https:\/\/psol50.org.br\/#\/schema\/person\/475dfa57d0b815993c714c2e96491fcd\"},\"headline\":\"PSOL cobra relat\u00f3rios de redes sociais do Planalto ap\u00f3s Bolsonaro tentar impor sigilo\",\"datePublished\":\"2020-05-04T19:28:26+00:00\",\"mainEntityOfPage\":{\"@id\":\"https:\/\/psol50.org.br\/psol-cobra-relatorios-de-redes-sociais-do-planalto-apos-bolsonaro-tentar-impor-sigilo\/\"},\"wordCount\":432,\"publisher\":{\"@id\":\"https:\/\/psol50.org.br\/#organization\"},\"image\":{\"@id\":\"https:\/\/psol50.org.br\/psol-cobra-relatorios-de-redes-sociais-do-planalto-apos-bolsonaro-tentar-impor-sigilo\/#primaryimage\"},\"thumbnailUrl\":\"https:\/\/psol50.org.br\/inc\/uploads\/2019\/10\/Bolsonaro-vendo-o-Celular-640x403-1.jpg\",\"keywords\":[\"Bolsonaro\",\"CPMI das Fake News\",\"isobar\",\"monitoramento\",\"PSOL\",\"redes sociais\",\"relat\u00f3rios\"],\"articleSection\":[\"A\u00e7\u00e3o Parlamentar\",\"Not\u00edcias\"],\"inLanguage\":\"pt-BR\"},{\"@type\":\"WebPage\",\"@id\":\"https:\/\/psol50.org.br\/psol-cobra-relatorios-de-redes-sociais-do-planalto-apos-bolsonaro-tentar-impor-sigilo\/\",\"url\":\"https:\/\/psol50.org.br\/psol-cobra-relatorios-de-redes-sociais-do-planalto-apos-bolsonaro-tentar-impor-sigilo\/\",\"name\":\"PSOL cobra relat\u00f3rios de redes sociais do Planalto ap\u00f3s Bolsonaro tentar impor sigilo\",\"isPartOf\":{\"@id\":\"https:\/\/psol50.org.br\/#website\"},\"primaryImageOfPage\":{\"@id\":\"https:\/\/psol50.org.br\/psol-cobra-relatorios-de-redes-sociais-do-planalto-apos-bolsonaro-tentar-impor-sigilo\/#primaryimage\"},\"image\":{\"@id\":\"https:\/\/psol50.org.br\/psol-cobra-relatorios-de-redes-sociais-do-planalto-apos-bolsonaro-tentar-impor-sigilo\/#primaryimage\"},\"thumbnailUrl\":\"https:\/\/psol50.org.br\/inc\/uploads\/2019\/10\/Bolsonaro-vendo-o-Celular-640x403-1.jpg\",\"datePublished\":\"2020-05-04T19:28:26+00:00\",\"description\":\"Somente no primeiro ano da gest\u00e3o Bolsonaro, a Secom gastou R$ 2,7 milh\u00f5es com o servi\u00e7o de monitoramento das redes sociais.\",\"breadcrumb\":{\"@id\":\"https:\/\/psol50.org.br\/psol-cobra-relatorios-de-redes-sociais-do-planalto-apos-bolsonaro-tentar-impor-sigilo\/#breadcrumb\"},\"inLanguage\":\"pt-BR\",\"potentialAction\":[{\"@type\":\"ReadAction\",\"target\":[\"https:\/\/psol50.org.br\/psol-cobra-relatorios-de-redes-sociais-do-planalto-apos-bolsonaro-tentar-impor-sigilo\/\"]}]},{\"@type\":\"ImageObject\",\"inLanguage\":\"pt-BR\",\"@id\":\"https:\/\/psol50.org.br\/psol-cobra-relatorios-de-redes-sociais-do-planalto-apos-bolsonaro-tentar-impor-sigilo\/#primaryimage\",\"url\":\"https:\/\/psol50.org.br\/inc\/uploads\/2019\/10\/Bolsonaro-vendo-o-Celular-640x403-1.jpg\",\"contentUrl\":\"https:\/\/psol50.org.br\/inc\/uploads\/2019\/10\/Bolsonaro-vendo-o-Celular-640x403-1.jpg\",\"width\":640,\"height\":403,\"caption\":\"Foto: Jorge William\"},{\"@type\":\"BreadcrumbList\",\"@id\":\"https:\/\/psol50.org.br\/psol-cobra-relatorios-de-redes-sociais-do-planalto-apos-bolsonaro-tentar-impor-sigilo\/#breadcrumb\",\"itemListElement\":[{\"@type\":\"ListItem\",\"position\":1,\"name\":\"In\u00edcio\",\"item\":\"https:\/\/psol50.org.br\/\"},{\"@type\":\"ListItem\",\"position\":2,\"name\":\"PSOL cobra relat\u00f3rios de redes sociais do Planalto ap\u00f3s Bolsonaro tentar impor sigilo\"}]},{\"@type\":\"WebSite\",\"@id\":\"https:\/\/psol50.org.br\/#website\",\"url\":\"https:\/\/psol50.org.br\/\",\"name\":\"PSOL 50\",\"description\":\"Site oficial do Partido Socialismo e Liberdade\",\"publisher\":{\"@id\":\"https:\/\/psol50.org.br\/#organization\"},\"alternateName\":\"PSOL50\",\"potentialAction\":[{\"@type\":\"SearchAction\",\"target\":{\"@type\":\"EntryPoint\",\"urlTemplate\":\"https:\/\/psol50.org.br\/?s={search_term_string}\"},\"query-input\":{\"@type\":\"PropertyValueSpecification\",\"valueRequired\":true,\"valueName\":\"search_term_string\"}}],\"inLanguage\":\"pt-BR\"},{\"@type\":\"Organization\",\"@id\":\"https:\/\/psol50.org.br\/#organization\",\"name\":\"PSOL 50\",\"alternateName\":\"PSOL 50\",\"url\":\"https:\/\/psol50.org.br\/\",\"logo\":{\"@type\":\"ImageObject\",\"inLanguage\":\"pt-BR\",\"@id\":\"https:\/\/psol50.org.br\/#\/schema\/logo\/image\/\",\"url\":\"https:\/\/psol50.org.br\/inc\/uploads\/2018\/07\/capa.png\",\"contentUrl\":\"https:\/\/psol50.org.br\/inc\/uploads\/2018\/07\/capa.png\",\"width\":1350,\"height\":900,\"caption\":\"PSOL 50\"},\"image\":{\"@id\":\"https:\/\/psol50.org.br\/#\/schema\/logo\/image\/\"},\"sameAs\":[\"https:\/\/www.facebook.com\/psol50\",\"https:\/\/x.com\/psol50\",\"https:\/\/www.instagram.com\/psol50\/\",\"https:\/\/www.youtube.com\/channel\/UC7SnJS5o1os7a6CaiNabzcg\"]},{\"@type\":\"Person\",\"@id\":\"https:\/\/psol50.org.br\/#\/schema\/person\/475dfa57d0b815993c714c2e96491fcd\",\"name\":\"Comunica\u00e7\u00e3o PSOL\",\"image\":{\"@type\":\"ImageObject\",\"inLanguage\":\"pt-BR\",\"@id\":\"https:\/\/psol50.org.br\/#\/schema\/person\/image\/\",\"url\":\"https:\/\/secure.gravatar.com\/avatar\/b34fc4f4e468a4e51785917065a3db57b841f5c95dba6ad8c73aaf8f66f8f9bf?s=96&d=mm&r=g\",\"contentUrl\":\"https:\/\/secure.gravatar.com\/avatar\/b34fc4f4e468a4e51785917065a3db57b841f5c95dba6ad8c73aaf8f66f8f9bf?s=96&d=mm&r=g\",\"caption\":\"Comunica\u00e7\u00e3o PSOL\"}}]}<\/script>\n<!-- \/ Yoast SEO plugin. -->","yoast_head_json":{"title":"PSOL cobra relat\u00f3rios de redes sociais do Planalto ap\u00f3s Bolsonaro tentar impor sigilo","description":"Somente no primeiro ano da gest\u00e3o Bolsonaro, a Secom gastou R$ 2,7 milh\u00f5es com o servi\u00e7o de monitoramento das redes sociais.","robots":{"index":"index","follow":"follow","max-snippet":"max-snippet:-1","max-image-preview":"max-image-preview:large","max-video-preview":"max-video-preview:-1"},"canonical":"https:\/\/psol50.org.br\/psol-cobra-relatorios-de-redes-sociais-do-planalto-apos-bolsonaro-tentar-impor-sigilo\/","og_locale":"pt_BR","og_type":"article","og_title":"PSOL cobra relat\u00f3rios de redes sociais do Planalto ap\u00f3s Bolsonaro tentar impor sigilo","og_description":"Somente no primeiro ano da gest\u00e3o Bolsonaro, a Secom gastou R$ 2,7 milh\u00f5es com o servi\u00e7o de monitoramento das redes sociais.","og_url":"https:\/\/psol50.org.br\/psol-cobra-relatorios-de-redes-sociais-do-planalto-apos-bolsonaro-tentar-impor-sigilo\/","og_site_name":"PSOL 50","article_publisher":"https:\/\/www.facebook.com\/psol50","article_published_time":"2020-05-04T19:28:26+00:00","og_image":[{"width":640,"height":403,"url":"https:\/\/psol50.org.br\/inc\/uploads\/2019\/10\/Bolsonaro-vendo-o-Celular-640x403-1.jpg","type":"image\/jpeg"}],"author":"Comunica\u00e7\u00e3o PSOL","twitter_card":"summary_large_image","twitter_title":"PSOL cobra relat\u00f3rios de redes sociais do Planalto ap\u00f3s Bolsonaro tentar impor sigilo","twitter_description":"Somente no primeiro ano da gest\u00e3o Bolsonaro, a Secom gastou R$ 2,7 milh\u00f5es com o servi\u00e7o de monitoramento das redes sociais.","twitter_image":"https:\/\/psol50.org.br\/inc\/uploads\/2019\/10\/Bolsonaro-vendo-o-Celular-640x403-1.jpg","twitter_creator":"@psol50","twitter_site":"@psol50","twitter_misc":{"Escrito por":"Comunica\u00e7\u00e3o PSOL","Est. tempo de leitura":"2 minutos"},"schema":{"@context":"https:\/\/schema.org","@graph":[{"@type":"Article","@id":"https:\/\/psol50.org.br\/psol-cobra-relatorios-de-redes-sociais-do-planalto-apos-bolsonaro-tentar-impor-sigilo\/#article","isPartOf":{"@id":"https:\/\/psol50.org.br\/psol-cobra-relatorios-de-redes-sociais-do-planalto-apos-bolsonaro-tentar-impor-sigilo\/"},"author":{"name":"Comunica\u00e7\u00e3o PSOL","@id":"https:\/\/psol50.org.br\/#\/schema\/person\/475dfa57d0b815993c714c2e96491fcd"},"headline":"PSOL cobra relat\u00f3rios de redes sociais do Planalto ap\u00f3s Bolsonaro tentar impor sigilo","datePublished":"2020-05-04T19:28:26+00:00","mainEntityOfPage":{"@id":"https:\/\/psol50.org.br\/psol-cobra-relatorios-de-redes-sociais-do-planalto-apos-bolsonaro-tentar-impor-sigilo\/"},"wordCount":432,"publisher":{"@id":"https:\/\/psol50.org.br\/#organization"},"image":{"@id":"https:\/\/psol50.org.br\/psol-cobra-relatorios-de-redes-sociais-do-planalto-apos-bolsonaro-tentar-impor-sigilo\/#primaryimage"},"thumbnailUrl":"https:\/\/psol50.org.br\/inc\/uploads\/2019\/10\/Bolsonaro-vendo-o-Celular-640x403-1.jpg","keywords":["Bolsonaro","CPMI das Fake News","isobar","monitoramento","PSOL","redes sociais","relat\u00f3rios"],"articleSection":["A\u00e7\u00e3o Parlamentar","Not\u00edcias"],"inLanguage":"pt-BR"},{"@type":"WebPage","@id":"https:\/\/psol50.org.br\/psol-cobra-relatorios-de-redes-sociais-do-planalto-apos-bolsonaro-tentar-impor-sigilo\/","url":"https:\/\/psol50.org.br\/psol-cobra-relatorios-de-redes-sociais-do-planalto-apos-bolsonaro-tentar-impor-sigilo\/","name":"PSOL cobra relat\u00f3rios de redes sociais do Planalto ap\u00f3s Bolsonaro tentar impor sigilo","isPartOf":{"@id":"https:\/\/psol50.org.br\/#website"},"primaryImageOfPage":{"@id":"https:\/\/psol50.org.br\/psol-cobra-relatorios-de-redes-sociais-do-planalto-apos-bolsonaro-tentar-impor-sigilo\/#primaryimage"},"image":{"@id":"https:\/\/psol50.org.br\/psol-cobra-relatorios-de-redes-sociais-do-planalto-apos-bolsonaro-tentar-impor-sigilo\/#primaryimage"},"thumbnailUrl":"https:\/\/psol50.org.br\/inc\/uploads\/2019\/10\/Bolsonaro-vendo-o-Celular-640x403-1.jpg","datePublished":"2020-05-04T19:28:26+00:00","description":"Somente no primeiro ano da gest\u00e3o Bolsonaro, a Secom gastou R$ 2,7 milh\u00f5es com o servi\u00e7o de monitoramento das redes sociais.","breadcrumb":{"@id":"https:\/\/psol50.org.br\/psol-cobra-relatorios-de-redes-sociais-do-planalto-apos-bolsonaro-tentar-impor-sigilo\/#breadcrumb"},"inLanguage":"pt-BR","potentialAction":[{"@type":"ReadAction","target":["https:\/\/psol50.org.br\/psol-cobra-relatorios-de-redes-sociais-do-planalto-apos-bolsonaro-tentar-impor-sigilo\/"]}]},{"@type":"ImageObject","inLanguage":"pt-BR","@id":"https:\/\/psol50.org.br\/psol-cobra-relatorios-de-redes-sociais-do-planalto-apos-bolsonaro-tentar-impor-sigilo\/#primaryimage","url":"https:\/\/psol50.org.br\/inc\/uploads\/2019\/10\/Bolsonaro-vendo-o-Celular-640x403-1.jpg","contentUrl":"https:\/\/psol50.org.br\/inc\/uploads\/2019\/10\/Bolsonaro-vendo-o-Celular-640x403-1.jpg","width":640,"height":403,"caption":"Foto: Jorge William"},{"@type":"BreadcrumbList","@id":"https:\/\/psol50.org.br\/psol-cobra-relatorios-de-redes-sociais-do-planalto-apos-bolsonaro-tentar-impor-sigilo\/#breadcrumb","itemListElement":[{"@type":"ListItem","position":1,"name":"In\u00edcio","item":"https:\/\/psol50.org.br\/"},{"@type":"ListItem","position":2,"name":"PSOL cobra relat\u00f3rios de redes sociais do Planalto ap\u00f3s Bolsonaro tentar impor sigilo"}]},{"@type":"WebSite","@id":"https:\/\/psol50.org.br\/#website","url":"https:\/\/psol50.org.br\/","name":"PSOL 50","description":"Site oficial do Partido Socialismo e Liberdade","publisher":{"@id":"https:\/\/psol50.org.br\/#organization"},"alternateName":"PSOL50","potentialAction":[{"@type":"SearchAction","target":{"@type":"EntryPoint","urlTemplate":"https:\/\/psol50.org.br\/?s={search_term_string}"},"query-input":{"@type":"PropertyValueSpecification","valueRequired":true,"valueName":"search_term_string"}}],"inLanguage":"pt-BR"},{"@type":"Organization","@id":"https:\/\/psol50.org.br\/#organization","name":"PSOL 50","alternateName":"PSOL 50","url":"https:\/\/psol50.org.br\/","logo":{"@type":"ImageObject","inLanguage":"pt-BR","@id":"https:\/\/psol50.org.br\/#\/schema\/logo\/image\/","url":"https:\/\/psol50.org.br\/inc\/uploads\/2018\/07\/capa.png","contentUrl":"https:\/\/psol50.org.br\/inc\/uploads\/2018\/07\/capa.png","width":1350,"height":900,"caption":"PSOL 50"},"image":{"@id":"https:\/\/psol50.org.br\/#\/schema\/logo\/image\/"},"sameAs":["https:\/\/www.facebook.com\/psol50","https:\/\/x.com\/psol50","https:\/\/www.instagram.com\/psol50\/","https:\/\/www.youtube.com\/channel\/UC7SnJS5o1os7a6CaiNabzcg"]},{"@type":"Person","@id":"https:\/\/psol50.org.br\/#\/schema\/person\/475dfa57d0b815993c714c2e96491fcd","name":"Comunica\u00e7\u00e3o PSOL","image":{"@type":"ImageObject","inLanguage":"pt-BR","@id":"https:\/\/psol50.org.br\/#\/schema\/person\/image\/","url":"https:\/\/secure.gravatar.com\/avatar\/b34fc4f4e468a4e51785917065a3db57b841f5c95dba6ad8c73aaf8f66f8f9bf?s=96&d=mm&r=g","contentUrl":"https:\/\/secure.gravatar.com\/avatar\/b34fc4f4e468a4e51785917065a3db57b841f5c95dba6ad8c73aaf8f66f8f9bf?s=96&d=mm&r=g","caption":"Comunica\u00e7\u00e3o PSOL"}}]}},"_links":{"self":[{"href":"https:\/\/psol50.org.br\/rest\/wp\/v2\/posts\/28626","targetHints":{"allow":["GET"]}}],"collection":[{"href":"https:\/\/psol50.org.br\/rest\/wp\/v2\/posts"}],"about":[{"href":"https:\/\/psol50.org.br\/rest\/wp\/v2\/types\/post"}],"author":[{"embeddable":true,"href":"https:\/\/psol50.org.br\/rest\/wp\/v2\/users\/2"}],"replies":[{"embeddable":true,"href":"https:\/\/psol50.org.br\/rest\/wp\/v2\/comments?post=28626"}],"version-history":[{"count":0,"href":"https:\/\/psol50.org.br\/rest\/wp\/v2\/posts\/28626\/revisions"}],"wp:featuredmedia":[{"embeddable":true,"href":"https:\/\/psol50.org.br\/rest\/wp\/v2\/media\/26773"}],"wp:attachment":[{"href":"https:\/\/psol50.org.br\/rest\/wp\/v2\/media?parent=28626"}],"wp:term":[{"taxonomy":"category","embeddable":true,"href":"https:\/\/psol50.org.br\/rest\/wp\/v2\/categories?post=28626"},{"taxonomy":"post_tag","embeddable":true,"href":"https:\/\/psol50.org.br\/rest\/wp\/v2\/tags?post=28626"}],"curies":[{"name":"wp","href":"https:\/\/api.w.org\/{rel}","templated":true}]}}