{"id":28637,"date":"2020-05-04T17:28:33","date_gmt":"2020-05-04T20:28:33","guid":{"rendered":"https:\/\/psol50.org.br\/?p=28637"},"modified":"2020-05-04T17:28:33","modified_gmt":"2020-05-04T20:28:33","slug":"psol-quer-convocar-ministro-da-defesa-para-explicar-ameacas-a-democracia-feitas-por-bolsonaro","status":"publish","type":"post","link":"https:\/\/psol50.org.br\/psol-quer-convocar-ministro-da-defesa-para-explicar-ameacas-a-democracia-feitas-por-bolsonaro\/","title":{"rendered":"PSOL quer convocar Ministro da Defesa para explicar amea\u00e7as \u00e0 democracia feitas por Bolsonaro"},"content":{"rendered":"<p><a href=\"https:\/\/psol50.org.br\/coronavirus\/\" target=\"_blank\" rel=\"noopener noreferrer\"><img loading=\"lazy\" decoding=\"async\" class=\"alignnone size-full wp-image-27838\" src=\"https:\/\/psol50.org.br\/inc\/uploads\/2020\/03\/Banner-Site_3.png\" alt=\"\" width=\"1240\" height=\"331\" srcset=\"https:\/\/psol50.org.br\/inc\/uploads\/2020\/03\/Banner-Site_3.png 1240w, https:\/\/psol50.org.br\/inc\/uploads\/2020\/03\/Banner-Site_3-300x80.png 300w, https:\/\/psol50.org.br\/inc\/uploads\/2020\/03\/Banner-Site_3-1024x273.png 1024w, https:\/\/psol50.org.br\/inc\/uploads\/2020\/03\/Banner-Site_3-768x205.png 768w, https:\/\/psol50.org.br\/inc\/uploads\/2020\/03\/Banner-Site_3-150x40.png 150w, https:\/\/psol50.org.br\/inc\/uploads\/2020\/03\/Banner-Site_3-696x186.png 696w, https:\/\/psol50.org.br\/inc\/uploads\/2020\/03\/Banner-Site_3-1068x285.png 1068w\" sizes=\"auto, (max-width: 1240px) 100vw, 1240px\" \/><\/a><\/p>\n<p>A bancada do PSOL apresentou, nesta segunda-feira (4), um <strong><a href=\"https:\/\/psol50.org.br\/inc\/uploads\/2020\/05\/Requerimento_convoca\u00e7\u00e3o_Ministro_da_Defesa_Sr_Fernando_Azevedo-convertido.pdf\" target=\"_blank\" rel=\"noopener noreferrer\">requerimento de convoca\u00e7\u00e3o do Ministro da Defesa, Fernando Azevedo<\/a><\/strong>, a uma sess\u00e3o virtual da C\u00e2mara dos Deputados para que ele explique as declara\u00e7\u00f5es de Jair Bolsonaro durante as manifesta\u00e7\u00f5es antidemocr\u00e1ticas do \u00faltimo domingo (3).<\/p>\n<p>Na manifesta\u00e7\u00e3o em frente ao Pal\u00e1cio do Planalto, Jair Bolsonaro atacou o STF e disse que &#8220;est\u00e1 no limite&#8221;, citando apoio das For\u00e7as Armadas. &#8220;\u00c9 urgente que o ministro de Estado de Defesa preste esclarecimentos \u00e0 sociedade brasileira sobre o papel das For\u00e7as Armadas no Estado democr\u00e1tico de direito&#8221;, escreveram os deputados do PSOL.<\/p>\n<p>Segundo reportagem d&#8217;O Globo, na v\u00e9spera de comparecer \u00e0s manifesta\u00e7\u00f5es do dia 03 de maio em Bras\u00edlia, em que afirmou que tem as For\u00e7as Armadas \u201cao nosso lado\u201d, Jair Bolsonaro recebeu, no Pal\u00e1cio da Alvorada, os tr\u00eas ministros militares com cadeira no Pal\u00e1cio do Planalto, al\u00e9m do Ministro da Defesa e dos comandantes da Aeron\u00e1utica, do Ex\u00e9rcito e da Marinha.<\/p>\n<p>Segundo o jornal apurou, militares que se reuniram com Bolsonaro\u00a0compartilham o entendimento do presidente de que o STF exagera ao intervir em atos do governo, como no caso da nomea\u00e7\u00e3o de Alexandre Ramagem para o cargo de Diretor-Geral da Pol\u00edcia Federal, um apadrinhado de Bolsonaro e amigo \u00edntimo de seus filhos.<\/p>\n","protected":false},"excerpt":{"rendered":"<p>A bancada do PSOL apresentou, nesta segunda-feira (4), um requerimento de convoca\u00e7\u00e3o do Ministro da Defesa, Fernando Azevedo, a uma sess\u00e3o virtual da C\u00e2mara dos Deputados para que ele explique as declara\u00e7\u00f5es de Jair Bolsonaro durante as manifesta\u00e7\u00f5es antidemocr\u00e1ticas do \u00faltimo domingo (3). Na manifesta\u00e7\u00e3o em frente ao Pal\u00e1cio do Planalto, Jair Bolsonaro atacou o [&hellip;]<\/p>\n","protected":false},"author":2,"featured_media":28640,"comment_status":"closed","ping_status":"open","sticky":false,"template":"","format":"standard","meta":{"_acf_changed":false,"footnotes":""},"categories":[10,6],"tags":[56,616,421,87,314,617,22],"class_list":{"0":"post-28637","1":"post","2":"type-post","3":"status-publish","4":"format-standard","5":"has-post-thumbnail","7":"category-acao-parlamentares","8":"category-noticias","9":"tag-bolsonaro","10":"tag-brasilia","11":"tag-defesa","12":"tag-democracia","13":"tag-manifestacoes","14":"tag-ministro","15":"tag-psol"},"acf":[],"yoast_head":"<!-- This site is optimized with the Yoast SEO plugin v26.5 - https:\/\/yoast.com\/wordpress\/plugins\/seo\/ -->\n<title>PSOL quer convocar Ministro da Defesa para explicar amea\u00e7as \u00e0 democracia feitas por Bolsonaro<\/title>\n<meta name=\"description\" content=\"Na manifesta\u00e7\u00e3o em frente ao Pal\u00e1cio do Planalto, Jair Bolsonaro atacou o STF e disse que &quot;est\u00e1 no limite&quot;, citando apoio das For\u00e7as Armadas.\" \/>\n<meta name=\"robots\" content=\"index, follow, max-snippet:-1, max-image-preview:large, max-video-preview:-1\" \/>\n<link rel=\"canonical\" href=\"https:\/\/psol50.org.br\/psol-quer-convocar-ministro-da-defesa-para-explicar-ameacas-a-democracia-feitas-por-bolsonaro\/\" \/>\n<meta property=\"og:locale\" content=\"pt_BR\" \/>\n<meta property=\"og:type\" content=\"article\" \/>\n<meta property=\"og:title\" content=\"PSOL quer convocar Ministro da Defesa para explicar amea\u00e7as \u00e0 democracia feitas por Bolsonaro\" \/>\n<meta property=\"og:description\" content=\"Na manifesta\u00e7\u00e3o em frente ao Pal\u00e1cio do Planalto, Jair Bolsonaro atacou o STF e disse que &quot;est\u00e1 no limite&quot;, citando apoio das For\u00e7as Armadas.\" \/>\n<meta property=\"og:url\" content=\"https:\/\/psol50.org.br\/psol-quer-convocar-ministro-da-defesa-para-explicar-ameacas-a-democracia-feitas-por-bolsonaro\/\" \/>\n<meta property=\"og:site_name\" content=\"PSOL 50\" \/>\n<meta property=\"article:publisher\" content=\"https:\/\/www.facebook.com\/psol50\" \/>\n<meta property=\"article:published_time\" content=\"2020-05-04T20:28:33+00:00\" \/>\n<meta property=\"og:image\" content=\"https:\/\/psol50.org.br\/inc\/uploads\/2020\/05\/photo_2019-01-01_19-57-39-1-1-868x644-1.jpg\" \/>\n\t<meta property=\"og:image:width\" content=\"868\" \/>\n\t<meta property=\"og:image:height\" content=\"644\" \/>\n\t<meta property=\"og:image:type\" content=\"image\/jpeg\" \/>\n<meta name=\"author\" content=\"Comunica\u00e7\u00e3o PSOL\" \/>\n<meta name=\"twitter:card\" content=\"summary_large_image\" \/>\n<meta name=\"twitter:title\" content=\"PSOL quer convocar Ministro da Defesa para explicar amea\u00e7as \u00e0 democracia feitas por Bolsonaro\" \/>\n<meta name=\"twitter:description\" content=\"Na manifesta\u00e7\u00e3o em frente ao Pal\u00e1cio do Planalto, Jair Bolsonaro atacou o STF e disse que &quot;est\u00e1 no limite&quot;, citando apoio das For\u00e7as Armadas.\" \/>\n<meta name=\"twitter:image\" content=\"https:\/\/psol50.org.br\/inc\/uploads\/2020\/05\/photo_2019-01-01_19-57-39-1-1-868x644-1.jpg\" \/>\n<meta name=\"twitter:creator\" content=\"@psol50\" \/>\n<meta name=\"twitter:site\" content=\"@psol50\" \/>\n<meta name=\"twitter:label1\" content=\"Escrito por\" \/>\n\t<meta name=\"twitter:data1\" content=\"Comunica\u00e7\u00e3o PSOL\" \/>\n\t<meta name=\"twitter:label2\" content=\"Est. tempo de leitura\" \/>\n\t<meta name=\"twitter:data2\" content=\"1 minuto\" \/>\n<script type=\"application\/ld+json\" class=\"yoast-schema-graph\">{\"@context\":\"https:\/\/schema.org\",\"@graph\":[{\"@type\":\"Article\",\"@id\":\"https:\/\/psol50.org.br\/psol-quer-convocar-ministro-da-defesa-para-explicar-ameacas-a-democracia-feitas-por-bolsonaro\/#article\",\"isPartOf\":{\"@id\":\"https:\/\/psol50.org.br\/psol-quer-convocar-ministro-da-defesa-para-explicar-ameacas-a-democracia-feitas-por-bolsonaro\/\"},\"author\":{\"name\":\"Comunica\u00e7\u00e3o PSOL\",\"@id\":\"https:\/\/psol50.org.br\/#\/schema\/person\/475dfa57d0b815993c714c2e96491fcd\"},\"headline\":\"PSOL quer convocar Ministro da Defesa para explicar amea\u00e7as \u00e0 democracia feitas por Bolsonaro\",\"datePublished\":\"2020-05-04T20:28:33+00:00\",\"mainEntityOfPage\":{\"@id\":\"https:\/\/psol50.org.br\/psol-quer-convocar-ministro-da-defesa-para-explicar-ameacas-a-democracia-feitas-por-bolsonaro\/\"},\"wordCount\":242,\"publisher\":{\"@id\":\"https:\/\/psol50.org.br\/#organization\"},\"image\":{\"@id\":\"https:\/\/psol50.org.br\/psol-quer-convocar-ministro-da-defesa-para-explicar-ameacas-a-democracia-feitas-por-bolsonaro\/#primaryimage\"},\"thumbnailUrl\":\"https:\/\/psol50.org.br\/inc\/uploads\/2020\/05\/photo_2019-01-01_19-57-39-1-1-868x644-1.jpg\",\"keywords\":[\"Bolsonaro\",\"Bras\u00edlia\",\"defesa\",\"democracia\",\"manifesta\u00e7\u00f5es\",\"ministro\",\"PSOL\"],\"articleSection\":[\"A\u00e7\u00e3o Parlamentar\",\"Not\u00edcias\"],\"inLanguage\":\"pt-BR\"},{\"@type\":\"WebPage\",\"@id\":\"https:\/\/psol50.org.br\/psol-quer-convocar-ministro-da-defesa-para-explicar-ameacas-a-democracia-feitas-por-bolsonaro\/\",\"url\":\"https:\/\/psol50.org.br\/psol-quer-convocar-ministro-da-defesa-para-explicar-ameacas-a-democracia-feitas-por-bolsonaro\/\",\"name\":\"PSOL quer convocar Ministro da Defesa para explicar amea\u00e7as \u00e0 democracia feitas por Bolsonaro\",\"isPartOf\":{\"@id\":\"https:\/\/psol50.org.br\/#website\"},\"primaryImageOfPage\":{\"@id\":\"https:\/\/psol50.org.br\/psol-quer-convocar-ministro-da-defesa-para-explicar-ameacas-a-democracia-feitas-por-bolsonaro\/#primaryimage\"},\"image\":{\"@id\":\"https:\/\/psol50.org.br\/psol-quer-convocar-ministro-da-defesa-para-explicar-ameacas-a-democracia-feitas-por-bolsonaro\/#primaryimage\"},\"thumbnailUrl\":\"https:\/\/psol50.org.br\/inc\/uploads\/2020\/05\/photo_2019-01-01_19-57-39-1-1-868x644-1.jpg\",\"datePublished\":\"2020-05-04T20:28:33+00:00\",\"description\":\"Na manifesta\u00e7\u00e3o em frente ao Pal\u00e1cio do Planalto, Jair Bolsonaro atacou o STF e disse que \\\"est\u00e1 no limite\\\", citando apoio das For\u00e7as Armadas.\",\"breadcrumb\":{\"@id\":\"https:\/\/psol50.org.br\/psol-quer-convocar-ministro-da-defesa-para-explicar-ameacas-a-democracia-feitas-por-bolsonaro\/#breadcrumb\"},\"inLanguage\":\"pt-BR\",\"potentialAction\":[{\"@type\":\"ReadAction\",\"target\":[\"https:\/\/psol50.org.br\/psol-quer-convocar-ministro-da-defesa-para-explicar-ameacas-a-democracia-feitas-por-bolsonaro\/\"]}]},{\"@type\":\"ImageObject\",\"inLanguage\":\"pt-BR\",\"@id\":\"https:\/\/psol50.org.br\/psol-quer-convocar-ministro-da-defesa-para-explicar-ameacas-a-democracia-feitas-por-bolsonaro\/#primaryimage\",\"url\":\"https:\/\/psol50.org.br\/inc\/uploads\/2020\/05\/photo_2019-01-01_19-57-39-1-1-868x644-1.jpg\",\"contentUrl\":\"https:\/\/psol50.org.br\/inc\/uploads\/2020\/05\/photo_2019-01-01_19-57-39-1-1-868x644-1.jpg\",\"width\":868,\"height\":644,\"caption\":\"Foto: S\u00e9rgio Lima\/Poder360\"},{\"@type\":\"BreadcrumbList\",\"@id\":\"https:\/\/psol50.org.br\/psol-quer-convocar-ministro-da-defesa-para-explicar-ameacas-a-democracia-feitas-por-bolsonaro\/#breadcrumb\",\"itemListElement\":[{\"@type\":\"ListItem\",\"position\":1,\"name\":\"In\u00edcio\",\"item\":\"https:\/\/psol50.org.br\/\"},{\"@type\":\"ListItem\",\"position\":2,\"name\":\"PSOL quer convocar Ministro da Defesa para explicar amea\u00e7as \u00e0 democracia feitas por Bolsonaro\"}]},{\"@type\":\"WebSite\",\"@id\":\"https:\/\/psol50.org.br\/#website\",\"url\":\"https:\/\/psol50.org.br\/\",\"name\":\"PSOL 50\",\"description\":\"Site oficial do Partido Socialismo e Liberdade\",\"publisher\":{\"@id\":\"https:\/\/psol50.org.br\/#organization\"},\"alternateName\":\"PSOL50\",\"potentialAction\":[{\"@type\":\"SearchAction\",\"target\":{\"@type\":\"EntryPoint\",\"urlTemplate\":\"https:\/\/psol50.org.br\/?s={search_term_string}\"},\"query-input\":{\"@type\":\"PropertyValueSpecification\",\"valueRequired\":true,\"valueName\":\"search_term_string\"}}],\"inLanguage\":\"pt-BR\"},{\"@type\":\"Organization\",\"@id\":\"https:\/\/psol50.org.br\/#organization\",\"name\":\"PSOL 50\",\"alternateName\":\"PSOL 50\",\"url\":\"https:\/\/psol50.org.br\/\",\"logo\":{\"@type\":\"ImageObject\",\"inLanguage\":\"pt-BR\",\"@id\":\"https:\/\/psol50.org.br\/#\/schema\/logo\/image\/\",\"url\":\"https:\/\/psol50.org.br\/inc\/uploads\/2018\/07\/capa.png\",\"contentUrl\":\"https:\/\/psol50.org.br\/inc\/uploads\/2018\/07\/capa.png\",\"width\":1350,\"height\":900,\"caption\":\"PSOL 50\"},\"image\":{\"@id\":\"https:\/\/psol50.org.br\/#\/schema\/logo\/image\/\"},\"sameAs\":[\"https:\/\/www.facebook.com\/psol50\",\"https:\/\/x.com\/psol50\",\"https:\/\/www.instagram.com\/psol50\/\",\"https:\/\/www.youtube.com\/channel\/UC7SnJS5o1os7a6CaiNabzcg\"]},{\"@type\":\"Person\",\"@id\":\"https:\/\/psol50.org.br\/#\/schema\/person\/475dfa57d0b815993c714c2e96491fcd\",\"name\":\"Comunica\u00e7\u00e3o PSOL\",\"image\":{\"@type\":\"ImageObject\",\"inLanguage\":\"pt-BR\",\"@id\":\"https:\/\/psol50.org.br\/#\/schema\/person\/image\/\",\"url\":\"https:\/\/secure.gravatar.com\/avatar\/b34fc4f4e468a4e51785917065a3db57b841f5c95dba6ad8c73aaf8f66f8f9bf?s=96&d=mm&r=g\",\"contentUrl\":\"https:\/\/secure.gravatar.com\/avatar\/b34fc4f4e468a4e51785917065a3db57b841f5c95dba6ad8c73aaf8f66f8f9bf?s=96&d=mm&r=g\",\"caption\":\"Comunica\u00e7\u00e3o PSOL\"}}]}<\/script>\n<!-- \/ Yoast SEO plugin. -->","yoast_head_json":{"title":"PSOL quer convocar Ministro da Defesa para explicar amea\u00e7as \u00e0 democracia feitas por Bolsonaro","description":"Na manifesta\u00e7\u00e3o em frente ao Pal\u00e1cio do Planalto, Jair Bolsonaro atacou o STF e disse que \"est\u00e1 no limite\", citando apoio das For\u00e7as Armadas.","robots":{"index":"index","follow":"follow","max-snippet":"max-snippet:-1","max-image-preview":"max-image-preview:large","max-video-preview":"max-video-preview:-1"},"canonical":"https:\/\/psol50.org.br\/psol-quer-convocar-ministro-da-defesa-para-explicar-ameacas-a-democracia-feitas-por-bolsonaro\/","og_locale":"pt_BR","og_type":"article","og_title":"PSOL quer convocar Ministro da Defesa para explicar amea\u00e7as \u00e0 democracia feitas por Bolsonaro","og_description":"Na manifesta\u00e7\u00e3o em frente ao Pal\u00e1cio do Planalto, Jair Bolsonaro atacou o STF e disse que \"est\u00e1 no limite\", citando apoio das For\u00e7as Armadas.","og_url":"https:\/\/psol50.org.br\/psol-quer-convocar-ministro-da-defesa-para-explicar-ameacas-a-democracia-feitas-por-bolsonaro\/","og_site_name":"PSOL 50","article_publisher":"https:\/\/www.facebook.com\/psol50","article_published_time":"2020-05-04T20:28:33+00:00","og_image":[{"width":868,"height":644,"url":"https:\/\/psol50.org.br\/inc\/uploads\/2020\/05\/photo_2019-01-01_19-57-39-1-1-868x644-1.jpg","type":"image\/jpeg"}],"author":"Comunica\u00e7\u00e3o PSOL","twitter_card":"summary_large_image","twitter_title":"PSOL quer convocar Ministro da Defesa para explicar amea\u00e7as \u00e0 democracia feitas por Bolsonaro","twitter_description":"Na manifesta\u00e7\u00e3o em frente ao Pal\u00e1cio do Planalto, Jair Bolsonaro atacou o STF e disse que \"est\u00e1 no limite\", citando apoio das For\u00e7as Armadas.","twitter_image":"https:\/\/psol50.org.br\/inc\/uploads\/2020\/05\/photo_2019-01-01_19-57-39-1-1-868x644-1.jpg","twitter_creator":"@psol50","twitter_site":"@psol50","twitter_misc":{"Escrito por":"Comunica\u00e7\u00e3o PSOL","Est. tempo de leitura":"1 minuto"},"schema":{"@context":"https:\/\/schema.org","@graph":[{"@type":"Article","@id":"https:\/\/psol50.org.br\/psol-quer-convocar-ministro-da-defesa-para-explicar-ameacas-a-democracia-feitas-por-bolsonaro\/#article","isPartOf":{"@id":"https:\/\/psol50.org.br\/psol-quer-convocar-ministro-da-defesa-para-explicar-ameacas-a-democracia-feitas-por-bolsonaro\/"},"author":{"name":"Comunica\u00e7\u00e3o PSOL","@id":"https:\/\/psol50.org.br\/#\/schema\/person\/475dfa57d0b815993c714c2e96491fcd"},"headline":"PSOL quer convocar Ministro da Defesa para explicar amea\u00e7as \u00e0 democracia feitas por Bolsonaro","datePublished":"2020-05-04T20:28:33+00:00","mainEntityOfPage":{"@id":"https:\/\/psol50.org.br\/psol-quer-convocar-ministro-da-defesa-para-explicar-ameacas-a-democracia-feitas-por-bolsonaro\/"},"wordCount":242,"publisher":{"@id":"https:\/\/psol50.org.br\/#organization"},"image":{"@id":"https:\/\/psol50.org.br\/psol-quer-convocar-ministro-da-defesa-para-explicar-ameacas-a-democracia-feitas-por-bolsonaro\/#primaryimage"},"thumbnailUrl":"https:\/\/psol50.org.br\/inc\/uploads\/2020\/05\/photo_2019-01-01_19-57-39-1-1-868x644-1.jpg","keywords":["Bolsonaro","Bras\u00edlia","defesa","democracia","manifesta\u00e7\u00f5es","ministro","PSOL"],"articleSection":["A\u00e7\u00e3o Parlamentar","Not\u00edcias"],"inLanguage":"pt-BR"},{"@type":"WebPage","@id":"https:\/\/psol50.org.br\/psol-quer-convocar-ministro-da-defesa-para-explicar-ameacas-a-democracia-feitas-por-bolsonaro\/","url":"https:\/\/psol50.org.br\/psol-quer-convocar-ministro-da-defesa-para-explicar-ameacas-a-democracia-feitas-por-bolsonaro\/","name":"PSOL quer convocar Ministro da Defesa para explicar amea\u00e7as \u00e0 democracia feitas por Bolsonaro","isPartOf":{"@id":"https:\/\/psol50.org.br\/#website"},"primaryImageOfPage":{"@id":"https:\/\/psol50.org.br\/psol-quer-convocar-ministro-da-defesa-para-explicar-ameacas-a-democracia-feitas-por-bolsonaro\/#primaryimage"},"image":{"@id":"https:\/\/psol50.org.br\/psol-quer-convocar-ministro-da-defesa-para-explicar-ameacas-a-democracia-feitas-por-bolsonaro\/#primaryimage"},"thumbnailUrl":"https:\/\/psol50.org.br\/inc\/uploads\/2020\/05\/photo_2019-01-01_19-57-39-1-1-868x644-1.jpg","datePublished":"2020-05-04T20:28:33+00:00","description":"Na manifesta\u00e7\u00e3o em frente ao Pal\u00e1cio do Planalto, Jair Bolsonaro atacou o STF e disse que \"est\u00e1 no limite\", citando apoio das For\u00e7as Armadas.","breadcrumb":{"@id":"https:\/\/psol50.org.br\/psol-quer-convocar-ministro-da-defesa-para-explicar-ameacas-a-democracia-feitas-por-bolsonaro\/#breadcrumb"},"inLanguage":"pt-BR","potentialAction":[{"@type":"ReadAction","target":["https:\/\/psol50.org.br\/psol-quer-convocar-ministro-da-defesa-para-explicar-ameacas-a-democracia-feitas-por-bolsonaro\/"]}]},{"@type":"ImageObject","inLanguage":"pt-BR","@id":"https:\/\/psol50.org.br\/psol-quer-convocar-ministro-da-defesa-para-explicar-ameacas-a-democracia-feitas-por-bolsonaro\/#primaryimage","url":"https:\/\/psol50.org.br\/inc\/uploads\/2020\/05\/photo_2019-01-01_19-57-39-1-1-868x644-1.jpg","contentUrl":"https:\/\/psol50.org.br\/inc\/uploads\/2020\/05\/photo_2019-01-01_19-57-39-1-1-868x644-1.jpg","width":868,"height":644,"caption":"Foto: S\u00e9rgio Lima\/Poder360"},{"@type":"BreadcrumbList","@id":"https:\/\/psol50.org.br\/psol-quer-convocar-ministro-da-defesa-para-explicar-ameacas-a-democracia-feitas-por-bolsonaro\/#breadcrumb","itemListElement":[{"@type":"ListItem","position":1,"name":"In\u00edcio","item":"https:\/\/psol50.org.br\/"},{"@type":"ListItem","position":2,"name":"PSOL quer convocar Ministro da Defesa para explicar amea\u00e7as \u00e0 democracia feitas por Bolsonaro"}]},{"@type":"WebSite","@id":"https:\/\/psol50.org.br\/#website","url":"https:\/\/psol50.org.br\/","name":"PSOL 50","description":"Site oficial do Partido Socialismo e Liberdade","publisher":{"@id":"https:\/\/psol50.org.br\/#organization"},"alternateName":"PSOL50","potentialAction":[{"@type":"SearchAction","target":{"@type":"EntryPoint","urlTemplate":"https:\/\/psol50.org.br\/?s={search_term_string}"},"query-input":{"@type":"PropertyValueSpecification","valueRequired":true,"valueName":"search_term_string"}}],"inLanguage":"pt-BR"},{"@type":"Organization","@id":"https:\/\/psol50.org.br\/#organization","name":"PSOL 50","alternateName":"PSOL 50","url":"https:\/\/psol50.org.br\/","logo":{"@type":"ImageObject","inLanguage":"pt-BR","@id":"https:\/\/psol50.org.br\/#\/schema\/logo\/image\/","url":"https:\/\/psol50.org.br\/inc\/uploads\/2018\/07\/capa.png","contentUrl":"https:\/\/psol50.org.br\/inc\/uploads\/2018\/07\/capa.png","width":1350,"height":900,"caption":"PSOL 50"},"image":{"@id":"https:\/\/psol50.org.br\/#\/schema\/logo\/image\/"},"sameAs":["https:\/\/www.facebook.com\/psol50","https:\/\/x.com\/psol50","https:\/\/www.instagram.com\/psol50\/","https:\/\/www.youtube.com\/channel\/UC7SnJS5o1os7a6CaiNabzcg"]},{"@type":"Person","@id":"https:\/\/psol50.org.br\/#\/schema\/person\/475dfa57d0b815993c714c2e96491fcd","name":"Comunica\u00e7\u00e3o PSOL","image":{"@type":"ImageObject","inLanguage":"pt-BR","@id":"https:\/\/psol50.org.br\/#\/schema\/person\/image\/","url":"https:\/\/secure.gravatar.com\/avatar\/b34fc4f4e468a4e51785917065a3db57b841f5c95dba6ad8c73aaf8f66f8f9bf?s=96&d=mm&r=g","contentUrl":"https:\/\/secure.gravatar.com\/avatar\/b34fc4f4e468a4e51785917065a3db57b841f5c95dba6ad8c73aaf8f66f8f9bf?s=96&d=mm&r=g","caption":"Comunica\u00e7\u00e3o PSOL"}}]}},"_links":{"self":[{"href":"https:\/\/psol50.org.br\/rest\/wp\/v2\/posts\/28637","targetHints":{"allow":["GET"]}}],"collection":[{"href":"https:\/\/psol50.org.br\/rest\/wp\/v2\/posts"}],"about":[{"href":"https:\/\/psol50.org.br\/rest\/wp\/v2\/types\/post"}],"author":[{"embeddable":true,"href":"https:\/\/psol50.org.br\/rest\/wp\/v2\/users\/2"}],"replies":[{"embeddable":true,"href":"https:\/\/psol50.org.br\/rest\/wp\/v2\/comments?post=28637"}],"version-history":[{"count":0,"href":"https:\/\/psol50.org.br\/rest\/wp\/v2\/posts\/28637\/revisions"}],"wp:featuredmedia":[{"embeddable":true,"href":"https:\/\/psol50.org.br\/rest\/wp\/v2\/media\/28640"}],"wp:attachment":[{"href":"https:\/\/psol50.org.br\/rest\/wp\/v2\/media?parent=28637"}],"wp:term":[{"taxonomy":"category","embeddable":true,"href":"https:\/\/psol50.org.br\/rest\/wp\/v2\/categories?post=28637"},{"taxonomy":"post_tag","embeddable":true,"href":"https:\/\/psol50.org.br\/rest\/wp\/v2\/tags?post=28637"}],"curies":[{"name":"wp","href":"https:\/\/api.w.org\/{rel}","templated":true}]}}