{"id":28647,"date":"2020-05-04T18:21:17","date_gmt":"2020-05-04T21:21:17","guid":{"rendered":"https:\/\/psol50.org.br\/?p=28647"},"modified":"2020-05-04T18:21:17","modified_gmt":"2020-05-04T21:21:17","slug":"guilherme-boulos-sergio-moro-biografia-indeferida","status":"publish","type":"post","link":"https:\/\/psol50.org.br\/guilherme-boulos-sergio-moro-biografia-indeferida\/","title":{"rendered":"Guilherme Boulos | S\u00e9rgio Moro: biografia indeferida"},"content":{"rendered":"<p><em><a href=\"https:\/\/psol50.org.br\/coronavirus\/\" target=\"_blank\" rel=\"noopener noreferrer\"><img loading=\"lazy\" decoding=\"async\" class=\"alignnone size-full wp-image-27838\" src=\"https:\/\/psol50.org.br\/inc\/uploads\/2020\/03\/Banner-Site_3.png\" alt=\"\" width=\"1240\" height=\"331\" srcset=\"https:\/\/psol50.org.br\/inc\/uploads\/2020\/03\/Banner-Site_3.png 1240w, https:\/\/psol50.org.br\/inc\/uploads\/2020\/03\/Banner-Site_3-300x80.png 300w, https:\/\/psol50.org.br\/inc\/uploads\/2020\/03\/Banner-Site_3-1024x273.png 1024w, https:\/\/psol50.org.br\/inc\/uploads\/2020\/03\/Banner-Site_3-768x205.png 768w, https:\/\/psol50.org.br\/inc\/uploads\/2020\/03\/Banner-Site_3-150x40.png 150w, https:\/\/psol50.org.br\/inc\/uploads\/2020\/03\/Banner-Site_3-696x186.png 696w, https:\/\/psol50.org.br\/inc\/uploads\/2020\/03\/Banner-Site_3-1068x285.png 1068w\" sizes=\"auto, (max-width: 1240px) 100vw, 1240px\" \/><\/a><\/em><\/p>\n<p><a href=\"https:\/\/www.cartacapital.com.br\/opiniao\/sergio-moro-biografia-indeferida\/\" target=\"_blank\" rel=\"noopener noreferrer\"><em>Originalmente publicado em CartaCapital<\/em><\/a><\/p>\n<p><strong>DESPACHO:<\/strong><\/p>\n<p>\u00c0s onze horas da manh\u00e3 da quinta-feira, 24 de abril, o ex-juiz federal e ex-ministro\u00a0<strong>S\u00c9RGIO FERNANDO MORO<\/strong>\u00a0ajuizou, junto a esta Vara C\u00edvel Especial, pedido de tutela antecipada em favor de sua biografia, honra e status de her\u00f3i nacional.<\/p>\n<p>Depois de exercer por um ano e quatro meses o papel de Ministro da Justi\u00e7a e Seguran\u00e7a P\u00fablica no governo BOLSONARO, o REQUERENTE veio a p\u00fablico oferecer uma esp\u00e9cie de dela\u00e7\u00e3o premiada, relatando uma s\u00e9rie de crimes de responsabilidade, falsidade ideol\u00f3gica, prevarica\u00e7\u00e3o e corrup\u00e7\u00e3o passiva privilegiada cometidos pelo presidente da Rep\u00fablica.<\/p>\n<p>Os fatos narrados, acompanhados de um conjunto de provas que devem ser analisadas pelas autoridades competentes, como a Procuradoria-geral da Rep\u00fablica e o Supremo Tribunal Federal, s\u00e3o de extrema gravidade e ter\u00e3o seu m\u00e9rito apreciado no momento e no foro adequados. \u00c0 primeira vista, antecipam o delatado\u00a0<strong>JAIR MESSIAS BOLSONARO<\/strong>\u00a0atuando de m\u00e1-f\u00e9 e ao arrepio da lei, com o claro objetivo de interferir em investiga\u00e7\u00f5es da Pol\u00edcia Federal que envolvem diretamente seus filhos, os vulgos \u201c01, 02 e 03\u201d.<\/p>\n<p>Declara o delator que, em reuni\u00e3o no Pal\u00e1cio do Planalto, o delatado defendeu a troca do diretor-geral da PF, Maur\u00edcio Valeixo, se dizendo cansado de pedir e n\u00e3o receber detalhes de inqu\u00e9ritos em andamento. \u201cO presidente queria algu\u00e9m que ele pudesse ligar, colher informa\u00e7\u00f5es, relat\u00f3rio de intelig\u00eancia. Seja o diretor, seja o superintendente\u201d, afirmou o REQUERENTE em sua dela\u00e7\u00e3o.<\/p>\n<p>A transgress\u00e3o presidencial foi adiante, indicando, para o comando da Pol\u00edcia Federal, o delegado ALEXANDRE RAMAGEM, cujo maior atributo \u00e9 ser amigo de CARLOS BOLSONARO, um dos alvos da PF. Questionado a respeito, o presidente limitou-se a dizer: \u201cE da\u00ed?\u201d. Evidencia-se, \u00e0 luz dos fatos, que JAIR MESSIAS BOLSONARO trabalha, de maneira incans\u00e1vel, para transformar o Brasil numa Rep\u00fablica da Esculhamba\u00e7\u00e3o.<\/p>\n<p>\u00c9 ineg\u00e1vel, portanto, a colabora\u00e7\u00e3o de S\u00c9RGIO FERNANDO MORO para desnudar bastidores nada republicanos nos gabinetes do Pal\u00e1cio do Planalto nos \u00faltimos meses.<\/p>\n<p>Embora inestim\u00e1vel, a dela\u00e7\u00e3o premiada do REQUERENTE n\u00e3o se mostra suficiente para desfazer seus atos reprov\u00e1veis, nem como c\u00famplice deste governo durante os \u00faltimos 16 meses, nem enquanto exercia a titularidade da 13\u00aa Vara Federal Criminal em Curitiba. O apontamento de crimes cometidos por outrem n\u00e3o assegura, automaticamente, o perd\u00e3o penal por seus pr\u00f3prios crimes. Embora tal pr\u00e1tica tenha sido exaustivamente abonada pelo REQUERENTE na condi\u00e7\u00e3o de juiz federal, ela se mostra insustent\u00e1vel e il\u00edcita.<\/p>\n<p>Ademais, o comportamento do ent\u00e3o juiz S\u00c9RGIO FERNANDO MORO guarda profundas semelhan\u00e7as com as atitudes do presidente da Rep\u00fablica. O que s\u00f3 atesta que sua biografia, objeto da presente A\u00c7\u00c3O CAUTELAR, n\u00e3o vale, em linguagem popular, um tost\u00e3o furado. Vejamos cinco raz\u00f5es:<\/p>\n<p>1 \u2013 O REQUERENTE acusa gravemente o presidente de querer interferir em investiga\u00e7\u00f5es. No entanto, como provado pela Vaza Jato, o ex-juiz atuava em alian\u00e7a esp\u00faria com o Minist\u00e9rio P\u00fablico Federal tamb\u00e9m ao arrepio da lei. Orientava os passos futuros dos procuradores, chegando ao \u00e1pice de indicar testemunhas e se queixar da demora entre uma opera\u00e7\u00e3o e outra da PF. S\u00c9RGIO FERNANDO MORO atuava como o \u201cdono\u201d da Lava Jato ou a personifica\u00e7\u00e3o da lei. Tal qual o presidente, ele se considerava a Constitui\u00e7\u00e3o e o C\u00f3digo Penal.<\/p>\n<p>2 \u2013 Ao indicar o delegado amigo do filho para dirigir a Pol\u00edcia Federal, Bolsonaro encampa o temer\u00e1rio uso do \u2018fim que justificam os meios\u2019. Quando juiz, o REQUERENTE se valeu, exaustivamente, do mesmo expediente. As pris\u00f5es preventivas ou condu\u00e7\u00f5es coercitivas sem raz\u00e3o de ser eram seus instrumentos para for\u00e7ar dela\u00e7\u00f5es premiadas. O fim justificava qualquer meio, mesmo que em flagrante viola\u00e7\u00e3o do C\u00f3digo Penal.<\/p>\n<p>3 \u2013 O presidente da Rep\u00fablica foi \u00e0s ruas em mais de uma oportunidade endossar manifesta\u00e7\u00f5es contra o Supremo e o Congresso Federal. Um ataque \u00e0 pol\u00edtica e \u00e0 democracia. Sob a toga de primeira inst\u00e2ncia, S\u00c9RGIO FERNANDO MORO fazia o mesmo. Ele extrapolou suas compet\u00eancias e afrontou decis\u00f5es do STF. A primeira, quando Teori Zavascki, ent\u00e3o relator da Lava Jato, revogou algumas pris\u00f5es preventivas e ele descumpriu. A segunda, na tarde de 16 de mar\u00e7o de 2016, quando divulgou o grampo ilegal de uma conversa da ent\u00e3o presidente Dilma Rousseff com Lula.<\/p>\n<p>4 \u2013 Em sua dela\u00e7\u00e3o premiada, o REQUERENTE tamb\u00e9m confessa que pediu prote\u00e7\u00e3o financeira a sua fam\u00edlia caso algo acontecesse a ele no exerc\u00edcio do poder. Al\u00e9m de flagrante ilegalidade e da quest\u00e3o de onde proviriam os recursos desta pens\u00e3o informal, a passagem faz lembrar que ainda pairam d\u00favidas sobre a lisura de procuradores e da pr\u00f3pria fam\u00edlia MORO durante a Lava Jato. H\u00e1 den\u00fancias, n\u00e3o investigadas com o rigor necess\u00e1rio, de triangula\u00e7\u00e3o de pagamentos para confec\u00e7\u00e3o e homologa\u00e7\u00e3o de dela\u00e7\u00f5es premiadas na chamada Rep\u00fablica de Curitiba.<\/p>\n<p>5 \u2013 Por fim, ao atuar sob claro vi\u00e9s pol\u00edtico e com o intuito de tirar o ex-presidente Lula que liderava as pesquisas para a elei\u00e7\u00e3o de 2018, S\u00c9RGIO FERNANDO MORO foi um dos respons\u00e1veis diretos pela vit\u00f3ria de Jair Messias Bolsonaro. Mais gravoso ainda foi assumir, sem pestanejar, o cargo de ministro da Justi\u00e7a do presidente que ajudou a eleger atuando como juiz. Trata-se de um escandaloso caso de conflito de interesses.<\/p>\n<p>O REQUERENTE \u00e9, portanto, diretamente respons\u00e1vel pela aberra\u00e7\u00e3o que, hoje, ele mesmo tenta denunciar. O que se viu nos \u00faltimos dias \u00e9 o embate entre dois agentes do caos em que o Brasil foi colocado. N\u00e3o h\u00e1 her\u00f3is nessa disputa.<\/p>\n<p>Pelas raz\u00f5es acima expostas e por entender que n\u00e3o h\u00e1 honra a ser preservada nem tampouco enquadra-se o REQUERENTE na tipifica\u00e7\u00e3o de her\u00f3i nacional,\u00a0<strong>indefiro o pedido de cautelar antecipada em favor da biografia de S\u00c9RGIO FERNANDO MORO<\/strong>.<\/p>\n<p>Assino e dou f\u00e9.<\/p>\n<p>Publique-se. Registre-se. Intime-se.<\/p>\n<p><em><strong>Guilherme Boulos, candidato \u00e0 Presid\u00eancia pelo PSOL em 2018 e coordenador nacional do MTST<\/strong><\/em><\/p>\n","protected":false},"excerpt":{"rendered":"<p>Originalmente publicado em CartaCapital DESPACHO: \u00c0s onze horas da manh\u00e3 da quinta-feira, 24 de abril, o ex-juiz federal e ex-ministro\u00a0S\u00c9RGIO FERNANDO MORO\u00a0ajuizou, junto a esta Vara C\u00edvel Especial, pedido de tutela antecipada em favor de sua biografia, honra e status de her\u00f3i nacional. Depois de exercer por um ano e quatro meses o papel de [&hellip;]<\/p>\n","protected":false},"author":2,"featured_media":28539,"comment_status":"closed","ping_status":"open","sticky":false,"template":"","format":"standard","meta":{"_acf_changed":false,"footnotes":""},"categories":[3,6],"tags":[56,342,177],"class_list":{"0":"post-28647","1":"post","2":"type-post","3":"status-publish","4":"format-standard","5":"has-post-thumbnail","7":"category-artigos-e-entrevistas","8":"category-noticias","9":"tag-bolsonaro","10":"tag-boulos","11":"tag-moro"},"acf":[],"yoast_head":"<!-- This site is optimized with the Yoast SEO plugin v26.5 - https:\/\/yoast.com\/wordpress\/plugins\/seo\/ -->\n<title>Guilherme Boulos | S\u00e9rgio Moro: biografia indeferida - PSOL 50<\/title>\n<meta name=\"description\" content=\"O requerente \u00e9 diretamente respons\u00e1vel pela aberra\u00e7\u00e3o que, hoje, ele mesmo tenta denunciar. Leia o &quot;despacho&quot; de Guilherme Boulos.\" \/>\n<meta name=\"robots\" content=\"index, follow, max-snippet:-1, max-image-preview:large, max-video-preview:-1\" \/>\n<link rel=\"canonical\" href=\"https:\/\/psol50.org.br\/guilherme-boulos-sergio-moro-biografia-indeferida\/\" \/>\n<meta property=\"og:locale\" content=\"pt_BR\" \/>\n<meta property=\"og:type\" content=\"article\" \/>\n<meta property=\"og:title\" content=\"S\u00e9rgio Moro: biografia indeferida\" \/>\n<meta property=\"og:description\" content=\"O requerente \u00e9 diretamente respons\u00e1vel pela aberra\u00e7\u00e3o que, hoje, ele mesmo tenta denunciar. Leia o &quot;despacho&quot; de Guilherme Boulos.\" \/>\n<meta property=\"og:url\" content=\"https:\/\/psol50.org.br\/guilherme-boulos-sergio-moro-biografia-indeferida\/\" \/>\n<meta property=\"og:site_name\" content=\"PSOL 50\" \/>\n<meta property=\"article:publisher\" content=\"https:\/\/www.facebook.com\/psol50\" \/>\n<meta property=\"article:published_time\" content=\"2020-05-04T21:21:17+00:00\" \/>\n<meta property=\"og:image\" content=\"https:\/\/psol50.org.br\/inc\/uploads\/2020\/04\/brasil-politica-jair-bolsonaro-sergio-moro-20190522-0002-1-910x607-1.jpg\" \/>\n\t<meta property=\"og:image:width\" content=\"910\" \/>\n\t<meta property=\"og:image:height\" content=\"607\" \/>\n\t<meta property=\"og:image:type\" content=\"image\/jpeg\" \/>\n<meta name=\"author\" content=\"Comunica\u00e7\u00e3o PSOL\" \/>\n<meta name=\"twitter:card\" content=\"summary_large_image\" \/>\n<meta name=\"twitter:title\" content=\"S\u00e9rgio Moro: biografia indeferida\" \/>\n<meta name=\"twitter:description\" content=\"O requerente \u00e9 diretamente respons\u00e1vel pela aberra\u00e7\u00e3o que, hoje, ele mesmo tenta denunciar. Leia o &quot;despacho&quot; de Guilherme Boulos.\" \/>\n<meta name=\"twitter:image\" content=\"https:\/\/psol50.org.br\/inc\/uploads\/2020\/04\/brasil-politica-jair-bolsonaro-sergio-moro-20190522-0002-1-910x607-1.jpg\" \/>\n<meta name=\"twitter:creator\" content=\"@psol50\" \/>\n<meta name=\"twitter:site\" content=\"@psol50\" \/>\n<meta name=\"twitter:label1\" content=\"Escrito por\" \/>\n\t<meta name=\"twitter:data1\" content=\"Comunica\u00e7\u00e3o PSOL\" \/>\n\t<meta name=\"twitter:label2\" content=\"Est. tempo de leitura\" \/>\n\t<meta name=\"twitter:data2\" content=\"5 minutos\" \/>\n<script type=\"application\/ld+json\" class=\"yoast-schema-graph\">{\"@context\":\"https:\/\/schema.org\",\"@graph\":[{\"@type\":\"Article\",\"@id\":\"https:\/\/psol50.org.br\/guilherme-boulos-sergio-moro-biografia-indeferida\/#article\",\"isPartOf\":{\"@id\":\"https:\/\/psol50.org.br\/guilherme-boulos-sergio-moro-biografia-indeferida\/\"},\"author\":{\"name\":\"Comunica\u00e7\u00e3o PSOL\",\"@id\":\"https:\/\/psol50.org.br\/#\/schema\/person\/475dfa57d0b815993c714c2e96491fcd\"},\"headline\":\"Guilherme Boulos | S\u00e9rgio Moro: biografia indeferida\",\"datePublished\":\"2020-05-04T21:21:17+00:00\",\"mainEntityOfPage\":{\"@id\":\"https:\/\/psol50.org.br\/guilherme-boulos-sergio-moro-biografia-indeferida\/\"},\"wordCount\":1046,\"publisher\":{\"@id\":\"https:\/\/psol50.org.br\/#organization\"},\"image\":{\"@id\":\"https:\/\/psol50.org.br\/guilherme-boulos-sergio-moro-biografia-indeferida\/#primaryimage\"},\"thumbnailUrl\":\"https:\/\/psol50.org.br\/inc\/uploads\/2020\/04\/brasil-politica-jair-bolsonaro-sergio-moro-20190522-0002-1-910x607-1.jpg\",\"keywords\":[\"Bolsonaro\",\"Boulos\",\"Moro\"],\"articleSection\":[\"Artigos\",\"Not\u00edcias\"],\"inLanguage\":\"pt-BR\"},{\"@type\":\"WebPage\",\"@id\":\"https:\/\/psol50.org.br\/guilherme-boulos-sergio-moro-biografia-indeferida\/\",\"url\":\"https:\/\/psol50.org.br\/guilherme-boulos-sergio-moro-biografia-indeferida\/\",\"name\":\"Guilherme Boulos | S\u00e9rgio Moro: biografia indeferida - PSOL 50\",\"isPartOf\":{\"@id\":\"https:\/\/psol50.org.br\/#website\"},\"primaryImageOfPage\":{\"@id\":\"https:\/\/psol50.org.br\/guilherme-boulos-sergio-moro-biografia-indeferida\/#primaryimage\"},\"image\":{\"@id\":\"https:\/\/psol50.org.br\/guilherme-boulos-sergio-moro-biografia-indeferida\/#primaryimage\"},\"thumbnailUrl\":\"https:\/\/psol50.org.br\/inc\/uploads\/2020\/04\/brasil-politica-jair-bolsonaro-sergio-moro-20190522-0002-1-910x607-1.jpg\",\"datePublished\":\"2020-05-04T21:21:17+00:00\",\"description\":\"O requerente \u00e9 diretamente respons\u00e1vel pela aberra\u00e7\u00e3o que, hoje, ele mesmo tenta denunciar. Leia o \\\"despacho\\\" de Guilherme Boulos.\",\"breadcrumb\":{\"@id\":\"https:\/\/psol50.org.br\/guilherme-boulos-sergio-moro-biografia-indeferida\/#breadcrumb\"},\"inLanguage\":\"pt-BR\",\"potentialAction\":[{\"@type\":\"ReadAction\",\"target\":[\"https:\/\/psol50.org.br\/guilherme-boulos-sergio-moro-biografia-indeferida\/\"]}]},{\"@type\":\"ImageObject\",\"inLanguage\":\"pt-BR\",\"@id\":\"https:\/\/psol50.org.br\/guilherme-boulos-sergio-moro-biografia-indeferida\/#primaryimage\",\"url\":\"https:\/\/psol50.org.br\/inc\/uploads\/2020\/04\/brasil-politica-jair-bolsonaro-sergio-moro-20190522-0002-1-910x607-1.jpg\",\"contentUrl\":\"https:\/\/psol50.org.br\/inc\/uploads\/2020\/04\/brasil-politica-jair-bolsonaro-sergio-moro-20190522-0002-1-910x607-1.jpg\",\"width\":910,\"height\":607,\"caption\":\"Foto: Rodolfo Buhrer\/La Imagem\"},{\"@type\":\"BreadcrumbList\",\"@id\":\"https:\/\/psol50.org.br\/guilherme-boulos-sergio-moro-biografia-indeferida\/#breadcrumb\",\"itemListElement\":[{\"@type\":\"ListItem\",\"position\":1,\"name\":\"In\u00edcio\",\"item\":\"https:\/\/psol50.org.br\/\"},{\"@type\":\"ListItem\",\"position\":2,\"name\":\"Guilherme Boulos | S\u00e9rgio Moro: biografia indeferida\"}]},{\"@type\":\"WebSite\",\"@id\":\"https:\/\/psol50.org.br\/#website\",\"url\":\"https:\/\/psol50.org.br\/\",\"name\":\"PSOL 50\",\"description\":\"Site oficial do Partido Socialismo e Liberdade\",\"publisher\":{\"@id\":\"https:\/\/psol50.org.br\/#organization\"},\"alternateName\":\"PSOL50\",\"potentialAction\":[{\"@type\":\"SearchAction\",\"target\":{\"@type\":\"EntryPoint\",\"urlTemplate\":\"https:\/\/psol50.org.br\/?s={search_term_string}\"},\"query-input\":{\"@type\":\"PropertyValueSpecification\",\"valueRequired\":true,\"valueName\":\"search_term_string\"}}],\"inLanguage\":\"pt-BR\"},{\"@type\":\"Organization\",\"@id\":\"https:\/\/psol50.org.br\/#organization\",\"name\":\"PSOL 50\",\"alternateName\":\"PSOL 50\",\"url\":\"https:\/\/psol50.org.br\/\",\"logo\":{\"@type\":\"ImageObject\",\"inLanguage\":\"pt-BR\",\"@id\":\"https:\/\/psol50.org.br\/#\/schema\/logo\/image\/\",\"url\":\"https:\/\/psol50.org.br\/inc\/uploads\/2018\/07\/capa.png\",\"contentUrl\":\"https:\/\/psol50.org.br\/inc\/uploads\/2018\/07\/capa.png\",\"width\":1350,\"height\":900,\"caption\":\"PSOL 50\"},\"image\":{\"@id\":\"https:\/\/psol50.org.br\/#\/schema\/logo\/image\/\"},\"sameAs\":[\"https:\/\/www.facebook.com\/psol50\",\"https:\/\/x.com\/psol50\",\"https:\/\/www.instagram.com\/psol50\/\",\"https:\/\/www.youtube.com\/channel\/UC7SnJS5o1os7a6CaiNabzcg\"]},{\"@type\":\"Person\",\"@id\":\"https:\/\/psol50.org.br\/#\/schema\/person\/475dfa57d0b815993c714c2e96491fcd\",\"name\":\"Comunica\u00e7\u00e3o PSOL\",\"image\":{\"@type\":\"ImageObject\",\"inLanguage\":\"pt-BR\",\"@id\":\"https:\/\/psol50.org.br\/#\/schema\/person\/image\/\",\"url\":\"https:\/\/secure.gravatar.com\/avatar\/b34fc4f4e468a4e51785917065a3db57b841f5c95dba6ad8c73aaf8f66f8f9bf?s=96&d=mm&r=g\",\"contentUrl\":\"https:\/\/secure.gravatar.com\/avatar\/b34fc4f4e468a4e51785917065a3db57b841f5c95dba6ad8c73aaf8f66f8f9bf?s=96&d=mm&r=g\",\"caption\":\"Comunica\u00e7\u00e3o PSOL\"}}]}<\/script>\n<!-- \/ Yoast SEO plugin. -->","yoast_head_json":{"title":"Guilherme Boulos | S\u00e9rgio Moro: biografia indeferida - PSOL 50","description":"O requerente \u00e9 diretamente respons\u00e1vel pela aberra\u00e7\u00e3o que, hoje, ele mesmo tenta denunciar. Leia o \"despacho\" de Guilherme Boulos.","robots":{"index":"index","follow":"follow","max-snippet":"max-snippet:-1","max-image-preview":"max-image-preview:large","max-video-preview":"max-video-preview:-1"},"canonical":"https:\/\/psol50.org.br\/guilherme-boulos-sergio-moro-biografia-indeferida\/","og_locale":"pt_BR","og_type":"article","og_title":"S\u00e9rgio Moro: biografia indeferida","og_description":"O requerente \u00e9 diretamente respons\u00e1vel pela aberra\u00e7\u00e3o que, hoje, ele mesmo tenta denunciar. Leia o \"despacho\" de Guilherme Boulos.","og_url":"https:\/\/psol50.org.br\/guilherme-boulos-sergio-moro-biografia-indeferida\/","og_site_name":"PSOL 50","article_publisher":"https:\/\/www.facebook.com\/psol50","article_published_time":"2020-05-04T21:21:17+00:00","og_image":[{"width":910,"height":607,"url":"https:\/\/psol50.org.br\/inc\/uploads\/2020\/04\/brasil-politica-jair-bolsonaro-sergio-moro-20190522-0002-1-910x607-1.jpg","type":"image\/jpeg"}],"author":"Comunica\u00e7\u00e3o PSOL","twitter_card":"summary_large_image","twitter_title":"S\u00e9rgio Moro: biografia indeferida","twitter_description":"O requerente \u00e9 diretamente respons\u00e1vel pela aberra\u00e7\u00e3o que, hoje, ele mesmo tenta denunciar. Leia o \"despacho\" de Guilherme Boulos.","twitter_image":"https:\/\/psol50.org.br\/inc\/uploads\/2020\/04\/brasil-politica-jair-bolsonaro-sergio-moro-20190522-0002-1-910x607-1.jpg","twitter_creator":"@psol50","twitter_site":"@psol50","twitter_misc":{"Escrito por":"Comunica\u00e7\u00e3o PSOL","Est. tempo de leitura":"5 minutos"},"schema":{"@context":"https:\/\/schema.org","@graph":[{"@type":"Article","@id":"https:\/\/psol50.org.br\/guilherme-boulos-sergio-moro-biografia-indeferida\/#article","isPartOf":{"@id":"https:\/\/psol50.org.br\/guilherme-boulos-sergio-moro-biografia-indeferida\/"},"author":{"name":"Comunica\u00e7\u00e3o PSOL","@id":"https:\/\/psol50.org.br\/#\/schema\/person\/475dfa57d0b815993c714c2e96491fcd"},"headline":"Guilherme Boulos | S\u00e9rgio Moro: biografia indeferida","datePublished":"2020-05-04T21:21:17+00:00","mainEntityOfPage":{"@id":"https:\/\/psol50.org.br\/guilherme-boulos-sergio-moro-biografia-indeferida\/"},"wordCount":1046,"publisher":{"@id":"https:\/\/psol50.org.br\/#organization"},"image":{"@id":"https:\/\/psol50.org.br\/guilherme-boulos-sergio-moro-biografia-indeferida\/#primaryimage"},"thumbnailUrl":"https:\/\/psol50.org.br\/inc\/uploads\/2020\/04\/brasil-politica-jair-bolsonaro-sergio-moro-20190522-0002-1-910x607-1.jpg","keywords":["Bolsonaro","Boulos","Moro"],"articleSection":["Artigos","Not\u00edcias"],"inLanguage":"pt-BR"},{"@type":"WebPage","@id":"https:\/\/psol50.org.br\/guilherme-boulos-sergio-moro-biografia-indeferida\/","url":"https:\/\/psol50.org.br\/guilherme-boulos-sergio-moro-biografia-indeferida\/","name":"Guilherme Boulos | S\u00e9rgio Moro: biografia indeferida - PSOL 50","isPartOf":{"@id":"https:\/\/psol50.org.br\/#website"},"primaryImageOfPage":{"@id":"https:\/\/psol50.org.br\/guilherme-boulos-sergio-moro-biografia-indeferida\/#primaryimage"},"image":{"@id":"https:\/\/psol50.org.br\/guilherme-boulos-sergio-moro-biografia-indeferida\/#primaryimage"},"thumbnailUrl":"https:\/\/psol50.org.br\/inc\/uploads\/2020\/04\/brasil-politica-jair-bolsonaro-sergio-moro-20190522-0002-1-910x607-1.jpg","datePublished":"2020-05-04T21:21:17+00:00","description":"O requerente \u00e9 diretamente respons\u00e1vel pela aberra\u00e7\u00e3o que, hoje, ele mesmo tenta denunciar. Leia o \"despacho\" de Guilherme Boulos.","breadcrumb":{"@id":"https:\/\/psol50.org.br\/guilherme-boulos-sergio-moro-biografia-indeferida\/#breadcrumb"},"inLanguage":"pt-BR","potentialAction":[{"@type":"ReadAction","target":["https:\/\/psol50.org.br\/guilherme-boulos-sergio-moro-biografia-indeferida\/"]}]},{"@type":"ImageObject","inLanguage":"pt-BR","@id":"https:\/\/psol50.org.br\/guilherme-boulos-sergio-moro-biografia-indeferida\/#primaryimage","url":"https:\/\/psol50.org.br\/inc\/uploads\/2020\/04\/brasil-politica-jair-bolsonaro-sergio-moro-20190522-0002-1-910x607-1.jpg","contentUrl":"https:\/\/psol50.org.br\/inc\/uploads\/2020\/04\/brasil-politica-jair-bolsonaro-sergio-moro-20190522-0002-1-910x607-1.jpg","width":910,"height":607,"caption":"Foto: Rodolfo Buhrer\/La Imagem"},{"@type":"BreadcrumbList","@id":"https:\/\/psol50.org.br\/guilherme-boulos-sergio-moro-biografia-indeferida\/#breadcrumb","itemListElement":[{"@type":"ListItem","position":1,"name":"In\u00edcio","item":"https:\/\/psol50.org.br\/"},{"@type":"ListItem","position":2,"name":"Guilherme Boulos | S\u00e9rgio Moro: biografia indeferida"}]},{"@type":"WebSite","@id":"https:\/\/psol50.org.br\/#website","url":"https:\/\/psol50.org.br\/","name":"PSOL 50","description":"Site oficial do Partido Socialismo e Liberdade","publisher":{"@id":"https:\/\/psol50.org.br\/#organization"},"alternateName":"PSOL50","potentialAction":[{"@type":"SearchAction","target":{"@type":"EntryPoint","urlTemplate":"https:\/\/psol50.org.br\/?s={search_term_string}"},"query-input":{"@type":"PropertyValueSpecification","valueRequired":true,"valueName":"search_term_string"}}],"inLanguage":"pt-BR"},{"@type":"Organization","@id":"https:\/\/psol50.org.br\/#organization","name":"PSOL 50","alternateName":"PSOL 50","url":"https:\/\/psol50.org.br\/","logo":{"@type":"ImageObject","inLanguage":"pt-BR","@id":"https:\/\/psol50.org.br\/#\/schema\/logo\/image\/","url":"https:\/\/psol50.org.br\/inc\/uploads\/2018\/07\/capa.png","contentUrl":"https:\/\/psol50.org.br\/inc\/uploads\/2018\/07\/capa.png","width":1350,"height":900,"caption":"PSOL 50"},"image":{"@id":"https:\/\/psol50.org.br\/#\/schema\/logo\/image\/"},"sameAs":["https:\/\/www.facebook.com\/psol50","https:\/\/x.com\/psol50","https:\/\/www.instagram.com\/psol50\/","https:\/\/www.youtube.com\/channel\/UC7SnJS5o1os7a6CaiNabzcg"]},{"@type":"Person","@id":"https:\/\/psol50.org.br\/#\/schema\/person\/475dfa57d0b815993c714c2e96491fcd","name":"Comunica\u00e7\u00e3o PSOL","image":{"@type":"ImageObject","inLanguage":"pt-BR","@id":"https:\/\/psol50.org.br\/#\/schema\/person\/image\/","url":"https:\/\/secure.gravatar.com\/avatar\/b34fc4f4e468a4e51785917065a3db57b841f5c95dba6ad8c73aaf8f66f8f9bf?s=96&d=mm&r=g","contentUrl":"https:\/\/secure.gravatar.com\/avatar\/b34fc4f4e468a4e51785917065a3db57b841f5c95dba6ad8c73aaf8f66f8f9bf?s=96&d=mm&r=g","caption":"Comunica\u00e7\u00e3o PSOL"}}]}},"_links":{"self":[{"href":"https:\/\/psol50.org.br\/rest\/wp\/v2\/posts\/28647","targetHints":{"allow":["GET"]}}],"collection":[{"href":"https:\/\/psol50.org.br\/rest\/wp\/v2\/posts"}],"about":[{"href":"https:\/\/psol50.org.br\/rest\/wp\/v2\/types\/post"}],"author":[{"embeddable":true,"href":"https:\/\/psol50.org.br\/rest\/wp\/v2\/users\/2"}],"replies":[{"embeddable":true,"href":"https:\/\/psol50.org.br\/rest\/wp\/v2\/comments?post=28647"}],"version-history":[{"count":0,"href":"https:\/\/psol50.org.br\/rest\/wp\/v2\/posts\/28647\/revisions"}],"wp:featuredmedia":[{"embeddable":true,"href":"https:\/\/psol50.org.br\/rest\/wp\/v2\/media\/28539"}],"wp:attachment":[{"href":"https:\/\/psol50.org.br\/rest\/wp\/v2\/media?parent=28647"}],"wp:term":[{"taxonomy":"category","embeddable":true,"href":"https:\/\/psol50.org.br\/rest\/wp\/v2\/categories?post=28647"},{"taxonomy":"post_tag","embeddable":true,"href":"https:\/\/psol50.org.br\/rest\/wp\/v2\/tags?post=28647"}],"curies":[{"name":"wp","href":"https:\/\/api.w.org\/{rel}","templated":true}]}}