{"id":2865,"date":"2014-07-18T00:00:00","date_gmt":"2014-07-18T19:20:48","guid":{"rendered":"http:\/\/psol50.org.br\/arquivo\/2014\/07\/18\/psol-reage-a-atentado-policial-a-campanha-de-luciana-genro-em-sao-paulo\/"},"modified":"2014-07-18T00:00:00","modified_gmt":"2014-07-18T19:20:48","slug":"psol-reage-a-atentado-policial-a-campanha-de-luciana-genro-em-sao-paulo","status":"publish","type":"post","link":"https:\/\/psol50.org.br\/psol-reage-a-atentado-policial-a-campanha-de-luciana-genro-em-sao-paulo\/","title":{"rendered":"PSOL reage a atentado policial \u00e0 campanha de Luciana Genro em S\u00e3o Paulo"},"content":{"rendered":"<p style=\"margin-bottom: 0cm; line-height: 0.32cm; text-align: justify;\">\n\t<span style=\"font-size:12px;\"><font face=\"Arial, sans-serif\"><font face=\"Arial\">Por <em>Reda\u00e7\u00e3o #Equipe50<\/em><\/p>\n<p>\tA coordena\u00e7\u00e3o de campanha da candidata do PSOL \u00e0 Presid\u00eancia da Rep\u00fablica, Luciana Genro, <\/font><font face=\"Arial\">divulgou a nota abaixo <\/font><font face=\"Arial\">sobre o ocorrido nesta tarde, em S\u00e3o Paulo. Luciana foi atingida por spray de pimenta enquanto fazia uma panfletagem, na esquina da Avenida Paulista com a Rua Augusta. Dois policiais militares que passavam pelo local borrifaram spray de pimenta no grupo de mais de 100 pessoas, atingindo tamb\u00e9m militantes e candidatos e parlamentares, como o deputado federal Ivan Valente (PSOL), o deputado estadual Carlos Giannazi (PSOL) e o professor Gilberto Maringoni, candidato do partido ao governo estadual. Saiba mais sobre o fato: <\/font><font face=\"Arial\"><a href=\"http:\/\/bit.ly\/1rahqIa\">http:\/\/bit.ly\/1rahqIa<\/a>. <\/font> <\/font><\/p>\n<p>\t<font face=\"Arial, sans-serif\">Confira a nota.<\/font><\/p>\n<p>\n\t<font face=\"Arial, sans-serif\"><b>Exigimos explica\u00e7\u00f5es do governador Alckmin sobre a agress\u00e3o \u00e0 campanha de Luciana Genro<\/b><\/font><\/span><\/p>\n<p style=\"margin-bottom: 0cm; line-height: 0.32cm; text-align: right;\">\n\t<br \/>\n\t<span style=\"font-size:12px;\"><font face=\"Arial, sans-serif\">S\u00e3o Paulo, 18 de julho de 2014<\/font><\/span><\/p>\n<p style=\"margin-bottom: 0cm; line-height: 0.32cm; text-align: justify;\">\n\t<br \/>\n\t<span style=\"font-size:12px;\"><font face=\"Arial, sans-serif\">Hoje, \u00e0s 12h30, a campanha de Luciana Genro foi alvo de agress\u00e3o por policiais militares de S\u00e3o Paulo, que atacaram com spray de pimenta os militantes e candidatos que se reuniam na esquina da avenida Paulista com a rua Augusta, inclusive a pr\u00f3pria candidata \u00e0 Presid\u00eancia da Rep\u00fablica.<\/font><\/span><\/p>\n<p>\t<span style=\"font-size:12px;\"><font face=\"Arial, sans-serif\">Diante deste fato, a Coordena\u00e7\u00e3o da Campanha Presidencial do PSOL exigir\u00e1 explica\u00e7\u00f5es e a apura\u00e7\u00e3o dos respons\u00e1veis por esta agress\u00e3o, em audi\u00eancia que ser\u00e1 solicitada com a Secretaria de Seguran\u00e7a P\u00fablica do Estado de S\u00e3o Paulo. \u201cNossa campanha foi agredida, eu pessoalmente fui atingida pelo g\u00e1s, e n\u00e3o vamos deixar este fato passar em branco. \u00c9 uma afronta \u00e0 democracia e o governador Alckmin tem que se pronunciar\u201d, declarou Luciana Genro.<\/font><\/span><\/p>\n<p>\t<span style=\"font-size:12px;\"><font face=\"Arial, sans-serif\">O presidente do partido e coordenador geral da Campanha, Luiz Ara\u00fajo, tamb\u00e9m se pronunciou. &#8220;O PSOL repudia esse atentado ao livre direito de expressar suas posi\u00e7\u00f5es e tomar\u00e1 todas as medidas necess\u00e1rias para identificar a autoria dos respons\u00e1veis por este ato autorit\u00e1rio e truculento&#8221; afirmou.<\/font><\/span><\/p>\n<p style=\"margin-bottom: 0cm\">\n\t&nbsp;<\/p>\n","protected":false},"excerpt":{"rendered":"<p>\u201cNossa campanha foi agredida, eu pessoalmente fui atingida pelo g\u00e1s, e n\u00e3o vamos deixar este fato passar em branco. \u00c9 uma afronta \u00e0 democracia e o governador Alckmin tem que se pronunciar\u201d, declarou Luciana Genro<\/p>\n","protected":false},"author":2,"featured_media":0,"comment_status":"open","ping_status":"open","sticky":false,"template":"","format":"standard","meta":{"_acf_changed":false,"footnotes":""},"categories":[4766,4960,6],"tags":[2506,22],"class_list":{"0":"post-2865","1":"post","2":"type-post","3":"status-publish","4":"format-standard","6":"category-arquivo","7":"category-eleicoes-2014","8":"category-noticias","9":"tag-eleicoes-2014","10":"tag-psol"},"acf":[],"yoast_head":"<!-- This site is optimized with the Yoast SEO plugin v26.5 - https:\/\/yoast.com\/wordpress\/plugins\/seo\/ -->\n<title>PSOL reage a atentado policial \u00e0 campanha de Luciana Genro em S\u00e3o Paulo - PSOL 50<\/title>\n<meta name=\"robots\" content=\"index, follow, max-snippet:-1, max-image-preview:large, max-video-preview:-1\" \/>\n<link rel=\"canonical\" href=\"https:\/\/psol50.org.br\/psol-reage-a-atentado-policial-a-campanha-de-luciana-genro-em-sao-paulo\/\" \/>\n<meta property=\"og:locale\" content=\"pt_BR\" \/>\n<meta property=\"og:type\" content=\"article\" \/>\n<meta property=\"og:title\" content=\"PSOL reage a atentado policial \u00e0 campanha de Luciana Genro em S\u00e3o Paulo - PSOL 50\" \/>\n<meta property=\"og:description\" content=\"\u201cNossa campanha foi agredida, eu pessoalmente fui atingida pelo g\u00e1s, e n\u00e3o vamos deixar este fato passar em branco. \u00c9 uma afronta \u00e0 democracia e o governador Alckmin tem que se pronunciar\u201d, declarou Luciana Genro\" \/>\n<meta property=\"og:url\" content=\"https:\/\/psol50.org.br\/psol-reage-a-atentado-policial-a-campanha-de-luciana-genro-em-sao-paulo\/\" \/>\n<meta property=\"og:site_name\" content=\"PSOL 50\" \/>\n<meta property=\"article:publisher\" content=\"https:\/\/www.facebook.com\/psol50\" \/>\n<meta property=\"article:published_time\" content=\"2014-07-18T19:20:48+00:00\" \/>\n<meta property=\"og:image\" content=\"https:\/\/psol50.org.br\/inc\/uploads\/2018\/07\/capa.png\" \/>\n\t<meta property=\"og:image:width\" content=\"1350\" \/>\n\t<meta property=\"og:image:height\" content=\"900\" \/>\n\t<meta property=\"og:image:type\" content=\"image\/png\" \/>\n<meta name=\"author\" content=\"Comunica\u00e7\u00e3o PSOL\" \/>\n<meta name=\"twitter:card\" content=\"summary_large_image\" \/>\n<meta name=\"twitter:creator\" content=\"@psol50\" \/>\n<meta name=\"twitter:site\" content=\"@psol50\" \/>\n<meta name=\"twitter:label1\" content=\"Escrito por\" \/>\n\t<meta name=\"twitter:data1\" content=\"Comunica\u00e7\u00e3o PSOL\" \/>\n\t<meta name=\"twitter:label2\" content=\"Est. tempo de leitura\" \/>\n\t<meta name=\"twitter:data2\" content=\"2 minutos\" \/>\n<script type=\"application\/ld+json\" class=\"yoast-schema-graph\">{\"@context\":\"https:\/\/schema.org\",\"@graph\":[{\"@type\":\"Article\",\"@id\":\"https:\/\/psol50.org.br\/psol-reage-a-atentado-policial-a-campanha-de-luciana-genro-em-sao-paulo\/#article\",\"isPartOf\":{\"@id\":\"https:\/\/psol50.org.br\/psol-reage-a-atentado-policial-a-campanha-de-luciana-genro-em-sao-paulo\/\"},\"author\":{\"name\":\"Comunica\u00e7\u00e3o PSOL\",\"@id\":\"https:\/\/psol50.org.br\/#\/schema\/person\/475dfa57d0b815993c714c2e96491fcd\"},\"headline\":\"PSOL reage a atentado policial \u00e0 campanha de Luciana Genro em S\u00e3o Paulo\",\"datePublished\":\"2014-07-18T19:20:48+00:00\",\"mainEntityOfPage\":{\"@id\":\"https:\/\/psol50.org.br\/psol-reage-a-atentado-policial-a-campanha-de-luciana-genro-em-sao-paulo\/\"},\"wordCount\":331,\"commentCount\":0,\"publisher\":{\"@id\":\"https:\/\/psol50.org.br\/#organization\"},\"keywords\":[\"elei\u00e7\u00f5es 2014\",\"PSOL\"],\"articleSection\":[\"Arquivo\",\"ELEI\u00c7\u00d5ES 2014\",\"Not\u00edcias\"],\"inLanguage\":\"pt-BR\",\"potentialAction\":[{\"@type\":\"CommentAction\",\"name\":\"Comment\",\"target\":[\"https:\/\/psol50.org.br\/psol-reage-a-atentado-policial-a-campanha-de-luciana-genro-em-sao-paulo\/#respond\"]}]},{\"@type\":\"WebPage\",\"@id\":\"https:\/\/psol50.org.br\/psol-reage-a-atentado-policial-a-campanha-de-luciana-genro-em-sao-paulo\/\",\"url\":\"https:\/\/psol50.org.br\/psol-reage-a-atentado-policial-a-campanha-de-luciana-genro-em-sao-paulo\/\",\"name\":\"PSOL reage a atentado policial \u00e0 campanha de Luciana Genro em S\u00e3o Paulo - PSOL 50\",\"isPartOf\":{\"@id\":\"https:\/\/psol50.org.br\/#website\"},\"datePublished\":\"2014-07-18T19:20:48+00:00\",\"breadcrumb\":{\"@id\":\"https:\/\/psol50.org.br\/psol-reage-a-atentado-policial-a-campanha-de-luciana-genro-em-sao-paulo\/#breadcrumb\"},\"inLanguage\":\"pt-BR\",\"potentialAction\":[{\"@type\":\"ReadAction\",\"target\":[\"https:\/\/psol50.org.br\/psol-reage-a-atentado-policial-a-campanha-de-luciana-genro-em-sao-paulo\/\"]}]},{\"@type\":\"BreadcrumbList\",\"@id\":\"https:\/\/psol50.org.br\/psol-reage-a-atentado-policial-a-campanha-de-luciana-genro-em-sao-paulo\/#breadcrumb\",\"itemListElement\":[{\"@type\":\"ListItem\",\"position\":1,\"name\":\"In\u00edcio\",\"item\":\"https:\/\/psol50.org.br\/\"},{\"@type\":\"ListItem\",\"position\":2,\"name\":\"PSOL reage a atentado policial \u00e0 campanha de Luciana Genro em S\u00e3o Paulo\"}]},{\"@type\":\"WebSite\",\"@id\":\"https:\/\/psol50.org.br\/#website\",\"url\":\"https:\/\/psol50.org.br\/\",\"name\":\"PSOL 50\",\"description\":\"Site oficial do Partido Socialismo e Liberdade\",\"publisher\":{\"@id\":\"https:\/\/psol50.org.br\/#organization\"},\"alternateName\":\"PSOL50\",\"potentialAction\":[{\"@type\":\"SearchAction\",\"target\":{\"@type\":\"EntryPoint\",\"urlTemplate\":\"https:\/\/psol50.org.br\/?s={search_term_string}\"},\"query-input\":{\"@type\":\"PropertyValueSpecification\",\"valueRequired\":true,\"valueName\":\"search_term_string\"}}],\"inLanguage\":\"pt-BR\"},{\"@type\":\"Organization\",\"@id\":\"https:\/\/psol50.org.br\/#organization\",\"name\":\"PSOL 50\",\"alternateName\":\"PSOL 50\",\"url\":\"https:\/\/psol50.org.br\/\",\"logo\":{\"@type\":\"ImageObject\",\"inLanguage\":\"pt-BR\",\"@id\":\"https:\/\/psol50.org.br\/#\/schema\/logo\/image\/\",\"url\":\"https:\/\/psol50.org.br\/inc\/uploads\/2018\/07\/capa.png\",\"contentUrl\":\"https:\/\/psol50.org.br\/inc\/uploads\/2018\/07\/capa.png\",\"width\":1350,\"height\":900,\"caption\":\"PSOL 50\"},\"image\":{\"@id\":\"https:\/\/psol50.org.br\/#\/schema\/logo\/image\/\"},\"sameAs\":[\"https:\/\/www.facebook.com\/psol50\",\"https:\/\/x.com\/psol50\",\"https:\/\/www.instagram.com\/psol50\/\",\"https:\/\/www.youtube.com\/channel\/UC7SnJS5o1os7a6CaiNabzcg\"]},{\"@type\":\"Person\",\"@id\":\"https:\/\/psol50.org.br\/#\/schema\/person\/475dfa57d0b815993c714c2e96491fcd\",\"name\":\"Comunica\u00e7\u00e3o PSOL\",\"image\":{\"@type\":\"ImageObject\",\"inLanguage\":\"pt-BR\",\"@id\":\"https:\/\/psol50.org.br\/#\/schema\/person\/image\/\",\"url\":\"https:\/\/secure.gravatar.com\/avatar\/b34fc4f4e468a4e51785917065a3db57b841f5c95dba6ad8c73aaf8f66f8f9bf?s=96&d=mm&r=g\",\"contentUrl\":\"https:\/\/secure.gravatar.com\/avatar\/b34fc4f4e468a4e51785917065a3db57b841f5c95dba6ad8c73aaf8f66f8f9bf?s=96&d=mm&r=g\",\"caption\":\"Comunica\u00e7\u00e3o PSOL\"}}]}<\/script>\n<!-- \/ Yoast SEO plugin. -->","yoast_head_json":{"title":"PSOL reage a atentado policial \u00e0 campanha de Luciana Genro em S\u00e3o Paulo - PSOL 50","robots":{"index":"index","follow":"follow","max-snippet":"max-snippet:-1","max-image-preview":"max-image-preview:large","max-video-preview":"max-video-preview:-1"},"canonical":"https:\/\/psol50.org.br\/psol-reage-a-atentado-policial-a-campanha-de-luciana-genro-em-sao-paulo\/","og_locale":"pt_BR","og_type":"article","og_title":"PSOL reage a atentado policial \u00e0 campanha de Luciana Genro em S\u00e3o Paulo - PSOL 50","og_description":"\u201cNossa campanha foi agredida, eu pessoalmente fui atingida pelo g\u00e1s, e n\u00e3o vamos deixar este fato passar em branco. \u00c9 uma afronta \u00e0 democracia e o governador Alckmin tem que se pronunciar\u201d, declarou Luciana Genro","og_url":"https:\/\/psol50.org.br\/psol-reage-a-atentado-policial-a-campanha-de-luciana-genro-em-sao-paulo\/","og_site_name":"PSOL 50","article_publisher":"https:\/\/www.facebook.com\/psol50","article_published_time":"2014-07-18T19:20:48+00:00","og_image":[{"width":1350,"height":900,"url":"https:\/\/psol50.org.br\/inc\/uploads\/2018\/07\/capa.png","type":"image\/png"}],"author":"Comunica\u00e7\u00e3o PSOL","twitter_card":"summary_large_image","twitter_creator":"@psol50","twitter_site":"@psol50","twitter_misc":{"Escrito por":"Comunica\u00e7\u00e3o PSOL","Est. tempo de leitura":"2 minutos"},"schema":{"@context":"https:\/\/schema.org","@graph":[{"@type":"Article","@id":"https:\/\/psol50.org.br\/psol-reage-a-atentado-policial-a-campanha-de-luciana-genro-em-sao-paulo\/#article","isPartOf":{"@id":"https:\/\/psol50.org.br\/psol-reage-a-atentado-policial-a-campanha-de-luciana-genro-em-sao-paulo\/"},"author":{"name":"Comunica\u00e7\u00e3o PSOL","@id":"https:\/\/psol50.org.br\/#\/schema\/person\/475dfa57d0b815993c714c2e96491fcd"},"headline":"PSOL reage a atentado policial \u00e0 campanha de Luciana Genro em S\u00e3o Paulo","datePublished":"2014-07-18T19:20:48+00:00","mainEntityOfPage":{"@id":"https:\/\/psol50.org.br\/psol-reage-a-atentado-policial-a-campanha-de-luciana-genro-em-sao-paulo\/"},"wordCount":331,"commentCount":0,"publisher":{"@id":"https:\/\/psol50.org.br\/#organization"},"keywords":["elei\u00e7\u00f5es 2014","PSOL"],"articleSection":["Arquivo","ELEI\u00c7\u00d5ES 2014","Not\u00edcias"],"inLanguage":"pt-BR","potentialAction":[{"@type":"CommentAction","name":"Comment","target":["https:\/\/psol50.org.br\/psol-reage-a-atentado-policial-a-campanha-de-luciana-genro-em-sao-paulo\/#respond"]}]},{"@type":"WebPage","@id":"https:\/\/psol50.org.br\/psol-reage-a-atentado-policial-a-campanha-de-luciana-genro-em-sao-paulo\/","url":"https:\/\/psol50.org.br\/psol-reage-a-atentado-policial-a-campanha-de-luciana-genro-em-sao-paulo\/","name":"PSOL reage a atentado policial \u00e0 campanha de Luciana Genro em S\u00e3o Paulo - PSOL 50","isPartOf":{"@id":"https:\/\/psol50.org.br\/#website"},"datePublished":"2014-07-18T19:20:48+00:00","breadcrumb":{"@id":"https:\/\/psol50.org.br\/psol-reage-a-atentado-policial-a-campanha-de-luciana-genro-em-sao-paulo\/#breadcrumb"},"inLanguage":"pt-BR","potentialAction":[{"@type":"ReadAction","target":["https:\/\/psol50.org.br\/psol-reage-a-atentado-policial-a-campanha-de-luciana-genro-em-sao-paulo\/"]}]},{"@type":"BreadcrumbList","@id":"https:\/\/psol50.org.br\/psol-reage-a-atentado-policial-a-campanha-de-luciana-genro-em-sao-paulo\/#breadcrumb","itemListElement":[{"@type":"ListItem","position":1,"name":"In\u00edcio","item":"https:\/\/psol50.org.br\/"},{"@type":"ListItem","position":2,"name":"PSOL reage a atentado policial \u00e0 campanha de Luciana Genro em S\u00e3o Paulo"}]},{"@type":"WebSite","@id":"https:\/\/psol50.org.br\/#website","url":"https:\/\/psol50.org.br\/","name":"PSOL 50","description":"Site oficial do Partido Socialismo e Liberdade","publisher":{"@id":"https:\/\/psol50.org.br\/#organization"},"alternateName":"PSOL50","potentialAction":[{"@type":"SearchAction","target":{"@type":"EntryPoint","urlTemplate":"https:\/\/psol50.org.br\/?s={search_term_string}"},"query-input":{"@type":"PropertyValueSpecification","valueRequired":true,"valueName":"search_term_string"}}],"inLanguage":"pt-BR"},{"@type":"Organization","@id":"https:\/\/psol50.org.br\/#organization","name":"PSOL 50","alternateName":"PSOL 50","url":"https:\/\/psol50.org.br\/","logo":{"@type":"ImageObject","inLanguage":"pt-BR","@id":"https:\/\/psol50.org.br\/#\/schema\/logo\/image\/","url":"https:\/\/psol50.org.br\/inc\/uploads\/2018\/07\/capa.png","contentUrl":"https:\/\/psol50.org.br\/inc\/uploads\/2018\/07\/capa.png","width":1350,"height":900,"caption":"PSOL 50"},"image":{"@id":"https:\/\/psol50.org.br\/#\/schema\/logo\/image\/"},"sameAs":["https:\/\/www.facebook.com\/psol50","https:\/\/x.com\/psol50","https:\/\/www.instagram.com\/psol50\/","https:\/\/www.youtube.com\/channel\/UC7SnJS5o1os7a6CaiNabzcg"]},{"@type":"Person","@id":"https:\/\/psol50.org.br\/#\/schema\/person\/475dfa57d0b815993c714c2e96491fcd","name":"Comunica\u00e7\u00e3o PSOL","image":{"@type":"ImageObject","inLanguage":"pt-BR","@id":"https:\/\/psol50.org.br\/#\/schema\/person\/image\/","url":"https:\/\/secure.gravatar.com\/avatar\/b34fc4f4e468a4e51785917065a3db57b841f5c95dba6ad8c73aaf8f66f8f9bf?s=96&d=mm&r=g","contentUrl":"https:\/\/secure.gravatar.com\/avatar\/b34fc4f4e468a4e51785917065a3db57b841f5c95dba6ad8c73aaf8f66f8f9bf?s=96&d=mm&r=g","caption":"Comunica\u00e7\u00e3o PSOL"}}]}},"_links":{"self":[{"href":"https:\/\/psol50.org.br\/rest\/wp\/v2\/posts\/2865","targetHints":{"allow":["GET"]}}],"collection":[{"href":"https:\/\/psol50.org.br\/rest\/wp\/v2\/posts"}],"about":[{"href":"https:\/\/psol50.org.br\/rest\/wp\/v2\/types\/post"}],"author":[{"embeddable":true,"href":"https:\/\/psol50.org.br\/rest\/wp\/v2\/users\/2"}],"replies":[{"embeddable":true,"href":"https:\/\/psol50.org.br\/rest\/wp\/v2\/comments?post=2865"}],"version-history":[{"count":0,"href":"https:\/\/psol50.org.br\/rest\/wp\/v2\/posts\/2865\/revisions"}],"wp:attachment":[{"href":"https:\/\/psol50.org.br\/rest\/wp\/v2\/media?parent=2865"}],"wp:term":[{"taxonomy":"category","embeddable":true,"href":"https:\/\/psol50.org.br\/rest\/wp\/v2\/categories?post=2865"},{"taxonomy":"post_tag","embeddable":true,"href":"https:\/\/psol50.org.br\/rest\/wp\/v2\/tags?post=2865"}],"curies":[{"name":"wp","href":"https:\/\/api.w.org\/{rel}","templated":true}]}}