{"id":28654,"date":"2020-05-05T10:11:58","date_gmt":"2020-05-05T13:11:58","guid":{"rendered":"https:\/\/psol50.org.br\/?p=28654"},"modified":"2020-05-05T10:11:58","modified_gmt":"2020-05-05T13:11:58","slug":"psol-convoca-novo-chefe-da-pf-indicado-por-bolsonaro-para-dar-explicacoes-na-camara","status":"publish","type":"post","link":"https:\/\/psol50.org.br\/psol-convoca-novo-chefe-da-pf-indicado-por-bolsonaro-para-dar-explicacoes-na-camara\/","title":{"rendered":"PSOL convoca novo chefe da PF indicado por Bolsonaro para dar explica\u00e7\u00f5es na C\u00e2mara"},"content":{"rendered":"<p><a href=\"https:\/\/psol50.org.br\/coronavirus\/\" target=\"_blank\" rel=\"noopener noreferrer\"><img loading=\"lazy\" decoding=\"async\" class=\"alignnone size-full wp-image-27838\" src=\"https:\/\/psol50.org.br\/inc\/uploads\/2020\/03\/Banner-Site_3.png\" alt=\"\" width=\"1240\" height=\"331\" srcset=\"https:\/\/psol50.org.br\/inc\/uploads\/2020\/03\/Banner-Site_3.png 1240w, https:\/\/psol50.org.br\/inc\/uploads\/2020\/03\/Banner-Site_3-300x80.png 300w, https:\/\/psol50.org.br\/inc\/uploads\/2020\/03\/Banner-Site_3-1024x273.png 1024w, https:\/\/psol50.org.br\/inc\/uploads\/2020\/03\/Banner-Site_3-768x205.png 768w, https:\/\/psol50.org.br\/inc\/uploads\/2020\/03\/Banner-Site_3-150x40.png 150w, https:\/\/psol50.org.br\/inc\/uploads\/2020\/03\/Banner-Site_3-696x186.png 696w, https:\/\/psol50.org.br\/inc\/uploads\/2020\/03\/Banner-Site_3-1068x285.png 1068w\" sizes=\"auto, (max-width: 1240px) 100vw, 1240px\" \/><\/a><\/p>\n<p>A bancada do PSOL apresentou, na \u00faltima segunda-feira (4), um <strong><a href=\"https:\/\/psol50.org.br\/inc\/uploads\/2020\/05\/Comparecimento-DGPF.pdf\" target=\"_blank\" rel=\"noopener noreferrer\">requerimento de convoca\u00e7\u00e3o do novo diretor-geral da Pol\u00edcia Federal, Rolando Alexandre de Souza,<\/a><\/strong> para prestar esclarecimentos sobre seu plano de trabalho em uma sess\u00e3o virtual do plen\u00e1rio da C\u00e2mara dos Deputados.<\/p>\n<p>O novo diretor da PF foi indicado e nomeado de forma rel\u00e2mpago por Bolsonaro, ap\u00f3s a tentativa de indicar Alexandre Ramagem para o cargo, que foi chefe de seguran\u00e7a de Bolsonaro, al\u00e9m de ser amigo \u00edntimo de Carlos Bolsonaro, filho do presidente. O ministro do Supremo Tribunal Federal (STF) Alexandre de Moraes suspendeu a nomea\u00e7\u00e3o\u00a0devido a ind\u00edcios de desvio de finalidade na escolha de Ramagem ao posto.<\/p>\n<p>No pronunciamento que fez quando pediu demiss\u00e3o do cargo, o ex-ministro da Justi\u00e7a Sergio Moro disse que Jair Bolsonaro queria trocar o diretor-geral para interferir politicamente na pol\u00edcia. Moro afirmou que o Bolsonaro queria mudan\u00e7as no Rio e em Pernambuco.<\/p>\n<p>Rolando Alexandre de Souza e\u0301 delegado da PF e desde setembro de 2019 ocupava o cargo de secreta\u0301rio de Planejamento e Gest\u00e3o da Ag\u00eancia Brasileira de Intelig\u00eancia (Abin), aonde chegou por indica\u00e7\u00e3o de Alexandre Ramagem. O novo diretor-geral j\u00e1 mostrou a que veio e substituiu o comando da Superintend\u00eancia da Pol\u00edcia Federal no Rio de Janeiro, que era exercido por Carlos Henrique Oliveira.<\/p>\n<p>&#8220;A proximidade entre Ramagem e o rece\u0301m empossado diretor-geral da PF chama a aten\u00e7\u00e3o e deve sofrer o escrut\u00ednio do Congresso Nacional, diante das graves den\u00fancias levantadas pelo ex-ministro Se\u0301rgio Moro&#8221;, afirmam os parlamentares do PSOL no pedido de convoca\u00e7\u00e3o.<\/p>\n<p>A Pol\u00edcia Federal e\u0301 subordinada ao Ministe\u0301rio da Justi\u00e7a e da Seguran\u00e7a P\u00fablica. Segundo informa\u00e7\u00f5es da imprensa, o inc\u00f4modo de Bolsonaro viria do trabalho que estava sendo realizado pela PF diante dos inque\u0301ritos que apuram um \u201csuposto esquema de fake news para atacar autoridades, entre elas, alguns de seus advers\u00e1rios pol\u00edticos, e as manifesta\u00e7\u00f5es pr\u00f3-golpe militar promovidas por grupos bolsonaristas\u201d nos \u00faltimos finais de semana.<\/p>\n","protected":false},"excerpt":{"rendered":"<p>A bancada do PSOL apresentou, na \u00faltima segunda-feira (4), um requerimento de convoca\u00e7\u00e3o do novo diretor-geral da Pol\u00edcia Federal, Rolando Alexandre de Souza, para prestar esclarecimentos sobre seu plano de trabalho em uma sess\u00e3o virtual do plen\u00e1rio da C\u00e2mara dos Deputados. O novo diretor da PF foi indicado e nomeado de forma rel\u00e2mpago por Bolsonaro, [&hellip;]<\/p>\n","protected":false},"author":2,"featured_media":28657,"comment_status":"closed","ping_status":"open","sticky":false,"template":"","format":"standard","meta":{"_acf_changed":false,"footnotes":""},"categories":[10,6],"tags":[599,56,177,436,457,22,618],"class_list":{"0":"post-28654","1":"post","2":"type-post","3":"status-publish","4":"format-standard","5":"has-post-thumbnail","7":"category-acao-parlamentares","8":"category-noticias","9":"tag-alexandre-ramagem","10":"tag-bolsonaro","11":"tag-moro","12":"tag-pf","13":"tag-policia-federal","14":"tag-psol","15":"tag-rolando-alexandre-de-souza"},"acf":[],"yoast_head":"<!-- This site is optimized with the Yoast SEO plugin v26.5 - https:\/\/yoast.com\/wordpress\/plugins\/seo\/ -->\n<title>PSOL convoca novo chefe da PF indicado por Bolsonaro para dar explica\u00e7\u00f5es na C\u00e2mara<\/title>\n<meta name=\"description\" content=\"Rolando Alexandre de Souza j\u00e1 mostrou a que veio e substituiu o comando da Superintend\u00eancia da Pol\u00edcia Federal no Rio de Janeiro.\" \/>\n<meta name=\"robots\" content=\"index, follow, max-snippet:-1, max-image-preview:large, max-video-preview:-1\" \/>\n<link rel=\"canonical\" href=\"https:\/\/psol50.org.br\/psol-convoca-novo-chefe-da-pf-indicado-por-bolsonaro-para-dar-explicacoes-na-camara\/\" \/>\n<meta property=\"og:locale\" content=\"pt_BR\" \/>\n<meta property=\"og:type\" content=\"article\" \/>\n<meta property=\"og:title\" content=\"PSOL convoca novo chefe da PF indicado por Bolsonaro para dar explica\u00e7\u00f5es na C\u00e2mara\" \/>\n<meta property=\"og:description\" content=\"Rolando Alexandre de Souza j\u00e1 mostrou a que veio e substituiu o comando da Superintend\u00eancia da Pol\u00edcia Federal no Rio de Janeiro.\" \/>\n<meta property=\"og:url\" content=\"https:\/\/psol50.org.br\/psol-convoca-novo-chefe-da-pf-indicado-por-bolsonaro-para-dar-explicacoes-na-camara\/\" \/>\n<meta property=\"og:site_name\" content=\"PSOL 50\" \/>\n<meta property=\"article:publisher\" content=\"https:\/\/www.facebook.com\/psol50\" \/>\n<meta property=\"article:published_time\" content=\"2020-05-05T13:11:58+00:00\" \/>\n<meta property=\"og:image\" content=\"https:\/\/psol50.org.br\/inc\/uploads\/2020\/05\/49855375647_e709c468be_k-scaled-1.jpg\" \/>\n\t<meta property=\"og:image:width\" content=\"1800\" \/>\n\t<meta property=\"og:image:height\" content=\"1200\" \/>\n\t<meta property=\"og:image:type\" content=\"image\/jpeg\" \/>\n<meta name=\"author\" content=\"Comunica\u00e7\u00e3o PSOL\" \/>\n<meta name=\"twitter:card\" content=\"summary_large_image\" \/>\n<meta name=\"twitter:title\" content=\"PSOL convoca novo chefe da PF indicado por Bolsonaro para dar explica\u00e7\u00f5es na C\u00e2mara\" \/>\n<meta name=\"twitter:description\" content=\"Rolando Alexandre de Souza j\u00e1 mostrou a que veio e substituiu o comando da Superintend\u00eancia da Pol\u00edcia Federal no Rio de Janeiro.\" \/>\n<meta name=\"twitter:image\" content=\"https:\/\/psol50.org.br\/inc\/uploads\/2020\/05\/49855375647_e709c468be_k-scaled-1.jpg\" \/>\n<meta name=\"twitter:creator\" content=\"@psol50\" \/>\n<meta name=\"twitter:site\" content=\"@psol50\" \/>\n<meta name=\"twitter:label1\" content=\"Escrito por\" \/>\n\t<meta name=\"twitter:data1\" content=\"Comunica\u00e7\u00e3o PSOL\" \/>\n\t<meta name=\"twitter:label2\" content=\"Est. tempo de leitura\" \/>\n\t<meta name=\"twitter:data2\" content=\"2 minutos\" \/>\n<script type=\"application\/ld+json\" class=\"yoast-schema-graph\">{\"@context\":\"https:\/\/schema.org\",\"@graph\":[{\"@type\":\"Article\",\"@id\":\"https:\/\/psol50.org.br\/psol-convoca-novo-chefe-da-pf-indicado-por-bolsonaro-para-dar-explicacoes-na-camara\/#article\",\"isPartOf\":{\"@id\":\"https:\/\/psol50.org.br\/psol-convoca-novo-chefe-da-pf-indicado-por-bolsonaro-para-dar-explicacoes-na-camara\/\"},\"author\":{\"name\":\"Comunica\u00e7\u00e3o PSOL\",\"@id\":\"https:\/\/psol50.org.br\/#\/schema\/person\/475dfa57d0b815993c714c2e96491fcd\"},\"headline\":\"PSOL convoca novo chefe da PF indicado por Bolsonaro para dar explica\u00e7\u00f5es na C\u00e2mara\",\"datePublished\":\"2020-05-05T13:11:58+00:00\",\"mainEntityOfPage\":{\"@id\":\"https:\/\/psol50.org.br\/psol-convoca-novo-chefe-da-pf-indicado-por-bolsonaro-para-dar-explicacoes-na-camara\/\"},\"wordCount\":371,\"publisher\":{\"@id\":\"https:\/\/psol50.org.br\/#organization\"},\"image\":{\"@id\":\"https:\/\/psol50.org.br\/psol-convoca-novo-chefe-da-pf-indicado-por-bolsonaro-para-dar-explicacoes-na-camara\/#primaryimage\"},\"thumbnailUrl\":\"https:\/\/psol50.org.br\/inc\/uploads\/2020\/05\/49855375647_e709c468be_k-scaled-1.jpg\",\"keywords\":[\"alexandre ramagem\",\"Bolsonaro\",\"Moro\",\"PF\",\"Pol\u00edcia Federal\",\"PSOL\",\"rolando alexandre de souza\"],\"articleSection\":[\"A\u00e7\u00e3o Parlamentar\",\"Not\u00edcias\"],\"inLanguage\":\"pt-BR\"},{\"@type\":\"WebPage\",\"@id\":\"https:\/\/psol50.org.br\/psol-convoca-novo-chefe-da-pf-indicado-por-bolsonaro-para-dar-explicacoes-na-camara\/\",\"url\":\"https:\/\/psol50.org.br\/psol-convoca-novo-chefe-da-pf-indicado-por-bolsonaro-para-dar-explicacoes-na-camara\/\",\"name\":\"PSOL convoca novo chefe da PF indicado por Bolsonaro para dar explica\u00e7\u00f5es na C\u00e2mara\",\"isPartOf\":{\"@id\":\"https:\/\/psol50.org.br\/#website\"},\"primaryImageOfPage\":{\"@id\":\"https:\/\/psol50.org.br\/psol-convoca-novo-chefe-da-pf-indicado-por-bolsonaro-para-dar-explicacoes-na-camara\/#primaryimage\"},\"image\":{\"@id\":\"https:\/\/psol50.org.br\/psol-convoca-novo-chefe-da-pf-indicado-por-bolsonaro-para-dar-explicacoes-na-camara\/#primaryimage\"},\"thumbnailUrl\":\"https:\/\/psol50.org.br\/inc\/uploads\/2020\/05\/49855375647_e709c468be_k-scaled-1.jpg\",\"datePublished\":\"2020-05-05T13:11:58+00:00\",\"description\":\"Rolando Alexandre de Souza j\u00e1 mostrou a que veio e substituiu o comando da Superintend\u00eancia da Pol\u00edcia Federal no Rio de Janeiro.\",\"breadcrumb\":{\"@id\":\"https:\/\/psol50.org.br\/psol-convoca-novo-chefe-da-pf-indicado-por-bolsonaro-para-dar-explicacoes-na-camara\/#breadcrumb\"},\"inLanguage\":\"pt-BR\",\"potentialAction\":[{\"@type\":\"ReadAction\",\"target\":[\"https:\/\/psol50.org.br\/psol-convoca-novo-chefe-da-pf-indicado-por-bolsonaro-para-dar-explicacoes-na-camara\/\"]}]},{\"@type\":\"ImageObject\",\"inLanguage\":\"pt-BR\",\"@id\":\"https:\/\/psol50.org.br\/psol-convoca-novo-chefe-da-pf-indicado-por-bolsonaro-para-dar-explicacoes-na-camara\/#primaryimage\",\"url\":\"https:\/\/psol50.org.br\/inc\/uploads\/2020\/05\/49855375647_e709c468be_k-scaled-1.jpg\",\"contentUrl\":\"https:\/\/psol50.org.br\/inc\/uploads\/2020\/05\/49855375647_e709c468be_k-scaled-1.jpg\",\"width\":1800,\"height\":1200,\"caption\":\"Foto: Isac N\u00f3brega\/PR\"},{\"@type\":\"BreadcrumbList\",\"@id\":\"https:\/\/psol50.org.br\/psol-convoca-novo-chefe-da-pf-indicado-por-bolsonaro-para-dar-explicacoes-na-camara\/#breadcrumb\",\"itemListElement\":[{\"@type\":\"ListItem\",\"position\":1,\"name\":\"In\u00edcio\",\"item\":\"https:\/\/psol50.org.br\/\"},{\"@type\":\"ListItem\",\"position\":2,\"name\":\"PSOL convoca novo chefe da PF indicado por Bolsonaro para dar explica\u00e7\u00f5es na C\u00e2mara\"}]},{\"@type\":\"WebSite\",\"@id\":\"https:\/\/psol50.org.br\/#website\",\"url\":\"https:\/\/psol50.org.br\/\",\"name\":\"PSOL 50\",\"description\":\"Site oficial do Partido Socialismo e Liberdade\",\"publisher\":{\"@id\":\"https:\/\/psol50.org.br\/#organization\"},\"alternateName\":\"PSOL50\",\"potentialAction\":[{\"@type\":\"SearchAction\",\"target\":{\"@type\":\"EntryPoint\",\"urlTemplate\":\"https:\/\/psol50.org.br\/?s={search_term_string}\"},\"query-input\":{\"@type\":\"PropertyValueSpecification\",\"valueRequired\":true,\"valueName\":\"search_term_string\"}}],\"inLanguage\":\"pt-BR\"},{\"@type\":\"Organization\",\"@id\":\"https:\/\/psol50.org.br\/#organization\",\"name\":\"PSOL 50\",\"alternateName\":\"PSOL 50\",\"url\":\"https:\/\/psol50.org.br\/\",\"logo\":{\"@type\":\"ImageObject\",\"inLanguage\":\"pt-BR\",\"@id\":\"https:\/\/psol50.org.br\/#\/schema\/logo\/image\/\",\"url\":\"https:\/\/psol50.org.br\/inc\/uploads\/2018\/07\/capa.png\",\"contentUrl\":\"https:\/\/psol50.org.br\/inc\/uploads\/2018\/07\/capa.png\",\"width\":1350,\"height\":900,\"caption\":\"PSOL 50\"},\"image\":{\"@id\":\"https:\/\/psol50.org.br\/#\/schema\/logo\/image\/\"},\"sameAs\":[\"https:\/\/www.facebook.com\/psol50\",\"https:\/\/x.com\/psol50\",\"https:\/\/www.instagram.com\/psol50\/\",\"https:\/\/www.youtube.com\/channel\/UC7SnJS5o1os7a6CaiNabzcg\"]},{\"@type\":\"Person\",\"@id\":\"https:\/\/psol50.org.br\/#\/schema\/person\/475dfa57d0b815993c714c2e96491fcd\",\"name\":\"Comunica\u00e7\u00e3o PSOL\",\"image\":{\"@type\":\"ImageObject\",\"inLanguage\":\"pt-BR\",\"@id\":\"https:\/\/psol50.org.br\/#\/schema\/person\/image\/\",\"url\":\"https:\/\/secure.gravatar.com\/avatar\/b34fc4f4e468a4e51785917065a3db57b841f5c95dba6ad8c73aaf8f66f8f9bf?s=96&d=mm&r=g\",\"contentUrl\":\"https:\/\/secure.gravatar.com\/avatar\/b34fc4f4e468a4e51785917065a3db57b841f5c95dba6ad8c73aaf8f66f8f9bf?s=96&d=mm&r=g\",\"caption\":\"Comunica\u00e7\u00e3o PSOL\"}}]}<\/script>\n<!-- \/ Yoast SEO plugin. -->","yoast_head_json":{"title":"PSOL convoca novo chefe da PF indicado por Bolsonaro para dar explica\u00e7\u00f5es na C\u00e2mara","description":"Rolando Alexandre de Souza j\u00e1 mostrou a que veio e substituiu o comando da Superintend\u00eancia da Pol\u00edcia Federal no Rio de Janeiro.","robots":{"index":"index","follow":"follow","max-snippet":"max-snippet:-1","max-image-preview":"max-image-preview:large","max-video-preview":"max-video-preview:-1"},"canonical":"https:\/\/psol50.org.br\/psol-convoca-novo-chefe-da-pf-indicado-por-bolsonaro-para-dar-explicacoes-na-camara\/","og_locale":"pt_BR","og_type":"article","og_title":"PSOL convoca novo chefe da PF indicado por Bolsonaro para dar explica\u00e7\u00f5es na C\u00e2mara","og_description":"Rolando Alexandre de Souza j\u00e1 mostrou a que veio e substituiu o comando da Superintend\u00eancia da Pol\u00edcia Federal no Rio de Janeiro.","og_url":"https:\/\/psol50.org.br\/psol-convoca-novo-chefe-da-pf-indicado-por-bolsonaro-para-dar-explicacoes-na-camara\/","og_site_name":"PSOL 50","article_publisher":"https:\/\/www.facebook.com\/psol50","article_published_time":"2020-05-05T13:11:58+00:00","og_image":[{"width":1800,"height":1200,"url":"https:\/\/psol50.org.br\/inc\/uploads\/2020\/05\/49855375647_e709c468be_k-scaled-1.jpg","type":"image\/jpeg"}],"author":"Comunica\u00e7\u00e3o PSOL","twitter_card":"summary_large_image","twitter_title":"PSOL convoca novo chefe da PF indicado por Bolsonaro para dar explica\u00e7\u00f5es na C\u00e2mara","twitter_description":"Rolando Alexandre de Souza j\u00e1 mostrou a que veio e substituiu o comando da Superintend\u00eancia da Pol\u00edcia Federal no Rio de Janeiro.","twitter_image":"https:\/\/psol50.org.br\/inc\/uploads\/2020\/05\/49855375647_e709c468be_k-scaled-1.jpg","twitter_creator":"@psol50","twitter_site":"@psol50","twitter_misc":{"Escrito por":"Comunica\u00e7\u00e3o PSOL","Est. tempo de leitura":"2 minutos"},"schema":{"@context":"https:\/\/schema.org","@graph":[{"@type":"Article","@id":"https:\/\/psol50.org.br\/psol-convoca-novo-chefe-da-pf-indicado-por-bolsonaro-para-dar-explicacoes-na-camara\/#article","isPartOf":{"@id":"https:\/\/psol50.org.br\/psol-convoca-novo-chefe-da-pf-indicado-por-bolsonaro-para-dar-explicacoes-na-camara\/"},"author":{"name":"Comunica\u00e7\u00e3o PSOL","@id":"https:\/\/psol50.org.br\/#\/schema\/person\/475dfa57d0b815993c714c2e96491fcd"},"headline":"PSOL convoca novo chefe da PF indicado por Bolsonaro para dar explica\u00e7\u00f5es na C\u00e2mara","datePublished":"2020-05-05T13:11:58+00:00","mainEntityOfPage":{"@id":"https:\/\/psol50.org.br\/psol-convoca-novo-chefe-da-pf-indicado-por-bolsonaro-para-dar-explicacoes-na-camara\/"},"wordCount":371,"publisher":{"@id":"https:\/\/psol50.org.br\/#organization"},"image":{"@id":"https:\/\/psol50.org.br\/psol-convoca-novo-chefe-da-pf-indicado-por-bolsonaro-para-dar-explicacoes-na-camara\/#primaryimage"},"thumbnailUrl":"https:\/\/psol50.org.br\/inc\/uploads\/2020\/05\/49855375647_e709c468be_k-scaled-1.jpg","keywords":["alexandre ramagem","Bolsonaro","Moro","PF","Pol\u00edcia Federal","PSOL","rolando alexandre de souza"],"articleSection":["A\u00e7\u00e3o Parlamentar","Not\u00edcias"],"inLanguage":"pt-BR"},{"@type":"WebPage","@id":"https:\/\/psol50.org.br\/psol-convoca-novo-chefe-da-pf-indicado-por-bolsonaro-para-dar-explicacoes-na-camara\/","url":"https:\/\/psol50.org.br\/psol-convoca-novo-chefe-da-pf-indicado-por-bolsonaro-para-dar-explicacoes-na-camara\/","name":"PSOL convoca novo chefe da PF indicado por Bolsonaro para dar explica\u00e7\u00f5es na C\u00e2mara","isPartOf":{"@id":"https:\/\/psol50.org.br\/#website"},"primaryImageOfPage":{"@id":"https:\/\/psol50.org.br\/psol-convoca-novo-chefe-da-pf-indicado-por-bolsonaro-para-dar-explicacoes-na-camara\/#primaryimage"},"image":{"@id":"https:\/\/psol50.org.br\/psol-convoca-novo-chefe-da-pf-indicado-por-bolsonaro-para-dar-explicacoes-na-camara\/#primaryimage"},"thumbnailUrl":"https:\/\/psol50.org.br\/inc\/uploads\/2020\/05\/49855375647_e709c468be_k-scaled-1.jpg","datePublished":"2020-05-05T13:11:58+00:00","description":"Rolando Alexandre de Souza j\u00e1 mostrou a que veio e substituiu o comando da Superintend\u00eancia da Pol\u00edcia Federal no Rio de Janeiro.","breadcrumb":{"@id":"https:\/\/psol50.org.br\/psol-convoca-novo-chefe-da-pf-indicado-por-bolsonaro-para-dar-explicacoes-na-camara\/#breadcrumb"},"inLanguage":"pt-BR","potentialAction":[{"@type":"ReadAction","target":["https:\/\/psol50.org.br\/psol-convoca-novo-chefe-da-pf-indicado-por-bolsonaro-para-dar-explicacoes-na-camara\/"]}]},{"@type":"ImageObject","inLanguage":"pt-BR","@id":"https:\/\/psol50.org.br\/psol-convoca-novo-chefe-da-pf-indicado-por-bolsonaro-para-dar-explicacoes-na-camara\/#primaryimage","url":"https:\/\/psol50.org.br\/inc\/uploads\/2020\/05\/49855375647_e709c468be_k-scaled-1.jpg","contentUrl":"https:\/\/psol50.org.br\/inc\/uploads\/2020\/05\/49855375647_e709c468be_k-scaled-1.jpg","width":1800,"height":1200,"caption":"Foto: Isac N\u00f3brega\/PR"},{"@type":"BreadcrumbList","@id":"https:\/\/psol50.org.br\/psol-convoca-novo-chefe-da-pf-indicado-por-bolsonaro-para-dar-explicacoes-na-camara\/#breadcrumb","itemListElement":[{"@type":"ListItem","position":1,"name":"In\u00edcio","item":"https:\/\/psol50.org.br\/"},{"@type":"ListItem","position":2,"name":"PSOL convoca novo chefe da PF indicado por Bolsonaro para dar explica\u00e7\u00f5es na C\u00e2mara"}]},{"@type":"WebSite","@id":"https:\/\/psol50.org.br\/#website","url":"https:\/\/psol50.org.br\/","name":"PSOL 50","description":"Site oficial do Partido Socialismo e Liberdade","publisher":{"@id":"https:\/\/psol50.org.br\/#organization"},"alternateName":"PSOL50","potentialAction":[{"@type":"SearchAction","target":{"@type":"EntryPoint","urlTemplate":"https:\/\/psol50.org.br\/?s={search_term_string}"},"query-input":{"@type":"PropertyValueSpecification","valueRequired":true,"valueName":"search_term_string"}}],"inLanguage":"pt-BR"},{"@type":"Organization","@id":"https:\/\/psol50.org.br\/#organization","name":"PSOL 50","alternateName":"PSOL 50","url":"https:\/\/psol50.org.br\/","logo":{"@type":"ImageObject","inLanguage":"pt-BR","@id":"https:\/\/psol50.org.br\/#\/schema\/logo\/image\/","url":"https:\/\/psol50.org.br\/inc\/uploads\/2018\/07\/capa.png","contentUrl":"https:\/\/psol50.org.br\/inc\/uploads\/2018\/07\/capa.png","width":1350,"height":900,"caption":"PSOL 50"},"image":{"@id":"https:\/\/psol50.org.br\/#\/schema\/logo\/image\/"},"sameAs":["https:\/\/www.facebook.com\/psol50","https:\/\/x.com\/psol50","https:\/\/www.instagram.com\/psol50\/","https:\/\/www.youtube.com\/channel\/UC7SnJS5o1os7a6CaiNabzcg"]},{"@type":"Person","@id":"https:\/\/psol50.org.br\/#\/schema\/person\/475dfa57d0b815993c714c2e96491fcd","name":"Comunica\u00e7\u00e3o PSOL","image":{"@type":"ImageObject","inLanguage":"pt-BR","@id":"https:\/\/psol50.org.br\/#\/schema\/person\/image\/","url":"https:\/\/secure.gravatar.com\/avatar\/b34fc4f4e468a4e51785917065a3db57b841f5c95dba6ad8c73aaf8f66f8f9bf?s=96&d=mm&r=g","contentUrl":"https:\/\/secure.gravatar.com\/avatar\/b34fc4f4e468a4e51785917065a3db57b841f5c95dba6ad8c73aaf8f66f8f9bf?s=96&d=mm&r=g","caption":"Comunica\u00e7\u00e3o PSOL"}}]}},"_links":{"self":[{"href":"https:\/\/psol50.org.br\/rest\/wp\/v2\/posts\/28654","targetHints":{"allow":["GET"]}}],"collection":[{"href":"https:\/\/psol50.org.br\/rest\/wp\/v2\/posts"}],"about":[{"href":"https:\/\/psol50.org.br\/rest\/wp\/v2\/types\/post"}],"author":[{"embeddable":true,"href":"https:\/\/psol50.org.br\/rest\/wp\/v2\/users\/2"}],"replies":[{"embeddable":true,"href":"https:\/\/psol50.org.br\/rest\/wp\/v2\/comments?post=28654"}],"version-history":[{"count":0,"href":"https:\/\/psol50.org.br\/rest\/wp\/v2\/posts\/28654\/revisions"}],"wp:featuredmedia":[{"embeddable":true,"href":"https:\/\/psol50.org.br\/rest\/wp\/v2\/media\/28657"}],"wp:attachment":[{"href":"https:\/\/psol50.org.br\/rest\/wp\/v2\/media?parent=28654"}],"wp:term":[{"taxonomy":"category","embeddable":true,"href":"https:\/\/psol50.org.br\/rest\/wp\/v2\/categories?post=28654"},{"taxonomy":"post_tag","embeddable":true,"href":"https:\/\/psol50.org.br\/rest\/wp\/v2\/tags?post=28654"}],"curies":[{"name":"wp","href":"https:\/\/api.w.org\/{rel}","templated":true}]}}