{"id":2866,"date":"2014-07-21T00:00:00","date_gmt":"2014-07-21T16:08:32","guid":{"rendered":"http:\/\/psol50.org.br\/arquivo\/2014\/07\/21\/luciana-genro-participa-de-missa-em-memoria-de-plinio-e-faz-campanha-no-abc-paulista\/"},"modified":"2014-07-21T00:00:00","modified_gmt":"2014-07-21T16:08:32","slug":"luciana-genro-participa-de-missa-em-memoria-de-plinio-e-faz-campanha-no-abc-paulista","status":"publish","type":"post","link":"https:\/\/psol50.org.br\/luciana-genro-participa-de-missa-em-memoria-de-plinio-e-faz-campanha-no-abc-paulista\/","title":{"rendered":"Luciana Genro participa de missa em mem\u00f3ria de Pl\u00ednio e faz campanha no ABC paulista"},"content":{"rendered":"<p style=\"text-align: justify;\">\n\t<span style=\"font-family:arial,helvetica,sans-serif;\"><span style=\"font-size: 12px;\">Por <em>Reda\u00e7\u00e3o #Equipe50<\/em><\/p>\n<p>\tA candidata do PSOL \u00e0 Presid\u00eancia da Rep\u00fablica, Luciana Genro, esteve no \u00faltimo s\u00e1bado (19) em S\u00e3o Paulo e em tr\u00eas cidades do ABC: Santo Andr\u00e9, S\u00e3o Caetano e S\u00e3o Bernardo. Na capital paulista, Luciana participou da missa em mem\u00f3ria de Pl\u00ednio de Arruda Sampaio. No ABC, a presidenci\u00e1vel realizou campanha de rua e de atividades com candidatos a deputado estadual e federal.<br \/>\n\t&nbsp;<br \/>\n\tO cardeal e arcebispo de S\u00e3o Paulo, Dom Odilo Scherer, celebrou a missa em mem\u00f3ria de Pl\u00ednio de Arruda Sampaio, falecido no \u00faltimo dia 8. Luciana Genro, o candidato do PSOL ao governo de S\u00e3o Paulo, Gilberto Maringoni, o senador Randolfe Rodrigues, o deputado federal Ivan Valente, o deputado estadual Carlos Giannazi e diversos militantes do PSOL estiveram na cerim\u00f4nia religiosa. Tamb\u00e9m estiveram presentes o ex-presidente Fernando Henrique Cardoso, o ex-governador de S\u00e3o Paulo, Jos\u00e9 Serra, e o senador Eduardo Suplicy.<\/p>\n<p>\t<strong>Campanha no ABC<\/strong><br \/>\n\tPela manh\u00e3, Luciana Genro esteve no cal\u00e7ad\u00e3o da Oliveira Lima, em Santo Andr\u00e9. Com a milit\u00e2ncia do PSOL conversou com a popula\u00e7\u00e3o na pra\u00e7a e com trabalhadores do com\u00e9rcio. Dona Lina, vendedora de churros em uma lancheria, comemorou a candidatura de Luciana. \u201cQueremos uma outra mulher para defender as mulheres\u201d, disse.<br \/>\n\t&nbsp;<br \/>\n\t\u00c0s 16h, a candidata do PSOL visitou o terreno que pertence a desativada Ind\u00fastria Matarazzo. A \u00e1rea com 18 mil metros quadrados est\u00e1 em grande parte contaminada. H\u00e1 uma parcela significativa da popula\u00e7\u00e3o da cidade mobilizada pela descontamina\u00e7\u00e3o do terreno e para que seja destinado \u00e0 constru\u00e7\u00e3o de moradias populares e parques. O PSOL de S\u00e3o Caetano tamb\u00e9m est\u00e1 engajado nesta pauta. O candidato a deputado estadual, Hor\u00e1cio Neto, morador da cidade, acompanhou Luciana Genro, juntamente com a milit\u00e2ncia do partido. A candidata do PSOL <a href=\"https:\/\/www.youtube.com\/watch?v=76wYSZhnEqI\" target=\"_blank\" rel=\"noopener\">declarou o seu apoio \u00e0 luta dos moradores da cidade<\/a> pela reutiliza\u00e7\u00e3o do terreno.<br \/>\n\t&nbsp;<br \/>\n\tEm S\u00e3o Bernardo do Campo, Luciana Genro prestigiou o lan\u00e7amento da candidatura a deputado federal do professor Aldo Santos. Em sua exposi\u00e7\u00e3o o candidato do PSOL, que \u00e9 ligado \u00e0s lutas sociais e da educa\u00e7\u00e3o na regi\u00e3o, recordou do apoio da ent\u00e3o deputada federal \u00e0 ocupa\u00e7\u00e3o Santo Dias. \u201cH\u00e1 11 anos, Luciana Genro e Bab\u00e1 estiveram aqui em S\u00e3o Bernardo do Campo, apoiando a ocupa\u00e7\u00e3o urbana realizada em frente a Volkswagen. \u00c9 uma alegria receb\u00ea-la hoje como nossa candidata \u00e0 Presid\u00eancia da Rep\u00fablica\u201d, falou Santos.<br \/>\n\t&nbsp;<br \/>\n\tA presidenci\u00e1vel do PSOL apresentou a educa\u00e7\u00e3o como uma das prioridades de sua campanha e explicou de onde vir\u00e3o os recursos para ampliar o financiamento do setor. Luciana Genro defende a regulamenta\u00e7\u00e3o do Imposto sobre Grandes Fortunas, previsto na Constitui\u00e7\u00e3o Federal, atrav\u00e9s da cobran\u00e7a da al\u00edquota de 5% da renda que exceder os R$ 50 milh\u00f5es. Dessa forma, prev\u00ea a possibilidade de duplicar os investimentos na educa\u00e7\u00e3o p\u00fablica. \u201cNossa proposta n\u00e3o quer taxar os riquinhos e sim cobrar mais impostos dos rica\u00e7os. No Brasil, os que mais t\u00eam riqueza e propriedade acumulada s\u00e3o os que menos pagam impostos\u201d, explicou.<br \/>\n\t&nbsp;<\/span><\/span><\/p>\n<p style=\"text-align: justify;\">\n\t<span style=\"font-family:arial,helvetica,sans-serif;\"><span style=\"font-size: 12px;\"><strong>Grava\u00e7\u00f5es do programa de TV<\/strong><br \/>\n\tLuciana Genro n\u00e3o teve agenda p\u00fablica de campanha no domingo. A candidata do PSOL dedicar\u00e1 o in\u00edcio da semana para a grava\u00e7\u00e3o dos primeiros programas do hor\u00e1rio eleitoral gratuito, no r\u00e1dio e na televis\u00e3o.<br \/>\n\t&nbsp;<\/span><\/span><\/p>\n","protected":false},"excerpt":{"rendered":"<p>Por Reda\u00e7\u00e3o #Equipe50 A candidata do PSOL \u00e0 Presid\u00eancia da Rep\u00fablica, Luciana Genro, esteve no \u00faltimo s\u00e1bado (19) em S\u00e3o Paulo e em tr\u00eas cidades do ABC: Santo Andr\u00e9, S\u00e3o Caetano e S\u00e3o Bernardo. Na capital paulista, Luciana participou da missa em mem\u00f3ria de Pl\u00ednio de Arruda Sampaio. No ABC, a presidenci\u00e1vel realizou campanha de [&hellip;]<\/p>\n","protected":false},"author":2,"featured_media":0,"comment_status":"open","ping_status":"open","sticky":false,"template":"","format":"standard","meta":{"_acf_changed":false,"footnotes":""},"categories":[4766,4960,6],"tags":[2506],"class_list":{"0":"post-2866","1":"post","2":"type-post","3":"status-publish","4":"format-standard","6":"category-arquivo","7":"category-eleicoes-2014","8":"category-noticias","9":"tag-eleicoes-2014"},"acf":[],"yoast_head":"<!-- This site is optimized with the Yoast SEO plugin v26.5 - https:\/\/yoast.com\/wordpress\/plugins\/seo\/ -->\n<title>Luciana Genro participa de missa em mem\u00f3ria de Pl\u00ednio e faz campanha no ABC paulista - PSOL 50<\/title>\n<meta name=\"robots\" content=\"index, follow, max-snippet:-1, max-image-preview:large, max-video-preview:-1\" \/>\n<link rel=\"canonical\" href=\"https:\/\/psol50.org.br\/luciana-genro-participa-de-missa-em-memoria-de-plinio-e-faz-campanha-no-abc-paulista\/\" \/>\n<meta property=\"og:locale\" content=\"pt_BR\" \/>\n<meta property=\"og:type\" content=\"article\" \/>\n<meta property=\"og:title\" content=\"Luciana Genro participa de missa em mem\u00f3ria de Pl\u00ednio e faz campanha no ABC paulista - PSOL 50\" \/>\n<meta property=\"og:description\" content=\"Por Reda\u00e7\u00e3o #Equipe50 A candidata do PSOL \u00e0 Presid\u00eancia da Rep\u00fablica, Luciana Genro, esteve no \u00faltimo s\u00e1bado (19) em S\u00e3o Paulo e em tr\u00eas cidades do ABC: Santo Andr\u00e9, S\u00e3o Caetano e S\u00e3o Bernardo. Na capital paulista, Luciana participou da missa em mem\u00f3ria de Pl\u00ednio de Arruda Sampaio. No ABC, a presidenci\u00e1vel realizou campanha de [&hellip;]\" \/>\n<meta property=\"og:url\" content=\"https:\/\/psol50.org.br\/luciana-genro-participa-de-missa-em-memoria-de-plinio-e-faz-campanha-no-abc-paulista\/\" \/>\n<meta property=\"og:site_name\" content=\"PSOL 50\" \/>\n<meta property=\"article:publisher\" content=\"https:\/\/www.facebook.com\/psol50\" \/>\n<meta property=\"article:published_time\" content=\"2014-07-21T16:08:32+00:00\" \/>\n<meta property=\"og:image\" content=\"https:\/\/psol50.org.br\/inc\/uploads\/2018\/07\/capa.png\" \/>\n\t<meta property=\"og:image:width\" content=\"1350\" \/>\n\t<meta property=\"og:image:height\" content=\"900\" \/>\n\t<meta property=\"og:image:type\" content=\"image\/png\" \/>\n<meta name=\"author\" content=\"Comunica\u00e7\u00e3o PSOL\" \/>\n<meta name=\"twitter:card\" content=\"summary_large_image\" \/>\n<meta name=\"twitter:creator\" content=\"@psol50\" \/>\n<meta name=\"twitter:site\" content=\"@psol50\" \/>\n<meta name=\"twitter:label1\" content=\"Escrito por\" \/>\n\t<meta name=\"twitter:data1\" content=\"Comunica\u00e7\u00e3o PSOL\" \/>\n\t<meta name=\"twitter:label2\" content=\"Est. tempo de leitura\" \/>\n\t<meta name=\"twitter:data2\" content=\"3 minutos\" \/>\n<script type=\"application\/ld+json\" class=\"yoast-schema-graph\">{\"@context\":\"https:\/\/schema.org\",\"@graph\":[{\"@type\":\"Article\",\"@id\":\"https:\/\/psol50.org.br\/luciana-genro-participa-de-missa-em-memoria-de-plinio-e-faz-campanha-no-abc-paulista\/#article\",\"isPartOf\":{\"@id\":\"https:\/\/psol50.org.br\/luciana-genro-participa-de-missa-em-memoria-de-plinio-e-faz-campanha-no-abc-paulista\/\"},\"author\":{\"name\":\"Comunica\u00e7\u00e3o PSOL\",\"@id\":\"https:\/\/psol50.org.br\/#\/schema\/person\/475dfa57d0b815993c714c2e96491fcd\"},\"headline\":\"Luciana Genro participa de missa em mem\u00f3ria de Pl\u00ednio e faz campanha no ABC paulista\",\"datePublished\":\"2014-07-21T16:08:32+00:00\",\"mainEntityOfPage\":{\"@id\":\"https:\/\/psol50.org.br\/luciana-genro-participa-de-missa-em-memoria-de-plinio-e-faz-campanha-no-abc-paulista\/\"},\"wordCount\":601,\"commentCount\":0,\"publisher\":{\"@id\":\"https:\/\/psol50.org.br\/#organization\"},\"keywords\":[\"elei\u00e7\u00f5es 2014\"],\"articleSection\":[\"Arquivo\",\"ELEI\u00c7\u00d5ES 2014\",\"Not\u00edcias\"],\"inLanguage\":\"pt-BR\",\"potentialAction\":[{\"@type\":\"CommentAction\",\"name\":\"Comment\",\"target\":[\"https:\/\/psol50.org.br\/luciana-genro-participa-de-missa-em-memoria-de-plinio-e-faz-campanha-no-abc-paulista\/#respond\"]}]},{\"@type\":\"WebPage\",\"@id\":\"https:\/\/psol50.org.br\/luciana-genro-participa-de-missa-em-memoria-de-plinio-e-faz-campanha-no-abc-paulista\/\",\"url\":\"https:\/\/psol50.org.br\/luciana-genro-participa-de-missa-em-memoria-de-plinio-e-faz-campanha-no-abc-paulista\/\",\"name\":\"Luciana Genro participa de missa em mem\u00f3ria de Pl\u00ednio e faz campanha no ABC paulista - PSOL 50\",\"isPartOf\":{\"@id\":\"https:\/\/psol50.org.br\/#website\"},\"datePublished\":\"2014-07-21T16:08:32+00:00\",\"breadcrumb\":{\"@id\":\"https:\/\/psol50.org.br\/luciana-genro-participa-de-missa-em-memoria-de-plinio-e-faz-campanha-no-abc-paulista\/#breadcrumb\"},\"inLanguage\":\"pt-BR\",\"potentialAction\":[{\"@type\":\"ReadAction\",\"target\":[\"https:\/\/psol50.org.br\/luciana-genro-participa-de-missa-em-memoria-de-plinio-e-faz-campanha-no-abc-paulista\/\"]}]},{\"@type\":\"BreadcrumbList\",\"@id\":\"https:\/\/psol50.org.br\/luciana-genro-participa-de-missa-em-memoria-de-plinio-e-faz-campanha-no-abc-paulista\/#breadcrumb\",\"itemListElement\":[{\"@type\":\"ListItem\",\"position\":1,\"name\":\"In\u00edcio\",\"item\":\"https:\/\/psol50.org.br\/\"},{\"@type\":\"ListItem\",\"position\":2,\"name\":\"Luciana Genro participa de missa em mem\u00f3ria de Pl\u00ednio e faz campanha no ABC paulista\"}]},{\"@type\":\"WebSite\",\"@id\":\"https:\/\/psol50.org.br\/#website\",\"url\":\"https:\/\/psol50.org.br\/\",\"name\":\"PSOL 50\",\"description\":\"Site oficial do Partido Socialismo e Liberdade\",\"publisher\":{\"@id\":\"https:\/\/psol50.org.br\/#organization\"},\"alternateName\":\"PSOL50\",\"potentialAction\":[{\"@type\":\"SearchAction\",\"target\":{\"@type\":\"EntryPoint\",\"urlTemplate\":\"https:\/\/psol50.org.br\/?s={search_term_string}\"},\"query-input\":{\"@type\":\"PropertyValueSpecification\",\"valueRequired\":true,\"valueName\":\"search_term_string\"}}],\"inLanguage\":\"pt-BR\"},{\"@type\":\"Organization\",\"@id\":\"https:\/\/psol50.org.br\/#organization\",\"name\":\"PSOL 50\",\"alternateName\":\"PSOL 50\",\"url\":\"https:\/\/psol50.org.br\/\",\"logo\":{\"@type\":\"ImageObject\",\"inLanguage\":\"pt-BR\",\"@id\":\"https:\/\/psol50.org.br\/#\/schema\/logo\/image\/\",\"url\":\"https:\/\/psol50.org.br\/inc\/uploads\/2018\/07\/capa.png\",\"contentUrl\":\"https:\/\/psol50.org.br\/inc\/uploads\/2018\/07\/capa.png\",\"width\":1350,\"height\":900,\"caption\":\"PSOL 50\"},\"image\":{\"@id\":\"https:\/\/psol50.org.br\/#\/schema\/logo\/image\/\"},\"sameAs\":[\"https:\/\/www.facebook.com\/psol50\",\"https:\/\/x.com\/psol50\",\"https:\/\/www.instagram.com\/psol50\/\",\"https:\/\/www.youtube.com\/channel\/UC7SnJS5o1os7a6CaiNabzcg\"]},{\"@type\":\"Person\",\"@id\":\"https:\/\/psol50.org.br\/#\/schema\/person\/475dfa57d0b815993c714c2e96491fcd\",\"name\":\"Comunica\u00e7\u00e3o PSOL\",\"image\":{\"@type\":\"ImageObject\",\"inLanguage\":\"pt-BR\",\"@id\":\"https:\/\/psol50.org.br\/#\/schema\/person\/image\/\",\"url\":\"https:\/\/secure.gravatar.com\/avatar\/b34fc4f4e468a4e51785917065a3db57b841f5c95dba6ad8c73aaf8f66f8f9bf?s=96&d=mm&r=g\",\"contentUrl\":\"https:\/\/secure.gravatar.com\/avatar\/b34fc4f4e468a4e51785917065a3db57b841f5c95dba6ad8c73aaf8f66f8f9bf?s=96&d=mm&r=g\",\"caption\":\"Comunica\u00e7\u00e3o PSOL\"}}]}<\/script>\n<!-- \/ Yoast SEO plugin. -->","yoast_head_json":{"title":"Luciana Genro participa de missa em mem\u00f3ria de Pl\u00ednio e faz campanha no ABC paulista - PSOL 50","robots":{"index":"index","follow":"follow","max-snippet":"max-snippet:-1","max-image-preview":"max-image-preview:large","max-video-preview":"max-video-preview:-1"},"canonical":"https:\/\/psol50.org.br\/luciana-genro-participa-de-missa-em-memoria-de-plinio-e-faz-campanha-no-abc-paulista\/","og_locale":"pt_BR","og_type":"article","og_title":"Luciana Genro participa de missa em mem\u00f3ria de Pl\u00ednio e faz campanha no ABC paulista - PSOL 50","og_description":"Por Reda\u00e7\u00e3o #Equipe50 A candidata do PSOL \u00e0 Presid\u00eancia da Rep\u00fablica, Luciana Genro, esteve no \u00faltimo s\u00e1bado (19) em S\u00e3o Paulo e em tr\u00eas cidades do ABC: Santo Andr\u00e9, S\u00e3o Caetano e S\u00e3o Bernardo. Na capital paulista, Luciana participou da missa em mem\u00f3ria de Pl\u00ednio de Arruda Sampaio. No ABC, a presidenci\u00e1vel realizou campanha de [&hellip;]","og_url":"https:\/\/psol50.org.br\/luciana-genro-participa-de-missa-em-memoria-de-plinio-e-faz-campanha-no-abc-paulista\/","og_site_name":"PSOL 50","article_publisher":"https:\/\/www.facebook.com\/psol50","article_published_time":"2014-07-21T16:08:32+00:00","og_image":[{"width":1350,"height":900,"url":"https:\/\/psol50.org.br\/inc\/uploads\/2018\/07\/capa.png","type":"image\/png"}],"author":"Comunica\u00e7\u00e3o PSOL","twitter_card":"summary_large_image","twitter_creator":"@psol50","twitter_site":"@psol50","twitter_misc":{"Escrito por":"Comunica\u00e7\u00e3o PSOL","Est. tempo de leitura":"3 minutos"},"schema":{"@context":"https:\/\/schema.org","@graph":[{"@type":"Article","@id":"https:\/\/psol50.org.br\/luciana-genro-participa-de-missa-em-memoria-de-plinio-e-faz-campanha-no-abc-paulista\/#article","isPartOf":{"@id":"https:\/\/psol50.org.br\/luciana-genro-participa-de-missa-em-memoria-de-plinio-e-faz-campanha-no-abc-paulista\/"},"author":{"name":"Comunica\u00e7\u00e3o PSOL","@id":"https:\/\/psol50.org.br\/#\/schema\/person\/475dfa57d0b815993c714c2e96491fcd"},"headline":"Luciana Genro participa de missa em mem\u00f3ria de Pl\u00ednio e faz campanha no ABC paulista","datePublished":"2014-07-21T16:08:32+00:00","mainEntityOfPage":{"@id":"https:\/\/psol50.org.br\/luciana-genro-participa-de-missa-em-memoria-de-plinio-e-faz-campanha-no-abc-paulista\/"},"wordCount":601,"commentCount":0,"publisher":{"@id":"https:\/\/psol50.org.br\/#organization"},"keywords":["elei\u00e7\u00f5es 2014"],"articleSection":["Arquivo","ELEI\u00c7\u00d5ES 2014","Not\u00edcias"],"inLanguage":"pt-BR","potentialAction":[{"@type":"CommentAction","name":"Comment","target":["https:\/\/psol50.org.br\/luciana-genro-participa-de-missa-em-memoria-de-plinio-e-faz-campanha-no-abc-paulista\/#respond"]}]},{"@type":"WebPage","@id":"https:\/\/psol50.org.br\/luciana-genro-participa-de-missa-em-memoria-de-plinio-e-faz-campanha-no-abc-paulista\/","url":"https:\/\/psol50.org.br\/luciana-genro-participa-de-missa-em-memoria-de-plinio-e-faz-campanha-no-abc-paulista\/","name":"Luciana Genro participa de missa em mem\u00f3ria de Pl\u00ednio e faz campanha no ABC paulista - PSOL 50","isPartOf":{"@id":"https:\/\/psol50.org.br\/#website"},"datePublished":"2014-07-21T16:08:32+00:00","breadcrumb":{"@id":"https:\/\/psol50.org.br\/luciana-genro-participa-de-missa-em-memoria-de-plinio-e-faz-campanha-no-abc-paulista\/#breadcrumb"},"inLanguage":"pt-BR","potentialAction":[{"@type":"ReadAction","target":["https:\/\/psol50.org.br\/luciana-genro-participa-de-missa-em-memoria-de-plinio-e-faz-campanha-no-abc-paulista\/"]}]},{"@type":"BreadcrumbList","@id":"https:\/\/psol50.org.br\/luciana-genro-participa-de-missa-em-memoria-de-plinio-e-faz-campanha-no-abc-paulista\/#breadcrumb","itemListElement":[{"@type":"ListItem","position":1,"name":"In\u00edcio","item":"https:\/\/psol50.org.br\/"},{"@type":"ListItem","position":2,"name":"Luciana Genro participa de missa em mem\u00f3ria de Pl\u00ednio e faz campanha no ABC paulista"}]},{"@type":"WebSite","@id":"https:\/\/psol50.org.br\/#website","url":"https:\/\/psol50.org.br\/","name":"PSOL 50","description":"Site oficial do Partido Socialismo e Liberdade","publisher":{"@id":"https:\/\/psol50.org.br\/#organization"},"alternateName":"PSOL50","potentialAction":[{"@type":"SearchAction","target":{"@type":"EntryPoint","urlTemplate":"https:\/\/psol50.org.br\/?s={search_term_string}"},"query-input":{"@type":"PropertyValueSpecification","valueRequired":true,"valueName":"search_term_string"}}],"inLanguage":"pt-BR"},{"@type":"Organization","@id":"https:\/\/psol50.org.br\/#organization","name":"PSOL 50","alternateName":"PSOL 50","url":"https:\/\/psol50.org.br\/","logo":{"@type":"ImageObject","inLanguage":"pt-BR","@id":"https:\/\/psol50.org.br\/#\/schema\/logo\/image\/","url":"https:\/\/psol50.org.br\/inc\/uploads\/2018\/07\/capa.png","contentUrl":"https:\/\/psol50.org.br\/inc\/uploads\/2018\/07\/capa.png","width":1350,"height":900,"caption":"PSOL 50"},"image":{"@id":"https:\/\/psol50.org.br\/#\/schema\/logo\/image\/"},"sameAs":["https:\/\/www.facebook.com\/psol50","https:\/\/x.com\/psol50","https:\/\/www.instagram.com\/psol50\/","https:\/\/www.youtube.com\/channel\/UC7SnJS5o1os7a6CaiNabzcg"]},{"@type":"Person","@id":"https:\/\/psol50.org.br\/#\/schema\/person\/475dfa57d0b815993c714c2e96491fcd","name":"Comunica\u00e7\u00e3o PSOL","image":{"@type":"ImageObject","inLanguage":"pt-BR","@id":"https:\/\/psol50.org.br\/#\/schema\/person\/image\/","url":"https:\/\/secure.gravatar.com\/avatar\/b34fc4f4e468a4e51785917065a3db57b841f5c95dba6ad8c73aaf8f66f8f9bf?s=96&d=mm&r=g","contentUrl":"https:\/\/secure.gravatar.com\/avatar\/b34fc4f4e468a4e51785917065a3db57b841f5c95dba6ad8c73aaf8f66f8f9bf?s=96&d=mm&r=g","caption":"Comunica\u00e7\u00e3o PSOL"}}]}},"_links":{"self":[{"href":"https:\/\/psol50.org.br\/rest\/wp\/v2\/posts\/2866","targetHints":{"allow":["GET"]}}],"collection":[{"href":"https:\/\/psol50.org.br\/rest\/wp\/v2\/posts"}],"about":[{"href":"https:\/\/psol50.org.br\/rest\/wp\/v2\/types\/post"}],"author":[{"embeddable":true,"href":"https:\/\/psol50.org.br\/rest\/wp\/v2\/users\/2"}],"replies":[{"embeddable":true,"href":"https:\/\/psol50.org.br\/rest\/wp\/v2\/comments?post=2866"}],"version-history":[{"count":0,"href":"https:\/\/psol50.org.br\/rest\/wp\/v2\/posts\/2866\/revisions"}],"wp:attachment":[{"href":"https:\/\/psol50.org.br\/rest\/wp\/v2\/media?parent=2866"}],"wp:term":[{"taxonomy":"category","embeddable":true,"href":"https:\/\/psol50.org.br\/rest\/wp\/v2\/categories?post=2866"},{"taxonomy":"post_tag","embeddable":true,"href":"https:\/\/psol50.org.br\/rest\/wp\/v2\/tags?post=2866"}],"curies":[{"name":"wp","href":"https:\/\/api.w.org\/{rel}","templated":true}]}}