{"id":28737,"date":"2020-05-07T17:04:28","date_gmt":"2020-05-07T20:04:28","guid":{"rendered":"https:\/\/psol50.org.br\/?p=28737"},"modified":"2020-05-07T17:04:28","modified_gmt":"2020-05-07T20:04:28","slug":"psol-defende-limites-maximos-de-jornada-e-minimos-de-intervalo-para-profissionais-de-saude-na-pandemia","status":"publish","type":"post","link":"https:\/\/psol50.org.br\/psol-defende-limites-maximos-de-jornada-e-minimos-de-intervalo-para-profissionais-de-saude-na-pandemia\/","title":{"rendered":"PSOL defende limites m\u00e1ximos de jornada e m\u00ednimos de intervalo para profissionais de sa\u00fade na pandemia"},"content":{"rendered":"<p><em><a href=\"https:\/\/www.taliriapetrone.com.br\/blog\/projeto-de-taliria-petrone-garante-jornada-de-trabalho-e-atendimento-para\" target=\"_blank\" rel=\"noopener noreferrer\"><img loading=\"lazy\" decoding=\"async\" class=\"alignnone size-full wp-image-27838\" src=\"https:\/\/psol50.org.br\/inc\/uploads\/2020\/03\/Banner-Site_3.png\" alt=\"\" width=\"1240\" height=\"331\" srcset=\"https:\/\/psol50.org.br\/inc\/uploads\/2020\/03\/Banner-Site_3.png 1240w, https:\/\/psol50.org.br\/inc\/uploads\/2020\/03\/Banner-Site_3-300x80.png 300w, https:\/\/psol50.org.br\/inc\/uploads\/2020\/03\/Banner-Site_3-1024x273.png 1024w, https:\/\/psol50.org.br\/inc\/uploads\/2020\/03\/Banner-Site_3-768x205.png 768w, https:\/\/psol50.org.br\/inc\/uploads\/2020\/03\/Banner-Site_3-150x40.png 150w, https:\/\/psol50.org.br\/inc\/uploads\/2020\/03\/Banner-Site_3-696x186.png 696w, https:\/\/psol50.org.br\/inc\/uploads\/2020\/03\/Banner-Site_3-1068x285.png 1068w\" sizes=\"auto, (max-width: 1240px) 100vw, 1240px\" \/><\/a><\/em><\/p>\n<p><em><a href=\"https:\/\/www.taliriapetrone.com.br\/blog\/projeto-de-taliria-petrone-garante-jornada-de-trabalho-e-atendimento-para\" target=\"_blank\" rel=\"noopener noreferrer\">Com informa\u00e7\u00f5es do site da deputada Tal\u00edria Petrone<\/a><\/em><\/p>\n<p>Projeto da deputada federal Tal\u00edria Petrone, protocolado nesta quarta-feira (6) em coautoria com os demais parlamentares do PSOL, busca garantir limites m\u00e1ximos de jornada e m\u00ednimos de intervalo para profissionais de sa\u00fade demais trabalhadores de hospitais p\u00fablicos e privados. Tamb\u00e9m cria medidas de prote\u00e7\u00e3o para profissionais que se contaminem com a Covid-19.<\/p>\n<p>O projeto de lei define uma jornada de trabalho de, no ma\u0301ximo, 24 horas, com intervalo de, no mi\u0301nimo, 60 horas. Em rela\u00e7\u00e3o ao atendimento, os profissionais que atuem em hospitais pu\u0301blicos e privados, expostos ao novo coronavi\u0301rus, caso apresentem sintomas de contaminac\u0327a\u0303o, devem ser atendidos no pro\u0301prio local de trabalho salvo quando sua condic\u0327a\u0303o de sau\u0301de indique cuidado especializado. J\u00e1 os que atuem em hospitais privados sera\u0303o atendidos sem quaisquer cobranc\u0327as ou descontos em seus sala\u0301rios, sem prejui\u0301zo de que os hospitais registrem o atendimento para posterior reembolso pelo Sistema U\u0301nico de Sau\u0301de.<\/p>\n<p>Na justificativa do projeto, a deputada destaca que os n\u00fameros de mortes no Brasil por Covid-19 aumentam de forma alarmante, chegando ao um nu\u0301mero superior a 8 mil, ultrapassando a China. E esta\u0303o inclui\u0301dos nessas estati\u0301sticas profissionais de sau\u0301de, que atuam na linha de frente de combate \u00e0 pandemia.<\/p>\n<p>\u201cApesar de suma importa\u0302ncia, estes profissionais infelizmente te\u0302m atuado sem as condic\u0327o\u0303es adequadas e o reconhecimento devido por parte do Estado. Ale\u0301m de estarem submetidos a jornadas de trabalho intensas e quase desumanas, sa\u0303o muitos os relatos de falta de acesso a testes, de exige\u0302ncia de continuidade do trabalho mesmo diante da manifestac\u0327a\u0303o de sintomas da COVID e, por fim, uma vez adoecidos, sequer ha\u0301 garantia de atendimento e internac\u0327a\u0303o nas unidades hospitalares em que trabalham e dedicam ultimamente suas energias\u201d, destaca Tal\u00edria Petrone.<\/p>\n","protected":false},"excerpt":{"rendered":"<p>Com informa\u00e7\u00f5es do site da deputada Tal\u00edria Petrone Projeto da deputada federal Tal\u00edria Petrone, protocolado nesta quarta-feira (6) em coautoria com os demais parlamentares do PSOL, busca garantir limites m\u00e1ximos de jornada e m\u00ednimos de intervalo para profissionais de sa\u00fade demais trabalhadores de hospitais p\u00fablicos e privados. Tamb\u00e9m cria medidas de prote\u00e7\u00e3o para profissionais que [&hellip;]<\/p>\n","protected":false},"author":2,"featured_media":28407,"comment_status":"closed","ping_status":"open","sticky":false,"template":"","format":"standard","meta":{"_acf_changed":false,"footnotes":""},"categories":[10,6],"tags":[171,371,630,561,22,366],"class_list":{"0":"post-28737","1":"post","2":"type-post","3":"status-publish","4":"format-standard","5":"has-post-thumbnail","7":"category-acao-parlamentares","8":"category-noticias","9":"tag-coronavirus","10":"tag-covid-19","11":"tag-jornada-de-trabalho","12":"tag-profissionais-de-saude","13":"tag-psol","14":"tag-psolcontraocoronavirus"},"acf":[],"yoast_head":"<!-- This site is optimized with the Yoast SEO plugin v26.5 - https:\/\/yoast.com\/wordpress\/plugins\/seo\/ -->\n<title>PSOL defende limites m\u00e1ximos de jornada e m\u00ednimos de intervalo para profissionais de sa\u00fade na pandemia<\/title>\n<meta name=\"description\" content=\"Projeto define jornada de trabalho de, no ma\u0301ximo, 24 horas, com intervalo de, no mi\u0301nimo, 60 horas. Tamb\u00e9m cria medidas de prote\u00e7\u00e3o para profissionais que se contaminem.\" \/>\n<meta name=\"robots\" content=\"index, follow, max-snippet:-1, max-image-preview:large, max-video-preview:-1\" \/>\n<link rel=\"canonical\" href=\"https:\/\/psol50.org.br\/psol-defende-limites-maximos-de-jornada-e-minimos-de-intervalo-para-profissionais-de-saude-na-pandemia\/\" \/>\n<meta property=\"og:locale\" content=\"pt_BR\" \/>\n<meta property=\"og:type\" content=\"article\" \/>\n<meta property=\"og:title\" content=\"PSOL defende limites m\u00e1ximos de jornada e m\u00ednimos de intervalo para profissionais de sa\u00fade na pandemia\" \/>\n<meta property=\"og:description\" content=\"Projeto define jornada de trabalho de, no ma\u0301ximo, 24 horas, com intervalo de, no mi\u0301nimo, 60 horas. Tamb\u00e9m cria medidas de prote\u00e7\u00e3o para profissionais que se contaminem.\" \/>\n<meta property=\"og:url\" content=\"https:\/\/psol50.org.br\/psol-defende-limites-maximos-de-jornada-e-minimos-de-intervalo-para-profissionais-de-saude-na-pandemia\/\" \/>\n<meta property=\"og:site_name\" content=\"PSOL 50\" \/>\n<meta property=\"article:publisher\" content=\"https:\/\/www.facebook.com\/psol50\" \/>\n<meta property=\"article:published_time\" content=\"2020-05-07T20:04:28+00:00\" \/>\n<meta property=\"og:image\" content=\"https:\/\/psol50.org.br\/inc\/uploads\/2020\/04\/Hospital-Sao-Sebastiao-Raul-Soares-MG.jpeg.jpg\" \/>\n\t<meta property=\"og:image:width\" content=\"1086\" \/>\n\t<meta property=\"og:image:height\" content=\"652\" \/>\n\t<meta property=\"og:image:type\" content=\"image\/jpeg\" \/>\n<meta name=\"author\" content=\"Comunica\u00e7\u00e3o PSOL\" \/>\n<meta name=\"twitter:card\" content=\"summary_large_image\" \/>\n<meta name=\"twitter:title\" content=\"PSOL defende limites m\u00e1ximos de jornada e m\u00ednimos de intervalo para profissionais de sa\u00fade na pandemia\" \/>\n<meta name=\"twitter:description\" content=\"Projeto define jornada de trabalho de, no ma\u0301ximo, 24 horas, com intervalo de, no mi\u0301nimo, 60 horas. Tamb\u00e9m cria medidas de prote\u00e7\u00e3o para profissionais que se contaminem.\" \/>\n<meta name=\"twitter:image\" content=\"https:\/\/psol50.org.br\/inc\/uploads\/2020\/04\/Hospital-Sao-Sebastiao-Raul-Soares-MG.jpeg.jpg\" \/>\n<meta name=\"twitter:creator\" content=\"@psol50\" \/>\n<meta name=\"twitter:site\" content=\"@psol50\" \/>\n<meta name=\"twitter:label1\" content=\"Escrito por\" \/>\n\t<meta name=\"twitter:data1\" content=\"Comunica\u00e7\u00e3o PSOL\" \/>\n\t<meta name=\"twitter:label2\" content=\"Est. tempo de leitura\" \/>\n\t<meta name=\"twitter:data2\" content=\"2 minutos\" \/>\n<script type=\"application\/ld+json\" class=\"yoast-schema-graph\">{\"@context\":\"https:\/\/schema.org\",\"@graph\":[{\"@type\":\"Article\",\"@id\":\"https:\/\/psol50.org.br\/psol-defende-limites-maximos-de-jornada-e-minimos-de-intervalo-para-profissionais-de-saude-na-pandemia\/#article\",\"isPartOf\":{\"@id\":\"https:\/\/psol50.org.br\/psol-defende-limites-maximos-de-jornada-e-minimos-de-intervalo-para-profissionais-de-saude-na-pandemia\/\"},\"author\":{\"name\":\"Comunica\u00e7\u00e3o PSOL\",\"@id\":\"https:\/\/psol50.org.br\/#\/schema\/person\/475dfa57d0b815993c714c2e96491fcd\"},\"headline\":\"PSOL defende limites m\u00e1ximos de jornada e m\u00ednimos de intervalo para profissionais de sa\u00fade na pandemia\",\"datePublished\":\"2020-05-07T20:04:28+00:00\",\"mainEntityOfPage\":{\"@id\":\"https:\/\/psol50.org.br\/psol-defende-limites-maximos-de-jornada-e-minimos-de-intervalo-para-profissionais-de-saude-na-pandemia\/\"},\"wordCount\":345,\"publisher\":{\"@id\":\"https:\/\/psol50.org.br\/#organization\"},\"image\":{\"@id\":\"https:\/\/psol50.org.br\/psol-defende-limites-maximos-de-jornada-e-minimos-de-intervalo-para-profissionais-de-saude-na-pandemia\/#primaryimage\"},\"thumbnailUrl\":\"https:\/\/psol50.org.br\/inc\/uploads\/2020\/04\/Hospital-Sao-Sebastiao-Raul-Soares-MG.jpeg.jpg\",\"keywords\":[\"coronav\u00edrus\",\"covid-19\",\"jornada de trabalho\",\"profissionais de sa\u00fade\",\"PSOL\",\"psolcontraocoronavirus\"],\"articleSection\":[\"A\u00e7\u00e3o Parlamentar\",\"Not\u00edcias\"],\"inLanguage\":\"pt-BR\"},{\"@type\":\"WebPage\",\"@id\":\"https:\/\/psol50.org.br\/psol-defende-limites-maximos-de-jornada-e-minimos-de-intervalo-para-profissionais-de-saude-na-pandemia\/\",\"url\":\"https:\/\/psol50.org.br\/psol-defende-limites-maximos-de-jornada-e-minimos-de-intervalo-para-profissionais-de-saude-na-pandemia\/\",\"name\":\"PSOL defende limites m\u00e1ximos de jornada e m\u00ednimos de intervalo para profissionais de sa\u00fade na pandemia\",\"isPartOf\":{\"@id\":\"https:\/\/psol50.org.br\/#website\"},\"primaryImageOfPage\":{\"@id\":\"https:\/\/psol50.org.br\/psol-defende-limites-maximos-de-jornada-e-minimos-de-intervalo-para-profissionais-de-saude-na-pandemia\/#primaryimage\"},\"image\":{\"@id\":\"https:\/\/psol50.org.br\/psol-defende-limites-maximos-de-jornada-e-minimos-de-intervalo-para-profissionais-de-saude-na-pandemia\/#primaryimage\"},\"thumbnailUrl\":\"https:\/\/psol50.org.br\/inc\/uploads\/2020\/04\/Hospital-Sao-Sebastiao-Raul-Soares-MG.jpeg.jpg\",\"datePublished\":\"2020-05-07T20:04:28+00:00\",\"description\":\"Projeto define jornada de trabalho de, no ma\u0301ximo, 24 horas, com intervalo de, no mi\u0301nimo, 60 horas. Tamb\u00e9m cria medidas de prote\u00e7\u00e3o para profissionais que se contaminem.\",\"breadcrumb\":{\"@id\":\"https:\/\/psol50.org.br\/psol-defende-limites-maximos-de-jornada-e-minimos-de-intervalo-para-profissionais-de-saude-na-pandemia\/#breadcrumb\"},\"inLanguage\":\"pt-BR\",\"potentialAction\":[{\"@type\":\"ReadAction\",\"target\":[\"https:\/\/psol50.org.br\/psol-defende-limites-maximos-de-jornada-e-minimos-de-intervalo-para-profissionais-de-saude-na-pandemia\/\"]}]},{\"@type\":\"ImageObject\",\"inLanguage\":\"pt-BR\",\"@id\":\"https:\/\/psol50.org.br\/psol-defende-limites-maximos-de-jornada-e-minimos-de-intervalo-para-profissionais-de-saude-na-pandemia\/#primaryimage\",\"url\":\"https:\/\/psol50.org.br\/inc\/uploads\/2020\/04\/Hospital-Sao-Sebastiao-Raul-Soares-MG.jpeg.jpg\",\"contentUrl\":\"https:\/\/psol50.org.br\/inc\/uploads\/2020\/04\/Hospital-Sao-Sebastiao-Raul-Soares-MG.jpeg.jpg\",\"width\":1086,\"height\":652,\"caption\":\"Foto: Reprodu\u00e7\u00e3o\"},{\"@type\":\"BreadcrumbList\",\"@id\":\"https:\/\/psol50.org.br\/psol-defende-limites-maximos-de-jornada-e-minimos-de-intervalo-para-profissionais-de-saude-na-pandemia\/#breadcrumb\",\"itemListElement\":[{\"@type\":\"ListItem\",\"position\":1,\"name\":\"In\u00edcio\",\"item\":\"https:\/\/psol50.org.br\/\"},{\"@type\":\"ListItem\",\"position\":2,\"name\":\"PSOL defende limites m\u00e1ximos de jornada e m\u00ednimos de intervalo para profissionais de sa\u00fade na pandemia\"}]},{\"@type\":\"WebSite\",\"@id\":\"https:\/\/psol50.org.br\/#website\",\"url\":\"https:\/\/psol50.org.br\/\",\"name\":\"PSOL 50\",\"description\":\"Site oficial do Partido Socialismo e Liberdade\",\"publisher\":{\"@id\":\"https:\/\/psol50.org.br\/#organization\"},\"alternateName\":\"PSOL50\",\"potentialAction\":[{\"@type\":\"SearchAction\",\"target\":{\"@type\":\"EntryPoint\",\"urlTemplate\":\"https:\/\/psol50.org.br\/?s={search_term_string}\"},\"query-input\":{\"@type\":\"PropertyValueSpecification\",\"valueRequired\":true,\"valueName\":\"search_term_string\"}}],\"inLanguage\":\"pt-BR\"},{\"@type\":\"Organization\",\"@id\":\"https:\/\/psol50.org.br\/#organization\",\"name\":\"PSOL 50\",\"alternateName\":\"PSOL 50\",\"url\":\"https:\/\/psol50.org.br\/\",\"logo\":{\"@type\":\"ImageObject\",\"inLanguage\":\"pt-BR\",\"@id\":\"https:\/\/psol50.org.br\/#\/schema\/logo\/image\/\",\"url\":\"https:\/\/psol50.org.br\/inc\/uploads\/2018\/07\/capa.png\",\"contentUrl\":\"https:\/\/psol50.org.br\/inc\/uploads\/2018\/07\/capa.png\",\"width\":1350,\"height\":900,\"caption\":\"PSOL 50\"},\"image\":{\"@id\":\"https:\/\/psol50.org.br\/#\/schema\/logo\/image\/\"},\"sameAs\":[\"https:\/\/www.facebook.com\/psol50\",\"https:\/\/x.com\/psol50\",\"https:\/\/www.instagram.com\/psol50\/\",\"https:\/\/www.youtube.com\/channel\/UC7SnJS5o1os7a6CaiNabzcg\"]},{\"@type\":\"Person\",\"@id\":\"https:\/\/psol50.org.br\/#\/schema\/person\/475dfa57d0b815993c714c2e96491fcd\",\"name\":\"Comunica\u00e7\u00e3o PSOL\",\"image\":{\"@type\":\"ImageObject\",\"inLanguage\":\"pt-BR\",\"@id\":\"https:\/\/psol50.org.br\/#\/schema\/person\/image\/\",\"url\":\"https:\/\/secure.gravatar.com\/avatar\/b34fc4f4e468a4e51785917065a3db57b841f5c95dba6ad8c73aaf8f66f8f9bf?s=96&d=mm&r=g\",\"contentUrl\":\"https:\/\/secure.gravatar.com\/avatar\/b34fc4f4e468a4e51785917065a3db57b841f5c95dba6ad8c73aaf8f66f8f9bf?s=96&d=mm&r=g\",\"caption\":\"Comunica\u00e7\u00e3o PSOL\"}}]}<\/script>\n<!-- \/ Yoast SEO plugin. -->","yoast_head_json":{"title":"PSOL defende limites m\u00e1ximos de jornada e m\u00ednimos de intervalo para profissionais de sa\u00fade na pandemia","description":"Projeto define jornada de trabalho de, no ma\u0301ximo, 24 horas, com intervalo de, no mi\u0301nimo, 60 horas. Tamb\u00e9m cria medidas de prote\u00e7\u00e3o para profissionais que se contaminem.","robots":{"index":"index","follow":"follow","max-snippet":"max-snippet:-1","max-image-preview":"max-image-preview:large","max-video-preview":"max-video-preview:-1"},"canonical":"https:\/\/psol50.org.br\/psol-defende-limites-maximos-de-jornada-e-minimos-de-intervalo-para-profissionais-de-saude-na-pandemia\/","og_locale":"pt_BR","og_type":"article","og_title":"PSOL defende limites m\u00e1ximos de jornada e m\u00ednimos de intervalo para profissionais de sa\u00fade na pandemia","og_description":"Projeto define jornada de trabalho de, no ma\u0301ximo, 24 horas, com intervalo de, no mi\u0301nimo, 60 horas. Tamb\u00e9m cria medidas de prote\u00e7\u00e3o para profissionais que se contaminem.","og_url":"https:\/\/psol50.org.br\/psol-defende-limites-maximos-de-jornada-e-minimos-de-intervalo-para-profissionais-de-saude-na-pandemia\/","og_site_name":"PSOL 50","article_publisher":"https:\/\/www.facebook.com\/psol50","article_published_time":"2020-05-07T20:04:28+00:00","og_image":[{"width":1086,"height":652,"url":"https:\/\/psol50.org.br\/inc\/uploads\/2020\/04\/Hospital-Sao-Sebastiao-Raul-Soares-MG.jpeg.jpg","type":"image\/jpeg"}],"author":"Comunica\u00e7\u00e3o PSOL","twitter_card":"summary_large_image","twitter_title":"PSOL defende limites m\u00e1ximos de jornada e m\u00ednimos de intervalo para profissionais de sa\u00fade na pandemia","twitter_description":"Projeto define jornada de trabalho de, no ma\u0301ximo, 24 horas, com intervalo de, no mi\u0301nimo, 60 horas. Tamb\u00e9m cria medidas de prote\u00e7\u00e3o para profissionais que se contaminem.","twitter_image":"https:\/\/psol50.org.br\/inc\/uploads\/2020\/04\/Hospital-Sao-Sebastiao-Raul-Soares-MG.jpeg.jpg","twitter_creator":"@psol50","twitter_site":"@psol50","twitter_misc":{"Escrito por":"Comunica\u00e7\u00e3o PSOL","Est. tempo de leitura":"2 minutos"},"schema":{"@context":"https:\/\/schema.org","@graph":[{"@type":"Article","@id":"https:\/\/psol50.org.br\/psol-defende-limites-maximos-de-jornada-e-minimos-de-intervalo-para-profissionais-de-saude-na-pandemia\/#article","isPartOf":{"@id":"https:\/\/psol50.org.br\/psol-defende-limites-maximos-de-jornada-e-minimos-de-intervalo-para-profissionais-de-saude-na-pandemia\/"},"author":{"name":"Comunica\u00e7\u00e3o PSOL","@id":"https:\/\/psol50.org.br\/#\/schema\/person\/475dfa57d0b815993c714c2e96491fcd"},"headline":"PSOL defende limites m\u00e1ximos de jornada e m\u00ednimos de intervalo para profissionais de sa\u00fade na pandemia","datePublished":"2020-05-07T20:04:28+00:00","mainEntityOfPage":{"@id":"https:\/\/psol50.org.br\/psol-defende-limites-maximos-de-jornada-e-minimos-de-intervalo-para-profissionais-de-saude-na-pandemia\/"},"wordCount":345,"publisher":{"@id":"https:\/\/psol50.org.br\/#organization"},"image":{"@id":"https:\/\/psol50.org.br\/psol-defende-limites-maximos-de-jornada-e-minimos-de-intervalo-para-profissionais-de-saude-na-pandemia\/#primaryimage"},"thumbnailUrl":"https:\/\/psol50.org.br\/inc\/uploads\/2020\/04\/Hospital-Sao-Sebastiao-Raul-Soares-MG.jpeg.jpg","keywords":["coronav\u00edrus","covid-19","jornada de trabalho","profissionais de sa\u00fade","PSOL","psolcontraocoronavirus"],"articleSection":["A\u00e7\u00e3o Parlamentar","Not\u00edcias"],"inLanguage":"pt-BR"},{"@type":"WebPage","@id":"https:\/\/psol50.org.br\/psol-defende-limites-maximos-de-jornada-e-minimos-de-intervalo-para-profissionais-de-saude-na-pandemia\/","url":"https:\/\/psol50.org.br\/psol-defende-limites-maximos-de-jornada-e-minimos-de-intervalo-para-profissionais-de-saude-na-pandemia\/","name":"PSOL defende limites m\u00e1ximos de jornada e m\u00ednimos de intervalo para profissionais de sa\u00fade na pandemia","isPartOf":{"@id":"https:\/\/psol50.org.br\/#website"},"primaryImageOfPage":{"@id":"https:\/\/psol50.org.br\/psol-defende-limites-maximos-de-jornada-e-minimos-de-intervalo-para-profissionais-de-saude-na-pandemia\/#primaryimage"},"image":{"@id":"https:\/\/psol50.org.br\/psol-defende-limites-maximos-de-jornada-e-minimos-de-intervalo-para-profissionais-de-saude-na-pandemia\/#primaryimage"},"thumbnailUrl":"https:\/\/psol50.org.br\/inc\/uploads\/2020\/04\/Hospital-Sao-Sebastiao-Raul-Soares-MG.jpeg.jpg","datePublished":"2020-05-07T20:04:28+00:00","description":"Projeto define jornada de trabalho de, no ma\u0301ximo, 24 horas, com intervalo de, no mi\u0301nimo, 60 horas. Tamb\u00e9m cria medidas de prote\u00e7\u00e3o para profissionais que se contaminem.","breadcrumb":{"@id":"https:\/\/psol50.org.br\/psol-defende-limites-maximos-de-jornada-e-minimos-de-intervalo-para-profissionais-de-saude-na-pandemia\/#breadcrumb"},"inLanguage":"pt-BR","potentialAction":[{"@type":"ReadAction","target":["https:\/\/psol50.org.br\/psol-defende-limites-maximos-de-jornada-e-minimos-de-intervalo-para-profissionais-de-saude-na-pandemia\/"]}]},{"@type":"ImageObject","inLanguage":"pt-BR","@id":"https:\/\/psol50.org.br\/psol-defende-limites-maximos-de-jornada-e-minimos-de-intervalo-para-profissionais-de-saude-na-pandemia\/#primaryimage","url":"https:\/\/psol50.org.br\/inc\/uploads\/2020\/04\/Hospital-Sao-Sebastiao-Raul-Soares-MG.jpeg.jpg","contentUrl":"https:\/\/psol50.org.br\/inc\/uploads\/2020\/04\/Hospital-Sao-Sebastiao-Raul-Soares-MG.jpeg.jpg","width":1086,"height":652,"caption":"Foto: Reprodu\u00e7\u00e3o"},{"@type":"BreadcrumbList","@id":"https:\/\/psol50.org.br\/psol-defende-limites-maximos-de-jornada-e-minimos-de-intervalo-para-profissionais-de-saude-na-pandemia\/#breadcrumb","itemListElement":[{"@type":"ListItem","position":1,"name":"In\u00edcio","item":"https:\/\/psol50.org.br\/"},{"@type":"ListItem","position":2,"name":"PSOL defende limites m\u00e1ximos de jornada e m\u00ednimos de intervalo para profissionais de sa\u00fade na pandemia"}]},{"@type":"WebSite","@id":"https:\/\/psol50.org.br\/#website","url":"https:\/\/psol50.org.br\/","name":"PSOL 50","description":"Site oficial do Partido Socialismo e Liberdade","publisher":{"@id":"https:\/\/psol50.org.br\/#organization"},"alternateName":"PSOL50","potentialAction":[{"@type":"SearchAction","target":{"@type":"EntryPoint","urlTemplate":"https:\/\/psol50.org.br\/?s={search_term_string}"},"query-input":{"@type":"PropertyValueSpecification","valueRequired":true,"valueName":"search_term_string"}}],"inLanguage":"pt-BR"},{"@type":"Organization","@id":"https:\/\/psol50.org.br\/#organization","name":"PSOL 50","alternateName":"PSOL 50","url":"https:\/\/psol50.org.br\/","logo":{"@type":"ImageObject","inLanguage":"pt-BR","@id":"https:\/\/psol50.org.br\/#\/schema\/logo\/image\/","url":"https:\/\/psol50.org.br\/inc\/uploads\/2018\/07\/capa.png","contentUrl":"https:\/\/psol50.org.br\/inc\/uploads\/2018\/07\/capa.png","width":1350,"height":900,"caption":"PSOL 50"},"image":{"@id":"https:\/\/psol50.org.br\/#\/schema\/logo\/image\/"},"sameAs":["https:\/\/www.facebook.com\/psol50","https:\/\/x.com\/psol50","https:\/\/www.instagram.com\/psol50\/","https:\/\/www.youtube.com\/channel\/UC7SnJS5o1os7a6CaiNabzcg"]},{"@type":"Person","@id":"https:\/\/psol50.org.br\/#\/schema\/person\/475dfa57d0b815993c714c2e96491fcd","name":"Comunica\u00e7\u00e3o PSOL","image":{"@type":"ImageObject","inLanguage":"pt-BR","@id":"https:\/\/psol50.org.br\/#\/schema\/person\/image\/","url":"https:\/\/secure.gravatar.com\/avatar\/b34fc4f4e468a4e51785917065a3db57b841f5c95dba6ad8c73aaf8f66f8f9bf?s=96&d=mm&r=g","contentUrl":"https:\/\/secure.gravatar.com\/avatar\/b34fc4f4e468a4e51785917065a3db57b841f5c95dba6ad8c73aaf8f66f8f9bf?s=96&d=mm&r=g","caption":"Comunica\u00e7\u00e3o PSOL"}}]}},"_links":{"self":[{"href":"https:\/\/psol50.org.br\/rest\/wp\/v2\/posts\/28737","targetHints":{"allow":["GET"]}}],"collection":[{"href":"https:\/\/psol50.org.br\/rest\/wp\/v2\/posts"}],"about":[{"href":"https:\/\/psol50.org.br\/rest\/wp\/v2\/types\/post"}],"author":[{"embeddable":true,"href":"https:\/\/psol50.org.br\/rest\/wp\/v2\/users\/2"}],"replies":[{"embeddable":true,"href":"https:\/\/psol50.org.br\/rest\/wp\/v2\/comments?post=28737"}],"version-history":[{"count":0,"href":"https:\/\/psol50.org.br\/rest\/wp\/v2\/posts\/28737\/revisions"}],"wp:featuredmedia":[{"embeddable":true,"href":"https:\/\/psol50.org.br\/rest\/wp\/v2\/media\/28407"}],"wp:attachment":[{"href":"https:\/\/psol50.org.br\/rest\/wp\/v2\/media?parent=28737"}],"wp:term":[{"taxonomy":"category","embeddable":true,"href":"https:\/\/psol50.org.br\/rest\/wp\/v2\/categories?post=28737"},{"taxonomy":"post_tag","embeddable":true,"href":"https:\/\/psol50.org.br\/rest\/wp\/v2\/tags?post=28737"}],"curies":[{"name":"wp","href":"https:\/\/api.w.org\/{rel}","templated":true}]}}