{"id":28751,"date":"2020-05-07T18:07:28","date_gmt":"2020-05-07T21:07:28","guid":{"rendered":"https:\/\/psol50.org.br\/?p=28751"},"modified":"2020-05-07T18:07:28","modified_gmt":"2020-05-07T21:07:28","slug":"psol-denuncia-acampamento-paramilitar-bolsonarista-e-seus-organizadores-ao-mpf","status":"publish","type":"post","link":"https:\/\/psol50.org.br\/psol-denuncia-acampamento-paramilitar-bolsonarista-e-seus-organizadores-ao-mpf\/","title":{"rendered":"PSOL denuncia acampamento paramilitar bolsonarista e seus organizadores ao MPF"},"content":{"rendered":"<p><a href=\"http:\/\/psol50.org.br\/coronavirus\" target=\"_blank\" rel=\"noopener noreferrer\"><img loading=\"lazy\" decoding=\"async\" class=\"alignnone size-full wp-image-27838\" src=\"https:\/\/psol50.org.br\/inc\/uploads\/2020\/03\/Banner-Site_3.png\" alt=\"\" width=\"1240\" height=\"331\" srcset=\"https:\/\/psol50.org.br\/inc\/uploads\/2020\/03\/Banner-Site_3.png 1240w, https:\/\/psol50.org.br\/inc\/uploads\/2020\/03\/Banner-Site_3-300x80.png 300w, https:\/\/psol50.org.br\/inc\/uploads\/2020\/03\/Banner-Site_3-1024x273.png 1024w, https:\/\/psol50.org.br\/inc\/uploads\/2020\/03\/Banner-Site_3-768x205.png 768w, https:\/\/psol50.org.br\/inc\/uploads\/2020\/03\/Banner-Site_3-150x40.png 150w, https:\/\/psol50.org.br\/inc\/uploads\/2020\/03\/Banner-Site_3-696x186.png 696w, https:\/\/psol50.org.br\/inc\/uploads\/2020\/03\/Banner-Site_3-1068x285.png 1068w\" sizes=\"auto, (max-width: 1240px) 100vw, 1240px\" \/><\/a><\/p>\n<p>A bancada do PSOL na C\u00e2mara dos Deputados apresentou uma <strong><a href=\"https:\/\/psol50.org.br\/inc\/uploads\/2020\/05\/Representa\u00e7\u00e3o-Acampamento-dos-300-Bras\u00edlia_FINAL.pdf\" target=\"_blank\" rel=\"noopener noreferrer\">den\u00fancia ao Minist\u00e9rio P\u00fablico Federal do Distrito Federal e \u00e0 Procuradoria Federal dos Direitos do Cidad\u00e3o<\/a><\/strong> nesta quinta-feira (7) para pedir a investiga\u00e7\u00e3o do agrupamento que se autointitula &#8220;300 do Brasil&#8221;, que permanece acampado em Bras\u00edlia em plena pandemia do novo coronav\u00edrus e organiza atos antidemocr\u00e1ticos contra o STF, com amea\u00e7as de &#8220;exterm\u00ednio da esquerda&#8221; e agress\u00f5es a profissionais de sa\u00fade e jornalistas.<\/p>\n<p>A ativista Sara Winter, que j\u00e1 ocupou cargo no Minist\u00e9rio da Mulher, da Fam\u00edlia e dos Direitos Humanos durante o governo Bolsonaro, se proclama uma das organizadoras do acampamento e confirma o apoio direto de muitos deputados bolsonaristas.<\/p>\n<p>O grupo \u201c300 do Brasil\u201d afirmam que vai \u201cexterminar a esquerda\u201d no Brasil atrav\u00e9s de \u201cataques estrat\u00e9gicos\u201d, com \u201ctreinamento f\u00edsico de combate\u201d, numa evidente demonstra\u00e7\u00e3o de \u00f3dio e intoler\u00e2ncia, absolutamente contr\u00e1rios ao que prev\u00ea a Constitui\u00e7\u00e3o Federal.<\/p>\n<p>Em posts nas redes sociais, o movimento tamb\u00e9m pede ades\u00e3o de pessoas que estejam dispostas a passar por um treinamento com especialistas em &#8220;revolu\u00e7\u00e3o n\u00e3o-violenta e desobedi\u00eancia civil&#8221;, t\u00e9cnicas de &#8220;estrat\u00e9gia, intelig\u00eancia e investiga\u00e7\u00e3o&#8221; e instru\u00e7\u00e3o sobre &#8220;t\u00e1ticas de guerra de informa\u00e7\u00e3o&#8221;.<\/p>\n<p>A PGR j\u00e1 determinou abertura de inqu\u00e9rito para investigar a organiza\u00e7\u00e3o das manifesta\u00e7\u00f5es contra a democracia que contam com a participa\u00e7\u00e3o do presidente Bolsonaro durante a pandemia de Covid-19. O PSOL pede que esta organiza\u00e7\u00e3o paramilitar seja anexada ao inqu\u00e9rito que j\u00e1 corre no Supremo Tribunal Federal (STF).<\/p>\n","protected":false},"excerpt":{"rendered":"<p>A bancada do PSOL na C\u00e2mara dos Deputados apresentou uma den\u00fancia ao Minist\u00e9rio P\u00fablico Federal do Distrito Federal e \u00e0 Procuradoria Federal dos Direitos do Cidad\u00e3o nesta quinta-feira (7) para pedir a investiga\u00e7\u00e3o do agrupamento que se autointitula &#8220;300 do Brasil&#8221;, que permanece acampado em Bras\u00edlia em plena pandemia do novo coronav\u00edrus e organiza atos [&hellip;]<\/p>\n","protected":false},"author":2,"featured_media":28754,"comment_status":"closed","ping_status":"open","sticky":false,"template":"","format":"standard","meta":{"_acf_changed":false,"footnotes":""},"categories":[10,6],"tags":[634,635,616,76,22,636],"class_list":{"0":"post-28751","1":"post","2":"type-post","3":"status-publish","4":"format-standard","5":"has-post-thumbnail","7":"category-acao-parlamentares","8":"category-noticias","9":"tag-300-do-brasil","10":"tag-acampamento","11":"tag-brasilia","12":"tag-mpf","13":"tag-psol","14":"tag-sara-winter"},"acf":[],"yoast_head":"<!-- This site is optimized with the Yoast SEO plugin v26.5 - https:\/\/yoast.com\/wordpress\/plugins\/seo\/ -->\n<title>PSOL denuncia acampamento paramilitar bolsonarista e seus organizadores ao MPF<\/title>\n<meta name=\"description\" content=\"Agrupamento se autointitula &quot;300 do Brasil&quot;, que permanece acampado em Bras\u00edlia em plena pandemia do novo coronav\u00edrus e defende o &quot;exterm\u00ednio da esquerda&quot;.\" \/>\n<meta name=\"robots\" content=\"index, follow, max-snippet:-1, max-image-preview:large, max-video-preview:-1\" \/>\n<link rel=\"canonical\" href=\"https:\/\/psol50.org.br\/psol-denuncia-acampamento-paramilitar-bolsonarista-e-seus-organizadores-ao-mpf\/\" \/>\n<meta property=\"og:locale\" content=\"pt_BR\" \/>\n<meta property=\"og:type\" content=\"article\" \/>\n<meta property=\"og:title\" content=\"PSOL denuncia acampamento paramilitar bolsonarista e seus organizadores ao MPF\" \/>\n<meta property=\"og:description\" content=\"Agrupamento se autointitula &quot;300 do Brasil&quot;, que permanece acampado em Bras\u00edlia em plena pandemia do novo coronav\u00edrus e defende o &quot;exterm\u00ednio da esquerda&quot;.\" \/>\n<meta property=\"og:url\" content=\"https:\/\/psol50.org.br\/psol-denuncia-acampamento-paramilitar-bolsonarista-e-seus-organizadores-ao-mpf\/\" \/>\n<meta property=\"og:site_name\" content=\"PSOL 50\" \/>\n<meta property=\"article:publisher\" content=\"https:\/\/www.facebook.com\/psol50\" \/>\n<meta property=\"article:published_time\" content=\"2020-05-07T21:07:28+00:00\" \/>\n<meta property=\"og:image\" content=\"https:\/\/psol50.org.br\/inc\/uploads\/2020\/05\/EXF5KZLWsAEmf4B-750x430-1.jpg\" \/>\n\t<meta property=\"og:image:width\" content=\"750\" \/>\n\t<meta property=\"og:image:height\" content=\"430\" \/>\n\t<meta property=\"og:image:type\" content=\"image\/jpeg\" \/>\n<meta name=\"author\" content=\"Comunica\u00e7\u00e3o PSOL\" \/>\n<meta name=\"twitter:card\" content=\"summary_large_image\" \/>\n<meta name=\"twitter:title\" content=\"PSOL denuncia acampamento paramilitar bolsonarista e seus organizadores ao MPF\" \/>\n<meta name=\"twitter:description\" content=\"Agrupamento se autointitula &quot;300 do Brasil&quot;, que permanece acampado em Bras\u00edlia em plena pandemia do novo coronav\u00edrus e defende o &quot;exterm\u00ednio da esquerda&quot;.\" \/>\n<meta name=\"twitter:image\" content=\"https:\/\/psol50.org.br\/inc\/uploads\/2020\/05\/EXF5KZLWsAEmf4B-750x430-1.jpg\" \/>\n<meta name=\"twitter:creator\" content=\"@psol50\" \/>\n<meta name=\"twitter:site\" content=\"@psol50\" \/>\n<meta name=\"twitter:label1\" content=\"Escrito por\" \/>\n\t<meta name=\"twitter:data1\" content=\"Comunica\u00e7\u00e3o PSOL\" \/>\n\t<meta name=\"twitter:label2\" content=\"Est. tempo de leitura\" \/>\n\t<meta name=\"twitter:data2\" content=\"1 minuto\" \/>\n<script type=\"application\/ld+json\" class=\"yoast-schema-graph\">{\"@context\":\"https:\/\/schema.org\",\"@graph\":[{\"@type\":\"Article\",\"@id\":\"https:\/\/psol50.org.br\/psol-denuncia-acampamento-paramilitar-bolsonarista-e-seus-organizadores-ao-mpf\/#article\",\"isPartOf\":{\"@id\":\"https:\/\/psol50.org.br\/psol-denuncia-acampamento-paramilitar-bolsonarista-e-seus-organizadores-ao-mpf\/\"},\"author\":{\"name\":\"Comunica\u00e7\u00e3o PSOL\",\"@id\":\"https:\/\/psol50.org.br\/#\/schema\/person\/475dfa57d0b815993c714c2e96491fcd\"},\"headline\":\"PSOL denuncia acampamento paramilitar bolsonarista e seus organizadores ao MPF\",\"datePublished\":\"2020-05-07T21:07:28+00:00\",\"mainEntityOfPage\":{\"@id\":\"https:\/\/psol50.org.br\/psol-denuncia-acampamento-paramilitar-bolsonarista-e-seus-organizadores-ao-mpf\/\"},\"wordCount\":284,\"publisher\":{\"@id\":\"https:\/\/psol50.org.br\/#organization\"},\"image\":{\"@id\":\"https:\/\/psol50.org.br\/psol-denuncia-acampamento-paramilitar-bolsonarista-e-seus-organizadores-ao-mpf\/#primaryimage\"},\"thumbnailUrl\":\"https:\/\/psol50.org.br\/inc\/uploads\/2020\/05\/EXF5KZLWsAEmf4B-750x430-1.jpg\",\"keywords\":[\"300 do brasil\",\"acampamento\",\"Bras\u00edlia\",\"MPF\",\"PSOL\",\"sara winter\"],\"articleSection\":[\"A\u00e7\u00e3o Parlamentar\",\"Not\u00edcias\"],\"inLanguage\":\"pt-BR\"},{\"@type\":\"WebPage\",\"@id\":\"https:\/\/psol50.org.br\/psol-denuncia-acampamento-paramilitar-bolsonarista-e-seus-organizadores-ao-mpf\/\",\"url\":\"https:\/\/psol50.org.br\/psol-denuncia-acampamento-paramilitar-bolsonarista-e-seus-organizadores-ao-mpf\/\",\"name\":\"PSOL denuncia acampamento paramilitar bolsonarista e seus organizadores ao MPF\",\"isPartOf\":{\"@id\":\"https:\/\/psol50.org.br\/#website\"},\"primaryImageOfPage\":{\"@id\":\"https:\/\/psol50.org.br\/psol-denuncia-acampamento-paramilitar-bolsonarista-e-seus-organizadores-ao-mpf\/#primaryimage\"},\"image\":{\"@id\":\"https:\/\/psol50.org.br\/psol-denuncia-acampamento-paramilitar-bolsonarista-e-seus-organizadores-ao-mpf\/#primaryimage\"},\"thumbnailUrl\":\"https:\/\/psol50.org.br\/inc\/uploads\/2020\/05\/EXF5KZLWsAEmf4B-750x430-1.jpg\",\"datePublished\":\"2020-05-07T21:07:28+00:00\",\"description\":\"Agrupamento se autointitula \\\"300 do Brasil\\\", que permanece acampado em Bras\u00edlia em plena pandemia do novo coronav\u00edrus e defende o \\\"exterm\u00ednio da esquerda\\\".\",\"breadcrumb\":{\"@id\":\"https:\/\/psol50.org.br\/psol-denuncia-acampamento-paramilitar-bolsonarista-e-seus-organizadores-ao-mpf\/#breadcrumb\"},\"inLanguage\":\"pt-BR\",\"potentialAction\":[{\"@type\":\"ReadAction\",\"target\":[\"https:\/\/psol50.org.br\/psol-denuncia-acampamento-paramilitar-bolsonarista-e-seus-organizadores-ao-mpf\/\"]}]},{\"@type\":\"ImageObject\",\"inLanguage\":\"pt-BR\",\"@id\":\"https:\/\/psol50.org.br\/psol-denuncia-acampamento-paramilitar-bolsonarista-e-seus-organizadores-ao-mpf\/#primaryimage\",\"url\":\"https:\/\/psol50.org.br\/inc\/uploads\/2020\/05\/EXF5KZLWsAEmf4B-750x430-1.jpg\",\"contentUrl\":\"https:\/\/psol50.org.br\/inc\/uploads\/2020\/05\/EXF5KZLWsAEmf4B-750x430-1.jpg\",\"width\":750,\"height\":430,\"caption\":\"Foto: Reprodu\u00e7\u00e3o\/Twitter\"},{\"@type\":\"BreadcrumbList\",\"@id\":\"https:\/\/psol50.org.br\/psol-denuncia-acampamento-paramilitar-bolsonarista-e-seus-organizadores-ao-mpf\/#breadcrumb\",\"itemListElement\":[{\"@type\":\"ListItem\",\"position\":1,\"name\":\"In\u00edcio\",\"item\":\"https:\/\/psol50.org.br\/\"},{\"@type\":\"ListItem\",\"position\":2,\"name\":\"PSOL denuncia acampamento paramilitar bolsonarista e seus organizadores ao MPF\"}]},{\"@type\":\"WebSite\",\"@id\":\"https:\/\/psol50.org.br\/#website\",\"url\":\"https:\/\/psol50.org.br\/\",\"name\":\"PSOL 50\",\"description\":\"Site oficial do Partido Socialismo e Liberdade\",\"publisher\":{\"@id\":\"https:\/\/psol50.org.br\/#organization\"},\"alternateName\":\"PSOL50\",\"potentialAction\":[{\"@type\":\"SearchAction\",\"target\":{\"@type\":\"EntryPoint\",\"urlTemplate\":\"https:\/\/psol50.org.br\/?s={search_term_string}\"},\"query-input\":{\"@type\":\"PropertyValueSpecification\",\"valueRequired\":true,\"valueName\":\"search_term_string\"}}],\"inLanguage\":\"pt-BR\"},{\"@type\":\"Organization\",\"@id\":\"https:\/\/psol50.org.br\/#organization\",\"name\":\"PSOL 50\",\"alternateName\":\"PSOL 50\",\"url\":\"https:\/\/psol50.org.br\/\",\"logo\":{\"@type\":\"ImageObject\",\"inLanguage\":\"pt-BR\",\"@id\":\"https:\/\/psol50.org.br\/#\/schema\/logo\/image\/\",\"url\":\"https:\/\/psol50.org.br\/inc\/uploads\/2018\/07\/capa.png\",\"contentUrl\":\"https:\/\/psol50.org.br\/inc\/uploads\/2018\/07\/capa.png\",\"width\":1350,\"height\":900,\"caption\":\"PSOL 50\"},\"image\":{\"@id\":\"https:\/\/psol50.org.br\/#\/schema\/logo\/image\/\"},\"sameAs\":[\"https:\/\/www.facebook.com\/psol50\",\"https:\/\/x.com\/psol50\",\"https:\/\/www.instagram.com\/psol50\/\",\"https:\/\/www.youtube.com\/channel\/UC7SnJS5o1os7a6CaiNabzcg\"]},{\"@type\":\"Person\",\"@id\":\"https:\/\/psol50.org.br\/#\/schema\/person\/475dfa57d0b815993c714c2e96491fcd\",\"name\":\"Comunica\u00e7\u00e3o PSOL\",\"image\":{\"@type\":\"ImageObject\",\"inLanguage\":\"pt-BR\",\"@id\":\"https:\/\/psol50.org.br\/#\/schema\/person\/image\/\",\"url\":\"https:\/\/secure.gravatar.com\/avatar\/b34fc4f4e468a4e51785917065a3db57b841f5c95dba6ad8c73aaf8f66f8f9bf?s=96&d=mm&r=g\",\"contentUrl\":\"https:\/\/secure.gravatar.com\/avatar\/b34fc4f4e468a4e51785917065a3db57b841f5c95dba6ad8c73aaf8f66f8f9bf?s=96&d=mm&r=g\",\"caption\":\"Comunica\u00e7\u00e3o PSOL\"}}]}<\/script>\n<!-- \/ Yoast SEO plugin. -->","yoast_head_json":{"title":"PSOL denuncia acampamento paramilitar bolsonarista e seus organizadores ao MPF","description":"Agrupamento se autointitula \"300 do Brasil\", que permanece acampado em Bras\u00edlia em plena pandemia do novo coronav\u00edrus e defende o \"exterm\u00ednio da esquerda\".","robots":{"index":"index","follow":"follow","max-snippet":"max-snippet:-1","max-image-preview":"max-image-preview:large","max-video-preview":"max-video-preview:-1"},"canonical":"https:\/\/psol50.org.br\/psol-denuncia-acampamento-paramilitar-bolsonarista-e-seus-organizadores-ao-mpf\/","og_locale":"pt_BR","og_type":"article","og_title":"PSOL denuncia acampamento paramilitar bolsonarista e seus organizadores ao MPF","og_description":"Agrupamento se autointitula \"300 do Brasil\", que permanece acampado em Bras\u00edlia em plena pandemia do novo coronav\u00edrus e defende o \"exterm\u00ednio da esquerda\".","og_url":"https:\/\/psol50.org.br\/psol-denuncia-acampamento-paramilitar-bolsonarista-e-seus-organizadores-ao-mpf\/","og_site_name":"PSOL 50","article_publisher":"https:\/\/www.facebook.com\/psol50","article_published_time":"2020-05-07T21:07:28+00:00","og_image":[{"width":750,"height":430,"url":"https:\/\/psol50.org.br\/inc\/uploads\/2020\/05\/EXF5KZLWsAEmf4B-750x430-1.jpg","type":"image\/jpeg"}],"author":"Comunica\u00e7\u00e3o PSOL","twitter_card":"summary_large_image","twitter_title":"PSOL denuncia acampamento paramilitar bolsonarista e seus organizadores ao MPF","twitter_description":"Agrupamento se autointitula \"300 do Brasil\", que permanece acampado em Bras\u00edlia em plena pandemia do novo coronav\u00edrus e defende o \"exterm\u00ednio da esquerda\".","twitter_image":"https:\/\/psol50.org.br\/inc\/uploads\/2020\/05\/EXF5KZLWsAEmf4B-750x430-1.jpg","twitter_creator":"@psol50","twitter_site":"@psol50","twitter_misc":{"Escrito por":"Comunica\u00e7\u00e3o PSOL","Est. tempo de leitura":"1 minuto"},"schema":{"@context":"https:\/\/schema.org","@graph":[{"@type":"Article","@id":"https:\/\/psol50.org.br\/psol-denuncia-acampamento-paramilitar-bolsonarista-e-seus-organizadores-ao-mpf\/#article","isPartOf":{"@id":"https:\/\/psol50.org.br\/psol-denuncia-acampamento-paramilitar-bolsonarista-e-seus-organizadores-ao-mpf\/"},"author":{"name":"Comunica\u00e7\u00e3o PSOL","@id":"https:\/\/psol50.org.br\/#\/schema\/person\/475dfa57d0b815993c714c2e96491fcd"},"headline":"PSOL denuncia acampamento paramilitar bolsonarista e seus organizadores ao MPF","datePublished":"2020-05-07T21:07:28+00:00","mainEntityOfPage":{"@id":"https:\/\/psol50.org.br\/psol-denuncia-acampamento-paramilitar-bolsonarista-e-seus-organizadores-ao-mpf\/"},"wordCount":284,"publisher":{"@id":"https:\/\/psol50.org.br\/#organization"},"image":{"@id":"https:\/\/psol50.org.br\/psol-denuncia-acampamento-paramilitar-bolsonarista-e-seus-organizadores-ao-mpf\/#primaryimage"},"thumbnailUrl":"https:\/\/psol50.org.br\/inc\/uploads\/2020\/05\/EXF5KZLWsAEmf4B-750x430-1.jpg","keywords":["300 do brasil","acampamento","Bras\u00edlia","MPF","PSOL","sara winter"],"articleSection":["A\u00e7\u00e3o Parlamentar","Not\u00edcias"],"inLanguage":"pt-BR"},{"@type":"WebPage","@id":"https:\/\/psol50.org.br\/psol-denuncia-acampamento-paramilitar-bolsonarista-e-seus-organizadores-ao-mpf\/","url":"https:\/\/psol50.org.br\/psol-denuncia-acampamento-paramilitar-bolsonarista-e-seus-organizadores-ao-mpf\/","name":"PSOL denuncia acampamento paramilitar bolsonarista e seus organizadores ao MPF","isPartOf":{"@id":"https:\/\/psol50.org.br\/#website"},"primaryImageOfPage":{"@id":"https:\/\/psol50.org.br\/psol-denuncia-acampamento-paramilitar-bolsonarista-e-seus-organizadores-ao-mpf\/#primaryimage"},"image":{"@id":"https:\/\/psol50.org.br\/psol-denuncia-acampamento-paramilitar-bolsonarista-e-seus-organizadores-ao-mpf\/#primaryimage"},"thumbnailUrl":"https:\/\/psol50.org.br\/inc\/uploads\/2020\/05\/EXF5KZLWsAEmf4B-750x430-1.jpg","datePublished":"2020-05-07T21:07:28+00:00","description":"Agrupamento se autointitula \"300 do Brasil\", que permanece acampado em Bras\u00edlia em plena pandemia do novo coronav\u00edrus e defende o \"exterm\u00ednio da esquerda\".","breadcrumb":{"@id":"https:\/\/psol50.org.br\/psol-denuncia-acampamento-paramilitar-bolsonarista-e-seus-organizadores-ao-mpf\/#breadcrumb"},"inLanguage":"pt-BR","potentialAction":[{"@type":"ReadAction","target":["https:\/\/psol50.org.br\/psol-denuncia-acampamento-paramilitar-bolsonarista-e-seus-organizadores-ao-mpf\/"]}]},{"@type":"ImageObject","inLanguage":"pt-BR","@id":"https:\/\/psol50.org.br\/psol-denuncia-acampamento-paramilitar-bolsonarista-e-seus-organizadores-ao-mpf\/#primaryimage","url":"https:\/\/psol50.org.br\/inc\/uploads\/2020\/05\/EXF5KZLWsAEmf4B-750x430-1.jpg","contentUrl":"https:\/\/psol50.org.br\/inc\/uploads\/2020\/05\/EXF5KZLWsAEmf4B-750x430-1.jpg","width":750,"height":430,"caption":"Foto: Reprodu\u00e7\u00e3o\/Twitter"},{"@type":"BreadcrumbList","@id":"https:\/\/psol50.org.br\/psol-denuncia-acampamento-paramilitar-bolsonarista-e-seus-organizadores-ao-mpf\/#breadcrumb","itemListElement":[{"@type":"ListItem","position":1,"name":"In\u00edcio","item":"https:\/\/psol50.org.br\/"},{"@type":"ListItem","position":2,"name":"PSOL denuncia acampamento paramilitar bolsonarista e seus organizadores ao MPF"}]},{"@type":"WebSite","@id":"https:\/\/psol50.org.br\/#website","url":"https:\/\/psol50.org.br\/","name":"PSOL 50","description":"Site oficial do Partido Socialismo e Liberdade","publisher":{"@id":"https:\/\/psol50.org.br\/#organization"},"alternateName":"PSOL50","potentialAction":[{"@type":"SearchAction","target":{"@type":"EntryPoint","urlTemplate":"https:\/\/psol50.org.br\/?s={search_term_string}"},"query-input":{"@type":"PropertyValueSpecification","valueRequired":true,"valueName":"search_term_string"}}],"inLanguage":"pt-BR"},{"@type":"Organization","@id":"https:\/\/psol50.org.br\/#organization","name":"PSOL 50","alternateName":"PSOL 50","url":"https:\/\/psol50.org.br\/","logo":{"@type":"ImageObject","inLanguage":"pt-BR","@id":"https:\/\/psol50.org.br\/#\/schema\/logo\/image\/","url":"https:\/\/psol50.org.br\/inc\/uploads\/2018\/07\/capa.png","contentUrl":"https:\/\/psol50.org.br\/inc\/uploads\/2018\/07\/capa.png","width":1350,"height":900,"caption":"PSOL 50"},"image":{"@id":"https:\/\/psol50.org.br\/#\/schema\/logo\/image\/"},"sameAs":["https:\/\/www.facebook.com\/psol50","https:\/\/x.com\/psol50","https:\/\/www.instagram.com\/psol50\/","https:\/\/www.youtube.com\/channel\/UC7SnJS5o1os7a6CaiNabzcg"]},{"@type":"Person","@id":"https:\/\/psol50.org.br\/#\/schema\/person\/475dfa57d0b815993c714c2e96491fcd","name":"Comunica\u00e7\u00e3o PSOL","image":{"@type":"ImageObject","inLanguage":"pt-BR","@id":"https:\/\/psol50.org.br\/#\/schema\/person\/image\/","url":"https:\/\/secure.gravatar.com\/avatar\/b34fc4f4e468a4e51785917065a3db57b841f5c95dba6ad8c73aaf8f66f8f9bf?s=96&d=mm&r=g","contentUrl":"https:\/\/secure.gravatar.com\/avatar\/b34fc4f4e468a4e51785917065a3db57b841f5c95dba6ad8c73aaf8f66f8f9bf?s=96&d=mm&r=g","caption":"Comunica\u00e7\u00e3o PSOL"}}]}},"_links":{"self":[{"href":"https:\/\/psol50.org.br\/rest\/wp\/v2\/posts\/28751","targetHints":{"allow":["GET"]}}],"collection":[{"href":"https:\/\/psol50.org.br\/rest\/wp\/v2\/posts"}],"about":[{"href":"https:\/\/psol50.org.br\/rest\/wp\/v2\/types\/post"}],"author":[{"embeddable":true,"href":"https:\/\/psol50.org.br\/rest\/wp\/v2\/users\/2"}],"replies":[{"embeddable":true,"href":"https:\/\/psol50.org.br\/rest\/wp\/v2\/comments?post=28751"}],"version-history":[{"count":0,"href":"https:\/\/psol50.org.br\/rest\/wp\/v2\/posts\/28751\/revisions"}],"wp:featuredmedia":[{"embeddable":true,"href":"https:\/\/psol50.org.br\/rest\/wp\/v2\/media\/28754"}],"wp:attachment":[{"href":"https:\/\/psol50.org.br\/rest\/wp\/v2\/media?parent=28751"}],"wp:term":[{"taxonomy":"category","embeddable":true,"href":"https:\/\/psol50.org.br\/rest\/wp\/v2\/categories?post=28751"},{"taxonomy":"post_tag","embeddable":true,"href":"https:\/\/psol50.org.br\/rest\/wp\/v2\/tags?post=28751"}],"curies":[{"name":"wp","href":"https:\/\/api.w.org\/{rel}","templated":true}]}}