{"id":28795,"date":"2020-05-11T14:35:55","date_gmt":"2020-05-11T17:35:55","guid":{"rendered":"https:\/\/psol50.org.br\/?p=28795"},"modified":"2020-05-11T14:35:55","modified_gmt":"2020-05-11T17:35:55","slug":"nenhum-profissional-da-saude-tem-seguranca-garantida-alerta-tecnica-de-enfermagem-e-militante-do-psol","status":"publish","type":"post","link":"https:\/\/psol50.org.br\/nenhum-profissional-da-saude-tem-seguranca-garantida-alerta-tecnica-de-enfermagem-e-militante-do-psol\/","title":{"rendered":"&#8220;Nenhum profissional da sa\u00fade tem seguran\u00e7a garantida&#8221;, alerta t\u00e9cnica de enfermagem e militante do PSOL"},"content":{"rendered":"<p><a href=\"http:\/\/psol50.org.br\/coronavirus\" target=\"_blank\" rel=\"noopener noreferrer\"><img loading=\"lazy\" decoding=\"async\" class=\"alignnone size-full wp-image-27838\" src=\"https:\/\/psol50.org.br\/inc\/uploads\/2020\/03\/Banner-Site_3.png\" alt=\"\" width=\"1240\" height=\"331\" srcset=\"https:\/\/psol50.org.br\/inc\/uploads\/2020\/03\/Banner-Site_3.png 1240w, https:\/\/psol50.org.br\/inc\/uploads\/2020\/03\/Banner-Site_3-300x80.png 300w, https:\/\/psol50.org.br\/inc\/uploads\/2020\/03\/Banner-Site_3-1024x273.png 1024w, https:\/\/psol50.org.br\/inc\/uploads\/2020\/03\/Banner-Site_3-768x205.png 768w, https:\/\/psol50.org.br\/inc\/uploads\/2020\/03\/Banner-Site_3-150x40.png 150w, https:\/\/psol50.org.br\/inc\/uploads\/2020\/03\/Banner-Site_3-696x186.png 696w, https:\/\/psol50.org.br\/inc\/uploads\/2020\/03\/Banner-Site_3-1068x285.png 1068w\" sizes=\"auto, (max-width: 1240px) 100vw, 1240px\" \/><\/a><\/p>\n<p><em><a href=\"https:\/\/passapalavra.info\/2020\/05\/131696\/\" target=\"_blank\" rel=\"noopener noreferrer\">Originalmente publicado em PassaPalavra<\/a><\/em><\/p>\n<p>Izabel Cristina Firmino \u00e9 t\u00e9cnica de enfermagem h\u00e1 26 anos no hospital Ant\u00f4nio Pedro da Universidade Federal Fluminense (UFF), trabalhou em diversos setores e \u00e9 Coordenadora Sindical do Sintuff, o Sindicato dos Trabalhadores da Educa\u00e7\u00e3o da Universidade Federal Fluminense. Nos \u00faltimos anos, o hospital reduziu sua capacidade de 450 para 160 leitos.<\/p>\n<p>Na entrevista abaixo, ela fala sobre os desafios do combate \u00e0 pandemia em meio \u00e0 precariedade do SUS (Sistema \u00danico de Sa\u00fade) e a falta de preparo dos gestores que n\u00e3o tinham um plano para enfrentar a pandemia. Essa entrevista foi realizada no in\u00edcio de abril.<\/p>\n<p><strong>Conte-nos sobre a prepara\u00e7\u00e3o do Hospital Antonio Pedro em face da pandemia.<\/strong><\/p>\n<p>Come\u00e7amos a perceber que a quantidade de material que t\u00ednhamos at\u00e9 ent\u00e3o seguia o fluxo normal de atendimento, n\u00e3o o de um hospital que precisava come\u00e7ar a se preparar para poss\u00edveis pacientes com COVID-19. Ent\u00e3o come\u00e7amos a perceber que n\u00e3o t\u00ednhamos material para todos. Como se fosse colocar a UTI, a UTI neonatal e a UTI adulto em uma situa\u00e7\u00e3o normal, que precisa ter esse material regularmente, a emerg\u00eancia e a pr\u00f3pria sala de cirurgia. Os EPIs (equipamentos de prote\u00e7\u00e3o individual) foram suficientes, mas em uma situa\u00e7\u00e3o com a COVID eles come\u00e7aram a n\u00e3o ceder.<\/p>\n<p>N\u00e3o acho que seja apenas um problema do hospital Ant\u00f3nio Pedro, acho que pertence a todos os HU [hospitais universit\u00e1rios], os hospitais do Minist\u00e9rio\u00a0 da Sa\u00fade e a sa\u00fade como um todo. Tenho colegas que trabalham em outros lugares e me dizem a mesma coisa que acontece na rede federal de hospitais. H\u00e1 lugares que s\u00e3o ainda piores porque eles nem t\u00eam o N95 e est\u00e3o trabalhando com duas m\u00e1scaras cir\u00fargicas. Temos uma grande crise de entrada. Desde que a EBSERH [Companhia Brasileira de Servi\u00e7os Hospitalares] entrou, notamos um n\u00edvel ruim de suprimentos. A m\u00e1scara de m\u00e1 qualidade, a luva de m\u00e1 qualidade e a falta de medicamentos. Estamos em uma situa\u00e7\u00e3o em que nossa rotina \u00e9 n\u00e3o ter muito material e sempre falta algo.<\/p>\n<p><strong>A pandemia revelou uma precariedade que j\u00e1 existia?<\/strong><\/p>\n<p>Assim \u00e9. A pandemia destacar\u00e1 o desmantelamento da sa\u00fade como um todo. Agora eles perceber\u00e3o que n\u00e3o t\u00eam a quantidade de suprimentos que deveriam ter, muito menos em um hospital para assistir a uma pandemia. Eles come\u00e7ar\u00e3o a perceber que n\u00e3o h\u00e1 leitos suficientes, eles come\u00e7ar\u00e3o a perceber que o n\u00famero de leitos para a UTI \u00e9 insuficiente, pois os casos mais graves precisar\u00e3o da UTI para intubar e n\u00e3o ter\u00e3o.<\/p>\n<p><strong>Voc\u00ea poderia falar sobre as iniciativas que os trabalhadores tomaram para enfrentar a pandemia?<\/strong><\/p>\n<p>Temos um grupo de enfermagem do WhatsApp em que a equipe est\u00e1 criando uma vaca porque somos do ambulat\u00f3rio. Como n\u00e3o somos considerados um grupo de maior risco, n\u00e3o recebemos material. \u00c9 bobagem, mas quando chegar a hora de dar o N95, eles o dar\u00e3o apenas \u00e0queles que est\u00e3o em \u00e1reas fechadas e, para n\u00f3s, dir\u00e3o que precisamos usar a m\u00e1scara cir\u00fargica. Mas a m\u00e1scara cir\u00fargica que eles disponibilizam para n\u00f3s, em nossa opini\u00e3o e a dos que investigaram, porque nos esfor\u00e7amos para investigar, n\u00e3o \u00e9 o tipo a ser usado.<\/p>\n<p>Na UTI e no CTI (centro de terapia intensiva), tudo estava quieto, em termos de material eles estavam bem. Al\u00e9m disso, voc\u00ea deve ter em mente que alguns desses funcion\u00e1rios que atuam nesses setores tamb\u00e9m s\u00e3o funcion\u00e1rios da Ebserh e n\u00e3o reclamam muito. Porque, h\u00e1 pouco tempo, eles removeram funcion\u00e1rios da RJU [Regime Jur\u00eddico \u00danico] de setores onde isso pode ser muito problem\u00e1tico. Por exemplo, hoje, na CTI, dificilmente temos uma RJU de n\u00edvel m\u00e9dio, a maioria delas \u00e9 de Ebserh. Existem os\u00a0 gerentes que est\u00e3o na RJU. Isso \u00e9 diferente do Centro Cir\u00fargico, onde a maioria \u00e9 da RJU.<\/p>\n<p>Ent\u00e3o, no dia da nova paralisia, quem era Ebserh estava um pouco assustado. Mas o pessoal da RJU disse: Ningu\u00e9m vai entrar na sala! N\u00e3o, eles n\u00e3o v\u00e3o. Ningu\u00e9m vai entrar porque n\u00e3o vamos deix\u00e1-los! Ent\u00e3o, as pessoas ficaram meio assim, mas, como eram a maioria, ficaram sozinhas, assim: vamos ficar na nossa, porque se pisarmos l\u00e1, tudo ser\u00e1 estragado! Porque ele ficou tenso! Ent\u00e3o, sabemos que existem alguns setores que teremos que descobrir se est\u00e1 tudo bem, desde a camaradagem em si, a partir do momento em que ele [o trabalhador] v\u00ea que sua vida est\u00e1 em perigo. Porque o profissional de sa\u00fade que n\u00e3o possui o equipamento, o EPI est\u00e1 dispon\u00edvel para se proteger. Voc\u00ea sabe muito bem que ser\u00e1 uma porta de entrada para doen\u00e7as.<\/p>\n<p><strong>Ent\u00e3o, mesmo na \u00e1rea da sa\u00fade, os trabalhadores precisam lutar por ela para garantir a seguran\u00e7a de si e dos pacientes?<\/strong><\/p>\n<p>N\u00e3o estamos apenas fazendo isso, estamos fazendo isso al\u00e9m das diretrizes que recebemos. Exigimos que os gerentes passem para os terceirizados. Por exemplo, cada setor desse setor terceirizou pessoas e sabemos que a responsabilidade de esclarecer o EPI desses trabalhadores terceirizados \u00e9 da sua empresa. Ent\u00e3o temos que estar no topo! Porque se n\u00e3o &#8230; As duas primeiras pessoas que ficaram doentes, que foram hospitalizadas &#8211; h\u00e1 at\u00e9 uma intubada &#8211; s\u00e3o terceirizadas.<\/p>\n<p>Um est\u00e1 em um estado razo\u00e1vel, n\u00e3o precisa de intuba\u00e7\u00e3o, \u00e9 ventilado, mas apenas oxig\u00eanio. E o outro \u00e9 intubado. Isso piorou a situa\u00e7\u00e3o depois do carnaval e depois mais de quinze dias de hospitaliza\u00e7\u00e3o &#8230; Eles ainda est\u00e3o hospitalizados. Eles est\u00e3o l\u00e1 no mesmo lugar. Um que \u00e9 razo\u00e1vel, sem intuba\u00e7\u00e3o e apenas com oxig\u00eanio, e outro que \u00e9 intubado, piorou sua situa\u00e7\u00e3o ap\u00f3s o carnaval e ap\u00f3s mais de 15 dias de hospitaliza\u00e7\u00e3o.<\/p>\n<p><strong>Que outras a\u00e7\u00f5es eles tomaram?<\/strong><\/p>\n<p>Naqueles primeiros quinze dias, quando entramos na terceira semana, essa tem sido a nossa batalha. Tanto os trabalhadores quanto os dois diretores do setor. Estudamos as demandas de cada setor, registramos uma solicita\u00e7\u00e3o\u00a0 judicial para que os hospitais forne\u00e7am EPI em n\u00famero suficiente para que possamos proteger a sa\u00fade dos trabalhadores. Sintuff \u00e9 quem entrou, mas estamos na linha de frente, porque ser\u00e1 uma ordem judicial, um papel que levar\u00e1 tempo no sistema judici\u00e1rio a ser respondido.<\/p>\n<p><strong>E por que esse pedido judicial foi feito? Houve pontos negativos do hospital no fornecimento de materiais?<\/strong><\/p>\n<p>Sim, houve v\u00e1rias reclama\u00e7\u00f5es recebidas pelo Sintuff de EPI insuficientes ou inadequados. Porque, al\u00e9m do que pod\u00edamos ver, as pessoas sindicalizadas come\u00e7aram a questionar, a perguntar. Eles chamaram o diretor que eles conhecem e tamb\u00e9m outros que perguntaram. S\u00e3o pessoas que querem trabalhar, mas querem se proteger. Estou em casa e quando vou para a universidade, quero ter uma luva, quero isso e aquilo, porque no momento n\u00e3o existe. Portanto, foi uma a\u00e7\u00e3o Sintuff referente a v\u00e1rios trabalhadores da universidade, principalmente trabalhadores de hospitais.<\/p>\n<p><strong>Por que voc\u00ea acha que houve uma recusa em fornecer esses EPIs?<\/strong><\/p>\n<p>O que eles nos disseram \u00e9: &#8220;Temos o dinheiro e n\u00e3o temos EPI para comprar, por isso estamos aguardando doa\u00e7\u00f5es&#8221;. Segundo eles, tamb\u00e9m \u00e9 a situa\u00e7\u00e3o em outros lugares, que t\u00eam o dinheiro, mas n\u00e3o a entrada para compr\u00e1-lo. Mas alguns ficam presos no armaz\u00e9m em nome de um dos diretores, e ela n\u00e3o diz para onde est\u00e1 indo. Ent\u00e3o, estamos interrogando, fomos ao escrit\u00f3rio tr\u00eas vezes e ele n\u00e3o nos respondeu, enviamos uma carta e quando ele chegou na sexta-feira passada, durante uma reuni\u00e3o, ele foi para outra reuni\u00e3o que eu n\u00e3o sabia onde e ele n\u00e3o conseguiu responder \u00e0 nossa pergunta, o questionamento dos trabalhadores.<\/p>\n<p>Conversamos com a ger\u00eancia: queremos gel de \u00e1lcool, luvas, m\u00e1scara cir\u00fargica e, quando vamos ao dep\u00f3sito, dizem que s\u00f3 \u00e9 liberado por ordem do m\u00e9dico. Portanto, eles est\u00e3o retendo e distribuindo apenas os setores que consideram mais necess\u00e1rios. Ent\u00e3o, com isso, o que est\u00e1 acontecendo? As pr\u00f3prias enfermeiras, a partir deste final de semana, come\u00e7aram a investigar na Internet e conseguiram solicitar e pagar seu pr\u00f3prio EPI para n\u00e3o ficar desprotegido, porque nem sequer come\u00e7amos a imaginar o pico da epidemia.<\/p>\n<p><strong>Mas como foram definidos os setores mais importantes? \u00c9 algo t\u00e9cnico? \u00c9 pol\u00edtica interna?<\/strong><\/p>\n<p>N\u00e3o, \u00e9 uma decis\u00e3o t\u00e9cnica. Porque s\u00e3o os setores que recebem os pacientes mais graves e aqueles com as doen\u00e7as mais complicadas de resolver. Eles s\u00e3o o CTI, a UTI, a UTI neonatal, o grupo UTI, o DIP, a emerg\u00eancia (que seria o primeiro lugar pelo qual os pacientes passariam antes que a situa\u00e7\u00e3o piorasse e eles iriam ao DIP). Ent\u00e3o, segundo eles, eles est\u00e3o economizando o EPI, porque esses seriam os setores de que eles mais precisariam. Apesar disso, sabemos das orienta\u00e7\u00f5es do Minist\u00e9rio da Sa\u00fade, da ANVISA [Ag\u00eancia Nacional de Vigil\u00e2ncia Sanit\u00e1ria], de todas as ag\u00eancias de sa\u00fade e de tudo o que investiguei. O pr\u00f3prio Albert Einstein, que \u00e9 um hospital particular, fornece diretrizes para a distribui\u00e7\u00e3o de EPI em todo o mundo. O funcion\u00e1rio que recebe o paciente com doen\u00e7as de aeross\u00f3is transmiss\u00edveis (e eu nem estou falando apenas do COVID). E qual \u00e9 o spray? Depois que a pessoa espirra, n\u00e3o \u00e9 a gota de saliva, \u00e9 o que n\u00e3o pode ser visto e se espalha ao redor da pessoa depois de espirrar. Voc\u00ea pode n\u00e3o se molhar, mas n\u00e3o \u00e9 apenas o que voc\u00ea se molha, \u00e9 o que voc\u00ea espalha. Portanto, entende-se que existe o risco de que esses aeross\u00f3is sejam contaminados dentro desses setores.<\/p>\n<p><strong>Mas existe contato entre profissionais dos setores desprotegidos e protegidos?<\/strong><\/p>\n<p>Claro que sim. O cara do ambulat\u00f3rio recebe o paciente, vai ao pronto-socorro para levar o paciente, o pr\u00f3prio maca ou quem empurra a cadeira, quem transfere os pacientes para o hospital. Durante o tempo em tr\u00e2nsito, a orienta\u00e7\u00e3o que temos \u00e9 colocar a m\u00e1scara cir\u00fargica no paciente com qualquer sintoma de gripe. Colocamos a m\u00e1scara para que possamos lev\u00e1-lo para dentro do hospital. Ent\u00e3o, nos regulamentos do MS [Minist\u00e9rio da Sa\u00fade], da OMS [Organiza\u00e7\u00e3o Mundial da Sa\u00fade], todo mundo diz que da porta ao local final para onde o paciente vai, \u00e9 necess\u00e1rio usar o N95. \u00c9 da porta at\u00e9 o fim. Sabemos que \u00e9 uma obriga\u00e7\u00e3o da administra\u00e7\u00e3o e continuaremos a exigir: onde est\u00e1 a m\u00e1scara, onde est\u00e1, onde est\u00e1? O conjunto completo, o EPI completo, o \u00e1lcool em gel que eles n\u00e3o fornecem, que pedimos o amor de Deus. Eu trabalhei com dez gestantes de alto risco, comecei a trabalhar cedo, \u00e0s 7:30 elas come\u00e7aram a chegar, fui pesar, para medir a press\u00e3o, n\u00e3o havia \u00e1lcool gel, n\u00e3o havia m\u00e1scara e tinha que atender as dez pacientes sem prote\u00e7\u00e3o. Quando chegaram, os pacientes j\u00e1 tinham ido embora. Isso colocou minha vida em risco, tamb\u00e9m colocou as pacientes em risco, porque, para\u00a0 cada uma das que entram e saem, n\u00e3o sabemos o que elas t\u00eam al\u00e9m da gravidez de alto risco. Essas s\u00e3o as coisas que discutimos.<\/p>\n<p><strong>Voc\u00ea pode explicar melhor como eles est\u00e3o no ambulat\u00f3rio?<\/strong><\/p>\n<p>O ambulat\u00f3rio agora \u00e9 a porta do hospital. Somos os que recebem pacientes que precisam continuar seus tratamentos e tamb\u00e9m pacientes com algum tipo de sintoma relacionado \u00e0 gripe, que pode ser o H1N1, uma gripe normal, mas tamb\u00e9m o COVID-19. N\u00e3o estamos trabalhando com o equipamento necess\u00e1rio. Alguns acompanhantes foram colocados no ambulat\u00f3rio para dar m\u00e1scaras e luvas, para medir a temperatura dos pacientes. Na minha opini\u00e3o, eles deveriam usar o N95.<\/p>\n<p>Outra coisa \u00e9 a quest\u00e3o da orienta\u00e7\u00e3o, porque se voc\u00ea tem material em um momento que n\u00e3o \u00e9 cr\u00edtico e usa um N95 e chega ao final do turno, joga-o fora. No outro turno, voc\u00ea pode ter o N95 porque o hospital est\u00e1 funcionando normalmente, mas em uma situa\u00e7\u00e3o como essa n\u00e3o pode ser. \u00c9 aqui que entra a CCIH [Comiss\u00e3o de Controle de Infec\u00e7\u00e3o Hospitalar], respons\u00e1vel por todas as orienta\u00e7\u00f5es sobre o uso do material, as doen\u00e7as que entram, a quantidade de doen\u00e7as que [os hospitais] recebem a qualquer momento. S\u00e3o os meninos pesquisadores do hospital, que devem estar preparados para lidar com uma epidemia, mesmo que pequena, como a dengue. Esse \u00e9 outro fator agravante durante a pandemia: teremos uma epidemia de H1N1 e teremos uma epidemia de dengue.<\/p>\n<p>Portanto, o CCIH deve estar preparado para isso, porque todos os dados usados pelas organiza\u00e7\u00f5es oficiais, que lhe dir\u00e3o que voc\u00ea pode ter casos de zika, casos de dengue, casos de hemorragia da dengue &#8230; Eles devem estar na frente do hospital para saber como orientar, ser treinado, mesmo com rela\u00e7\u00e3o ao uso de m\u00e1scaras. Como o N95 n\u00e3o pode ser usado de forma alguma, ele possui uma vida \u00fatil longa, mas s\u00f3 ter\u00e1 uma vida longa se voc\u00ea for orientado a us\u00e1-lo da maneira que possui. \u00c9 que a maioria dos\u00a0 funcion\u00e1rios com quem conversamos no sindicato &#8211; e passou de um setor para outro &#8211; n\u00e3o sabe como us\u00e1-lo corretamente. Eles aprenderam a usar a m\u00e1scara durante o dia, est\u00e3o fora de servi\u00e7o, pegam e descartam, e isso n\u00e3o pode ser feito no momento em que estamos vivendo.<\/p>\n<p><strong>Como voc\u00ea acha que as pessoas que n\u00e3o trabalham no hospital podem apoiar e colaborar com os profissionais de sa\u00fade para reduzir o n\u00famero de mortes por essa epidemia?<\/strong><\/p>\n<p>Eu vi uma coisa que a UFRJ est\u00e1 fazendo: um grupo de volunt\u00e1rios da universidade de engenharia est\u00e1 fazendo m\u00e1scaras de acetato que cobrem da testa a mais ou menos o queixo. Parece que a escola de engenharia da UFF reuniu um grupo de estudantes e est\u00e1 fazendo essas m\u00e1scaras. A UFRJ, a farm\u00e1cia da universidade e tamb\u00e9m a UFF, fabricam gel de \u00e1lcool a 70%, porque n\u00e3o basta ter o gel de \u00e1lcool, tem que ser 70% para eliminar o coronav\u00edrus.<\/p>\n<p><strong>Ent\u00e3o, seria paralisar as atividades e direcionar a prioridade da produ\u00e7\u00e3o \u00e0 sa\u00fade?<\/strong><\/p>\n<p>Sim, porque, por exemplo, esta atividade da Faculdade de Engenharia, a Universidade est\u00e1 fechada, mas eles mesmos entraram e est\u00e3o trabalhando para fazer essa m\u00e1scara. Na UFRJ, como s\u00e3o da farm\u00e1cia e \u00e9 um local de atendimento essencial, est\u00e3o produzindo para a pr\u00f3pria rede hospitalar, porque a UFRJ possui mais de um hospital. Eles n\u00e3o s\u00e3o a EBSERH, s\u00e3o os gerentes da pr\u00f3pria universidade, mas a situa\u00e7\u00e3o tamb\u00e9m \u00e9 ruim.<\/p>\n<p><strong>Voc\u00ea acha que a posi\u00e7\u00e3o do governo federal de nega\u00e7\u00e3o, minimiza\u00e7\u00e3o tem impacto no ch\u00e3o do hospital?<\/strong><\/p>\n<p>Isso impacta, afeta com o seguinte, eu nem digo diretamente no hospital, mas afeta a sociedade e estamos muito preocupados com isso. Por exemplo, estamos conversando o tempo todo, se voc\u00ea v\u00ea a rede social das pessoas que s\u00e3o do hospital, todo mundo est\u00e1 dizendo \u201cfique em casa! Vou trabalhar para que voc\u00ea possa ficar em casa! Quando vamos trabalhar, vemos que muitas pessoas que n\u00e3o est\u00e3o na \u00e1rea da sa\u00fade v\u00e3o trabalhar. Por exemplo, vou pegar o trem \u00e0s cinco da manh\u00e3, porque a UFF colocou um \u00f4nibus para nos\u00a0 transportar da Central de Brasil para Niter\u00f3i. O governo do estado cortou a circula\u00e7\u00e3o de \u00f4nibus interurbanos aqui no Rio de Janeiro para restringir a circula\u00e7\u00e3o de pessoas. Mas a Supervia diminuiu o n\u00famero de trens e as pessoas continuam saindo, ent\u00e3o o trem passa cheio, um em cima do outro, isso de madrugada. Fiquei me perguntando nesta semana quem s\u00e3o essas pessoas. Trabalhadores da constru\u00e7\u00e3o civil e donas de casa, uma popula\u00e7\u00e3o majoritariamente pobre e negra. Como ouvi nesta semana: \u00abO chefe quer que eu v\u00e1. Ele se tranca com os filhos no quarto, eu visto um terno, eu lavo o banheiro, passo uma vassoura, fa\u00e7o comida&#8230; tenho que colocar uma m\u00e1scara para fazer comida. Quando tudo acaba, digo que vou embora e ela sai da sala. Ent\u00e3o essa \u00e9 a hist\u00f3ria de uma pessoa no trem, s\u00e3o pessoas que, se n\u00e3o forem, n\u00e3o ser\u00e3o pagas. Entro e limpo o banheiro, passo uma vassoura, fa\u00e7o comida &#8230; Por mais que o governo do estado tente controlar essa situa\u00e7\u00e3o, a posi\u00e7\u00e3o do governo federal, como a de Bolsonaro, \u00e9 completamente irrespons\u00e1vel.<\/p>\n<p>Acabei de sair de manh\u00e3 para tomar a vacina e havia um mercado nas proximidades, o que na semana passada n\u00e3o havia. Havia pessoas com crian\u00e7as, passeando com cachorros, muitas pessoas idosas. Ele abriu uma farm\u00e1cia, ele abriu uma casa de materiais de constru\u00e7\u00e3o. Est\u00e1 abrindo tudo. Eu acho que \u00e9 uma falta de responsabilidade, voc\u00ea v\u00ea as declara\u00e7\u00f5es do tipo completamente sem fundamento. Baseado em qu\u00ea? Baseado em nada. Porque todo mundo, inclusive o pr\u00f3prio governo, o pr\u00f3prio Ministro da Sa\u00fade, por mais que tenha falado em sua declara\u00e7\u00e3o na semana passada, diz: \u201cO isolamento horizontal \u00e9 o m\u00e9todo mais eficaz para impedir a transmiss\u00e3o do v\u00edrus. Ent\u00e3o o cara, em vez de tomar medidas para impedir que a doen\u00e7a se estabele\u00e7a. O Presidente da Rep\u00fablica vem e fala muita merda na televis\u00e3o, ele diz que est\u00e1 preocupado com o cara que n\u00e3o poder\u00e1 vender o churrasquinho, mas ele n\u00e3o pode vender o churrasquinho, ele n\u00e3o pode! Em vez de tomar medidas, propondo \u00e0 C\u00e2mara [dos Deputados] pol\u00edticas como o Bolsa Fam\u00edlia, algum tipo de pol\u00edtica para manter essas pessoas em casa. Em vez de lhes garantir dinheiro para que eles possam comer, use materiais de limpeza, porque voc\u00ea precisa ter higiene dentro de casa quando sair e entrar. O problema \u00e9 maior nas vilas, onde as pessoas vivem em multid\u00f5es e isso \u00e9 outra preocupa\u00e7\u00e3o, que a doen\u00e7a come\u00e7ou a atingir as vilas e n\u00e3o temos no\u00e7\u00e3o &#8230; Melhor, se tivermos no\u00e7\u00e3o, atingir\u00e1 muitas pessoas.<\/p>\n<p><strong>Entrando nisso, ent\u00e3o, se continuar como est\u00e1, voc\u00ea, como funcion\u00e1rio do hospital, o que acha que acontecer\u00e1?<\/strong><\/p>\n<p>N\u00f3s vamos ter uma It\u00e1lia, apenas uma It\u00e1lia com a extens\u00e3o do Brasil. O que aconteceu na It\u00e1lia \u00e9 que a popula\u00e7\u00e3o permaneceu na rua, mas n\u00e3o foi culpa da popula\u00e7\u00e3o, o governo n\u00e3o teve uma orienta\u00e7\u00e3o firme em rela\u00e7\u00e3o \u00e0 popula\u00e7\u00e3o, de isolamento social. Em um pa\u00eds do tamanho, digamos, do Maranh\u00e3o, ele n\u00e3o podia ter controle sobre a doen\u00e7a, tanto que hoje na It\u00e1lia existem cem mil casos e onze mil mortes, ent\u00e3o imagine isso em propor\u00e7\u00e3o ao Brasil.<\/p>\n<p><strong>Na It\u00e1lia, as pessoas come\u00e7aram a escolher quem receber\u00e1 a UTI e quem n\u00e3o receber\u00e1. Voc\u00ea acha que vai ser assim no Brasil?<\/strong><\/p>\n<p>Temos feito isso aqui no Brasil antes da pandemia. Sou intensivista h\u00e1 16 anos, tenho visto escolher, ter que retirar o tubo cedo porque algu\u00e9m mais precisa. Isso n\u00e3o \u00e9 novo no pa\u00eds, n\u00e3o \u00e9 novo. Eu j\u00e1 vi \u201co melhor \u00e9 melhor, vamos tir\u00e1-lo do tubo bom e coloc\u00e1-lo no pior. Porque a outra pessoa precisa do tubo&#8221;. Claro, eu tenho uma m\u00e3e de 76 anos, desde que voltei de Bras\u00edlia, n\u00e3o fui ver minha m\u00e3e, ela est\u00e1 com meu filho de 19 anos. Estou orientando e n\u00e3o irei \u00e0 casa da minha m\u00e3e porque sei. Minha m\u00e3e contraiu uma gripe muito forte no ano passado, ela j\u00e1 comprometeu a capacidade pulmonar, \u00e9 hipertensa. Se ela contrair uma doen\u00e7a como essa, terei dificuldade em obter tratamento para ela e, se houver um tubo, certamente n\u00e3o ser\u00e1 para ela. Tanto que um colega de trabalho de 65 anos trabalhou pela primeira semana e dissemos: &#8220;Com permiss\u00e3o agora! Porque se algo acontecer com voc\u00ea, voc\u00ea sabe muito bem o que eles far\u00e3o, a prop\u00f3sito, o que eles n\u00e3o far\u00e3o&#8221;. N\u00e3o h\u00e1 d\u00favida de que, se o pico da doen\u00e7a come\u00e7ar, as pessoas come\u00e7ar\u00e3o a adoecer, COVID-19, dependendo da parte respirat\u00f3ria e da sa\u00fade da pessoa, as mais velhas, card\u00edacas, hipertensas, diab\u00e9ticas, a tend\u00eancia de sintomas \u00e9 piorar muito rapidamente, a doen\u00e7a progride muito rapidamente. Na semana passada, as meninas disseram que um paciente que era funcion\u00e1rio aposentado do hospital entrou. Ele era raio-X. Ele foi seguido na cl\u00ednica, fez uma broncoscopia, foi ao hospital, n\u00e3o estava se sentindo bem. Eles pegaram uma cadeira de rodas, colocaram na cadeira de rodas, mas a equipe achou muito estranho l\u00e1 embaixo. A enfermeira veio, colocou uma m\u00e1scara, porque seu nariz estava pingando. Ele foi fazer o exame de broncoscopia: assim que o colocaram na cama, ele teve duas paradas card\u00edacas, n\u00e3o puderam revert\u00ea-lo e ele morreu. Eles pegaram o sangue, para descobrir a causa da morte, para descobrir se eles tinham COVID ou n\u00e3o. Mas ele era um paciente que sua situa\u00e7\u00e3o de sa\u00fade, provavelmente se fosse COVID-19, causou sua morte muito rapidamente, porque se desenvolveu muito rapidamente, uma hora e meia, duas horas. Se a pessoa n\u00e3o for bem seguida, ela pode realmente morrer. A evolu\u00e7\u00e3o \u00e9 muito r\u00e1pida. Voc\u00ea pode at\u00e9 intubar, e ela pode evoluir e at\u00e9 morrer. Por causa do resto do corpo. eles n\u00e3o puderam reverter e ele morreu.<\/p>\n<p><strong>Voc\u00ea acha que os casos est\u00e3o sendo subnotificados?<\/strong><\/p>\n<p>H\u00e1 muita subnotifica\u00e7\u00e3o. Hoje, no Brasil, existem 4.371 casos, at\u00e9 agora esta tarde. Isso com a contra-evid\u00eancia, que leva sete dias para estar pronta. Hoje existem 141 mortes por Covid, mas achamos &#8211; n\u00e3o acreditamos nisso, temos certeza &#8211; que isso \u00e9 subestimado. Devido \u00e0 dificuldade de acesso ao teste, devido ao diagn\u00f3stico precoce, devido ao desmantelamento da rede. Onde moro, existe uma Unidade de Pronto Atendimento e uma cl\u00ednica da fam\u00edlia, existem mais de 100 bairros aqui no Rio que tamb\u00e9m n\u00e3o t\u00eam. Enquanto o sujeito luta em dois, tr\u00eas bairros para encontrar um lugar para tomar cuidado e apresentar esses sintomas, isso significa que ele piora. N\u00f3s n\u00e3o sabemos, se ele morrer, como ele entrar\u00e1 na conta, se ele far\u00e1 o teste, se ele tem como fazer o teste e como essa notifica\u00e7\u00e3o ser\u00e1 recebida\u2026<\/p>\n<p>Existe a quest\u00e3o dos testes, ainda n\u00e3o temos um teste r\u00e1pido no Brasil, ent\u00e3o todos os testes que est\u00e3o sendo feitos no hospital s\u00e3o feitos apenas para pacientes com sintomas de gripe. A amostra \u00e9 enviada \u00e0 [UFRJ], respons\u00e1vel pela realiza\u00e7\u00e3o desses testes, mas o resultado s\u00f3 sai sete dias depois. Portanto, se o paciente chegar hoje e o resultado sair apenas em sete dias, muitas coisas acontecem no meio do caminho. Voc\u00ea nem podia dizer se o cara era um trabalhador de Churrasquito, a fam\u00edlia. \u00c9 por isso que o teste r\u00e1pido \u00e9 t\u00e3o importante. Porque basta, ele faz o teste r\u00e1pido, j\u00e1 est\u00e1 informado, avisa a fam\u00edlia, coloca todos em quarentena, entendeu? \u00c9 muito melhor.<\/p>\n<p><strong>Se uma fam\u00edlia que perdeu um parente ou uma pessoa que perdeu um ente querido, suspeita de COVID. Voc\u00ea acha que faz sentido reivindicar a prova mais tarde?<\/strong><\/p>\n<p>Acho que sim. Em outros pa\u00edses, quando voc\u00ea tem um caso na fam\u00edlia, todas as pessoas que estavam no mesmo lugar, com a pessoa identificada, entram, ficam em quarentena e o teste \u00e9 realizado em todos. Essa \u00e9 a orienta\u00e7\u00e3o da OMS para todos. Se no Brasil n\u00e3o, \u00e9 porque n\u00e3o h\u00e1 teste para todos. \u00c9 uma seguran\u00e7a familiar. Al\u00e9m do teste, voc\u00ea deve fornecer uma ajuda minimamente funcional. Que a\u00e7\u00f5es positivas o governo j\u00e1 tomou aqui no Rio? Retire dos hospitais, UPAs, cl\u00ednicas familiares, tudo o que n\u00e3o \u00e9 essencial. Porque, al\u00e9m do COVID, enfrentaremos outras duas epidemias, que j\u00e1 conhecemos: a epidemia do H1N1 e a da dengue. Ent\u00e3o, isso foi um sucesso. A maioria dos hospitais est\u00e1 liberando leitos, descarregando pacientes sempre que poss\u00edvel, para abrir espa\u00e7o para receber pacientes exclusivos da Covid. Agora o que est\u00e1 faltando? Equipamento hospitalar. Ouvi dizer que eles v\u00e3o fazer hospitais de campanha. Aqui no Rio, parece que ser\u00e1 o Maracan\u00e3 com capacidade para 200 ou 300 camas. Na minha opini\u00e3o, eles est\u00e3o se movendo para fazer algo, mas o principal \u00e9 colocar a m\u00e3o no bolso. Eles n\u00e3o deveriam estar discutindo 600 reais, j\u00e1 deveriam ter depositado &#8211; na rede que registraram no Bolsa Fam\u00edlia &#8211; o subs\u00eddio di\u00e1rio. Eu acho que 600 reais \u00e9 rid\u00edculo, dificilmente \u00e9 poss\u00edvel &#8211; dependendo do tamanho da fam\u00edlia &#8211; fazer uma compra razo\u00e1vel, mas o presidente da rep\u00fablica continua pensando, me parece que a C\u00e2mara e o Senado j\u00e1 a aprovaram e disseram que v\u00e3o para assinar hoje. Agora, quando isso ser\u00e1 distribu\u00eddo, eu n\u00e3o sei. A primeira medida para tirar as pessoas da rua, ou seja, as pessoas precisam ficar em casa, mas precisam ficar em casa. Se o cara n\u00e3o pode ficar em casa, ele n\u00e3o vai ficar em casa por necessidades. Estamos vendo isso nas ruas, junto com a irresponsabilidade do presidente em dizer que n\u00e3o.<\/p>\n<p><strong>Gostaria de falar sobre mais alguma coisa?<\/strong><\/p>\n<p>S\u00f3 \u00e9 importante registrar que a realidade que estou retratando para voc\u00ea \u00e9 a realidade da US da UFF, mas \u00e9 &#8211; provavelmente &#8211; a realidade de todas as USs, \u00e9 a realidade dos hospitais universit\u00e1rios do Minist\u00e9rio da Sa\u00fade e a realidade dos hospitais Munic\u00edpios, a realidade do sistema de sa\u00fade. Agora a popula\u00e7\u00e3o saber\u00e1, saber\u00e1 de fato, o que todos esses governos deixaram de fazer com o SUS, agora pagaremos o pre\u00e7o dessa tentativa de acabar com o SUS, de todos os governos. Especialmente o governo do PT que entregou os hospitais universit\u00e1rios \u00e0s m\u00e3os dessa administra\u00e7\u00e3o privada, que serviu como desvio de dinheiro. A UFRJ, que n\u00e3o \u00e9 a EBSERH, est\u00e1 na mesma situa\u00e7\u00e3o, ent\u00e3o a quest\u00e3o \u00e9 privatizar, acabar com a sa\u00fade p\u00fablica em benef\u00edcio dos tubar\u00f5es, e agora vamos pagar. A popula\u00e7\u00e3o ver\u00e1 toda a precariedade do SUS, todos sofrer\u00e3o. N\u00f3s, como trabalhadores da sa\u00fade, tentamos, no m\u00ednimo, garantir que as pessoas sejam tratadas com dignidade. \u00c9 o que dizem todos os profissionais, mas tamb\u00e9m nossa preocupa\u00e7\u00e3o em preservar nossa sa\u00fade, porque na It\u00e1lia 14% dos profissionais de sa\u00fade adoeceram com COVID-19. Ent\u00e3o voc\u00ea est\u00e1 certo que queremos colocar uma m\u00e1scara? Claro que sim. N\u00e3o temos garantia de nossa seguran\u00e7a, nem profissionais de sa\u00fade, sejam do HU, do Minist\u00e9rio da Sa\u00fade, dos munic\u00edpios ou do Estado. Estamos em uma situa\u00e7\u00e3o muito complicada e temos que dizer \u00e0 popula\u00e7\u00e3o que \u00e9 &#8230; merda. Eu sei que voc\u00ea n\u00e3o vai colocar isso l\u00e1, mas \u00e9 assim que \u00e9. N\u00e3o \u00e9 f\u00e1cil, estamos muito preocupados. Estamos muito preocupados.<\/p>\n","protected":false},"excerpt":{"rendered":"<p>Originalmente publicado em PassaPalavra Izabel Cristina Firmino \u00e9 t\u00e9cnica de enfermagem h\u00e1 26 anos no hospital Ant\u00f4nio Pedro da Universidade Federal Fluminense (UFF), trabalhou em diversos setores e \u00e9 Coordenadora Sindical do Sintuff, o Sindicato dos Trabalhadores da Educa\u00e7\u00e3o da Universidade Federal Fluminense. Nos \u00faltimos anos, o hospital reduziu sua capacidade de 450 para 160 [&hellip;]<\/p>\n","protected":false},"author":2,"featured_media":28407,"comment_status":"closed","ping_status":"open","sticky":false,"template":"","format":"standard","meta":{"_acf_changed":false,"footnotes":""},"categories":[3,648,6],"tags":[171,371,647,367,173],"class_list":{"0":"post-28795","1":"post","2":"type-post","3":"status-publish","4":"format-standard","5":"has-post-thumbnail","7":"category-artigos-e-entrevistas","8":"category-entrevistas","9":"category-noticias","10":"tag-coronavirus","11":"tag-covid-19","12":"tag-enfermagem","13":"tag-pandemia","14":"tag-saude"},"acf":[],"yoast_head":"<!-- This site is optimized with the Yoast SEO plugin v26.5 - https:\/\/yoast.com\/wordpress\/plugins\/seo\/ -->\n<title>&quot;Nenhum profissional da sa\u00fade tem seguran\u00e7a garantida&quot;, alerta t\u00e9cnica de enfermagem e militante do PSOL - PSOL 50<\/title>\n<meta name=\"description\" content=\"Ela fala sobre os desafios do combate \u00e0 pandemia em meio \u00e0 precariedade do SUS e a falta de preparo dos gestores que n\u00e3o tinham um plano para enfrentar a pandemia.\" \/>\n<meta name=\"robots\" content=\"index, follow, max-snippet:-1, max-image-preview:large, max-video-preview:-1\" \/>\n<link rel=\"canonical\" href=\"https:\/\/psol50.org.br\/nenhum-profissional-da-saude-tem-seguranca-garantida-alerta-tecnica-de-enfermagem-e-militante-do-psol\/\" \/>\n<meta property=\"og:locale\" content=\"pt_BR\" \/>\n<meta property=\"og:type\" content=\"article\" \/>\n<meta property=\"og:title\" content=\"&quot;Nenhum profissional da sa\u00fade tem seguran\u00e7a garantida&quot;, alerta t\u00e9cnica de enfermagem e militante do PSOL\" \/>\n<meta property=\"og:description\" content=\"Ela fala sobre os desafios do combate \u00e0 pandemia em meio \u00e0 precariedade do SUS e a falta de preparo dos gestores que n\u00e3o tinham um plano para enfrentar a pandemia.\" \/>\n<meta property=\"og:url\" content=\"https:\/\/psol50.org.br\/nenhum-profissional-da-saude-tem-seguranca-garantida-alerta-tecnica-de-enfermagem-e-militante-do-psol\/\" \/>\n<meta property=\"og:site_name\" content=\"PSOL 50\" \/>\n<meta property=\"article:publisher\" content=\"https:\/\/www.facebook.com\/psol50\" \/>\n<meta property=\"article:published_time\" content=\"2020-05-11T17:35:55+00:00\" \/>\n<meta property=\"og:image\" content=\"https:\/\/psol50.org.br\/inc\/uploads\/2020\/04\/Hospital-Sao-Sebastiao-Raul-Soares-MG.jpeg.jpg\" \/>\n\t<meta property=\"og:image:width\" content=\"1086\" \/>\n\t<meta property=\"og:image:height\" content=\"652\" \/>\n\t<meta property=\"og:image:type\" content=\"image\/jpeg\" \/>\n<meta name=\"author\" content=\"Comunica\u00e7\u00e3o PSOL\" \/>\n<meta name=\"twitter:card\" content=\"summary_large_image\" \/>\n<meta name=\"twitter:title\" content=\"&quot;Nenhum profissional da sa\u00fade tem seguran\u00e7a garantida&quot;, alerta t\u00e9cnica de enfermagem e militante do PSOL\" \/>\n<meta name=\"twitter:description\" content=\"Ela fala sobre os desafios do combate \u00e0 pandemia em meio \u00e0 precariedade do SUS e a falta de preparo dos gestores que n\u00e3o tinham um plano para enfrentar a pandemia.\" \/>\n<meta name=\"twitter:image\" content=\"https:\/\/psol50.org.br\/inc\/uploads\/2020\/04\/Hospital-Sao-Sebastiao-Raul-Soares-MG.jpeg.jpg\" \/>\n<meta name=\"twitter:creator\" content=\"@psol50\" \/>\n<meta name=\"twitter:site\" content=\"@psol50\" \/>\n<meta name=\"twitter:label1\" content=\"Escrito por\" \/>\n\t<meta name=\"twitter:data1\" content=\"Comunica\u00e7\u00e3o PSOL\" \/>\n\t<meta name=\"twitter:label2\" content=\"Est. tempo de leitura\" \/>\n\t<meta name=\"twitter:data2\" content=\"23 minutos\" \/>\n<script type=\"application\/ld+json\" class=\"yoast-schema-graph\">{\"@context\":\"https:\/\/schema.org\",\"@graph\":[{\"@type\":\"Article\",\"@id\":\"https:\/\/psol50.org.br\/nenhum-profissional-da-saude-tem-seguranca-garantida-alerta-tecnica-de-enfermagem-e-militante-do-psol\/#article\",\"isPartOf\":{\"@id\":\"https:\/\/psol50.org.br\/nenhum-profissional-da-saude-tem-seguranca-garantida-alerta-tecnica-de-enfermagem-e-militante-do-psol\/\"},\"author\":{\"name\":\"Comunica\u00e7\u00e3o PSOL\",\"@id\":\"https:\/\/psol50.org.br\/#\/schema\/person\/475dfa57d0b815993c714c2e96491fcd\"},\"headline\":\"&#8220;Nenhum profissional da sa\u00fade tem seguran\u00e7a garantida&#8221;, alerta t\u00e9cnica de enfermagem e militante do PSOL\",\"datePublished\":\"2020-05-11T17:35:55+00:00\",\"mainEntityOfPage\":{\"@id\":\"https:\/\/psol50.org.br\/nenhum-profissional-da-saude-tem-seguranca-garantida-alerta-tecnica-de-enfermagem-e-militante-do-psol\/\"},\"wordCount\":4666,\"publisher\":{\"@id\":\"https:\/\/psol50.org.br\/#organization\"},\"image\":{\"@id\":\"https:\/\/psol50.org.br\/nenhum-profissional-da-saude-tem-seguranca-garantida-alerta-tecnica-de-enfermagem-e-militante-do-psol\/#primaryimage\"},\"thumbnailUrl\":\"https:\/\/psol50.org.br\/inc\/uploads\/2020\/04\/Hospital-Sao-Sebastiao-Raul-Soares-MG.jpeg.jpg\",\"keywords\":[\"coronav\u00edrus\",\"covid-19\",\"enfermagem\",\"pandemia\",\"sa\u00fade\"],\"articleSection\":[\"Artigos\",\"Entrevistas\",\"Not\u00edcias\"],\"inLanguage\":\"pt-BR\"},{\"@type\":\"WebPage\",\"@id\":\"https:\/\/psol50.org.br\/nenhum-profissional-da-saude-tem-seguranca-garantida-alerta-tecnica-de-enfermagem-e-militante-do-psol\/\",\"url\":\"https:\/\/psol50.org.br\/nenhum-profissional-da-saude-tem-seguranca-garantida-alerta-tecnica-de-enfermagem-e-militante-do-psol\/\",\"name\":\"\\\"Nenhum profissional da sa\u00fade tem seguran\u00e7a garantida\\\", alerta t\u00e9cnica de enfermagem e militante do PSOL - PSOL 50\",\"isPartOf\":{\"@id\":\"https:\/\/psol50.org.br\/#website\"},\"primaryImageOfPage\":{\"@id\":\"https:\/\/psol50.org.br\/nenhum-profissional-da-saude-tem-seguranca-garantida-alerta-tecnica-de-enfermagem-e-militante-do-psol\/#primaryimage\"},\"image\":{\"@id\":\"https:\/\/psol50.org.br\/nenhum-profissional-da-saude-tem-seguranca-garantida-alerta-tecnica-de-enfermagem-e-militante-do-psol\/#primaryimage\"},\"thumbnailUrl\":\"https:\/\/psol50.org.br\/inc\/uploads\/2020\/04\/Hospital-Sao-Sebastiao-Raul-Soares-MG.jpeg.jpg\",\"datePublished\":\"2020-05-11T17:35:55+00:00\",\"description\":\"Ela fala sobre os desafios do combate \u00e0 pandemia em meio \u00e0 precariedade do SUS e a falta de preparo dos gestores que n\u00e3o tinham um plano para enfrentar a pandemia.\",\"breadcrumb\":{\"@id\":\"https:\/\/psol50.org.br\/nenhum-profissional-da-saude-tem-seguranca-garantida-alerta-tecnica-de-enfermagem-e-militante-do-psol\/#breadcrumb\"},\"inLanguage\":\"pt-BR\",\"potentialAction\":[{\"@type\":\"ReadAction\",\"target\":[\"https:\/\/psol50.org.br\/nenhum-profissional-da-saude-tem-seguranca-garantida-alerta-tecnica-de-enfermagem-e-militante-do-psol\/\"]}]},{\"@type\":\"ImageObject\",\"inLanguage\":\"pt-BR\",\"@id\":\"https:\/\/psol50.org.br\/nenhum-profissional-da-saude-tem-seguranca-garantida-alerta-tecnica-de-enfermagem-e-militante-do-psol\/#primaryimage\",\"url\":\"https:\/\/psol50.org.br\/inc\/uploads\/2020\/04\/Hospital-Sao-Sebastiao-Raul-Soares-MG.jpeg.jpg\",\"contentUrl\":\"https:\/\/psol50.org.br\/inc\/uploads\/2020\/04\/Hospital-Sao-Sebastiao-Raul-Soares-MG.jpeg.jpg\",\"width\":1086,\"height\":652,\"caption\":\"Foto: Reprodu\u00e7\u00e3o\"},{\"@type\":\"BreadcrumbList\",\"@id\":\"https:\/\/psol50.org.br\/nenhum-profissional-da-saude-tem-seguranca-garantida-alerta-tecnica-de-enfermagem-e-militante-do-psol\/#breadcrumb\",\"itemListElement\":[{\"@type\":\"ListItem\",\"position\":1,\"name\":\"In\u00edcio\",\"item\":\"https:\/\/psol50.org.br\/\"},{\"@type\":\"ListItem\",\"position\":2,\"name\":\"&#8220;Nenhum profissional da sa\u00fade tem seguran\u00e7a garantida&#8221;, alerta t\u00e9cnica de enfermagem e militante do PSOL\"}]},{\"@type\":\"WebSite\",\"@id\":\"https:\/\/psol50.org.br\/#website\",\"url\":\"https:\/\/psol50.org.br\/\",\"name\":\"PSOL 50\",\"description\":\"Site oficial do Partido Socialismo e Liberdade\",\"publisher\":{\"@id\":\"https:\/\/psol50.org.br\/#organization\"},\"alternateName\":\"PSOL50\",\"potentialAction\":[{\"@type\":\"SearchAction\",\"target\":{\"@type\":\"EntryPoint\",\"urlTemplate\":\"https:\/\/psol50.org.br\/?s={search_term_string}\"},\"query-input\":{\"@type\":\"PropertyValueSpecification\",\"valueRequired\":true,\"valueName\":\"search_term_string\"}}],\"inLanguage\":\"pt-BR\"},{\"@type\":\"Organization\",\"@id\":\"https:\/\/psol50.org.br\/#organization\",\"name\":\"PSOL 50\",\"alternateName\":\"PSOL 50\",\"url\":\"https:\/\/psol50.org.br\/\",\"logo\":{\"@type\":\"ImageObject\",\"inLanguage\":\"pt-BR\",\"@id\":\"https:\/\/psol50.org.br\/#\/schema\/logo\/image\/\",\"url\":\"https:\/\/psol50.org.br\/inc\/uploads\/2018\/07\/capa.png\",\"contentUrl\":\"https:\/\/psol50.org.br\/inc\/uploads\/2018\/07\/capa.png\",\"width\":1350,\"height\":900,\"caption\":\"PSOL 50\"},\"image\":{\"@id\":\"https:\/\/psol50.org.br\/#\/schema\/logo\/image\/\"},\"sameAs\":[\"https:\/\/www.facebook.com\/psol50\",\"https:\/\/x.com\/psol50\",\"https:\/\/www.instagram.com\/psol50\/\",\"https:\/\/www.youtube.com\/channel\/UC7SnJS5o1os7a6CaiNabzcg\"]},{\"@type\":\"Person\",\"@id\":\"https:\/\/psol50.org.br\/#\/schema\/person\/475dfa57d0b815993c714c2e96491fcd\",\"name\":\"Comunica\u00e7\u00e3o PSOL\",\"image\":{\"@type\":\"ImageObject\",\"inLanguage\":\"pt-BR\",\"@id\":\"https:\/\/psol50.org.br\/#\/schema\/person\/image\/\",\"url\":\"https:\/\/secure.gravatar.com\/avatar\/b34fc4f4e468a4e51785917065a3db57b841f5c95dba6ad8c73aaf8f66f8f9bf?s=96&d=mm&r=g\",\"contentUrl\":\"https:\/\/secure.gravatar.com\/avatar\/b34fc4f4e468a4e51785917065a3db57b841f5c95dba6ad8c73aaf8f66f8f9bf?s=96&d=mm&r=g\",\"caption\":\"Comunica\u00e7\u00e3o PSOL\"}}]}<\/script>\n<!-- \/ Yoast SEO plugin. -->","yoast_head_json":{"title":"\"Nenhum profissional da sa\u00fade tem seguran\u00e7a garantida\", alerta t\u00e9cnica de enfermagem e militante do PSOL - PSOL 50","description":"Ela fala sobre os desafios do combate \u00e0 pandemia em meio \u00e0 precariedade do SUS e a falta de preparo dos gestores que n\u00e3o tinham um plano para enfrentar a pandemia.","robots":{"index":"index","follow":"follow","max-snippet":"max-snippet:-1","max-image-preview":"max-image-preview:large","max-video-preview":"max-video-preview:-1"},"canonical":"https:\/\/psol50.org.br\/nenhum-profissional-da-saude-tem-seguranca-garantida-alerta-tecnica-de-enfermagem-e-militante-do-psol\/","og_locale":"pt_BR","og_type":"article","og_title":"\"Nenhum profissional da sa\u00fade tem seguran\u00e7a garantida\", alerta t\u00e9cnica de enfermagem e militante do PSOL","og_description":"Ela fala sobre os desafios do combate \u00e0 pandemia em meio \u00e0 precariedade do SUS e a falta de preparo dos gestores que n\u00e3o tinham um plano para enfrentar a pandemia.","og_url":"https:\/\/psol50.org.br\/nenhum-profissional-da-saude-tem-seguranca-garantida-alerta-tecnica-de-enfermagem-e-militante-do-psol\/","og_site_name":"PSOL 50","article_publisher":"https:\/\/www.facebook.com\/psol50","article_published_time":"2020-05-11T17:35:55+00:00","og_image":[{"width":1086,"height":652,"url":"https:\/\/psol50.org.br\/inc\/uploads\/2020\/04\/Hospital-Sao-Sebastiao-Raul-Soares-MG.jpeg.jpg","type":"image\/jpeg"}],"author":"Comunica\u00e7\u00e3o PSOL","twitter_card":"summary_large_image","twitter_title":"\"Nenhum profissional da sa\u00fade tem seguran\u00e7a garantida\", alerta t\u00e9cnica de enfermagem e militante do PSOL","twitter_description":"Ela fala sobre os desafios do combate \u00e0 pandemia em meio \u00e0 precariedade do SUS e a falta de preparo dos gestores que n\u00e3o tinham um plano para enfrentar a pandemia.","twitter_image":"https:\/\/psol50.org.br\/inc\/uploads\/2020\/04\/Hospital-Sao-Sebastiao-Raul-Soares-MG.jpeg.jpg","twitter_creator":"@psol50","twitter_site":"@psol50","twitter_misc":{"Escrito por":"Comunica\u00e7\u00e3o PSOL","Est. tempo de leitura":"23 minutos"},"schema":{"@context":"https:\/\/schema.org","@graph":[{"@type":"Article","@id":"https:\/\/psol50.org.br\/nenhum-profissional-da-saude-tem-seguranca-garantida-alerta-tecnica-de-enfermagem-e-militante-do-psol\/#article","isPartOf":{"@id":"https:\/\/psol50.org.br\/nenhum-profissional-da-saude-tem-seguranca-garantida-alerta-tecnica-de-enfermagem-e-militante-do-psol\/"},"author":{"name":"Comunica\u00e7\u00e3o PSOL","@id":"https:\/\/psol50.org.br\/#\/schema\/person\/475dfa57d0b815993c714c2e96491fcd"},"headline":"&#8220;Nenhum profissional da sa\u00fade tem seguran\u00e7a garantida&#8221;, alerta t\u00e9cnica de enfermagem e militante do PSOL","datePublished":"2020-05-11T17:35:55+00:00","mainEntityOfPage":{"@id":"https:\/\/psol50.org.br\/nenhum-profissional-da-saude-tem-seguranca-garantida-alerta-tecnica-de-enfermagem-e-militante-do-psol\/"},"wordCount":4666,"publisher":{"@id":"https:\/\/psol50.org.br\/#organization"},"image":{"@id":"https:\/\/psol50.org.br\/nenhum-profissional-da-saude-tem-seguranca-garantida-alerta-tecnica-de-enfermagem-e-militante-do-psol\/#primaryimage"},"thumbnailUrl":"https:\/\/psol50.org.br\/inc\/uploads\/2020\/04\/Hospital-Sao-Sebastiao-Raul-Soares-MG.jpeg.jpg","keywords":["coronav\u00edrus","covid-19","enfermagem","pandemia","sa\u00fade"],"articleSection":["Artigos","Entrevistas","Not\u00edcias"],"inLanguage":"pt-BR"},{"@type":"WebPage","@id":"https:\/\/psol50.org.br\/nenhum-profissional-da-saude-tem-seguranca-garantida-alerta-tecnica-de-enfermagem-e-militante-do-psol\/","url":"https:\/\/psol50.org.br\/nenhum-profissional-da-saude-tem-seguranca-garantida-alerta-tecnica-de-enfermagem-e-militante-do-psol\/","name":"\"Nenhum profissional da sa\u00fade tem seguran\u00e7a garantida\", alerta t\u00e9cnica de enfermagem e militante do PSOL - PSOL 50","isPartOf":{"@id":"https:\/\/psol50.org.br\/#website"},"primaryImageOfPage":{"@id":"https:\/\/psol50.org.br\/nenhum-profissional-da-saude-tem-seguranca-garantida-alerta-tecnica-de-enfermagem-e-militante-do-psol\/#primaryimage"},"image":{"@id":"https:\/\/psol50.org.br\/nenhum-profissional-da-saude-tem-seguranca-garantida-alerta-tecnica-de-enfermagem-e-militante-do-psol\/#primaryimage"},"thumbnailUrl":"https:\/\/psol50.org.br\/inc\/uploads\/2020\/04\/Hospital-Sao-Sebastiao-Raul-Soares-MG.jpeg.jpg","datePublished":"2020-05-11T17:35:55+00:00","description":"Ela fala sobre os desafios do combate \u00e0 pandemia em meio \u00e0 precariedade do SUS e a falta de preparo dos gestores que n\u00e3o tinham um plano para enfrentar a pandemia.","breadcrumb":{"@id":"https:\/\/psol50.org.br\/nenhum-profissional-da-saude-tem-seguranca-garantida-alerta-tecnica-de-enfermagem-e-militante-do-psol\/#breadcrumb"},"inLanguage":"pt-BR","potentialAction":[{"@type":"ReadAction","target":["https:\/\/psol50.org.br\/nenhum-profissional-da-saude-tem-seguranca-garantida-alerta-tecnica-de-enfermagem-e-militante-do-psol\/"]}]},{"@type":"ImageObject","inLanguage":"pt-BR","@id":"https:\/\/psol50.org.br\/nenhum-profissional-da-saude-tem-seguranca-garantida-alerta-tecnica-de-enfermagem-e-militante-do-psol\/#primaryimage","url":"https:\/\/psol50.org.br\/inc\/uploads\/2020\/04\/Hospital-Sao-Sebastiao-Raul-Soares-MG.jpeg.jpg","contentUrl":"https:\/\/psol50.org.br\/inc\/uploads\/2020\/04\/Hospital-Sao-Sebastiao-Raul-Soares-MG.jpeg.jpg","width":1086,"height":652,"caption":"Foto: Reprodu\u00e7\u00e3o"},{"@type":"BreadcrumbList","@id":"https:\/\/psol50.org.br\/nenhum-profissional-da-saude-tem-seguranca-garantida-alerta-tecnica-de-enfermagem-e-militante-do-psol\/#breadcrumb","itemListElement":[{"@type":"ListItem","position":1,"name":"In\u00edcio","item":"https:\/\/psol50.org.br\/"},{"@type":"ListItem","position":2,"name":"&#8220;Nenhum profissional da sa\u00fade tem seguran\u00e7a garantida&#8221;, alerta t\u00e9cnica de enfermagem e militante do PSOL"}]},{"@type":"WebSite","@id":"https:\/\/psol50.org.br\/#website","url":"https:\/\/psol50.org.br\/","name":"PSOL 50","description":"Site oficial do Partido Socialismo e Liberdade","publisher":{"@id":"https:\/\/psol50.org.br\/#organization"},"alternateName":"PSOL50","potentialAction":[{"@type":"SearchAction","target":{"@type":"EntryPoint","urlTemplate":"https:\/\/psol50.org.br\/?s={search_term_string}"},"query-input":{"@type":"PropertyValueSpecification","valueRequired":true,"valueName":"search_term_string"}}],"inLanguage":"pt-BR"},{"@type":"Organization","@id":"https:\/\/psol50.org.br\/#organization","name":"PSOL 50","alternateName":"PSOL 50","url":"https:\/\/psol50.org.br\/","logo":{"@type":"ImageObject","inLanguage":"pt-BR","@id":"https:\/\/psol50.org.br\/#\/schema\/logo\/image\/","url":"https:\/\/psol50.org.br\/inc\/uploads\/2018\/07\/capa.png","contentUrl":"https:\/\/psol50.org.br\/inc\/uploads\/2018\/07\/capa.png","width":1350,"height":900,"caption":"PSOL 50"},"image":{"@id":"https:\/\/psol50.org.br\/#\/schema\/logo\/image\/"},"sameAs":["https:\/\/www.facebook.com\/psol50","https:\/\/x.com\/psol50","https:\/\/www.instagram.com\/psol50\/","https:\/\/www.youtube.com\/channel\/UC7SnJS5o1os7a6CaiNabzcg"]},{"@type":"Person","@id":"https:\/\/psol50.org.br\/#\/schema\/person\/475dfa57d0b815993c714c2e96491fcd","name":"Comunica\u00e7\u00e3o PSOL","image":{"@type":"ImageObject","inLanguage":"pt-BR","@id":"https:\/\/psol50.org.br\/#\/schema\/person\/image\/","url":"https:\/\/secure.gravatar.com\/avatar\/b34fc4f4e468a4e51785917065a3db57b841f5c95dba6ad8c73aaf8f66f8f9bf?s=96&d=mm&r=g","contentUrl":"https:\/\/secure.gravatar.com\/avatar\/b34fc4f4e468a4e51785917065a3db57b841f5c95dba6ad8c73aaf8f66f8f9bf?s=96&d=mm&r=g","caption":"Comunica\u00e7\u00e3o PSOL"}}]}},"_links":{"self":[{"href":"https:\/\/psol50.org.br\/rest\/wp\/v2\/posts\/28795","targetHints":{"allow":["GET"]}}],"collection":[{"href":"https:\/\/psol50.org.br\/rest\/wp\/v2\/posts"}],"about":[{"href":"https:\/\/psol50.org.br\/rest\/wp\/v2\/types\/post"}],"author":[{"embeddable":true,"href":"https:\/\/psol50.org.br\/rest\/wp\/v2\/users\/2"}],"replies":[{"embeddable":true,"href":"https:\/\/psol50.org.br\/rest\/wp\/v2\/comments?post=28795"}],"version-history":[{"count":0,"href":"https:\/\/psol50.org.br\/rest\/wp\/v2\/posts\/28795\/revisions"}],"wp:featuredmedia":[{"embeddable":true,"href":"https:\/\/psol50.org.br\/rest\/wp\/v2\/media\/28407"}],"wp:attachment":[{"href":"https:\/\/psol50.org.br\/rest\/wp\/v2\/media?parent=28795"}],"wp:term":[{"taxonomy":"category","embeddable":true,"href":"https:\/\/psol50.org.br\/rest\/wp\/v2\/categories?post=28795"},{"taxonomy":"post_tag","embeddable":true,"href":"https:\/\/psol50.org.br\/rest\/wp\/v2\/tags?post=28795"}],"curies":[{"name":"wp","href":"https:\/\/api.w.org\/{rel}","templated":true}]}}