{"id":28817,"date":"2020-05-12T11:13:03","date_gmt":"2020-05-12T14:13:03","guid":{"rendered":"https:\/\/psol50.org.br\/?p=28817"},"modified":"2020-05-12T11:13:03","modified_gmt":"2020-05-12T14:13:03","slug":"psol-defende-adiamento-do-enem-2020-e-pede-convocacao-de-weintraub-na-camara","status":"publish","type":"post","link":"https:\/\/psol50.org.br\/psol-defende-adiamento-do-enem-2020-e-pede-convocacao-de-weintraub-na-camara\/","title":{"rendered":"PSOL defende adiamento do ENEM 2020 e pede convoca\u00e7\u00e3o de Weintraub na C\u00e2mara"},"content":{"rendered":"<p><a href=\"http:\/\/psol50.org.br\/coronavirus\" target=\"_blank\" rel=\"noopener noreferrer\"><img loading=\"lazy\" decoding=\"async\" class=\"alignnone size-full wp-image-27838\" src=\"https:\/\/psol50.org.br\/inc\/uploads\/2020\/03\/Banner-Site_3.png\" alt=\"\" width=\"1240\" height=\"331\" srcset=\"https:\/\/psol50.org.br\/inc\/uploads\/2020\/03\/Banner-Site_3.png 1240w, https:\/\/psol50.org.br\/inc\/uploads\/2020\/03\/Banner-Site_3-300x80.png 300w, https:\/\/psol50.org.br\/inc\/uploads\/2020\/03\/Banner-Site_3-1024x273.png 1024w, https:\/\/psol50.org.br\/inc\/uploads\/2020\/03\/Banner-Site_3-768x205.png 768w, https:\/\/psol50.org.br\/inc\/uploads\/2020\/03\/Banner-Site_3-150x40.png 150w, https:\/\/psol50.org.br\/inc\/uploads\/2020\/03\/Banner-Site_3-696x186.png 696w, https:\/\/psol50.org.br\/inc\/uploads\/2020\/03\/Banner-Site_3-1068x285.png 1068w\" sizes=\"auto, (max-width: 1240px) 100vw, 1240px\" \/><\/a><\/p>\n<p>A bancada do PSOL na C\u00e2mara dos Deputados protocolou, na \u00faltima segunda-feira (11), um <strong><a href=\"https:\/\/psol50.org.br\/inc\/uploads\/2020\/05\/PDL-Bancada-do-PSOL-adiamento-do-ENEM-convertido.pdf\" target=\"_blank\" rel=\"noopener noreferrer\">Projeto de Decreto Legislativo (PDL) para adiar o Exame Nacional do Ensino M\u00e9dio (ENEM)<\/a><\/strong> por causa dos efeitos da pandemia no calend\u00e1rio letivo e tamb\u00e9m um <strong><a href=\"https:\/\/psol50.org.br\/inc\/uploads\/2020\/05\/Requerimento-convovac\u0327a\u0303o-Weintraub-calenda\u0301rio-ENEM.pdf\" target=\"_blank\" rel=\"noopener noreferrer\">Requerimento de Convoca\u00e7\u00e3o do ministro da Educa\u00e7\u00e3o<\/a><\/strong>, Abraham Weintraub, para prestar esclarecimentos em uma sess\u00e3o virtual do plen\u00e1rio da C\u00e2mara sobre a manuten\u00e7\u00e3o do calend\u00e1rio do ENEM.<\/p>\n<p>O PSOL defende o adiamento da prova por conta, al\u00e9m das altera\u00e7\u00f5es que est\u00e3o ocorrendo no calend\u00e1rio letivo, porque muitos alunos n\u00e3o podem ter amplo acesso \u00e0 internet para aulas a dist\u00e2ncia, o que os coloca em situa\u00e7\u00e3o de desvantagem em rela\u00e7\u00e3o \u00e0queles que contam com a estrutura m\u00ednima para estudar em casa.<\/p>\n<p>Al\u00e9m disso, os deputados justificam que &#8220;manter o cronograma do ENEM impresso e digital, neste momento, implica um risco \u00e0 sa\u00fade dos estudantes e do conjunto da sociedade, al\u00e9m de refor\u00e7ar as desigualdades que precisamos combater. Uma decis\u00e3o temer\u00e1ria, digna de rep\u00fadio, que coloca o Brasil na contram\u00e3o da maioria dos pa\u00edses&#8221;.<\/p>\n<p>Weintraub disse recentemente em entrevista que &#8220;o ENEM n\u00e3o foi feito para corrigir injusti\u00e7as&#8221;. &#8220;\u00c9 preciso que o Ministro entenda que o Exame n\u00e3o pode servir para aprofund\u00e1-las&#8221;, respondem os parlamentares do PSOL no requerimento que pede a convoca\u00e7\u00e3o do ministro.<\/p>\n<p>No \u00faltimo dia 9 de abril, a bancada do PSOL j\u00e1 havia <strong><a href=\"https:\/\/psol50.org.br\/psol-pede-o-adiamento-do-enem-por-causa-da-pandemia-do-novo-coronavirus\/\" target=\"_blank\" rel=\"noopener noreferrer\">enviado um of\u00edcio ao presidente do INEP,<\/a><\/strong> Alexandre Ribeiro Pereira Lopes, solicitando o adiamento do exame por causa do agravamento da pandemia.<\/p>\n","protected":false},"excerpt":{"rendered":"<p>A bancada do PSOL na C\u00e2mara dos Deputados protocolou, na \u00faltima segunda-feira (11), um Projeto de Decreto Legislativo (PDL) para adiar o Exame Nacional do Ensino M\u00e9dio (ENEM) por causa dos efeitos da pandemia no calend\u00e1rio letivo e tamb\u00e9m um Requerimento de Convoca\u00e7\u00e3o do ministro da Educa\u00e7\u00e3o, Abraham Weintraub, para prestar esclarecimentos em uma sess\u00e3o [&hellip;]<\/p>\n","protected":false},"author":2,"featured_media":28821,"comment_status":"closed","ping_status":"open","sticky":false,"template":"","format":"standard","meta":{"_acf_changed":false,"footnotes":""},"categories":[10,6],"tags":[204,171,371,164,90,22,366,93],"class_list":{"0":"post-28817","1":"post","2":"type-post","3":"status-publish","4":"format-standard","5":"has-post-thumbnail","7":"category-acao-parlamentares","8":"category-noticias","9":"tag-204","10":"tag-coronavirus","11":"tag-covid-19","12":"tag-educacao","13":"tag-enem","14":"tag-psol","15":"tag-psolcontraocoronavirus","16":"tag-weintraub"},"acf":[],"yoast_head":"<!-- This site is optimized with the Yoast SEO plugin v26.5 - https:\/\/yoast.com\/wordpress\/plugins\/seo\/ -->\n<title>PSOL defende adiamento do ENEM 2020 e pede convoca\u00e7\u00e3o de Weintraub na C\u00e2mara<\/title>\n<meta name=\"description\" content=\"Muitos alunos n\u00e3o podem ter amplo acesso \u00e0 internet para aulas a dist\u00e2ncia, o que os coloca em situa\u00e7\u00e3o de desvantagem.\" \/>\n<meta name=\"robots\" content=\"index, follow, max-snippet:-1, max-image-preview:large, max-video-preview:-1\" \/>\n<link rel=\"canonical\" href=\"https:\/\/psol50.org.br\/psol-defende-adiamento-do-enem-2020-e-pede-convocacao-de-weintraub-na-camara\/\" \/>\n<meta property=\"og:locale\" content=\"pt_BR\" \/>\n<meta property=\"og:type\" content=\"article\" \/>\n<meta property=\"og:title\" content=\"PSOL defende adiamento do ENEM 2020 e pede convoca\u00e7\u00e3o de Weintraub na C\u00e2mara\" \/>\n<meta property=\"og:description\" content=\"Muitos alunos n\u00e3o podem ter amplo acesso \u00e0 internet para aulas a dist\u00e2ncia, o que os coloca em situa\u00e7\u00e3o de desvantagem.\" \/>\n<meta property=\"og:url\" content=\"https:\/\/psol50.org.br\/psol-defende-adiamento-do-enem-2020-e-pede-convocacao-de-weintraub-na-camara\/\" \/>\n<meta property=\"og:site_name\" content=\"PSOL 50\" \/>\n<meta property=\"article:publisher\" content=\"https:\/\/www.facebook.com\/psol50\" \/>\n<meta property=\"article:published_time\" content=\"2020-05-12T14:13:03+00:00\" \/>\n<meta property=\"og:image\" content=\"https:\/\/psol50.org.br\/inc\/uploads\/2020\/05\/20200427_enem-2020_0.jpg\" \/>\n\t<meta property=\"og:image:width\" content=\"750\" \/>\n\t<meta property=\"og:image:height\" content=\"419\" \/>\n\t<meta property=\"og:image:type\" content=\"image\/jpeg\" \/>\n<meta name=\"author\" content=\"Comunica\u00e7\u00e3o PSOL\" \/>\n<meta name=\"twitter:card\" content=\"summary_large_image\" \/>\n<meta name=\"twitter:title\" content=\"PSOL defende adiamento do ENEM 2020 e pede convoca\u00e7\u00e3o de Weintraub na C\u00e2mara\" \/>\n<meta name=\"twitter:description\" content=\"Muitos alunos n\u00e3o podem ter amplo acesso \u00e0 internet para aulas a dist\u00e2ncia, o que os coloca em situa\u00e7\u00e3o de desvantagem.\" \/>\n<meta name=\"twitter:image\" content=\"https:\/\/psol50.org.br\/inc\/uploads\/2020\/05\/20200427_enem-2020_0.jpg\" \/>\n<meta name=\"twitter:creator\" content=\"@psol50\" \/>\n<meta name=\"twitter:site\" content=\"@psol50\" \/>\n<meta name=\"twitter:label1\" content=\"Escrito por\" \/>\n\t<meta name=\"twitter:data1\" content=\"Comunica\u00e7\u00e3o PSOL\" \/>\n\t<meta name=\"twitter:label2\" content=\"Est. tempo de leitura\" \/>\n\t<meta name=\"twitter:data2\" content=\"1 minuto\" \/>\n<script type=\"application\/ld+json\" class=\"yoast-schema-graph\">{\"@context\":\"https:\/\/schema.org\",\"@graph\":[{\"@type\":\"Article\",\"@id\":\"https:\/\/psol50.org.br\/psol-defende-adiamento-do-enem-2020-e-pede-convocacao-de-weintraub-na-camara\/#article\",\"isPartOf\":{\"@id\":\"https:\/\/psol50.org.br\/psol-defende-adiamento-do-enem-2020-e-pede-convocacao-de-weintraub-na-camara\/\"},\"author\":{\"name\":\"Comunica\u00e7\u00e3o PSOL\",\"@id\":\"https:\/\/psol50.org.br\/#\/schema\/person\/475dfa57d0b815993c714c2e96491fcd\"},\"headline\":\"PSOL defende adiamento do ENEM 2020 e pede convoca\u00e7\u00e3o de Weintraub na C\u00e2mara\",\"datePublished\":\"2020-05-12T14:13:03+00:00\",\"mainEntityOfPage\":{\"@id\":\"https:\/\/psol50.org.br\/psol-defende-adiamento-do-enem-2020-e-pede-convocacao-de-weintraub-na-camara\/\"},\"wordCount\":291,\"publisher\":{\"@id\":\"https:\/\/psol50.org.br\/#organization\"},\"image\":{\"@id\":\"https:\/\/psol50.org.br\/psol-defende-adiamento-do-enem-2020-e-pede-convocacao-de-weintraub-na-camara\/#primaryimage\"},\"thumbnailUrl\":\"https:\/\/psol50.org.br\/inc\/uploads\/2020\/05\/20200427_enem-2020_0.jpg\",\"keywords\":[\"2020\",\"coronav\u00edrus\",\"covid-19\",\"Educa\u00e7\u00e3o\",\"Enem\",\"PSOL\",\"psolcontraocoronavirus\",\"weintraub\"],\"articleSection\":[\"A\u00e7\u00e3o Parlamentar\",\"Not\u00edcias\"],\"inLanguage\":\"pt-BR\"},{\"@type\":\"WebPage\",\"@id\":\"https:\/\/psol50.org.br\/psol-defende-adiamento-do-enem-2020-e-pede-convocacao-de-weintraub-na-camara\/\",\"url\":\"https:\/\/psol50.org.br\/psol-defende-adiamento-do-enem-2020-e-pede-convocacao-de-weintraub-na-camara\/\",\"name\":\"PSOL defende adiamento do ENEM 2020 e pede convoca\u00e7\u00e3o de Weintraub na C\u00e2mara\",\"isPartOf\":{\"@id\":\"https:\/\/psol50.org.br\/#website\"},\"primaryImageOfPage\":{\"@id\":\"https:\/\/psol50.org.br\/psol-defende-adiamento-do-enem-2020-e-pede-convocacao-de-weintraub-na-camara\/#primaryimage\"},\"image\":{\"@id\":\"https:\/\/psol50.org.br\/psol-defende-adiamento-do-enem-2020-e-pede-convocacao-de-weintraub-na-camara\/#primaryimage\"},\"thumbnailUrl\":\"https:\/\/psol50.org.br\/inc\/uploads\/2020\/05\/20200427_enem-2020_0.jpg\",\"datePublished\":\"2020-05-12T14:13:03+00:00\",\"description\":\"Muitos alunos n\u00e3o podem ter amplo acesso \u00e0 internet para aulas a dist\u00e2ncia, o que os coloca em situa\u00e7\u00e3o de desvantagem.\",\"breadcrumb\":{\"@id\":\"https:\/\/psol50.org.br\/psol-defende-adiamento-do-enem-2020-e-pede-convocacao-de-weintraub-na-camara\/#breadcrumb\"},\"inLanguage\":\"pt-BR\",\"potentialAction\":[{\"@type\":\"ReadAction\",\"target\":[\"https:\/\/psol50.org.br\/psol-defende-adiamento-do-enem-2020-e-pede-convocacao-de-weintraub-na-camara\/\"]}]},{\"@type\":\"ImageObject\",\"inLanguage\":\"pt-BR\",\"@id\":\"https:\/\/psol50.org.br\/psol-defende-adiamento-do-enem-2020-e-pede-convocacao-de-weintraub-na-camara\/#primaryimage\",\"url\":\"https:\/\/psol50.org.br\/inc\/uploads\/2020\/05\/20200427_enem-2020_0.jpg\",\"contentUrl\":\"https:\/\/psol50.org.br\/inc\/uploads\/2020\/05\/20200427_enem-2020_0.jpg\",\"width\":750,\"height\":419},{\"@type\":\"BreadcrumbList\",\"@id\":\"https:\/\/psol50.org.br\/psol-defende-adiamento-do-enem-2020-e-pede-convocacao-de-weintraub-na-camara\/#breadcrumb\",\"itemListElement\":[{\"@type\":\"ListItem\",\"position\":1,\"name\":\"In\u00edcio\",\"item\":\"https:\/\/psol50.org.br\/\"},{\"@type\":\"ListItem\",\"position\":2,\"name\":\"PSOL defende adiamento do ENEM 2020 e pede convoca\u00e7\u00e3o de Weintraub na C\u00e2mara\"}]},{\"@type\":\"WebSite\",\"@id\":\"https:\/\/psol50.org.br\/#website\",\"url\":\"https:\/\/psol50.org.br\/\",\"name\":\"PSOL 50\",\"description\":\"Site oficial do Partido Socialismo e Liberdade\",\"publisher\":{\"@id\":\"https:\/\/psol50.org.br\/#organization\"},\"alternateName\":\"PSOL50\",\"potentialAction\":[{\"@type\":\"SearchAction\",\"target\":{\"@type\":\"EntryPoint\",\"urlTemplate\":\"https:\/\/psol50.org.br\/?s={search_term_string}\"},\"query-input\":{\"@type\":\"PropertyValueSpecification\",\"valueRequired\":true,\"valueName\":\"search_term_string\"}}],\"inLanguage\":\"pt-BR\"},{\"@type\":\"Organization\",\"@id\":\"https:\/\/psol50.org.br\/#organization\",\"name\":\"PSOL 50\",\"alternateName\":\"PSOL 50\",\"url\":\"https:\/\/psol50.org.br\/\",\"logo\":{\"@type\":\"ImageObject\",\"inLanguage\":\"pt-BR\",\"@id\":\"https:\/\/psol50.org.br\/#\/schema\/logo\/image\/\",\"url\":\"https:\/\/psol50.org.br\/inc\/uploads\/2018\/07\/capa.png\",\"contentUrl\":\"https:\/\/psol50.org.br\/inc\/uploads\/2018\/07\/capa.png\",\"width\":1350,\"height\":900,\"caption\":\"PSOL 50\"},\"image\":{\"@id\":\"https:\/\/psol50.org.br\/#\/schema\/logo\/image\/\"},\"sameAs\":[\"https:\/\/www.facebook.com\/psol50\",\"https:\/\/x.com\/psol50\",\"https:\/\/www.instagram.com\/psol50\/\",\"https:\/\/www.youtube.com\/channel\/UC7SnJS5o1os7a6CaiNabzcg\"]},{\"@type\":\"Person\",\"@id\":\"https:\/\/psol50.org.br\/#\/schema\/person\/475dfa57d0b815993c714c2e96491fcd\",\"name\":\"Comunica\u00e7\u00e3o PSOL\",\"image\":{\"@type\":\"ImageObject\",\"inLanguage\":\"pt-BR\",\"@id\":\"https:\/\/psol50.org.br\/#\/schema\/person\/image\/\",\"url\":\"https:\/\/secure.gravatar.com\/avatar\/b34fc4f4e468a4e51785917065a3db57b841f5c95dba6ad8c73aaf8f66f8f9bf?s=96&d=mm&r=g\",\"contentUrl\":\"https:\/\/secure.gravatar.com\/avatar\/b34fc4f4e468a4e51785917065a3db57b841f5c95dba6ad8c73aaf8f66f8f9bf?s=96&d=mm&r=g\",\"caption\":\"Comunica\u00e7\u00e3o PSOL\"}}]}<\/script>\n<!-- \/ Yoast SEO plugin. -->","yoast_head_json":{"title":"PSOL defende adiamento do ENEM 2020 e pede convoca\u00e7\u00e3o de Weintraub na C\u00e2mara","description":"Muitos alunos n\u00e3o podem ter amplo acesso \u00e0 internet para aulas a dist\u00e2ncia, o que os coloca em situa\u00e7\u00e3o de desvantagem.","robots":{"index":"index","follow":"follow","max-snippet":"max-snippet:-1","max-image-preview":"max-image-preview:large","max-video-preview":"max-video-preview:-1"},"canonical":"https:\/\/psol50.org.br\/psol-defende-adiamento-do-enem-2020-e-pede-convocacao-de-weintraub-na-camara\/","og_locale":"pt_BR","og_type":"article","og_title":"PSOL defende adiamento do ENEM 2020 e pede convoca\u00e7\u00e3o de Weintraub na C\u00e2mara","og_description":"Muitos alunos n\u00e3o podem ter amplo acesso \u00e0 internet para aulas a dist\u00e2ncia, o que os coloca em situa\u00e7\u00e3o de desvantagem.","og_url":"https:\/\/psol50.org.br\/psol-defende-adiamento-do-enem-2020-e-pede-convocacao-de-weintraub-na-camara\/","og_site_name":"PSOL 50","article_publisher":"https:\/\/www.facebook.com\/psol50","article_published_time":"2020-05-12T14:13:03+00:00","og_image":[{"width":750,"height":419,"url":"https:\/\/psol50.org.br\/inc\/uploads\/2020\/05\/20200427_enem-2020_0.jpg","type":"image\/jpeg"}],"author":"Comunica\u00e7\u00e3o PSOL","twitter_card":"summary_large_image","twitter_title":"PSOL defende adiamento do ENEM 2020 e pede convoca\u00e7\u00e3o de Weintraub na C\u00e2mara","twitter_description":"Muitos alunos n\u00e3o podem ter amplo acesso \u00e0 internet para aulas a dist\u00e2ncia, o que os coloca em situa\u00e7\u00e3o de desvantagem.","twitter_image":"https:\/\/psol50.org.br\/inc\/uploads\/2020\/05\/20200427_enem-2020_0.jpg","twitter_creator":"@psol50","twitter_site":"@psol50","twitter_misc":{"Escrito por":"Comunica\u00e7\u00e3o PSOL","Est. tempo de leitura":"1 minuto"},"schema":{"@context":"https:\/\/schema.org","@graph":[{"@type":"Article","@id":"https:\/\/psol50.org.br\/psol-defende-adiamento-do-enem-2020-e-pede-convocacao-de-weintraub-na-camara\/#article","isPartOf":{"@id":"https:\/\/psol50.org.br\/psol-defende-adiamento-do-enem-2020-e-pede-convocacao-de-weintraub-na-camara\/"},"author":{"name":"Comunica\u00e7\u00e3o PSOL","@id":"https:\/\/psol50.org.br\/#\/schema\/person\/475dfa57d0b815993c714c2e96491fcd"},"headline":"PSOL defende adiamento do ENEM 2020 e pede convoca\u00e7\u00e3o de Weintraub na C\u00e2mara","datePublished":"2020-05-12T14:13:03+00:00","mainEntityOfPage":{"@id":"https:\/\/psol50.org.br\/psol-defende-adiamento-do-enem-2020-e-pede-convocacao-de-weintraub-na-camara\/"},"wordCount":291,"publisher":{"@id":"https:\/\/psol50.org.br\/#organization"},"image":{"@id":"https:\/\/psol50.org.br\/psol-defende-adiamento-do-enem-2020-e-pede-convocacao-de-weintraub-na-camara\/#primaryimage"},"thumbnailUrl":"https:\/\/psol50.org.br\/inc\/uploads\/2020\/05\/20200427_enem-2020_0.jpg","keywords":["2020","coronav\u00edrus","covid-19","Educa\u00e7\u00e3o","Enem","PSOL","psolcontraocoronavirus","weintraub"],"articleSection":["A\u00e7\u00e3o Parlamentar","Not\u00edcias"],"inLanguage":"pt-BR"},{"@type":"WebPage","@id":"https:\/\/psol50.org.br\/psol-defende-adiamento-do-enem-2020-e-pede-convocacao-de-weintraub-na-camara\/","url":"https:\/\/psol50.org.br\/psol-defende-adiamento-do-enem-2020-e-pede-convocacao-de-weintraub-na-camara\/","name":"PSOL defende adiamento do ENEM 2020 e pede convoca\u00e7\u00e3o de Weintraub na C\u00e2mara","isPartOf":{"@id":"https:\/\/psol50.org.br\/#website"},"primaryImageOfPage":{"@id":"https:\/\/psol50.org.br\/psol-defende-adiamento-do-enem-2020-e-pede-convocacao-de-weintraub-na-camara\/#primaryimage"},"image":{"@id":"https:\/\/psol50.org.br\/psol-defende-adiamento-do-enem-2020-e-pede-convocacao-de-weintraub-na-camara\/#primaryimage"},"thumbnailUrl":"https:\/\/psol50.org.br\/inc\/uploads\/2020\/05\/20200427_enem-2020_0.jpg","datePublished":"2020-05-12T14:13:03+00:00","description":"Muitos alunos n\u00e3o podem ter amplo acesso \u00e0 internet para aulas a dist\u00e2ncia, o que os coloca em situa\u00e7\u00e3o de desvantagem.","breadcrumb":{"@id":"https:\/\/psol50.org.br\/psol-defende-adiamento-do-enem-2020-e-pede-convocacao-de-weintraub-na-camara\/#breadcrumb"},"inLanguage":"pt-BR","potentialAction":[{"@type":"ReadAction","target":["https:\/\/psol50.org.br\/psol-defende-adiamento-do-enem-2020-e-pede-convocacao-de-weintraub-na-camara\/"]}]},{"@type":"ImageObject","inLanguage":"pt-BR","@id":"https:\/\/psol50.org.br\/psol-defende-adiamento-do-enem-2020-e-pede-convocacao-de-weintraub-na-camara\/#primaryimage","url":"https:\/\/psol50.org.br\/inc\/uploads\/2020\/05\/20200427_enem-2020_0.jpg","contentUrl":"https:\/\/psol50.org.br\/inc\/uploads\/2020\/05\/20200427_enem-2020_0.jpg","width":750,"height":419},{"@type":"BreadcrumbList","@id":"https:\/\/psol50.org.br\/psol-defende-adiamento-do-enem-2020-e-pede-convocacao-de-weintraub-na-camara\/#breadcrumb","itemListElement":[{"@type":"ListItem","position":1,"name":"In\u00edcio","item":"https:\/\/psol50.org.br\/"},{"@type":"ListItem","position":2,"name":"PSOL defende adiamento do ENEM 2020 e pede convoca\u00e7\u00e3o de Weintraub na C\u00e2mara"}]},{"@type":"WebSite","@id":"https:\/\/psol50.org.br\/#website","url":"https:\/\/psol50.org.br\/","name":"PSOL 50","description":"Site oficial do Partido Socialismo e Liberdade","publisher":{"@id":"https:\/\/psol50.org.br\/#organization"},"alternateName":"PSOL50","potentialAction":[{"@type":"SearchAction","target":{"@type":"EntryPoint","urlTemplate":"https:\/\/psol50.org.br\/?s={search_term_string}"},"query-input":{"@type":"PropertyValueSpecification","valueRequired":true,"valueName":"search_term_string"}}],"inLanguage":"pt-BR"},{"@type":"Organization","@id":"https:\/\/psol50.org.br\/#organization","name":"PSOL 50","alternateName":"PSOL 50","url":"https:\/\/psol50.org.br\/","logo":{"@type":"ImageObject","inLanguage":"pt-BR","@id":"https:\/\/psol50.org.br\/#\/schema\/logo\/image\/","url":"https:\/\/psol50.org.br\/inc\/uploads\/2018\/07\/capa.png","contentUrl":"https:\/\/psol50.org.br\/inc\/uploads\/2018\/07\/capa.png","width":1350,"height":900,"caption":"PSOL 50"},"image":{"@id":"https:\/\/psol50.org.br\/#\/schema\/logo\/image\/"},"sameAs":["https:\/\/www.facebook.com\/psol50","https:\/\/x.com\/psol50","https:\/\/www.instagram.com\/psol50\/","https:\/\/www.youtube.com\/channel\/UC7SnJS5o1os7a6CaiNabzcg"]},{"@type":"Person","@id":"https:\/\/psol50.org.br\/#\/schema\/person\/475dfa57d0b815993c714c2e96491fcd","name":"Comunica\u00e7\u00e3o PSOL","image":{"@type":"ImageObject","inLanguage":"pt-BR","@id":"https:\/\/psol50.org.br\/#\/schema\/person\/image\/","url":"https:\/\/secure.gravatar.com\/avatar\/b34fc4f4e468a4e51785917065a3db57b841f5c95dba6ad8c73aaf8f66f8f9bf?s=96&d=mm&r=g","contentUrl":"https:\/\/secure.gravatar.com\/avatar\/b34fc4f4e468a4e51785917065a3db57b841f5c95dba6ad8c73aaf8f66f8f9bf?s=96&d=mm&r=g","caption":"Comunica\u00e7\u00e3o PSOL"}}]}},"_links":{"self":[{"href":"https:\/\/psol50.org.br\/rest\/wp\/v2\/posts\/28817","targetHints":{"allow":["GET"]}}],"collection":[{"href":"https:\/\/psol50.org.br\/rest\/wp\/v2\/posts"}],"about":[{"href":"https:\/\/psol50.org.br\/rest\/wp\/v2\/types\/post"}],"author":[{"embeddable":true,"href":"https:\/\/psol50.org.br\/rest\/wp\/v2\/users\/2"}],"replies":[{"embeddable":true,"href":"https:\/\/psol50.org.br\/rest\/wp\/v2\/comments?post=28817"}],"version-history":[{"count":0,"href":"https:\/\/psol50.org.br\/rest\/wp\/v2\/posts\/28817\/revisions"}],"wp:featuredmedia":[{"embeddable":true,"href":"https:\/\/psol50.org.br\/rest\/wp\/v2\/media\/28821"}],"wp:attachment":[{"href":"https:\/\/psol50.org.br\/rest\/wp\/v2\/media?parent=28817"}],"wp:term":[{"taxonomy":"category","embeddable":true,"href":"https:\/\/psol50.org.br\/rest\/wp\/v2\/categories?post=28817"},{"taxonomy":"post_tag","embeddable":true,"href":"https:\/\/psol50.org.br\/rest\/wp\/v2\/tags?post=28817"}],"curies":[{"name":"wp","href":"https:\/\/api.w.org\/{rel}","templated":true}]}}