{"id":28824,"date":"2020-05-13T10:35:43","date_gmt":"2020-05-13T13:35:43","guid":{"rendered":"https:\/\/psol50.org.br\/?p=28824"},"modified":"2020-05-13T10:35:43","modified_gmt":"2020-05-13T13:35:43","slug":"psol-pede-explicacoes-ao-ministerio-da-justica-sobre-oficio-em-que-pf-elogia-ramagem","status":"publish","type":"post","link":"https:\/\/psol50.org.br\/psol-pede-explicacoes-ao-ministerio-da-justica-sobre-oficio-em-que-pf-elogia-ramagem\/","title":{"rendered":"PSOL pede explica\u00e7\u00f5es ao Minist\u00e9rio da Justi\u00e7a sobre of\u00edcio em que PF elogia Ramagem"},"content":{"rendered":"<p><a href=\"http:\/\/psol50.org.br\/coronavirus\" target=\"_blank\" rel=\"noopener noreferrer\"><img loading=\"lazy\" decoding=\"async\" class=\"alignnone size-full wp-image-27838\" src=\"https:\/\/psol50.org.br\/inc\/uploads\/2020\/03\/Banner-Site_3.png\" alt=\"\" width=\"1240\" height=\"331\" srcset=\"https:\/\/psol50.org.br\/inc\/uploads\/2020\/03\/Banner-Site_3.png 1240w, https:\/\/psol50.org.br\/inc\/uploads\/2020\/03\/Banner-Site_3-300x80.png 300w, https:\/\/psol50.org.br\/inc\/uploads\/2020\/03\/Banner-Site_3-1024x273.png 1024w, https:\/\/psol50.org.br\/inc\/uploads\/2020\/03\/Banner-Site_3-768x205.png 768w, https:\/\/psol50.org.br\/inc\/uploads\/2020\/03\/Banner-Site_3-150x40.png 150w, https:\/\/psol50.org.br\/inc\/uploads\/2020\/03\/Banner-Site_3-696x186.png 696w, https:\/\/psol50.org.br\/inc\/uploads\/2020\/03\/Banner-Site_3-1068x285.png 1068w\" sizes=\"auto, (max-width: 1240px) 100vw, 1240px\" \/><\/a><\/p>\n<p>A bancada do PSOL na C\u00e2mara dos Deputados enviou um requerimento ao Minist\u00e9rio da Justi\u00e7a na \u00faltima ter\u00e7a-feira (12) para que o chefe da pasta, Andr\u00e9 Mendon\u00e7a, d\u00ea mais informa\u00e7\u00f5es sobre o of\u00edcio elaborado pela Pol\u00edcia Federal em defesa da indica\u00e7\u00e3o de Alexandre Ramagem para o cargo de diretor-geral da PF.<\/p>\n<p>Amigo dos filhos de Jair Bolsonaro, Ramagem foi o escolhido pelo presidente para o posto, mas a indica\u00e7\u00e3o foi barrada pelo Supremo Tribunal Federal.<\/p>\n<p>Ap\u00f3s consulta da Advocacia Geral da Uni\u00e3o (AGU), a PF enviou um of\u00edcio at\u00edpico, com elogios a Ramagem. O documento, do dia 30 de abril, foi elaborado por delegados pr\u00f3ximos a Ramagem, que trabalham no setor de Recursos Humanos da institui\u00e7\u00e3o.<\/p>\n<p>A resposta, chamada de institucional, foi muito al\u00e9m do que foi perguntado, contestou a decis\u00e3o do Supremo, e reconheceu a rela\u00e7\u00e3o entre o policial e a fam\u00edlia Bolsonaro, tratando como normal.<\/p>\n<p>Delegados em cargos de chefia da PF interpretaram que o movimento foi feito de forma combinada, com a participa\u00e7\u00e3o de Ramagem nos bastidores, desde o pedido da Advocacia Geral da Uni\u00e3o, at\u00e9 o documento de dentro do \u00f3rg\u00e3o. A PF tinha se recusado durante o per\u00edodo de crise a se manifestar.<\/p>\n<p>O PSOL lembra no requerimento que &#8220;pelos princ\u00edpios que regem a administra\u00e7\u00e3o p\u00fablica, inscritos na Constitui\u00e7\u00e3o de 1988, cabe ao agente p\u00fablico fazer a an\u00e1lise imparcial dos documentos p\u00fablicos&#8221;, e pergunta como foi feita a escolha dos agentes que elaboraram o of\u00edcio.<\/p>\n<p>Pergunta tamb\u00e9m se \u00e9 comum nesses of\u00edcio a cr\u00edtica a decis\u00f5es do STF e se houve press\u00e3o de Bolsonaro, seus filhos ou do pr\u00f3prio Ramagem na elabora\u00e7\u00e3o do material.<\/p>\n<p><em><a href=\"https:\/\/www1.folha.uol.com.br\/colunas\/painel\/2020\/05\/psol-pede-explicacoes-ao-ministerio-da-justica-sobre-oficio-em-que-pf-elogia-ramagem.shtml\" target=\"_blank\" rel=\"noopener noreferrer\">Com informa\u00e7\u00f5es da Folha de S. Paulo<\/a><\/em><\/p>\n","protected":false},"excerpt":{"rendered":"<p>A bancada do PSOL na C\u00e2mara dos Deputados enviou um requerimento ao Minist\u00e9rio da Justi\u00e7a na \u00faltima ter\u00e7a-feira (12) para que o chefe da pasta, Andr\u00e9 Mendon\u00e7a, d\u00ea mais informa\u00e7\u00f5es sobre o of\u00edcio elaborado pela Pol\u00edcia Federal em defesa da indica\u00e7\u00e3o de Alexandre Ramagem para o cargo de diretor-geral da PF. Amigo dos filhos de [&hellip;]<\/p>\n","protected":false},"author":2,"featured_media":28826,"comment_status":"closed","ping_status":"open","sticky":false,"template":"","format":"standard","meta":{"_acf_changed":false,"footnotes":""},"categories":[10,6],"tags":[596,56,656,54,436,22,657,658,45],"class_list":{"0":"post-28824","1":"post","2":"type-post","3":"status-publish","4":"format-standard","5":"has-post-thumbnail","7":"category-acao-parlamentares","8":"category-noticias","9":"tag-andre-mendonca","10":"tag-bolsonaro","11":"tag-familia","12":"tag-justica","13":"tag-pf","14":"tag-psol","15":"tag-ramagem","16":"tag-requerimento","17":"tag-stf"},"acf":[],"yoast_head":"<!-- This site is optimized with the Yoast SEO plugin v26.5 - https:\/\/yoast.com\/wordpress\/plugins\/seo\/ -->\n<title>PSOL pede explica\u00e7\u00f5es ao Minist\u00e9rio da Justi\u00e7a sobre of\u00edcio em que PF elogia Ramagem<\/title>\n<meta name=\"description\" content=\"Documento elaborado por delegados pr\u00f3ximos a Ramagem contestou a decis\u00e3o do Supremo e tratou como normal a rela\u00e7\u00e3o entre o policial e a fam\u00edlia Bolsonaro.\" \/>\n<meta name=\"robots\" content=\"index, follow, max-snippet:-1, max-image-preview:large, max-video-preview:-1\" \/>\n<link rel=\"canonical\" href=\"https:\/\/psol50.org.br\/psol-pede-explicacoes-ao-ministerio-da-justica-sobre-oficio-em-que-pf-elogia-ramagem\/\" \/>\n<meta property=\"og:locale\" content=\"pt_BR\" \/>\n<meta property=\"og:type\" content=\"article\" \/>\n<meta property=\"og:title\" content=\"PSOL pede explica\u00e7\u00f5es ao Minist\u00e9rio da Justi\u00e7a sobre of\u00edcio em que PF elogia Ramagem\" \/>\n<meta property=\"og:description\" content=\"Documento elaborado por delegados pr\u00f3ximos a Ramagem contestou a decis\u00e3o do Supremo e tratou como normal a rela\u00e7\u00e3o entre o policial e a fam\u00edlia Bolsonaro.\" \/>\n<meta property=\"og:url\" content=\"https:\/\/psol50.org.br\/psol-pede-explicacoes-ao-ministerio-da-justica-sobre-oficio-em-que-pf-elogia-ramagem\/\" \/>\n<meta property=\"og:site_name\" content=\"PSOL 50\" \/>\n<meta property=\"article:publisher\" content=\"https:\/\/www.facebook.com\/psol50\" \/>\n<meta property=\"article:published_time\" content=\"2020-05-13T13:35:43+00:00\" \/>\n<meta property=\"og:image\" content=\"https:\/\/psol50.org.br\/inc\/uploads\/2020\/05\/bolsonaro-alexandre-ramagem-carolina-antunes-pr-960x540-1.jpg\" \/>\n\t<meta property=\"og:image:width\" content=\"960\" \/>\n\t<meta property=\"og:image:height\" content=\"540\" \/>\n\t<meta property=\"og:image:type\" content=\"image\/jpeg\" \/>\n<meta name=\"author\" content=\"Comunica\u00e7\u00e3o PSOL\" \/>\n<meta name=\"twitter:card\" content=\"summary_large_image\" \/>\n<meta name=\"twitter:title\" content=\"PSOL pede explica\u00e7\u00f5es ao Minist\u00e9rio da Justi\u00e7a sobre of\u00edcio em que PF elogia Ramagem\" \/>\n<meta name=\"twitter:description\" content=\"Documento elaborado por delegados pr\u00f3ximos a Ramagem contestou a decis\u00e3o do Supremo e tratou como normal a rela\u00e7\u00e3o entre o policial e a fam\u00edlia Bolsonaro.\" \/>\n<meta name=\"twitter:image\" content=\"https:\/\/psol50.org.br\/inc\/uploads\/2020\/05\/bolsonaro-alexandre-ramagem-carolina-antunes-pr-960x540-1.jpg\" \/>\n<meta name=\"twitter:creator\" content=\"@psol50\" \/>\n<meta name=\"twitter:site\" content=\"@psol50\" \/>\n<meta name=\"twitter:label1\" content=\"Escrito por\" \/>\n\t<meta name=\"twitter:data1\" content=\"Comunica\u00e7\u00e3o PSOL\" \/>\n\t<meta name=\"twitter:label2\" content=\"Est. tempo de leitura\" \/>\n\t<meta name=\"twitter:data2\" content=\"2 minutos\" \/>\n<script type=\"application\/ld+json\" class=\"yoast-schema-graph\">{\"@context\":\"https:\/\/schema.org\",\"@graph\":[{\"@type\":\"Article\",\"@id\":\"https:\/\/psol50.org.br\/psol-pede-explicacoes-ao-ministerio-da-justica-sobre-oficio-em-que-pf-elogia-ramagem\/#article\",\"isPartOf\":{\"@id\":\"https:\/\/psol50.org.br\/psol-pede-explicacoes-ao-ministerio-da-justica-sobre-oficio-em-que-pf-elogia-ramagem\/\"},\"author\":{\"name\":\"Comunica\u00e7\u00e3o PSOL\",\"@id\":\"https:\/\/psol50.org.br\/#\/schema\/person\/475dfa57d0b815993c714c2e96491fcd\"},\"headline\":\"PSOL pede explica\u00e7\u00f5es ao Minist\u00e9rio da Justi\u00e7a sobre of\u00edcio em que PF elogia Ramagem\",\"datePublished\":\"2020-05-13T13:35:43+00:00\",\"mainEntityOfPage\":{\"@id\":\"https:\/\/psol50.org.br\/psol-pede-explicacoes-ao-ministerio-da-justica-sobre-oficio-em-que-pf-elogia-ramagem\/\"},\"wordCount\":330,\"publisher\":{\"@id\":\"https:\/\/psol50.org.br\/#organization\"},\"image\":{\"@id\":\"https:\/\/psol50.org.br\/psol-pede-explicacoes-ao-ministerio-da-justica-sobre-oficio-em-que-pf-elogia-ramagem\/#primaryimage\"},\"thumbnailUrl\":\"https:\/\/psol50.org.br\/inc\/uploads\/2020\/05\/bolsonaro-alexandre-ramagem-carolina-antunes-pr-960x540-1.jpg\",\"keywords\":[\"Andr\u00e9 Mendon\u00e7a\",\"Bolsonaro\",\"fam\u00edlia\",\"justi\u00e7a\",\"PF\",\"PSOL\",\"ramagem\",\"requerimento\",\"STF\"],\"articleSection\":[\"A\u00e7\u00e3o Parlamentar\",\"Not\u00edcias\"],\"inLanguage\":\"pt-BR\"},{\"@type\":\"WebPage\",\"@id\":\"https:\/\/psol50.org.br\/psol-pede-explicacoes-ao-ministerio-da-justica-sobre-oficio-em-que-pf-elogia-ramagem\/\",\"url\":\"https:\/\/psol50.org.br\/psol-pede-explicacoes-ao-ministerio-da-justica-sobre-oficio-em-que-pf-elogia-ramagem\/\",\"name\":\"PSOL pede explica\u00e7\u00f5es ao Minist\u00e9rio da Justi\u00e7a sobre of\u00edcio em que PF elogia Ramagem\",\"isPartOf\":{\"@id\":\"https:\/\/psol50.org.br\/#website\"},\"primaryImageOfPage\":{\"@id\":\"https:\/\/psol50.org.br\/psol-pede-explicacoes-ao-ministerio-da-justica-sobre-oficio-em-que-pf-elogia-ramagem\/#primaryimage\"},\"image\":{\"@id\":\"https:\/\/psol50.org.br\/psol-pede-explicacoes-ao-ministerio-da-justica-sobre-oficio-em-que-pf-elogia-ramagem\/#primaryimage\"},\"thumbnailUrl\":\"https:\/\/psol50.org.br\/inc\/uploads\/2020\/05\/bolsonaro-alexandre-ramagem-carolina-antunes-pr-960x540-1.jpg\",\"datePublished\":\"2020-05-13T13:35:43+00:00\",\"description\":\"Documento elaborado por delegados pr\u00f3ximos a Ramagem contestou a decis\u00e3o do Supremo e tratou como normal a rela\u00e7\u00e3o entre o policial e a fam\u00edlia Bolsonaro.\",\"breadcrumb\":{\"@id\":\"https:\/\/psol50.org.br\/psol-pede-explicacoes-ao-ministerio-da-justica-sobre-oficio-em-que-pf-elogia-ramagem\/#breadcrumb\"},\"inLanguage\":\"pt-BR\",\"potentialAction\":[{\"@type\":\"ReadAction\",\"target\":[\"https:\/\/psol50.org.br\/psol-pede-explicacoes-ao-ministerio-da-justica-sobre-oficio-em-que-pf-elogia-ramagem\/\"]}]},{\"@type\":\"ImageObject\",\"inLanguage\":\"pt-BR\",\"@id\":\"https:\/\/psol50.org.br\/psol-pede-explicacoes-ao-ministerio-da-justica-sobre-oficio-em-que-pf-elogia-ramagem\/#primaryimage\",\"url\":\"https:\/\/psol50.org.br\/inc\/uploads\/2020\/05\/bolsonaro-alexandre-ramagem-carolina-antunes-pr-960x540-1.jpg\",\"contentUrl\":\"https:\/\/psol50.org.br\/inc\/uploads\/2020\/05\/bolsonaro-alexandre-ramagem-carolina-antunes-pr-960x540-1.jpg\",\"width\":960,\"height\":540,\"caption\":\"Foto: Carolina Antunes\/PR\"},{\"@type\":\"BreadcrumbList\",\"@id\":\"https:\/\/psol50.org.br\/psol-pede-explicacoes-ao-ministerio-da-justica-sobre-oficio-em-que-pf-elogia-ramagem\/#breadcrumb\",\"itemListElement\":[{\"@type\":\"ListItem\",\"position\":1,\"name\":\"In\u00edcio\",\"item\":\"https:\/\/psol50.org.br\/\"},{\"@type\":\"ListItem\",\"position\":2,\"name\":\"PSOL pede explica\u00e7\u00f5es ao Minist\u00e9rio da Justi\u00e7a sobre of\u00edcio em que PF elogia Ramagem\"}]},{\"@type\":\"WebSite\",\"@id\":\"https:\/\/psol50.org.br\/#website\",\"url\":\"https:\/\/psol50.org.br\/\",\"name\":\"PSOL 50\",\"description\":\"Site oficial do Partido Socialismo e Liberdade\",\"publisher\":{\"@id\":\"https:\/\/psol50.org.br\/#organization\"},\"alternateName\":\"PSOL50\",\"potentialAction\":[{\"@type\":\"SearchAction\",\"target\":{\"@type\":\"EntryPoint\",\"urlTemplate\":\"https:\/\/psol50.org.br\/?s={search_term_string}\"},\"query-input\":{\"@type\":\"PropertyValueSpecification\",\"valueRequired\":true,\"valueName\":\"search_term_string\"}}],\"inLanguage\":\"pt-BR\"},{\"@type\":\"Organization\",\"@id\":\"https:\/\/psol50.org.br\/#organization\",\"name\":\"PSOL 50\",\"alternateName\":\"PSOL 50\",\"url\":\"https:\/\/psol50.org.br\/\",\"logo\":{\"@type\":\"ImageObject\",\"inLanguage\":\"pt-BR\",\"@id\":\"https:\/\/psol50.org.br\/#\/schema\/logo\/image\/\",\"url\":\"https:\/\/psol50.org.br\/inc\/uploads\/2018\/07\/capa.png\",\"contentUrl\":\"https:\/\/psol50.org.br\/inc\/uploads\/2018\/07\/capa.png\",\"width\":1350,\"height\":900,\"caption\":\"PSOL 50\"},\"image\":{\"@id\":\"https:\/\/psol50.org.br\/#\/schema\/logo\/image\/\"},\"sameAs\":[\"https:\/\/www.facebook.com\/psol50\",\"https:\/\/x.com\/psol50\",\"https:\/\/www.instagram.com\/psol50\/\",\"https:\/\/www.youtube.com\/channel\/UC7SnJS5o1os7a6CaiNabzcg\"]},{\"@type\":\"Person\",\"@id\":\"https:\/\/psol50.org.br\/#\/schema\/person\/475dfa57d0b815993c714c2e96491fcd\",\"name\":\"Comunica\u00e7\u00e3o PSOL\",\"image\":{\"@type\":\"ImageObject\",\"inLanguage\":\"pt-BR\",\"@id\":\"https:\/\/psol50.org.br\/#\/schema\/person\/image\/\",\"url\":\"https:\/\/secure.gravatar.com\/avatar\/b34fc4f4e468a4e51785917065a3db57b841f5c95dba6ad8c73aaf8f66f8f9bf?s=96&d=mm&r=g\",\"contentUrl\":\"https:\/\/secure.gravatar.com\/avatar\/b34fc4f4e468a4e51785917065a3db57b841f5c95dba6ad8c73aaf8f66f8f9bf?s=96&d=mm&r=g\",\"caption\":\"Comunica\u00e7\u00e3o PSOL\"}}]}<\/script>\n<!-- \/ Yoast SEO plugin. -->","yoast_head_json":{"title":"PSOL pede explica\u00e7\u00f5es ao Minist\u00e9rio da Justi\u00e7a sobre of\u00edcio em que PF elogia Ramagem","description":"Documento elaborado por delegados pr\u00f3ximos a Ramagem contestou a decis\u00e3o do Supremo e tratou como normal a rela\u00e7\u00e3o entre o policial e a fam\u00edlia Bolsonaro.","robots":{"index":"index","follow":"follow","max-snippet":"max-snippet:-1","max-image-preview":"max-image-preview:large","max-video-preview":"max-video-preview:-1"},"canonical":"https:\/\/psol50.org.br\/psol-pede-explicacoes-ao-ministerio-da-justica-sobre-oficio-em-que-pf-elogia-ramagem\/","og_locale":"pt_BR","og_type":"article","og_title":"PSOL pede explica\u00e7\u00f5es ao Minist\u00e9rio da Justi\u00e7a sobre of\u00edcio em que PF elogia Ramagem","og_description":"Documento elaborado por delegados pr\u00f3ximos a Ramagem contestou a decis\u00e3o do Supremo e tratou como normal a rela\u00e7\u00e3o entre o policial e a fam\u00edlia Bolsonaro.","og_url":"https:\/\/psol50.org.br\/psol-pede-explicacoes-ao-ministerio-da-justica-sobre-oficio-em-que-pf-elogia-ramagem\/","og_site_name":"PSOL 50","article_publisher":"https:\/\/www.facebook.com\/psol50","article_published_time":"2020-05-13T13:35:43+00:00","og_image":[{"width":960,"height":540,"url":"https:\/\/psol50.org.br\/inc\/uploads\/2020\/05\/bolsonaro-alexandre-ramagem-carolina-antunes-pr-960x540-1.jpg","type":"image\/jpeg"}],"author":"Comunica\u00e7\u00e3o PSOL","twitter_card":"summary_large_image","twitter_title":"PSOL pede explica\u00e7\u00f5es ao Minist\u00e9rio da Justi\u00e7a sobre of\u00edcio em que PF elogia Ramagem","twitter_description":"Documento elaborado por delegados pr\u00f3ximos a Ramagem contestou a decis\u00e3o do Supremo e tratou como normal a rela\u00e7\u00e3o entre o policial e a fam\u00edlia Bolsonaro.","twitter_image":"https:\/\/psol50.org.br\/inc\/uploads\/2020\/05\/bolsonaro-alexandre-ramagem-carolina-antunes-pr-960x540-1.jpg","twitter_creator":"@psol50","twitter_site":"@psol50","twitter_misc":{"Escrito por":"Comunica\u00e7\u00e3o PSOL","Est. tempo de leitura":"2 minutos"},"schema":{"@context":"https:\/\/schema.org","@graph":[{"@type":"Article","@id":"https:\/\/psol50.org.br\/psol-pede-explicacoes-ao-ministerio-da-justica-sobre-oficio-em-que-pf-elogia-ramagem\/#article","isPartOf":{"@id":"https:\/\/psol50.org.br\/psol-pede-explicacoes-ao-ministerio-da-justica-sobre-oficio-em-que-pf-elogia-ramagem\/"},"author":{"name":"Comunica\u00e7\u00e3o PSOL","@id":"https:\/\/psol50.org.br\/#\/schema\/person\/475dfa57d0b815993c714c2e96491fcd"},"headline":"PSOL pede explica\u00e7\u00f5es ao Minist\u00e9rio da Justi\u00e7a sobre of\u00edcio em que PF elogia Ramagem","datePublished":"2020-05-13T13:35:43+00:00","mainEntityOfPage":{"@id":"https:\/\/psol50.org.br\/psol-pede-explicacoes-ao-ministerio-da-justica-sobre-oficio-em-que-pf-elogia-ramagem\/"},"wordCount":330,"publisher":{"@id":"https:\/\/psol50.org.br\/#organization"},"image":{"@id":"https:\/\/psol50.org.br\/psol-pede-explicacoes-ao-ministerio-da-justica-sobre-oficio-em-que-pf-elogia-ramagem\/#primaryimage"},"thumbnailUrl":"https:\/\/psol50.org.br\/inc\/uploads\/2020\/05\/bolsonaro-alexandre-ramagem-carolina-antunes-pr-960x540-1.jpg","keywords":["Andr\u00e9 Mendon\u00e7a","Bolsonaro","fam\u00edlia","justi\u00e7a","PF","PSOL","ramagem","requerimento","STF"],"articleSection":["A\u00e7\u00e3o Parlamentar","Not\u00edcias"],"inLanguage":"pt-BR"},{"@type":"WebPage","@id":"https:\/\/psol50.org.br\/psol-pede-explicacoes-ao-ministerio-da-justica-sobre-oficio-em-que-pf-elogia-ramagem\/","url":"https:\/\/psol50.org.br\/psol-pede-explicacoes-ao-ministerio-da-justica-sobre-oficio-em-que-pf-elogia-ramagem\/","name":"PSOL pede explica\u00e7\u00f5es ao Minist\u00e9rio da Justi\u00e7a sobre of\u00edcio em que PF elogia Ramagem","isPartOf":{"@id":"https:\/\/psol50.org.br\/#website"},"primaryImageOfPage":{"@id":"https:\/\/psol50.org.br\/psol-pede-explicacoes-ao-ministerio-da-justica-sobre-oficio-em-que-pf-elogia-ramagem\/#primaryimage"},"image":{"@id":"https:\/\/psol50.org.br\/psol-pede-explicacoes-ao-ministerio-da-justica-sobre-oficio-em-que-pf-elogia-ramagem\/#primaryimage"},"thumbnailUrl":"https:\/\/psol50.org.br\/inc\/uploads\/2020\/05\/bolsonaro-alexandre-ramagem-carolina-antunes-pr-960x540-1.jpg","datePublished":"2020-05-13T13:35:43+00:00","description":"Documento elaborado por delegados pr\u00f3ximos a Ramagem contestou a decis\u00e3o do Supremo e tratou como normal a rela\u00e7\u00e3o entre o policial e a fam\u00edlia Bolsonaro.","breadcrumb":{"@id":"https:\/\/psol50.org.br\/psol-pede-explicacoes-ao-ministerio-da-justica-sobre-oficio-em-que-pf-elogia-ramagem\/#breadcrumb"},"inLanguage":"pt-BR","potentialAction":[{"@type":"ReadAction","target":["https:\/\/psol50.org.br\/psol-pede-explicacoes-ao-ministerio-da-justica-sobre-oficio-em-que-pf-elogia-ramagem\/"]}]},{"@type":"ImageObject","inLanguage":"pt-BR","@id":"https:\/\/psol50.org.br\/psol-pede-explicacoes-ao-ministerio-da-justica-sobre-oficio-em-que-pf-elogia-ramagem\/#primaryimage","url":"https:\/\/psol50.org.br\/inc\/uploads\/2020\/05\/bolsonaro-alexandre-ramagem-carolina-antunes-pr-960x540-1.jpg","contentUrl":"https:\/\/psol50.org.br\/inc\/uploads\/2020\/05\/bolsonaro-alexandre-ramagem-carolina-antunes-pr-960x540-1.jpg","width":960,"height":540,"caption":"Foto: Carolina Antunes\/PR"},{"@type":"BreadcrumbList","@id":"https:\/\/psol50.org.br\/psol-pede-explicacoes-ao-ministerio-da-justica-sobre-oficio-em-que-pf-elogia-ramagem\/#breadcrumb","itemListElement":[{"@type":"ListItem","position":1,"name":"In\u00edcio","item":"https:\/\/psol50.org.br\/"},{"@type":"ListItem","position":2,"name":"PSOL pede explica\u00e7\u00f5es ao Minist\u00e9rio da Justi\u00e7a sobre of\u00edcio em que PF elogia Ramagem"}]},{"@type":"WebSite","@id":"https:\/\/psol50.org.br\/#website","url":"https:\/\/psol50.org.br\/","name":"PSOL 50","description":"Site oficial do Partido Socialismo e Liberdade","publisher":{"@id":"https:\/\/psol50.org.br\/#organization"},"alternateName":"PSOL50","potentialAction":[{"@type":"SearchAction","target":{"@type":"EntryPoint","urlTemplate":"https:\/\/psol50.org.br\/?s={search_term_string}"},"query-input":{"@type":"PropertyValueSpecification","valueRequired":true,"valueName":"search_term_string"}}],"inLanguage":"pt-BR"},{"@type":"Organization","@id":"https:\/\/psol50.org.br\/#organization","name":"PSOL 50","alternateName":"PSOL 50","url":"https:\/\/psol50.org.br\/","logo":{"@type":"ImageObject","inLanguage":"pt-BR","@id":"https:\/\/psol50.org.br\/#\/schema\/logo\/image\/","url":"https:\/\/psol50.org.br\/inc\/uploads\/2018\/07\/capa.png","contentUrl":"https:\/\/psol50.org.br\/inc\/uploads\/2018\/07\/capa.png","width":1350,"height":900,"caption":"PSOL 50"},"image":{"@id":"https:\/\/psol50.org.br\/#\/schema\/logo\/image\/"},"sameAs":["https:\/\/www.facebook.com\/psol50","https:\/\/x.com\/psol50","https:\/\/www.instagram.com\/psol50\/","https:\/\/www.youtube.com\/channel\/UC7SnJS5o1os7a6CaiNabzcg"]},{"@type":"Person","@id":"https:\/\/psol50.org.br\/#\/schema\/person\/475dfa57d0b815993c714c2e96491fcd","name":"Comunica\u00e7\u00e3o PSOL","image":{"@type":"ImageObject","inLanguage":"pt-BR","@id":"https:\/\/psol50.org.br\/#\/schema\/person\/image\/","url":"https:\/\/secure.gravatar.com\/avatar\/b34fc4f4e468a4e51785917065a3db57b841f5c95dba6ad8c73aaf8f66f8f9bf?s=96&d=mm&r=g","contentUrl":"https:\/\/secure.gravatar.com\/avatar\/b34fc4f4e468a4e51785917065a3db57b841f5c95dba6ad8c73aaf8f66f8f9bf?s=96&d=mm&r=g","caption":"Comunica\u00e7\u00e3o PSOL"}}]}},"_links":{"self":[{"href":"https:\/\/psol50.org.br\/rest\/wp\/v2\/posts\/28824","targetHints":{"allow":["GET"]}}],"collection":[{"href":"https:\/\/psol50.org.br\/rest\/wp\/v2\/posts"}],"about":[{"href":"https:\/\/psol50.org.br\/rest\/wp\/v2\/types\/post"}],"author":[{"embeddable":true,"href":"https:\/\/psol50.org.br\/rest\/wp\/v2\/users\/2"}],"replies":[{"embeddable":true,"href":"https:\/\/psol50.org.br\/rest\/wp\/v2\/comments?post=28824"}],"version-history":[{"count":0,"href":"https:\/\/psol50.org.br\/rest\/wp\/v2\/posts\/28824\/revisions"}],"wp:featuredmedia":[{"embeddable":true,"href":"https:\/\/psol50.org.br\/rest\/wp\/v2\/media\/28826"}],"wp:attachment":[{"href":"https:\/\/psol50.org.br\/rest\/wp\/v2\/media?parent=28824"}],"wp:term":[{"taxonomy":"category","embeddable":true,"href":"https:\/\/psol50.org.br\/rest\/wp\/v2\/categories?post=28824"},{"taxonomy":"post_tag","embeddable":true,"href":"https:\/\/psol50.org.br\/rest\/wp\/v2\/tags?post=28824"}],"curies":[{"name":"wp","href":"https:\/\/api.w.org\/{rel}","templated":true}]}}