{"id":28878,"date":"2020-05-14T10:43:27","date_gmt":"2020-05-14T13:43:27","guid":{"rendered":"https:\/\/psol50.org.br\/?p=28878"},"modified":"2020-05-14T10:43:27","modified_gmt":"2020-05-14T13:43:27","slug":"psol-pede-a-pgr-que-armas-de-milicia-bolsonarista-acampada-em-brasilia-sejam-apreendidas","status":"publish","type":"post","link":"https:\/\/psol50.org.br\/psol-pede-a-pgr-que-armas-de-milicia-bolsonarista-acampada-em-brasilia-sejam-apreendidas\/","title":{"rendered":"PSOL pede \u00e0 PGR que armas de mil\u00edcia bolsonarista acampada em Bras\u00edlia sejam apreendidas"},"content":{"rendered":"<p><a href=\"http:\/\/psol50.org.br\/coronavirus\" target=\"_blank\" rel=\"noopener noreferrer\"><img loading=\"lazy\" decoding=\"async\" class=\"alignnone size-full wp-image-27838\" src=\"https:\/\/psol50.org.br\/inc\/uploads\/2020\/03\/Banner-Site_3.png\" alt=\"\" width=\"1240\" height=\"331\" srcset=\"https:\/\/psol50.org.br\/inc\/uploads\/2020\/03\/Banner-Site_3.png 1240w, https:\/\/psol50.org.br\/inc\/uploads\/2020\/03\/Banner-Site_3-300x80.png 300w, https:\/\/psol50.org.br\/inc\/uploads\/2020\/03\/Banner-Site_3-1024x273.png 1024w, https:\/\/psol50.org.br\/inc\/uploads\/2020\/03\/Banner-Site_3-768x205.png 768w, https:\/\/psol50.org.br\/inc\/uploads\/2020\/03\/Banner-Site_3-150x40.png 150w, https:\/\/psol50.org.br\/inc\/uploads\/2020\/03\/Banner-Site_3-696x186.png 696w, https:\/\/psol50.org.br\/inc\/uploads\/2020\/03\/Banner-Site_3-1068x285.png 1068w\" sizes=\"auto, (max-width: 1240px) 100vw, 1240px\" \/><\/a><\/p>\n<p>O deputado federal Ivan Valente pediu formalmente, na \u00faltima quarta-feira (13), ao procurador-geral da Rep\u00fablica, Augusto Aras, medidas para apreender as armas de integrantes do acampamento bolsonarista que se autodenomina &#8220;Os 300 do Brasil&#8221; e que protesta contra o STF e o Congresso, em Bras\u00edlia.<\/p>\n<p>O pedido se baseia em declara\u00e7\u00f5es de Sara Geromini, conhecido como Sara Winter, de que integrantes do grupo estariam armados. Ivan Valente tamb\u00e9m solicita que a PGR tamb\u00e9m tome uma &#8220;a\u00e7\u00e3o imediata&#8221; para remover o acampamento e punir por poss\u00edvel porte ilegal de armas.<\/p>\n<p>&#8220;Diante do hist\u00f3rico de agressividade e fanatismo dos membros do acampamento, resta evidente que os membros do Poder Legislativo, do Judici\u00e1rio, jornalistas e qualquer militante que divirja do Presidente da Rep\u00fablica Jair Bolsonaro s\u00e3o alvo em potencial&#8221;, afirmou o parlamentar.<\/p>\n<p>O Minist\u00e9rio P\u00fablico\u00a0do Distrito Federal e Territ\u00f3rios (MPDFT) apresentou tamb\u00e9m no mesmo dia uma a\u00e7\u00e3o civil p\u00fablica em que pede, em car\u00e1ter de urg\u00eancia, o fim do acampamento bolsonarista, al\u00e9m de uma revista de seus integrantes para verificar se h\u00e1 armas de fogo com os manifestantes e a busca e apreens\u00e3o de armas em situa\u00e7\u00e3o irregular. Os procuradores definem o grupo como &#8220;mil\u00edcia armada&#8221;.<\/p>\n","protected":false},"excerpt":{"rendered":"<p>O deputado federal Ivan Valente pediu formalmente, na \u00faltima quarta-feira (13), ao procurador-geral da Rep\u00fablica, Augusto Aras, medidas para apreender as armas de integrantes do acampamento bolsonarista que se autodenomina &#8220;Os 300 do Brasil&#8221; e que protesta contra o STF e o Congresso, em Bras\u00edlia. O pedido se baseia em declara\u00e7\u00f5es de Sara Geromini, conhecido [&hellip;]<\/p>\n","protected":false},"author":2,"featured_media":28880,"comment_status":"closed","ping_status":"open","sticky":false,"template":"","format":"standard","meta":{"_acf_changed":false,"footnotes":""},"categories":[10,6],"tags":[634,635,182,616,176,77,22,636],"class_list":{"0":"post-28878","1":"post","2":"type-post","3":"status-publish","4":"format-standard","5":"has-post-thumbnail","7":"category-acao-parlamentares","8":"category-noticias","9":"tag-300-do-brasil","10":"tag-acampamento","11":"tag-armas","12":"tag-brasilia","13":"tag-milicia","14":"tag-pgr","15":"tag-psol","16":"tag-sara-winter"},"acf":[],"yoast_head":"<!-- This site is optimized with the Yoast SEO plugin v26.5 - https:\/\/yoast.com\/wordpress\/plugins\/seo\/ -->\n<title>PSOL pede \u00e0 PGR que armas de mil\u00edcia bolsonarista acampada em Bras\u00edlia sejam apreendidas<\/title>\n<meta name=\"description\" content=\"Ivan Valente tamb\u00e9m solicita que a PGR tamb\u00e9m tome uma &quot;a\u00e7\u00e3o imediata&quot; para remover o acampamento e punir por poss\u00edvel porte ilegal de armas.\" \/>\n<meta name=\"robots\" content=\"index, follow, max-snippet:-1, max-image-preview:large, max-video-preview:-1\" \/>\n<link rel=\"canonical\" href=\"https:\/\/psol50.org.br\/psol-pede-a-pgr-que-armas-de-milicia-bolsonarista-acampada-em-brasilia-sejam-apreendidas\/\" \/>\n<meta property=\"og:locale\" content=\"pt_BR\" \/>\n<meta property=\"og:type\" content=\"article\" \/>\n<meta property=\"og:title\" content=\"PSOL pede \u00e0 PGR que armas de mil\u00edcia bolsonarista acampada em Bras\u00edlia sejam apreendidas\" \/>\n<meta property=\"og:description\" content=\"Ivan Valente tamb\u00e9m solicita que a PGR tamb\u00e9m tome uma &quot;a\u00e7\u00e3o imediata&quot; para remover o acampamento e punir por poss\u00edvel porte ilegal de armas.\" \/>\n<meta property=\"og:url\" content=\"https:\/\/psol50.org.br\/psol-pede-a-pgr-que-armas-de-milicia-bolsonarista-acampada-em-brasilia-sejam-apreendidas\/\" \/>\n<meta property=\"og:site_name\" content=\"PSOL 50\" \/>\n<meta property=\"article:publisher\" content=\"https:\/\/www.facebook.com\/psol50\" \/>\n<meta property=\"article:published_time\" content=\"2020-05-14T13:43:27+00:00\" \/>\n<meta property=\"og:image\" content=\"https:\/\/psol50.org.br\/inc\/uploads\/2020\/05\/2020.05.08-Acampamento-dos-300-coxinhas-pro-Bolsonaro-1024x585-1.jpg\" \/>\n\t<meta property=\"og:image:width\" content=\"1024\" \/>\n\t<meta property=\"og:image:height\" content=\"585\" \/>\n\t<meta property=\"og:image:type\" content=\"image\/jpeg\" \/>\n<meta name=\"author\" content=\"Comunica\u00e7\u00e3o PSOL\" \/>\n<meta name=\"twitter:card\" content=\"summary_large_image\" \/>\n<meta name=\"twitter:title\" content=\"PSOL pede \u00e0 PGR que armas de mil\u00edcia bolsonarista acampada em Bras\u00edlia sejam apreendidas\" \/>\n<meta name=\"twitter:description\" content=\"Ivan Valente tamb\u00e9m solicita que a PGR tamb\u00e9m tome uma &quot;a\u00e7\u00e3o imediata&quot; para remover o acampamento e punir por poss\u00edvel porte ilegal de armas.\" \/>\n<meta name=\"twitter:image\" content=\"https:\/\/psol50.org.br\/inc\/uploads\/2020\/05\/2020.05.08-Acampamento-dos-300-coxinhas-pro-Bolsonaro-1024x585-1.jpg\" \/>\n<meta name=\"twitter:creator\" content=\"@psol50\" \/>\n<meta name=\"twitter:site\" content=\"@psol50\" \/>\n<meta name=\"twitter:label1\" content=\"Escrito por\" \/>\n\t<meta name=\"twitter:data1\" content=\"Comunica\u00e7\u00e3o PSOL\" \/>\n\t<meta name=\"twitter:label2\" content=\"Est. tempo de leitura\" \/>\n\t<meta name=\"twitter:data2\" content=\"1 minuto\" \/>\n<script type=\"application\/ld+json\" class=\"yoast-schema-graph\">{\"@context\":\"https:\/\/schema.org\",\"@graph\":[{\"@type\":\"Article\",\"@id\":\"https:\/\/psol50.org.br\/psol-pede-a-pgr-que-armas-de-milicia-bolsonarista-acampada-em-brasilia-sejam-apreendidas\/#article\",\"isPartOf\":{\"@id\":\"https:\/\/psol50.org.br\/psol-pede-a-pgr-que-armas-de-milicia-bolsonarista-acampada-em-brasilia-sejam-apreendidas\/\"},\"author\":{\"name\":\"Comunica\u00e7\u00e3o PSOL\",\"@id\":\"https:\/\/psol50.org.br\/#\/schema\/person\/475dfa57d0b815993c714c2e96491fcd\"},\"headline\":\"PSOL pede \u00e0 PGR que armas de mil\u00edcia bolsonarista acampada em Bras\u00edlia sejam apreendidas\",\"datePublished\":\"2020-05-14T13:43:27+00:00\",\"mainEntityOfPage\":{\"@id\":\"https:\/\/psol50.org.br\/psol-pede-a-pgr-que-armas-de-milicia-bolsonarista-acampada-em-brasilia-sejam-apreendidas\/\"},\"wordCount\":230,\"publisher\":{\"@id\":\"https:\/\/psol50.org.br\/#organization\"},\"image\":{\"@id\":\"https:\/\/psol50.org.br\/psol-pede-a-pgr-que-armas-de-milicia-bolsonarista-acampada-em-brasilia-sejam-apreendidas\/#primaryimage\"},\"thumbnailUrl\":\"https:\/\/psol50.org.br\/inc\/uploads\/2020\/05\/2020.05.08-Acampamento-dos-300-coxinhas-pro-Bolsonaro-1024x585-1.jpg\",\"keywords\":[\"300 do brasil\",\"acampamento\",\"armas\",\"Bras\u00edlia\",\"mil\u00edcia\",\"PGR\",\"PSOL\",\"sara winter\"],\"articleSection\":[\"A\u00e7\u00e3o Parlamentar\",\"Not\u00edcias\"],\"inLanguage\":\"pt-BR\"},{\"@type\":\"WebPage\",\"@id\":\"https:\/\/psol50.org.br\/psol-pede-a-pgr-que-armas-de-milicia-bolsonarista-acampada-em-brasilia-sejam-apreendidas\/\",\"url\":\"https:\/\/psol50.org.br\/psol-pede-a-pgr-que-armas-de-milicia-bolsonarista-acampada-em-brasilia-sejam-apreendidas\/\",\"name\":\"PSOL pede \u00e0 PGR que armas de mil\u00edcia bolsonarista acampada em Bras\u00edlia sejam apreendidas\",\"isPartOf\":{\"@id\":\"https:\/\/psol50.org.br\/#website\"},\"primaryImageOfPage\":{\"@id\":\"https:\/\/psol50.org.br\/psol-pede-a-pgr-que-armas-de-milicia-bolsonarista-acampada-em-brasilia-sejam-apreendidas\/#primaryimage\"},\"image\":{\"@id\":\"https:\/\/psol50.org.br\/psol-pede-a-pgr-que-armas-de-milicia-bolsonarista-acampada-em-brasilia-sejam-apreendidas\/#primaryimage\"},\"thumbnailUrl\":\"https:\/\/psol50.org.br\/inc\/uploads\/2020\/05\/2020.05.08-Acampamento-dos-300-coxinhas-pro-Bolsonaro-1024x585-1.jpg\",\"datePublished\":\"2020-05-14T13:43:27+00:00\",\"description\":\"Ivan Valente tamb\u00e9m solicita que a PGR tamb\u00e9m tome uma \\\"a\u00e7\u00e3o imediata\\\" para remover o acampamento e punir por poss\u00edvel porte ilegal de armas.\",\"breadcrumb\":{\"@id\":\"https:\/\/psol50.org.br\/psol-pede-a-pgr-que-armas-de-milicia-bolsonarista-acampada-em-brasilia-sejam-apreendidas\/#breadcrumb\"},\"inLanguage\":\"pt-BR\",\"potentialAction\":[{\"@type\":\"ReadAction\",\"target\":[\"https:\/\/psol50.org.br\/psol-pede-a-pgr-que-armas-de-milicia-bolsonarista-acampada-em-brasilia-sejam-apreendidas\/\"]}]},{\"@type\":\"ImageObject\",\"inLanguage\":\"pt-BR\",\"@id\":\"https:\/\/psol50.org.br\/psol-pede-a-pgr-que-armas-de-milicia-bolsonarista-acampada-em-brasilia-sejam-apreendidas\/#primaryimage\",\"url\":\"https:\/\/psol50.org.br\/inc\/uploads\/2020\/05\/2020.05.08-Acampamento-dos-300-coxinhas-pro-Bolsonaro-1024x585-1.jpg\",\"contentUrl\":\"https:\/\/psol50.org.br\/inc\/uploads\/2020\/05\/2020.05.08-Acampamento-dos-300-coxinhas-pro-Bolsonaro-1024x585-1.jpg\",\"width\":1024,\"height\":585},{\"@type\":\"BreadcrumbList\",\"@id\":\"https:\/\/psol50.org.br\/psol-pede-a-pgr-que-armas-de-milicia-bolsonarista-acampada-em-brasilia-sejam-apreendidas\/#breadcrumb\",\"itemListElement\":[{\"@type\":\"ListItem\",\"position\":1,\"name\":\"In\u00edcio\",\"item\":\"https:\/\/psol50.org.br\/\"},{\"@type\":\"ListItem\",\"position\":2,\"name\":\"PSOL pede \u00e0 PGR que armas de mil\u00edcia bolsonarista acampada em Bras\u00edlia sejam apreendidas\"}]},{\"@type\":\"WebSite\",\"@id\":\"https:\/\/psol50.org.br\/#website\",\"url\":\"https:\/\/psol50.org.br\/\",\"name\":\"PSOL 50\",\"description\":\"Site oficial do Partido Socialismo e Liberdade\",\"publisher\":{\"@id\":\"https:\/\/psol50.org.br\/#organization\"},\"alternateName\":\"PSOL50\",\"potentialAction\":[{\"@type\":\"SearchAction\",\"target\":{\"@type\":\"EntryPoint\",\"urlTemplate\":\"https:\/\/psol50.org.br\/?s={search_term_string}\"},\"query-input\":{\"@type\":\"PropertyValueSpecification\",\"valueRequired\":true,\"valueName\":\"search_term_string\"}}],\"inLanguage\":\"pt-BR\"},{\"@type\":\"Organization\",\"@id\":\"https:\/\/psol50.org.br\/#organization\",\"name\":\"PSOL 50\",\"alternateName\":\"PSOL 50\",\"url\":\"https:\/\/psol50.org.br\/\",\"logo\":{\"@type\":\"ImageObject\",\"inLanguage\":\"pt-BR\",\"@id\":\"https:\/\/psol50.org.br\/#\/schema\/logo\/image\/\",\"url\":\"https:\/\/psol50.org.br\/inc\/uploads\/2018\/07\/capa.png\",\"contentUrl\":\"https:\/\/psol50.org.br\/inc\/uploads\/2018\/07\/capa.png\",\"width\":1350,\"height\":900,\"caption\":\"PSOL 50\"},\"image\":{\"@id\":\"https:\/\/psol50.org.br\/#\/schema\/logo\/image\/\"},\"sameAs\":[\"https:\/\/www.facebook.com\/psol50\",\"https:\/\/x.com\/psol50\",\"https:\/\/www.instagram.com\/psol50\/\",\"https:\/\/www.youtube.com\/channel\/UC7SnJS5o1os7a6CaiNabzcg\"]},{\"@type\":\"Person\",\"@id\":\"https:\/\/psol50.org.br\/#\/schema\/person\/475dfa57d0b815993c714c2e96491fcd\",\"name\":\"Comunica\u00e7\u00e3o PSOL\",\"image\":{\"@type\":\"ImageObject\",\"inLanguage\":\"pt-BR\",\"@id\":\"https:\/\/psol50.org.br\/#\/schema\/person\/image\/\",\"url\":\"https:\/\/secure.gravatar.com\/avatar\/b34fc4f4e468a4e51785917065a3db57b841f5c95dba6ad8c73aaf8f66f8f9bf?s=96&d=mm&r=g\",\"contentUrl\":\"https:\/\/secure.gravatar.com\/avatar\/b34fc4f4e468a4e51785917065a3db57b841f5c95dba6ad8c73aaf8f66f8f9bf?s=96&d=mm&r=g\",\"caption\":\"Comunica\u00e7\u00e3o PSOL\"}}]}<\/script>\n<!-- \/ Yoast SEO plugin. -->","yoast_head_json":{"title":"PSOL pede \u00e0 PGR que armas de mil\u00edcia bolsonarista acampada em Bras\u00edlia sejam apreendidas","description":"Ivan Valente tamb\u00e9m solicita que a PGR tamb\u00e9m tome uma \"a\u00e7\u00e3o imediata\" para remover o acampamento e punir por poss\u00edvel porte ilegal de armas.","robots":{"index":"index","follow":"follow","max-snippet":"max-snippet:-1","max-image-preview":"max-image-preview:large","max-video-preview":"max-video-preview:-1"},"canonical":"https:\/\/psol50.org.br\/psol-pede-a-pgr-que-armas-de-milicia-bolsonarista-acampada-em-brasilia-sejam-apreendidas\/","og_locale":"pt_BR","og_type":"article","og_title":"PSOL pede \u00e0 PGR que armas de mil\u00edcia bolsonarista acampada em Bras\u00edlia sejam apreendidas","og_description":"Ivan Valente tamb\u00e9m solicita que a PGR tamb\u00e9m tome uma \"a\u00e7\u00e3o imediata\" para remover o acampamento e punir por poss\u00edvel porte ilegal de armas.","og_url":"https:\/\/psol50.org.br\/psol-pede-a-pgr-que-armas-de-milicia-bolsonarista-acampada-em-brasilia-sejam-apreendidas\/","og_site_name":"PSOL 50","article_publisher":"https:\/\/www.facebook.com\/psol50","article_published_time":"2020-05-14T13:43:27+00:00","og_image":[{"width":1024,"height":585,"url":"https:\/\/psol50.org.br\/inc\/uploads\/2020\/05\/2020.05.08-Acampamento-dos-300-coxinhas-pro-Bolsonaro-1024x585-1.jpg","type":"image\/jpeg"}],"author":"Comunica\u00e7\u00e3o PSOL","twitter_card":"summary_large_image","twitter_title":"PSOL pede \u00e0 PGR que armas de mil\u00edcia bolsonarista acampada em Bras\u00edlia sejam apreendidas","twitter_description":"Ivan Valente tamb\u00e9m solicita que a PGR tamb\u00e9m tome uma \"a\u00e7\u00e3o imediata\" para remover o acampamento e punir por poss\u00edvel porte ilegal de armas.","twitter_image":"https:\/\/psol50.org.br\/inc\/uploads\/2020\/05\/2020.05.08-Acampamento-dos-300-coxinhas-pro-Bolsonaro-1024x585-1.jpg","twitter_creator":"@psol50","twitter_site":"@psol50","twitter_misc":{"Escrito por":"Comunica\u00e7\u00e3o PSOL","Est. tempo de leitura":"1 minuto"},"schema":{"@context":"https:\/\/schema.org","@graph":[{"@type":"Article","@id":"https:\/\/psol50.org.br\/psol-pede-a-pgr-que-armas-de-milicia-bolsonarista-acampada-em-brasilia-sejam-apreendidas\/#article","isPartOf":{"@id":"https:\/\/psol50.org.br\/psol-pede-a-pgr-que-armas-de-milicia-bolsonarista-acampada-em-brasilia-sejam-apreendidas\/"},"author":{"name":"Comunica\u00e7\u00e3o PSOL","@id":"https:\/\/psol50.org.br\/#\/schema\/person\/475dfa57d0b815993c714c2e96491fcd"},"headline":"PSOL pede \u00e0 PGR que armas de mil\u00edcia bolsonarista acampada em Bras\u00edlia sejam apreendidas","datePublished":"2020-05-14T13:43:27+00:00","mainEntityOfPage":{"@id":"https:\/\/psol50.org.br\/psol-pede-a-pgr-que-armas-de-milicia-bolsonarista-acampada-em-brasilia-sejam-apreendidas\/"},"wordCount":230,"publisher":{"@id":"https:\/\/psol50.org.br\/#organization"},"image":{"@id":"https:\/\/psol50.org.br\/psol-pede-a-pgr-que-armas-de-milicia-bolsonarista-acampada-em-brasilia-sejam-apreendidas\/#primaryimage"},"thumbnailUrl":"https:\/\/psol50.org.br\/inc\/uploads\/2020\/05\/2020.05.08-Acampamento-dos-300-coxinhas-pro-Bolsonaro-1024x585-1.jpg","keywords":["300 do brasil","acampamento","armas","Bras\u00edlia","mil\u00edcia","PGR","PSOL","sara winter"],"articleSection":["A\u00e7\u00e3o Parlamentar","Not\u00edcias"],"inLanguage":"pt-BR"},{"@type":"WebPage","@id":"https:\/\/psol50.org.br\/psol-pede-a-pgr-que-armas-de-milicia-bolsonarista-acampada-em-brasilia-sejam-apreendidas\/","url":"https:\/\/psol50.org.br\/psol-pede-a-pgr-que-armas-de-milicia-bolsonarista-acampada-em-brasilia-sejam-apreendidas\/","name":"PSOL pede \u00e0 PGR que armas de mil\u00edcia bolsonarista acampada em Bras\u00edlia sejam apreendidas","isPartOf":{"@id":"https:\/\/psol50.org.br\/#website"},"primaryImageOfPage":{"@id":"https:\/\/psol50.org.br\/psol-pede-a-pgr-que-armas-de-milicia-bolsonarista-acampada-em-brasilia-sejam-apreendidas\/#primaryimage"},"image":{"@id":"https:\/\/psol50.org.br\/psol-pede-a-pgr-que-armas-de-milicia-bolsonarista-acampada-em-brasilia-sejam-apreendidas\/#primaryimage"},"thumbnailUrl":"https:\/\/psol50.org.br\/inc\/uploads\/2020\/05\/2020.05.08-Acampamento-dos-300-coxinhas-pro-Bolsonaro-1024x585-1.jpg","datePublished":"2020-05-14T13:43:27+00:00","description":"Ivan Valente tamb\u00e9m solicita que a PGR tamb\u00e9m tome uma \"a\u00e7\u00e3o imediata\" para remover o acampamento e punir por poss\u00edvel porte ilegal de armas.","breadcrumb":{"@id":"https:\/\/psol50.org.br\/psol-pede-a-pgr-que-armas-de-milicia-bolsonarista-acampada-em-brasilia-sejam-apreendidas\/#breadcrumb"},"inLanguage":"pt-BR","potentialAction":[{"@type":"ReadAction","target":["https:\/\/psol50.org.br\/psol-pede-a-pgr-que-armas-de-milicia-bolsonarista-acampada-em-brasilia-sejam-apreendidas\/"]}]},{"@type":"ImageObject","inLanguage":"pt-BR","@id":"https:\/\/psol50.org.br\/psol-pede-a-pgr-que-armas-de-milicia-bolsonarista-acampada-em-brasilia-sejam-apreendidas\/#primaryimage","url":"https:\/\/psol50.org.br\/inc\/uploads\/2020\/05\/2020.05.08-Acampamento-dos-300-coxinhas-pro-Bolsonaro-1024x585-1.jpg","contentUrl":"https:\/\/psol50.org.br\/inc\/uploads\/2020\/05\/2020.05.08-Acampamento-dos-300-coxinhas-pro-Bolsonaro-1024x585-1.jpg","width":1024,"height":585},{"@type":"BreadcrumbList","@id":"https:\/\/psol50.org.br\/psol-pede-a-pgr-que-armas-de-milicia-bolsonarista-acampada-em-brasilia-sejam-apreendidas\/#breadcrumb","itemListElement":[{"@type":"ListItem","position":1,"name":"In\u00edcio","item":"https:\/\/psol50.org.br\/"},{"@type":"ListItem","position":2,"name":"PSOL pede \u00e0 PGR que armas de mil\u00edcia bolsonarista acampada em Bras\u00edlia sejam apreendidas"}]},{"@type":"WebSite","@id":"https:\/\/psol50.org.br\/#website","url":"https:\/\/psol50.org.br\/","name":"PSOL 50","description":"Site oficial do Partido Socialismo e Liberdade","publisher":{"@id":"https:\/\/psol50.org.br\/#organization"},"alternateName":"PSOL50","potentialAction":[{"@type":"SearchAction","target":{"@type":"EntryPoint","urlTemplate":"https:\/\/psol50.org.br\/?s={search_term_string}"},"query-input":{"@type":"PropertyValueSpecification","valueRequired":true,"valueName":"search_term_string"}}],"inLanguage":"pt-BR"},{"@type":"Organization","@id":"https:\/\/psol50.org.br\/#organization","name":"PSOL 50","alternateName":"PSOL 50","url":"https:\/\/psol50.org.br\/","logo":{"@type":"ImageObject","inLanguage":"pt-BR","@id":"https:\/\/psol50.org.br\/#\/schema\/logo\/image\/","url":"https:\/\/psol50.org.br\/inc\/uploads\/2018\/07\/capa.png","contentUrl":"https:\/\/psol50.org.br\/inc\/uploads\/2018\/07\/capa.png","width":1350,"height":900,"caption":"PSOL 50"},"image":{"@id":"https:\/\/psol50.org.br\/#\/schema\/logo\/image\/"},"sameAs":["https:\/\/www.facebook.com\/psol50","https:\/\/x.com\/psol50","https:\/\/www.instagram.com\/psol50\/","https:\/\/www.youtube.com\/channel\/UC7SnJS5o1os7a6CaiNabzcg"]},{"@type":"Person","@id":"https:\/\/psol50.org.br\/#\/schema\/person\/475dfa57d0b815993c714c2e96491fcd","name":"Comunica\u00e7\u00e3o PSOL","image":{"@type":"ImageObject","inLanguage":"pt-BR","@id":"https:\/\/psol50.org.br\/#\/schema\/person\/image\/","url":"https:\/\/secure.gravatar.com\/avatar\/b34fc4f4e468a4e51785917065a3db57b841f5c95dba6ad8c73aaf8f66f8f9bf?s=96&d=mm&r=g","contentUrl":"https:\/\/secure.gravatar.com\/avatar\/b34fc4f4e468a4e51785917065a3db57b841f5c95dba6ad8c73aaf8f66f8f9bf?s=96&d=mm&r=g","caption":"Comunica\u00e7\u00e3o PSOL"}}]}},"_links":{"self":[{"href":"https:\/\/psol50.org.br\/rest\/wp\/v2\/posts\/28878","targetHints":{"allow":["GET"]}}],"collection":[{"href":"https:\/\/psol50.org.br\/rest\/wp\/v2\/posts"}],"about":[{"href":"https:\/\/psol50.org.br\/rest\/wp\/v2\/types\/post"}],"author":[{"embeddable":true,"href":"https:\/\/psol50.org.br\/rest\/wp\/v2\/users\/2"}],"replies":[{"embeddable":true,"href":"https:\/\/psol50.org.br\/rest\/wp\/v2\/comments?post=28878"}],"version-history":[{"count":0,"href":"https:\/\/psol50.org.br\/rest\/wp\/v2\/posts\/28878\/revisions"}],"wp:featuredmedia":[{"embeddable":true,"href":"https:\/\/psol50.org.br\/rest\/wp\/v2\/media\/28880"}],"wp:attachment":[{"href":"https:\/\/psol50.org.br\/rest\/wp\/v2\/media?parent=28878"}],"wp:term":[{"taxonomy":"category","embeddable":true,"href":"https:\/\/psol50.org.br\/rest\/wp\/v2\/categories?post=28878"},{"taxonomy":"post_tag","embeddable":true,"href":"https:\/\/psol50.org.br\/rest\/wp\/v2\/tags?post=28878"}],"curies":[{"name":"wp","href":"https:\/\/api.w.org\/{rel}","templated":true}]}}