{"id":28884,"date":"2020-05-15T10:49:12","date_gmt":"2020-05-15T13:49:12","guid":{"rendered":"https:\/\/psol50.org.br\/?p=28884"},"modified":"2020-05-15T10:49:12","modified_gmt":"2020-05-15T13:49:12","slug":"psol-aciona-stf-para-derrubar-mp-de-bolsonaro-que-isenta-agentes-publicos-de-responsabilidade-por-erros-na-pandemia","status":"publish","type":"post","link":"https:\/\/psol50.org.br\/psol-aciona-stf-para-derrubar-mp-de-bolsonaro-que-isenta-agentes-publicos-de-responsabilidade-por-erros-na-pandemia\/","title":{"rendered":"PSOL aciona STF para derrubar MP de Bolsonaro que isenta agentes p\u00fablicos de responsabilidade por erros na pandemia"},"content":{"rendered":"<p><a href=\"http:\/\/psol50.org.br\/coronavirus\" target=\"_blank\" rel=\"noopener noreferrer\"><img loading=\"lazy\" decoding=\"async\" class=\"alignnone size-full wp-image-27838\" src=\"https:\/\/psol50.org.br\/inc\/uploads\/2020\/03\/Banner-Site_3.png\" alt=\"\" width=\"1240\" height=\"331\" srcset=\"https:\/\/psol50.org.br\/inc\/uploads\/2020\/03\/Banner-Site_3.png 1240w, https:\/\/psol50.org.br\/inc\/uploads\/2020\/03\/Banner-Site_3-300x80.png 300w, https:\/\/psol50.org.br\/inc\/uploads\/2020\/03\/Banner-Site_3-1024x273.png 1024w, https:\/\/psol50.org.br\/inc\/uploads\/2020\/03\/Banner-Site_3-768x205.png 768w, https:\/\/psol50.org.br\/inc\/uploads\/2020\/03\/Banner-Site_3-150x40.png 150w, https:\/\/psol50.org.br\/inc\/uploads\/2020\/03\/Banner-Site_3-696x186.png 696w, https:\/\/psol50.org.br\/inc\/uploads\/2020\/03\/Banner-Site_3-1068x285.png 1068w\" sizes=\"auto, (max-width: 1240px) 100vw, 1240px\" \/><\/a><\/p>\n<p>O PSOL entrou com uma A\u00e7\u00e3o Direta de Inconstitucionalidade (ADI) no Supremo Tribunal Federal (STF) nesta quinta-feira (14) para derrubar a Medida Provis\u00f3ria (MP) 966 do governo de Jair Bolsonaro, editada na \u00faltima madrugada, que protege agentes p\u00fablicos que negligenciarem a pandemia do novo coronav\u00edrus e revela uma esp\u00e9cie de auto salvo-conduto, j\u00e1 que a isen\u00e7\u00e3o vale tamb\u00e9m para a\u00e7\u00f5es e omiss\u00f5es contra efeitos econ\u00f4micos e sociais.<\/p>\n<p>A a\u00e7\u00e3o do partido pede tamb\u00e9m uma decis\u00e3o em car\u00e1ter liminar para suspender os efeitos da MP 966 at\u00e9 ela ser julgada pela corte.<\/p>\n<p>Al\u00e9m da a\u00e7\u00e3o no STF, o partido tamb\u00e9m enviou um <strong><a href=\"https:\/\/psol50.org.br\/inc\/uploads\/2020\/05\/Of\u00edcio-177-devolu\u00e7\u00e3o-MP-966.pdf\" target=\"_blank\" rel=\"noopener noreferrer\">of\u00edcio \u00e0 Mesa Diretora do Congresso Nacional<\/a><\/strong> solicitando a devolu\u00e7\u00e3o imediata da MP ao governo Bolsonaro pela evidente inconstitucionalidade da proposta.<\/p>\n<h6>A rea\u00e7\u00e3o dos parlamentares e figuras p\u00fablicas do PSOL \u00e0 absurda medida de Bolsonaro foi imediata:<\/h6>\n<blockquote class=\"twitter-tweet\" data-width=\"550\" data-dnt=\"true\">\n<p lang=\"pt\" dir=\"ltr\">A MP 966 de Bolsonaro \u00e9 criminosa e ditatorial. @julianopsol50 j\u00e1 anunciou que n\u00f3s do PSOL vamos entrar com uma a\u00e7\u00e3o no STF e no Congresso para derrubar essa medida escandalosa. <a href=\"https:\/\/t.co\/3s35Jb2Fch\">pic.twitter.com\/3s35Jb2Fch<\/a><\/p>\n<p>&mdash; PSOL 50 (@psol50) <a href=\"https:\/\/twitter.com\/psol50\/status\/1260963329947897858?ref_src=twsrc%5Etfw\">May 14, 2020<\/a><\/p><\/blockquote>\n<p><script async src=\"https:\/\/platform.twitter.com\/widgets.js\" charset=\"utf-8\"><\/script><\/p>\n<blockquote class=\"twitter-tweet\" data-width=\"550\" data-dnt=\"true\">\n<p lang=\"pt\" dir=\"ltr\">Bolsonaro est\u00e1 criando o excludente de ilicitude da corrup\u00e7\u00e3o com essa MP que livra de puni\u00e7\u00e3o agentes p\u00fablicos que prejudicarem o combate \u00e0 pandemia. A medida abre brechas para que envolvidos em compras superfaturadas de ventiladores, por exemplo, n\u00e3o sejam responsabilizados.<\/p>\n<p>&mdash; Marcelo Freixo (@MarceloFreixo) <a href=\"https:\/\/twitter.com\/MarceloFreixo\/status\/1261003087269036034?ref_src=twsrc%5Etfw\">May 14, 2020<\/a><\/p><\/blockquote>\n<p><script async src=\"https:\/\/platform.twitter.com\/widgets.js\" charset=\"utf-8\"><\/script><\/p>\n<blockquote class=\"twitter-tweet\" data-width=\"550\" data-dnt=\"true\">\n<p lang=\"pt\" dir=\"ltr\">Bolsonaro est\u00e1 legislando em causa pr\u00f3pria. Quer criar brecha para sua impunidade quando descumpre orienta\u00e7\u00f5es da OMS, propaga fake news e atenta contra a vida em tempo de pandemia. Essa MP 966 serve de salvo conduto para gestores corruptos. \u00c9 inconstitucional, imoral, ilegal!<\/p>\n<p>&mdash; Fernanda Melchionna (@fernandapsol) <a href=\"https:\/\/twitter.com\/fernandapsol\/status\/1260931985670672386?ref_src=twsrc%5Etfw\">May 14, 2020<\/a><\/p><\/blockquote>\n<p><script async src=\"https:\/\/platform.twitter.com\/widgets.js\" charset=\"utf-8\"><\/script><\/p>\n<blockquote class=\"twitter-tweet\" data-width=\"550\" data-dnt=\"true\">\n<p lang=\"pt\" dir=\"ltr\">Bolsonaro assinou uma medida provis\u00f3ria que impede que ele mesmo seja julgado por omiss\u00e3o no combate ao coronav\u00edrus. Governa em causa pr\u00f3pria. No meio da pandemia s\u00f3 pensa em proteger a si mesmo e sua fam\u00edlia. \u00c9 um tipo pequeno e mesquinho, que deixa o pa\u00eds \u00e0 pr\u00f3pria sorte.<\/p>\n<p>&mdash; Guilherme Boulos (@GuilhermeBoulos) <a href=\"https:\/\/twitter.com\/GuilhermeBoulos\/status\/1260953648961654784?ref_src=twsrc%5Etfw\">May 14, 2020<\/a><\/p><\/blockquote>\n<p><script async src=\"https:\/\/platform.twitter.com\/widgets.js\" charset=\"utf-8\"><\/script><\/p>\n<blockquote class=\"twitter-tweet\" data-width=\"550\" data-dnt=\"true\">\n<p lang=\"pt\" dir=\"ltr\">O PSOL est\u00e1 pedindo a devolu\u00e7\u00e3o da MP 966, com a qual Bolsonaro quer isentar agentes p\u00fablicos de suas responsabilidades b\u00e1sicas perante a crise do coronav\u00edrus. A medida \u00e9 inconstitucional e visa, sobretudo, proteger o pr\u00f3prio presidente e a sua conduta genocida.<\/p>\n<p>&mdash; S\u00e2mia Bomfim (@samiabomfim) <a href=\"https:\/\/twitter.com\/samiabomfim\/status\/1260955832931549186?ref_src=twsrc%5Etfw\">May 14, 2020<\/a><\/p><\/blockquote>\n<p><script async src=\"https:\/\/platform.twitter.com\/widgets.js\" charset=\"utf-8\"><\/script><\/p>\n<blockquote class=\"twitter-tweet\" data-width=\"550\" data-dnt=\"true\">\n<p lang=\"pt\" dir=\"ltr\">A escandalosa MP 966 serve para proteger Bolsonaro de seus v\u00e1rios crimes contra a sa\u00fade p\u00fablica durante a pandemia. Al\u00e9m de ridiculamente inconstitucional a MP revela a t\u00e1tica de guerra que o Planalto prepara para se manter no poder, com direito a golpes de morte na Constitui\u00e7\u00e3o.<\/p>\n<p>&mdash; Ivan Valente (@IvanValente) <a href=\"https:\/\/twitter.com\/IvanValente\/status\/1260937780814807042?ref_src=twsrc%5Etfw\">May 14, 2020<\/a><\/p><\/blockquote>\n<p><script async src=\"https:\/\/platform.twitter.com\/widgets.js\" charset=\"utf-8\"><\/script><\/p>\n<blockquote class=\"twitter-tweet\" data-width=\"550\" data-dnt=\"true\">\n<p lang=\"pt\" dir=\"ltr\">Mais uma medida provis\u00f3ria voltada aos interesses particulares de bolsonaro. Agora, a que anistia gestores p\u00fablicos por crimes na pandemia. Claramente inconstitucional. Entraremos com medida no STF para anular essa MP. bolsonaro ter\u00e1 de pagar pelo genoc\u00eddio que bem promovendo.<\/p>\n<p>&mdash; Edmilson Rodrigues (@EdmilsonPSOL) <a href=\"https:\/\/twitter.com\/EdmilsonPSOL\/status\/1260917588630147075?ref_src=twsrc%5Etfw\">May 14, 2020<\/a><\/p><\/blockquote>\n<p><script async src=\"https:\/\/platform.twitter.com\/widgets.js\" charset=\"utf-8\"><\/script><\/p>\n<blockquote class=\"twitter-tweet\" data-width=\"550\" data-dnt=\"true\">\n<p lang=\"pt\" dir=\"ltr\">A canalhice de Bolsonaro n\u00e3o encontra limites: enviou uma MP ao Congresso para isentar de culpa agentes p\u00fablicos que negligenciarem o combate ao coronav\u00edrus. Incluindo ele. Est\u00e1 legislando em causa pr\u00f3pria! N\u00f3s do PSOL vamos entrar com a\u00e7\u00e3o no STF para derrubar essa MP.<\/p>\n<p>&mdash; David Miranda (@davidmirandario) <a href=\"https:\/\/twitter.com\/davidmirandario\/status\/1260961698812477440?ref_src=twsrc%5Etfw\">May 14, 2020<\/a><\/p><\/blockquote>\n<p><script async src=\"https:\/\/platform.twitter.com\/widgets.js\" charset=\"utf-8\"><\/script><\/p>\n","protected":false},"excerpt":{"rendered":"<p>O PSOL entrou com uma A\u00e7\u00e3o Direta de Inconstitucionalidade (ADI) no Supremo Tribunal Federal (STF) nesta quinta-feira (14) para derrubar a Medida Provis\u00f3ria (MP) 966 do governo de Jair Bolsonaro, editada na \u00faltima madrugada, que protege agentes p\u00fablicos que negligenciarem a pandemia do novo coronav\u00edrus e revela uma esp\u00e9cie de auto salvo-conduto, j\u00e1 que a [&hellip;]<\/p>\n","protected":false},"author":2,"featured_media":28901,"comment_status":"closed","ping_status":"open","sticky":false,"template":"","format":"standard","meta":{"_acf_changed":false,"footnotes":""},"categories":[10,6],"tags":[56,171,371,673,674,22,366,45],"class_list":{"0":"post-28884","1":"post","2":"type-post","3":"status-publish","4":"format-standard","5":"has-post-thumbnail","7":"category-acao-parlamentares","8":"category-noticias","9":"tag-bolsonaro","10":"tag-coronavirus","11":"tag-covid-19","12":"tag-inconstitucional","13":"tag-mp-966","14":"tag-psol","15":"tag-psolcontraocoronavirus","16":"tag-stf"},"acf":[],"yoast_head":"<!-- This site is optimized with the Yoast SEO plugin v26.5 - https:\/\/yoast.com\/wordpress\/plugins\/seo\/ -->\n<title>PSOL aciona STF para derrubar MP de Bolsonaro que isenta agentes p\u00fablicos de responsabilidade por erros na pandemia<\/title>\n<meta name=\"description\" content=\"Partido tamb\u00e9m enviou um of\u00edcio \u00e0 Mesa Diretora do Congresso Nacional solicitando a devolu\u00e7\u00e3o imediata da MP.\" \/>\n<meta name=\"robots\" content=\"index, follow, max-snippet:-1, max-image-preview:large, max-video-preview:-1\" \/>\n<link rel=\"canonical\" href=\"https:\/\/psol50.org.br\/psol-aciona-stf-para-derrubar-mp-de-bolsonaro-que-isenta-agentes-publicos-de-responsabilidade-por-erros-na-pandemia\/\" \/>\n<meta property=\"og:locale\" content=\"pt_BR\" \/>\n<meta property=\"og:type\" content=\"article\" \/>\n<meta property=\"og:title\" content=\"PSOL aciona STF para derrubar MP de Bolsonaro que isenta agentes p\u00fablicos de responsabilidade por erros na pandemia\" \/>\n<meta property=\"og:description\" content=\"Partido tamb\u00e9m enviou um of\u00edcio \u00e0 Mesa Diretora do Congresso Nacional solicitando a devolu\u00e7\u00e3o imediata da MP.\" \/>\n<meta property=\"og:url\" content=\"https:\/\/psol50.org.br\/psol-aciona-stf-para-derrubar-mp-de-bolsonaro-que-isenta-agentes-publicos-de-responsabilidade-por-erros-na-pandemia\/\" \/>\n<meta property=\"og:site_name\" content=\"PSOL 50\" \/>\n<meta property=\"article:publisher\" content=\"https:\/\/www.facebook.com\/psol50\" \/>\n<meta property=\"article:published_time\" content=\"2020-05-15T13:49:12+00:00\" \/>\n<meta property=\"og:image\" content=\"https:\/\/psol50.org.br\/inc\/uploads\/2020\/05\/1_kxIIGpRzWloUW4boa_TVXw.jpeg\" \/>\n\t<meta property=\"og:image:width\" content=\"1920\" \/>\n\t<meta property=\"og:image:height\" content=\"1080\" \/>\n\t<meta property=\"og:image:type\" content=\"image\/jpeg\" \/>\n<meta name=\"author\" content=\"Comunica\u00e7\u00e3o PSOL\" \/>\n<meta name=\"twitter:card\" content=\"summary_large_image\" \/>\n<meta name=\"twitter:title\" content=\"PSOL aciona STF para derrubar MP de Bolsonaro que isenta agentes p\u00fablicos de responsabilidade por erros na pandemia\" \/>\n<meta name=\"twitter:description\" content=\"Partido tamb\u00e9m enviou um of\u00edcio \u00e0 Mesa Diretora do Congresso Nacional solicitando a devolu\u00e7\u00e3o imediata da MP.\" \/>\n<meta name=\"twitter:image\" content=\"https:\/\/psol50.org.br\/inc\/uploads\/2020\/05\/1_kxIIGpRzWloUW4boa_TVXw.jpeg\" \/>\n<meta name=\"twitter:creator\" content=\"@psol50\" \/>\n<meta name=\"twitter:site\" content=\"@psol50\" \/>\n<meta name=\"twitter:label1\" content=\"Escrito por\" \/>\n\t<meta name=\"twitter:data1\" content=\"Comunica\u00e7\u00e3o PSOL\" \/>\n\t<meta name=\"twitter:label2\" content=\"Est. tempo de leitura\" \/>\n\t<meta name=\"twitter:data2\" content=\"1 minuto\" \/>\n<script type=\"application\/ld+json\" class=\"yoast-schema-graph\">{\"@context\":\"https:\/\/schema.org\",\"@graph\":[{\"@type\":\"Article\",\"@id\":\"https:\/\/psol50.org.br\/psol-aciona-stf-para-derrubar-mp-de-bolsonaro-que-isenta-agentes-publicos-de-responsabilidade-por-erros-na-pandemia\/#article\",\"isPartOf\":{\"@id\":\"https:\/\/psol50.org.br\/psol-aciona-stf-para-derrubar-mp-de-bolsonaro-que-isenta-agentes-publicos-de-responsabilidade-por-erros-na-pandemia\/\"},\"author\":{\"name\":\"Comunica\u00e7\u00e3o PSOL\",\"@id\":\"https:\/\/psol50.org.br\/#\/schema\/person\/475dfa57d0b815993c714c2e96491fcd\"},\"headline\":\"PSOL aciona STF para derrubar MP de Bolsonaro que isenta agentes p\u00fablicos de responsabilidade por erros na pandemia\",\"datePublished\":\"2020-05-15T13:49:12+00:00\",\"mainEntityOfPage\":{\"@id\":\"https:\/\/psol50.org.br\/psol-aciona-stf-para-derrubar-mp-de-bolsonaro-que-isenta-agentes-publicos-de-responsabilidade-por-erros-na-pandemia\/\"},\"wordCount\":213,\"publisher\":{\"@id\":\"https:\/\/psol50.org.br\/#organization\"},\"image\":{\"@id\":\"https:\/\/psol50.org.br\/psol-aciona-stf-para-derrubar-mp-de-bolsonaro-que-isenta-agentes-publicos-de-responsabilidade-por-erros-na-pandemia\/#primaryimage\"},\"thumbnailUrl\":\"https:\/\/psol50.org.br\/inc\/uploads\/2020\/05\/1_kxIIGpRzWloUW4boa_TVXw.jpeg\",\"keywords\":[\"Bolsonaro\",\"coronav\u00edrus\",\"covid-19\",\"inconstitucional\",\"mp 966\",\"PSOL\",\"psolcontraocoronavirus\",\"STF\"],\"articleSection\":[\"A\u00e7\u00e3o Parlamentar\",\"Not\u00edcias\"],\"inLanguage\":\"pt-BR\"},{\"@type\":\"WebPage\",\"@id\":\"https:\/\/psol50.org.br\/psol-aciona-stf-para-derrubar-mp-de-bolsonaro-que-isenta-agentes-publicos-de-responsabilidade-por-erros-na-pandemia\/\",\"url\":\"https:\/\/psol50.org.br\/psol-aciona-stf-para-derrubar-mp-de-bolsonaro-que-isenta-agentes-publicos-de-responsabilidade-por-erros-na-pandemia\/\",\"name\":\"PSOL aciona STF para derrubar MP de Bolsonaro que isenta agentes p\u00fablicos de responsabilidade por erros na pandemia\",\"isPartOf\":{\"@id\":\"https:\/\/psol50.org.br\/#website\"},\"primaryImageOfPage\":{\"@id\":\"https:\/\/psol50.org.br\/psol-aciona-stf-para-derrubar-mp-de-bolsonaro-que-isenta-agentes-publicos-de-responsabilidade-por-erros-na-pandemia\/#primaryimage\"},\"image\":{\"@id\":\"https:\/\/psol50.org.br\/psol-aciona-stf-para-derrubar-mp-de-bolsonaro-que-isenta-agentes-publicos-de-responsabilidade-por-erros-na-pandemia\/#primaryimage\"},\"thumbnailUrl\":\"https:\/\/psol50.org.br\/inc\/uploads\/2020\/05\/1_kxIIGpRzWloUW4boa_TVXw.jpeg\",\"datePublished\":\"2020-05-15T13:49:12+00:00\",\"description\":\"Partido tamb\u00e9m enviou um of\u00edcio \u00e0 Mesa Diretora do Congresso Nacional solicitando a devolu\u00e7\u00e3o imediata da MP.\",\"breadcrumb\":{\"@id\":\"https:\/\/psol50.org.br\/psol-aciona-stf-para-derrubar-mp-de-bolsonaro-que-isenta-agentes-publicos-de-responsabilidade-por-erros-na-pandemia\/#breadcrumb\"},\"inLanguage\":\"pt-BR\",\"potentialAction\":[{\"@type\":\"ReadAction\",\"target\":[\"https:\/\/psol50.org.br\/psol-aciona-stf-para-derrubar-mp-de-bolsonaro-que-isenta-agentes-publicos-de-responsabilidade-por-erros-na-pandemia\/\"]}]},{\"@type\":\"ImageObject\",\"inLanguage\":\"pt-BR\",\"@id\":\"https:\/\/psol50.org.br\/psol-aciona-stf-para-derrubar-mp-de-bolsonaro-que-isenta-agentes-publicos-de-responsabilidade-por-erros-na-pandemia\/#primaryimage\",\"url\":\"https:\/\/psol50.org.br\/inc\/uploads\/2020\/05\/1_kxIIGpRzWloUW4boa_TVXw.jpeg\",\"contentUrl\":\"https:\/\/psol50.org.br\/inc\/uploads\/2020\/05\/1_kxIIGpRzWloUW4boa_TVXw.jpeg\",\"width\":1920,\"height\":1080},{\"@type\":\"BreadcrumbList\",\"@id\":\"https:\/\/psol50.org.br\/psol-aciona-stf-para-derrubar-mp-de-bolsonaro-que-isenta-agentes-publicos-de-responsabilidade-por-erros-na-pandemia\/#breadcrumb\",\"itemListElement\":[{\"@type\":\"ListItem\",\"position\":1,\"name\":\"In\u00edcio\",\"item\":\"https:\/\/psol50.org.br\/\"},{\"@type\":\"ListItem\",\"position\":2,\"name\":\"PSOL aciona STF para derrubar MP de Bolsonaro que isenta agentes p\u00fablicos de responsabilidade por erros na pandemia\"}]},{\"@type\":\"WebSite\",\"@id\":\"https:\/\/psol50.org.br\/#website\",\"url\":\"https:\/\/psol50.org.br\/\",\"name\":\"PSOL 50\",\"description\":\"Site oficial do Partido Socialismo e Liberdade\",\"publisher\":{\"@id\":\"https:\/\/psol50.org.br\/#organization\"},\"alternateName\":\"PSOL50\",\"potentialAction\":[{\"@type\":\"SearchAction\",\"target\":{\"@type\":\"EntryPoint\",\"urlTemplate\":\"https:\/\/psol50.org.br\/?s={search_term_string}\"},\"query-input\":{\"@type\":\"PropertyValueSpecification\",\"valueRequired\":true,\"valueName\":\"search_term_string\"}}],\"inLanguage\":\"pt-BR\"},{\"@type\":\"Organization\",\"@id\":\"https:\/\/psol50.org.br\/#organization\",\"name\":\"PSOL 50\",\"alternateName\":\"PSOL 50\",\"url\":\"https:\/\/psol50.org.br\/\",\"logo\":{\"@type\":\"ImageObject\",\"inLanguage\":\"pt-BR\",\"@id\":\"https:\/\/psol50.org.br\/#\/schema\/logo\/image\/\",\"url\":\"https:\/\/psol50.org.br\/inc\/uploads\/2018\/07\/capa.png\",\"contentUrl\":\"https:\/\/psol50.org.br\/inc\/uploads\/2018\/07\/capa.png\",\"width\":1350,\"height\":900,\"caption\":\"PSOL 50\"},\"image\":{\"@id\":\"https:\/\/psol50.org.br\/#\/schema\/logo\/image\/\"},\"sameAs\":[\"https:\/\/www.facebook.com\/psol50\",\"https:\/\/x.com\/psol50\",\"https:\/\/www.instagram.com\/psol50\/\",\"https:\/\/www.youtube.com\/channel\/UC7SnJS5o1os7a6CaiNabzcg\"]},{\"@type\":\"Person\",\"@id\":\"https:\/\/psol50.org.br\/#\/schema\/person\/475dfa57d0b815993c714c2e96491fcd\",\"name\":\"Comunica\u00e7\u00e3o PSOL\",\"image\":{\"@type\":\"ImageObject\",\"inLanguage\":\"pt-BR\",\"@id\":\"https:\/\/psol50.org.br\/#\/schema\/person\/image\/\",\"url\":\"https:\/\/secure.gravatar.com\/avatar\/b34fc4f4e468a4e51785917065a3db57b841f5c95dba6ad8c73aaf8f66f8f9bf?s=96&d=mm&r=g\",\"contentUrl\":\"https:\/\/secure.gravatar.com\/avatar\/b34fc4f4e468a4e51785917065a3db57b841f5c95dba6ad8c73aaf8f66f8f9bf?s=96&d=mm&r=g\",\"caption\":\"Comunica\u00e7\u00e3o PSOL\"}}]}<\/script>\n<!-- \/ Yoast SEO plugin. -->","yoast_head_json":{"title":"PSOL aciona STF para derrubar MP de Bolsonaro que isenta agentes p\u00fablicos de responsabilidade por erros na pandemia","description":"Partido tamb\u00e9m enviou um of\u00edcio \u00e0 Mesa Diretora do Congresso Nacional solicitando a devolu\u00e7\u00e3o imediata da MP.","robots":{"index":"index","follow":"follow","max-snippet":"max-snippet:-1","max-image-preview":"max-image-preview:large","max-video-preview":"max-video-preview:-1"},"canonical":"https:\/\/psol50.org.br\/psol-aciona-stf-para-derrubar-mp-de-bolsonaro-que-isenta-agentes-publicos-de-responsabilidade-por-erros-na-pandemia\/","og_locale":"pt_BR","og_type":"article","og_title":"PSOL aciona STF para derrubar MP de Bolsonaro que isenta agentes p\u00fablicos de responsabilidade por erros na pandemia","og_description":"Partido tamb\u00e9m enviou um of\u00edcio \u00e0 Mesa Diretora do Congresso Nacional solicitando a devolu\u00e7\u00e3o imediata da MP.","og_url":"https:\/\/psol50.org.br\/psol-aciona-stf-para-derrubar-mp-de-bolsonaro-que-isenta-agentes-publicos-de-responsabilidade-por-erros-na-pandemia\/","og_site_name":"PSOL 50","article_publisher":"https:\/\/www.facebook.com\/psol50","article_published_time":"2020-05-15T13:49:12+00:00","og_image":[{"width":1920,"height":1080,"url":"https:\/\/psol50.org.br\/inc\/uploads\/2020\/05\/1_kxIIGpRzWloUW4boa_TVXw.jpeg","type":"image\/jpeg"}],"author":"Comunica\u00e7\u00e3o PSOL","twitter_card":"summary_large_image","twitter_title":"PSOL aciona STF para derrubar MP de Bolsonaro que isenta agentes p\u00fablicos de responsabilidade por erros na pandemia","twitter_description":"Partido tamb\u00e9m enviou um of\u00edcio \u00e0 Mesa Diretora do Congresso Nacional solicitando a devolu\u00e7\u00e3o imediata da MP.","twitter_image":"https:\/\/psol50.org.br\/inc\/uploads\/2020\/05\/1_kxIIGpRzWloUW4boa_TVXw.jpeg","twitter_creator":"@psol50","twitter_site":"@psol50","twitter_misc":{"Escrito por":"Comunica\u00e7\u00e3o PSOL","Est. tempo de leitura":"1 minuto"},"schema":{"@context":"https:\/\/schema.org","@graph":[{"@type":"Article","@id":"https:\/\/psol50.org.br\/psol-aciona-stf-para-derrubar-mp-de-bolsonaro-que-isenta-agentes-publicos-de-responsabilidade-por-erros-na-pandemia\/#article","isPartOf":{"@id":"https:\/\/psol50.org.br\/psol-aciona-stf-para-derrubar-mp-de-bolsonaro-que-isenta-agentes-publicos-de-responsabilidade-por-erros-na-pandemia\/"},"author":{"name":"Comunica\u00e7\u00e3o PSOL","@id":"https:\/\/psol50.org.br\/#\/schema\/person\/475dfa57d0b815993c714c2e96491fcd"},"headline":"PSOL aciona STF para derrubar MP de Bolsonaro que isenta agentes p\u00fablicos de responsabilidade por erros na pandemia","datePublished":"2020-05-15T13:49:12+00:00","mainEntityOfPage":{"@id":"https:\/\/psol50.org.br\/psol-aciona-stf-para-derrubar-mp-de-bolsonaro-que-isenta-agentes-publicos-de-responsabilidade-por-erros-na-pandemia\/"},"wordCount":213,"publisher":{"@id":"https:\/\/psol50.org.br\/#organization"},"image":{"@id":"https:\/\/psol50.org.br\/psol-aciona-stf-para-derrubar-mp-de-bolsonaro-que-isenta-agentes-publicos-de-responsabilidade-por-erros-na-pandemia\/#primaryimage"},"thumbnailUrl":"https:\/\/psol50.org.br\/inc\/uploads\/2020\/05\/1_kxIIGpRzWloUW4boa_TVXw.jpeg","keywords":["Bolsonaro","coronav\u00edrus","covid-19","inconstitucional","mp 966","PSOL","psolcontraocoronavirus","STF"],"articleSection":["A\u00e7\u00e3o Parlamentar","Not\u00edcias"],"inLanguage":"pt-BR"},{"@type":"WebPage","@id":"https:\/\/psol50.org.br\/psol-aciona-stf-para-derrubar-mp-de-bolsonaro-que-isenta-agentes-publicos-de-responsabilidade-por-erros-na-pandemia\/","url":"https:\/\/psol50.org.br\/psol-aciona-stf-para-derrubar-mp-de-bolsonaro-que-isenta-agentes-publicos-de-responsabilidade-por-erros-na-pandemia\/","name":"PSOL aciona STF para derrubar MP de Bolsonaro que isenta agentes p\u00fablicos de responsabilidade por erros na pandemia","isPartOf":{"@id":"https:\/\/psol50.org.br\/#website"},"primaryImageOfPage":{"@id":"https:\/\/psol50.org.br\/psol-aciona-stf-para-derrubar-mp-de-bolsonaro-que-isenta-agentes-publicos-de-responsabilidade-por-erros-na-pandemia\/#primaryimage"},"image":{"@id":"https:\/\/psol50.org.br\/psol-aciona-stf-para-derrubar-mp-de-bolsonaro-que-isenta-agentes-publicos-de-responsabilidade-por-erros-na-pandemia\/#primaryimage"},"thumbnailUrl":"https:\/\/psol50.org.br\/inc\/uploads\/2020\/05\/1_kxIIGpRzWloUW4boa_TVXw.jpeg","datePublished":"2020-05-15T13:49:12+00:00","description":"Partido tamb\u00e9m enviou um of\u00edcio \u00e0 Mesa Diretora do Congresso Nacional solicitando a devolu\u00e7\u00e3o imediata da MP.","breadcrumb":{"@id":"https:\/\/psol50.org.br\/psol-aciona-stf-para-derrubar-mp-de-bolsonaro-que-isenta-agentes-publicos-de-responsabilidade-por-erros-na-pandemia\/#breadcrumb"},"inLanguage":"pt-BR","potentialAction":[{"@type":"ReadAction","target":["https:\/\/psol50.org.br\/psol-aciona-stf-para-derrubar-mp-de-bolsonaro-que-isenta-agentes-publicos-de-responsabilidade-por-erros-na-pandemia\/"]}]},{"@type":"ImageObject","inLanguage":"pt-BR","@id":"https:\/\/psol50.org.br\/psol-aciona-stf-para-derrubar-mp-de-bolsonaro-que-isenta-agentes-publicos-de-responsabilidade-por-erros-na-pandemia\/#primaryimage","url":"https:\/\/psol50.org.br\/inc\/uploads\/2020\/05\/1_kxIIGpRzWloUW4boa_TVXw.jpeg","contentUrl":"https:\/\/psol50.org.br\/inc\/uploads\/2020\/05\/1_kxIIGpRzWloUW4boa_TVXw.jpeg","width":1920,"height":1080},{"@type":"BreadcrumbList","@id":"https:\/\/psol50.org.br\/psol-aciona-stf-para-derrubar-mp-de-bolsonaro-que-isenta-agentes-publicos-de-responsabilidade-por-erros-na-pandemia\/#breadcrumb","itemListElement":[{"@type":"ListItem","position":1,"name":"In\u00edcio","item":"https:\/\/psol50.org.br\/"},{"@type":"ListItem","position":2,"name":"PSOL aciona STF para derrubar MP de Bolsonaro que isenta agentes p\u00fablicos de responsabilidade por erros na pandemia"}]},{"@type":"WebSite","@id":"https:\/\/psol50.org.br\/#website","url":"https:\/\/psol50.org.br\/","name":"PSOL 50","description":"Site oficial do Partido Socialismo e Liberdade","publisher":{"@id":"https:\/\/psol50.org.br\/#organization"},"alternateName":"PSOL50","potentialAction":[{"@type":"SearchAction","target":{"@type":"EntryPoint","urlTemplate":"https:\/\/psol50.org.br\/?s={search_term_string}"},"query-input":{"@type":"PropertyValueSpecification","valueRequired":true,"valueName":"search_term_string"}}],"inLanguage":"pt-BR"},{"@type":"Organization","@id":"https:\/\/psol50.org.br\/#organization","name":"PSOL 50","alternateName":"PSOL 50","url":"https:\/\/psol50.org.br\/","logo":{"@type":"ImageObject","inLanguage":"pt-BR","@id":"https:\/\/psol50.org.br\/#\/schema\/logo\/image\/","url":"https:\/\/psol50.org.br\/inc\/uploads\/2018\/07\/capa.png","contentUrl":"https:\/\/psol50.org.br\/inc\/uploads\/2018\/07\/capa.png","width":1350,"height":900,"caption":"PSOL 50"},"image":{"@id":"https:\/\/psol50.org.br\/#\/schema\/logo\/image\/"},"sameAs":["https:\/\/www.facebook.com\/psol50","https:\/\/x.com\/psol50","https:\/\/www.instagram.com\/psol50\/","https:\/\/www.youtube.com\/channel\/UC7SnJS5o1os7a6CaiNabzcg"]},{"@type":"Person","@id":"https:\/\/psol50.org.br\/#\/schema\/person\/475dfa57d0b815993c714c2e96491fcd","name":"Comunica\u00e7\u00e3o PSOL","image":{"@type":"ImageObject","inLanguage":"pt-BR","@id":"https:\/\/psol50.org.br\/#\/schema\/person\/image\/","url":"https:\/\/secure.gravatar.com\/avatar\/b34fc4f4e468a4e51785917065a3db57b841f5c95dba6ad8c73aaf8f66f8f9bf?s=96&d=mm&r=g","contentUrl":"https:\/\/secure.gravatar.com\/avatar\/b34fc4f4e468a4e51785917065a3db57b841f5c95dba6ad8c73aaf8f66f8f9bf?s=96&d=mm&r=g","caption":"Comunica\u00e7\u00e3o PSOL"}}]}},"_links":{"self":[{"href":"https:\/\/psol50.org.br\/rest\/wp\/v2\/posts\/28884","targetHints":{"allow":["GET"]}}],"collection":[{"href":"https:\/\/psol50.org.br\/rest\/wp\/v2\/posts"}],"about":[{"href":"https:\/\/psol50.org.br\/rest\/wp\/v2\/types\/post"}],"author":[{"embeddable":true,"href":"https:\/\/psol50.org.br\/rest\/wp\/v2\/users\/2"}],"replies":[{"embeddable":true,"href":"https:\/\/psol50.org.br\/rest\/wp\/v2\/comments?post=28884"}],"version-history":[{"count":0,"href":"https:\/\/psol50.org.br\/rest\/wp\/v2\/posts\/28884\/revisions"}],"wp:featuredmedia":[{"embeddable":true,"href":"https:\/\/psol50.org.br\/rest\/wp\/v2\/media\/28901"}],"wp:attachment":[{"href":"https:\/\/psol50.org.br\/rest\/wp\/v2\/media?parent=28884"}],"wp:term":[{"taxonomy":"category","embeddable":true,"href":"https:\/\/psol50.org.br\/rest\/wp\/v2\/categories?post=28884"},{"taxonomy":"post_tag","embeddable":true,"href":"https:\/\/psol50.org.br\/rest\/wp\/v2\/tags?post=28884"}],"curies":[{"name":"wp","href":"https:\/\/api.w.org\/{rel}","templated":true}]}}