{"id":2890,"date":"2014-08-01T00:00:00","date_gmt":"2014-08-01T17:22:52","guid":{"rendered":"http:\/\/psol50.org.br\/arquivo\/2014\/08\/01\/em-reuniao-com-associacao-de-policiais-luciana-genro-defende-mudancas-rumo-a-uma-policia-cidada\/"},"modified":"2014-08-01T00:00:00","modified_gmt":"2014-08-01T17:22:52","slug":"em-reuniao-com-associacao-de-policiais-luciana-genro-defende-mudancas-rumo-a-uma-policia-cidada","status":"publish","type":"post","link":"https:\/\/psol50.org.br\/em-reuniao-com-associacao-de-policiais-luciana-genro-defende-mudancas-rumo-a-uma-policia-cidada\/","title":{"rendered":"Em reuni\u00e3o com Associa\u00e7\u00e3o de policiais, Luciana Genro defende mudan\u00e7as rumo a uma \u201cpol\u00edcia cidad\u00e3\u201d"},"content":{"rendered":"<p style=\"text-align: justify;\">\n\t<span style=\"font-size:12px;\"><span style=\"font-family: arial,helvetica,sans-serif;\">Por <em>Reda\u00e7\u00e3o #Equipe50<\/em><\/p>\n<p>\tA candidata do PSOL \u00e0 Presid\u00eancia da Rep\u00fablica, Luciana Genro, foi a primeira presidenci\u00e1vel a reunir-se com os representantes da Associa\u00e7\u00e3o dos Pra\u00e7as de Santa Catarina, entidade dos a soldados e cabos da Pol\u00edcia Militar de Santa Catarina, em caf\u00e9 da manh\u00e3 nesta sexta-feira (31\/07), em Florian\u00f3polis. Durante o encontro, Luciana Genro, considerada a \u201cmadrinha dos pra\u00e7as\u201d apresentou um conjunto de propostas que dialogam com propostas da categoria, como a institui\u00e7\u00e3o do piso salarial nacional dos policiais, a desvincula\u00e7\u00e3o da pol\u00edcia das For\u00e7as Armadas e a implementa\u00e7\u00e3o da carreira \u00fanica.<\/p>\n<p>\tLuciana Genro foi recebida pelo presidente em exerc\u00edcio da APRASC, Pedro Paulo Boff Sobrinho, pelo presidente licenciado para concorrer a deputado estadual, soldado Lotin, pelo deputado estadual e candidato ao Senado pelo PSOL, Sargento Soares, fundador e ex-presidente da APRASC, pelos suplentes da chapa ao Senado, Marcos Neves e S\u00edlvio Mendes, pelo candidato a deputado federal, cabo Damiani, e pela candidata \u00e0 deputada estadual, cabo Adriana. O candidato a deputado estadual e servidor p\u00fablico da sa\u00fade, Pedro Paulo das Chagas, tamb\u00e9m esteve na reuni\u00e3o.<\/p>\n<p>\tPara a presidenci\u00e1vel do PSOL \u00e9 preciso romper o paradigma da viol\u00eancia e repress\u00e3o policial. \u201cQueremos construir uma pol\u00edcia cidad\u00e3, que respeite os direitos humanos da popula\u00e7\u00e3o e dos soldados, que muitas vezes s\u00e3o submetidos \u00e0 viol\u00eancia em seu treinamento\u201d, afirmou. \u201cFaremos isso em di\u00e1logo e parceria com os policiais, criando a carreira \u00fanica e instituindo o piso nacional salarial dos policiais\u201d, defendeu Luciana.<\/p>\n<p>\tA presidenci\u00e1vel recebeu a demanda do soldado Lotin, que defendeu a necessidade de se criar um uma lei federal para regulamentar a jornada de trabalho dos policiais e bombeiros e o fim da pris\u00e3o administrativa dos militares.<\/p>\n<p>\tMadrinha dos Pra\u00e7as<br \/>\n\tO presidente da APRASC, Pedro Paulo Sobrinho, manifestou a satisfa\u00e7\u00e3o da entidade de receber a candidata ao Pal\u00e1cio do Planalto. \u201cLuciana voc\u00ea \u00e9 a primeira candidata \u00e0 Presid\u00eancia a vir na sede da nossa entidade. Isso refor\u00e7a o seu compromisso com as nossas lutas e o seu t\u00edtulo de \u2018madrinha dos pra\u00e7as\u2019\u201d, saudou.<\/p>\n<p>\tO deputado estadual catarinense, Sargento Soares, seguiu no mesmo sentido do presidente da APRASC. \u201cEm todos os momentos sens\u00edveis para os pra\u00e7as, Luciana Genro esteve presente e apoiando a categoria\u201d, registrou o candidato ao Senado pelo PSOL.<\/p>\n<p>\tLuciana Genro recebeu o t\u00edtulo informal de \u201cmadrinha dos pra\u00e7as\u201d em encontro nacional da ANASPRA, a Associa\u00e7\u00e3o Nacional dos Pra\u00e7as, pela defesa da anistia aos policiais militares que realizaram movimento e greves em 2008, quando era deputada federal.<\/span><\/span><\/p>\n<p>&nbsp;<\/p>\n","protected":false},"excerpt":{"rendered":"<p>Por Reda\u00e7\u00e3o #Equipe50 A candidata do PSOL \u00e0 Presid\u00eancia da Rep\u00fablica, Luciana Genro, foi a primeira presidenci\u00e1vel a reunir-se com os representantes da Associa\u00e7\u00e3o dos Pra\u00e7as de Santa Catarina, entidade dos a soldados e cabos da Pol\u00edcia Militar de Santa Catarina, em caf\u00e9 da manh\u00e3 nesta sexta-feira (31\/07), em Florian\u00f3polis. Durante o encontro, Luciana Genro, [&hellip;]<\/p>\n","protected":false},"author":2,"featured_media":0,"comment_status":"open","ping_status":"open","sticky":false,"template":"","format":"standard","meta":{"_acf_changed":false,"footnotes":""},"categories":[4766,4960,6],"tags":[2506],"class_list":{"0":"post-2890","1":"post","2":"type-post","3":"status-publish","4":"format-standard","6":"category-arquivo","7":"category-eleicoes-2014","8":"category-noticias","9":"tag-eleicoes-2014"},"acf":[],"yoast_head":"<!-- This site is optimized with the Yoast SEO plugin v26.5 - https:\/\/yoast.com\/wordpress\/plugins\/seo\/ -->\n<title>Em reuni\u00e3o com Associa\u00e7\u00e3o de policiais, Luciana Genro defende mudan\u00e7as rumo a uma \u201cpol\u00edcia cidad\u00e3\u201d - PSOL 50<\/title>\n<meta name=\"robots\" content=\"index, follow, max-snippet:-1, max-image-preview:large, max-video-preview:-1\" \/>\n<link rel=\"canonical\" href=\"https:\/\/psol50.org.br\/em-reuniao-com-associacao-de-policiais-luciana-genro-defende-mudancas-rumo-a-uma-policia-cidada\/\" \/>\n<meta property=\"og:locale\" content=\"pt_BR\" \/>\n<meta property=\"og:type\" content=\"article\" \/>\n<meta property=\"og:title\" content=\"Em reuni\u00e3o com Associa\u00e7\u00e3o de policiais, Luciana Genro defende mudan\u00e7as rumo a uma \u201cpol\u00edcia cidad\u00e3\u201d - PSOL 50\" \/>\n<meta property=\"og:description\" content=\"Por Reda\u00e7\u00e3o #Equipe50 A candidata do PSOL \u00e0 Presid\u00eancia da Rep\u00fablica, Luciana Genro, foi a primeira presidenci\u00e1vel a reunir-se com os representantes da Associa\u00e7\u00e3o dos Pra\u00e7as de Santa Catarina, entidade dos a soldados e cabos da Pol\u00edcia Militar de Santa Catarina, em caf\u00e9 da manh\u00e3 nesta sexta-feira (31\/07), em Florian\u00f3polis. Durante o encontro, Luciana Genro, [&hellip;]\" \/>\n<meta property=\"og:url\" content=\"https:\/\/psol50.org.br\/em-reuniao-com-associacao-de-policiais-luciana-genro-defende-mudancas-rumo-a-uma-policia-cidada\/\" \/>\n<meta property=\"og:site_name\" content=\"PSOL 50\" \/>\n<meta property=\"article:publisher\" content=\"https:\/\/www.facebook.com\/psol50\" \/>\n<meta property=\"article:published_time\" content=\"2014-08-01T17:22:52+00:00\" \/>\n<meta property=\"og:image\" content=\"https:\/\/psol50.org.br\/inc\/uploads\/2018\/07\/capa.png\" \/>\n\t<meta property=\"og:image:width\" content=\"1350\" \/>\n\t<meta property=\"og:image:height\" content=\"900\" \/>\n\t<meta property=\"og:image:type\" content=\"image\/png\" \/>\n<meta name=\"author\" content=\"Comunica\u00e7\u00e3o PSOL\" \/>\n<meta name=\"twitter:card\" content=\"summary_large_image\" \/>\n<meta name=\"twitter:creator\" content=\"@psol50\" \/>\n<meta name=\"twitter:site\" content=\"@psol50\" \/>\n<meta name=\"twitter:label1\" content=\"Escrito por\" \/>\n\t<meta name=\"twitter:data1\" content=\"Comunica\u00e7\u00e3o PSOL\" \/>\n\t<meta name=\"twitter:label2\" content=\"Est. tempo de leitura\" \/>\n\t<meta name=\"twitter:data2\" content=\"2 minutos\" \/>\n<script type=\"application\/ld+json\" class=\"yoast-schema-graph\">{\"@context\":\"https:\/\/schema.org\",\"@graph\":[{\"@type\":\"Article\",\"@id\":\"https:\/\/psol50.org.br\/em-reuniao-com-associacao-de-policiais-luciana-genro-defende-mudancas-rumo-a-uma-policia-cidada\/#article\",\"isPartOf\":{\"@id\":\"https:\/\/psol50.org.br\/em-reuniao-com-associacao-de-policiais-luciana-genro-defende-mudancas-rumo-a-uma-policia-cidada\/\"},\"author\":{\"name\":\"Comunica\u00e7\u00e3o PSOL\",\"@id\":\"https:\/\/psol50.org.br\/#\/schema\/person\/475dfa57d0b815993c714c2e96491fcd\"},\"headline\":\"Em reuni\u00e3o com Associa\u00e7\u00e3o de policiais, Luciana Genro defende mudan\u00e7as rumo a uma \u201cpol\u00edcia cidad\u00e3\u201d\",\"datePublished\":\"2014-08-01T17:22:52+00:00\",\"mainEntityOfPage\":{\"@id\":\"https:\/\/psol50.org.br\/em-reuniao-com-associacao-de-policiais-luciana-genro-defende-mudancas-rumo-a-uma-policia-cidada\/\"},\"wordCount\":464,\"commentCount\":0,\"publisher\":{\"@id\":\"https:\/\/psol50.org.br\/#organization\"},\"keywords\":[\"elei\u00e7\u00f5es 2014\"],\"articleSection\":[\"Arquivo\",\"ELEI\u00c7\u00d5ES 2014\",\"Not\u00edcias\"],\"inLanguage\":\"pt-BR\",\"potentialAction\":[{\"@type\":\"CommentAction\",\"name\":\"Comment\",\"target\":[\"https:\/\/psol50.org.br\/em-reuniao-com-associacao-de-policiais-luciana-genro-defende-mudancas-rumo-a-uma-policia-cidada\/#respond\"]}]},{\"@type\":\"WebPage\",\"@id\":\"https:\/\/psol50.org.br\/em-reuniao-com-associacao-de-policiais-luciana-genro-defende-mudancas-rumo-a-uma-policia-cidada\/\",\"url\":\"https:\/\/psol50.org.br\/em-reuniao-com-associacao-de-policiais-luciana-genro-defende-mudancas-rumo-a-uma-policia-cidada\/\",\"name\":\"Em reuni\u00e3o com Associa\u00e7\u00e3o de policiais, Luciana Genro defende mudan\u00e7as rumo a uma \u201cpol\u00edcia cidad\u00e3\u201d - PSOL 50\",\"isPartOf\":{\"@id\":\"https:\/\/psol50.org.br\/#website\"},\"datePublished\":\"2014-08-01T17:22:52+00:00\",\"breadcrumb\":{\"@id\":\"https:\/\/psol50.org.br\/em-reuniao-com-associacao-de-policiais-luciana-genro-defende-mudancas-rumo-a-uma-policia-cidada\/#breadcrumb\"},\"inLanguage\":\"pt-BR\",\"potentialAction\":[{\"@type\":\"ReadAction\",\"target\":[\"https:\/\/psol50.org.br\/em-reuniao-com-associacao-de-policiais-luciana-genro-defende-mudancas-rumo-a-uma-policia-cidada\/\"]}]},{\"@type\":\"BreadcrumbList\",\"@id\":\"https:\/\/psol50.org.br\/em-reuniao-com-associacao-de-policiais-luciana-genro-defende-mudancas-rumo-a-uma-policia-cidada\/#breadcrumb\",\"itemListElement\":[{\"@type\":\"ListItem\",\"position\":1,\"name\":\"In\u00edcio\",\"item\":\"https:\/\/psol50.org.br\/\"},{\"@type\":\"ListItem\",\"position\":2,\"name\":\"Em reuni\u00e3o com Associa\u00e7\u00e3o de policiais, Luciana Genro defende mudan\u00e7as rumo a uma \u201cpol\u00edcia cidad\u00e3\u201d\"}]},{\"@type\":\"WebSite\",\"@id\":\"https:\/\/psol50.org.br\/#website\",\"url\":\"https:\/\/psol50.org.br\/\",\"name\":\"PSOL 50\",\"description\":\"Site oficial do Partido Socialismo e Liberdade\",\"publisher\":{\"@id\":\"https:\/\/psol50.org.br\/#organization\"},\"alternateName\":\"PSOL50\",\"potentialAction\":[{\"@type\":\"SearchAction\",\"target\":{\"@type\":\"EntryPoint\",\"urlTemplate\":\"https:\/\/psol50.org.br\/?s={search_term_string}\"},\"query-input\":{\"@type\":\"PropertyValueSpecification\",\"valueRequired\":true,\"valueName\":\"search_term_string\"}}],\"inLanguage\":\"pt-BR\"},{\"@type\":\"Organization\",\"@id\":\"https:\/\/psol50.org.br\/#organization\",\"name\":\"PSOL 50\",\"alternateName\":\"PSOL 50\",\"url\":\"https:\/\/psol50.org.br\/\",\"logo\":{\"@type\":\"ImageObject\",\"inLanguage\":\"pt-BR\",\"@id\":\"https:\/\/psol50.org.br\/#\/schema\/logo\/image\/\",\"url\":\"https:\/\/psol50.org.br\/inc\/uploads\/2018\/07\/capa.png\",\"contentUrl\":\"https:\/\/psol50.org.br\/inc\/uploads\/2018\/07\/capa.png\",\"width\":1350,\"height\":900,\"caption\":\"PSOL 50\"},\"image\":{\"@id\":\"https:\/\/psol50.org.br\/#\/schema\/logo\/image\/\"},\"sameAs\":[\"https:\/\/www.facebook.com\/psol50\",\"https:\/\/x.com\/psol50\",\"https:\/\/www.instagram.com\/psol50\/\",\"https:\/\/www.youtube.com\/channel\/UC7SnJS5o1os7a6CaiNabzcg\"]},{\"@type\":\"Person\",\"@id\":\"https:\/\/psol50.org.br\/#\/schema\/person\/475dfa57d0b815993c714c2e96491fcd\",\"name\":\"Comunica\u00e7\u00e3o PSOL\",\"image\":{\"@type\":\"ImageObject\",\"inLanguage\":\"pt-BR\",\"@id\":\"https:\/\/psol50.org.br\/#\/schema\/person\/image\/\",\"url\":\"https:\/\/secure.gravatar.com\/avatar\/b34fc4f4e468a4e51785917065a3db57b841f5c95dba6ad8c73aaf8f66f8f9bf?s=96&d=mm&r=g\",\"contentUrl\":\"https:\/\/secure.gravatar.com\/avatar\/b34fc4f4e468a4e51785917065a3db57b841f5c95dba6ad8c73aaf8f66f8f9bf?s=96&d=mm&r=g\",\"caption\":\"Comunica\u00e7\u00e3o PSOL\"}}]}<\/script>\n<!-- \/ Yoast SEO plugin. -->","yoast_head_json":{"title":"Em reuni\u00e3o com Associa\u00e7\u00e3o de policiais, Luciana Genro defende mudan\u00e7as rumo a uma \u201cpol\u00edcia cidad\u00e3\u201d - PSOL 50","robots":{"index":"index","follow":"follow","max-snippet":"max-snippet:-1","max-image-preview":"max-image-preview:large","max-video-preview":"max-video-preview:-1"},"canonical":"https:\/\/psol50.org.br\/em-reuniao-com-associacao-de-policiais-luciana-genro-defende-mudancas-rumo-a-uma-policia-cidada\/","og_locale":"pt_BR","og_type":"article","og_title":"Em reuni\u00e3o com Associa\u00e7\u00e3o de policiais, Luciana Genro defende mudan\u00e7as rumo a uma \u201cpol\u00edcia cidad\u00e3\u201d - PSOL 50","og_description":"Por Reda\u00e7\u00e3o #Equipe50 A candidata do PSOL \u00e0 Presid\u00eancia da Rep\u00fablica, Luciana Genro, foi a primeira presidenci\u00e1vel a reunir-se com os representantes da Associa\u00e7\u00e3o dos Pra\u00e7as de Santa Catarina, entidade dos a soldados e cabos da Pol\u00edcia Militar de Santa Catarina, em caf\u00e9 da manh\u00e3 nesta sexta-feira (31\/07), em Florian\u00f3polis. Durante o encontro, Luciana Genro, [&hellip;]","og_url":"https:\/\/psol50.org.br\/em-reuniao-com-associacao-de-policiais-luciana-genro-defende-mudancas-rumo-a-uma-policia-cidada\/","og_site_name":"PSOL 50","article_publisher":"https:\/\/www.facebook.com\/psol50","article_published_time":"2014-08-01T17:22:52+00:00","og_image":[{"width":1350,"height":900,"url":"https:\/\/psol50.org.br\/inc\/uploads\/2018\/07\/capa.png","type":"image\/png"}],"author":"Comunica\u00e7\u00e3o PSOL","twitter_card":"summary_large_image","twitter_creator":"@psol50","twitter_site":"@psol50","twitter_misc":{"Escrito por":"Comunica\u00e7\u00e3o PSOL","Est. tempo de leitura":"2 minutos"},"schema":{"@context":"https:\/\/schema.org","@graph":[{"@type":"Article","@id":"https:\/\/psol50.org.br\/em-reuniao-com-associacao-de-policiais-luciana-genro-defende-mudancas-rumo-a-uma-policia-cidada\/#article","isPartOf":{"@id":"https:\/\/psol50.org.br\/em-reuniao-com-associacao-de-policiais-luciana-genro-defende-mudancas-rumo-a-uma-policia-cidada\/"},"author":{"name":"Comunica\u00e7\u00e3o PSOL","@id":"https:\/\/psol50.org.br\/#\/schema\/person\/475dfa57d0b815993c714c2e96491fcd"},"headline":"Em reuni\u00e3o com Associa\u00e7\u00e3o de policiais, Luciana Genro defende mudan\u00e7as rumo a uma \u201cpol\u00edcia cidad\u00e3\u201d","datePublished":"2014-08-01T17:22:52+00:00","mainEntityOfPage":{"@id":"https:\/\/psol50.org.br\/em-reuniao-com-associacao-de-policiais-luciana-genro-defende-mudancas-rumo-a-uma-policia-cidada\/"},"wordCount":464,"commentCount":0,"publisher":{"@id":"https:\/\/psol50.org.br\/#organization"},"keywords":["elei\u00e7\u00f5es 2014"],"articleSection":["Arquivo","ELEI\u00c7\u00d5ES 2014","Not\u00edcias"],"inLanguage":"pt-BR","potentialAction":[{"@type":"CommentAction","name":"Comment","target":["https:\/\/psol50.org.br\/em-reuniao-com-associacao-de-policiais-luciana-genro-defende-mudancas-rumo-a-uma-policia-cidada\/#respond"]}]},{"@type":"WebPage","@id":"https:\/\/psol50.org.br\/em-reuniao-com-associacao-de-policiais-luciana-genro-defende-mudancas-rumo-a-uma-policia-cidada\/","url":"https:\/\/psol50.org.br\/em-reuniao-com-associacao-de-policiais-luciana-genro-defende-mudancas-rumo-a-uma-policia-cidada\/","name":"Em reuni\u00e3o com Associa\u00e7\u00e3o de policiais, Luciana Genro defende mudan\u00e7as rumo a uma \u201cpol\u00edcia cidad\u00e3\u201d - PSOL 50","isPartOf":{"@id":"https:\/\/psol50.org.br\/#website"},"datePublished":"2014-08-01T17:22:52+00:00","breadcrumb":{"@id":"https:\/\/psol50.org.br\/em-reuniao-com-associacao-de-policiais-luciana-genro-defende-mudancas-rumo-a-uma-policia-cidada\/#breadcrumb"},"inLanguage":"pt-BR","potentialAction":[{"@type":"ReadAction","target":["https:\/\/psol50.org.br\/em-reuniao-com-associacao-de-policiais-luciana-genro-defende-mudancas-rumo-a-uma-policia-cidada\/"]}]},{"@type":"BreadcrumbList","@id":"https:\/\/psol50.org.br\/em-reuniao-com-associacao-de-policiais-luciana-genro-defende-mudancas-rumo-a-uma-policia-cidada\/#breadcrumb","itemListElement":[{"@type":"ListItem","position":1,"name":"In\u00edcio","item":"https:\/\/psol50.org.br\/"},{"@type":"ListItem","position":2,"name":"Em reuni\u00e3o com Associa\u00e7\u00e3o de policiais, Luciana Genro defende mudan\u00e7as rumo a uma \u201cpol\u00edcia cidad\u00e3\u201d"}]},{"@type":"WebSite","@id":"https:\/\/psol50.org.br\/#website","url":"https:\/\/psol50.org.br\/","name":"PSOL 50","description":"Site oficial do Partido Socialismo e Liberdade","publisher":{"@id":"https:\/\/psol50.org.br\/#organization"},"alternateName":"PSOL50","potentialAction":[{"@type":"SearchAction","target":{"@type":"EntryPoint","urlTemplate":"https:\/\/psol50.org.br\/?s={search_term_string}"},"query-input":{"@type":"PropertyValueSpecification","valueRequired":true,"valueName":"search_term_string"}}],"inLanguage":"pt-BR"},{"@type":"Organization","@id":"https:\/\/psol50.org.br\/#organization","name":"PSOL 50","alternateName":"PSOL 50","url":"https:\/\/psol50.org.br\/","logo":{"@type":"ImageObject","inLanguage":"pt-BR","@id":"https:\/\/psol50.org.br\/#\/schema\/logo\/image\/","url":"https:\/\/psol50.org.br\/inc\/uploads\/2018\/07\/capa.png","contentUrl":"https:\/\/psol50.org.br\/inc\/uploads\/2018\/07\/capa.png","width":1350,"height":900,"caption":"PSOL 50"},"image":{"@id":"https:\/\/psol50.org.br\/#\/schema\/logo\/image\/"},"sameAs":["https:\/\/www.facebook.com\/psol50","https:\/\/x.com\/psol50","https:\/\/www.instagram.com\/psol50\/","https:\/\/www.youtube.com\/channel\/UC7SnJS5o1os7a6CaiNabzcg"]},{"@type":"Person","@id":"https:\/\/psol50.org.br\/#\/schema\/person\/475dfa57d0b815993c714c2e96491fcd","name":"Comunica\u00e7\u00e3o PSOL","image":{"@type":"ImageObject","inLanguage":"pt-BR","@id":"https:\/\/psol50.org.br\/#\/schema\/person\/image\/","url":"https:\/\/secure.gravatar.com\/avatar\/b34fc4f4e468a4e51785917065a3db57b841f5c95dba6ad8c73aaf8f66f8f9bf?s=96&d=mm&r=g","contentUrl":"https:\/\/secure.gravatar.com\/avatar\/b34fc4f4e468a4e51785917065a3db57b841f5c95dba6ad8c73aaf8f66f8f9bf?s=96&d=mm&r=g","caption":"Comunica\u00e7\u00e3o PSOL"}}]}},"_links":{"self":[{"href":"https:\/\/psol50.org.br\/rest\/wp\/v2\/posts\/2890","targetHints":{"allow":["GET"]}}],"collection":[{"href":"https:\/\/psol50.org.br\/rest\/wp\/v2\/posts"}],"about":[{"href":"https:\/\/psol50.org.br\/rest\/wp\/v2\/types\/post"}],"author":[{"embeddable":true,"href":"https:\/\/psol50.org.br\/rest\/wp\/v2\/users\/2"}],"replies":[{"embeddable":true,"href":"https:\/\/psol50.org.br\/rest\/wp\/v2\/comments?post=2890"}],"version-history":[{"count":0,"href":"https:\/\/psol50.org.br\/rest\/wp\/v2\/posts\/2890\/revisions"}],"wp:attachment":[{"href":"https:\/\/psol50.org.br\/rest\/wp\/v2\/media?parent=2890"}],"wp:term":[{"taxonomy":"category","embeddable":true,"href":"https:\/\/psol50.org.br\/rest\/wp\/v2\/categories?post=2890"},{"taxonomy":"post_tag","embeddable":true,"href":"https:\/\/psol50.org.br\/rest\/wp\/v2\/tags?post=2890"}],"curies":[{"name":"wp","href":"https:\/\/api.w.org\/{rel}","templated":true}]}}