{"id":28904,"date":"2020-05-14T17:43:08","date_gmt":"2020-05-14T20:43:08","guid":{"rendered":"https:\/\/psol50.org.br\/?p=28904"},"modified":"2020-05-14T17:43:08","modified_gmt":"2020-05-14T20:43:08","slug":"psol-denuncia-weintraub-a-comissao-de-etica-por-declaracao-antidemocratica-de-prender-ministros-do-stf","status":"publish","type":"post","link":"https:\/\/psol50.org.br\/psol-denuncia-weintraub-a-comissao-de-etica-por-declaracao-antidemocratica-de-prender-ministros-do-stf\/","title":{"rendered":"PSOL denuncia Weintraub \u00e0 Comiss\u00e3o de \u00c9tica por declara\u00e7\u00e3o antidemocr\u00e1tica de &#8220;prender ministros do STF&#8221;"},"content":{"rendered":"<p><a href=\"http:\/\/psol50.org.br\/coronavirus\" target=\"_blank\" rel=\"noopener noreferrer\"><img loading=\"lazy\" decoding=\"async\" class=\"alignnone size-full wp-image-27838\" src=\"https:\/\/psol50.org.br\/inc\/uploads\/2020\/03\/Banner-Site_3.png\" alt=\"\" width=\"1240\" height=\"331\" srcset=\"https:\/\/psol50.org.br\/inc\/uploads\/2020\/03\/Banner-Site_3.png 1240w, https:\/\/psol50.org.br\/inc\/uploads\/2020\/03\/Banner-Site_3-300x80.png 300w, https:\/\/psol50.org.br\/inc\/uploads\/2020\/03\/Banner-Site_3-1024x273.png 1024w, https:\/\/psol50.org.br\/inc\/uploads\/2020\/03\/Banner-Site_3-768x205.png 768w, https:\/\/psol50.org.br\/inc\/uploads\/2020\/03\/Banner-Site_3-150x40.png 150w, https:\/\/psol50.org.br\/inc\/uploads\/2020\/03\/Banner-Site_3-696x186.png 696w, https:\/\/psol50.org.br\/inc\/uploads\/2020\/03\/Banner-Site_3-1068x285.png 1068w\" sizes=\"auto, (max-width: 1240px) 100vw, 1240px\" \/><\/a><\/p>\n<p>O deputado federal Ivan Valente enviou uma den\u00fancia, nesta quinta-feira (14), \u00e0 Comiss\u00e3o de \u00c9tica da Presid\u00eancia contra o ministro da Educa\u00e7\u00e3o Abraham Weintraub, por ele ter defendido abertamente na reuni\u00e3o de Jair Bolsonaro com todos seus ministros, no \u00faltimo dia 22 de abril, a pris\u00e3o de ministros do Supremo Tribunal Federal (STF).<\/p>\n<p>A grava\u00e7\u00e3o da reuni\u00e3o foi enviada \u00e0 corte, no \u00e2mbito do inqu\u00e9rito que investiga se Bolsonaro interferiu nas investiga\u00e7\u00f5es e nomea\u00e7\u00f5es da Pol\u00edcia Federal.<\/p>\n<p>&#8220;O ministro n\u00e3o apenas violou os princ\u00edpios e normas que regem sua conduta no cargo, como atentou contra o Estado democr\u00e1tico de direito ao atacar de forma baixa e leviana outro Poder da Rep\u00fablica, aut\u00f4nomo e independente&#8221;, escreveu Ivan Valente na den\u00fancia.<\/p>\n<p>A m\u00e1xima puni\u00e7\u00e3o que a comiss\u00e3o pode recomendar \u00e9 a demiss\u00e3o do ministro de seu cargo. Em novembro do ano passado o PSOL j\u00e1 havia denunciado o ministro \u00e0 mesma comiss\u00e3o ap\u00f3s ele ter xingado a m\u00e3e de um cidad\u00e3o brasileiro nas redes sociais.<\/p>\n","protected":false},"excerpt":{"rendered":"<p>O deputado federal Ivan Valente enviou uma den\u00fancia, nesta quinta-feira (14), \u00e0 Comiss\u00e3o de \u00c9tica da Presid\u00eancia contra o ministro da Educa\u00e7\u00e3o Abraham Weintraub, por ele ter defendido abertamente na reuni\u00e3o de Jair Bolsonaro com todos seus ministros, no \u00faltimo dia 22 de abril, a pris\u00e3o de ministros do Supremo Tribunal Federal (STF). A grava\u00e7\u00e3o [&hellip;]<\/p>\n","protected":false},"author":2,"featured_media":27709,"comment_status":"closed","ping_status":"open","sticky":false,"template":"","format":"standard","meta":{"_acf_changed":false,"footnotes":""},"categories":[10,6],"tags":[252,164,659,22,45,93],"class_list":{"0":"post-28904","1":"post","2":"type-post","3":"status-publish","4":"format-standard","5":"has-post-thumbnail","7":"category-acao-parlamentares","8":"category-noticias","9":"tag-comissao-de-etica","10":"tag-educacao","11":"tag-ministros","12":"tag-psol","13":"tag-stf","14":"tag-weintraub"},"acf":[],"yoast_head":"<!-- This site is optimized with the Yoast SEO plugin v26.5 - https:\/\/yoast.com\/wordpress\/plugins\/seo\/ -->\n<title>PSOL denuncia Weintraub \u00e0 Comiss\u00e3o de \u00c9tica por declara\u00e7\u00e3o antidemocr\u00e1tica de &quot;prender ministros do STF&quot;<\/title>\n<meta name=\"description\" content=\"A m\u00e1xima puni\u00e7\u00e3o que a comiss\u00e3o pode recomendar \u00e9 a demiss\u00e3o do ministro de seu cargo.\" \/>\n<meta name=\"robots\" content=\"index, follow, max-snippet:-1, max-image-preview:large, max-video-preview:-1\" \/>\n<link rel=\"canonical\" href=\"https:\/\/psol50.org.br\/psol-denuncia-weintraub-a-comissao-de-etica-por-declaracao-antidemocratica-de-prender-ministros-do-stf\/\" \/>\n<meta property=\"og:locale\" content=\"pt_BR\" \/>\n<meta property=\"og:type\" content=\"article\" \/>\n<meta property=\"og:title\" content=\"PSOL denuncia Weintraub \u00e0 Comiss\u00e3o de \u00c9tica por declara\u00e7\u00e3o antidemocr\u00e1tica de &quot;prender ministros do STF&quot;\" \/>\n<meta property=\"og:description\" content=\"A m\u00e1xima puni\u00e7\u00e3o que a comiss\u00e3o pode recomendar \u00e9 a demiss\u00e3o do ministro de seu cargo.\" \/>\n<meta property=\"og:url\" content=\"https:\/\/psol50.org.br\/psol-denuncia-weintraub-a-comissao-de-etica-por-declaracao-antidemocratica-de-prender-ministros-do-stf\/\" \/>\n<meta property=\"og:site_name\" content=\"PSOL 50\" \/>\n<meta property=\"article:publisher\" content=\"https:\/\/www.facebook.com\/psol50\" \/>\n<meta property=\"article:published_time\" content=\"2020-05-14T20:43:08+00:00\" \/>\n<meta property=\"og:image\" content=\"https:\/\/psol50.org.br\/inc\/uploads\/2020\/03\/abraham-e1571431219456.png\" \/>\n\t<meta property=\"og:image:width\" content=\"700\" \/>\n\t<meta property=\"og:image:height\" content=\"377\" \/>\n\t<meta property=\"og:image:type\" content=\"image\/png\" \/>\n<meta name=\"author\" content=\"Comunica\u00e7\u00e3o PSOL\" \/>\n<meta name=\"twitter:card\" content=\"summary_large_image\" \/>\n<meta name=\"twitter:title\" content=\"PSOL denuncia Weintraub \u00e0 Comiss\u00e3o de \u00c9tica por declara\u00e7\u00e3o antidemocr\u00e1tica de &quot;prender ministros do STF&quot;\" \/>\n<meta name=\"twitter:description\" content=\"A m\u00e1xima puni\u00e7\u00e3o que a comiss\u00e3o pode recomendar \u00e9 a demiss\u00e3o do ministro de seu cargo.\" \/>\n<meta name=\"twitter:image\" content=\"https:\/\/psol50.org.br\/inc\/uploads\/2020\/03\/abraham-e1571431219456.png\" \/>\n<meta name=\"twitter:creator\" content=\"@psol50\" \/>\n<meta name=\"twitter:site\" content=\"@psol50\" \/>\n<meta name=\"twitter:label1\" content=\"Escrito por\" \/>\n\t<meta name=\"twitter:data1\" content=\"Comunica\u00e7\u00e3o PSOL\" \/>\n\t<meta name=\"twitter:label2\" content=\"Est. tempo de leitura\" \/>\n\t<meta name=\"twitter:data2\" content=\"1 minuto\" \/>\n<script type=\"application\/ld+json\" class=\"yoast-schema-graph\">{\"@context\":\"https:\/\/schema.org\",\"@graph\":[{\"@type\":\"Article\",\"@id\":\"https:\/\/psol50.org.br\/psol-denuncia-weintraub-a-comissao-de-etica-por-declaracao-antidemocratica-de-prender-ministros-do-stf\/#article\",\"isPartOf\":{\"@id\":\"https:\/\/psol50.org.br\/psol-denuncia-weintraub-a-comissao-de-etica-por-declaracao-antidemocratica-de-prender-ministros-do-stf\/\"},\"author\":{\"name\":\"Comunica\u00e7\u00e3o PSOL\",\"@id\":\"https:\/\/psol50.org.br\/#\/schema\/person\/475dfa57d0b815993c714c2e96491fcd\"},\"headline\":\"PSOL denuncia Weintraub \u00e0 Comiss\u00e3o de \u00c9tica por declara\u00e7\u00e3o antidemocr\u00e1tica de &#8220;prender ministros do STF&#8221;\",\"datePublished\":\"2020-05-14T20:43:08+00:00\",\"mainEntityOfPage\":{\"@id\":\"https:\/\/psol50.org.br\/psol-denuncia-weintraub-a-comissao-de-etica-por-declaracao-antidemocratica-de-prender-ministros-do-stf\/\"},\"wordCount\":200,\"publisher\":{\"@id\":\"https:\/\/psol50.org.br\/#organization\"},\"image\":{\"@id\":\"https:\/\/psol50.org.br\/psol-denuncia-weintraub-a-comissao-de-etica-por-declaracao-antidemocratica-de-prender-ministros-do-stf\/#primaryimage\"},\"thumbnailUrl\":\"https:\/\/psol50.org.br\/inc\/uploads\/2020\/03\/abraham-e1571431219456.png\",\"keywords\":[\"Comiss\u00e3o de \u00c9tica\",\"Educa\u00e7\u00e3o\",\"ministros\",\"PSOL\",\"STF\",\"weintraub\"],\"articleSection\":[\"A\u00e7\u00e3o Parlamentar\",\"Not\u00edcias\"],\"inLanguage\":\"pt-BR\"},{\"@type\":\"WebPage\",\"@id\":\"https:\/\/psol50.org.br\/psol-denuncia-weintraub-a-comissao-de-etica-por-declaracao-antidemocratica-de-prender-ministros-do-stf\/\",\"url\":\"https:\/\/psol50.org.br\/psol-denuncia-weintraub-a-comissao-de-etica-por-declaracao-antidemocratica-de-prender-ministros-do-stf\/\",\"name\":\"PSOL denuncia Weintraub \u00e0 Comiss\u00e3o de \u00c9tica por declara\u00e7\u00e3o antidemocr\u00e1tica de \\\"prender ministros do STF\\\"\",\"isPartOf\":{\"@id\":\"https:\/\/psol50.org.br\/#website\"},\"primaryImageOfPage\":{\"@id\":\"https:\/\/psol50.org.br\/psol-denuncia-weintraub-a-comissao-de-etica-por-declaracao-antidemocratica-de-prender-ministros-do-stf\/#primaryimage\"},\"image\":{\"@id\":\"https:\/\/psol50.org.br\/psol-denuncia-weintraub-a-comissao-de-etica-por-declaracao-antidemocratica-de-prender-ministros-do-stf\/#primaryimage\"},\"thumbnailUrl\":\"https:\/\/psol50.org.br\/inc\/uploads\/2020\/03\/abraham-e1571431219456.png\",\"datePublished\":\"2020-05-14T20:43:08+00:00\",\"description\":\"A m\u00e1xima puni\u00e7\u00e3o que a comiss\u00e3o pode recomendar \u00e9 a demiss\u00e3o do ministro de seu cargo.\",\"breadcrumb\":{\"@id\":\"https:\/\/psol50.org.br\/psol-denuncia-weintraub-a-comissao-de-etica-por-declaracao-antidemocratica-de-prender-ministros-do-stf\/#breadcrumb\"},\"inLanguage\":\"pt-BR\",\"potentialAction\":[{\"@type\":\"ReadAction\",\"target\":[\"https:\/\/psol50.org.br\/psol-denuncia-weintraub-a-comissao-de-etica-por-declaracao-antidemocratica-de-prender-ministros-do-stf\/\"]}]},{\"@type\":\"ImageObject\",\"inLanguage\":\"pt-BR\",\"@id\":\"https:\/\/psol50.org.br\/psol-denuncia-weintraub-a-comissao-de-etica-por-declaracao-antidemocratica-de-prender-ministros-do-stf\/#primaryimage\",\"url\":\"https:\/\/psol50.org.br\/inc\/uploads\/2020\/03\/abraham-e1571431219456.png\",\"contentUrl\":\"https:\/\/psol50.org.br\/inc\/uploads\/2020\/03\/abraham-e1571431219456.png\",\"width\":700,\"height\":377,\"caption\":\"Foto: Reprodu\u00e7\u00e3o\/Twitter\"},{\"@type\":\"BreadcrumbList\",\"@id\":\"https:\/\/psol50.org.br\/psol-denuncia-weintraub-a-comissao-de-etica-por-declaracao-antidemocratica-de-prender-ministros-do-stf\/#breadcrumb\",\"itemListElement\":[{\"@type\":\"ListItem\",\"position\":1,\"name\":\"In\u00edcio\",\"item\":\"https:\/\/psol50.org.br\/\"},{\"@type\":\"ListItem\",\"position\":2,\"name\":\"PSOL denuncia Weintraub \u00e0 Comiss\u00e3o de \u00c9tica por declara\u00e7\u00e3o antidemocr\u00e1tica de &#8220;prender ministros do STF&#8221;\"}]},{\"@type\":\"WebSite\",\"@id\":\"https:\/\/psol50.org.br\/#website\",\"url\":\"https:\/\/psol50.org.br\/\",\"name\":\"PSOL 50\",\"description\":\"Site oficial do Partido Socialismo e Liberdade\",\"publisher\":{\"@id\":\"https:\/\/psol50.org.br\/#organization\"},\"alternateName\":\"PSOL50\",\"potentialAction\":[{\"@type\":\"SearchAction\",\"target\":{\"@type\":\"EntryPoint\",\"urlTemplate\":\"https:\/\/psol50.org.br\/?s={search_term_string}\"},\"query-input\":{\"@type\":\"PropertyValueSpecification\",\"valueRequired\":true,\"valueName\":\"search_term_string\"}}],\"inLanguage\":\"pt-BR\"},{\"@type\":\"Organization\",\"@id\":\"https:\/\/psol50.org.br\/#organization\",\"name\":\"PSOL 50\",\"alternateName\":\"PSOL 50\",\"url\":\"https:\/\/psol50.org.br\/\",\"logo\":{\"@type\":\"ImageObject\",\"inLanguage\":\"pt-BR\",\"@id\":\"https:\/\/psol50.org.br\/#\/schema\/logo\/image\/\",\"url\":\"https:\/\/psol50.org.br\/inc\/uploads\/2018\/07\/capa.png\",\"contentUrl\":\"https:\/\/psol50.org.br\/inc\/uploads\/2018\/07\/capa.png\",\"width\":1350,\"height\":900,\"caption\":\"PSOL 50\"},\"image\":{\"@id\":\"https:\/\/psol50.org.br\/#\/schema\/logo\/image\/\"},\"sameAs\":[\"https:\/\/www.facebook.com\/psol50\",\"https:\/\/x.com\/psol50\",\"https:\/\/www.instagram.com\/psol50\/\",\"https:\/\/www.youtube.com\/channel\/UC7SnJS5o1os7a6CaiNabzcg\"]},{\"@type\":\"Person\",\"@id\":\"https:\/\/psol50.org.br\/#\/schema\/person\/475dfa57d0b815993c714c2e96491fcd\",\"name\":\"Comunica\u00e7\u00e3o PSOL\",\"image\":{\"@type\":\"ImageObject\",\"inLanguage\":\"pt-BR\",\"@id\":\"https:\/\/psol50.org.br\/#\/schema\/person\/image\/\",\"url\":\"https:\/\/secure.gravatar.com\/avatar\/b34fc4f4e468a4e51785917065a3db57b841f5c95dba6ad8c73aaf8f66f8f9bf?s=96&d=mm&r=g\",\"contentUrl\":\"https:\/\/secure.gravatar.com\/avatar\/b34fc4f4e468a4e51785917065a3db57b841f5c95dba6ad8c73aaf8f66f8f9bf?s=96&d=mm&r=g\",\"caption\":\"Comunica\u00e7\u00e3o PSOL\"}}]}<\/script>\n<!-- \/ Yoast SEO plugin. -->","yoast_head_json":{"title":"PSOL denuncia Weintraub \u00e0 Comiss\u00e3o de \u00c9tica por declara\u00e7\u00e3o antidemocr\u00e1tica de \"prender ministros do STF\"","description":"A m\u00e1xima puni\u00e7\u00e3o que a comiss\u00e3o pode recomendar \u00e9 a demiss\u00e3o do ministro de seu cargo.","robots":{"index":"index","follow":"follow","max-snippet":"max-snippet:-1","max-image-preview":"max-image-preview:large","max-video-preview":"max-video-preview:-1"},"canonical":"https:\/\/psol50.org.br\/psol-denuncia-weintraub-a-comissao-de-etica-por-declaracao-antidemocratica-de-prender-ministros-do-stf\/","og_locale":"pt_BR","og_type":"article","og_title":"PSOL denuncia Weintraub \u00e0 Comiss\u00e3o de \u00c9tica por declara\u00e7\u00e3o antidemocr\u00e1tica de \"prender ministros do STF\"","og_description":"A m\u00e1xima puni\u00e7\u00e3o que a comiss\u00e3o pode recomendar \u00e9 a demiss\u00e3o do ministro de seu cargo.","og_url":"https:\/\/psol50.org.br\/psol-denuncia-weintraub-a-comissao-de-etica-por-declaracao-antidemocratica-de-prender-ministros-do-stf\/","og_site_name":"PSOL 50","article_publisher":"https:\/\/www.facebook.com\/psol50","article_published_time":"2020-05-14T20:43:08+00:00","og_image":[{"width":700,"height":377,"url":"https:\/\/psol50.org.br\/inc\/uploads\/2020\/03\/abraham-e1571431219456.png","type":"image\/png"}],"author":"Comunica\u00e7\u00e3o PSOL","twitter_card":"summary_large_image","twitter_title":"PSOL denuncia Weintraub \u00e0 Comiss\u00e3o de \u00c9tica por declara\u00e7\u00e3o antidemocr\u00e1tica de \"prender ministros do STF\"","twitter_description":"A m\u00e1xima puni\u00e7\u00e3o que a comiss\u00e3o pode recomendar \u00e9 a demiss\u00e3o do ministro de seu cargo.","twitter_image":"https:\/\/psol50.org.br\/inc\/uploads\/2020\/03\/abraham-e1571431219456.png","twitter_creator":"@psol50","twitter_site":"@psol50","twitter_misc":{"Escrito por":"Comunica\u00e7\u00e3o PSOL","Est. tempo de leitura":"1 minuto"},"schema":{"@context":"https:\/\/schema.org","@graph":[{"@type":"Article","@id":"https:\/\/psol50.org.br\/psol-denuncia-weintraub-a-comissao-de-etica-por-declaracao-antidemocratica-de-prender-ministros-do-stf\/#article","isPartOf":{"@id":"https:\/\/psol50.org.br\/psol-denuncia-weintraub-a-comissao-de-etica-por-declaracao-antidemocratica-de-prender-ministros-do-stf\/"},"author":{"name":"Comunica\u00e7\u00e3o PSOL","@id":"https:\/\/psol50.org.br\/#\/schema\/person\/475dfa57d0b815993c714c2e96491fcd"},"headline":"PSOL denuncia Weintraub \u00e0 Comiss\u00e3o de \u00c9tica por declara\u00e7\u00e3o antidemocr\u00e1tica de &#8220;prender ministros do STF&#8221;","datePublished":"2020-05-14T20:43:08+00:00","mainEntityOfPage":{"@id":"https:\/\/psol50.org.br\/psol-denuncia-weintraub-a-comissao-de-etica-por-declaracao-antidemocratica-de-prender-ministros-do-stf\/"},"wordCount":200,"publisher":{"@id":"https:\/\/psol50.org.br\/#organization"},"image":{"@id":"https:\/\/psol50.org.br\/psol-denuncia-weintraub-a-comissao-de-etica-por-declaracao-antidemocratica-de-prender-ministros-do-stf\/#primaryimage"},"thumbnailUrl":"https:\/\/psol50.org.br\/inc\/uploads\/2020\/03\/abraham-e1571431219456.png","keywords":["Comiss\u00e3o de \u00c9tica","Educa\u00e7\u00e3o","ministros","PSOL","STF","weintraub"],"articleSection":["A\u00e7\u00e3o Parlamentar","Not\u00edcias"],"inLanguage":"pt-BR"},{"@type":"WebPage","@id":"https:\/\/psol50.org.br\/psol-denuncia-weintraub-a-comissao-de-etica-por-declaracao-antidemocratica-de-prender-ministros-do-stf\/","url":"https:\/\/psol50.org.br\/psol-denuncia-weintraub-a-comissao-de-etica-por-declaracao-antidemocratica-de-prender-ministros-do-stf\/","name":"PSOL denuncia Weintraub \u00e0 Comiss\u00e3o de \u00c9tica por declara\u00e7\u00e3o antidemocr\u00e1tica de \"prender ministros do STF\"","isPartOf":{"@id":"https:\/\/psol50.org.br\/#website"},"primaryImageOfPage":{"@id":"https:\/\/psol50.org.br\/psol-denuncia-weintraub-a-comissao-de-etica-por-declaracao-antidemocratica-de-prender-ministros-do-stf\/#primaryimage"},"image":{"@id":"https:\/\/psol50.org.br\/psol-denuncia-weintraub-a-comissao-de-etica-por-declaracao-antidemocratica-de-prender-ministros-do-stf\/#primaryimage"},"thumbnailUrl":"https:\/\/psol50.org.br\/inc\/uploads\/2020\/03\/abraham-e1571431219456.png","datePublished":"2020-05-14T20:43:08+00:00","description":"A m\u00e1xima puni\u00e7\u00e3o que a comiss\u00e3o pode recomendar \u00e9 a demiss\u00e3o do ministro de seu cargo.","breadcrumb":{"@id":"https:\/\/psol50.org.br\/psol-denuncia-weintraub-a-comissao-de-etica-por-declaracao-antidemocratica-de-prender-ministros-do-stf\/#breadcrumb"},"inLanguage":"pt-BR","potentialAction":[{"@type":"ReadAction","target":["https:\/\/psol50.org.br\/psol-denuncia-weintraub-a-comissao-de-etica-por-declaracao-antidemocratica-de-prender-ministros-do-stf\/"]}]},{"@type":"ImageObject","inLanguage":"pt-BR","@id":"https:\/\/psol50.org.br\/psol-denuncia-weintraub-a-comissao-de-etica-por-declaracao-antidemocratica-de-prender-ministros-do-stf\/#primaryimage","url":"https:\/\/psol50.org.br\/inc\/uploads\/2020\/03\/abraham-e1571431219456.png","contentUrl":"https:\/\/psol50.org.br\/inc\/uploads\/2020\/03\/abraham-e1571431219456.png","width":700,"height":377,"caption":"Foto: Reprodu\u00e7\u00e3o\/Twitter"},{"@type":"BreadcrumbList","@id":"https:\/\/psol50.org.br\/psol-denuncia-weintraub-a-comissao-de-etica-por-declaracao-antidemocratica-de-prender-ministros-do-stf\/#breadcrumb","itemListElement":[{"@type":"ListItem","position":1,"name":"In\u00edcio","item":"https:\/\/psol50.org.br\/"},{"@type":"ListItem","position":2,"name":"PSOL denuncia Weintraub \u00e0 Comiss\u00e3o de \u00c9tica por declara\u00e7\u00e3o antidemocr\u00e1tica de &#8220;prender ministros do STF&#8221;"}]},{"@type":"WebSite","@id":"https:\/\/psol50.org.br\/#website","url":"https:\/\/psol50.org.br\/","name":"PSOL 50","description":"Site oficial do Partido Socialismo e Liberdade","publisher":{"@id":"https:\/\/psol50.org.br\/#organization"},"alternateName":"PSOL50","potentialAction":[{"@type":"SearchAction","target":{"@type":"EntryPoint","urlTemplate":"https:\/\/psol50.org.br\/?s={search_term_string}"},"query-input":{"@type":"PropertyValueSpecification","valueRequired":true,"valueName":"search_term_string"}}],"inLanguage":"pt-BR"},{"@type":"Organization","@id":"https:\/\/psol50.org.br\/#organization","name":"PSOL 50","alternateName":"PSOL 50","url":"https:\/\/psol50.org.br\/","logo":{"@type":"ImageObject","inLanguage":"pt-BR","@id":"https:\/\/psol50.org.br\/#\/schema\/logo\/image\/","url":"https:\/\/psol50.org.br\/inc\/uploads\/2018\/07\/capa.png","contentUrl":"https:\/\/psol50.org.br\/inc\/uploads\/2018\/07\/capa.png","width":1350,"height":900,"caption":"PSOL 50"},"image":{"@id":"https:\/\/psol50.org.br\/#\/schema\/logo\/image\/"},"sameAs":["https:\/\/www.facebook.com\/psol50","https:\/\/x.com\/psol50","https:\/\/www.instagram.com\/psol50\/","https:\/\/www.youtube.com\/channel\/UC7SnJS5o1os7a6CaiNabzcg"]},{"@type":"Person","@id":"https:\/\/psol50.org.br\/#\/schema\/person\/475dfa57d0b815993c714c2e96491fcd","name":"Comunica\u00e7\u00e3o PSOL","image":{"@type":"ImageObject","inLanguage":"pt-BR","@id":"https:\/\/psol50.org.br\/#\/schema\/person\/image\/","url":"https:\/\/secure.gravatar.com\/avatar\/b34fc4f4e468a4e51785917065a3db57b841f5c95dba6ad8c73aaf8f66f8f9bf?s=96&d=mm&r=g","contentUrl":"https:\/\/secure.gravatar.com\/avatar\/b34fc4f4e468a4e51785917065a3db57b841f5c95dba6ad8c73aaf8f66f8f9bf?s=96&d=mm&r=g","caption":"Comunica\u00e7\u00e3o PSOL"}}]}},"_links":{"self":[{"href":"https:\/\/psol50.org.br\/rest\/wp\/v2\/posts\/28904","targetHints":{"allow":["GET"]}}],"collection":[{"href":"https:\/\/psol50.org.br\/rest\/wp\/v2\/posts"}],"about":[{"href":"https:\/\/psol50.org.br\/rest\/wp\/v2\/types\/post"}],"author":[{"embeddable":true,"href":"https:\/\/psol50.org.br\/rest\/wp\/v2\/users\/2"}],"replies":[{"embeddable":true,"href":"https:\/\/psol50.org.br\/rest\/wp\/v2\/comments?post=28904"}],"version-history":[{"count":0,"href":"https:\/\/psol50.org.br\/rest\/wp\/v2\/posts\/28904\/revisions"}],"wp:featuredmedia":[{"embeddable":true,"href":"https:\/\/psol50.org.br\/rest\/wp\/v2\/media\/27709"}],"wp:attachment":[{"href":"https:\/\/psol50.org.br\/rest\/wp\/v2\/media?parent=28904"}],"wp:term":[{"taxonomy":"category","embeddable":true,"href":"https:\/\/psol50.org.br\/rest\/wp\/v2\/categories?post=28904"},{"taxonomy":"post_tag","embeddable":true,"href":"https:\/\/psol50.org.br\/rest\/wp\/v2\/tags?post=28904"}],"curies":[{"name":"wp","href":"https:\/\/api.w.org\/{rel}","templated":true}]}}