{"id":28933,"date":"2020-05-15T14:19:59","date_gmt":"2020-05-15T17:19:59","guid":{"rendered":"https:\/\/psol50.org.br\/?p=28933"},"modified":"2020-05-15T14:19:59","modified_gmt":"2020-05-15T17:19:59","slug":"justica-da-72-horas-para-mec-explicar-manutencao-do-calendario-do-enem-apos-acao-do-psol","status":"publish","type":"post","link":"https:\/\/psol50.org.br\/justica-da-72-horas-para-mec-explicar-manutencao-do-calendario-do-enem-apos-acao-do-psol\/","title":{"rendered":"Justi\u00e7a d\u00e1 72 horas para MEC explicar manuten\u00e7\u00e3o do calend\u00e1rio do ENEM ap\u00f3s a\u00e7\u00e3o do PSOL"},"content":{"rendered":"<p><a href=\"http:\/\/psol50.org.br\/coronavirus\" target=\"_blank\" rel=\"noopener noreferrer\"><img loading=\"lazy\" decoding=\"async\" class=\"alignnone size-full wp-image-27838\" src=\"https:\/\/psol50.org.br\/inc\/uploads\/2020\/03\/Banner-Site_3.png\" alt=\"\" width=\"1240\" height=\"331\" srcset=\"https:\/\/psol50.org.br\/inc\/uploads\/2020\/03\/Banner-Site_3.png 1240w, https:\/\/psol50.org.br\/inc\/uploads\/2020\/03\/Banner-Site_3-300x80.png 300w, https:\/\/psol50.org.br\/inc\/uploads\/2020\/03\/Banner-Site_3-1024x273.png 1024w, https:\/\/psol50.org.br\/inc\/uploads\/2020\/03\/Banner-Site_3-768x205.png 768w, https:\/\/psol50.org.br\/inc\/uploads\/2020\/03\/Banner-Site_3-150x40.png 150w, https:\/\/psol50.org.br\/inc\/uploads\/2020\/03\/Banner-Site_3-696x186.png 696w, https:\/\/psol50.org.br\/inc\/uploads\/2020\/03\/Banner-Site_3-1068x285.png 1068w\" sizes=\"auto, (max-width: 1240px) 100vw, 1240px\" \/><\/a><\/p>\n<p>A ju\u00edza Ana Lucia Petri Betto, da 6\u00aa Vara C\u00edvel Federal de S\u00e3o Paulo, deu prazo de 72 horas para que o Minist\u00e9rio da Educa\u00e7\u00e3o (MEC), por meio da Advocacia Geral da Uni\u00e3o (AGU) e o Instituto Nacional Estudos e Pesquisas Educacionais (Inep) se pronunciem em uma a\u00e7\u00e3o popular que pede a suspens\u00e3o do calend\u00e1rio do Exame Nacional do Ensino M\u00e9dio (ENEM) por causa da pandemia do novo coronav\u00edrus.<\/p>\n<p>A decis\u00e3o foi tomada ap\u00f3s a\u00e7\u00e3o popular movida pelo deputado federal Ivan Valente que pede a suspens\u00e3o de todo o calend\u00e1rio do Enem 2020 ou, no m\u00ednimo, a prorroga\u00e7\u00e3o do prazo de inscri\u00e7\u00e3o para a prova, que termina no dia 22 de maio, em fun\u00e7\u00e3o da pandemia.<\/p>\n<p>\u201cNem todos os estudantes t\u00eam condi\u00e7\u00f5es para manter os estudos durante a pandemia ou sequer possuem acesso \u00e0s ferramentas necess\u00e1rias para o ensino a dist\u00e2ncia. Tampouco pode-se afirmar que as escolas, principalmente as p\u00fablicas, que sofrem com falta de recursos, possuem a estrutura necess\u00e1ria para manter uma educa\u00e7\u00e3o de qualidade neste per\u00edodo&#8221;, afirma Ivan Valente na a\u00e7\u00e3o.<\/p>\n<p>&#8220;A desigualdade ao acesso \u00e0 internet, em que os mais pobres s\u00e3o os que mais sofrem, e sua signific\u00e2ncia no acesso \u00e0 educa\u00e7\u00e3o durante a pandemia tem a potencialidade de falsificar os resultados do Enem, no que diz respeito \u00e0 concorr\u00eancia entre candidatos que, mais do que nunca, ter\u00e3o oportunidades discrepantes quanto ao acesso ao estudo e \u00e0s universidades\u201d, argumenta a a\u00e7\u00e3o popular.<\/p>\n<p>O Enem deste ano est\u00e1 marcado para acontecer entre os dias 1 a 8 e 22 a 29 de novembro. O ministro da Educa\u00e7\u00e3o,\u00a0Abraham Weintraub, j\u00e1 disse repetidas vezes que pretende manter as datas. Em reuni\u00e3o com senadores, Weintraub afirmou que o Enem \u201cn\u00e3o foi feito para corrigir injusti\u00e7as\u201d mas para selecionar os melhores alunos.<\/p>\n<p>Valente argumenta que em condi\u00e7\u00f5es discrepantes, acentuadas pela pandemia, n\u00e3o \u00e9 poss\u00edvel saber quem realmente s\u00e3o os melhores. Ele pede que o cronograma do Enem, inclusive o prazo de inscri\u00e7\u00e3o, seja suspenso at\u00e9 o t\u00e9rmino do estado de calamidade, determinado em decreto legislativo, ou o fim das medidas de isolamento adotadas pelos estados e munic\u00edpios.<\/p>\n<p>Na a\u00e7\u00e3o, o deputado do PSOL cita apelos da Defensoria P\u00fablica, Conselho Nacional de Educa\u00e7\u00e3o, entidades estudantis, reitores, secret\u00e1rios estaduais e municipais de educa\u00e7\u00e3o al\u00e9m de dezenas de projetos em tramita\u00e7\u00e3o no Congresso propondo a suspens\u00e3o do calend\u00e1rio.<\/p>\n<p><a href=\"https:\/\/educacao.estadao.com.br\/noticias\/geral,acao-popular-pede-suspensao-do-calendario-do-enem-juiza-da-72h-para-manifestacao-do-mec,70003303466\" target=\"_blank\" rel=\"noopener noreferrer\"><em>Com informa\u00e7\u00f5es de Estado de S.Paulo<\/em><\/a><\/p>\n","protected":false},"excerpt":{"rendered":"<p>A ju\u00edza Ana Lucia Petri Betto, da 6\u00aa Vara C\u00edvel Federal de S\u00e3o Paulo, deu prazo de 72 horas para que o Minist\u00e9rio da Educa\u00e7\u00e3o (MEC), por meio da Advocacia Geral da Uni\u00e3o (AGU) e o Instituto Nacional Estudos e Pesquisas Educacionais (Inep) se pronunciem em uma a\u00e7\u00e3o popular que pede a suspens\u00e3o do calend\u00e1rio [&hellip;]<\/p>\n","protected":false},"author":2,"featured_media":28935,"comment_status":"closed","ping_status":"open","sticky":false,"template":"","format":"standard","meta":{"_acf_changed":false,"footnotes":""},"categories":[10,6],"tags":[204,680,681,682,171,371,90,552,54,91,367,366],"class_list":{"0":"post-28933","1":"post","2":"type-post","3":"status-publish","4":"format-standard","5":"has-post-thumbnail","7":"category-acao-parlamentares","8":"category-noticias","9":"tag-204","10":"tag-abraham-weintraub","11":"tag-acao-popular","12":"tag-calendario","13":"tag-coronavirus","14":"tag-covid-19","15":"tag-enem","16":"tag-ivan-valente","17":"tag-justica","18":"tag-mec","19":"tag-pandemia","20":"tag-psolcontraocoronavirus"},"acf":[],"yoast_head":"<!-- This site is optimized with the Yoast SEO plugin v26.5 - https:\/\/yoast.com\/wordpress\/plugins\/seo\/ -->\n<title>Justi\u00e7a d\u00e1 72 horas para MEC explicar manuten\u00e7\u00e3o do calend\u00e1rio do ENEM ap\u00f3s a\u00e7\u00e3o do PSOL<\/title>\n<meta name=\"description\" content=\"A\u00e7\u00e3o popular de Ivan Valente que pede a suspens\u00e3o do calend\u00e1rio do Enem 2020 ou a prorroga\u00e7\u00e3o do prazo de inscri\u00e7\u00e3o para a prova, que termina no dia 22 de maio.\" \/>\n<meta name=\"robots\" content=\"index, follow, max-snippet:-1, max-image-preview:large, max-video-preview:-1\" \/>\n<link rel=\"canonical\" href=\"https:\/\/psol50.org.br\/justica-da-72-horas-para-mec-explicar-manutencao-do-calendario-do-enem-apos-acao-do-psol\/\" \/>\n<meta property=\"og:locale\" content=\"pt_BR\" \/>\n<meta property=\"og:type\" content=\"article\" \/>\n<meta property=\"og:title\" content=\"Justi\u00e7a d\u00e1 72 horas para MEC explicar manuten\u00e7\u00e3o do calend\u00e1rio do ENEM ap\u00f3s a\u00e7\u00e3o do PSOL\" \/>\n<meta property=\"og:description\" content=\"A\u00e7\u00e3o popular de Ivan Valente que pede a suspens\u00e3o do calend\u00e1rio do Enem 2020 ou a prorroga\u00e7\u00e3o do prazo de inscri\u00e7\u00e3o para a prova, que termina no dia 22 de maio.\" \/>\n<meta property=\"og:url\" content=\"https:\/\/psol50.org.br\/justica-da-72-horas-para-mec-explicar-manutencao-do-calendario-do-enem-apos-acao-do-psol\/\" \/>\n<meta property=\"og:site_name\" content=\"PSOL 50\" \/>\n<meta property=\"article:publisher\" content=\"https:\/\/www.facebook.com\/psol50\" \/>\n<meta property=\"article:published_time\" content=\"2020-05-15T17:19:59+00:00\" \/>\n<meta property=\"og:image\" content=\"https:\/\/psol50.org.br\/inc\/uploads\/2020\/05\/NAOI4JU5TNE6LHDCSAAMR4CZIY.jpg\" \/>\n\t<meta property=\"og:image:width\" content=\"1500\" \/>\n\t<meta property=\"og:image:height\" content=\"1000\" \/>\n\t<meta property=\"og:image:type\" content=\"image\/jpeg\" \/>\n<meta name=\"author\" content=\"Comunica\u00e7\u00e3o PSOL\" \/>\n<meta name=\"twitter:card\" content=\"summary_large_image\" \/>\n<meta name=\"twitter:title\" content=\"Justi\u00e7a d\u00e1 72 horas para MEC explicar manuten\u00e7\u00e3o do calend\u00e1rio do ENEM ap\u00f3s a\u00e7\u00e3o do PSOL\" \/>\n<meta name=\"twitter:description\" content=\"A\u00e7\u00e3o popular de Ivan Valente que pede a suspens\u00e3o do calend\u00e1rio do Enem 2020 ou a prorroga\u00e7\u00e3o do prazo de inscri\u00e7\u00e3o para a prova, que termina no dia 22 de maio.\" \/>\n<meta name=\"twitter:image\" content=\"https:\/\/psol50.org.br\/inc\/uploads\/2020\/05\/NAOI4JU5TNE6LHDCSAAMR4CZIY.jpg\" \/>\n<meta name=\"twitter:creator\" content=\"@psol50\" \/>\n<meta name=\"twitter:site\" content=\"@psol50\" \/>\n<meta name=\"twitter:label1\" content=\"Escrito por\" \/>\n\t<meta name=\"twitter:data1\" content=\"Comunica\u00e7\u00e3o PSOL\" \/>\n\t<meta name=\"twitter:label2\" content=\"Est. tempo de leitura\" \/>\n\t<meta name=\"twitter:data2\" content=\"2 minutos\" \/>\n<script type=\"application\/ld+json\" class=\"yoast-schema-graph\">{\"@context\":\"https:\/\/schema.org\",\"@graph\":[{\"@type\":\"Article\",\"@id\":\"https:\/\/psol50.org.br\/justica-da-72-horas-para-mec-explicar-manutencao-do-calendario-do-enem-apos-acao-do-psol\/#article\",\"isPartOf\":{\"@id\":\"https:\/\/psol50.org.br\/justica-da-72-horas-para-mec-explicar-manutencao-do-calendario-do-enem-apos-acao-do-psol\/\"},\"author\":{\"name\":\"Comunica\u00e7\u00e3o PSOL\",\"@id\":\"https:\/\/psol50.org.br\/#\/schema\/person\/475dfa57d0b815993c714c2e96491fcd\"},\"headline\":\"Justi\u00e7a d\u00e1 72 horas para MEC explicar manuten\u00e7\u00e3o do calend\u00e1rio do ENEM ap\u00f3s a\u00e7\u00e3o do PSOL\",\"datePublished\":\"2020-05-15T17:19:59+00:00\",\"mainEntityOfPage\":{\"@id\":\"https:\/\/psol50.org.br\/justica-da-72-horas-para-mec-explicar-manutencao-do-calendario-do-enem-apos-acao-do-psol\/\"},\"wordCount\":456,\"publisher\":{\"@id\":\"https:\/\/psol50.org.br\/#organization\"},\"image\":{\"@id\":\"https:\/\/psol50.org.br\/justica-da-72-horas-para-mec-explicar-manutencao-do-calendario-do-enem-apos-acao-do-psol\/#primaryimage\"},\"thumbnailUrl\":\"https:\/\/psol50.org.br\/inc\/uploads\/2020\/05\/NAOI4JU5TNE6LHDCSAAMR4CZIY.jpg\",\"keywords\":[\"2020\",\"Abraham Weintraub\",\"a\u00e7\u00e3o popular\",\"calend\u00e1rio\",\"coronav\u00edrus\",\"covid-19\",\"Enem\",\"Ivan Valente\",\"justi\u00e7a\",\"MEC\",\"pandemia\",\"psolcontraocoronavirus\"],\"articleSection\":[\"A\u00e7\u00e3o Parlamentar\",\"Not\u00edcias\"],\"inLanguage\":\"pt-BR\"},{\"@type\":\"WebPage\",\"@id\":\"https:\/\/psol50.org.br\/justica-da-72-horas-para-mec-explicar-manutencao-do-calendario-do-enem-apos-acao-do-psol\/\",\"url\":\"https:\/\/psol50.org.br\/justica-da-72-horas-para-mec-explicar-manutencao-do-calendario-do-enem-apos-acao-do-psol\/\",\"name\":\"Justi\u00e7a d\u00e1 72 horas para MEC explicar manuten\u00e7\u00e3o do calend\u00e1rio do ENEM ap\u00f3s a\u00e7\u00e3o do PSOL\",\"isPartOf\":{\"@id\":\"https:\/\/psol50.org.br\/#website\"},\"primaryImageOfPage\":{\"@id\":\"https:\/\/psol50.org.br\/justica-da-72-horas-para-mec-explicar-manutencao-do-calendario-do-enem-apos-acao-do-psol\/#primaryimage\"},\"image\":{\"@id\":\"https:\/\/psol50.org.br\/justica-da-72-horas-para-mec-explicar-manutencao-do-calendario-do-enem-apos-acao-do-psol\/#primaryimage\"},\"thumbnailUrl\":\"https:\/\/psol50.org.br\/inc\/uploads\/2020\/05\/NAOI4JU5TNE6LHDCSAAMR4CZIY.jpg\",\"datePublished\":\"2020-05-15T17:19:59+00:00\",\"description\":\"A\u00e7\u00e3o popular de Ivan Valente que pede a suspens\u00e3o do calend\u00e1rio do Enem 2020 ou a prorroga\u00e7\u00e3o do prazo de inscri\u00e7\u00e3o para a prova, que termina no dia 22 de maio.\",\"breadcrumb\":{\"@id\":\"https:\/\/psol50.org.br\/justica-da-72-horas-para-mec-explicar-manutencao-do-calendario-do-enem-apos-acao-do-psol\/#breadcrumb\"},\"inLanguage\":\"pt-BR\",\"potentialAction\":[{\"@type\":\"ReadAction\",\"target\":[\"https:\/\/psol50.org.br\/justica-da-72-horas-para-mec-explicar-manutencao-do-calendario-do-enem-apos-acao-do-psol\/\"]}]},{\"@type\":\"ImageObject\",\"inLanguage\":\"pt-BR\",\"@id\":\"https:\/\/psol50.org.br\/justica-da-72-horas-para-mec-explicar-manutencao-do-calendario-do-enem-apos-acao-do-psol\/#primaryimage\",\"url\":\"https:\/\/psol50.org.br\/inc\/uploads\/2020\/05\/NAOI4JU5TNE6LHDCSAAMR4CZIY.jpg\",\"contentUrl\":\"https:\/\/psol50.org.br\/inc\/uploads\/2020\/05\/NAOI4JU5TNE6LHDCSAAMR4CZIY.jpg\",\"width\":1500,\"height\":1000,\"caption\":\"Foto: Luis Fortes\/MEC\"},{\"@type\":\"BreadcrumbList\",\"@id\":\"https:\/\/psol50.org.br\/justica-da-72-horas-para-mec-explicar-manutencao-do-calendario-do-enem-apos-acao-do-psol\/#breadcrumb\",\"itemListElement\":[{\"@type\":\"ListItem\",\"position\":1,\"name\":\"In\u00edcio\",\"item\":\"https:\/\/psol50.org.br\/\"},{\"@type\":\"ListItem\",\"position\":2,\"name\":\"Justi\u00e7a d\u00e1 72 horas para MEC explicar manuten\u00e7\u00e3o do calend\u00e1rio do ENEM ap\u00f3s a\u00e7\u00e3o do PSOL\"}]},{\"@type\":\"WebSite\",\"@id\":\"https:\/\/psol50.org.br\/#website\",\"url\":\"https:\/\/psol50.org.br\/\",\"name\":\"PSOL 50\",\"description\":\"Site oficial do Partido Socialismo e Liberdade\",\"publisher\":{\"@id\":\"https:\/\/psol50.org.br\/#organization\"},\"alternateName\":\"PSOL50\",\"potentialAction\":[{\"@type\":\"SearchAction\",\"target\":{\"@type\":\"EntryPoint\",\"urlTemplate\":\"https:\/\/psol50.org.br\/?s={search_term_string}\"},\"query-input\":{\"@type\":\"PropertyValueSpecification\",\"valueRequired\":true,\"valueName\":\"search_term_string\"}}],\"inLanguage\":\"pt-BR\"},{\"@type\":\"Organization\",\"@id\":\"https:\/\/psol50.org.br\/#organization\",\"name\":\"PSOL 50\",\"alternateName\":\"PSOL 50\",\"url\":\"https:\/\/psol50.org.br\/\",\"logo\":{\"@type\":\"ImageObject\",\"inLanguage\":\"pt-BR\",\"@id\":\"https:\/\/psol50.org.br\/#\/schema\/logo\/image\/\",\"url\":\"https:\/\/psol50.org.br\/inc\/uploads\/2018\/07\/capa.png\",\"contentUrl\":\"https:\/\/psol50.org.br\/inc\/uploads\/2018\/07\/capa.png\",\"width\":1350,\"height\":900,\"caption\":\"PSOL 50\"},\"image\":{\"@id\":\"https:\/\/psol50.org.br\/#\/schema\/logo\/image\/\"},\"sameAs\":[\"https:\/\/www.facebook.com\/psol50\",\"https:\/\/x.com\/psol50\",\"https:\/\/www.instagram.com\/psol50\/\",\"https:\/\/www.youtube.com\/channel\/UC7SnJS5o1os7a6CaiNabzcg\"]},{\"@type\":\"Person\",\"@id\":\"https:\/\/psol50.org.br\/#\/schema\/person\/475dfa57d0b815993c714c2e96491fcd\",\"name\":\"Comunica\u00e7\u00e3o PSOL\",\"image\":{\"@type\":\"ImageObject\",\"inLanguage\":\"pt-BR\",\"@id\":\"https:\/\/psol50.org.br\/#\/schema\/person\/image\/\",\"url\":\"https:\/\/secure.gravatar.com\/avatar\/b34fc4f4e468a4e51785917065a3db57b841f5c95dba6ad8c73aaf8f66f8f9bf?s=96&d=mm&r=g\",\"contentUrl\":\"https:\/\/secure.gravatar.com\/avatar\/b34fc4f4e468a4e51785917065a3db57b841f5c95dba6ad8c73aaf8f66f8f9bf?s=96&d=mm&r=g\",\"caption\":\"Comunica\u00e7\u00e3o PSOL\"}}]}<\/script>\n<!-- \/ Yoast SEO plugin. -->","yoast_head_json":{"title":"Justi\u00e7a d\u00e1 72 horas para MEC explicar manuten\u00e7\u00e3o do calend\u00e1rio do ENEM ap\u00f3s a\u00e7\u00e3o do PSOL","description":"A\u00e7\u00e3o popular de Ivan Valente que pede a suspens\u00e3o do calend\u00e1rio do Enem 2020 ou a prorroga\u00e7\u00e3o do prazo de inscri\u00e7\u00e3o para a prova, que termina no dia 22 de maio.","robots":{"index":"index","follow":"follow","max-snippet":"max-snippet:-1","max-image-preview":"max-image-preview:large","max-video-preview":"max-video-preview:-1"},"canonical":"https:\/\/psol50.org.br\/justica-da-72-horas-para-mec-explicar-manutencao-do-calendario-do-enem-apos-acao-do-psol\/","og_locale":"pt_BR","og_type":"article","og_title":"Justi\u00e7a d\u00e1 72 horas para MEC explicar manuten\u00e7\u00e3o do calend\u00e1rio do ENEM ap\u00f3s a\u00e7\u00e3o do PSOL","og_description":"A\u00e7\u00e3o popular de Ivan Valente que pede a suspens\u00e3o do calend\u00e1rio do Enem 2020 ou a prorroga\u00e7\u00e3o do prazo de inscri\u00e7\u00e3o para a prova, que termina no dia 22 de maio.","og_url":"https:\/\/psol50.org.br\/justica-da-72-horas-para-mec-explicar-manutencao-do-calendario-do-enem-apos-acao-do-psol\/","og_site_name":"PSOL 50","article_publisher":"https:\/\/www.facebook.com\/psol50","article_published_time":"2020-05-15T17:19:59+00:00","og_image":[{"width":1500,"height":1000,"url":"https:\/\/psol50.org.br\/inc\/uploads\/2020\/05\/NAOI4JU5TNE6LHDCSAAMR4CZIY.jpg","type":"image\/jpeg"}],"author":"Comunica\u00e7\u00e3o PSOL","twitter_card":"summary_large_image","twitter_title":"Justi\u00e7a d\u00e1 72 horas para MEC explicar manuten\u00e7\u00e3o do calend\u00e1rio do ENEM ap\u00f3s a\u00e7\u00e3o do PSOL","twitter_description":"A\u00e7\u00e3o popular de Ivan Valente que pede a suspens\u00e3o do calend\u00e1rio do Enem 2020 ou a prorroga\u00e7\u00e3o do prazo de inscri\u00e7\u00e3o para a prova, que termina no dia 22 de maio.","twitter_image":"https:\/\/psol50.org.br\/inc\/uploads\/2020\/05\/NAOI4JU5TNE6LHDCSAAMR4CZIY.jpg","twitter_creator":"@psol50","twitter_site":"@psol50","twitter_misc":{"Escrito por":"Comunica\u00e7\u00e3o PSOL","Est. tempo de leitura":"2 minutos"},"schema":{"@context":"https:\/\/schema.org","@graph":[{"@type":"Article","@id":"https:\/\/psol50.org.br\/justica-da-72-horas-para-mec-explicar-manutencao-do-calendario-do-enem-apos-acao-do-psol\/#article","isPartOf":{"@id":"https:\/\/psol50.org.br\/justica-da-72-horas-para-mec-explicar-manutencao-do-calendario-do-enem-apos-acao-do-psol\/"},"author":{"name":"Comunica\u00e7\u00e3o PSOL","@id":"https:\/\/psol50.org.br\/#\/schema\/person\/475dfa57d0b815993c714c2e96491fcd"},"headline":"Justi\u00e7a d\u00e1 72 horas para MEC explicar manuten\u00e7\u00e3o do calend\u00e1rio do ENEM ap\u00f3s a\u00e7\u00e3o do PSOL","datePublished":"2020-05-15T17:19:59+00:00","mainEntityOfPage":{"@id":"https:\/\/psol50.org.br\/justica-da-72-horas-para-mec-explicar-manutencao-do-calendario-do-enem-apos-acao-do-psol\/"},"wordCount":456,"publisher":{"@id":"https:\/\/psol50.org.br\/#organization"},"image":{"@id":"https:\/\/psol50.org.br\/justica-da-72-horas-para-mec-explicar-manutencao-do-calendario-do-enem-apos-acao-do-psol\/#primaryimage"},"thumbnailUrl":"https:\/\/psol50.org.br\/inc\/uploads\/2020\/05\/NAOI4JU5TNE6LHDCSAAMR4CZIY.jpg","keywords":["2020","Abraham Weintraub","a\u00e7\u00e3o popular","calend\u00e1rio","coronav\u00edrus","covid-19","Enem","Ivan Valente","justi\u00e7a","MEC","pandemia","psolcontraocoronavirus"],"articleSection":["A\u00e7\u00e3o Parlamentar","Not\u00edcias"],"inLanguage":"pt-BR"},{"@type":"WebPage","@id":"https:\/\/psol50.org.br\/justica-da-72-horas-para-mec-explicar-manutencao-do-calendario-do-enem-apos-acao-do-psol\/","url":"https:\/\/psol50.org.br\/justica-da-72-horas-para-mec-explicar-manutencao-do-calendario-do-enem-apos-acao-do-psol\/","name":"Justi\u00e7a d\u00e1 72 horas para MEC explicar manuten\u00e7\u00e3o do calend\u00e1rio do ENEM ap\u00f3s a\u00e7\u00e3o do PSOL","isPartOf":{"@id":"https:\/\/psol50.org.br\/#website"},"primaryImageOfPage":{"@id":"https:\/\/psol50.org.br\/justica-da-72-horas-para-mec-explicar-manutencao-do-calendario-do-enem-apos-acao-do-psol\/#primaryimage"},"image":{"@id":"https:\/\/psol50.org.br\/justica-da-72-horas-para-mec-explicar-manutencao-do-calendario-do-enem-apos-acao-do-psol\/#primaryimage"},"thumbnailUrl":"https:\/\/psol50.org.br\/inc\/uploads\/2020\/05\/NAOI4JU5TNE6LHDCSAAMR4CZIY.jpg","datePublished":"2020-05-15T17:19:59+00:00","description":"A\u00e7\u00e3o popular de Ivan Valente que pede a suspens\u00e3o do calend\u00e1rio do Enem 2020 ou a prorroga\u00e7\u00e3o do prazo de inscri\u00e7\u00e3o para a prova, que termina no dia 22 de maio.","breadcrumb":{"@id":"https:\/\/psol50.org.br\/justica-da-72-horas-para-mec-explicar-manutencao-do-calendario-do-enem-apos-acao-do-psol\/#breadcrumb"},"inLanguage":"pt-BR","potentialAction":[{"@type":"ReadAction","target":["https:\/\/psol50.org.br\/justica-da-72-horas-para-mec-explicar-manutencao-do-calendario-do-enem-apos-acao-do-psol\/"]}]},{"@type":"ImageObject","inLanguage":"pt-BR","@id":"https:\/\/psol50.org.br\/justica-da-72-horas-para-mec-explicar-manutencao-do-calendario-do-enem-apos-acao-do-psol\/#primaryimage","url":"https:\/\/psol50.org.br\/inc\/uploads\/2020\/05\/NAOI4JU5TNE6LHDCSAAMR4CZIY.jpg","contentUrl":"https:\/\/psol50.org.br\/inc\/uploads\/2020\/05\/NAOI4JU5TNE6LHDCSAAMR4CZIY.jpg","width":1500,"height":1000,"caption":"Foto: Luis Fortes\/MEC"},{"@type":"BreadcrumbList","@id":"https:\/\/psol50.org.br\/justica-da-72-horas-para-mec-explicar-manutencao-do-calendario-do-enem-apos-acao-do-psol\/#breadcrumb","itemListElement":[{"@type":"ListItem","position":1,"name":"In\u00edcio","item":"https:\/\/psol50.org.br\/"},{"@type":"ListItem","position":2,"name":"Justi\u00e7a d\u00e1 72 horas para MEC explicar manuten\u00e7\u00e3o do calend\u00e1rio do ENEM ap\u00f3s a\u00e7\u00e3o do PSOL"}]},{"@type":"WebSite","@id":"https:\/\/psol50.org.br\/#website","url":"https:\/\/psol50.org.br\/","name":"PSOL 50","description":"Site oficial do Partido Socialismo e Liberdade","publisher":{"@id":"https:\/\/psol50.org.br\/#organization"},"alternateName":"PSOL50","potentialAction":[{"@type":"SearchAction","target":{"@type":"EntryPoint","urlTemplate":"https:\/\/psol50.org.br\/?s={search_term_string}"},"query-input":{"@type":"PropertyValueSpecification","valueRequired":true,"valueName":"search_term_string"}}],"inLanguage":"pt-BR"},{"@type":"Organization","@id":"https:\/\/psol50.org.br\/#organization","name":"PSOL 50","alternateName":"PSOL 50","url":"https:\/\/psol50.org.br\/","logo":{"@type":"ImageObject","inLanguage":"pt-BR","@id":"https:\/\/psol50.org.br\/#\/schema\/logo\/image\/","url":"https:\/\/psol50.org.br\/inc\/uploads\/2018\/07\/capa.png","contentUrl":"https:\/\/psol50.org.br\/inc\/uploads\/2018\/07\/capa.png","width":1350,"height":900,"caption":"PSOL 50"},"image":{"@id":"https:\/\/psol50.org.br\/#\/schema\/logo\/image\/"},"sameAs":["https:\/\/www.facebook.com\/psol50","https:\/\/x.com\/psol50","https:\/\/www.instagram.com\/psol50\/","https:\/\/www.youtube.com\/channel\/UC7SnJS5o1os7a6CaiNabzcg"]},{"@type":"Person","@id":"https:\/\/psol50.org.br\/#\/schema\/person\/475dfa57d0b815993c714c2e96491fcd","name":"Comunica\u00e7\u00e3o PSOL","image":{"@type":"ImageObject","inLanguage":"pt-BR","@id":"https:\/\/psol50.org.br\/#\/schema\/person\/image\/","url":"https:\/\/secure.gravatar.com\/avatar\/b34fc4f4e468a4e51785917065a3db57b841f5c95dba6ad8c73aaf8f66f8f9bf?s=96&d=mm&r=g","contentUrl":"https:\/\/secure.gravatar.com\/avatar\/b34fc4f4e468a4e51785917065a3db57b841f5c95dba6ad8c73aaf8f66f8f9bf?s=96&d=mm&r=g","caption":"Comunica\u00e7\u00e3o PSOL"}}]}},"_links":{"self":[{"href":"https:\/\/psol50.org.br\/rest\/wp\/v2\/posts\/28933","targetHints":{"allow":["GET"]}}],"collection":[{"href":"https:\/\/psol50.org.br\/rest\/wp\/v2\/posts"}],"about":[{"href":"https:\/\/psol50.org.br\/rest\/wp\/v2\/types\/post"}],"author":[{"embeddable":true,"href":"https:\/\/psol50.org.br\/rest\/wp\/v2\/users\/2"}],"replies":[{"embeddable":true,"href":"https:\/\/psol50.org.br\/rest\/wp\/v2\/comments?post=28933"}],"version-history":[{"count":0,"href":"https:\/\/psol50.org.br\/rest\/wp\/v2\/posts\/28933\/revisions"}],"wp:featuredmedia":[{"embeddable":true,"href":"https:\/\/psol50.org.br\/rest\/wp\/v2\/media\/28935"}],"wp:attachment":[{"href":"https:\/\/psol50.org.br\/rest\/wp\/v2\/media?parent=28933"}],"wp:term":[{"taxonomy":"category","embeddable":true,"href":"https:\/\/psol50.org.br\/rest\/wp\/v2\/categories?post=28933"},{"taxonomy":"post_tag","embeddable":true,"href":"https:\/\/psol50.org.br\/rest\/wp\/v2\/tags?post=28933"}],"curies":[{"name":"wp","href":"https:\/\/api.w.org\/{rel}","templated":true}]}}