{"id":28947,"date":"2020-05-15T14:57:09","date_gmt":"2020-05-15T17:57:09","guid":{"rendered":"https:\/\/psol50.org.br\/?p=28947"},"modified":"2020-05-15T14:57:09","modified_gmt":"2020-05-15T17:57:09","slug":"psol-pede-convocacao-de-onyx-lorenzoni-sobre-a-exclusao-de-familiares-de-presos-da-renda-basica-emergencial","status":"publish","type":"post","link":"https:\/\/psol50.org.br\/psol-pede-convocacao-de-onyx-lorenzoni-sobre-a-exclusao-de-familiares-de-presos-da-renda-basica-emergencial\/","title":{"rendered":"PSOL pede convoca\u00e7\u00e3o de Onyx Lorenzoni sobre a exclus\u00e3o de familiares de presos da Renda B\u00e1sica emergencial"},"content":{"rendered":"<p><a href=\"http:\/\/psol50.org.br\/coronavirus\" target=\"_blank\" rel=\"noopener noreferrer\"><img loading=\"lazy\" decoding=\"async\" class=\"alignnone size-full wp-image-27838\" src=\"https:\/\/psol50.org.br\/inc\/uploads\/2020\/03\/Banner-Site_3.png\" alt=\"\" width=\"1240\" height=\"331\" srcset=\"https:\/\/psol50.org.br\/inc\/uploads\/2020\/03\/Banner-Site_3.png 1240w, https:\/\/psol50.org.br\/inc\/uploads\/2020\/03\/Banner-Site_3-300x80.png 300w, https:\/\/psol50.org.br\/inc\/uploads\/2020\/03\/Banner-Site_3-1024x273.png 1024w, https:\/\/psol50.org.br\/inc\/uploads\/2020\/03\/Banner-Site_3-768x205.png 768w, https:\/\/psol50.org.br\/inc\/uploads\/2020\/03\/Banner-Site_3-150x40.png 150w, https:\/\/psol50.org.br\/inc\/uploads\/2020\/03\/Banner-Site_3-696x186.png 696w, https:\/\/psol50.org.br\/inc\/uploads\/2020\/03\/Banner-Site_3-1068x285.png 1068w\" sizes=\"auto, (max-width: 1240px) 100vw, 1240px\" \/><\/a><\/p>\n<p>A bancada do PSOL na C\u00e2mara protocolou na \u00faltima quinta-feira (14) um requerimento de convoca\u00e7\u00e3o do ministro da Cidadania, Onyx Lorenzoni, para prestar os devidos esclarecimentos sobre a exclus\u00e3o do pagamento da Renda B\u00e1sica emergencial aos familiares de presos em meio \u00e0 grav\u00edssima crise sanit\u00e1ria que enfrenta o Brasil.<\/p>\n<p>De acordo com den\u00fancias publicadas na imprensa, familiares de pessoas presas foram exclu\u00eddas pelo governo do aux\u00edlio emergencial de R$600. Na reportagem, mesmo sem previs\u00e3o legal, cerca de 39 mil pedidos de pessoas presas ou de seus familiares ter\u00e3o que passar por um \u201cprocessamento adicional\u201d.<\/p>\n<p>Em of\u00edcio encaminhado ao Minist\u00e9rio P\u00fablico Federal (MPF) pelo Minist\u00e9rio da Cidadania, a Dataprev, empresa que faz o processamento para a concess\u00e3o do programa emergencial, restringiu o acesso do aux\u00edlio a familiares de pessoas presas. No texto, a Dataprev afirma que o Minist\u00e9rio da Cidadania estabeleceu \u201cainda que de forma n\u00e3o definitiva, a restri\u00e7\u00e3o da concess\u00e3o do aux\u00edlio emergencial a requerente ou membro de grupo familiar\u201d constante na base do Departamento Nacional do Sistema Penitenci\u00e1rio (Depen), do Minist\u00e9rio da Justi\u00e7a, e do regime fechado de S\u00e3o Paulo.<\/p>\n<p>De acordo com a Dataprev, dos 98 milh\u00f5es de requerimentos processados pela empresa, foram identificados 1,5 milh\u00e3o de CPFs com \u201ccomplexidade de cen\u00e1rios\u201d. Deste total, cerca de 39 mil requerimentos foram apresentados por pessoas presas ou que cont\u00eam o registro de pessoas presas na sua composi\u00e7\u00e3o familiar.<\/p>\n<p>Para a bancada do PSOL, \u201c\u00e9 incompat\u00edvel com o estado democr\u00e1tico de direito que qualquer cidad\u00e3o ou cidad\u00e3 seja discriminado e tenha seu pedido de acesso a um fundo emergencial negado ou atrasado, em um per\u00edodo de pandemia, em raz\u00e3o de um crit\u00e9rio n\u00e3o previsto em lei. \u00c9 extremamente preocupante ainda, que o governo utilize bases de dados que podem estar defasadas, impactando assim milhares fam\u00edlias de pessoas que podem n\u00e3o mais estar presas\u201d.<\/p>\n","protected":false},"excerpt":{"rendered":"<p>A bancada do PSOL na C\u00e2mara protocolou na \u00faltima quinta-feira (14) um requerimento de convoca\u00e7\u00e3o do ministro da Cidadania, Onyx Lorenzoni, para prestar os devidos esclarecimentos sobre a exclus\u00e3o do pagamento da Renda B\u00e1sica emergencial aos familiares de presos em meio \u00e0 grav\u00edssima crise sanit\u00e1ria que enfrenta o Brasil. De acordo com den\u00fancias publicadas na [&hellip;]<\/p>\n","protected":false},"author":2,"featured_media":28949,"comment_status":"closed","ping_status":"open","sticky":false,"template":"","format":"standard","meta":{"_acf_changed":false,"footnotes":""},"categories":[10,6],"tags":[196,683,583,536,426,22,366,502],"class_list":{"0":"post-28947","1":"post","2":"type-post","3":"status-publish","4":"format-standard","5":"has-post-thumbnail","7":"category-acao-parlamentares","8":"category-noticias","9":"tag-dataprev","10":"tag-familiares","11":"tag-onyx-lorenzoni","12":"tag-populacao-carceraria","13":"tag-prisoes","14":"tag-psol","15":"tag-psolcontraocoronavirus","16":"tag-renda-basica-emergencial"},"acf":[],"yoast_head":"<!-- This site is optimized with the Yoast SEO plugin v26.5 - https:\/\/yoast.com\/wordpress\/plugins\/seo\/ -->\n<title>PSOL pede convoca\u00e7\u00e3o de Onyx Lorenzoni sobre a exclus\u00e3o de familiares de presos da Renda B\u00e1sica emergencial<\/title>\n<meta name=\"description\" content=\"A Dataprev, empresa que faz o processamento para a concess\u00e3o do programa emergencial, restringiu o acesso do aux\u00edlio a familiares de pessoas presas.\" \/>\n<meta name=\"robots\" content=\"index, follow, max-snippet:-1, max-image-preview:large, max-video-preview:-1\" \/>\n<link rel=\"canonical\" href=\"https:\/\/psol50.org.br\/psol-pede-convocacao-de-onyx-lorenzoni-sobre-a-exclusao-de-familiares-de-presos-da-renda-basica-emergencial\/\" \/>\n<meta property=\"og:locale\" content=\"pt_BR\" \/>\n<meta property=\"og:type\" content=\"article\" \/>\n<meta property=\"og:title\" content=\"PSOL pede convoca\u00e7\u00e3o de Onyx Lorenzoni sobre a exclus\u00e3o de familiares de presos da Renda B\u00e1sica emergencial\" \/>\n<meta property=\"og:description\" content=\"A Dataprev, empresa que faz o processamento para a concess\u00e3o do programa emergencial, restringiu o acesso do aux\u00edlio a familiares de pessoas presas.\" \/>\n<meta property=\"og:url\" content=\"https:\/\/psol50.org.br\/psol-pede-convocacao-de-onyx-lorenzoni-sobre-a-exclusao-de-familiares-de-presos-da-renda-basica-emergencial\/\" \/>\n<meta property=\"og:site_name\" content=\"PSOL 50\" \/>\n<meta property=\"article:publisher\" content=\"https:\/\/www.facebook.com\/psol50\" \/>\n<meta property=\"article:published_time\" content=\"2020-05-15T17:57:09+00:00\" \/>\n<meta property=\"og:image\" content=\"https:\/\/psol50.org.br\/inc\/uploads\/2020\/05\/Screenshot_2020-05-14-onyx-lorenzoni-Pesquisa-Google1.png\" \/>\n\t<meta property=\"og:image:width\" content=\"535\" \/>\n\t<meta property=\"og:image:height\" content=\"372\" \/>\n\t<meta property=\"og:image:type\" content=\"image\/png\" \/>\n<meta name=\"author\" content=\"Comunica\u00e7\u00e3o PSOL\" \/>\n<meta name=\"twitter:card\" content=\"summary_large_image\" \/>\n<meta name=\"twitter:title\" content=\"PSOL pede convoca\u00e7\u00e3o de Onyx Lorenzoni sobre a exclus\u00e3o de familiares de presos da Renda B\u00e1sica emergencial\" \/>\n<meta name=\"twitter:description\" content=\"A Dataprev, empresa que faz o processamento para a concess\u00e3o do programa emergencial, restringiu o acesso do aux\u00edlio a familiares de pessoas presas.\" \/>\n<meta name=\"twitter:image\" content=\"https:\/\/psol50.org.br\/inc\/uploads\/2020\/05\/Screenshot_2020-05-14-onyx-lorenzoni-Pesquisa-Google1.png\" \/>\n<meta name=\"twitter:creator\" content=\"@psol50\" \/>\n<meta name=\"twitter:site\" content=\"@psol50\" \/>\n<meta name=\"twitter:label1\" content=\"Escrito por\" \/>\n\t<meta name=\"twitter:data1\" content=\"Comunica\u00e7\u00e3o PSOL\" \/>\n\t<meta name=\"twitter:label2\" content=\"Est. tempo de leitura\" \/>\n\t<meta name=\"twitter:data2\" content=\"2 minutos\" \/>\n<script type=\"application\/ld+json\" class=\"yoast-schema-graph\">{\"@context\":\"https:\/\/schema.org\",\"@graph\":[{\"@type\":\"Article\",\"@id\":\"https:\/\/psol50.org.br\/psol-pede-convocacao-de-onyx-lorenzoni-sobre-a-exclusao-de-familiares-de-presos-da-renda-basica-emergencial\/#article\",\"isPartOf\":{\"@id\":\"https:\/\/psol50.org.br\/psol-pede-convocacao-de-onyx-lorenzoni-sobre-a-exclusao-de-familiares-de-presos-da-renda-basica-emergencial\/\"},\"author\":{\"name\":\"Comunica\u00e7\u00e3o PSOL\",\"@id\":\"https:\/\/psol50.org.br\/#\/schema\/person\/475dfa57d0b815993c714c2e96491fcd\"},\"headline\":\"PSOL pede convoca\u00e7\u00e3o de Onyx Lorenzoni sobre a exclus\u00e3o de familiares de presos da Renda B\u00e1sica emergencial\",\"datePublished\":\"2020-05-15T17:57:09+00:00\",\"mainEntityOfPage\":{\"@id\":\"https:\/\/psol50.org.br\/psol-pede-convocacao-de-onyx-lorenzoni-sobre-a-exclusao-de-familiares-de-presos-da-renda-basica-emergencial\/\"},\"wordCount\":354,\"publisher\":{\"@id\":\"https:\/\/psol50.org.br\/#organization\"},\"image\":{\"@id\":\"https:\/\/psol50.org.br\/psol-pede-convocacao-de-onyx-lorenzoni-sobre-a-exclusao-de-familiares-de-presos-da-renda-basica-emergencial\/#primaryimage\"},\"thumbnailUrl\":\"https:\/\/psol50.org.br\/inc\/uploads\/2020\/05\/Screenshot_2020-05-14-onyx-lorenzoni-Pesquisa-Google1.png\",\"keywords\":[\"dataprev\",\"familiares\",\"Onyx Lorenzoni\",\"popula\u00e7\u00e3o carcer\u00e1ria\",\"pris\u00f5es\",\"PSOL\",\"psolcontraocoronavirus\",\"renda b\u00e1sica emergencial\"],\"articleSection\":[\"A\u00e7\u00e3o Parlamentar\",\"Not\u00edcias\"],\"inLanguage\":\"pt-BR\"},{\"@type\":\"WebPage\",\"@id\":\"https:\/\/psol50.org.br\/psol-pede-convocacao-de-onyx-lorenzoni-sobre-a-exclusao-de-familiares-de-presos-da-renda-basica-emergencial\/\",\"url\":\"https:\/\/psol50.org.br\/psol-pede-convocacao-de-onyx-lorenzoni-sobre-a-exclusao-de-familiares-de-presos-da-renda-basica-emergencial\/\",\"name\":\"PSOL pede convoca\u00e7\u00e3o de Onyx Lorenzoni sobre a exclus\u00e3o de familiares de presos da Renda B\u00e1sica emergencial\",\"isPartOf\":{\"@id\":\"https:\/\/psol50.org.br\/#website\"},\"primaryImageOfPage\":{\"@id\":\"https:\/\/psol50.org.br\/psol-pede-convocacao-de-onyx-lorenzoni-sobre-a-exclusao-de-familiares-de-presos-da-renda-basica-emergencial\/#primaryimage\"},\"image\":{\"@id\":\"https:\/\/psol50.org.br\/psol-pede-convocacao-de-onyx-lorenzoni-sobre-a-exclusao-de-familiares-de-presos-da-renda-basica-emergencial\/#primaryimage\"},\"thumbnailUrl\":\"https:\/\/psol50.org.br\/inc\/uploads\/2020\/05\/Screenshot_2020-05-14-onyx-lorenzoni-Pesquisa-Google1.png\",\"datePublished\":\"2020-05-15T17:57:09+00:00\",\"description\":\"A Dataprev, empresa que faz o processamento para a concess\u00e3o do programa emergencial, restringiu o acesso do aux\u00edlio a familiares de pessoas presas.\",\"breadcrumb\":{\"@id\":\"https:\/\/psol50.org.br\/psol-pede-convocacao-de-onyx-lorenzoni-sobre-a-exclusao-de-familiares-de-presos-da-renda-basica-emergencial\/#breadcrumb\"},\"inLanguage\":\"pt-BR\",\"potentialAction\":[{\"@type\":\"ReadAction\",\"target\":[\"https:\/\/psol50.org.br\/psol-pede-convocacao-de-onyx-lorenzoni-sobre-a-exclusao-de-familiares-de-presos-da-renda-basica-emergencial\/\"]}]},{\"@type\":\"ImageObject\",\"inLanguage\":\"pt-BR\",\"@id\":\"https:\/\/psol50.org.br\/psol-pede-convocacao-de-onyx-lorenzoni-sobre-a-exclusao-de-familiares-de-presos-da-renda-basica-emergencial\/#primaryimage\",\"url\":\"https:\/\/psol50.org.br\/inc\/uploads\/2020\/05\/Screenshot_2020-05-14-onyx-lorenzoni-Pesquisa-Google1.png\",\"contentUrl\":\"https:\/\/psol50.org.br\/inc\/uploads\/2020\/05\/Screenshot_2020-05-14-onyx-lorenzoni-Pesquisa-Google1.png\",\"width\":535,\"height\":372},{\"@type\":\"BreadcrumbList\",\"@id\":\"https:\/\/psol50.org.br\/psol-pede-convocacao-de-onyx-lorenzoni-sobre-a-exclusao-de-familiares-de-presos-da-renda-basica-emergencial\/#breadcrumb\",\"itemListElement\":[{\"@type\":\"ListItem\",\"position\":1,\"name\":\"In\u00edcio\",\"item\":\"https:\/\/psol50.org.br\/\"},{\"@type\":\"ListItem\",\"position\":2,\"name\":\"PSOL pede convoca\u00e7\u00e3o de Onyx Lorenzoni sobre a exclus\u00e3o de familiares de presos da Renda B\u00e1sica emergencial\"}]},{\"@type\":\"WebSite\",\"@id\":\"https:\/\/psol50.org.br\/#website\",\"url\":\"https:\/\/psol50.org.br\/\",\"name\":\"PSOL 50\",\"description\":\"Site oficial do Partido Socialismo e Liberdade\",\"publisher\":{\"@id\":\"https:\/\/psol50.org.br\/#organization\"},\"alternateName\":\"PSOL50\",\"potentialAction\":[{\"@type\":\"SearchAction\",\"target\":{\"@type\":\"EntryPoint\",\"urlTemplate\":\"https:\/\/psol50.org.br\/?s={search_term_string}\"},\"query-input\":{\"@type\":\"PropertyValueSpecification\",\"valueRequired\":true,\"valueName\":\"search_term_string\"}}],\"inLanguage\":\"pt-BR\"},{\"@type\":\"Organization\",\"@id\":\"https:\/\/psol50.org.br\/#organization\",\"name\":\"PSOL 50\",\"alternateName\":\"PSOL 50\",\"url\":\"https:\/\/psol50.org.br\/\",\"logo\":{\"@type\":\"ImageObject\",\"inLanguage\":\"pt-BR\",\"@id\":\"https:\/\/psol50.org.br\/#\/schema\/logo\/image\/\",\"url\":\"https:\/\/psol50.org.br\/inc\/uploads\/2018\/07\/capa.png\",\"contentUrl\":\"https:\/\/psol50.org.br\/inc\/uploads\/2018\/07\/capa.png\",\"width\":1350,\"height\":900,\"caption\":\"PSOL 50\"},\"image\":{\"@id\":\"https:\/\/psol50.org.br\/#\/schema\/logo\/image\/\"},\"sameAs\":[\"https:\/\/www.facebook.com\/psol50\",\"https:\/\/x.com\/psol50\",\"https:\/\/www.instagram.com\/psol50\/\",\"https:\/\/www.youtube.com\/channel\/UC7SnJS5o1os7a6CaiNabzcg\"]},{\"@type\":\"Person\",\"@id\":\"https:\/\/psol50.org.br\/#\/schema\/person\/475dfa57d0b815993c714c2e96491fcd\",\"name\":\"Comunica\u00e7\u00e3o PSOL\",\"image\":{\"@type\":\"ImageObject\",\"inLanguage\":\"pt-BR\",\"@id\":\"https:\/\/psol50.org.br\/#\/schema\/person\/image\/\",\"url\":\"https:\/\/secure.gravatar.com\/avatar\/b34fc4f4e468a4e51785917065a3db57b841f5c95dba6ad8c73aaf8f66f8f9bf?s=96&d=mm&r=g\",\"contentUrl\":\"https:\/\/secure.gravatar.com\/avatar\/b34fc4f4e468a4e51785917065a3db57b841f5c95dba6ad8c73aaf8f66f8f9bf?s=96&d=mm&r=g\",\"caption\":\"Comunica\u00e7\u00e3o PSOL\"}}]}<\/script>\n<!-- \/ Yoast SEO plugin. -->","yoast_head_json":{"title":"PSOL pede convoca\u00e7\u00e3o de Onyx Lorenzoni sobre a exclus\u00e3o de familiares de presos da Renda B\u00e1sica emergencial","description":"A Dataprev, empresa que faz o processamento para a concess\u00e3o do programa emergencial, restringiu o acesso do aux\u00edlio a familiares de pessoas presas.","robots":{"index":"index","follow":"follow","max-snippet":"max-snippet:-1","max-image-preview":"max-image-preview:large","max-video-preview":"max-video-preview:-1"},"canonical":"https:\/\/psol50.org.br\/psol-pede-convocacao-de-onyx-lorenzoni-sobre-a-exclusao-de-familiares-de-presos-da-renda-basica-emergencial\/","og_locale":"pt_BR","og_type":"article","og_title":"PSOL pede convoca\u00e7\u00e3o de Onyx Lorenzoni sobre a exclus\u00e3o de familiares de presos da Renda B\u00e1sica emergencial","og_description":"A Dataprev, empresa que faz o processamento para a concess\u00e3o do programa emergencial, restringiu o acesso do aux\u00edlio a familiares de pessoas presas.","og_url":"https:\/\/psol50.org.br\/psol-pede-convocacao-de-onyx-lorenzoni-sobre-a-exclusao-de-familiares-de-presos-da-renda-basica-emergencial\/","og_site_name":"PSOL 50","article_publisher":"https:\/\/www.facebook.com\/psol50","article_published_time":"2020-05-15T17:57:09+00:00","og_image":[{"width":535,"height":372,"url":"https:\/\/psol50.org.br\/inc\/uploads\/2020\/05\/Screenshot_2020-05-14-onyx-lorenzoni-Pesquisa-Google1.png","type":"image\/png"}],"author":"Comunica\u00e7\u00e3o PSOL","twitter_card":"summary_large_image","twitter_title":"PSOL pede convoca\u00e7\u00e3o de Onyx Lorenzoni sobre a exclus\u00e3o de familiares de presos da Renda B\u00e1sica emergencial","twitter_description":"A Dataprev, empresa que faz o processamento para a concess\u00e3o do programa emergencial, restringiu o acesso do aux\u00edlio a familiares de pessoas presas.","twitter_image":"https:\/\/psol50.org.br\/inc\/uploads\/2020\/05\/Screenshot_2020-05-14-onyx-lorenzoni-Pesquisa-Google1.png","twitter_creator":"@psol50","twitter_site":"@psol50","twitter_misc":{"Escrito por":"Comunica\u00e7\u00e3o PSOL","Est. tempo de leitura":"2 minutos"},"schema":{"@context":"https:\/\/schema.org","@graph":[{"@type":"Article","@id":"https:\/\/psol50.org.br\/psol-pede-convocacao-de-onyx-lorenzoni-sobre-a-exclusao-de-familiares-de-presos-da-renda-basica-emergencial\/#article","isPartOf":{"@id":"https:\/\/psol50.org.br\/psol-pede-convocacao-de-onyx-lorenzoni-sobre-a-exclusao-de-familiares-de-presos-da-renda-basica-emergencial\/"},"author":{"name":"Comunica\u00e7\u00e3o PSOL","@id":"https:\/\/psol50.org.br\/#\/schema\/person\/475dfa57d0b815993c714c2e96491fcd"},"headline":"PSOL pede convoca\u00e7\u00e3o de Onyx Lorenzoni sobre a exclus\u00e3o de familiares de presos da Renda B\u00e1sica emergencial","datePublished":"2020-05-15T17:57:09+00:00","mainEntityOfPage":{"@id":"https:\/\/psol50.org.br\/psol-pede-convocacao-de-onyx-lorenzoni-sobre-a-exclusao-de-familiares-de-presos-da-renda-basica-emergencial\/"},"wordCount":354,"publisher":{"@id":"https:\/\/psol50.org.br\/#organization"},"image":{"@id":"https:\/\/psol50.org.br\/psol-pede-convocacao-de-onyx-lorenzoni-sobre-a-exclusao-de-familiares-de-presos-da-renda-basica-emergencial\/#primaryimage"},"thumbnailUrl":"https:\/\/psol50.org.br\/inc\/uploads\/2020\/05\/Screenshot_2020-05-14-onyx-lorenzoni-Pesquisa-Google1.png","keywords":["dataprev","familiares","Onyx Lorenzoni","popula\u00e7\u00e3o carcer\u00e1ria","pris\u00f5es","PSOL","psolcontraocoronavirus","renda b\u00e1sica emergencial"],"articleSection":["A\u00e7\u00e3o Parlamentar","Not\u00edcias"],"inLanguage":"pt-BR"},{"@type":"WebPage","@id":"https:\/\/psol50.org.br\/psol-pede-convocacao-de-onyx-lorenzoni-sobre-a-exclusao-de-familiares-de-presos-da-renda-basica-emergencial\/","url":"https:\/\/psol50.org.br\/psol-pede-convocacao-de-onyx-lorenzoni-sobre-a-exclusao-de-familiares-de-presos-da-renda-basica-emergencial\/","name":"PSOL pede convoca\u00e7\u00e3o de Onyx Lorenzoni sobre a exclus\u00e3o de familiares de presos da Renda B\u00e1sica emergencial","isPartOf":{"@id":"https:\/\/psol50.org.br\/#website"},"primaryImageOfPage":{"@id":"https:\/\/psol50.org.br\/psol-pede-convocacao-de-onyx-lorenzoni-sobre-a-exclusao-de-familiares-de-presos-da-renda-basica-emergencial\/#primaryimage"},"image":{"@id":"https:\/\/psol50.org.br\/psol-pede-convocacao-de-onyx-lorenzoni-sobre-a-exclusao-de-familiares-de-presos-da-renda-basica-emergencial\/#primaryimage"},"thumbnailUrl":"https:\/\/psol50.org.br\/inc\/uploads\/2020\/05\/Screenshot_2020-05-14-onyx-lorenzoni-Pesquisa-Google1.png","datePublished":"2020-05-15T17:57:09+00:00","description":"A Dataprev, empresa que faz o processamento para a concess\u00e3o do programa emergencial, restringiu o acesso do aux\u00edlio a familiares de pessoas presas.","breadcrumb":{"@id":"https:\/\/psol50.org.br\/psol-pede-convocacao-de-onyx-lorenzoni-sobre-a-exclusao-de-familiares-de-presos-da-renda-basica-emergencial\/#breadcrumb"},"inLanguage":"pt-BR","potentialAction":[{"@type":"ReadAction","target":["https:\/\/psol50.org.br\/psol-pede-convocacao-de-onyx-lorenzoni-sobre-a-exclusao-de-familiares-de-presos-da-renda-basica-emergencial\/"]}]},{"@type":"ImageObject","inLanguage":"pt-BR","@id":"https:\/\/psol50.org.br\/psol-pede-convocacao-de-onyx-lorenzoni-sobre-a-exclusao-de-familiares-de-presos-da-renda-basica-emergencial\/#primaryimage","url":"https:\/\/psol50.org.br\/inc\/uploads\/2020\/05\/Screenshot_2020-05-14-onyx-lorenzoni-Pesquisa-Google1.png","contentUrl":"https:\/\/psol50.org.br\/inc\/uploads\/2020\/05\/Screenshot_2020-05-14-onyx-lorenzoni-Pesquisa-Google1.png","width":535,"height":372},{"@type":"BreadcrumbList","@id":"https:\/\/psol50.org.br\/psol-pede-convocacao-de-onyx-lorenzoni-sobre-a-exclusao-de-familiares-de-presos-da-renda-basica-emergencial\/#breadcrumb","itemListElement":[{"@type":"ListItem","position":1,"name":"In\u00edcio","item":"https:\/\/psol50.org.br\/"},{"@type":"ListItem","position":2,"name":"PSOL pede convoca\u00e7\u00e3o de Onyx Lorenzoni sobre a exclus\u00e3o de familiares de presos da Renda B\u00e1sica emergencial"}]},{"@type":"WebSite","@id":"https:\/\/psol50.org.br\/#website","url":"https:\/\/psol50.org.br\/","name":"PSOL 50","description":"Site oficial do Partido Socialismo e Liberdade","publisher":{"@id":"https:\/\/psol50.org.br\/#organization"},"alternateName":"PSOL50","potentialAction":[{"@type":"SearchAction","target":{"@type":"EntryPoint","urlTemplate":"https:\/\/psol50.org.br\/?s={search_term_string}"},"query-input":{"@type":"PropertyValueSpecification","valueRequired":true,"valueName":"search_term_string"}}],"inLanguage":"pt-BR"},{"@type":"Organization","@id":"https:\/\/psol50.org.br\/#organization","name":"PSOL 50","alternateName":"PSOL 50","url":"https:\/\/psol50.org.br\/","logo":{"@type":"ImageObject","inLanguage":"pt-BR","@id":"https:\/\/psol50.org.br\/#\/schema\/logo\/image\/","url":"https:\/\/psol50.org.br\/inc\/uploads\/2018\/07\/capa.png","contentUrl":"https:\/\/psol50.org.br\/inc\/uploads\/2018\/07\/capa.png","width":1350,"height":900,"caption":"PSOL 50"},"image":{"@id":"https:\/\/psol50.org.br\/#\/schema\/logo\/image\/"},"sameAs":["https:\/\/www.facebook.com\/psol50","https:\/\/x.com\/psol50","https:\/\/www.instagram.com\/psol50\/","https:\/\/www.youtube.com\/channel\/UC7SnJS5o1os7a6CaiNabzcg"]},{"@type":"Person","@id":"https:\/\/psol50.org.br\/#\/schema\/person\/475dfa57d0b815993c714c2e96491fcd","name":"Comunica\u00e7\u00e3o PSOL","image":{"@type":"ImageObject","inLanguage":"pt-BR","@id":"https:\/\/psol50.org.br\/#\/schema\/person\/image\/","url":"https:\/\/secure.gravatar.com\/avatar\/b34fc4f4e468a4e51785917065a3db57b841f5c95dba6ad8c73aaf8f66f8f9bf?s=96&d=mm&r=g","contentUrl":"https:\/\/secure.gravatar.com\/avatar\/b34fc4f4e468a4e51785917065a3db57b841f5c95dba6ad8c73aaf8f66f8f9bf?s=96&d=mm&r=g","caption":"Comunica\u00e7\u00e3o PSOL"}}]}},"_links":{"self":[{"href":"https:\/\/psol50.org.br\/rest\/wp\/v2\/posts\/28947","targetHints":{"allow":["GET"]}}],"collection":[{"href":"https:\/\/psol50.org.br\/rest\/wp\/v2\/posts"}],"about":[{"href":"https:\/\/psol50.org.br\/rest\/wp\/v2\/types\/post"}],"author":[{"embeddable":true,"href":"https:\/\/psol50.org.br\/rest\/wp\/v2\/users\/2"}],"replies":[{"embeddable":true,"href":"https:\/\/psol50.org.br\/rest\/wp\/v2\/comments?post=28947"}],"version-history":[{"count":0,"href":"https:\/\/psol50.org.br\/rest\/wp\/v2\/posts\/28947\/revisions"}],"wp:featuredmedia":[{"embeddable":true,"href":"https:\/\/psol50.org.br\/rest\/wp\/v2\/media\/28949"}],"wp:attachment":[{"href":"https:\/\/psol50.org.br\/rest\/wp\/v2\/media?parent=28947"}],"wp:term":[{"taxonomy":"category","embeddable":true,"href":"https:\/\/psol50.org.br\/rest\/wp\/v2\/categories?post=28947"},{"taxonomy":"post_tag","embeddable":true,"href":"https:\/\/psol50.org.br\/rest\/wp\/v2\/tags?post=28947"}],"curies":[{"name":"wp","href":"https:\/\/api.w.org\/{rel}","templated":true}]}}