{"id":28962,"date":"2020-05-18T11:38:55","date_gmt":"2020-05-18T14:38:55","guid":{"rendered":"https:\/\/psol50.org.br\/?p=28962"},"modified":"2020-05-18T11:38:55","modified_gmt":"2020-05-18T14:38:55","slug":"psol-pede-visita-emergencial-de-comissao-de-direitos-humanos-ao-brasil-por-gestao-catastrofica-de-bolsonaro","status":"publish","type":"post","link":"https:\/\/psol50.org.br\/psol-pede-visita-emergencial-de-comissao-de-direitos-humanos-ao-brasil-por-gestao-catastrofica-de-bolsonaro\/","title":{"rendered":"PSOL pede visita emergencial de comiss\u00e3o de Direitos Humanos ao Brasil por gest\u00e3o catastr\u00f3fica de Bolsonaro"},"content":{"rendered":"<p><a href=\"http:\/\/psol50.org.br\/coronavirus\" target=\"_blank\" rel=\"noopener noreferrer\"><img loading=\"lazy\" decoding=\"async\" class=\"alignnone size-full wp-image-27838\" src=\"https:\/\/psol50.org.br\/inc\/uploads\/2020\/03\/Banner-Site_3.png\" alt=\"\" width=\"1240\" height=\"331\" srcset=\"https:\/\/psol50.org.br\/inc\/uploads\/2020\/03\/Banner-Site_3.png 1240w, https:\/\/psol50.org.br\/inc\/uploads\/2020\/03\/Banner-Site_3-300x80.png 300w, https:\/\/psol50.org.br\/inc\/uploads\/2020\/03\/Banner-Site_3-1024x273.png 1024w, https:\/\/psol50.org.br\/inc\/uploads\/2020\/03\/Banner-Site_3-768x205.png 768w, https:\/\/psol50.org.br\/inc\/uploads\/2020\/03\/Banner-Site_3-150x40.png 150w, https:\/\/psol50.org.br\/inc\/uploads\/2020\/03\/Banner-Site_3-696x186.png 696w, https:\/\/psol50.org.br\/inc\/uploads\/2020\/03\/Banner-Site_3-1068x285.png 1068w\" sizes=\"auto, (max-width: 1240px) 100vw, 1240px\" \/><\/a><\/p>\n<p>Bancada do PSOL na C\u00e2mara dos Deputados enviou uma <strong><a href=\"https:\/\/psol50.org.br\/inc\/uploads\/2020\/05\/Visita-urgente_CIDH_Covid19_Brasil.pdf\" target=\"_blank\" rel=\"noopener noreferrer\">solicita\u00e7\u00e3o, no \u00faltimo domingo (17), \u00e0 Comiss\u00e3o Interamericana de Direitos Humanos (CIDH) de uma visita emergencial ao Brasil<\/a><\/strong> diante da catastr\u00f3fica gest\u00e3o de Jair Bolsonaro em rela\u00e7\u00e3o \u00e0 pandemia de COVID-19.<\/p>\n<p>Motiva\u00e7\u00e3o foi a segunda altera\u00e7\u00e3o no comando do Minist\u00e9rio da Sa\u00fade em menos de um m\u00eas, oficializada ap\u00f3s a demiss\u00e3o de Nelson Teich. Os parlamentares solicitam que uma delega\u00e7\u00e3o da Comiss\u00e3o Interamericana visite, com urg\u00eancia, o pa\u00eds para averiguar a situa\u00e7\u00e3o de desmonte e descontinuidade do sistema p\u00fablico de sa\u00fade, em meio \u00e0 pandemia.<\/p>\n<p>A carta foi endere\u00e7ada ao presidente da Comiss\u00e3o Interamericana de Direitos Humanos, Joel Hernandez Garcia, e foi copiada ao secret\u00e1rio executivo da CIDH, o brasileiro Paulo Abr\u00e3o.<\/p>\n<p>Dados oficiais indicam que foram registradas j\u00e1 mais de 14 mil mortes provocadas pela Covid-19 e mais de 200 mil casos confirmados da doen\u00e7a em todo o Pa\u00eds. O Brasil, lamentavelmente, \u00e9 um dos pa\u00edses onde a curva epid\u00eamica cresce mais aceleradamente, e onde a resposta do poder p\u00fablico tem causado maior preocupa\u00e7\u00e3o.<\/p>\n<p>&#8220;\u00c9 nesse cen\u00e1rio dram\u00e1tico que o presidente Jair Bolsonaro se isola como um dos \u00faltimos l\u00edderes negacionistas. Jair Bolsonaro confronta e menospreza as orienta\u00e7\u00f5es das autoridades sanit\u00e1rias nacionais e internacionais, que v\u00e3o no sentido de promover medidas de conten\u00e7\u00e3o, distanciamento social, restri\u00e7\u00e3o da circula\u00e7\u00e3o de pessoas, colocando em risco a vida dos brasileiros e brasileiras&#8221;, afirma o PSOL no pedido de visita emergencial.<\/p>\n<p>Citando a recente Resolu\u00e7\u00e3o da CIDH sobre \u201cPandemia e Direitos Humanos nas Am\u00e9ricas\u201d, as deputadas e deputados do PSOL tamb\u00e9m pedem que a Comiss\u00e3o se pronuncie com urg\u00eancia sobre a conduta do governo Bolsonaro em rela\u00e7\u00e3o \u00e0 pandemia.<\/p>\n<p>Tamb\u00e9m reiteram os pedidos apresentados em uma den\u00fancia feita no \u00faltimo dia 17 de abril em conjunto com dezenas de entidades, professores, juristas, parlamentares e diferentes figuras p\u00fablicas. Naquela ocasi\u00e3o, denunciaram o Estado brasileiro por viola\u00e7\u00f5es cometidas por Bolsonaro aos direitos \u00e0 sa\u00fade, \u00e0 vida e \u00e0 informa\u00e7\u00e3o clara, precisa e cientificamente embasada sobre as a\u00e7\u00f5es, articula\u00e7\u00f5es e pol\u00edticas p\u00fablicas eficientes de combate \u00e0 COVID-19.<\/p>\n","protected":false},"excerpt":{"rendered":"<p>Bancada do PSOL na C\u00e2mara dos Deputados enviou uma solicita\u00e7\u00e3o, no \u00faltimo domingo (17), \u00e0 Comiss\u00e3o Interamericana de Direitos Humanos (CIDH) de uma visita emergencial ao Brasil diante da catastr\u00f3fica gest\u00e3o de Jair Bolsonaro em rela\u00e7\u00e3o \u00e0 pandemia de COVID-19. Motiva\u00e7\u00e3o foi a segunda altera\u00e7\u00e3o no comando do Minist\u00e9rio da Sa\u00fade em menos de um [&hellip;]<\/p>\n","protected":false},"author":2,"featured_media":28964,"comment_status":"closed","ping_status":"open","sticky":false,"template":"","format":"standard","meta":{"_acf_changed":false,"footnotes":""},"categories":[10,6],"tags":[688,171,371,534,543,541,22,366],"class_list":{"0":"post-28962","1":"post","2":"type-post","3":"status-publish","4":"format-standard","5":"has-post-thumbnail","7":"category-acao-parlamentares","8":"category-noticias","9":"tag-cidh","10":"tag-coronavirus","11":"tag-covid-19","12":"tag-direitos-humanos","13":"tag-ministerio-da-saude","14":"tag-nelson-teich","15":"tag-psol","16":"tag-psolcontraocoronavirus"},"acf":[],"yoast_head":"<!-- This site is optimized with the Yoast SEO plugin v26.5 - https:\/\/yoast.com\/wordpress\/plugins\/seo\/ -->\n<title>PSOL pede visita emergencial de comiss\u00e3o de Direitos Humanos ao Brasil por gest\u00e3o catastr\u00f3fica de Bolsonaro<\/title>\n<meta name=\"description\" content=\"Motiva\u00e7\u00e3o foi a segunda altera\u00e7\u00e3o no comando do Minist\u00e9rio da Sa\u00fade em menos de um m\u00eas, oficializada ap\u00f3s a demiss\u00e3o de Nelson Teich.\" \/>\n<meta name=\"robots\" content=\"index, follow, max-snippet:-1, max-image-preview:large, max-video-preview:-1\" \/>\n<link rel=\"canonical\" href=\"https:\/\/psol50.org.br\/psol-pede-visita-emergencial-de-comissao-de-direitos-humanos-ao-brasil-por-gestao-catastrofica-de-bolsonaro\/\" \/>\n<meta property=\"og:locale\" content=\"pt_BR\" \/>\n<meta property=\"og:type\" content=\"article\" \/>\n<meta property=\"og:title\" content=\"PSOL pede visita emergencial de comiss\u00e3o de Direitos Humanos ao Brasil por gest\u00e3o catastr\u00f3fica de Bolsonaro\" \/>\n<meta property=\"og:description\" content=\"Motiva\u00e7\u00e3o foi a segunda altera\u00e7\u00e3o no comando do Minist\u00e9rio da Sa\u00fade em menos de um m\u00eas, oficializada ap\u00f3s a demiss\u00e3o de Nelson Teich.\" \/>\n<meta property=\"og:url\" content=\"https:\/\/psol50.org.br\/psol-pede-visita-emergencial-de-comissao-de-direitos-humanos-ao-brasil-por-gestao-catastrofica-de-bolsonaro\/\" \/>\n<meta property=\"og:site_name\" content=\"PSOL 50\" \/>\n<meta property=\"article:publisher\" content=\"https:\/\/www.facebook.com\/psol50\" \/>\n<meta property=\"article:published_time\" content=\"2020-05-18T14:38:55+00:00\" \/>\n<meta property=\"og:image\" content=\"https:\/\/psol50.org.br\/inc\/uploads\/2020\/05\/planalto_bolsonaro_saude_0416202176-scaled-1.jpg\" \/>\n\t<meta property=\"og:image:width\" content=\"1920\" \/>\n\t<meta property=\"og:image:height\" content=\"1278\" \/>\n\t<meta property=\"og:image:type\" content=\"image\/jpeg\" \/>\n<meta name=\"author\" content=\"Comunica\u00e7\u00e3o PSOL\" \/>\n<meta name=\"twitter:card\" content=\"summary_large_image\" \/>\n<meta name=\"twitter:title\" content=\"PSOL pede visita emergencial de comiss\u00e3o de Direitos Humanos ao Brasil por gest\u00e3o catastr\u00f3fica de Bolsonaro\" \/>\n<meta name=\"twitter:description\" content=\"Motiva\u00e7\u00e3o foi a segunda altera\u00e7\u00e3o no comando do Minist\u00e9rio da Sa\u00fade em menos de um m\u00eas, oficializada ap\u00f3s a demiss\u00e3o de Nelson Teich.\" \/>\n<meta name=\"twitter:image\" content=\"https:\/\/psol50.org.br\/inc\/uploads\/2020\/05\/planalto_bolsonaro_saude_0416202176-scaled-1.jpg\" \/>\n<meta name=\"twitter:creator\" content=\"@psol50\" \/>\n<meta name=\"twitter:site\" content=\"@psol50\" \/>\n<meta name=\"twitter:label1\" content=\"Escrito por\" \/>\n\t<meta name=\"twitter:data1\" content=\"Comunica\u00e7\u00e3o PSOL\" \/>\n\t<meta name=\"twitter:label2\" content=\"Est. tempo de leitura\" \/>\n\t<meta name=\"twitter:data2\" content=\"2 minutos\" \/>\n<script type=\"application\/ld+json\" class=\"yoast-schema-graph\">{\"@context\":\"https:\/\/schema.org\",\"@graph\":[{\"@type\":\"Article\",\"@id\":\"https:\/\/psol50.org.br\/psol-pede-visita-emergencial-de-comissao-de-direitos-humanos-ao-brasil-por-gestao-catastrofica-de-bolsonaro\/#article\",\"isPartOf\":{\"@id\":\"https:\/\/psol50.org.br\/psol-pede-visita-emergencial-de-comissao-de-direitos-humanos-ao-brasil-por-gestao-catastrofica-de-bolsonaro\/\"},\"author\":{\"name\":\"Comunica\u00e7\u00e3o PSOL\",\"@id\":\"https:\/\/psol50.org.br\/#\/schema\/person\/475dfa57d0b815993c714c2e96491fcd\"},\"headline\":\"PSOL pede visita emergencial de comiss\u00e3o de Direitos Humanos ao Brasil por gest\u00e3o catastr\u00f3fica de Bolsonaro\",\"datePublished\":\"2020-05-18T14:38:55+00:00\",\"mainEntityOfPage\":{\"@id\":\"https:\/\/psol50.org.br\/psol-pede-visita-emergencial-de-comissao-de-direitos-humanos-ao-brasil-por-gestao-catastrofica-de-bolsonaro\/\"},\"wordCount\":401,\"publisher\":{\"@id\":\"https:\/\/psol50.org.br\/#organization\"},\"image\":{\"@id\":\"https:\/\/psol50.org.br\/psol-pede-visita-emergencial-de-comissao-de-direitos-humanos-ao-brasil-por-gestao-catastrofica-de-bolsonaro\/#primaryimage\"},\"thumbnailUrl\":\"https:\/\/psol50.org.br\/inc\/uploads\/2020\/05\/planalto_bolsonaro_saude_0416202176-scaled-1.jpg\",\"keywords\":[\"CIDH\",\"coronav\u00edrus\",\"covid-19\",\"direitos humanos\",\"Minist\u00e9rio da Sa\u00fade\",\"nelson teich\",\"PSOL\",\"psolcontraocoronavirus\"],\"articleSection\":[\"A\u00e7\u00e3o Parlamentar\",\"Not\u00edcias\"],\"inLanguage\":\"pt-BR\"},{\"@type\":\"WebPage\",\"@id\":\"https:\/\/psol50.org.br\/psol-pede-visita-emergencial-de-comissao-de-direitos-humanos-ao-brasil-por-gestao-catastrofica-de-bolsonaro\/\",\"url\":\"https:\/\/psol50.org.br\/psol-pede-visita-emergencial-de-comissao-de-direitos-humanos-ao-brasil-por-gestao-catastrofica-de-bolsonaro\/\",\"name\":\"PSOL pede visita emergencial de comiss\u00e3o de Direitos Humanos ao Brasil por gest\u00e3o catastr\u00f3fica de Bolsonaro\",\"isPartOf\":{\"@id\":\"https:\/\/psol50.org.br\/#website\"},\"primaryImageOfPage\":{\"@id\":\"https:\/\/psol50.org.br\/psol-pede-visita-emergencial-de-comissao-de-direitos-humanos-ao-brasil-por-gestao-catastrofica-de-bolsonaro\/#primaryimage\"},\"image\":{\"@id\":\"https:\/\/psol50.org.br\/psol-pede-visita-emergencial-de-comissao-de-direitos-humanos-ao-brasil-por-gestao-catastrofica-de-bolsonaro\/#primaryimage\"},\"thumbnailUrl\":\"https:\/\/psol50.org.br\/inc\/uploads\/2020\/05\/planalto_bolsonaro_saude_0416202176-scaled-1.jpg\",\"datePublished\":\"2020-05-18T14:38:55+00:00\",\"description\":\"Motiva\u00e7\u00e3o foi a segunda altera\u00e7\u00e3o no comando do Minist\u00e9rio da Sa\u00fade em menos de um m\u00eas, oficializada ap\u00f3s a demiss\u00e3o de Nelson Teich.\",\"breadcrumb\":{\"@id\":\"https:\/\/psol50.org.br\/psol-pede-visita-emergencial-de-comissao-de-direitos-humanos-ao-brasil-por-gestao-catastrofica-de-bolsonaro\/#breadcrumb\"},\"inLanguage\":\"pt-BR\",\"potentialAction\":[{\"@type\":\"ReadAction\",\"target\":[\"https:\/\/psol50.org.br\/psol-pede-visita-emergencial-de-comissao-de-direitos-humanos-ao-brasil-por-gestao-catastrofica-de-bolsonaro\/\"]}]},{\"@type\":\"ImageObject\",\"inLanguage\":\"pt-BR\",\"@id\":\"https:\/\/psol50.org.br\/psol-pede-visita-emergencial-de-comissao-de-direitos-humanos-ao-brasil-por-gestao-catastrofica-de-bolsonaro\/#primaryimage\",\"url\":\"https:\/\/psol50.org.br\/inc\/uploads\/2020\/05\/planalto_bolsonaro_saude_0416202176-scaled-1.jpg\",\"contentUrl\":\"https:\/\/psol50.org.br\/inc\/uploads\/2020\/05\/planalto_bolsonaro_saude_0416202176-scaled-1.jpg\",\"width\":1920,\"height\":1278,\"caption\":\"Foto: Marcello Casal Jr\/Ag\u00eancia Brasil\"},{\"@type\":\"BreadcrumbList\",\"@id\":\"https:\/\/psol50.org.br\/psol-pede-visita-emergencial-de-comissao-de-direitos-humanos-ao-brasil-por-gestao-catastrofica-de-bolsonaro\/#breadcrumb\",\"itemListElement\":[{\"@type\":\"ListItem\",\"position\":1,\"name\":\"In\u00edcio\",\"item\":\"https:\/\/psol50.org.br\/\"},{\"@type\":\"ListItem\",\"position\":2,\"name\":\"PSOL pede visita emergencial de comiss\u00e3o de Direitos Humanos ao Brasil por gest\u00e3o catastr\u00f3fica de Bolsonaro\"}]},{\"@type\":\"WebSite\",\"@id\":\"https:\/\/psol50.org.br\/#website\",\"url\":\"https:\/\/psol50.org.br\/\",\"name\":\"PSOL 50\",\"description\":\"Site oficial do Partido Socialismo e Liberdade\",\"publisher\":{\"@id\":\"https:\/\/psol50.org.br\/#organization\"},\"alternateName\":\"PSOL50\",\"potentialAction\":[{\"@type\":\"SearchAction\",\"target\":{\"@type\":\"EntryPoint\",\"urlTemplate\":\"https:\/\/psol50.org.br\/?s={search_term_string}\"},\"query-input\":{\"@type\":\"PropertyValueSpecification\",\"valueRequired\":true,\"valueName\":\"search_term_string\"}}],\"inLanguage\":\"pt-BR\"},{\"@type\":\"Organization\",\"@id\":\"https:\/\/psol50.org.br\/#organization\",\"name\":\"PSOL 50\",\"alternateName\":\"PSOL 50\",\"url\":\"https:\/\/psol50.org.br\/\",\"logo\":{\"@type\":\"ImageObject\",\"inLanguage\":\"pt-BR\",\"@id\":\"https:\/\/psol50.org.br\/#\/schema\/logo\/image\/\",\"url\":\"https:\/\/psol50.org.br\/inc\/uploads\/2018\/07\/capa.png\",\"contentUrl\":\"https:\/\/psol50.org.br\/inc\/uploads\/2018\/07\/capa.png\",\"width\":1350,\"height\":900,\"caption\":\"PSOL 50\"},\"image\":{\"@id\":\"https:\/\/psol50.org.br\/#\/schema\/logo\/image\/\"},\"sameAs\":[\"https:\/\/www.facebook.com\/psol50\",\"https:\/\/x.com\/psol50\",\"https:\/\/www.instagram.com\/psol50\/\",\"https:\/\/www.youtube.com\/channel\/UC7SnJS5o1os7a6CaiNabzcg\"]},{\"@type\":\"Person\",\"@id\":\"https:\/\/psol50.org.br\/#\/schema\/person\/475dfa57d0b815993c714c2e96491fcd\",\"name\":\"Comunica\u00e7\u00e3o PSOL\",\"image\":{\"@type\":\"ImageObject\",\"inLanguage\":\"pt-BR\",\"@id\":\"https:\/\/psol50.org.br\/#\/schema\/person\/image\/\",\"url\":\"https:\/\/secure.gravatar.com\/avatar\/b34fc4f4e468a4e51785917065a3db57b841f5c95dba6ad8c73aaf8f66f8f9bf?s=96&d=mm&r=g\",\"contentUrl\":\"https:\/\/secure.gravatar.com\/avatar\/b34fc4f4e468a4e51785917065a3db57b841f5c95dba6ad8c73aaf8f66f8f9bf?s=96&d=mm&r=g\",\"caption\":\"Comunica\u00e7\u00e3o PSOL\"}}]}<\/script>\n<!-- \/ Yoast SEO plugin. -->","yoast_head_json":{"title":"PSOL pede visita emergencial de comiss\u00e3o de Direitos Humanos ao Brasil por gest\u00e3o catastr\u00f3fica de Bolsonaro","description":"Motiva\u00e7\u00e3o foi a segunda altera\u00e7\u00e3o no comando do Minist\u00e9rio da Sa\u00fade em menos de um m\u00eas, oficializada ap\u00f3s a demiss\u00e3o de Nelson Teich.","robots":{"index":"index","follow":"follow","max-snippet":"max-snippet:-1","max-image-preview":"max-image-preview:large","max-video-preview":"max-video-preview:-1"},"canonical":"https:\/\/psol50.org.br\/psol-pede-visita-emergencial-de-comissao-de-direitos-humanos-ao-brasil-por-gestao-catastrofica-de-bolsonaro\/","og_locale":"pt_BR","og_type":"article","og_title":"PSOL pede visita emergencial de comiss\u00e3o de Direitos Humanos ao Brasil por gest\u00e3o catastr\u00f3fica de Bolsonaro","og_description":"Motiva\u00e7\u00e3o foi a segunda altera\u00e7\u00e3o no comando do Minist\u00e9rio da Sa\u00fade em menos de um m\u00eas, oficializada ap\u00f3s a demiss\u00e3o de Nelson Teich.","og_url":"https:\/\/psol50.org.br\/psol-pede-visita-emergencial-de-comissao-de-direitos-humanos-ao-brasil-por-gestao-catastrofica-de-bolsonaro\/","og_site_name":"PSOL 50","article_publisher":"https:\/\/www.facebook.com\/psol50","article_published_time":"2020-05-18T14:38:55+00:00","og_image":[{"width":1920,"height":1278,"url":"https:\/\/psol50.org.br\/inc\/uploads\/2020\/05\/planalto_bolsonaro_saude_0416202176-scaled-1.jpg","type":"image\/jpeg"}],"author":"Comunica\u00e7\u00e3o PSOL","twitter_card":"summary_large_image","twitter_title":"PSOL pede visita emergencial de comiss\u00e3o de Direitos Humanos ao Brasil por gest\u00e3o catastr\u00f3fica de Bolsonaro","twitter_description":"Motiva\u00e7\u00e3o foi a segunda altera\u00e7\u00e3o no comando do Minist\u00e9rio da Sa\u00fade em menos de um m\u00eas, oficializada ap\u00f3s a demiss\u00e3o de Nelson Teich.","twitter_image":"https:\/\/psol50.org.br\/inc\/uploads\/2020\/05\/planalto_bolsonaro_saude_0416202176-scaled-1.jpg","twitter_creator":"@psol50","twitter_site":"@psol50","twitter_misc":{"Escrito por":"Comunica\u00e7\u00e3o PSOL","Est. tempo de leitura":"2 minutos"},"schema":{"@context":"https:\/\/schema.org","@graph":[{"@type":"Article","@id":"https:\/\/psol50.org.br\/psol-pede-visita-emergencial-de-comissao-de-direitos-humanos-ao-brasil-por-gestao-catastrofica-de-bolsonaro\/#article","isPartOf":{"@id":"https:\/\/psol50.org.br\/psol-pede-visita-emergencial-de-comissao-de-direitos-humanos-ao-brasil-por-gestao-catastrofica-de-bolsonaro\/"},"author":{"name":"Comunica\u00e7\u00e3o PSOL","@id":"https:\/\/psol50.org.br\/#\/schema\/person\/475dfa57d0b815993c714c2e96491fcd"},"headline":"PSOL pede visita emergencial de comiss\u00e3o de Direitos Humanos ao Brasil por gest\u00e3o catastr\u00f3fica de Bolsonaro","datePublished":"2020-05-18T14:38:55+00:00","mainEntityOfPage":{"@id":"https:\/\/psol50.org.br\/psol-pede-visita-emergencial-de-comissao-de-direitos-humanos-ao-brasil-por-gestao-catastrofica-de-bolsonaro\/"},"wordCount":401,"publisher":{"@id":"https:\/\/psol50.org.br\/#organization"},"image":{"@id":"https:\/\/psol50.org.br\/psol-pede-visita-emergencial-de-comissao-de-direitos-humanos-ao-brasil-por-gestao-catastrofica-de-bolsonaro\/#primaryimage"},"thumbnailUrl":"https:\/\/psol50.org.br\/inc\/uploads\/2020\/05\/planalto_bolsonaro_saude_0416202176-scaled-1.jpg","keywords":["CIDH","coronav\u00edrus","covid-19","direitos humanos","Minist\u00e9rio da Sa\u00fade","nelson teich","PSOL","psolcontraocoronavirus"],"articleSection":["A\u00e7\u00e3o Parlamentar","Not\u00edcias"],"inLanguage":"pt-BR"},{"@type":"WebPage","@id":"https:\/\/psol50.org.br\/psol-pede-visita-emergencial-de-comissao-de-direitos-humanos-ao-brasil-por-gestao-catastrofica-de-bolsonaro\/","url":"https:\/\/psol50.org.br\/psol-pede-visita-emergencial-de-comissao-de-direitos-humanos-ao-brasil-por-gestao-catastrofica-de-bolsonaro\/","name":"PSOL pede visita emergencial de comiss\u00e3o de Direitos Humanos ao Brasil por gest\u00e3o catastr\u00f3fica de Bolsonaro","isPartOf":{"@id":"https:\/\/psol50.org.br\/#website"},"primaryImageOfPage":{"@id":"https:\/\/psol50.org.br\/psol-pede-visita-emergencial-de-comissao-de-direitos-humanos-ao-brasil-por-gestao-catastrofica-de-bolsonaro\/#primaryimage"},"image":{"@id":"https:\/\/psol50.org.br\/psol-pede-visita-emergencial-de-comissao-de-direitos-humanos-ao-brasil-por-gestao-catastrofica-de-bolsonaro\/#primaryimage"},"thumbnailUrl":"https:\/\/psol50.org.br\/inc\/uploads\/2020\/05\/planalto_bolsonaro_saude_0416202176-scaled-1.jpg","datePublished":"2020-05-18T14:38:55+00:00","description":"Motiva\u00e7\u00e3o foi a segunda altera\u00e7\u00e3o no comando do Minist\u00e9rio da Sa\u00fade em menos de um m\u00eas, oficializada ap\u00f3s a demiss\u00e3o de Nelson Teich.","breadcrumb":{"@id":"https:\/\/psol50.org.br\/psol-pede-visita-emergencial-de-comissao-de-direitos-humanos-ao-brasil-por-gestao-catastrofica-de-bolsonaro\/#breadcrumb"},"inLanguage":"pt-BR","potentialAction":[{"@type":"ReadAction","target":["https:\/\/psol50.org.br\/psol-pede-visita-emergencial-de-comissao-de-direitos-humanos-ao-brasil-por-gestao-catastrofica-de-bolsonaro\/"]}]},{"@type":"ImageObject","inLanguage":"pt-BR","@id":"https:\/\/psol50.org.br\/psol-pede-visita-emergencial-de-comissao-de-direitos-humanos-ao-brasil-por-gestao-catastrofica-de-bolsonaro\/#primaryimage","url":"https:\/\/psol50.org.br\/inc\/uploads\/2020\/05\/planalto_bolsonaro_saude_0416202176-scaled-1.jpg","contentUrl":"https:\/\/psol50.org.br\/inc\/uploads\/2020\/05\/planalto_bolsonaro_saude_0416202176-scaled-1.jpg","width":1920,"height":1278,"caption":"Foto: Marcello Casal Jr\/Ag\u00eancia Brasil"},{"@type":"BreadcrumbList","@id":"https:\/\/psol50.org.br\/psol-pede-visita-emergencial-de-comissao-de-direitos-humanos-ao-brasil-por-gestao-catastrofica-de-bolsonaro\/#breadcrumb","itemListElement":[{"@type":"ListItem","position":1,"name":"In\u00edcio","item":"https:\/\/psol50.org.br\/"},{"@type":"ListItem","position":2,"name":"PSOL pede visita emergencial de comiss\u00e3o de Direitos Humanos ao Brasil por gest\u00e3o catastr\u00f3fica de Bolsonaro"}]},{"@type":"WebSite","@id":"https:\/\/psol50.org.br\/#website","url":"https:\/\/psol50.org.br\/","name":"PSOL 50","description":"Site oficial do Partido Socialismo e Liberdade","publisher":{"@id":"https:\/\/psol50.org.br\/#organization"},"alternateName":"PSOL50","potentialAction":[{"@type":"SearchAction","target":{"@type":"EntryPoint","urlTemplate":"https:\/\/psol50.org.br\/?s={search_term_string}"},"query-input":{"@type":"PropertyValueSpecification","valueRequired":true,"valueName":"search_term_string"}}],"inLanguage":"pt-BR"},{"@type":"Organization","@id":"https:\/\/psol50.org.br\/#organization","name":"PSOL 50","alternateName":"PSOL 50","url":"https:\/\/psol50.org.br\/","logo":{"@type":"ImageObject","inLanguage":"pt-BR","@id":"https:\/\/psol50.org.br\/#\/schema\/logo\/image\/","url":"https:\/\/psol50.org.br\/inc\/uploads\/2018\/07\/capa.png","contentUrl":"https:\/\/psol50.org.br\/inc\/uploads\/2018\/07\/capa.png","width":1350,"height":900,"caption":"PSOL 50"},"image":{"@id":"https:\/\/psol50.org.br\/#\/schema\/logo\/image\/"},"sameAs":["https:\/\/www.facebook.com\/psol50","https:\/\/x.com\/psol50","https:\/\/www.instagram.com\/psol50\/","https:\/\/www.youtube.com\/channel\/UC7SnJS5o1os7a6CaiNabzcg"]},{"@type":"Person","@id":"https:\/\/psol50.org.br\/#\/schema\/person\/475dfa57d0b815993c714c2e96491fcd","name":"Comunica\u00e7\u00e3o PSOL","image":{"@type":"ImageObject","inLanguage":"pt-BR","@id":"https:\/\/psol50.org.br\/#\/schema\/person\/image\/","url":"https:\/\/secure.gravatar.com\/avatar\/b34fc4f4e468a4e51785917065a3db57b841f5c95dba6ad8c73aaf8f66f8f9bf?s=96&d=mm&r=g","contentUrl":"https:\/\/secure.gravatar.com\/avatar\/b34fc4f4e468a4e51785917065a3db57b841f5c95dba6ad8c73aaf8f66f8f9bf?s=96&d=mm&r=g","caption":"Comunica\u00e7\u00e3o PSOL"}}]}},"_links":{"self":[{"href":"https:\/\/psol50.org.br\/rest\/wp\/v2\/posts\/28962","targetHints":{"allow":["GET"]}}],"collection":[{"href":"https:\/\/psol50.org.br\/rest\/wp\/v2\/posts"}],"about":[{"href":"https:\/\/psol50.org.br\/rest\/wp\/v2\/types\/post"}],"author":[{"embeddable":true,"href":"https:\/\/psol50.org.br\/rest\/wp\/v2\/users\/2"}],"replies":[{"embeddable":true,"href":"https:\/\/psol50.org.br\/rest\/wp\/v2\/comments?post=28962"}],"version-history":[{"count":0,"href":"https:\/\/psol50.org.br\/rest\/wp\/v2\/posts\/28962\/revisions"}],"wp:featuredmedia":[{"embeddable":true,"href":"https:\/\/psol50.org.br\/rest\/wp\/v2\/media\/28964"}],"wp:attachment":[{"href":"https:\/\/psol50.org.br\/rest\/wp\/v2\/media?parent=28962"}],"wp:term":[{"taxonomy":"category","embeddable":true,"href":"https:\/\/psol50.org.br\/rest\/wp\/v2\/categories?post=28962"},{"taxonomy":"post_tag","embeddable":true,"href":"https:\/\/psol50.org.br\/rest\/wp\/v2\/tags?post=28962"}],"curies":[{"name":"wp","href":"https:\/\/api.w.org\/{rel}","templated":true}]}}