{"id":28968,"date":"2020-05-18T11:57:17","date_gmt":"2020-05-18T14:57:17","guid":{"rendered":"https:\/\/psol50.org.br\/?p=28968"},"modified":"2020-05-18T11:57:17","modified_gmt":"2020-05-18T14:57:17","slug":"psol-quer-derrubar-decreto-de-bolsonaro-que-passa-a-gestao-das-florestas-publicas-ao-ministerio-da-agricultura","status":"publish","type":"post","link":"https:\/\/psol50.org.br\/psol-quer-derrubar-decreto-de-bolsonaro-que-passa-a-gestao-das-florestas-publicas-ao-ministerio-da-agricultura\/","title":{"rendered":"PSOL quer derrubar decreto de Bolsonaro que passa a gest\u00e3o das florestas p\u00fablicas ao Minist\u00e9rio da Agricultura"},"content":{"rendered":"<p><a href=\"http:\/\/psol50.org.br\/coronavirus\" target=\"_blank\" rel=\"noopener noreferrer\"><img loading=\"lazy\" decoding=\"async\" class=\"alignnone size-full wp-image-27838\" src=\"https:\/\/psol50.org.br\/inc\/uploads\/2020\/03\/Banner-Site_3.png\" alt=\"\" width=\"1240\" height=\"331\" srcset=\"https:\/\/psol50.org.br\/inc\/uploads\/2020\/03\/Banner-Site_3.png 1240w, https:\/\/psol50.org.br\/inc\/uploads\/2020\/03\/Banner-Site_3-300x80.png 300w, https:\/\/psol50.org.br\/inc\/uploads\/2020\/03\/Banner-Site_3-1024x273.png 1024w, https:\/\/psol50.org.br\/inc\/uploads\/2020\/03\/Banner-Site_3-768x205.png 768w, https:\/\/psol50.org.br\/inc\/uploads\/2020\/03\/Banner-Site_3-150x40.png 150w, https:\/\/psol50.org.br\/inc\/uploads\/2020\/03\/Banner-Site_3-696x186.png 696w, https:\/\/psol50.org.br\/inc\/uploads\/2020\/03\/Banner-Site_3-1068x285.png 1068w\" sizes=\"auto, (max-width: 1240px) 100vw, 1240px\" \/><\/a><\/p>\n<p>A bancada do PSOL apresentou na \u00faltima quinta-feira (14) um projeto de decreto legislativo (PDL) para sustar os efeitos do decreto assinado por Jair Bolsonaro na \u00faltima quarta (13) que transfere ao Minist\u00e9rio da Agricultura o poder de conceder florestas p\u00fablicas.<\/p>\n<p>Assinado pelos ministros Tereza Cristina (Agricultura) e Ricardo Salles (Meio Ambiente), al\u00e9m do presidente, o decreto transfere do Meio Ambiente para a Agricultura a compet\u00eancia de formular estrat\u00e9gias e programas para a\u00a0gest\u00e3o de florestas p\u00fablicas.<\/p>\n<p>Segundo a proposta protocolada pelo PSOL, o decreto contraria frontalmente duas legisla\u00e7\u00f5es que asseguram a compet\u00eancia do Minist\u00e9rio do Meio Ambiente para a gest\u00e3o das florestas: a lei de gest\u00e3o de florestas p\u00fablicas (11.284\/2006) e a lei 13.844\/2019, que reorganiza as compet\u00eancias dos minist\u00e9rios e foi proposta pelo governo Bolsonaro.<\/p>\n<p>\u201cO par\u00e1grafo \u00fanico do artigo 39 da Lei 13.844\/2019 \u00e9 cristalino ao afirmar que a gest\u00e3o das florestas p\u00fablicas ser\u00e1 exercida pelo Minist\u00e9rio do Meio Ambiente em articula\u00e7\u00e3o com o Minist\u00e9rio da Agricultura, Pecu\u00e1ria e Abastecimento\u201d, diz o documento protocolado pelo PSOL na C\u00e2mara dos Deputados.<\/p>\n<p>A decis\u00e3o do governo federal deixa o Minist\u00e9rio do Meio Ambiente de fora de qualquer avalia\u00e7\u00e3o sobre os processos de concess\u00e3o de florestas, transferindo tamb\u00e9m \u00e0 Agricultura a Comiss\u00e3o de Gest\u00e3o de Florestas P\u00fablicas, respons\u00e1vel por avaliar os planos de outorga e o relat\u00f3rio anual de gest\u00e3o de florestas p\u00fablicas.<\/p>\n<p>O Minist\u00e9rio da Agricultura, Pecu\u00e1ria e Abastecimento (Mapa) tem interesse no uso econ\u00f4mico das florestas, atrav\u00e9s do manejo florestal.<\/p>\n<p>O PSOL alerta que n\u00e3o h\u00e1 defini\u00e7\u00e3o legal sobre o termo \u2018concess\u00e3o de florestas p\u00fablicas\u2019, que pode ser interpretado como concess\u00e3o do uso da terra a particulares.<\/p>\n<p><em><a href=\"https:\/\/ambiencia.blogfolha.uol.com.br\/2020\/05\/17\/psol-propoe-sustar-decreto-que-passa-concessao-de-florestas-a-pasta-da-agricultura\/\" target=\"_blank\" rel=\"noopener noreferrer\">Com informa\u00e7\u00f5es da Folha de S.Paulo<\/a><\/em><\/p>\n","protected":false},"excerpt":{"rendered":"<p>A bancada do PSOL apresentou na \u00faltima quinta-feira (14) um projeto de decreto legislativo (PDL) para sustar os efeitos do decreto assinado por Jair Bolsonaro na \u00faltima quarta (13) que transfere ao Minist\u00e9rio da Agricultura o poder de conceder florestas p\u00fablicas. Assinado pelos ministros Tereza Cristina (Agricultura) e Ricardo Salles (Meio Ambiente), al\u00e9m do presidente, [&hellip;]<\/p>\n","protected":false},"author":2,"featured_media":28970,"comment_status":"closed","ping_status":"open","sticky":false,"template":"","format":"standard","meta":{"_acf_changed":false,"footnotes":""},"categories":[10,6],"tags":[689,56,690,44,22],"class_list":{"0":"post-28968","1":"post","2":"type-post","3":"status-publish","4":"format-standard","5":"has-post-thumbnail","7":"category-acao-parlamentares","8":"category-noticias","9":"tag-agricultura","10":"tag-bolsonaro","11":"tag-florestas-publicas","12":"tag-meio-ambiente","13":"tag-psol"},"acf":[],"yoast_head":"<!-- This site is optimized with the Yoast SEO plugin v26.5 - https:\/\/yoast.com\/wordpress\/plugins\/seo\/ -->\n<title>PSOL quer derrubar decreto de Bolsonaro que passa a gest\u00e3o das florestas p\u00fablicas ao Minist\u00e9rio da Agricultura<\/title>\n<meta name=\"description\" content=\"O PSOL alerta que n\u00e3o h\u00e1 defini\u00e7\u00e3o legal sobre o termo \u2018concess\u00e3o de florestas p\u00fablicas\u2019, que pode ser interpretado como concess\u00e3o do uso da terra a particulares.\" \/>\n<meta name=\"robots\" content=\"index, follow, max-snippet:-1, max-image-preview:large, max-video-preview:-1\" \/>\n<link rel=\"canonical\" href=\"https:\/\/psol50.org.br\/psol-quer-derrubar-decreto-de-bolsonaro-que-passa-a-gestao-das-florestas-publicas-ao-ministerio-da-agricultura\/\" \/>\n<meta property=\"og:locale\" content=\"pt_BR\" \/>\n<meta property=\"og:type\" content=\"article\" \/>\n<meta property=\"og:title\" content=\"PSOL quer derrubar decreto de Bolsonaro que passa a gest\u00e3o das florestas p\u00fablicas ao Minist\u00e9rio da Agricultura\" \/>\n<meta property=\"og:description\" content=\"O PSOL alerta que n\u00e3o h\u00e1 defini\u00e7\u00e3o legal sobre o termo \u2018concess\u00e3o de florestas p\u00fablicas\u2019, que pode ser interpretado como concess\u00e3o do uso da terra a particulares.\" \/>\n<meta property=\"og:url\" content=\"https:\/\/psol50.org.br\/psol-quer-derrubar-decreto-de-bolsonaro-que-passa-a-gestao-das-florestas-publicas-ao-ministerio-da-agricultura\/\" \/>\n<meta property=\"og:site_name\" content=\"PSOL 50\" \/>\n<meta property=\"article:publisher\" content=\"https:\/\/www.facebook.com\/psol50\" \/>\n<meta property=\"article:published_time\" content=\"2020-05-18T14:57:17+00:00\" \/>\n<meta property=\"og:image\" content=\"https:\/\/psol50.org.br\/inc\/uploads\/2020\/05\/Ricardo-Salles-e-Tereza-Cristina-1024x585-1.jpeg\" \/>\n\t<meta property=\"og:image:width\" content=\"1024\" \/>\n\t<meta property=\"og:image:height\" content=\"585\" \/>\n\t<meta property=\"og:image:type\" content=\"image\/jpeg\" \/>\n<meta name=\"author\" content=\"Comunica\u00e7\u00e3o PSOL\" \/>\n<meta name=\"twitter:card\" content=\"summary_large_image\" \/>\n<meta name=\"twitter:title\" content=\"PSOL quer derrubar decreto de Bolsonaro que passa a gest\u00e3o das florestas p\u00fablicas ao Minist\u00e9rio da Agricultura\" \/>\n<meta name=\"twitter:description\" content=\"O PSOL alerta que n\u00e3o h\u00e1 defini\u00e7\u00e3o legal sobre o termo \u2018concess\u00e3o de florestas p\u00fablicas\u2019, que pode ser interpretado como concess\u00e3o do uso da terra a particulares.\" \/>\n<meta name=\"twitter:image\" content=\"https:\/\/psol50.org.br\/inc\/uploads\/2020\/05\/Ricardo-Salles-e-Tereza-Cristina-1024x585-1.jpeg\" \/>\n<meta name=\"twitter:creator\" content=\"@psol50\" \/>\n<meta name=\"twitter:site\" content=\"@psol50\" \/>\n<meta name=\"twitter:label1\" content=\"Escrito por\" \/>\n\t<meta name=\"twitter:data1\" content=\"Comunica\u00e7\u00e3o PSOL\" \/>\n\t<meta name=\"twitter:label2\" content=\"Est. tempo de leitura\" \/>\n\t<meta name=\"twitter:data2\" content=\"2 minutos\" \/>\n<script type=\"application\/ld+json\" class=\"yoast-schema-graph\">{\"@context\":\"https:\/\/schema.org\",\"@graph\":[{\"@type\":\"Article\",\"@id\":\"https:\/\/psol50.org.br\/psol-quer-derrubar-decreto-de-bolsonaro-que-passa-a-gestao-das-florestas-publicas-ao-ministerio-da-agricultura\/#article\",\"isPartOf\":{\"@id\":\"https:\/\/psol50.org.br\/psol-quer-derrubar-decreto-de-bolsonaro-que-passa-a-gestao-das-florestas-publicas-ao-ministerio-da-agricultura\/\"},\"author\":{\"name\":\"Comunica\u00e7\u00e3o PSOL\",\"@id\":\"https:\/\/psol50.org.br\/#\/schema\/person\/475dfa57d0b815993c714c2e96491fcd\"},\"headline\":\"PSOL quer derrubar decreto de Bolsonaro que passa a gest\u00e3o das florestas p\u00fablicas ao Minist\u00e9rio da Agricultura\",\"datePublished\":\"2020-05-18T14:57:17+00:00\",\"mainEntityOfPage\":{\"@id\":\"https:\/\/psol50.org.br\/psol-quer-derrubar-decreto-de-bolsonaro-que-passa-a-gestao-das-florestas-publicas-ao-ministerio-da-agricultura\/\"},\"wordCount\":333,\"publisher\":{\"@id\":\"https:\/\/psol50.org.br\/#organization\"},\"image\":{\"@id\":\"https:\/\/psol50.org.br\/psol-quer-derrubar-decreto-de-bolsonaro-que-passa-a-gestao-das-florestas-publicas-ao-ministerio-da-agricultura\/#primaryimage\"},\"thumbnailUrl\":\"https:\/\/psol50.org.br\/inc\/uploads\/2020\/05\/Ricardo-Salles-e-Tereza-Cristina-1024x585-1.jpeg\",\"keywords\":[\"Agricultura\",\"Bolsonaro\",\"florestas p\u00fablicas\",\"meio ambiente\",\"PSOL\"],\"articleSection\":[\"A\u00e7\u00e3o Parlamentar\",\"Not\u00edcias\"],\"inLanguage\":\"pt-BR\"},{\"@type\":\"WebPage\",\"@id\":\"https:\/\/psol50.org.br\/psol-quer-derrubar-decreto-de-bolsonaro-que-passa-a-gestao-das-florestas-publicas-ao-ministerio-da-agricultura\/\",\"url\":\"https:\/\/psol50.org.br\/psol-quer-derrubar-decreto-de-bolsonaro-que-passa-a-gestao-das-florestas-publicas-ao-ministerio-da-agricultura\/\",\"name\":\"PSOL quer derrubar decreto de Bolsonaro que passa a gest\u00e3o das florestas p\u00fablicas ao Minist\u00e9rio da Agricultura\",\"isPartOf\":{\"@id\":\"https:\/\/psol50.org.br\/#website\"},\"primaryImageOfPage\":{\"@id\":\"https:\/\/psol50.org.br\/psol-quer-derrubar-decreto-de-bolsonaro-que-passa-a-gestao-das-florestas-publicas-ao-ministerio-da-agricultura\/#primaryimage\"},\"image\":{\"@id\":\"https:\/\/psol50.org.br\/psol-quer-derrubar-decreto-de-bolsonaro-que-passa-a-gestao-das-florestas-publicas-ao-ministerio-da-agricultura\/#primaryimage\"},\"thumbnailUrl\":\"https:\/\/psol50.org.br\/inc\/uploads\/2020\/05\/Ricardo-Salles-e-Tereza-Cristina-1024x585-1.jpeg\",\"datePublished\":\"2020-05-18T14:57:17+00:00\",\"description\":\"O PSOL alerta que n\u00e3o h\u00e1 defini\u00e7\u00e3o legal sobre o termo \u2018concess\u00e3o de florestas p\u00fablicas\u2019, que pode ser interpretado como concess\u00e3o do uso da terra a particulares.\",\"breadcrumb\":{\"@id\":\"https:\/\/psol50.org.br\/psol-quer-derrubar-decreto-de-bolsonaro-que-passa-a-gestao-das-florestas-publicas-ao-ministerio-da-agricultura\/#breadcrumb\"},\"inLanguage\":\"pt-BR\",\"potentialAction\":[{\"@type\":\"ReadAction\",\"target\":[\"https:\/\/psol50.org.br\/psol-quer-derrubar-decreto-de-bolsonaro-que-passa-a-gestao-das-florestas-publicas-ao-ministerio-da-agricultura\/\"]}]},{\"@type\":\"ImageObject\",\"inLanguage\":\"pt-BR\",\"@id\":\"https:\/\/psol50.org.br\/psol-quer-derrubar-decreto-de-bolsonaro-que-passa-a-gestao-das-florestas-publicas-ao-ministerio-da-agricultura\/#primaryimage\",\"url\":\"https:\/\/psol50.org.br\/inc\/uploads\/2020\/05\/Ricardo-Salles-e-Tereza-Cristina-1024x585-1.jpeg\",\"contentUrl\":\"https:\/\/psol50.org.br\/inc\/uploads\/2020\/05\/Ricardo-Salles-e-Tereza-Cristina-1024x585-1.jpeg\",\"width\":1024,\"height\":585},{\"@type\":\"BreadcrumbList\",\"@id\":\"https:\/\/psol50.org.br\/psol-quer-derrubar-decreto-de-bolsonaro-que-passa-a-gestao-das-florestas-publicas-ao-ministerio-da-agricultura\/#breadcrumb\",\"itemListElement\":[{\"@type\":\"ListItem\",\"position\":1,\"name\":\"In\u00edcio\",\"item\":\"https:\/\/psol50.org.br\/\"},{\"@type\":\"ListItem\",\"position\":2,\"name\":\"PSOL quer derrubar decreto de Bolsonaro que passa a gest\u00e3o das florestas p\u00fablicas ao Minist\u00e9rio da Agricultura\"}]},{\"@type\":\"WebSite\",\"@id\":\"https:\/\/psol50.org.br\/#website\",\"url\":\"https:\/\/psol50.org.br\/\",\"name\":\"PSOL 50\",\"description\":\"Site oficial do Partido Socialismo e Liberdade\",\"publisher\":{\"@id\":\"https:\/\/psol50.org.br\/#organization\"},\"alternateName\":\"PSOL50\",\"potentialAction\":[{\"@type\":\"SearchAction\",\"target\":{\"@type\":\"EntryPoint\",\"urlTemplate\":\"https:\/\/psol50.org.br\/?s={search_term_string}\"},\"query-input\":{\"@type\":\"PropertyValueSpecification\",\"valueRequired\":true,\"valueName\":\"search_term_string\"}}],\"inLanguage\":\"pt-BR\"},{\"@type\":\"Organization\",\"@id\":\"https:\/\/psol50.org.br\/#organization\",\"name\":\"PSOL 50\",\"alternateName\":\"PSOL 50\",\"url\":\"https:\/\/psol50.org.br\/\",\"logo\":{\"@type\":\"ImageObject\",\"inLanguage\":\"pt-BR\",\"@id\":\"https:\/\/psol50.org.br\/#\/schema\/logo\/image\/\",\"url\":\"https:\/\/psol50.org.br\/inc\/uploads\/2018\/07\/capa.png\",\"contentUrl\":\"https:\/\/psol50.org.br\/inc\/uploads\/2018\/07\/capa.png\",\"width\":1350,\"height\":900,\"caption\":\"PSOL 50\"},\"image\":{\"@id\":\"https:\/\/psol50.org.br\/#\/schema\/logo\/image\/\"},\"sameAs\":[\"https:\/\/www.facebook.com\/psol50\",\"https:\/\/x.com\/psol50\",\"https:\/\/www.instagram.com\/psol50\/\",\"https:\/\/www.youtube.com\/channel\/UC7SnJS5o1os7a6CaiNabzcg\"]},{\"@type\":\"Person\",\"@id\":\"https:\/\/psol50.org.br\/#\/schema\/person\/475dfa57d0b815993c714c2e96491fcd\",\"name\":\"Comunica\u00e7\u00e3o PSOL\",\"image\":{\"@type\":\"ImageObject\",\"inLanguage\":\"pt-BR\",\"@id\":\"https:\/\/psol50.org.br\/#\/schema\/person\/image\/\",\"url\":\"https:\/\/secure.gravatar.com\/avatar\/b34fc4f4e468a4e51785917065a3db57b841f5c95dba6ad8c73aaf8f66f8f9bf?s=96&d=mm&r=g\",\"contentUrl\":\"https:\/\/secure.gravatar.com\/avatar\/b34fc4f4e468a4e51785917065a3db57b841f5c95dba6ad8c73aaf8f66f8f9bf?s=96&d=mm&r=g\",\"caption\":\"Comunica\u00e7\u00e3o PSOL\"}}]}<\/script>\n<!-- \/ Yoast SEO plugin. -->","yoast_head_json":{"title":"PSOL quer derrubar decreto de Bolsonaro que passa a gest\u00e3o das florestas p\u00fablicas ao Minist\u00e9rio da Agricultura","description":"O PSOL alerta que n\u00e3o h\u00e1 defini\u00e7\u00e3o legal sobre o termo \u2018concess\u00e3o de florestas p\u00fablicas\u2019, que pode ser interpretado como concess\u00e3o do uso da terra a particulares.","robots":{"index":"index","follow":"follow","max-snippet":"max-snippet:-1","max-image-preview":"max-image-preview:large","max-video-preview":"max-video-preview:-1"},"canonical":"https:\/\/psol50.org.br\/psol-quer-derrubar-decreto-de-bolsonaro-que-passa-a-gestao-das-florestas-publicas-ao-ministerio-da-agricultura\/","og_locale":"pt_BR","og_type":"article","og_title":"PSOL quer derrubar decreto de Bolsonaro que passa a gest\u00e3o das florestas p\u00fablicas ao Minist\u00e9rio da Agricultura","og_description":"O PSOL alerta que n\u00e3o h\u00e1 defini\u00e7\u00e3o legal sobre o termo \u2018concess\u00e3o de florestas p\u00fablicas\u2019, que pode ser interpretado como concess\u00e3o do uso da terra a particulares.","og_url":"https:\/\/psol50.org.br\/psol-quer-derrubar-decreto-de-bolsonaro-que-passa-a-gestao-das-florestas-publicas-ao-ministerio-da-agricultura\/","og_site_name":"PSOL 50","article_publisher":"https:\/\/www.facebook.com\/psol50","article_published_time":"2020-05-18T14:57:17+00:00","og_image":[{"width":1024,"height":585,"url":"https:\/\/psol50.org.br\/inc\/uploads\/2020\/05\/Ricardo-Salles-e-Tereza-Cristina-1024x585-1.jpeg","type":"image\/jpeg"}],"author":"Comunica\u00e7\u00e3o PSOL","twitter_card":"summary_large_image","twitter_title":"PSOL quer derrubar decreto de Bolsonaro que passa a gest\u00e3o das florestas p\u00fablicas ao Minist\u00e9rio da Agricultura","twitter_description":"O PSOL alerta que n\u00e3o h\u00e1 defini\u00e7\u00e3o legal sobre o termo \u2018concess\u00e3o de florestas p\u00fablicas\u2019, que pode ser interpretado como concess\u00e3o do uso da terra a particulares.","twitter_image":"https:\/\/psol50.org.br\/inc\/uploads\/2020\/05\/Ricardo-Salles-e-Tereza-Cristina-1024x585-1.jpeg","twitter_creator":"@psol50","twitter_site":"@psol50","twitter_misc":{"Escrito por":"Comunica\u00e7\u00e3o PSOL","Est. tempo de leitura":"2 minutos"},"schema":{"@context":"https:\/\/schema.org","@graph":[{"@type":"Article","@id":"https:\/\/psol50.org.br\/psol-quer-derrubar-decreto-de-bolsonaro-que-passa-a-gestao-das-florestas-publicas-ao-ministerio-da-agricultura\/#article","isPartOf":{"@id":"https:\/\/psol50.org.br\/psol-quer-derrubar-decreto-de-bolsonaro-que-passa-a-gestao-das-florestas-publicas-ao-ministerio-da-agricultura\/"},"author":{"name":"Comunica\u00e7\u00e3o PSOL","@id":"https:\/\/psol50.org.br\/#\/schema\/person\/475dfa57d0b815993c714c2e96491fcd"},"headline":"PSOL quer derrubar decreto de Bolsonaro que passa a gest\u00e3o das florestas p\u00fablicas ao Minist\u00e9rio da Agricultura","datePublished":"2020-05-18T14:57:17+00:00","mainEntityOfPage":{"@id":"https:\/\/psol50.org.br\/psol-quer-derrubar-decreto-de-bolsonaro-que-passa-a-gestao-das-florestas-publicas-ao-ministerio-da-agricultura\/"},"wordCount":333,"publisher":{"@id":"https:\/\/psol50.org.br\/#organization"},"image":{"@id":"https:\/\/psol50.org.br\/psol-quer-derrubar-decreto-de-bolsonaro-que-passa-a-gestao-das-florestas-publicas-ao-ministerio-da-agricultura\/#primaryimage"},"thumbnailUrl":"https:\/\/psol50.org.br\/inc\/uploads\/2020\/05\/Ricardo-Salles-e-Tereza-Cristina-1024x585-1.jpeg","keywords":["Agricultura","Bolsonaro","florestas p\u00fablicas","meio ambiente","PSOL"],"articleSection":["A\u00e7\u00e3o Parlamentar","Not\u00edcias"],"inLanguage":"pt-BR"},{"@type":"WebPage","@id":"https:\/\/psol50.org.br\/psol-quer-derrubar-decreto-de-bolsonaro-que-passa-a-gestao-das-florestas-publicas-ao-ministerio-da-agricultura\/","url":"https:\/\/psol50.org.br\/psol-quer-derrubar-decreto-de-bolsonaro-que-passa-a-gestao-das-florestas-publicas-ao-ministerio-da-agricultura\/","name":"PSOL quer derrubar decreto de Bolsonaro que passa a gest\u00e3o das florestas p\u00fablicas ao Minist\u00e9rio da Agricultura","isPartOf":{"@id":"https:\/\/psol50.org.br\/#website"},"primaryImageOfPage":{"@id":"https:\/\/psol50.org.br\/psol-quer-derrubar-decreto-de-bolsonaro-que-passa-a-gestao-das-florestas-publicas-ao-ministerio-da-agricultura\/#primaryimage"},"image":{"@id":"https:\/\/psol50.org.br\/psol-quer-derrubar-decreto-de-bolsonaro-que-passa-a-gestao-das-florestas-publicas-ao-ministerio-da-agricultura\/#primaryimage"},"thumbnailUrl":"https:\/\/psol50.org.br\/inc\/uploads\/2020\/05\/Ricardo-Salles-e-Tereza-Cristina-1024x585-1.jpeg","datePublished":"2020-05-18T14:57:17+00:00","description":"O PSOL alerta que n\u00e3o h\u00e1 defini\u00e7\u00e3o legal sobre o termo \u2018concess\u00e3o de florestas p\u00fablicas\u2019, que pode ser interpretado como concess\u00e3o do uso da terra a particulares.","breadcrumb":{"@id":"https:\/\/psol50.org.br\/psol-quer-derrubar-decreto-de-bolsonaro-que-passa-a-gestao-das-florestas-publicas-ao-ministerio-da-agricultura\/#breadcrumb"},"inLanguage":"pt-BR","potentialAction":[{"@type":"ReadAction","target":["https:\/\/psol50.org.br\/psol-quer-derrubar-decreto-de-bolsonaro-que-passa-a-gestao-das-florestas-publicas-ao-ministerio-da-agricultura\/"]}]},{"@type":"ImageObject","inLanguage":"pt-BR","@id":"https:\/\/psol50.org.br\/psol-quer-derrubar-decreto-de-bolsonaro-que-passa-a-gestao-das-florestas-publicas-ao-ministerio-da-agricultura\/#primaryimage","url":"https:\/\/psol50.org.br\/inc\/uploads\/2020\/05\/Ricardo-Salles-e-Tereza-Cristina-1024x585-1.jpeg","contentUrl":"https:\/\/psol50.org.br\/inc\/uploads\/2020\/05\/Ricardo-Salles-e-Tereza-Cristina-1024x585-1.jpeg","width":1024,"height":585},{"@type":"BreadcrumbList","@id":"https:\/\/psol50.org.br\/psol-quer-derrubar-decreto-de-bolsonaro-que-passa-a-gestao-das-florestas-publicas-ao-ministerio-da-agricultura\/#breadcrumb","itemListElement":[{"@type":"ListItem","position":1,"name":"In\u00edcio","item":"https:\/\/psol50.org.br\/"},{"@type":"ListItem","position":2,"name":"PSOL quer derrubar decreto de Bolsonaro que passa a gest\u00e3o das florestas p\u00fablicas ao Minist\u00e9rio da Agricultura"}]},{"@type":"WebSite","@id":"https:\/\/psol50.org.br\/#website","url":"https:\/\/psol50.org.br\/","name":"PSOL 50","description":"Site oficial do Partido Socialismo e Liberdade","publisher":{"@id":"https:\/\/psol50.org.br\/#organization"},"alternateName":"PSOL50","potentialAction":[{"@type":"SearchAction","target":{"@type":"EntryPoint","urlTemplate":"https:\/\/psol50.org.br\/?s={search_term_string}"},"query-input":{"@type":"PropertyValueSpecification","valueRequired":true,"valueName":"search_term_string"}}],"inLanguage":"pt-BR"},{"@type":"Organization","@id":"https:\/\/psol50.org.br\/#organization","name":"PSOL 50","alternateName":"PSOL 50","url":"https:\/\/psol50.org.br\/","logo":{"@type":"ImageObject","inLanguage":"pt-BR","@id":"https:\/\/psol50.org.br\/#\/schema\/logo\/image\/","url":"https:\/\/psol50.org.br\/inc\/uploads\/2018\/07\/capa.png","contentUrl":"https:\/\/psol50.org.br\/inc\/uploads\/2018\/07\/capa.png","width":1350,"height":900,"caption":"PSOL 50"},"image":{"@id":"https:\/\/psol50.org.br\/#\/schema\/logo\/image\/"},"sameAs":["https:\/\/www.facebook.com\/psol50","https:\/\/x.com\/psol50","https:\/\/www.instagram.com\/psol50\/","https:\/\/www.youtube.com\/channel\/UC7SnJS5o1os7a6CaiNabzcg"]},{"@type":"Person","@id":"https:\/\/psol50.org.br\/#\/schema\/person\/475dfa57d0b815993c714c2e96491fcd","name":"Comunica\u00e7\u00e3o PSOL","image":{"@type":"ImageObject","inLanguage":"pt-BR","@id":"https:\/\/psol50.org.br\/#\/schema\/person\/image\/","url":"https:\/\/secure.gravatar.com\/avatar\/b34fc4f4e468a4e51785917065a3db57b841f5c95dba6ad8c73aaf8f66f8f9bf?s=96&d=mm&r=g","contentUrl":"https:\/\/secure.gravatar.com\/avatar\/b34fc4f4e468a4e51785917065a3db57b841f5c95dba6ad8c73aaf8f66f8f9bf?s=96&d=mm&r=g","caption":"Comunica\u00e7\u00e3o PSOL"}}]}},"_links":{"self":[{"href":"https:\/\/psol50.org.br\/rest\/wp\/v2\/posts\/28968","targetHints":{"allow":["GET"]}}],"collection":[{"href":"https:\/\/psol50.org.br\/rest\/wp\/v2\/posts"}],"about":[{"href":"https:\/\/psol50.org.br\/rest\/wp\/v2\/types\/post"}],"author":[{"embeddable":true,"href":"https:\/\/psol50.org.br\/rest\/wp\/v2\/users\/2"}],"replies":[{"embeddable":true,"href":"https:\/\/psol50.org.br\/rest\/wp\/v2\/comments?post=28968"}],"version-history":[{"count":0,"href":"https:\/\/psol50.org.br\/rest\/wp\/v2\/posts\/28968\/revisions"}],"wp:featuredmedia":[{"embeddable":true,"href":"https:\/\/psol50.org.br\/rest\/wp\/v2\/media\/28970"}],"wp:attachment":[{"href":"https:\/\/psol50.org.br\/rest\/wp\/v2\/media?parent=28968"}],"wp:term":[{"taxonomy":"category","embeddable":true,"href":"https:\/\/psol50.org.br\/rest\/wp\/v2\/categories?post=28968"},{"taxonomy":"post_tag","embeddable":true,"href":"https:\/\/psol50.org.br\/rest\/wp\/v2\/tags?post=28968"}],"curies":[{"name":"wp","href":"https:\/\/api.w.org\/{rel}","templated":true}]}}