{"id":29026,"date":"2020-05-19T16:56:52","date_gmt":"2020-05-19T19:56:52","guid":{"rendered":"https:\/\/psol50.org.br\/?p=29026"},"modified":"2020-05-19T16:56:52","modified_gmt":"2020-05-19T19:56:52","slug":"psol-propoe-alteracao-de-mp-de-bolsonaro-para-responsabilizar-agentes-publicos-durante-pandemia","status":"publish","type":"post","link":"https:\/\/psol50.org.br\/psol-propoe-alteracao-de-mp-de-bolsonaro-para-responsabilizar-agentes-publicos-durante-pandemia\/","title":{"rendered":"PSOL prop\u00f5e altera\u00e7\u00e3o de MP de Bolsonaro para responsabilizar agentes p\u00fablicos negligentes durante pandemia"},"content":{"rendered":"<p><a href=\"http:\/\/psol50.org.br\/coronavirus\" target=\"_blank\" rel=\"noopener noreferrer\"><img loading=\"lazy\" decoding=\"async\" class=\"alignnone size-full wp-image-27838\" src=\"https:\/\/psol50.org.br\/inc\/uploads\/2020\/03\/Banner-Site_3.png\" alt=\"\" width=\"1240\" height=\"331\" srcset=\"https:\/\/psol50.org.br\/inc\/uploads\/2020\/03\/Banner-Site_3.png 1240w, https:\/\/psol50.org.br\/inc\/uploads\/2020\/03\/Banner-Site_3-300x80.png 300w, https:\/\/psol50.org.br\/inc\/uploads\/2020\/03\/Banner-Site_3-1024x273.png 1024w, https:\/\/psol50.org.br\/inc\/uploads\/2020\/03\/Banner-Site_3-768x205.png 768w, https:\/\/psol50.org.br\/inc\/uploads\/2020\/03\/Banner-Site_3-150x40.png 150w, https:\/\/psol50.org.br\/inc\/uploads\/2020\/03\/Banner-Site_3-696x186.png 696w, https:\/\/psol50.org.br\/inc\/uploads\/2020\/03\/Banner-Site_3-1068x285.png 1068w\" sizes=\"auto, (max-width: 1240px) 100vw, 1240px\" \/><\/a><\/p>\n<p>A bancada do PSOL na C\u00e2mara dos Deputados apresentou, nesta ter\u00e7a-feira (19), emendas \u00e0 Medida Provis\u00f3ria (MP) 966\/2020, apresentada por Jair Bolsonaro, que protege agentes p\u00fablicos que negligenciarem a pandemia do novo coronav\u00edrus e revela uma esp\u00e9cie de auto salvo-conduto, j\u00e1 que a isen\u00e7\u00e3o vale tamb\u00e9m para a\u00e7\u00f5es e omiss\u00f5es contra efeitos econ\u00f4micos e sociais.<\/p>\n<p>As propostas apresentadas pelo PSOL, <strong><a href=\"https:\/\/psol50.org.br\/psol-aciona-stf-para-derrubar-mp-de-bolsonaro-que-isenta-agentes-publicos-de-responsabilidade-por-erros-na-pandemia\/\" target=\"_blank\" rel=\"noopener noreferrer\">que tamb\u00e9m j\u00e1 acionou o STF para julgar a MP inconstitucional<\/a><\/strong>, s\u00e3o uma forma de alterar completamente o conte\u00fado da medida assinada por Bolsonaro. A <strong><a href=\"https:\/\/psol50.org.br\/inc\/uploads\/2020\/05\/2020_05_18_Sugest\u00e3o_de_emenda_\u00e0_MP_966_de_2020_altera_resposnabilidade-convertido.pdf\" target=\"_blank\" rel=\"noopener noreferrer\">primeira emenda apresentada pelo partido<\/a><\/strong> inclui a responsabiliza\u00e7\u00e3o civil e administrativa de agentes p\u00fablicos por erros ou omiss\u00e3o durante o combate \u00e0 pandemia do novo coronav\u00edrus.<\/p>\n<p>&#8220;N\u00e3o se busca qualquer esp\u00e9cie de persegui\u00e7\u00e3o aos agentes. Longe disso, ali\u00e1s! \u00c9 bem-sabido que os agentes precisam estar minimamente resguardados para que consigam tomar a melhor decis\u00e3o administrativa, lastreada nos princ\u00edpios constitucionais da efici\u00eancia e do atingimento da finalidade p\u00fablica. Contudo, isso n\u00e3o pode significar, em nenhuma hip\u00f3tese, a cria\u00e7\u00e3o de barreiras \u00e0 responsabiliza\u00e7\u00e3o pela m\u00e1 atua\u00e7\u00e3o administrativa&#8221;, afirmam os parlamentares do PSOL na justificativa das a\u00e7\u00f5es.<\/p>\n<p>A <strong><a href=\"https:\/\/psol50.org.br\/inc\/uploads\/2020\/05\/MP_966_Sugest\u00e3o_de_emenda_individualizada_\u00e0_MP_966_de_2020_Minist\u00e9rio-convertido.pdf\" target=\"_blank\" rel=\"noopener noreferrer\">segunda emenda apresentada pelo partido<\/a><\/strong> obriga o Minist\u00e9rio da Economia, sob pena de responsabiliza\u00e7\u00e3o civil e penal, a pagar em dia e sem atraso as parcelas da Renda B\u00e1sica emergencial, principal a\u00e7\u00e3o do Estado brasileiro na prote\u00e7\u00e3o da popula\u00e7\u00e3o durante a crise causada pela pandemia do novo coronav\u00edrus.<\/p>\n<p>&#8220;A popula\u00e7\u00e3o relata que a ida ao banco e outros \u00f3rg\u00e3os estatais \u00e9 uma tentativa para receber o aux\u00edlio emergencial, que chegou apenas um m\u00eas ap\u00f3s a quarentena decretada pelo poder p\u00fablico (2 de abril de 2020), e, que mesmo assim, dois meses ap\u00f3s o isolamento h\u00e1 atrasos e desinforma\u00e7\u00e3o&#8221;, lembram os deputados do PSOL, que cobram solu\u00e7\u00f5es do governo Bolsonaro para evitar aglomera\u00e7\u00f5es em frente a bancos e institui\u00e7\u00f5es financeiras.<\/p>\n","protected":false},"excerpt":{"rendered":"<p>A bancada do PSOL na C\u00e2mara dos Deputados apresentou, nesta ter\u00e7a-feira (19), emendas \u00e0 Medida Provis\u00f3ria (MP) 966\/2020, apresentada por Jair Bolsonaro, que protege agentes p\u00fablicos que negligenciarem a pandemia do novo coronav\u00edrus e revela uma esp\u00e9cie de auto salvo-conduto, j\u00e1 que a isen\u00e7\u00e3o vale tamb\u00e9m para a\u00e7\u00f5es e omiss\u00f5es contra efeitos econ\u00f4micos e sociais. [&hellip;]<\/p>\n","protected":false},"author":2,"featured_media":27860,"comment_status":"closed","ping_status":"open","sticky":false,"template":"","format":"standard","meta":{"_acf_changed":false,"footnotes":""},"categories":[10,6],"tags":[56,171,371,474,367,22,366,45],"class_list":{"0":"post-29026","1":"post","2":"type-post","3":"status-publish","4":"format-standard","5":"has-post-thumbnail","7":"category-acao-parlamentares","8":"category-noticias","9":"tag-bolsonaro","10":"tag-coronavirus","11":"tag-covid-19","12":"tag-mp","13":"tag-pandemia","14":"tag-psol","15":"tag-psolcontraocoronavirus","16":"tag-stf"},"acf":[],"yoast_head":"<!-- This site is optimized with the Yoast SEO plugin v26.5 - https:\/\/yoast.com\/wordpress\/plugins\/seo\/ -->\n<title>PSOL prop\u00f5e altera\u00e7\u00e3o de MP de Bolsonaro para responsabilizar agentes p\u00fablicos negligentes durante pandemia<\/title>\n<meta name=\"description\" content=\"As propostas do PSOL, que tamb\u00e9m j\u00e1 acionou o STF para julgar a MP inconstitucional, s\u00e3o uma forma de alterar completamente o conte\u00fado da medida de Bolsonaro.\" \/>\n<meta name=\"robots\" content=\"index, follow, max-snippet:-1, max-image-preview:large, max-video-preview:-1\" \/>\n<link rel=\"canonical\" href=\"https:\/\/psol50.org.br\/psol-propoe-alteracao-de-mp-de-bolsonaro-para-responsabilizar-agentes-publicos-durante-pandemia\/\" \/>\n<meta property=\"og:locale\" content=\"pt_BR\" \/>\n<meta property=\"og:type\" content=\"article\" \/>\n<meta property=\"og:title\" content=\"PSOL prop\u00f5e altera\u00e7\u00e3o de MP de Bolsonaro para responsabilizar agentes p\u00fablicos negligentes durante pandemia\" \/>\n<meta property=\"og:description\" content=\"As propostas do PSOL, que tamb\u00e9m j\u00e1 acionou o STF para julgar a MP inconstitucional, s\u00e3o uma forma de alterar completamente o conte\u00fado da medida de Bolsonaro.\" \/>\n<meta property=\"og:url\" content=\"https:\/\/psol50.org.br\/psol-propoe-alteracao-de-mp-de-bolsonaro-para-responsabilizar-agentes-publicos-durante-pandemia\/\" \/>\n<meta property=\"og:site_name\" content=\"PSOL 50\" \/>\n<meta property=\"article:publisher\" content=\"https:\/\/www.facebook.com\/psol50\" \/>\n<meta property=\"article:published_time\" content=\"2020-05-19T19:56:52+00:00\" \/>\n<meta property=\"og:image\" content=\"https:\/\/psol50.org.br\/inc\/uploads\/2020\/03\/bolsonaro-mascara-1.png\" \/>\n\t<meta property=\"og:image:width\" content=\"724\" \/>\n\t<meta property=\"og:image:height\" content=\"403\" \/>\n\t<meta property=\"og:image:type\" content=\"image\/png\" \/>\n<meta name=\"author\" content=\"Comunica\u00e7\u00e3o PSOL\" \/>\n<meta name=\"twitter:card\" content=\"summary_large_image\" \/>\n<meta name=\"twitter:title\" content=\"PSOL prop\u00f5e altera\u00e7\u00e3o de MP de Bolsonaro para responsabilizar agentes p\u00fablicos negligentes durante pandemia\" \/>\n<meta name=\"twitter:description\" content=\"As propostas do PSOL, que tamb\u00e9m j\u00e1 acionou o STF para julgar a MP inconstitucional, s\u00e3o uma forma de alterar completamente o conte\u00fado da medida de Bolsonaro.\" \/>\n<meta name=\"twitter:image\" content=\"https:\/\/psol50.org.br\/inc\/uploads\/2020\/03\/bolsonaro-mascara-1.png\" \/>\n<meta name=\"twitter:creator\" content=\"@psol50\" \/>\n<meta name=\"twitter:site\" content=\"@psol50\" \/>\n<meta name=\"twitter:label1\" content=\"Escrito por\" \/>\n\t<meta name=\"twitter:data1\" content=\"Comunica\u00e7\u00e3o PSOL\" \/>\n\t<meta name=\"twitter:label2\" content=\"Est. tempo de leitura\" \/>\n\t<meta name=\"twitter:data2\" content=\"2 minutos\" \/>\n<script type=\"application\/ld+json\" class=\"yoast-schema-graph\">{\"@context\":\"https:\/\/schema.org\",\"@graph\":[{\"@type\":\"Article\",\"@id\":\"https:\/\/psol50.org.br\/psol-propoe-alteracao-de-mp-de-bolsonaro-para-responsabilizar-agentes-publicos-durante-pandemia\/#article\",\"isPartOf\":{\"@id\":\"https:\/\/psol50.org.br\/psol-propoe-alteracao-de-mp-de-bolsonaro-para-responsabilizar-agentes-publicos-durante-pandemia\/\"},\"author\":{\"name\":\"Comunica\u00e7\u00e3o PSOL\",\"@id\":\"https:\/\/psol50.org.br\/#\/schema\/person\/475dfa57d0b815993c714c2e96491fcd\"},\"headline\":\"PSOL prop\u00f5e altera\u00e7\u00e3o de MP de Bolsonaro para responsabilizar agentes p\u00fablicos negligentes durante pandemia\",\"datePublished\":\"2020-05-19T19:56:52+00:00\",\"mainEntityOfPage\":{\"@id\":\"https:\/\/psol50.org.br\/psol-propoe-alteracao-de-mp-de-bolsonaro-para-responsabilizar-agentes-publicos-durante-pandemia\/\"},\"wordCount\":357,\"publisher\":{\"@id\":\"https:\/\/psol50.org.br\/#organization\"},\"image\":{\"@id\":\"https:\/\/psol50.org.br\/psol-propoe-alteracao-de-mp-de-bolsonaro-para-responsabilizar-agentes-publicos-durante-pandemia\/#primaryimage\"},\"thumbnailUrl\":\"https:\/\/psol50.org.br\/inc\/uploads\/2020\/03\/bolsonaro-mascara-1.png\",\"keywords\":[\"Bolsonaro\",\"coronav\u00edrus\",\"covid-19\",\"MP\",\"pandemia\",\"PSOL\",\"psolcontraocoronavirus\",\"STF\"],\"articleSection\":[\"A\u00e7\u00e3o Parlamentar\",\"Not\u00edcias\"],\"inLanguage\":\"pt-BR\"},{\"@type\":\"WebPage\",\"@id\":\"https:\/\/psol50.org.br\/psol-propoe-alteracao-de-mp-de-bolsonaro-para-responsabilizar-agentes-publicos-durante-pandemia\/\",\"url\":\"https:\/\/psol50.org.br\/psol-propoe-alteracao-de-mp-de-bolsonaro-para-responsabilizar-agentes-publicos-durante-pandemia\/\",\"name\":\"PSOL prop\u00f5e altera\u00e7\u00e3o de MP de Bolsonaro para responsabilizar agentes p\u00fablicos negligentes durante pandemia\",\"isPartOf\":{\"@id\":\"https:\/\/psol50.org.br\/#website\"},\"primaryImageOfPage\":{\"@id\":\"https:\/\/psol50.org.br\/psol-propoe-alteracao-de-mp-de-bolsonaro-para-responsabilizar-agentes-publicos-durante-pandemia\/#primaryimage\"},\"image\":{\"@id\":\"https:\/\/psol50.org.br\/psol-propoe-alteracao-de-mp-de-bolsonaro-para-responsabilizar-agentes-publicos-durante-pandemia\/#primaryimage\"},\"thumbnailUrl\":\"https:\/\/psol50.org.br\/inc\/uploads\/2020\/03\/bolsonaro-mascara-1.png\",\"datePublished\":\"2020-05-19T19:56:52+00:00\",\"description\":\"As propostas do PSOL, que tamb\u00e9m j\u00e1 acionou o STF para julgar a MP inconstitucional, s\u00e3o uma forma de alterar completamente o conte\u00fado da medida de Bolsonaro.\",\"breadcrumb\":{\"@id\":\"https:\/\/psol50.org.br\/psol-propoe-alteracao-de-mp-de-bolsonaro-para-responsabilizar-agentes-publicos-durante-pandemia\/#breadcrumb\"},\"inLanguage\":\"pt-BR\",\"potentialAction\":[{\"@type\":\"ReadAction\",\"target\":[\"https:\/\/psol50.org.br\/psol-propoe-alteracao-de-mp-de-bolsonaro-para-responsabilizar-agentes-publicos-durante-pandemia\/\"]}]},{\"@type\":\"ImageObject\",\"inLanguage\":\"pt-BR\",\"@id\":\"https:\/\/psol50.org.br\/psol-propoe-alteracao-de-mp-de-bolsonaro-para-responsabilizar-agentes-publicos-durante-pandemia\/#primaryimage\",\"url\":\"https:\/\/psol50.org.br\/inc\/uploads\/2020\/03\/bolsonaro-mascara-1.png\",\"contentUrl\":\"https:\/\/psol50.org.br\/inc\/uploads\/2020\/03\/bolsonaro-mascara-1.png\",\"width\":724,\"height\":403,\"caption\":\"Foto: Reprodu\u00e7\u00e3o Youtube\"},{\"@type\":\"BreadcrumbList\",\"@id\":\"https:\/\/psol50.org.br\/psol-propoe-alteracao-de-mp-de-bolsonaro-para-responsabilizar-agentes-publicos-durante-pandemia\/#breadcrumb\",\"itemListElement\":[{\"@type\":\"ListItem\",\"position\":1,\"name\":\"In\u00edcio\",\"item\":\"https:\/\/psol50.org.br\/\"},{\"@type\":\"ListItem\",\"position\":2,\"name\":\"PSOL prop\u00f5e altera\u00e7\u00e3o de MP de Bolsonaro para responsabilizar agentes p\u00fablicos negligentes durante pandemia\"}]},{\"@type\":\"WebSite\",\"@id\":\"https:\/\/psol50.org.br\/#website\",\"url\":\"https:\/\/psol50.org.br\/\",\"name\":\"PSOL 50\",\"description\":\"Site oficial do Partido Socialismo e Liberdade\",\"publisher\":{\"@id\":\"https:\/\/psol50.org.br\/#organization\"},\"alternateName\":\"PSOL50\",\"potentialAction\":[{\"@type\":\"SearchAction\",\"target\":{\"@type\":\"EntryPoint\",\"urlTemplate\":\"https:\/\/psol50.org.br\/?s={search_term_string}\"},\"query-input\":{\"@type\":\"PropertyValueSpecification\",\"valueRequired\":true,\"valueName\":\"search_term_string\"}}],\"inLanguage\":\"pt-BR\"},{\"@type\":\"Organization\",\"@id\":\"https:\/\/psol50.org.br\/#organization\",\"name\":\"PSOL 50\",\"alternateName\":\"PSOL 50\",\"url\":\"https:\/\/psol50.org.br\/\",\"logo\":{\"@type\":\"ImageObject\",\"inLanguage\":\"pt-BR\",\"@id\":\"https:\/\/psol50.org.br\/#\/schema\/logo\/image\/\",\"url\":\"https:\/\/psol50.org.br\/inc\/uploads\/2018\/07\/capa.png\",\"contentUrl\":\"https:\/\/psol50.org.br\/inc\/uploads\/2018\/07\/capa.png\",\"width\":1350,\"height\":900,\"caption\":\"PSOL 50\"},\"image\":{\"@id\":\"https:\/\/psol50.org.br\/#\/schema\/logo\/image\/\"},\"sameAs\":[\"https:\/\/www.facebook.com\/psol50\",\"https:\/\/x.com\/psol50\",\"https:\/\/www.instagram.com\/psol50\/\",\"https:\/\/www.youtube.com\/channel\/UC7SnJS5o1os7a6CaiNabzcg\"]},{\"@type\":\"Person\",\"@id\":\"https:\/\/psol50.org.br\/#\/schema\/person\/475dfa57d0b815993c714c2e96491fcd\",\"name\":\"Comunica\u00e7\u00e3o PSOL\",\"image\":{\"@type\":\"ImageObject\",\"inLanguage\":\"pt-BR\",\"@id\":\"https:\/\/psol50.org.br\/#\/schema\/person\/image\/\",\"url\":\"https:\/\/secure.gravatar.com\/avatar\/b34fc4f4e468a4e51785917065a3db57b841f5c95dba6ad8c73aaf8f66f8f9bf?s=96&d=mm&r=g\",\"contentUrl\":\"https:\/\/secure.gravatar.com\/avatar\/b34fc4f4e468a4e51785917065a3db57b841f5c95dba6ad8c73aaf8f66f8f9bf?s=96&d=mm&r=g\",\"caption\":\"Comunica\u00e7\u00e3o PSOL\"}}]}<\/script>\n<!-- \/ Yoast SEO plugin. -->","yoast_head_json":{"title":"PSOL prop\u00f5e altera\u00e7\u00e3o de MP de Bolsonaro para responsabilizar agentes p\u00fablicos negligentes durante pandemia","description":"As propostas do PSOL, que tamb\u00e9m j\u00e1 acionou o STF para julgar a MP inconstitucional, s\u00e3o uma forma de alterar completamente o conte\u00fado da medida de Bolsonaro.","robots":{"index":"index","follow":"follow","max-snippet":"max-snippet:-1","max-image-preview":"max-image-preview:large","max-video-preview":"max-video-preview:-1"},"canonical":"https:\/\/psol50.org.br\/psol-propoe-alteracao-de-mp-de-bolsonaro-para-responsabilizar-agentes-publicos-durante-pandemia\/","og_locale":"pt_BR","og_type":"article","og_title":"PSOL prop\u00f5e altera\u00e7\u00e3o de MP de Bolsonaro para responsabilizar agentes p\u00fablicos negligentes durante pandemia","og_description":"As propostas do PSOL, que tamb\u00e9m j\u00e1 acionou o STF para julgar a MP inconstitucional, s\u00e3o uma forma de alterar completamente o conte\u00fado da medida de Bolsonaro.","og_url":"https:\/\/psol50.org.br\/psol-propoe-alteracao-de-mp-de-bolsonaro-para-responsabilizar-agentes-publicos-durante-pandemia\/","og_site_name":"PSOL 50","article_publisher":"https:\/\/www.facebook.com\/psol50","article_published_time":"2020-05-19T19:56:52+00:00","og_image":[{"width":724,"height":403,"url":"https:\/\/psol50.org.br\/inc\/uploads\/2020\/03\/bolsonaro-mascara-1.png","type":"image\/png"}],"author":"Comunica\u00e7\u00e3o PSOL","twitter_card":"summary_large_image","twitter_title":"PSOL prop\u00f5e altera\u00e7\u00e3o de MP de Bolsonaro para responsabilizar agentes p\u00fablicos negligentes durante pandemia","twitter_description":"As propostas do PSOL, que tamb\u00e9m j\u00e1 acionou o STF para julgar a MP inconstitucional, s\u00e3o uma forma de alterar completamente o conte\u00fado da medida de Bolsonaro.","twitter_image":"https:\/\/psol50.org.br\/inc\/uploads\/2020\/03\/bolsonaro-mascara-1.png","twitter_creator":"@psol50","twitter_site":"@psol50","twitter_misc":{"Escrito por":"Comunica\u00e7\u00e3o PSOL","Est. tempo de leitura":"2 minutos"},"schema":{"@context":"https:\/\/schema.org","@graph":[{"@type":"Article","@id":"https:\/\/psol50.org.br\/psol-propoe-alteracao-de-mp-de-bolsonaro-para-responsabilizar-agentes-publicos-durante-pandemia\/#article","isPartOf":{"@id":"https:\/\/psol50.org.br\/psol-propoe-alteracao-de-mp-de-bolsonaro-para-responsabilizar-agentes-publicos-durante-pandemia\/"},"author":{"name":"Comunica\u00e7\u00e3o PSOL","@id":"https:\/\/psol50.org.br\/#\/schema\/person\/475dfa57d0b815993c714c2e96491fcd"},"headline":"PSOL prop\u00f5e altera\u00e7\u00e3o de MP de Bolsonaro para responsabilizar agentes p\u00fablicos negligentes durante pandemia","datePublished":"2020-05-19T19:56:52+00:00","mainEntityOfPage":{"@id":"https:\/\/psol50.org.br\/psol-propoe-alteracao-de-mp-de-bolsonaro-para-responsabilizar-agentes-publicos-durante-pandemia\/"},"wordCount":357,"publisher":{"@id":"https:\/\/psol50.org.br\/#organization"},"image":{"@id":"https:\/\/psol50.org.br\/psol-propoe-alteracao-de-mp-de-bolsonaro-para-responsabilizar-agentes-publicos-durante-pandemia\/#primaryimage"},"thumbnailUrl":"https:\/\/psol50.org.br\/inc\/uploads\/2020\/03\/bolsonaro-mascara-1.png","keywords":["Bolsonaro","coronav\u00edrus","covid-19","MP","pandemia","PSOL","psolcontraocoronavirus","STF"],"articleSection":["A\u00e7\u00e3o Parlamentar","Not\u00edcias"],"inLanguage":"pt-BR"},{"@type":"WebPage","@id":"https:\/\/psol50.org.br\/psol-propoe-alteracao-de-mp-de-bolsonaro-para-responsabilizar-agentes-publicos-durante-pandemia\/","url":"https:\/\/psol50.org.br\/psol-propoe-alteracao-de-mp-de-bolsonaro-para-responsabilizar-agentes-publicos-durante-pandemia\/","name":"PSOL prop\u00f5e altera\u00e7\u00e3o de MP de Bolsonaro para responsabilizar agentes p\u00fablicos negligentes durante pandemia","isPartOf":{"@id":"https:\/\/psol50.org.br\/#website"},"primaryImageOfPage":{"@id":"https:\/\/psol50.org.br\/psol-propoe-alteracao-de-mp-de-bolsonaro-para-responsabilizar-agentes-publicos-durante-pandemia\/#primaryimage"},"image":{"@id":"https:\/\/psol50.org.br\/psol-propoe-alteracao-de-mp-de-bolsonaro-para-responsabilizar-agentes-publicos-durante-pandemia\/#primaryimage"},"thumbnailUrl":"https:\/\/psol50.org.br\/inc\/uploads\/2020\/03\/bolsonaro-mascara-1.png","datePublished":"2020-05-19T19:56:52+00:00","description":"As propostas do PSOL, que tamb\u00e9m j\u00e1 acionou o STF para julgar a MP inconstitucional, s\u00e3o uma forma de alterar completamente o conte\u00fado da medida de Bolsonaro.","breadcrumb":{"@id":"https:\/\/psol50.org.br\/psol-propoe-alteracao-de-mp-de-bolsonaro-para-responsabilizar-agentes-publicos-durante-pandemia\/#breadcrumb"},"inLanguage":"pt-BR","potentialAction":[{"@type":"ReadAction","target":["https:\/\/psol50.org.br\/psol-propoe-alteracao-de-mp-de-bolsonaro-para-responsabilizar-agentes-publicos-durante-pandemia\/"]}]},{"@type":"ImageObject","inLanguage":"pt-BR","@id":"https:\/\/psol50.org.br\/psol-propoe-alteracao-de-mp-de-bolsonaro-para-responsabilizar-agentes-publicos-durante-pandemia\/#primaryimage","url":"https:\/\/psol50.org.br\/inc\/uploads\/2020\/03\/bolsonaro-mascara-1.png","contentUrl":"https:\/\/psol50.org.br\/inc\/uploads\/2020\/03\/bolsonaro-mascara-1.png","width":724,"height":403,"caption":"Foto: Reprodu\u00e7\u00e3o Youtube"},{"@type":"BreadcrumbList","@id":"https:\/\/psol50.org.br\/psol-propoe-alteracao-de-mp-de-bolsonaro-para-responsabilizar-agentes-publicos-durante-pandemia\/#breadcrumb","itemListElement":[{"@type":"ListItem","position":1,"name":"In\u00edcio","item":"https:\/\/psol50.org.br\/"},{"@type":"ListItem","position":2,"name":"PSOL prop\u00f5e altera\u00e7\u00e3o de MP de Bolsonaro para responsabilizar agentes p\u00fablicos negligentes durante pandemia"}]},{"@type":"WebSite","@id":"https:\/\/psol50.org.br\/#website","url":"https:\/\/psol50.org.br\/","name":"PSOL 50","description":"Site oficial do Partido Socialismo e Liberdade","publisher":{"@id":"https:\/\/psol50.org.br\/#organization"},"alternateName":"PSOL50","potentialAction":[{"@type":"SearchAction","target":{"@type":"EntryPoint","urlTemplate":"https:\/\/psol50.org.br\/?s={search_term_string}"},"query-input":{"@type":"PropertyValueSpecification","valueRequired":true,"valueName":"search_term_string"}}],"inLanguage":"pt-BR"},{"@type":"Organization","@id":"https:\/\/psol50.org.br\/#organization","name":"PSOL 50","alternateName":"PSOL 50","url":"https:\/\/psol50.org.br\/","logo":{"@type":"ImageObject","inLanguage":"pt-BR","@id":"https:\/\/psol50.org.br\/#\/schema\/logo\/image\/","url":"https:\/\/psol50.org.br\/inc\/uploads\/2018\/07\/capa.png","contentUrl":"https:\/\/psol50.org.br\/inc\/uploads\/2018\/07\/capa.png","width":1350,"height":900,"caption":"PSOL 50"},"image":{"@id":"https:\/\/psol50.org.br\/#\/schema\/logo\/image\/"},"sameAs":["https:\/\/www.facebook.com\/psol50","https:\/\/x.com\/psol50","https:\/\/www.instagram.com\/psol50\/","https:\/\/www.youtube.com\/channel\/UC7SnJS5o1os7a6CaiNabzcg"]},{"@type":"Person","@id":"https:\/\/psol50.org.br\/#\/schema\/person\/475dfa57d0b815993c714c2e96491fcd","name":"Comunica\u00e7\u00e3o PSOL","image":{"@type":"ImageObject","inLanguage":"pt-BR","@id":"https:\/\/psol50.org.br\/#\/schema\/person\/image\/","url":"https:\/\/secure.gravatar.com\/avatar\/b34fc4f4e468a4e51785917065a3db57b841f5c95dba6ad8c73aaf8f66f8f9bf?s=96&d=mm&r=g","contentUrl":"https:\/\/secure.gravatar.com\/avatar\/b34fc4f4e468a4e51785917065a3db57b841f5c95dba6ad8c73aaf8f66f8f9bf?s=96&d=mm&r=g","caption":"Comunica\u00e7\u00e3o PSOL"}}]}},"_links":{"self":[{"href":"https:\/\/psol50.org.br\/rest\/wp\/v2\/posts\/29026","targetHints":{"allow":["GET"]}}],"collection":[{"href":"https:\/\/psol50.org.br\/rest\/wp\/v2\/posts"}],"about":[{"href":"https:\/\/psol50.org.br\/rest\/wp\/v2\/types\/post"}],"author":[{"embeddable":true,"href":"https:\/\/psol50.org.br\/rest\/wp\/v2\/users\/2"}],"replies":[{"embeddable":true,"href":"https:\/\/psol50.org.br\/rest\/wp\/v2\/comments?post=29026"}],"version-history":[{"count":0,"href":"https:\/\/psol50.org.br\/rest\/wp\/v2\/posts\/29026\/revisions"}],"wp:featuredmedia":[{"embeddable":true,"href":"https:\/\/psol50.org.br\/rest\/wp\/v2\/media\/27860"}],"wp:attachment":[{"href":"https:\/\/psol50.org.br\/rest\/wp\/v2\/media?parent=29026"}],"wp:term":[{"taxonomy":"category","embeddable":true,"href":"https:\/\/psol50.org.br\/rest\/wp\/v2\/categories?post=29026"},{"taxonomy":"post_tag","embeddable":true,"href":"https:\/\/psol50.org.br\/rest\/wp\/v2\/tags?post=29026"}],"curies":[{"name":"wp","href":"https:\/\/api.w.org\/{rel}","templated":true}]}}