{"id":29047,"date":"2020-05-20T10:11:42","date_gmt":"2020-05-20T13:11:42","guid":{"rendered":"https:\/\/psol50.org.br\/?p=29047"},"modified":"2020-05-20T10:11:42","modified_gmt":"2020-05-20T13:11:42","slug":"a-rebeliao-libanesa-como-fio-de-continuidade","status":"publish","type":"post","link":"https:\/\/psol50.org.br\/a-rebeliao-libanesa-como-fio-de-continuidade\/","title":{"rendered":"A rebeli\u00e3o libanesa como fio de continuidade"},"content":{"rendered":"<p><a href=\"http:\/\/psol50.org.br\/coronavirus\" target=\"_blank\" rel=\"noopener noreferrer\"><img loading=\"lazy\" decoding=\"async\" class=\"alignnone size-full wp-image-27838\" src=\"https:\/\/psol50.org.br\/inc\/uploads\/2020\/03\/Banner-Site_3.png\" alt=\"\" width=\"1240\" height=\"331\" srcset=\"https:\/\/psol50.org.br\/inc\/uploads\/2020\/03\/Banner-Site_3.png 1240w, https:\/\/psol50.org.br\/inc\/uploads\/2020\/03\/Banner-Site_3-300x80.png 300w, https:\/\/psol50.org.br\/inc\/uploads\/2020\/03\/Banner-Site_3-1024x273.png 1024w, https:\/\/psol50.org.br\/inc\/uploads\/2020\/03\/Banner-Site_3-768x205.png 768w, https:\/\/psol50.org.br\/inc\/uploads\/2020\/03\/Banner-Site_3-150x40.png 150w, https:\/\/psol50.org.br\/inc\/uploads\/2020\/03\/Banner-Site_3-696x186.png 696w, https:\/\/psol50.org.br\/inc\/uploads\/2020\/03\/Banner-Site_3-1068x285.png 1068w\" sizes=\"auto, (max-width: 1240px) 100vw, 1240px\" \/><\/a><\/p>\n<p>O mundo segue em quarentena. Nos distintos pa\u00edses, o movimento de massas tem uma condi\u00e7\u00e3o particular, n\u00e3o podendo expressar-se na forma mais conhecida dos protestos de massas. As desigualdades se desenvolvem: alguns protestos de vanguarda no 1 de Maio, ato no centro de Tel Aviv, todos respeitando as regras de isolamento social. H\u00e1 tamb\u00e9m atos dos profissionais da sa\u00fade, em v\u00e1rios pa\u00edses, como vanguarda das lutas, e bloqueios das carreatas da extrema-direita, com sindicatos da sa\u00fade \u00e0 frente, nos Estados Unidos. No Brasil e em outros pa\u00edses, acontecem panela\u00e7os e atos virtuais de rep\u00fadio ao governo.<\/p>\n<p>Entretanto, um pren\u00fancio do que poder\u00e1 vir, em breve, se verificou no dia 27 de abril, no L\u00edbano, no evento que ficou conhecido como \u201cNoite dos molotovs\u201d. Com um pequeno levante popular na Tr\u00edpoli libanesa, com o saldo de um manifestante morto, a revolta acabou se espalhando rapidamente para Beirute, onde o Banco Central foi incendidado, chegando a Saida no sul do pa\u00eds. Um verdadeiro ensaio geral, no L\u00edbano, contudo, colocando em relevo quest\u00f5es de fundo, indicando que se pode resistir \u00e0 fome, a falta de assist\u00eancia social e ao desemprego, combatendo os bancos e os partidos da ordem.<\/p>\n<p><strong>O L\u00edbano e as rebeli\u00f5es de 2019<\/strong><\/p>\n<p>O mundo \u201cpr\u00e9-pandemia\u201d estava marcado por uma maior polariza\u00e7\u00e3o, desigual entre os pa\u00edses. O movimento de rebeli\u00f5es democr\u00e1ticas se expandiu pelo mundo ao longo de 2019. Porto Rico e Hong Kong foram dois polos intensos que tocaram os maiores imperialismos do planeta; na Europa, houve manifesta\u00e7\u00f5es na Catalunha; na Am\u00e9rica Latina, foram Equador e Chile. O L\u00edbano encaixou-se nesse contexto, nos marcos de retomada das lutas no mundo \u00e1rabe, ap\u00f3s as revolu\u00e7\u00f5es que derrubaram os governos do Sud\u00e3o e da Arg\u00e9lia.<\/p>\n<p>O motor dos levantes envolve a quest\u00e3o democr\u00e1tica e o contraponto aos planos do FMI, o que, no mundo \u00e1rabe, pode ser visto como a segunda onda das revoltas democr\u00e1ticas que tiveram lugar em 2011, como definiu Achcar, intelectual liban\u00eas, em entrevista, respondendo sobre o aprendizado das massas:<\/p>\n<p>\u201cDefinitivamente aprenderam. Os processos revolucion\u00e1rios prolongados s\u00e3o cumulativos em termos de experi\u00eancia e saber-fazer. S\u00e3o curvas de aprendizagem. Os povos aprendem, os movimentos de massa aprendem, os revolucion\u00e1rios aprendem e os reacion\u00e1rios tamb\u00e9m, claro, todos aprendem. Um processo revolucion\u00e1rio de longo prazo \u00e9 uma sucess\u00e3o de ondas de levantamentos e de reveses contrarrevolucion\u00e1rios \u2013 mas n\u00e3o s\u00e3o meras repeti\u00e7\u00f5es de padr\u00f5es similares. O processo n\u00e3o \u00e9 circular, tem de avan\u00e7ar ou ent\u00e3o degenera. As pessoas entendem as li\u00e7\u00f5es das experi\u00eancias anteriores e fazem o seu melhor para n\u00e3o repetir os mesmos erros ou cair nas mesmas armadilhas. Isto foi muito claro no caso do Sud\u00e3o, mas tamb\u00e9m na Arg\u00e9lia e agora no Iraque e no L\u00edbano tamb\u00e9m\u201d.<\/p>\n<p>O processo de contesta\u00e7\u00e3o aos planos de ajuste, em uma s\u00e9rie de pa\u00edses, colocou a quest\u00e3o da luta de classes a quente, polarizando o conjunto da sociedade. Essa foi uma das marcas de 2019. A maior parte dos governos do mundo goza de apoio durante a primeira etapa da pandemia e seus efeitos; algumas exce\u00e7\u00f5es s\u00e3o importantes, como a polariza\u00e7\u00e3o que o Brasil vive contra o negacionismo de Bolsonaro no poder. Em outros lugares, a paralisa\u00e7\u00e3o das atividades \u00e9 funcional para que os regimes ganhem f\u00f4lego, como o caso de Pi\u00f1era no Chile. A raiva social, contudo, come\u00e7a a ser detectada por baixo, no Equador, por exemplo. O governo de Kosovo foi o primeiro a cair durante o per\u00edodo do coronav\u00edrus, ap\u00f3s panela\u00e7os massivos e insatisfa\u00e7\u00e3o social.<\/p>\n<p>E, no final de abril, o L\u00edbano foi palco de violentos protestos, contra bancos e autoridades, revivendo as grandes jornadas de 2019, que levaram ent\u00e3o ao fim do governo Hariri, abrindo uma nova etapa na luta pol\u00edtica no pa\u00eds.<\/p>\n<p><strong>A rebeli\u00e3o libanesa como sintoma?<\/strong><\/p>\n<p>Entre os dias 21 e 30 de abril, as principais cidades do L\u00edbano conheceram protestos, com o \u00e1pice na j\u00e1 referida noite do dia 27.<\/p>\n<p>A noite de f\u00faria desafiou as restri\u00e7\u00f5es de seguran\u00e7a impostas pelo governo, a partir da crise da moeda local, quando o colapso da lira libanesa foi simbolizado na proibi\u00e7\u00e3o da retirada de d\u00f3lares dos bancos e casa de c\u00e2mbio das grandes cidades. As chamas da rebeli\u00e3o de 2019 voltaram a arder.<\/p>\n<p>A rebeli\u00e3o de 2019 derrubou o governo sunita de Hariri, depois de \u00e9picas jornadas de centenas de milhares de pessoas, iniciadas com aumentos de taxas de acesso ao whatsapp transformando-se em rebeli\u00e3o aberta contra os bancos. Na vis\u00e3o de Lina Mounzer:<\/p>\n<p>\u201cOs libaneses protestavam contra suas elites pol\u00edticas desde outubro e se recusavam a sair dos locais de protesto. Iniciada por uma proposta de imposto sobre as chamadas telef\u00f4nicas de whatsapp anunciada em 17 de outubro, uma das muitas medidas de austeridade propostas para compensar os espantosos 86 bilh\u00f5es de d\u00f3lares da d\u00edvida libanesa, os protestos visaram o governo durante d\u00e9cadas de corrup\u00e7\u00e3o, divis\u00e3o sect\u00e1ria do poder e quebras do sistema banc\u00e1rio. Os bancos libaneses emprestaram dinheiro dos depositantes ao governo e n\u00e3o t\u00eam mais a liquidez do d\u00f3lar para corresponder aos n\u00fameros das contas banc\u00e1rias das pessoas. At\u00e9 novembro, os bancos colocaram limites r\u00edgidos para os saques, alguns permitindo apenas US$ 100 por m\u00eas. Esses limites de retirada funcionaram como controles n\u00e3o-oficiais de capital\u201d.<\/p>\n<p>Foi com o imposto sobre a internet que se ativou a ira de centenas de milhares de jovens, a gera\u00e7\u00e3o \u201chiperconectada\u201d. Foi a fa\u00edsca que incendiou o pa\u00eds em outubro, arrastando toda as outras contradi\u00e7\u00f5es do L\u00edbano, como a quest\u00e3o da sa\u00fade e da pobreza generalizada.<\/p>\n<p>Tamb\u00e9m se pode notar como o L\u00edbano ser\u00e1 um laborat\u00f3rio sobre embates de classe. At\u00e9 quando as massas pauperizadas v\u00e3o tolerar \u00edndices de agravamento nas suas condi\u00e7\u00f5es de vida? Quais limites e tens\u00f5es que se abrem no mundo durante e ap\u00f3s a pandemia?<\/p>\n<p>O governo fala em at\u00e9 75% dos libaneses vivendo em condi\u00e7\u00f5es de pobreza, ap\u00f3s os primeiros desdobramentos da Covid-19. As proje\u00e7\u00f5es da FAO e da ONU indicam que podemos chegar ao n\u00famero de 256 milh\u00f5es de pessoas em situa\u00e7\u00e3o de fome no planeta.<\/p>\n<p>A luta dos imigrantes e refugiados \u00e9 um dos centros no atual processo pol\u00edtico e social durante a quarentena. O L\u00edbano tem cerca de dois milh\u00f5es de refugiados, na sua maioria s\u00edrios e palestinos. Segundo o jornal El Pa\u00eds, o campo (em \u00e1rabe, \u201cmujayem\u201d) de S\u00eddon, no sul do L\u00edbano, congrega 75 mil palestinos, numa \u00e1rea de dois quil\u00f4metros quadrados. Os imigrantes, tamb\u00e9m de outra origens, protagonizaram importantes lutas nos dias 10 e 11 de abril, nas empresas onde s\u00e3o contratados de forma prec\u00e1ria e sem direitos.<\/p>\n<p><strong>A f\u00faria contra os bancos como ensaio geral<\/strong><\/p>\n<p>O L\u00edbano ficou conhecido como \u201cSu\u00ed\u00e7a do Oriente M\u00e9dio\u201d por seus bancos e pelo livre tr\u00e2nsito do mundo das finan\u00e7as em Beirute, o que, junto com a atividade tur\u00edstica, respondia pelos principais investimentos do pa\u00eds. A crise de 2019 e o colapso de 2020 v\u00e3o arrastar a ex-col\u00f4nia francesa para uma das piores crises da sua hist\u00f3ria, descarregando todo peso sobre as costas dos trabalhadores e do povo pobre. Nem o antigo grupo dirigente, ligado ao cl\u00e3 Hariri, nem os setores xiitas da mil\u00edcia Hezbollah tem condi\u00e7\u00f5es de oferecer uma sa\u00edda diante da cat\u00e1strofe que assola o pa\u00eds.<\/p>\n<p>N\u00e3o foi por acaso que o alvo central da rebeli\u00e3o foi os bancos. Algo muito progressivo, pois \u00e9 um salto de qualidade em rela\u00e7\u00e3o \u00e0 consci\u00eancia m\u00e9dia que apenas ataca os agentes pol\u00edticos, colocando em quest\u00e3o n\u00e3o apenas o poder pol\u00edtico do regime, como o modelo econ\u00f4mico, calcado no endividamento e nos interesses do rentismo.<\/p>\n<p>Em seguida do L\u00edbano, tamb\u00e9m o Iraque retomou as mobiliza\u00e7\u00f5es, criando certa rota de \u201crebeli\u00f5es da fome\u201d, onde centenas de milhares resistem, em condi\u00e7\u00f5es heroicas, ao genoc\u00eddio social causado pela pandemia e pela fome.<\/p>\n<p>Se at\u00e9 aqui o que primou foi a entrada do discurso de unidade nacional nos principais pa\u00edses do planeta, com o movimento de massas ainda acossado pelas condi\u00e7\u00f5es sanit\u00e1rias e pelo medo do maior surto de desemprego da hist\u00f3ria, o que vamos assistir, de pouco em pouco, remete \u00e0s noites de revolta que o L\u00edbano viveu no final de abril.<\/p>\n<p>A disputa dos rumos da sociedade \u201cp\u00f3s-pandemia\u201d passa por fortalecer a auto-organiza\u00e7\u00e3o popular, a defesa dos interesses dos de baixo, a solidariedade com os exemplos que vem de longe e com a necessidade de ordenar um programa de enfrentamento \u00e0s castas dirigentes e \u00e0 farra dos banqueiros em escala mundial.<\/p>\n<p><strong>Israel Dutra<\/strong><br \/>\n<strong>Secret\u00e1rio de Rela\u00e7\u00f5es Internacionais do PSOL<\/strong><\/p>\n","protected":false},"excerpt":{"rendered":"<p>O mundo segue em quarentena. Nos distintos pa\u00edses, o movimento de massas tem uma condi\u00e7\u00e3o particular, n\u00e3o podendo expressar-se na forma mais conhecida dos protestos de massas. As desigualdades se desenvolvem: alguns protestos de vanguarda no 1 de Maio, ato no centro de Tel Aviv, todos respeitando as regras de isolamento social. H\u00e1 tamb\u00e9m atos [&hellip;]<\/p>\n","protected":false},"author":2,"featured_media":29049,"comment_status":"closed","ping_status":"open","sticky":false,"template":"","format":"standard","meta":{"_acf_changed":false,"footnotes":""},"categories":[3,707],"tags":[],"class_list":{"0":"post-29047","1":"post","2":"type-post","3":"status-publish","4":"format-standard","5":"has-post-thumbnail","7":"category-artigos-e-entrevistas","8":"category-secr-ri"},"acf":[],"yoast_head":"<!-- This site is optimized with the Yoast SEO plugin v26.5 - https:\/\/yoast.com\/wordpress\/plugins\/seo\/ -->\n<title>A rebeli\u00e3o libanesa como fio de continuidade - PSOL 50<\/title>\n<meta name=\"description\" content=\"Israel Dutra analisa as manifesta\u00e7\u00f5es no L\u00edbano.\" \/>\n<meta name=\"robots\" content=\"index, follow, max-snippet:-1, max-image-preview:large, max-video-preview:-1\" \/>\n<link rel=\"canonical\" href=\"https:\/\/psol50.org.br\/a-rebeliao-libanesa-como-fio-de-continuidade\/\" \/>\n<meta property=\"og:locale\" content=\"pt_BR\" \/>\n<meta property=\"og:type\" content=\"article\" \/>\n<meta property=\"og:title\" content=\"A rebeli\u00e3o libanesa como fio de continuidade\" \/>\n<meta property=\"og:description\" content=\"Israel Dutra analisa as manifesta\u00e7\u00f5es no L\u00edbano.\" \/>\n<meta property=\"og:url\" content=\"https:\/\/psol50.org.br\/a-rebeliao-libanesa-como-fio-de-continuidade\/\" \/>\n<meta property=\"og:site_name\" content=\"PSOL 50\" \/>\n<meta property=\"article:publisher\" content=\"https:\/\/www.facebook.com\/psol50\" \/>\n<meta property=\"article:published_time\" content=\"2020-05-20T13:11:42+00:00\" \/>\n<meta property=\"og:image\" content=\"https:\/\/psol50.org.br\/inc\/uploads\/2020\/05\/lebanon.jpg\" \/>\n\t<meta property=\"og:image:width\" content=\"984\" \/>\n\t<meta property=\"og:image:height\" content=\"650\" \/>\n\t<meta property=\"og:image:type\" content=\"image\/jpeg\" \/>\n<meta name=\"author\" content=\"Comunica\u00e7\u00e3o PSOL\" \/>\n<meta name=\"twitter:card\" content=\"summary_large_image\" \/>\n<meta name=\"twitter:title\" content=\"A rebeli\u00e3o libanesa como fio de continuidade\" \/>\n<meta name=\"twitter:description\" content=\"Israel Dutra analisa as manifesta\u00e7\u00f5es no L\u00edbano.\" \/>\n<meta name=\"twitter:image\" content=\"https:\/\/psol50.org.br\/inc\/uploads\/2020\/05\/lebanon.jpg\" \/>\n<meta name=\"twitter:creator\" content=\"@psol50\" \/>\n<meta name=\"twitter:site\" content=\"@psol50\" \/>\n<meta name=\"twitter:label1\" content=\"Escrito por\" \/>\n\t<meta name=\"twitter:data1\" content=\"Comunica\u00e7\u00e3o PSOL\" \/>\n\t<meta name=\"twitter:label2\" content=\"Est. tempo de leitura\" \/>\n\t<meta name=\"twitter:data2\" content=\"8 minutos\" \/>\n<script type=\"application\/ld+json\" class=\"yoast-schema-graph\">{\"@context\":\"https:\/\/schema.org\",\"@graph\":[{\"@type\":\"Article\",\"@id\":\"https:\/\/psol50.org.br\/a-rebeliao-libanesa-como-fio-de-continuidade\/#article\",\"isPartOf\":{\"@id\":\"https:\/\/psol50.org.br\/a-rebeliao-libanesa-como-fio-de-continuidade\/\"},\"author\":{\"name\":\"Comunica\u00e7\u00e3o PSOL\",\"@id\":\"https:\/\/psol50.org.br\/#\/schema\/person\/475dfa57d0b815993c714c2e96491fcd\"},\"headline\":\"A rebeli\u00e3o libanesa como fio de continuidade\",\"datePublished\":\"2020-05-20T13:11:42+00:00\",\"mainEntityOfPage\":{\"@id\":\"https:\/\/psol50.org.br\/a-rebeliao-libanesa-como-fio-de-continuidade\/\"},\"wordCount\":1551,\"publisher\":{\"@id\":\"https:\/\/psol50.org.br\/#organization\"},\"image\":{\"@id\":\"https:\/\/psol50.org.br\/a-rebeliao-libanesa-como-fio-de-continuidade\/#primaryimage\"},\"thumbnailUrl\":\"https:\/\/psol50.org.br\/inc\/uploads\/2020\/05\/lebanon.jpg\",\"articleSection\":[\"Artigos\",\"Secr. de RI\"],\"inLanguage\":\"pt-BR\"},{\"@type\":\"WebPage\",\"@id\":\"https:\/\/psol50.org.br\/a-rebeliao-libanesa-como-fio-de-continuidade\/\",\"url\":\"https:\/\/psol50.org.br\/a-rebeliao-libanesa-como-fio-de-continuidade\/\",\"name\":\"A rebeli\u00e3o libanesa como fio de continuidade - PSOL 50\",\"isPartOf\":{\"@id\":\"https:\/\/psol50.org.br\/#website\"},\"primaryImageOfPage\":{\"@id\":\"https:\/\/psol50.org.br\/a-rebeliao-libanesa-como-fio-de-continuidade\/#primaryimage\"},\"image\":{\"@id\":\"https:\/\/psol50.org.br\/a-rebeliao-libanesa-como-fio-de-continuidade\/#primaryimage\"},\"thumbnailUrl\":\"https:\/\/psol50.org.br\/inc\/uploads\/2020\/05\/lebanon.jpg\",\"datePublished\":\"2020-05-20T13:11:42+00:00\",\"description\":\"Israel Dutra analisa as manifesta\u00e7\u00f5es no L\u00edbano.\",\"breadcrumb\":{\"@id\":\"https:\/\/psol50.org.br\/a-rebeliao-libanesa-como-fio-de-continuidade\/#breadcrumb\"},\"inLanguage\":\"pt-BR\",\"potentialAction\":[{\"@type\":\"ReadAction\",\"target\":[\"https:\/\/psol50.org.br\/a-rebeliao-libanesa-como-fio-de-continuidade\/\"]}]},{\"@type\":\"ImageObject\",\"inLanguage\":\"pt-BR\",\"@id\":\"https:\/\/psol50.org.br\/a-rebeliao-libanesa-como-fio-de-continuidade\/#primaryimage\",\"url\":\"https:\/\/psol50.org.br\/inc\/uploads\/2020\/05\/lebanon.jpg\",\"contentUrl\":\"https:\/\/psol50.org.br\/inc\/uploads\/2020\/05\/lebanon.jpg\",\"width\":984,\"height\":650,\"caption\":\"Foto: Omar Ibrahim\"},{\"@type\":\"BreadcrumbList\",\"@id\":\"https:\/\/psol50.org.br\/a-rebeliao-libanesa-como-fio-de-continuidade\/#breadcrumb\",\"itemListElement\":[{\"@type\":\"ListItem\",\"position\":1,\"name\":\"In\u00edcio\",\"item\":\"https:\/\/psol50.org.br\/\"},{\"@type\":\"ListItem\",\"position\":2,\"name\":\"A rebeli\u00e3o libanesa como fio de continuidade\"}]},{\"@type\":\"WebSite\",\"@id\":\"https:\/\/psol50.org.br\/#website\",\"url\":\"https:\/\/psol50.org.br\/\",\"name\":\"PSOL 50\",\"description\":\"Site oficial do Partido Socialismo e Liberdade\",\"publisher\":{\"@id\":\"https:\/\/psol50.org.br\/#organization\"},\"alternateName\":\"PSOL50\",\"potentialAction\":[{\"@type\":\"SearchAction\",\"target\":{\"@type\":\"EntryPoint\",\"urlTemplate\":\"https:\/\/psol50.org.br\/?s={search_term_string}\"},\"query-input\":{\"@type\":\"PropertyValueSpecification\",\"valueRequired\":true,\"valueName\":\"search_term_string\"}}],\"inLanguage\":\"pt-BR\"},{\"@type\":\"Organization\",\"@id\":\"https:\/\/psol50.org.br\/#organization\",\"name\":\"PSOL 50\",\"alternateName\":\"PSOL 50\",\"url\":\"https:\/\/psol50.org.br\/\",\"logo\":{\"@type\":\"ImageObject\",\"inLanguage\":\"pt-BR\",\"@id\":\"https:\/\/psol50.org.br\/#\/schema\/logo\/image\/\",\"url\":\"https:\/\/psol50.org.br\/inc\/uploads\/2018\/07\/capa.png\",\"contentUrl\":\"https:\/\/psol50.org.br\/inc\/uploads\/2018\/07\/capa.png\",\"width\":1350,\"height\":900,\"caption\":\"PSOL 50\"},\"image\":{\"@id\":\"https:\/\/psol50.org.br\/#\/schema\/logo\/image\/\"},\"sameAs\":[\"https:\/\/www.facebook.com\/psol50\",\"https:\/\/x.com\/psol50\",\"https:\/\/www.instagram.com\/psol50\/\",\"https:\/\/www.youtube.com\/channel\/UC7SnJS5o1os7a6CaiNabzcg\"]},{\"@type\":\"Person\",\"@id\":\"https:\/\/psol50.org.br\/#\/schema\/person\/475dfa57d0b815993c714c2e96491fcd\",\"name\":\"Comunica\u00e7\u00e3o PSOL\",\"image\":{\"@type\":\"ImageObject\",\"inLanguage\":\"pt-BR\",\"@id\":\"https:\/\/psol50.org.br\/#\/schema\/person\/image\/\",\"url\":\"https:\/\/secure.gravatar.com\/avatar\/b34fc4f4e468a4e51785917065a3db57b841f5c95dba6ad8c73aaf8f66f8f9bf?s=96&d=mm&r=g\",\"contentUrl\":\"https:\/\/secure.gravatar.com\/avatar\/b34fc4f4e468a4e51785917065a3db57b841f5c95dba6ad8c73aaf8f66f8f9bf?s=96&d=mm&r=g\",\"caption\":\"Comunica\u00e7\u00e3o PSOL\"}}]}<\/script>\n<!-- \/ Yoast SEO plugin. -->","yoast_head_json":{"title":"A rebeli\u00e3o libanesa como fio de continuidade - PSOL 50","description":"Israel Dutra analisa as manifesta\u00e7\u00f5es no L\u00edbano.","robots":{"index":"index","follow":"follow","max-snippet":"max-snippet:-1","max-image-preview":"max-image-preview:large","max-video-preview":"max-video-preview:-1"},"canonical":"https:\/\/psol50.org.br\/a-rebeliao-libanesa-como-fio-de-continuidade\/","og_locale":"pt_BR","og_type":"article","og_title":"A rebeli\u00e3o libanesa como fio de continuidade","og_description":"Israel Dutra analisa as manifesta\u00e7\u00f5es no L\u00edbano.","og_url":"https:\/\/psol50.org.br\/a-rebeliao-libanesa-como-fio-de-continuidade\/","og_site_name":"PSOL 50","article_publisher":"https:\/\/www.facebook.com\/psol50","article_published_time":"2020-05-20T13:11:42+00:00","og_image":[{"width":984,"height":650,"url":"https:\/\/psol50.org.br\/inc\/uploads\/2020\/05\/lebanon.jpg","type":"image\/jpeg"}],"author":"Comunica\u00e7\u00e3o PSOL","twitter_card":"summary_large_image","twitter_title":"A rebeli\u00e3o libanesa como fio de continuidade","twitter_description":"Israel Dutra analisa as manifesta\u00e7\u00f5es no L\u00edbano.","twitter_image":"https:\/\/psol50.org.br\/inc\/uploads\/2020\/05\/lebanon.jpg","twitter_creator":"@psol50","twitter_site":"@psol50","twitter_misc":{"Escrito por":"Comunica\u00e7\u00e3o PSOL","Est. tempo de leitura":"8 minutos"},"schema":{"@context":"https:\/\/schema.org","@graph":[{"@type":"Article","@id":"https:\/\/psol50.org.br\/a-rebeliao-libanesa-como-fio-de-continuidade\/#article","isPartOf":{"@id":"https:\/\/psol50.org.br\/a-rebeliao-libanesa-como-fio-de-continuidade\/"},"author":{"name":"Comunica\u00e7\u00e3o PSOL","@id":"https:\/\/psol50.org.br\/#\/schema\/person\/475dfa57d0b815993c714c2e96491fcd"},"headline":"A rebeli\u00e3o libanesa como fio de continuidade","datePublished":"2020-05-20T13:11:42+00:00","mainEntityOfPage":{"@id":"https:\/\/psol50.org.br\/a-rebeliao-libanesa-como-fio-de-continuidade\/"},"wordCount":1551,"publisher":{"@id":"https:\/\/psol50.org.br\/#organization"},"image":{"@id":"https:\/\/psol50.org.br\/a-rebeliao-libanesa-como-fio-de-continuidade\/#primaryimage"},"thumbnailUrl":"https:\/\/psol50.org.br\/inc\/uploads\/2020\/05\/lebanon.jpg","articleSection":["Artigos","Secr. de RI"],"inLanguage":"pt-BR"},{"@type":"WebPage","@id":"https:\/\/psol50.org.br\/a-rebeliao-libanesa-como-fio-de-continuidade\/","url":"https:\/\/psol50.org.br\/a-rebeliao-libanesa-como-fio-de-continuidade\/","name":"A rebeli\u00e3o libanesa como fio de continuidade - PSOL 50","isPartOf":{"@id":"https:\/\/psol50.org.br\/#website"},"primaryImageOfPage":{"@id":"https:\/\/psol50.org.br\/a-rebeliao-libanesa-como-fio-de-continuidade\/#primaryimage"},"image":{"@id":"https:\/\/psol50.org.br\/a-rebeliao-libanesa-como-fio-de-continuidade\/#primaryimage"},"thumbnailUrl":"https:\/\/psol50.org.br\/inc\/uploads\/2020\/05\/lebanon.jpg","datePublished":"2020-05-20T13:11:42+00:00","description":"Israel Dutra analisa as manifesta\u00e7\u00f5es no L\u00edbano.","breadcrumb":{"@id":"https:\/\/psol50.org.br\/a-rebeliao-libanesa-como-fio-de-continuidade\/#breadcrumb"},"inLanguage":"pt-BR","potentialAction":[{"@type":"ReadAction","target":["https:\/\/psol50.org.br\/a-rebeliao-libanesa-como-fio-de-continuidade\/"]}]},{"@type":"ImageObject","inLanguage":"pt-BR","@id":"https:\/\/psol50.org.br\/a-rebeliao-libanesa-como-fio-de-continuidade\/#primaryimage","url":"https:\/\/psol50.org.br\/inc\/uploads\/2020\/05\/lebanon.jpg","contentUrl":"https:\/\/psol50.org.br\/inc\/uploads\/2020\/05\/lebanon.jpg","width":984,"height":650,"caption":"Foto: Omar Ibrahim"},{"@type":"BreadcrumbList","@id":"https:\/\/psol50.org.br\/a-rebeliao-libanesa-como-fio-de-continuidade\/#breadcrumb","itemListElement":[{"@type":"ListItem","position":1,"name":"In\u00edcio","item":"https:\/\/psol50.org.br\/"},{"@type":"ListItem","position":2,"name":"A rebeli\u00e3o libanesa como fio de continuidade"}]},{"@type":"WebSite","@id":"https:\/\/psol50.org.br\/#website","url":"https:\/\/psol50.org.br\/","name":"PSOL 50","description":"Site oficial do Partido Socialismo e Liberdade","publisher":{"@id":"https:\/\/psol50.org.br\/#organization"},"alternateName":"PSOL50","potentialAction":[{"@type":"SearchAction","target":{"@type":"EntryPoint","urlTemplate":"https:\/\/psol50.org.br\/?s={search_term_string}"},"query-input":{"@type":"PropertyValueSpecification","valueRequired":true,"valueName":"search_term_string"}}],"inLanguage":"pt-BR"},{"@type":"Organization","@id":"https:\/\/psol50.org.br\/#organization","name":"PSOL 50","alternateName":"PSOL 50","url":"https:\/\/psol50.org.br\/","logo":{"@type":"ImageObject","inLanguage":"pt-BR","@id":"https:\/\/psol50.org.br\/#\/schema\/logo\/image\/","url":"https:\/\/psol50.org.br\/inc\/uploads\/2018\/07\/capa.png","contentUrl":"https:\/\/psol50.org.br\/inc\/uploads\/2018\/07\/capa.png","width":1350,"height":900,"caption":"PSOL 50"},"image":{"@id":"https:\/\/psol50.org.br\/#\/schema\/logo\/image\/"},"sameAs":["https:\/\/www.facebook.com\/psol50","https:\/\/x.com\/psol50","https:\/\/www.instagram.com\/psol50\/","https:\/\/www.youtube.com\/channel\/UC7SnJS5o1os7a6CaiNabzcg"]},{"@type":"Person","@id":"https:\/\/psol50.org.br\/#\/schema\/person\/475dfa57d0b815993c714c2e96491fcd","name":"Comunica\u00e7\u00e3o PSOL","image":{"@type":"ImageObject","inLanguage":"pt-BR","@id":"https:\/\/psol50.org.br\/#\/schema\/person\/image\/","url":"https:\/\/secure.gravatar.com\/avatar\/b34fc4f4e468a4e51785917065a3db57b841f5c95dba6ad8c73aaf8f66f8f9bf?s=96&d=mm&r=g","contentUrl":"https:\/\/secure.gravatar.com\/avatar\/b34fc4f4e468a4e51785917065a3db57b841f5c95dba6ad8c73aaf8f66f8f9bf?s=96&d=mm&r=g","caption":"Comunica\u00e7\u00e3o PSOL"}}]}},"_links":{"self":[{"href":"https:\/\/psol50.org.br\/rest\/wp\/v2\/posts\/29047","targetHints":{"allow":["GET"]}}],"collection":[{"href":"https:\/\/psol50.org.br\/rest\/wp\/v2\/posts"}],"about":[{"href":"https:\/\/psol50.org.br\/rest\/wp\/v2\/types\/post"}],"author":[{"embeddable":true,"href":"https:\/\/psol50.org.br\/rest\/wp\/v2\/users\/2"}],"replies":[{"embeddable":true,"href":"https:\/\/psol50.org.br\/rest\/wp\/v2\/comments?post=29047"}],"version-history":[{"count":0,"href":"https:\/\/psol50.org.br\/rest\/wp\/v2\/posts\/29047\/revisions"}],"wp:featuredmedia":[{"embeddable":true,"href":"https:\/\/psol50.org.br\/rest\/wp\/v2\/media\/29049"}],"wp:attachment":[{"href":"https:\/\/psol50.org.br\/rest\/wp\/v2\/media?parent=29047"}],"wp:term":[{"taxonomy":"category","embeddable":true,"href":"https:\/\/psol50.org.br\/rest\/wp\/v2\/categories?post=29047"},{"taxonomy":"post_tag","embeddable":true,"href":"https:\/\/psol50.org.br\/rest\/wp\/v2\/tags?post=29047"}],"curies":[{"name":"wp","href":"https:\/\/api.w.org\/{rel}","templated":true}]}}