{"id":29052,"date":"2020-05-20T11:53:12","date_gmt":"2020-05-20T14:53:12","guid":{"rendered":"https:\/\/psol50.org.br\/?p=29052"},"modified":"2020-05-20T11:53:12","modified_gmt":"2020-05-20T14:53:12","slug":"psol-denuncia-weintraub-a-comissao-de-etica-por-usar-servidores-do-mec-como-advogados-particulares","status":"publish","type":"post","link":"https:\/\/psol50.org.br\/psol-denuncia-weintraub-a-comissao-de-etica-por-usar-servidores-do-mec-como-advogados-particulares\/","title":{"rendered":"PSOL denuncia Weintraub \u00e0 Comiss\u00e3o de \u00c9tica por usar servidores do MEC como advogados particulares"},"content":{"rendered":"<p><a href=\"http:\/\/psol50.org.br\/coronavirus\" target=\"_blank\" rel=\"noopener noreferrer\"><img loading=\"lazy\" decoding=\"async\" class=\"alignnone size-full wp-image-27838\" src=\"https:\/\/psol50.org.br\/inc\/uploads\/2020\/03\/Banner-Site_3.png\" alt=\"\" width=\"1240\" height=\"331\" srcset=\"https:\/\/psol50.org.br\/inc\/uploads\/2020\/03\/Banner-Site_3.png 1240w, https:\/\/psol50.org.br\/inc\/uploads\/2020\/03\/Banner-Site_3-300x80.png 300w, https:\/\/psol50.org.br\/inc\/uploads\/2020\/03\/Banner-Site_3-1024x273.png 1024w, https:\/\/psol50.org.br\/inc\/uploads\/2020\/03\/Banner-Site_3-768x205.png 768w, https:\/\/psol50.org.br\/inc\/uploads\/2020\/03\/Banner-Site_3-150x40.png 150w, https:\/\/psol50.org.br\/inc\/uploads\/2020\/03\/Banner-Site_3-696x186.png 696w, https:\/\/psol50.org.br\/inc\/uploads\/2020\/03\/Banner-Site_3-1068x285.png 1068w\" sizes=\"auto, (max-width: 1240px) 100vw, 1240px\" \/><\/a><\/p>\n<p>O deputado federal Ivan Valente protocolou uma representa\u00e7\u00e3o na Comiss\u00e3o de \u00c9tica da Presid\u00eancia da Rep\u00fablica, pedindo uma investiga\u00e7\u00e3o do\u00a0uso de servidores p\u00fablicos como advogados em a\u00e7\u00f5es privadas\u00a0pelo ministro da Educa\u00e7\u00e3o, Abraham Weintraub.<\/p>\n<p>Dois assessores do Minist\u00e9rio da Educa\u00e7\u00e3o (MEC), Auro Hadano Tanaka e Victor Sarfatis Metta, atuaram como advogados de Weintraub. A pr\u00e1tica configura improbidade administrativa pelo uso de servidor p\u00fablico para um servi\u00e7o particular.<\/p>\n<p>Auro Tanaka foi nomeado em 15 de abril de 2019. Victor Metta, em 28 de maio de 2019. O sal\u00e1rio de ambos \u00e9 de R$ 13,6 mil. Victor Metta aparece como um dos advogados representando Weintraub em uma a\u00e7\u00e3o de danos morais contra o site Brasil 247, no Tribunal de Justi\u00e7a de S\u00e3o Paulo (TJ-SP). Seu escrit\u00f3rio, Rosenthal Sarfatis Metta, entrou com a a\u00e7\u00e3o em 3 de outubro de 2019.<\/p>\n<p>Em 28 de outubro do ano passado, Victor tamb\u00e9m aparece como representante de Weintraub em uma a\u00e7\u00e3o de danos morais contra a revista F\u00f3rum. No dia seguinte, 29 de outubro, o escrit\u00f3rio tamb\u00e9m pediu danos morais contra o escritor Paulo Ghiraldelli J\u00fanior, listando novamente Victor como um dos advogados em nome do ministro Abraham Weintraub.<\/p>\n<p>Em novembro de 2019, Auro Tanaka moveu uma a\u00e7\u00e3o contra uma jornalista do &#8220;Valor Econ\u00f4mico&#8221; no Tribunal de Justi\u00e7a de S\u00e3o Paulo. Na queixa-crime, a acusou de difama\u00e7\u00e3o.<\/p>\n<p>\u00c0 comiss\u00e3o de \u00e9tica, o deputado do PSOL pede &#8220;que seja solicitado aos representados a apresenta\u00e7\u00e3o dos contratos firmados para a presta\u00e7\u00e3o dos servi\u00e7os de advocacia privada ao Ministro de Estado, bem como de comprovantes que demonstrem que os referidos servidores dedicam-se integralmente \u00e0s fun\u00e7\u00f5es inerentes aos cargos para os quais foram nomeados&#8221;.<\/p>\n<p><em><a href=\"https:\/\/oglobo.globo.com\/brasil\/weintraub-usou-assessores-do-mec-como-advogados-em-causas-privadas-24434084\" target=\"_blank\" rel=\"noopener noreferrer\">Com informa\u00e7\u00f5es d&#8217;O Globo<\/a><\/em><\/p>\n","protected":false},"excerpt":{"rendered":"<p>O deputado federal Ivan Valente protocolou uma representa\u00e7\u00e3o na Comiss\u00e3o de \u00c9tica da Presid\u00eancia da Rep\u00fablica, pedindo uma investiga\u00e7\u00e3o do\u00a0uso de servidores p\u00fablicos como advogados em a\u00e7\u00f5es privadas\u00a0pelo ministro da Educa\u00e7\u00e3o, Abraham Weintraub. Dois assessores do Minist\u00e9rio da Educa\u00e7\u00e3o (MEC), Auro Hadano Tanaka e Victor Sarfatis Metta, atuaram como advogados de Weintraub. A pr\u00e1tica configura [&hellip;]<\/p>\n","protected":false},"author":2,"featured_media":27457,"comment_status":"closed","ping_status":"open","sticky":false,"template":"","format":"standard","meta":{"_acf_changed":false,"footnotes":""},"categories":[10,6],"tags":[708,91,22,93],"class_list":{"0":"post-29052","1":"post","2":"type-post","3":"status-publish","4":"format-standard","5":"has-post-thumbnail","7":"category-acao-parlamentares","8":"category-noticias","9":"tag-advogados","10":"tag-mec","11":"tag-psol","12":"tag-weintraub"},"acf":[],"yoast_head":"<!-- This site is optimized with the Yoast SEO plugin v26.5 - https:\/\/yoast.com\/wordpress\/plugins\/seo\/ -->\n<title>PSOL denuncia Weintraub \u00e0 Comiss\u00e3o de \u00c9tica por usar servidores do MEC como advogados particulares<\/title>\n<meta name=\"description\" content=\"Dois assessores do Minist\u00e9rio da Educa\u00e7\u00e3o (MEC), Auro Hadano Tanaka e Victor Sarfatis Metta, atuaram como advogados de Weintraub.\" \/>\n<meta name=\"robots\" content=\"index, follow, max-snippet:-1, max-image-preview:large, max-video-preview:-1\" \/>\n<link rel=\"canonical\" href=\"https:\/\/psol50.org.br\/psol-denuncia-weintraub-a-comissao-de-etica-por-usar-servidores-do-mec-como-advogados-particulares\/\" \/>\n<meta property=\"og:locale\" content=\"pt_BR\" \/>\n<meta property=\"og:type\" content=\"article\" \/>\n<meta property=\"og:title\" content=\"PSOL denuncia Weintraub \u00e0 Comiss\u00e3o de \u00c9tica por usar servidores do MEC como advogados particulares\" \/>\n<meta property=\"og:description\" content=\"Dois assessores do Minist\u00e9rio da Educa\u00e7\u00e3o (MEC), Auro Hadano Tanaka e Victor Sarfatis Metta, atuaram como advogados de Weintraub.\" \/>\n<meta property=\"og:url\" content=\"https:\/\/psol50.org.br\/psol-denuncia-weintraub-a-comissao-de-etica-por-usar-servidores-do-mec-como-advogados-particulares\/\" \/>\n<meta property=\"og:site_name\" content=\"PSOL 50\" \/>\n<meta property=\"article:publisher\" content=\"https:\/\/www.facebook.com\/psol50\" \/>\n<meta property=\"article:published_time\" content=\"2020-05-20T14:53:12+00:00\" \/>\n<meta property=\"og:image\" content=\"https:\/\/psol50.org.br\/inc\/uploads\/2020\/02\/15592306275ceff8a348367_1559230627_3x2_md.jpg\" \/>\n\t<meta property=\"og:image:width\" content=\"768\" \/>\n\t<meta property=\"og:image:height\" content=\"512\" \/>\n\t<meta property=\"og:image:type\" content=\"image\/jpeg\" \/>\n<meta name=\"author\" content=\"Comunica\u00e7\u00e3o PSOL\" \/>\n<meta name=\"twitter:card\" content=\"summary_large_image\" \/>\n<meta name=\"twitter:title\" content=\"PSOL denuncia Weintraub \u00e0 Comiss\u00e3o de \u00c9tica por usar servidores do MEC como advogados particulares\" \/>\n<meta name=\"twitter:description\" content=\"Dois assessores do Minist\u00e9rio da Educa\u00e7\u00e3o (MEC), Auro Hadano Tanaka e Victor Sarfatis Metta, atuaram como advogados de Weintraub.\" \/>\n<meta name=\"twitter:image\" content=\"https:\/\/psol50.org.br\/inc\/uploads\/2020\/02\/15592306275ceff8a348367_1559230627_3x2_md.jpg\" \/>\n<meta name=\"twitter:creator\" content=\"@psol50\" \/>\n<meta name=\"twitter:site\" content=\"@psol50\" \/>\n<meta name=\"twitter:label1\" content=\"Escrito por\" \/>\n\t<meta name=\"twitter:data1\" content=\"Comunica\u00e7\u00e3o PSOL\" \/>\n\t<meta name=\"twitter:label2\" content=\"Est. tempo de leitura\" \/>\n\t<meta name=\"twitter:data2\" content=\"2 minutos\" \/>\n<script type=\"application\/ld+json\" class=\"yoast-schema-graph\">{\"@context\":\"https:\/\/schema.org\",\"@graph\":[{\"@type\":\"Article\",\"@id\":\"https:\/\/psol50.org.br\/psol-denuncia-weintraub-a-comissao-de-etica-por-usar-servidores-do-mec-como-advogados-particulares\/#article\",\"isPartOf\":{\"@id\":\"https:\/\/psol50.org.br\/psol-denuncia-weintraub-a-comissao-de-etica-por-usar-servidores-do-mec-como-advogados-particulares\/\"},\"author\":{\"name\":\"Comunica\u00e7\u00e3o PSOL\",\"@id\":\"https:\/\/psol50.org.br\/#\/schema\/person\/475dfa57d0b815993c714c2e96491fcd\"},\"headline\":\"PSOL denuncia Weintraub \u00e0 Comiss\u00e3o de \u00c9tica por usar servidores do MEC como advogados particulares\",\"datePublished\":\"2020-05-20T14:53:12+00:00\",\"mainEntityOfPage\":{\"@id\":\"https:\/\/psol50.org.br\/psol-denuncia-weintraub-a-comissao-de-etica-por-usar-servidores-do-mec-como-advogados-particulares\/\"},\"wordCount\":317,\"publisher\":{\"@id\":\"https:\/\/psol50.org.br\/#organization\"},\"image\":{\"@id\":\"https:\/\/psol50.org.br\/psol-denuncia-weintraub-a-comissao-de-etica-por-usar-servidores-do-mec-como-advogados-particulares\/#primaryimage\"},\"thumbnailUrl\":\"https:\/\/psol50.org.br\/inc\/uploads\/2020\/02\/15592306275ceff8a348367_1559230627_3x2_md.jpg\",\"keywords\":[\"advogados\",\"MEC\",\"PSOL\",\"weintraub\"],\"articleSection\":[\"A\u00e7\u00e3o Parlamentar\",\"Not\u00edcias\"],\"inLanguage\":\"pt-BR\"},{\"@type\":\"WebPage\",\"@id\":\"https:\/\/psol50.org.br\/psol-denuncia-weintraub-a-comissao-de-etica-por-usar-servidores-do-mec-como-advogados-particulares\/\",\"url\":\"https:\/\/psol50.org.br\/psol-denuncia-weintraub-a-comissao-de-etica-por-usar-servidores-do-mec-como-advogados-particulares\/\",\"name\":\"PSOL denuncia Weintraub \u00e0 Comiss\u00e3o de \u00c9tica por usar servidores do MEC como advogados particulares\",\"isPartOf\":{\"@id\":\"https:\/\/psol50.org.br\/#website\"},\"primaryImageOfPage\":{\"@id\":\"https:\/\/psol50.org.br\/psol-denuncia-weintraub-a-comissao-de-etica-por-usar-servidores-do-mec-como-advogados-particulares\/#primaryimage\"},\"image\":{\"@id\":\"https:\/\/psol50.org.br\/psol-denuncia-weintraub-a-comissao-de-etica-por-usar-servidores-do-mec-como-advogados-particulares\/#primaryimage\"},\"thumbnailUrl\":\"https:\/\/psol50.org.br\/inc\/uploads\/2020\/02\/15592306275ceff8a348367_1559230627_3x2_md.jpg\",\"datePublished\":\"2020-05-20T14:53:12+00:00\",\"description\":\"Dois assessores do Minist\u00e9rio da Educa\u00e7\u00e3o (MEC), Auro Hadano Tanaka e Victor Sarfatis Metta, atuaram como advogados de Weintraub.\",\"breadcrumb\":{\"@id\":\"https:\/\/psol50.org.br\/psol-denuncia-weintraub-a-comissao-de-etica-por-usar-servidores-do-mec-como-advogados-particulares\/#breadcrumb\"},\"inLanguage\":\"pt-BR\",\"potentialAction\":[{\"@type\":\"ReadAction\",\"target\":[\"https:\/\/psol50.org.br\/psol-denuncia-weintraub-a-comissao-de-etica-por-usar-servidores-do-mec-como-advogados-particulares\/\"]}]},{\"@type\":\"ImageObject\",\"inLanguage\":\"pt-BR\",\"@id\":\"https:\/\/psol50.org.br\/psol-denuncia-weintraub-a-comissao-de-etica-por-usar-servidores-do-mec-como-advogados-particulares\/#primaryimage\",\"url\":\"https:\/\/psol50.org.br\/inc\/uploads\/2020\/02\/15592306275ceff8a348367_1559230627_3x2_md.jpg\",\"contentUrl\":\"https:\/\/psol50.org.br\/inc\/uploads\/2020\/02\/15592306275ceff8a348367_1559230627_3x2_md.jpg\",\"width\":768,\"height\":512,\"caption\":\"Foto: Reprodu\u00e7\u00e3o\/Twitter\"},{\"@type\":\"BreadcrumbList\",\"@id\":\"https:\/\/psol50.org.br\/psol-denuncia-weintraub-a-comissao-de-etica-por-usar-servidores-do-mec-como-advogados-particulares\/#breadcrumb\",\"itemListElement\":[{\"@type\":\"ListItem\",\"position\":1,\"name\":\"In\u00edcio\",\"item\":\"https:\/\/psol50.org.br\/\"},{\"@type\":\"ListItem\",\"position\":2,\"name\":\"PSOL denuncia Weintraub \u00e0 Comiss\u00e3o de \u00c9tica por usar servidores do MEC como advogados particulares\"}]},{\"@type\":\"WebSite\",\"@id\":\"https:\/\/psol50.org.br\/#website\",\"url\":\"https:\/\/psol50.org.br\/\",\"name\":\"PSOL 50\",\"description\":\"Site oficial do Partido Socialismo e Liberdade\",\"publisher\":{\"@id\":\"https:\/\/psol50.org.br\/#organization\"},\"alternateName\":\"PSOL50\",\"potentialAction\":[{\"@type\":\"SearchAction\",\"target\":{\"@type\":\"EntryPoint\",\"urlTemplate\":\"https:\/\/psol50.org.br\/?s={search_term_string}\"},\"query-input\":{\"@type\":\"PropertyValueSpecification\",\"valueRequired\":true,\"valueName\":\"search_term_string\"}}],\"inLanguage\":\"pt-BR\"},{\"@type\":\"Organization\",\"@id\":\"https:\/\/psol50.org.br\/#organization\",\"name\":\"PSOL 50\",\"alternateName\":\"PSOL 50\",\"url\":\"https:\/\/psol50.org.br\/\",\"logo\":{\"@type\":\"ImageObject\",\"inLanguage\":\"pt-BR\",\"@id\":\"https:\/\/psol50.org.br\/#\/schema\/logo\/image\/\",\"url\":\"https:\/\/psol50.org.br\/inc\/uploads\/2018\/07\/capa.png\",\"contentUrl\":\"https:\/\/psol50.org.br\/inc\/uploads\/2018\/07\/capa.png\",\"width\":1350,\"height\":900,\"caption\":\"PSOL 50\"},\"image\":{\"@id\":\"https:\/\/psol50.org.br\/#\/schema\/logo\/image\/\"},\"sameAs\":[\"https:\/\/www.facebook.com\/psol50\",\"https:\/\/x.com\/psol50\",\"https:\/\/www.instagram.com\/psol50\/\",\"https:\/\/www.youtube.com\/channel\/UC7SnJS5o1os7a6CaiNabzcg\"]},{\"@type\":\"Person\",\"@id\":\"https:\/\/psol50.org.br\/#\/schema\/person\/475dfa57d0b815993c714c2e96491fcd\",\"name\":\"Comunica\u00e7\u00e3o PSOL\",\"image\":{\"@type\":\"ImageObject\",\"inLanguage\":\"pt-BR\",\"@id\":\"https:\/\/psol50.org.br\/#\/schema\/person\/image\/\",\"url\":\"https:\/\/secure.gravatar.com\/avatar\/b34fc4f4e468a4e51785917065a3db57b841f5c95dba6ad8c73aaf8f66f8f9bf?s=96&d=mm&r=g\",\"contentUrl\":\"https:\/\/secure.gravatar.com\/avatar\/b34fc4f4e468a4e51785917065a3db57b841f5c95dba6ad8c73aaf8f66f8f9bf?s=96&d=mm&r=g\",\"caption\":\"Comunica\u00e7\u00e3o PSOL\"}}]}<\/script>\n<!-- \/ Yoast SEO plugin. -->","yoast_head_json":{"title":"PSOL denuncia Weintraub \u00e0 Comiss\u00e3o de \u00c9tica por usar servidores do MEC como advogados particulares","description":"Dois assessores do Minist\u00e9rio da Educa\u00e7\u00e3o (MEC), Auro Hadano Tanaka e Victor Sarfatis Metta, atuaram como advogados de Weintraub.","robots":{"index":"index","follow":"follow","max-snippet":"max-snippet:-1","max-image-preview":"max-image-preview:large","max-video-preview":"max-video-preview:-1"},"canonical":"https:\/\/psol50.org.br\/psol-denuncia-weintraub-a-comissao-de-etica-por-usar-servidores-do-mec-como-advogados-particulares\/","og_locale":"pt_BR","og_type":"article","og_title":"PSOL denuncia Weintraub \u00e0 Comiss\u00e3o de \u00c9tica por usar servidores do MEC como advogados particulares","og_description":"Dois assessores do Minist\u00e9rio da Educa\u00e7\u00e3o (MEC), Auro Hadano Tanaka e Victor Sarfatis Metta, atuaram como advogados de Weintraub.","og_url":"https:\/\/psol50.org.br\/psol-denuncia-weintraub-a-comissao-de-etica-por-usar-servidores-do-mec-como-advogados-particulares\/","og_site_name":"PSOL 50","article_publisher":"https:\/\/www.facebook.com\/psol50","article_published_time":"2020-05-20T14:53:12+00:00","og_image":[{"width":768,"height":512,"url":"https:\/\/psol50.org.br\/inc\/uploads\/2020\/02\/15592306275ceff8a348367_1559230627_3x2_md.jpg","type":"image\/jpeg"}],"author":"Comunica\u00e7\u00e3o PSOL","twitter_card":"summary_large_image","twitter_title":"PSOL denuncia Weintraub \u00e0 Comiss\u00e3o de \u00c9tica por usar servidores do MEC como advogados particulares","twitter_description":"Dois assessores do Minist\u00e9rio da Educa\u00e7\u00e3o (MEC), Auro Hadano Tanaka e Victor Sarfatis Metta, atuaram como advogados de Weintraub.","twitter_image":"https:\/\/psol50.org.br\/inc\/uploads\/2020\/02\/15592306275ceff8a348367_1559230627_3x2_md.jpg","twitter_creator":"@psol50","twitter_site":"@psol50","twitter_misc":{"Escrito por":"Comunica\u00e7\u00e3o PSOL","Est. tempo de leitura":"2 minutos"},"schema":{"@context":"https:\/\/schema.org","@graph":[{"@type":"Article","@id":"https:\/\/psol50.org.br\/psol-denuncia-weintraub-a-comissao-de-etica-por-usar-servidores-do-mec-como-advogados-particulares\/#article","isPartOf":{"@id":"https:\/\/psol50.org.br\/psol-denuncia-weintraub-a-comissao-de-etica-por-usar-servidores-do-mec-como-advogados-particulares\/"},"author":{"name":"Comunica\u00e7\u00e3o PSOL","@id":"https:\/\/psol50.org.br\/#\/schema\/person\/475dfa57d0b815993c714c2e96491fcd"},"headline":"PSOL denuncia Weintraub \u00e0 Comiss\u00e3o de \u00c9tica por usar servidores do MEC como advogados particulares","datePublished":"2020-05-20T14:53:12+00:00","mainEntityOfPage":{"@id":"https:\/\/psol50.org.br\/psol-denuncia-weintraub-a-comissao-de-etica-por-usar-servidores-do-mec-como-advogados-particulares\/"},"wordCount":317,"publisher":{"@id":"https:\/\/psol50.org.br\/#organization"},"image":{"@id":"https:\/\/psol50.org.br\/psol-denuncia-weintraub-a-comissao-de-etica-por-usar-servidores-do-mec-como-advogados-particulares\/#primaryimage"},"thumbnailUrl":"https:\/\/psol50.org.br\/inc\/uploads\/2020\/02\/15592306275ceff8a348367_1559230627_3x2_md.jpg","keywords":["advogados","MEC","PSOL","weintraub"],"articleSection":["A\u00e7\u00e3o Parlamentar","Not\u00edcias"],"inLanguage":"pt-BR"},{"@type":"WebPage","@id":"https:\/\/psol50.org.br\/psol-denuncia-weintraub-a-comissao-de-etica-por-usar-servidores-do-mec-como-advogados-particulares\/","url":"https:\/\/psol50.org.br\/psol-denuncia-weintraub-a-comissao-de-etica-por-usar-servidores-do-mec-como-advogados-particulares\/","name":"PSOL denuncia Weintraub \u00e0 Comiss\u00e3o de \u00c9tica por usar servidores do MEC como advogados particulares","isPartOf":{"@id":"https:\/\/psol50.org.br\/#website"},"primaryImageOfPage":{"@id":"https:\/\/psol50.org.br\/psol-denuncia-weintraub-a-comissao-de-etica-por-usar-servidores-do-mec-como-advogados-particulares\/#primaryimage"},"image":{"@id":"https:\/\/psol50.org.br\/psol-denuncia-weintraub-a-comissao-de-etica-por-usar-servidores-do-mec-como-advogados-particulares\/#primaryimage"},"thumbnailUrl":"https:\/\/psol50.org.br\/inc\/uploads\/2020\/02\/15592306275ceff8a348367_1559230627_3x2_md.jpg","datePublished":"2020-05-20T14:53:12+00:00","description":"Dois assessores do Minist\u00e9rio da Educa\u00e7\u00e3o (MEC), Auro Hadano Tanaka e Victor Sarfatis Metta, atuaram como advogados de Weintraub.","breadcrumb":{"@id":"https:\/\/psol50.org.br\/psol-denuncia-weintraub-a-comissao-de-etica-por-usar-servidores-do-mec-como-advogados-particulares\/#breadcrumb"},"inLanguage":"pt-BR","potentialAction":[{"@type":"ReadAction","target":["https:\/\/psol50.org.br\/psol-denuncia-weintraub-a-comissao-de-etica-por-usar-servidores-do-mec-como-advogados-particulares\/"]}]},{"@type":"ImageObject","inLanguage":"pt-BR","@id":"https:\/\/psol50.org.br\/psol-denuncia-weintraub-a-comissao-de-etica-por-usar-servidores-do-mec-como-advogados-particulares\/#primaryimage","url":"https:\/\/psol50.org.br\/inc\/uploads\/2020\/02\/15592306275ceff8a348367_1559230627_3x2_md.jpg","contentUrl":"https:\/\/psol50.org.br\/inc\/uploads\/2020\/02\/15592306275ceff8a348367_1559230627_3x2_md.jpg","width":768,"height":512,"caption":"Foto: Reprodu\u00e7\u00e3o\/Twitter"},{"@type":"BreadcrumbList","@id":"https:\/\/psol50.org.br\/psol-denuncia-weintraub-a-comissao-de-etica-por-usar-servidores-do-mec-como-advogados-particulares\/#breadcrumb","itemListElement":[{"@type":"ListItem","position":1,"name":"In\u00edcio","item":"https:\/\/psol50.org.br\/"},{"@type":"ListItem","position":2,"name":"PSOL denuncia Weintraub \u00e0 Comiss\u00e3o de \u00c9tica por usar servidores do MEC como advogados particulares"}]},{"@type":"WebSite","@id":"https:\/\/psol50.org.br\/#website","url":"https:\/\/psol50.org.br\/","name":"PSOL 50","description":"Site oficial do Partido Socialismo e Liberdade","publisher":{"@id":"https:\/\/psol50.org.br\/#organization"},"alternateName":"PSOL50","potentialAction":[{"@type":"SearchAction","target":{"@type":"EntryPoint","urlTemplate":"https:\/\/psol50.org.br\/?s={search_term_string}"},"query-input":{"@type":"PropertyValueSpecification","valueRequired":true,"valueName":"search_term_string"}}],"inLanguage":"pt-BR"},{"@type":"Organization","@id":"https:\/\/psol50.org.br\/#organization","name":"PSOL 50","alternateName":"PSOL 50","url":"https:\/\/psol50.org.br\/","logo":{"@type":"ImageObject","inLanguage":"pt-BR","@id":"https:\/\/psol50.org.br\/#\/schema\/logo\/image\/","url":"https:\/\/psol50.org.br\/inc\/uploads\/2018\/07\/capa.png","contentUrl":"https:\/\/psol50.org.br\/inc\/uploads\/2018\/07\/capa.png","width":1350,"height":900,"caption":"PSOL 50"},"image":{"@id":"https:\/\/psol50.org.br\/#\/schema\/logo\/image\/"},"sameAs":["https:\/\/www.facebook.com\/psol50","https:\/\/x.com\/psol50","https:\/\/www.instagram.com\/psol50\/","https:\/\/www.youtube.com\/channel\/UC7SnJS5o1os7a6CaiNabzcg"]},{"@type":"Person","@id":"https:\/\/psol50.org.br\/#\/schema\/person\/475dfa57d0b815993c714c2e96491fcd","name":"Comunica\u00e7\u00e3o PSOL","image":{"@type":"ImageObject","inLanguage":"pt-BR","@id":"https:\/\/psol50.org.br\/#\/schema\/person\/image\/","url":"https:\/\/secure.gravatar.com\/avatar\/b34fc4f4e468a4e51785917065a3db57b841f5c95dba6ad8c73aaf8f66f8f9bf?s=96&d=mm&r=g","contentUrl":"https:\/\/secure.gravatar.com\/avatar\/b34fc4f4e468a4e51785917065a3db57b841f5c95dba6ad8c73aaf8f66f8f9bf?s=96&d=mm&r=g","caption":"Comunica\u00e7\u00e3o PSOL"}}]}},"_links":{"self":[{"href":"https:\/\/psol50.org.br\/rest\/wp\/v2\/posts\/29052","targetHints":{"allow":["GET"]}}],"collection":[{"href":"https:\/\/psol50.org.br\/rest\/wp\/v2\/posts"}],"about":[{"href":"https:\/\/psol50.org.br\/rest\/wp\/v2\/types\/post"}],"author":[{"embeddable":true,"href":"https:\/\/psol50.org.br\/rest\/wp\/v2\/users\/2"}],"replies":[{"embeddable":true,"href":"https:\/\/psol50.org.br\/rest\/wp\/v2\/comments?post=29052"}],"version-history":[{"count":0,"href":"https:\/\/psol50.org.br\/rest\/wp\/v2\/posts\/29052\/revisions"}],"wp:featuredmedia":[{"embeddable":true,"href":"https:\/\/psol50.org.br\/rest\/wp\/v2\/media\/27457"}],"wp:attachment":[{"href":"https:\/\/psol50.org.br\/rest\/wp\/v2\/media?parent=29052"}],"wp:term":[{"taxonomy":"category","embeddable":true,"href":"https:\/\/psol50.org.br\/rest\/wp\/v2\/categories?post=29052"},{"taxonomy":"post_tag","embeddable":true,"href":"https:\/\/psol50.org.br\/rest\/wp\/v2\/tags?post=29052"}],"curies":[{"name":"wp","href":"https:\/\/api.w.org\/{rel}","templated":true}]}}