{"id":29060,"date":"2020-05-20T12:30:54","date_gmt":"2020-05-20T15:30:54","guid":{"rendered":"https:\/\/psol50.org.br\/?p=29060"},"modified":"2020-05-20T12:30:54","modified_gmt":"2020-05-20T15:30:54","slug":"psol-propoe-uso-de-imoveis-funcionais-da-camara-para-abrigar-pessoas-vulneraveis-durante-pandemia","status":"publish","type":"post","link":"https:\/\/psol50.org.br\/psol-propoe-uso-de-imoveis-funcionais-da-camara-para-abrigar-pessoas-vulneraveis-durante-pandemia\/","title":{"rendered":"PSOL prop\u00f5e uso de im\u00f3veis funcionais da C\u00e2mara para abrigar pessoas vulner\u00e1veis durante pandemia"},"content":{"rendered":"<p><a href=\"http:\/\/psol50.org.br\/coronavirus\" target=\"_blank\" rel=\"noopener noreferrer\"><img loading=\"lazy\" decoding=\"async\" class=\"alignnone size-full wp-image-27838\" src=\"https:\/\/psol50.org.br\/inc\/uploads\/2020\/03\/Banner-Site_3.png\" alt=\"\" width=\"1240\" height=\"331\" srcset=\"https:\/\/psol50.org.br\/inc\/uploads\/2020\/03\/Banner-Site_3.png 1240w, https:\/\/psol50.org.br\/inc\/uploads\/2020\/03\/Banner-Site_3-300x80.png 300w, https:\/\/psol50.org.br\/inc\/uploads\/2020\/03\/Banner-Site_3-1024x273.png 1024w, https:\/\/psol50.org.br\/inc\/uploads\/2020\/03\/Banner-Site_3-768x205.png 768w, https:\/\/psol50.org.br\/inc\/uploads\/2020\/03\/Banner-Site_3-150x40.png 150w, https:\/\/psol50.org.br\/inc\/uploads\/2020\/03\/Banner-Site_3-696x186.png 696w, https:\/\/psol50.org.br\/inc\/uploads\/2020\/03\/Banner-Site_3-1068x285.png 1068w\" sizes=\"auto, (max-width: 1240px) 100vw, 1240px\" \/><\/a><\/p>\n<p>A bancada do PSOL na C\u00e2mara dos Deputados <strong><a href=\"https:\/\/psol50.org.br\/inc\/uploads\/2020\/05\/PRC-Bancada-do-PSOL-im\u00f3veis-funcionais.pdf\" target=\"_blank\" rel=\"noopener noreferrer\">protocolou um projeto de resolu\u00e7\u00e3o<\/a><\/strong>, na \u00faltima ter\u00e7a-feira (19), para destinar os im\u00f3veis funcionais da C\u00e2mara desocupados para o combate \u00e0 pandemia do novo coronav\u00edrus. De forma tempor\u00e1ria, os im\u00f3veis seriam usados para atender prioritariamente a popula\u00e7\u00e3o em situa\u00e7\u00e3o de rua e outros trabalhadores em situa\u00e7\u00e3o de vulnerabilidade.<\/p>\n<p>Para atender a resolu\u00e7\u00e3o, o PSOL aponta que todos os im\u00f3veis desocupados, tanto de forma permanente como temporariamente gra\u00e7as ao sistema de delibera\u00e7\u00e3o remoto da C\u00e2mara dos Deputados, devem ser destinados para a popula\u00e7\u00e3o mais vulner\u00e1vel em parceria com organiza\u00e7\u00f5es da sociedade civil.<\/p>\n<p>Um dos trechos do projeto ressalta que a grave crise humanit\u00e1ria provocada pela pandemia do coronav\u00edrus atinge o Brasil com a economia em desacelera\u00e7\u00e3o e o mercado de trabalho extremamente fragilizado. S\u00e3o milh\u00f5es de brasileiros em situa\u00e7\u00e3o de vulnerabilidade, alijados das redes formais de prote\u00e7\u00e3o social.<\/p>\n<p>\u201cNesse sentido, vale recordar tamb\u00e9m o apelo da Alta Comiss\u00e1ria da ONU para os Direitos Humanos, Michelle Bachelet, em rela\u00e7\u00e3o \u00e0 necessidade de uma abordagem que proteja as \u2018pessoas mais vulner\u00e1veis e negligenciadas da sociedade, tanto m\u00e9dica quanto economicamente\u2019nos esfor\u00e7os contra o Covid-19&#8243;, ressaltam os parlamentares do PSOL.<\/p>\n<p>&#8220;Esta pandemia imp\u00f5e ao Poder P\u00fablico brasileiro a necessidade de que atue imediatamente de modo a garantir o acesso \u00e0 \u00e1gua limpa e segura, direito humano fundamental de acordo com a pr\u00f3pria ONU, a todas e todos os brasileiros\u201d, concluem.<\/p>\n","protected":false},"excerpt":{"rendered":"<p>A bancada do PSOL na C\u00e2mara dos Deputados protocolou um projeto de resolu\u00e7\u00e3o, na \u00faltima ter\u00e7a-feira (19), para destinar os im\u00f3veis funcionais da C\u00e2mara desocupados para o combate \u00e0 pandemia do novo coronav\u00edrus. De forma tempor\u00e1ria, os im\u00f3veis seriam usados para atender prioritariamente a popula\u00e7\u00e3o em situa\u00e7\u00e3o de rua e outros trabalhadores em situa\u00e7\u00e3o de [&hellip;]<\/p>\n","protected":false},"author":2,"featured_media":29062,"comment_status":"closed","ping_status":"open","sticky":false,"template":"","format":"standard","meta":{"_acf_changed":false,"footnotes":""},"categories":[10,6],"tags":[709,171,371,710,367,22,366],"class_list":{"0":"post-29060","1":"post","2":"type-post","3":"status-publish","4":"format-standard","5":"has-post-thumbnail","7":"category-acao-parlamentares","8":"category-noticias","9":"tag-camara-dos-deputados","10":"tag-coronavirus","11":"tag-covid-19","12":"tag-imoveis-funcionais","13":"tag-pandemia","14":"tag-psol","15":"tag-psolcontraocoronavirus"},"acf":[],"yoast_head":"<!-- This site is optimized with the Yoast SEO plugin v26.5 - https:\/\/yoast.com\/wordpress\/plugins\/seo\/ -->\n<title>PSOL prop\u00f5e uso de im\u00f3veis funcionais da C\u00e2mara para abrigar pessoas vulner\u00e1veis durante pandemia<\/title>\n<meta name=\"description\" content=\"Os im\u00f3veis seriam usados para atender prioritariamente a popula\u00e7\u00e3o em situa\u00e7\u00e3o de rua e outros trabalhadores em situa\u00e7\u00e3o de vulnerabilidade.\" \/>\n<meta name=\"robots\" content=\"index, follow, max-snippet:-1, max-image-preview:large, max-video-preview:-1\" \/>\n<link rel=\"canonical\" href=\"https:\/\/psol50.org.br\/psol-propoe-uso-de-imoveis-funcionais-da-camara-para-abrigar-pessoas-vulneraveis-durante-pandemia\/\" \/>\n<meta property=\"og:locale\" content=\"pt_BR\" \/>\n<meta property=\"og:type\" content=\"article\" \/>\n<meta property=\"og:title\" content=\"PSOL prop\u00f5e uso de im\u00f3veis funcionais da C\u00e2mara para abrigar pessoas vulner\u00e1veis durante pandemia\" \/>\n<meta property=\"og:description\" content=\"Os im\u00f3veis seriam usados para atender prioritariamente a popula\u00e7\u00e3o em situa\u00e7\u00e3o de rua e outros trabalhadores em situa\u00e7\u00e3o de vulnerabilidade.\" \/>\n<meta property=\"og:url\" content=\"https:\/\/psol50.org.br\/psol-propoe-uso-de-imoveis-funcionais-da-camara-para-abrigar-pessoas-vulneraveis-durante-pandemia\/\" \/>\n<meta property=\"og:site_name\" content=\"PSOL 50\" \/>\n<meta property=\"article:publisher\" content=\"https:\/\/www.facebook.com\/psol50\" \/>\n<meta property=\"article:published_time\" content=\"2020-05-20T15:30:54+00:00\" \/>\n<meta property=\"og:image\" content=\"https:\/\/psol50.org.br\/inc\/uploads\/2020\/05\/190220-HB-Imoveis-funcionais-com-inrregularidades3-960x640-1.jpg\" \/>\n\t<meta property=\"og:image:width\" content=\"960\" \/>\n\t<meta property=\"og:image:height\" content=\"640\" \/>\n\t<meta property=\"og:image:type\" content=\"image\/jpeg\" \/>\n<meta name=\"author\" content=\"Comunica\u00e7\u00e3o PSOL\" \/>\n<meta name=\"twitter:card\" content=\"summary_large_image\" \/>\n<meta name=\"twitter:title\" content=\"PSOL prop\u00f5e uso de im\u00f3veis funcionais da C\u00e2mara para abrigar pessoas vulner\u00e1veis durante pandemia\" \/>\n<meta name=\"twitter:description\" content=\"Os im\u00f3veis seriam usados para atender prioritariamente a popula\u00e7\u00e3o em situa\u00e7\u00e3o de rua e outros trabalhadores em situa\u00e7\u00e3o de vulnerabilidade.\" \/>\n<meta name=\"twitter:image\" content=\"https:\/\/psol50.org.br\/inc\/uploads\/2020\/05\/190220-HB-Imoveis-funcionais-com-inrregularidades3-960x640-1.jpg\" \/>\n<meta name=\"twitter:creator\" content=\"@psol50\" \/>\n<meta name=\"twitter:site\" content=\"@psol50\" \/>\n<meta name=\"twitter:label1\" content=\"Escrito por\" \/>\n\t<meta name=\"twitter:data1\" content=\"Comunica\u00e7\u00e3o PSOL\" \/>\n\t<meta name=\"twitter:label2\" content=\"Est. tempo de leitura\" \/>\n\t<meta name=\"twitter:data2\" content=\"1 minuto\" \/>\n<script type=\"application\/ld+json\" class=\"yoast-schema-graph\">{\"@context\":\"https:\/\/schema.org\",\"@graph\":[{\"@type\":\"Article\",\"@id\":\"https:\/\/psol50.org.br\/psol-propoe-uso-de-imoveis-funcionais-da-camara-para-abrigar-pessoas-vulneraveis-durante-pandemia\/#article\",\"isPartOf\":{\"@id\":\"https:\/\/psol50.org.br\/psol-propoe-uso-de-imoveis-funcionais-da-camara-para-abrigar-pessoas-vulneraveis-durante-pandemia\/\"},\"author\":{\"name\":\"Comunica\u00e7\u00e3o PSOL\",\"@id\":\"https:\/\/psol50.org.br\/#\/schema\/person\/475dfa57d0b815993c714c2e96491fcd\"},\"headline\":\"PSOL prop\u00f5e uso de im\u00f3veis funcionais da C\u00e2mara para abrigar pessoas vulner\u00e1veis durante pandemia\",\"datePublished\":\"2020-05-20T15:30:54+00:00\",\"mainEntityOfPage\":{\"@id\":\"https:\/\/psol50.org.br\/psol-propoe-uso-de-imoveis-funcionais-da-camara-para-abrigar-pessoas-vulneraveis-durante-pandemia\/\"},\"wordCount\":283,\"publisher\":{\"@id\":\"https:\/\/psol50.org.br\/#organization\"},\"image\":{\"@id\":\"https:\/\/psol50.org.br\/psol-propoe-uso-de-imoveis-funcionais-da-camara-para-abrigar-pessoas-vulneraveis-durante-pandemia\/#primaryimage\"},\"thumbnailUrl\":\"https:\/\/psol50.org.br\/inc\/uploads\/2020\/05\/190220-HB-Imoveis-funcionais-com-inrregularidades3-960x640-1.jpg\",\"keywords\":[\"C\u00e2mara dos Deputados\",\"coronav\u00edrus\",\"covid-19\",\"im\u00f3veis funcionais\",\"pandemia\",\"PSOL\",\"psolcontraocoronavirus\"],\"articleSection\":[\"A\u00e7\u00e3o Parlamentar\",\"Not\u00edcias\"],\"inLanguage\":\"pt-BR\"},{\"@type\":\"WebPage\",\"@id\":\"https:\/\/psol50.org.br\/psol-propoe-uso-de-imoveis-funcionais-da-camara-para-abrigar-pessoas-vulneraveis-durante-pandemia\/\",\"url\":\"https:\/\/psol50.org.br\/psol-propoe-uso-de-imoveis-funcionais-da-camara-para-abrigar-pessoas-vulneraveis-durante-pandemia\/\",\"name\":\"PSOL prop\u00f5e uso de im\u00f3veis funcionais da C\u00e2mara para abrigar pessoas vulner\u00e1veis durante pandemia\",\"isPartOf\":{\"@id\":\"https:\/\/psol50.org.br\/#website\"},\"primaryImageOfPage\":{\"@id\":\"https:\/\/psol50.org.br\/psol-propoe-uso-de-imoveis-funcionais-da-camara-para-abrigar-pessoas-vulneraveis-durante-pandemia\/#primaryimage\"},\"image\":{\"@id\":\"https:\/\/psol50.org.br\/psol-propoe-uso-de-imoveis-funcionais-da-camara-para-abrigar-pessoas-vulneraveis-durante-pandemia\/#primaryimage\"},\"thumbnailUrl\":\"https:\/\/psol50.org.br\/inc\/uploads\/2020\/05\/190220-HB-Imoveis-funcionais-com-inrregularidades3-960x640-1.jpg\",\"datePublished\":\"2020-05-20T15:30:54+00:00\",\"description\":\"Os im\u00f3veis seriam usados para atender prioritariamente a popula\u00e7\u00e3o em situa\u00e7\u00e3o de rua e outros trabalhadores em situa\u00e7\u00e3o de vulnerabilidade.\",\"breadcrumb\":{\"@id\":\"https:\/\/psol50.org.br\/psol-propoe-uso-de-imoveis-funcionais-da-camara-para-abrigar-pessoas-vulneraveis-durante-pandemia\/#breadcrumb\"},\"inLanguage\":\"pt-BR\",\"potentialAction\":[{\"@type\":\"ReadAction\",\"target\":[\"https:\/\/psol50.org.br\/psol-propoe-uso-de-imoveis-funcionais-da-camara-para-abrigar-pessoas-vulneraveis-durante-pandemia\/\"]}]},{\"@type\":\"ImageObject\",\"inLanguage\":\"pt-BR\",\"@id\":\"https:\/\/psol50.org.br\/psol-propoe-uso-de-imoveis-funcionais-da-camara-para-abrigar-pessoas-vulneraveis-durante-pandemia\/#primaryimage\",\"url\":\"https:\/\/psol50.org.br\/inc\/uploads\/2020\/05\/190220-HB-Imoveis-funcionais-com-inrregularidades3-960x640-1.jpg\",\"contentUrl\":\"https:\/\/psol50.org.br\/inc\/uploads\/2020\/05\/190220-HB-Imoveis-funcionais-com-inrregularidades3-960x640-1.jpg\",\"width\":960,\"height\":640},{\"@type\":\"BreadcrumbList\",\"@id\":\"https:\/\/psol50.org.br\/psol-propoe-uso-de-imoveis-funcionais-da-camara-para-abrigar-pessoas-vulneraveis-durante-pandemia\/#breadcrumb\",\"itemListElement\":[{\"@type\":\"ListItem\",\"position\":1,\"name\":\"In\u00edcio\",\"item\":\"https:\/\/psol50.org.br\/\"},{\"@type\":\"ListItem\",\"position\":2,\"name\":\"PSOL prop\u00f5e uso de im\u00f3veis funcionais da C\u00e2mara para abrigar pessoas vulner\u00e1veis durante pandemia\"}]},{\"@type\":\"WebSite\",\"@id\":\"https:\/\/psol50.org.br\/#website\",\"url\":\"https:\/\/psol50.org.br\/\",\"name\":\"PSOL 50\",\"description\":\"Site oficial do Partido Socialismo e Liberdade\",\"publisher\":{\"@id\":\"https:\/\/psol50.org.br\/#organization\"},\"alternateName\":\"PSOL50\",\"potentialAction\":[{\"@type\":\"SearchAction\",\"target\":{\"@type\":\"EntryPoint\",\"urlTemplate\":\"https:\/\/psol50.org.br\/?s={search_term_string}\"},\"query-input\":{\"@type\":\"PropertyValueSpecification\",\"valueRequired\":true,\"valueName\":\"search_term_string\"}}],\"inLanguage\":\"pt-BR\"},{\"@type\":\"Organization\",\"@id\":\"https:\/\/psol50.org.br\/#organization\",\"name\":\"PSOL 50\",\"alternateName\":\"PSOL 50\",\"url\":\"https:\/\/psol50.org.br\/\",\"logo\":{\"@type\":\"ImageObject\",\"inLanguage\":\"pt-BR\",\"@id\":\"https:\/\/psol50.org.br\/#\/schema\/logo\/image\/\",\"url\":\"https:\/\/psol50.org.br\/inc\/uploads\/2018\/07\/capa.png\",\"contentUrl\":\"https:\/\/psol50.org.br\/inc\/uploads\/2018\/07\/capa.png\",\"width\":1350,\"height\":900,\"caption\":\"PSOL 50\"},\"image\":{\"@id\":\"https:\/\/psol50.org.br\/#\/schema\/logo\/image\/\"},\"sameAs\":[\"https:\/\/www.facebook.com\/psol50\",\"https:\/\/x.com\/psol50\",\"https:\/\/www.instagram.com\/psol50\/\",\"https:\/\/www.youtube.com\/channel\/UC7SnJS5o1os7a6CaiNabzcg\"]},{\"@type\":\"Person\",\"@id\":\"https:\/\/psol50.org.br\/#\/schema\/person\/475dfa57d0b815993c714c2e96491fcd\",\"name\":\"Comunica\u00e7\u00e3o PSOL\",\"image\":{\"@type\":\"ImageObject\",\"inLanguage\":\"pt-BR\",\"@id\":\"https:\/\/psol50.org.br\/#\/schema\/person\/image\/\",\"url\":\"https:\/\/secure.gravatar.com\/avatar\/b34fc4f4e468a4e51785917065a3db57b841f5c95dba6ad8c73aaf8f66f8f9bf?s=96&d=mm&r=g\",\"contentUrl\":\"https:\/\/secure.gravatar.com\/avatar\/b34fc4f4e468a4e51785917065a3db57b841f5c95dba6ad8c73aaf8f66f8f9bf?s=96&d=mm&r=g\",\"caption\":\"Comunica\u00e7\u00e3o PSOL\"}}]}<\/script>\n<!-- \/ Yoast SEO plugin. -->","yoast_head_json":{"title":"PSOL prop\u00f5e uso de im\u00f3veis funcionais da C\u00e2mara para abrigar pessoas vulner\u00e1veis durante pandemia","description":"Os im\u00f3veis seriam usados para atender prioritariamente a popula\u00e7\u00e3o em situa\u00e7\u00e3o de rua e outros trabalhadores em situa\u00e7\u00e3o de vulnerabilidade.","robots":{"index":"index","follow":"follow","max-snippet":"max-snippet:-1","max-image-preview":"max-image-preview:large","max-video-preview":"max-video-preview:-1"},"canonical":"https:\/\/psol50.org.br\/psol-propoe-uso-de-imoveis-funcionais-da-camara-para-abrigar-pessoas-vulneraveis-durante-pandemia\/","og_locale":"pt_BR","og_type":"article","og_title":"PSOL prop\u00f5e uso de im\u00f3veis funcionais da C\u00e2mara para abrigar pessoas vulner\u00e1veis durante pandemia","og_description":"Os im\u00f3veis seriam usados para atender prioritariamente a popula\u00e7\u00e3o em situa\u00e7\u00e3o de rua e outros trabalhadores em situa\u00e7\u00e3o de vulnerabilidade.","og_url":"https:\/\/psol50.org.br\/psol-propoe-uso-de-imoveis-funcionais-da-camara-para-abrigar-pessoas-vulneraveis-durante-pandemia\/","og_site_name":"PSOL 50","article_publisher":"https:\/\/www.facebook.com\/psol50","article_published_time":"2020-05-20T15:30:54+00:00","og_image":[{"width":960,"height":640,"url":"https:\/\/psol50.org.br\/inc\/uploads\/2020\/05\/190220-HB-Imoveis-funcionais-com-inrregularidades3-960x640-1.jpg","type":"image\/jpeg"}],"author":"Comunica\u00e7\u00e3o PSOL","twitter_card":"summary_large_image","twitter_title":"PSOL prop\u00f5e uso de im\u00f3veis funcionais da C\u00e2mara para abrigar pessoas vulner\u00e1veis durante pandemia","twitter_description":"Os im\u00f3veis seriam usados para atender prioritariamente a popula\u00e7\u00e3o em situa\u00e7\u00e3o de rua e outros trabalhadores em situa\u00e7\u00e3o de vulnerabilidade.","twitter_image":"https:\/\/psol50.org.br\/inc\/uploads\/2020\/05\/190220-HB-Imoveis-funcionais-com-inrregularidades3-960x640-1.jpg","twitter_creator":"@psol50","twitter_site":"@psol50","twitter_misc":{"Escrito por":"Comunica\u00e7\u00e3o PSOL","Est. tempo de leitura":"1 minuto"},"schema":{"@context":"https:\/\/schema.org","@graph":[{"@type":"Article","@id":"https:\/\/psol50.org.br\/psol-propoe-uso-de-imoveis-funcionais-da-camara-para-abrigar-pessoas-vulneraveis-durante-pandemia\/#article","isPartOf":{"@id":"https:\/\/psol50.org.br\/psol-propoe-uso-de-imoveis-funcionais-da-camara-para-abrigar-pessoas-vulneraveis-durante-pandemia\/"},"author":{"name":"Comunica\u00e7\u00e3o PSOL","@id":"https:\/\/psol50.org.br\/#\/schema\/person\/475dfa57d0b815993c714c2e96491fcd"},"headline":"PSOL prop\u00f5e uso de im\u00f3veis funcionais da C\u00e2mara para abrigar pessoas vulner\u00e1veis durante pandemia","datePublished":"2020-05-20T15:30:54+00:00","mainEntityOfPage":{"@id":"https:\/\/psol50.org.br\/psol-propoe-uso-de-imoveis-funcionais-da-camara-para-abrigar-pessoas-vulneraveis-durante-pandemia\/"},"wordCount":283,"publisher":{"@id":"https:\/\/psol50.org.br\/#organization"},"image":{"@id":"https:\/\/psol50.org.br\/psol-propoe-uso-de-imoveis-funcionais-da-camara-para-abrigar-pessoas-vulneraveis-durante-pandemia\/#primaryimage"},"thumbnailUrl":"https:\/\/psol50.org.br\/inc\/uploads\/2020\/05\/190220-HB-Imoveis-funcionais-com-inrregularidades3-960x640-1.jpg","keywords":["C\u00e2mara dos Deputados","coronav\u00edrus","covid-19","im\u00f3veis funcionais","pandemia","PSOL","psolcontraocoronavirus"],"articleSection":["A\u00e7\u00e3o Parlamentar","Not\u00edcias"],"inLanguage":"pt-BR"},{"@type":"WebPage","@id":"https:\/\/psol50.org.br\/psol-propoe-uso-de-imoveis-funcionais-da-camara-para-abrigar-pessoas-vulneraveis-durante-pandemia\/","url":"https:\/\/psol50.org.br\/psol-propoe-uso-de-imoveis-funcionais-da-camara-para-abrigar-pessoas-vulneraveis-durante-pandemia\/","name":"PSOL prop\u00f5e uso de im\u00f3veis funcionais da C\u00e2mara para abrigar pessoas vulner\u00e1veis durante pandemia","isPartOf":{"@id":"https:\/\/psol50.org.br\/#website"},"primaryImageOfPage":{"@id":"https:\/\/psol50.org.br\/psol-propoe-uso-de-imoveis-funcionais-da-camara-para-abrigar-pessoas-vulneraveis-durante-pandemia\/#primaryimage"},"image":{"@id":"https:\/\/psol50.org.br\/psol-propoe-uso-de-imoveis-funcionais-da-camara-para-abrigar-pessoas-vulneraveis-durante-pandemia\/#primaryimage"},"thumbnailUrl":"https:\/\/psol50.org.br\/inc\/uploads\/2020\/05\/190220-HB-Imoveis-funcionais-com-inrregularidades3-960x640-1.jpg","datePublished":"2020-05-20T15:30:54+00:00","description":"Os im\u00f3veis seriam usados para atender prioritariamente a popula\u00e7\u00e3o em situa\u00e7\u00e3o de rua e outros trabalhadores em situa\u00e7\u00e3o de vulnerabilidade.","breadcrumb":{"@id":"https:\/\/psol50.org.br\/psol-propoe-uso-de-imoveis-funcionais-da-camara-para-abrigar-pessoas-vulneraveis-durante-pandemia\/#breadcrumb"},"inLanguage":"pt-BR","potentialAction":[{"@type":"ReadAction","target":["https:\/\/psol50.org.br\/psol-propoe-uso-de-imoveis-funcionais-da-camara-para-abrigar-pessoas-vulneraveis-durante-pandemia\/"]}]},{"@type":"ImageObject","inLanguage":"pt-BR","@id":"https:\/\/psol50.org.br\/psol-propoe-uso-de-imoveis-funcionais-da-camara-para-abrigar-pessoas-vulneraveis-durante-pandemia\/#primaryimage","url":"https:\/\/psol50.org.br\/inc\/uploads\/2020\/05\/190220-HB-Imoveis-funcionais-com-inrregularidades3-960x640-1.jpg","contentUrl":"https:\/\/psol50.org.br\/inc\/uploads\/2020\/05\/190220-HB-Imoveis-funcionais-com-inrregularidades3-960x640-1.jpg","width":960,"height":640},{"@type":"BreadcrumbList","@id":"https:\/\/psol50.org.br\/psol-propoe-uso-de-imoveis-funcionais-da-camara-para-abrigar-pessoas-vulneraveis-durante-pandemia\/#breadcrumb","itemListElement":[{"@type":"ListItem","position":1,"name":"In\u00edcio","item":"https:\/\/psol50.org.br\/"},{"@type":"ListItem","position":2,"name":"PSOL prop\u00f5e uso de im\u00f3veis funcionais da C\u00e2mara para abrigar pessoas vulner\u00e1veis durante pandemia"}]},{"@type":"WebSite","@id":"https:\/\/psol50.org.br\/#website","url":"https:\/\/psol50.org.br\/","name":"PSOL 50","description":"Site oficial do Partido Socialismo e Liberdade","publisher":{"@id":"https:\/\/psol50.org.br\/#organization"},"alternateName":"PSOL50","potentialAction":[{"@type":"SearchAction","target":{"@type":"EntryPoint","urlTemplate":"https:\/\/psol50.org.br\/?s={search_term_string}"},"query-input":{"@type":"PropertyValueSpecification","valueRequired":true,"valueName":"search_term_string"}}],"inLanguage":"pt-BR"},{"@type":"Organization","@id":"https:\/\/psol50.org.br\/#organization","name":"PSOL 50","alternateName":"PSOL 50","url":"https:\/\/psol50.org.br\/","logo":{"@type":"ImageObject","inLanguage":"pt-BR","@id":"https:\/\/psol50.org.br\/#\/schema\/logo\/image\/","url":"https:\/\/psol50.org.br\/inc\/uploads\/2018\/07\/capa.png","contentUrl":"https:\/\/psol50.org.br\/inc\/uploads\/2018\/07\/capa.png","width":1350,"height":900,"caption":"PSOL 50"},"image":{"@id":"https:\/\/psol50.org.br\/#\/schema\/logo\/image\/"},"sameAs":["https:\/\/www.facebook.com\/psol50","https:\/\/x.com\/psol50","https:\/\/www.instagram.com\/psol50\/","https:\/\/www.youtube.com\/channel\/UC7SnJS5o1os7a6CaiNabzcg"]},{"@type":"Person","@id":"https:\/\/psol50.org.br\/#\/schema\/person\/475dfa57d0b815993c714c2e96491fcd","name":"Comunica\u00e7\u00e3o PSOL","image":{"@type":"ImageObject","inLanguage":"pt-BR","@id":"https:\/\/psol50.org.br\/#\/schema\/person\/image\/","url":"https:\/\/secure.gravatar.com\/avatar\/b34fc4f4e468a4e51785917065a3db57b841f5c95dba6ad8c73aaf8f66f8f9bf?s=96&d=mm&r=g","contentUrl":"https:\/\/secure.gravatar.com\/avatar\/b34fc4f4e468a4e51785917065a3db57b841f5c95dba6ad8c73aaf8f66f8f9bf?s=96&d=mm&r=g","caption":"Comunica\u00e7\u00e3o PSOL"}}]}},"_links":{"self":[{"href":"https:\/\/psol50.org.br\/rest\/wp\/v2\/posts\/29060","targetHints":{"allow":["GET"]}}],"collection":[{"href":"https:\/\/psol50.org.br\/rest\/wp\/v2\/posts"}],"about":[{"href":"https:\/\/psol50.org.br\/rest\/wp\/v2\/types\/post"}],"author":[{"embeddable":true,"href":"https:\/\/psol50.org.br\/rest\/wp\/v2\/users\/2"}],"replies":[{"embeddable":true,"href":"https:\/\/psol50.org.br\/rest\/wp\/v2\/comments?post=29060"}],"version-history":[{"count":0,"href":"https:\/\/psol50.org.br\/rest\/wp\/v2\/posts\/29060\/revisions"}],"wp:featuredmedia":[{"embeddable":true,"href":"https:\/\/psol50.org.br\/rest\/wp\/v2\/media\/29062"}],"wp:attachment":[{"href":"https:\/\/psol50.org.br\/rest\/wp\/v2\/media?parent=29060"}],"wp:term":[{"taxonomy":"category","embeddable":true,"href":"https:\/\/psol50.org.br\/rest\/wp\/v2\/categories?post=29060"},{"taxonomy":"post_tag","embeddable":true,"href":"https:\/\/psol50.org.br\/rest\/wp\/v2\/tags?post=29060"}],"curies":[{"name":"wp","href":"https:\/\/api.w.org\/{rel}","templated":true}]}}