{"id":2907,"date":"2014-08-08T00:00:00","date_gmt":"2014-08-08T10:24:54","guid":{"rendered":"http:\/\/psol50.org.br\/arquivo\/2014\/08\/08\/por-iniciativa-de-jean-wyllys-audiencia-publica-debatera-direitos-sexuais-e-reprodutivos\/"},"modified":"2014-08-08T00:00:00","modified_gmt":"2014-08-08T10:24:54","slug":"por-iniciativa-de-jean-wyllys-audiencia-publica-debatera-direitos-sexuais-e-reprodutivos","status":"publish","type":"post","link":"https:\/\/psol50.org.br\/por-iniciativa-de-jean-wyllys-audiencia-publica-debatera-direitos-sexuais-e-reprodutivos\/","title":{"rendered":"Por iniciativa de Jean Wyllys, audi\u00eancia p\u00fablica debater\u00e1 direitos sexuais e reprodutivos"},"content":{"rendered":"<p style=\"text-align: justify;\">\n\t<span style=\"font-size:12px;\"><span style=\"font-family: arial,helvetica,sans-serif;\"><em>Da Lideran\u00e7a do PSOL<\/em><\/p>\n<p>\tA Comiss\u00e3o de Direitos Humanos e Minorias aprovou, na \u00faltima quarta-feira (06), proposta do deputado do PSOL Jean Wyllys (RJ) para realizar audi\u00eancia p\u00fablica, em parceria com a Frente Parlamentar de Direitos Humanos e Minorias, que vai debater o plano de a\u00e7\u00e3o da Declara\u00e7\u00e3o de Compromisso de Estocolmo, em rela\u00e7\u00e3o aos direitos sexuais e reprodutivos. A Declara\u00e7\u00e3o foi aprovada na 6\u00aa Confer\u00eancia Internacional sobre Popula\u00e7\u00e3o e Desenvolvimento (CIPD) das Na\u00e7\u00f5es Unidas, que ocorreu na cidade do Cairo (Egito) e que reuniu representantes de 179 pa\u00edses.<br \/>\n\t&nbsp;<br \/>\n\tO deputado Jean Wyllys foi convidado pelo Fundo de Popula\u00e7\u00e3o das Na\u00e7\u00f5es Unidas (UNFPA) para representar o Brasil, como membro do Poder Legislativo. Segundo ele, a ideia fundamental \u00e9 implantar o plano de a\u00e7\u00e3o no Brasil, recuperando os atrasos em rela\u00e7\u00e3o aos direitos sexuais e reprodutivos e tentar, no m\u00ednimo, estar \u00e0 sombra de na\u00e7\u00f5es desenvolvidas.<br \/>\n\t&nbsp;<br \/>\n\tDentre as quest\u00f5es levantadas durante o encontro, destacam-se os direitos sexuais e reprodutivos das mulheres, como a educa\u00e7\u00e3o sexual, preven\u00e7\u00e3o da gravidez e de doen\u00e7as, a garantia do aborto seguro, entre muitos outros; a igualdade entre g\u00eaneros, com pol\u00edticas que garantam a perman\u00eancia das meninas nas escolas; a erradica\u00e7\u00e3o da viol\u00eancia de g\u00eanero, inclusive dentro das fam\u00edlias; a tipifica\u00e7\u00e3o de todo crime motivado por \u00f3dio; e, sem qualquer distin\u00e7\u00e3o, a erradica\u00e7\u00e3o da mis\u00e9ria e a garantia do acesso \u00e0 nova economia digital.<br \/>\n\t&nbsp;<br \/>\n\tA Confer\u00eancia aprovou tamb\u00e9m o compromisso \u00e0 comunidade LGBT no sentido de que o seu bem estar dever\u00e1 estar contemplado nas pol\u00edticas de desenvolvimento das popula\u00e7\u00f5es, o que, at\u00e9 ent\u00e3o, n\u00e3o era contemplado diretamente, especialmente porque parte dos pa\u00edses membros ainda criminaliza a orienta\u00e7\u00e3o homossexual.<br \/>\n\t&nbsp;<br \/>\n\tPara a audi\u00eancia p\u00fablica, Jean Wyllys prop\u00f5e a participa\u00e7\u00e3o do representante do UFNPA no Brasil, Harold Robinson, da ministra da Secretaria de Pol\u00edticas para as Mulheres, Eleonora Menicucci, da ministra da Secretaria de Direitos Humanos, Ideli Salvatti, da ministra da Secretaria de Pol\u00edticas de Promo\u00e7\u00e3o da Igualdade Racial, Luiza Bairros, e da coordenadora da bancada feminina na C\u00e2mara, deputada J\u00f4 Moraes.<\/span><\/span><\/p>\n<p>&nbsp;<\/p>\n","protected":false},"excerpt":{"rendered":"<p>Debate proposto pelo deputado do PSOL visa implantar o plano de a\u00e7\u00e3o aprovado em Confer\u00eancia das Na\u00e7\u00f5es Unidas<\/p>\n","protected":false},"author":2,"featured_media":0,"comment_status":"open","ping_status":"open","sticky":false,"template":"","format":"standard","meta":{"_acf_changed":false,"footnotes":""},"categories":[10,4766,6],"tags":[],"class_list":{"0":"post-2907","1":"post","2":"type-post","3":"status-publish","4":"format-standard","6":"category-acao-parlamentares","7":"category-arquivo","8":"category-noticias"},"acf":[],"yoast_head":"<!-- This site is optimized with the Yoast SEO plugin v26.5 - https:\/\/yoast.com\/wordpress\/plugins\/seo\/ -->\n<title>Por iniciativa de Jean Wyllys, audi\u00eancia p\u00fablica debater\u00e1 direitos sexuais e reprodutivos - PSOL 50<\/title>\n<meta name=\"robots\" content=\"index, follow, max-snippet:-1, max-image-preview:large, max-video-preview:-1\" \/>\n<link rel=\"canonical\" href=\"https:\/\/psol50.org.br\/por-iniciativa-de-jean-wyllys-audiencia-publica-debatera-direitos-sexuais-e-reprodutivos\/\" \/>\n<meta property=\"og:locale\" content=\"pt_BR\" \/>\n<meta property=\"og:type\" content=\"article\" \/>\n<meta property=\"og:title\" content=\"Por iniciativa de Jean Wyllys, audi\u00eancia p\u00fablica debater\u00e1 direitos sexuais e reprodutivos - PSOL 50\" \/>\n<meta property=\"og:description\" content=\"Debate proposto pelo deputado do PSOL visa implantar o plano de a\u00e7\u00e3o aprovado em Confer\u00eancia das Na\u00e7\u00f5es Unidas\" \/>\n<meta property=\"og:url\" content=\"https:\/\/psol50.org.br\/por-iniciativa-de-jean-wyllys-audiencia-publica-debatera-direitos-sexuais-e-reprodutivos\/\" \/>\n<meta property=\"og:site_name\" content=\"PSOL 50\" \/>\n<meta property=\"article:publisher\" content=\"https:\/\/www.facebook.com\/psol50\" \/>\n<meta property=\"article:published_time\" content=\"2014-08-08T10:24:54+00:00\" \/>\n<meta property=\"og:image\" content=\"https:\/\/psol50.org.br\/inc\/uploads\/2018\/07\/capa.png\" \/>\n\t<meta property=\"og:image:width\" content=\"1350\" \/>\n\t<meta property=\"og:image:height\" content=\"900\" \/>\n\t<meta property=\"og:image:type\" content=\"image\/png\" \/>\n<meta name=\"author\" content=\"Comunica\u00e7\u00e3o PSOL\" \/>\n<meta name=\"twitter:card\" content=\"summary_large_image\" \/>\n<meta name=\"twitter:creator\" content=\"@psol50\" \/>\n<meta name=\"twitter:site\" content=\"@psol50\" \/>\n<meta name=\"twitter:label1\" content=\"Escrito por\" \/>\n\t<meta name=\"twitter:data1\" content=\"Comunica\u00e7\u00e3o PSOL\" \/>\n\t<meta name=\"twitter:label2\" content=\"Est. tempo de leitura\" \/>\n\t<meta name=\"twitter:data2\" content=\"2 minutos\" \/>\n<script type=\"application\/ld+json\" class=\"yoast-schema-graph\">{\"@context\":\"https:\/\/schema.org\",\"@graph\":[{\"@type\":\"Article\",\"@id\":\"https:\/\/psol50.org.br\/por-iniciativa-de-jean-wyllys-audiencia-publica-debatera-direitos-sexuais-e-reprodutivos\/#article\",\"isPartOf\":{\"@id\":\"https:\/\/psol50.org.br\/por-iniciativa-de-jean-wyllys-audiencia-publica-debatera-direitos-sexuais-e-reprodutivos\/\"},\"author\":{\"name\":\"Comunica\u00e7\u00e3o PSOL\",\"@id\":\"https:\/\/psol50.org.br\/#\/schema\/person\/475dfa57d0b815993c714c2e96491fcd\"},\"headline\":\"Por iniciativa de Jean Wyllys, audi\u00eancia p\u00fablica debater\u00e1 direitos sexuais e reprodutivos\",\"datePublished\":\"2014-08-08T10:24:54+00:00\",\"mainEntityOfPage\":{\"@id\":\"https:\/\/psol50.org.br\/por-iniciativa-de-jean-wyllys-audiencia-publica-debatera-direitos-sexuais-e-reprodutivos\/\"},\"wordCount\":394,\"commentCount\":0,\"publisher\":{\"@id\":\"https:\/\/psol50.org.br\/#organization\"},\"articleSection\":[\"A\u00e7\u00e3o Parlamentar\",\"Arquivo\",\"Not\u00edcias\"],\"inLanguage\":\"pt-BR\",\"potentialAction\":[{\"@type\":\"CommentAction\",\"name\":\"Comment\",\"target\":[\"https:\/\/psol50.org.br\/por-iniciativa-de-jean-wyllys-audiencia-publica-debatera-direitos-sexuais-e-reprodutivos\/#respond\"]}]},{\"@type\":\"WebPage\",\"@id\":\"https:\/\/psol50.org.br\/por-iniciativa-de-jean-wyllys-audiencia-publica-debatera-direitos-sexuais-e-reprodutivos\/\",\"url\":\"https:\/\/psol50.org.br\/por-iniciativa-de-jean-wyllys-audiencia-publica-debatera-direitos-sexuais-e-reprodutivos\/\",\"name\":\"Por iniciativa de Jean Wyllys, audi\u00eancia p\u00fablica debater\u00e1 direitos sexuais e reprodutivos - PSOL 50\",\"isPartOf\":{\"@id\":\"https:\/\/psol50.org.br\/#website\"},\"datePublished\":\"2014-08-08T10:24:54+00:00\",\"breadcrumb\":{\"@id\":\"https:\/\/psol50.org.br\/por-iniciativa-de-jean-wyllys-audiencia-publica-debatera-direitos-sexuais-e-reprodutivos\/#breadcrumb\"},\"inLanguage\":\"pt-BR\",\"potentialAction\":[{\"@type\":\"ReadAction\",\"target\":[\"https:\/\/psol50.org.br\/por-iniciativa-de-jean-wyllys-audiencia-publica-debatera-direitos-sexuais-e-reprodutivos\/\"]}]},{\"@type\":\"BreadcrumbList\",\"@id\":\"https:\/\/psol50.org.br\/por-iniciativa-de-jean-wyllys-audiencia-publica-debatera-direitos-sexuais-e-reprodutivos\/#breadcrumb\",\"itemListElement\":[{\"@type\":\"ListItem\",\"position\":1,\"name\":\"In\u00edcio\",\"item\":\"https:\/\/psol50.org.br\/\"},{\"@type\":\"ListItem\",\"position\":2,\"name\":\"Por iniciativa de Jean Wyllys, audi\u00eancia p\u00fablica debater\u00e1 direitos sexuais e reprodutivos\"}]},{\"@type\":\"WebSite\",\"@id\":\"https:\/\/psol50.org.br\/#website\",\"url\":\"https:\/\/psol50.org.br\/\",\"name\":\"PSOL 50\",\"description\":\"Site oficial do Partido Socialismo e Liberdade\",\"publisher\":{\"@id\":\"https:\/\/psol50.org.br\/#organization\"},\"alternateName\":\"PSOL50\",\"potentialAction\":[{\"@type\":\"SearchAction\",\"target\":{\"@type\":\"EntryPoint\",\"urlTemplate\":\"https:\/\/psol50.org.br\/?s={search_term_string}\"},\"query-input\":{\"@type\":\"PropertyValueSpecification\",\"valueRequired\":true,\"valueName\":\"search_term_string\"}}],\"inLanguage\":\"pt-BR\"},{\"@type\":\"Organization\",\"@id\":\"https:\/\/psol50.org.br\/#organization\",\"name\":\"PSOL 50\",\"alternateName\":\"PSOL 50\",\"url\":\"https:\/\/psol50.org.br\/\",\"logo\":{\"@type\":\"ImageObject\",\"inLanguage\":\"pt-BR\",\"@id\":\"https:\/\/psol50.org.br\/#\/schema\/logo\/image\/\",\"url\":\"https:\/\/psol50.org.br\/inc\/uploads\/2018\/07\/capa.png\",\"contentUrl\":\"https:\/\/psol50.org.br\/inc\/uploads\/2018\/07\/capa.png\",\"width\":1350,\"height\":900,\"caption\":\"PSOL 50\"},\"image\":{\"@id\":\"https:\/\/psol50.org.br\/#\/schema\/logo\/image\/\"},\"sameAs\":[\"https:\/\/www.facebook.com\/psol50\",\"https:\/\/x.com\/psol50\",\"https:\/\/www.instagram.com\/psol50\/\",\"https:\/\/www.youtube.com\/channel\/UC7SnJS5o1os7a6CaiNabzcg\"]},{\"@type\":\"Person\",\"@id\":\"https:\/\/psol50.org.br\/#\/schema\/person\/475dfa57d0b815993c714c2e96491fcd\",\"name\":\"Comunica\u00e7\u00e3o PSOL\",\"image\":{\"@type\":\"ImageObject\",\"inLanguage\":\"pt-BR\",\"@id\":\"https:\/\/psol50.org.br\/#\/schema\/person\/image\/\",\"url\":\"https:\/\/secure.gravatar.com\/avatar\/b34fc4f4e468a4e51785917065a3db57b841f5c95dba6ad8c73aaf8f66f8f9bf?s=96&d=mm&r=g\",\"contentUrl\":\"https:\/\/secure.gravatar.com\/avatar\/b34fc4f4e468a4e51785917065a3db57b841f5c95dba6ad8c73aaf8f66f8f9bf?s=96&d=mm&r=g\",\"caption\":\"Comunica\u00e7\u00e3o PSOL\"}}]}<\/script>\n<!-- \/ Yoast SEO plugin. -->","yoast_head_json":{"title":"Por iniciativa de Jean Wyllys, audi\u00eancia p\u00fablica debater\u00e1 direitos sexuais e reprodutivos - PSOL 50","robots":{"index":"index","follow":"follow","max-snippet":"max-snippet:-1","max-image-preview":"max-image-preview:large","max-video-preview":"max-video-preview:-1"},"canonical":"https:\/\/psol50.org.br\/por-iniciativa-de-jean-wyllys-audiencia-publica-debatera-direitos-sexuais-e-reprodutivos\/","og_locale":"pt_BR","og_type":"article","og_title":"Por iniciativa de Jean Wyllys, audi\u00eancia p\u00fablica debater\u00e1 direitos sexuais e reprodutivos - PSOL 50","og_description":"Debate proposto pelo deputado do PSOL visa implantar o plano de a\u00e7\u00e3o aprovado em Confer\u00eancia das Na\u00e7\u00f5es Unidas","og_url":"https:\/\/psol50.org.br\/por-iniciativa-de-jean-wyllys-audiencia-publica-debatera-direitos-sexuais-e-reprodutivos\/","og_site_name":"PSOL 50","article_publisher":"https:\/\/www.facebook.com\/psol50","article_published_time":"2014-08-08T10:24:54+00:00","og_image":[{"width":1350,"height":900,"url":"https:\/\/psol50.org.br\/inc\/uploads\/2018\/07\/capa.png","type":"image\/png"}],"author":"Comunica\u00e7\u00e3o PSOL","twitter_card":"summary_large_image","twitter_creator":"@psol50","twitter_site":"@psol50","twitter_misc":{"Escrito por":"Comunica\u00e7\u00e3o PSOL","Est. tempo de leitura":"2 minutos"},"schema":{"@context":"https:\/\/schema.org","@graph":[{"@type":"Article","@id":"https:\/\/psol50.org.br\/por-iniciativa-de-jean-wyllys-audiencia-publica-debatera-direitos-sexuais-e-reprodutivos\/#article","isPartOf":{"@id":"https:\/\/psol50.org.br\/por-iniciativa-de-jean-wyllys-audiencia-publica-debatera-direitos-sexuais-e-reprodutivos\/"},"author":{"name":"Comunica\u00e7\u00e3o PSOL","@id":"https:\/\/psol50.org.br\/#\/schema\/person\/475dfa57d0b815993c714c2e96491fcd"},"headline":"Por iniciativa de Jean Wyllys, audi\u00eancia p\u00fablica debater\u00e1 direitos sexuais e reprodutivos","datePublished":"2014-08-08T10:24:54+00:00","mainEntityOfPage":{"@id":"https:\/\/psol50.org.br\/por-iniciativa-de-jean-wyllys-audiencia-publica-debatera-direitos-sexuais-e-reprodutivos\/"},"wordCount":394,"commentCount":0,"publisher":{"@id":"https:\/\/psol50.org.br\/#organization"},"articleSection":["A\u00e7\u00e3o Parlamentar","Arquivo","Not\u00edcias"],"inLanguage":"pt-BR","potentialAction":[{"@type":"CommentAction","name":"Comment","target":["https:\/\/psol50.org.br\/por-iniciativa-de-jean-wyllys-audiencia-publica-debatera-direitos-sexuais-e-reprodutivos\/#respond"]}]},{"@type":"WebPage","@id":"https:\/\/psol50.org.br\/por-iniciativa-de-jean-wyllys-audiencia-publica-debatera-direitos-sexuais-e-reprodutivos\/","url":"https:\/\/psol50.org.br\/por-iniciativa-de-jean-wyllys-audiencia-publica-debatera-direitos-sexuais-e-reprodutivos\/","name":"Por iniciativa de Jean Wyllys, audi\u00eancia p\u00fablica debater\u00e1 direitos sexuais e reprodutivos - PSOL 50","isPartOf":{"@id":"https:\/\/psol50.org.br\/#website"},"datePublished":"2014-08-08T10:24:54+00:00","breadcrumb":{"@id":"https:\/\/psol50.org.br\/por-iniciativa-de-jean-wyllys-audiencia-publica-debatera-direitos-sexuais-e-reprodutivos\/#breadcrumb"},"inLanguage":"pt-BR","potentialAction":[{"@type":"ReadAction","target":["https:\/\/psol50.org.br\/por-iniciativa-de-jean-wyllys-audiencia-publica-debatera-direitos-sexuais-e-reprodutivos\/"]}]},{"@type":"BreadcrumbList","@id":"https:\/\/psol50.org.br\/por-iniciativa-de-jean-wyllys-audiencia-publica-debatera-direitos-sexuais-e-reprodutivos\/#breadcrumb","itemListElement":[{"@type":"ListItem","position":1,"name":"In\u00edcio","item":"https:\/\/psol50.org.br\/"},{"@type":"ListItem","position":2,"name":"Por iniciativa de Jean Wyllys, audi\u00eancia p\u00fablica debater\u00e1 direitos sexuais e reprodutivos"}]},{"@type":"WebSite","@id":"https:\/\/psol50.org.br\/#website","url":"https:\/\/psol50.org.br\/","name":"PSOL 50","description":"Site oficial do Partido Socialismo e Liberdade","publisher":{"@id":"https:\/\/psol50.org.br\/#organization"},"alternateName":"PSOL50","potentialAction":[{"@type":"SearchAction","target":{"@type":"EntryPoint","urlTemplate":"https:\/\/psol50.org.br\/?s={search_term_string}"},"query-input":{"@type":"PropertyValueSpecification","valueRequired":true,"valueName":"search_term_string"}}],"inLanguage":"pt-BR"},{"@type":"Organization","@id":"https:\/\/psol50.org.br\/#organization","name":"PSOL 50","alternateName":"PSOL 50","url":"https:\/\/psol50.org.br\/","logo":{"@type":"ImageObject","inLanguage":"pt-BR","@id":"https:\/\/psol50.org.br\/#\/schema\/logo\/image\/","url":"https:\/\/psol50.org.br\/inc\/uploads\/2018\/07\/capa.png","contentUrl":"https:\/\/psol50.org.br\/inc\/uploads\/2018\/07\/capa.png","width":1350,"height":900,"caption":"PSOL 50"},"image":{"@id":"https:\/\/psol50.org.br\/#\/schema\/logo\/image\/"},"sameAs":["https:\/\/www.facebook.com\/psol50","https:\/\/x.com\/psol50","https:\/\/www.instagram.com\/psol50\/","https:\/\/www.youtube.com\/channel\/UC7SnJS5o1os7a6CaiNabzcg"]},{"@type":"Person","@id":"https:\/\/psol50.org.br\/#\/schema\/person\/475dfa57d0b815993c714c2e96491fcd","name":"Comunica\u00e7\u00e3o PSOL","image":{"@type":"ImageObject","inLanguage":"pt-BR","@id":"https:\/\/psol50.org.br\/#\/schema\/person\/image\/","url":"https:\/\/secure.gravatar.com\/avatar\/b34fc4f4e468a4e51785917065a3db57b841f5c95dba6ad8c73aaf8f66f8f9bf?s=96&d=mm&r=g","contentUrl":"https:\/\/secure.gravatar.com\/avatar\/b34fc4f4e468a4e51785917065a3db57b841f5c95dba6ad8c73aaf8f66f8f9bf?s=96&d=mm&r=g","caption":"Comunica\u00e7\u00e3o PSOL"}}]}},"_links":{"self":[{"href":"https:\/\/psol50.org.br\/rest\/wp\/v2\/posts\/2907","targetHints":{"allow":["GET"]}}],"collection":[{"href":"https:\/\/psol50.org.br\/rest\/wp\/v2\/posts"}],"about":[{"href":"https:\/\/psol50.org.br\/rest\/wp\/v2\/types\/post"}],"author":[{"embeddable":true,"href":"https:\/\/psol50.org.br\/rest\/wp\/v2\/users\/2"}],"replies":[{"embeddable":true,"href":"https:\/\/psol50.org.br\/rest\/wp\/v2\/comments?post=2907"}],"version-history":[{"count":0,"href":"https:\/\/psol50.org.br\/rest\/wp\/v2\/posts\/2907\/revisions"}],"wp:attachment":[{"href":"https:\/\/psol50.org.br\/rest\/wp\/v2\/media?parent=2907"}],"wp:term":[{"taxonomy":"category","embeddable":true,"href":"https:\/\/psol50.org.br\/rest\/wp\/v2\/categories?post=2907"},{"taxonomy":"post_tag","embeddable":true,"href":"https:\/\/psol50.org.br\/rest\/wp\/v2\/tags?post=2907"}],"curies":[{"name":"wp","href":"https:\/\/api.w.org\/{rel}","templated":true}]}}