{"id":29139,"date":"2020-05-22T15:22:00","date_gmt":"2020-05-22T18:22:00","guid":{"rendered":"https:\/\/psol50.org.br\/?p=29139"},"modified":"2020-05-22T15:22:00","modified_gmt":"2020-05-22T18:22:00","slug":"psol-propoe-medidas-de-atencao-a-saude-da-populacao-negra-durante-a-pandemia","status":"publish","type":"post","link":"https:\/\/psol50.org.br\/psol-propoe-medidas-de-atencao-a-saude-da-populacao-negra-durante-a-pandemia\/","title":{"rendered":"PSOL prop\u00f5e medidas de aten\u00e7\u00e3o \u00e0 sa\u00fade da popula\u00e7\u00e3o negra durante a pandemia"},"content":{"rendered":"<p><a href=\"https:\/\/psol50.org.br\/forabolsonaro\/\"><img loading=\"lazy\" decoding=\"async\" class=\"alignnone size-full wp-image-29118\" src=\"https:\/\/psol50.org.br\/inc\/uploads\/2020\/05\/Email_Impeachment.png\" alt=\"\" width=\"1080\" height=\"250\" srcset=\"https:\/\/psol50.org.br\/inc\/uploads\/2020\/05\/Email_Impeachment.png 1080w, https:\/\/psol50.org.br\/inc\/uploads\/2020\/05\/Email_Impeachment-300x69.png 300w, https:\/\/psol50.org.br\/inc\/uploads\/2020\/05\/Email_Impeachment-1024x237.png 1024w, https:\/\/psol50.org.br\/inc\/uploads\/2020\/05\/Email_Impeachment-768x178.png 768w, https:\/\/psol50.org.br\/inc\/uploads\/2020\/05\/Email_Impeachment-150x35.png 150w, https:\/\/psol50.org.br\/inc\/uploads\/2020\/05\/Email_Impeachment-696x161.png 696w, https:\/\/psol50.org.br\/inc\/uploads\/2020\/05\/Email_Impeachment-1068x247.png 1068w\" sizes=\"auto, (max-width: 1080px) 100vw, 1080px\" \/><\/a><\/p>\n<p>A deputada federal do PSOL Tal\u00edria Petrone, ao lado da deputada Benedita da Silva (PT-RJ), protocolou nesta quinta-feira (21) um <strong><a href=\"https:\/\/psol50.org.br\/inc\/uploads\/2020\/05\/Projeto-de-Lei-Sau\u0301de-Pandemia-Tali\u0301ria-e-Benedita.pdf\" target=\"_blank\" rel=\"noopener noreferrer\">projeto de lei<\/a><\/strong> que implementa medidas para garantir a equidade na aten\u00e7\u00e3o integral \u00e0 sa\u00fade da popula\u00e7\u00e3o negra em casos de epidemias ou pandemias, surtos provocados por doen\u00e7as contagiosas ou durante a decreta\u00e7\u00e3o de Estado de Calamidade P\u00fablica. A proposta visa atender a popula\u00e7\u00e3o negra especialmente neste momento de pandemia da Covid-19.<\/p>\n<p>\u201cPara promover a equidade \u00e9tnico-racial, especialmente no que tange a aten\u00e7\u00e3o \u00e0 sa\u00fade integral da popula\u00e7\u00e3o negra, a Uni\u00e3o, os Estados e os Munic\u00edpios dever\u00e3o atuar em colabora\u00e7\u00e3o com iniciativas da sociedade civil organizada, para adotar um conjunto articulado de a\u00e7\u00f5es que visam a promo\u00e7\u00e3o da igualdade e o enfrentamento ao racismo institucional\u201d, destaca o PL.<\/p>\n<p>Entre as medidas previstas, vale destacar: inser\u00e7\u00e3o, nos protocolos de atendimento, das comorbidades espec\u00edficas que acometem, de forma diferenciada, a popula\u00e7\u00e3o negra; inser\u00e7\u00e3o da vari\u00e1vel ra\u00e7a\/cor nas fichas de registro e notifica\u00e7\u00e3o e na divulga\u00e7\u00e3o dos boletins epidemiol\u00f3gicos e outras estat\u00edsticas oficiais; emiss\u00e3o de boletins com n\u00fameros de mortes decorrentes de epidemias, pandemias ou surtos provocados por doen\u00e7as contagiosas, classificados por ra\u00e7a, g\u00eanero, bairro, munic\u00edpio e local de ocorr\u00eancia do \u00f3bito; humaniza\u00e7\u00e3o do processo de acolhimento, com vistas ao enfrentamento do racismo institucional, desde a admiss\u00e3o, evitando o negligenciamento, at\u00e9 o suporte familiar, garantindo informa\u00e7\u00f5es di\u00e1rias \u00e0 fam\u00edlia.<\/p>\n<p>No PL, as deputadas ressaltam que quase 80% da popula\u00e7\u00e3o negra utiliza o Sistema \u00danico de Sa\u00fade, tornando-se necess\u00e1rio n\u00e3o perder de vista que o racismo \u00e9 um determinante social que afeta a sa\u00fade p\u00fablica. \u201cA popula\u00e7\u00e3o negra faz parte do grupo com os piores indicadores de sa\u00fade e com maior incid\u00eancia de doen\u00e7as que poderiam ser evitadas como diabetes, hipertens\u00e3o e tuberculose &#8211; doen\u00e7as que s\u00e3o, tamb\u00e9m, agravantes para a Covid-19\u201d, destacam.<\/p>\n<p>Elas lembram, ainda, que na atual crise, a porcentagem de pacientes mortos por Covid-19 entre os pretos e pardos passou de 32,8% para 54,8%, entre 10 de abril e 18 de maio, um per\u00edodo de quatro semanas.<\/p>\n<p>Projetos de lei com o mesmo conte\u00fado tamb\u00e9m foram apresentados por outras parlamentares negras do PSOL em \u00e2mbitos estadual e municipal, destinados a tratar do racismo estrutural e institucional no acesso e na prote\u00e7\u00e3o \u00e0 sa\u00fade de negras e negros.<\/p>\n<p>\u201cReconhecemos nesse processo o papel protagonista da mandata \u00c9rica Malunguinho (PSOL-SP) e a importante parceria em \u00e2mbito federal da deputada Benedita da Silva. Reconhecemos a aboli\u00e7\u00e3o da escravatura como um processo incompleto e o papel das mandatas negras em serem timoneiras na proposi\u00e7\u00e3o de projetos voltados a eliminar o racismo estrutural e o racismo institucional\u201d, ressalta Tal\u00edria Petrone.<\/p>\n<p>Para que sejam cumpridas as medidas previstas no PL, as deputadas fazem refer\u00eancia \u00e0 Lei 12.288\/2010 &#8211; Estatuto da Igualdade Racial \u2013 e \u00e0 Portaria GM\/MS no 992, de 13 de maio de 2009 &#8211; Pol\u00edtica Nacional de Sa\u00fade Integral da Popula\u00e7\u00e3o Negra. Tamb\u00e9m consideram as articula\u00e7\u00f5es com entidades e movimentos sociais que atuam nas pautas raciais e em defesa da sa\u00fade p\u00fablica.<\/p>\n<p><em><a href=\"https:\/\/www.taliriapetrone.com.br\/blog\/projeto-de-taliria-e-benedita-da-silva-propoe-medidas-de-atencao-a-saude-da\" target=\"_blank\" rel=\"noopener noreferrer\">Do site da deputada federal Tal\u00edria Petrone<\/a><\/em><\/p>\n","protected":false},"excerpt":{"rendered":"<p>A deputada federal do PSOL Tal\u00edria Petrone, ao lado da deputada Benedita da Silva (PT-RJ), protocolou nesta quinta-feira (21) um projeto de lei que implementa medidas para garantir a equidade na aten\u00e7\u00e3o integral \u00e0 sa\u00fade da popula\u00e7\u00e3o negra em casos de epidemias ou pandemias, surtos provocados por doen\u00e7as contagiosas ou durante a decreta\u00e7\u00e3o de Estado [&hellip;]<\/p>\n","protected":false},"author":2,"featured_media":29142,"comment_status":"closed","ping_status":"open","sticky":false,"template":"","format":"standard","meta":{"_acf_changed":false,"footnotes":""},"categories":[10,6],"tags":[171,371,367,737,22,366,173],"class_list":{"0":"post-29139","1":"post","2":"type-post","3":"status-publish","4":"format-standard","5":"has-post-thumbnail","7":"category-acao-parlamentares","8":"category-noticias","9":"tag-coronavirus","10":"tag-covid-19","11":"tag-pandemia","12":"tag-populacao-negra","13":"tag-psol","14":"tag-psolcontraocoronavirus","15":"tag-saude"},"acf":[],"yoast_head":"<!-- This site is optimized with the Yoast SEO plugin v26.5 - https:\/\/yoast.com\/wordpress\/plugins\/seo\/ -->\n<title>PSOL prop\u00f5e medidas de aten\u00e7\u00e3o \u00e0 sa\u00fade da popula\u00e7\u00e3o negra durante a pandemia<\/title>\n<meta name=\"description\" content=\"S\u00e9rie de propostas visa garantir a equidade na aten\u00e7\u00e3o integral \u00e0 sa\u00fade da popula\u00e7\u00e3o negra em casos de epidemias ou pandemias.\" \/>\n<meta name=\"robots\" content=\"index, follow, max-snippet:-1, max-image-preview:large, max-video-preview:-1\" \/>\n<link rel=\"canonical\" href=\"https:\/\/psol50.org.br\/psol-propoe-medidas-de-atencao-a-saude-da-populacao-negra-durante-a-pandemia\/\" \/>\n<meta property=\"og:locale\" content=\"pt_BR\" \/>\n<meta property=\"og:type\" content=\"article\" \/>\n<meta property=\"og:title\" content=\"PSOL prop\u00f5e medidas de aten\u00e7\u00e3o \u00e0 sa\u00fade da popula\u00e7\u00e3o negra durante a pandemia\" \/>\n<meta property=\"og:description\" content=\"S\u00e9rie de propostas visa garantir a equidade na aten\u00e7\u00e3o integral \u00e0 sa\u00fade da popula\u00e7\u00e3o negra em casos de epidemias ou pandemias.\" \/>\n<meta property=\"og:url\" content=\"https:\/\/psol50.org.br\/psol-propoe-medidas-de-atencao-a-saude-da-populacao-negra-durante-a-pandemia\/\" \/>\n<meta property=\"og:site_name\" content=\"PSOL 50\" \/>\n<meta property=\"article:publisher\" content=\"https:\/\/www.facebook.com\/psol50\" \/>\n<meta property=\"article:published_time\" content=\"2020-05-22T18:22:00+00:00\" \/>\n<meta property=\"og:image\" content=\"https:\/\/psol50.org.br\/inc\/uploads\/2020\/05\/20180220-negros-sao-mais-suscetiveis-a-doencas-evitaveis.jpg\" \/>\n\t<meta property=\"og:image:width\" content=\"725\" \/>\n\t<meta property=\"og:image:height\" content=\"480\" \/>\n\t<meta property=\"og:image:type\" content=\"image\/jpeg\" \/>\n<meta name=\"author\" content=\"Comunica\u00e7\u00e3o PSOL\" \/>\n<meta name=\"twitter:card\" content=\"summary_large_image\" \/>\n<meta name=\"twitter:title\" content=\"PSOL prop\u00f5e medidas de aten\u00e7\u00e3o \u00e0 sa\u00fade da popula\u00e7\u00e3o negra durante a pandemia\" \/>\n<meta name=\"twitter:description\" content=\"S\u00e9rie de propostas visa garantir a equidade na aten\u00e7\u00e3o integral \u00e0 sa\u00fade da popula\u00e7\u00e3o negra em casos de epidemias ou pandemias.\" \/>\n<meta name=\"twitter:image\" content=\"https:\/\/psol50.org.br\/inc\/uploads\/2020\/05\/20180220-negros-sao-mais-suscetiveis-a-doencas-evitaveis.jpg\" \/>\n<meta name=\"twitter:creator\" content=\"@psol50\" \/>\n<meta name=\"twitter:site\" content=\"@psol50\" \/>\n<meta name=\"twitter:label1\" content=\"Escrito por\" \/>\n\t<meta name=\"twitter:data1\" content=\"Comunica\u00e7\u00e3o PSOL\" \/>\n\t<meta name=\"twitter:label2\" content=\"Est. tempo de leitura\" \/>\n\t<meta name=\"twitter:data2\" content=\"3 minutos\" \/>\n<script type=\"application\/ld+json\" class=\"yoast-schema-graph\">{\"@context\":\"https:\/\/schema.org\",\"@graph\":[{\"@type\":\"Article\",\"@id\":\"https:\/\/psol50.org.br\/psol-propoe-medidas-de-atencao-a-saude-da-populacao-negra-durante-a-pandemia\/#article\",\"isPartOf\":{\"@id\":\"https:\/\/psol50.org.br\/psol-propoe-medidas-de-atencao-a-saude-da-populacao-negra-durante-a-pandemia\/\"},\"author\":{\"name\":\"Comunica\u00e7\u00e3o PSOL\",\"@id\":\"https:\/\/psol50.org.br\/#\/schema\/person\/475dfa57d0b815993c714c2e96491fcd\"},\"headline\":\"PSOL prop\u00f5e medidas de aten\u00e7\u00e3o \u00e0 sa\u00fade da popula\u00e7\u00e3o negra durante a pandemia\",\"datePublished\":\"2020-05-22T18:22:00+00:00\",\"mainEntityOfPage\":{\"@id\":\"https:\/\/psol50.org.br\/psol-propoe-medidas-de-atencao-a-saude-da-populacao-negra-durante-a-pandemia\/\"},\"wordCount\":574,\"publisher\":{\"@id\":\"https:\/\/psol50.org.br\/#organization\"},\"image\":{\"@id\":\"https:\/\/psol50.org.br\/psol-propoe-medidas-de-atencao-a-saude-da-populacao-negra-durante-a-pandemia\/#primaryimage\"},\"thumbnailUrl\":\"https:\/\/psol50.org.br\/inc\/uploads\/2020\/05\/20180220-negros-sao-mais-suscetiveis-a-doencas-evitaveis.jpg\",\"keywords\":[\"coronav\u00edrus\",\"covid-19\",\"pandemia\",\"popula\u00e7\u00e3o negra\",\"PSOL\",\"psolcontraocoronavirus\",\"sa\u00fade\"],\"articleSection\":[\"A\u00e7\u00e3o Parlamentar\",\"Not\u00edcias\"],\"inLanguage\":\"pt-BR\"},{\"@type\":\"WebPage\",\"@id\":\"https:\/\/psol50.org.br\/psol-propoe-medidas-de-atencao-a-saude-da-populacao-negra-durante-a-pandemia\/\",\"url\":\"https:\/\/psol50.org.br\/psol-propoe-medidas-de-atencao-a-saude-da-populacao-negra-durante-a-pandemia\/\",\"name\":\"PSOL prop\u00f5e medidas de aten\u00e7\u00e3o \u00e0 sa\u00fade da popula\u00e7\u00e3o negra durante a pandemia\",\"isPartOf\":{\"@id\":\"https:\/\/psol50.org.br\/#website\"},\"primaryImageOfPage\":{\"@id\":\"https:\/\/psol50.org.br\/psol-propoe-medidas-de-atencao-a-saude-da-populacao-negra-durante-a-pandemia\/#primaryimage\"},\"image\":{\"@id\":\"https:\/\/psol50.org.br\/psol-propoe-medidas-de-atencao-a-saude-da-populacao-negra-durante-a-pandemia\/#primaryimage\"},\"thumbnailUrl\":\"https:\/\/psol50.org.br\/inc\/uploads\/2020\/05\/20180220-negros-sao-mais-suscetiveis-a-doencas-evitaveis.jpg\",\"datePublished\":\"2020-05-22T18:22:00+00:00\",\"description\":\"S\u00e9rie de propostas visa garantir a equidade na aten\u00e7\u00e3o integral \u00e0 sa\u00fade da popula\u00e7\u00e3o negra em casos de epidemias ou pandemias.\",\"breadcrumb\":{\"@id\":\"https:\/\/psol50.org.br\/psol-propoe-medidas-de-atencao-a-saude-da-populacao-negra-durante-a-pandemia\/#breadcrumb\"},\"inLanguage\":\"pt-BR\",\"potentialAction\":[{\"@type\":\"ReadAction\",\"target\":[\"https:\/\/psol50.org.br\/psol-propoe-medidas-de-atencao-a-saude-da-populacao-negra-durante-a-pandemia\/\"]}]},{\"@type\":\"ImageObject\",\"inLanguage\":\"pt-BR\",\"@id\":\"https:\/\/psol50.org.br\/psol-propoe-medidas-de-atencao-a-saude-da-populacao-negra-durante-a-pandemia\/#primaryimage\",\"url\":\"https:\/\/psol50.org.br\/inc\/uploads\/2020\/05\/20180220-negros-sao-mais-suscetiveis-a-doencas-evitaveis.jpg\",\"contentUrl\":\"https:\/\/psol50.org.br\/inc\/uploads\/2020\/05\/20180220-negros-sao-mais-suscetiveis-a-doencas-evitaveis.jpg\",\"width\":725,\"height\":480},{\"@type\":\"BreadcrumbList\",\"@id\":\"https:\/\/psol50.org.br\/psol-propoe-medidas-de-atencao-a-saude-da-populacao-negra-durante-a-pandemia\/#breadcrumb\",\"itemListElement\":[{\"@type\":\"ListItem\",\"position\":1,\"name\":\"In\u00edcio\",\"item\":\"https:\/\/psol50.org.br\/\"},{\"@type\":\"ListItem\",\"position\":2,\"name\":\"PSOL prop\u00f5e medidas de aten\u00e7\u00e3o \u00e0 sa\u00fade da popula\u00e7\u00e3o negra durante a pandemia\"}]},{\"@type\":\"WebSite\",\"@id\":\"https:\/\/psol50.org.br\/#website\",\"url\":\"https:\/\/psol50.org.br\/\",\"name\":\"PSOL 50\",\"description\":\"Site oficial do Partido Socialismo e Liberdade\",\"publisher\":{\"@id\":\"https:\/\/psol50.org.br\/#organization\"},\"alternateName\":\"PSOL50\",\"potentialAction\":[{\"@type\":\"SearchAction\",\"target\":{\"@type\":\"EntryPoint\",\"urlTemplate\":\"https:\/\/psol50.org.br\/?s={search_term_string}\"},\"query-input\":{\"@type\":\"PropertyValueSpecification\",\"valueRequired\":true,\"valueName\":\"search_term_string\"}}],\"inLanguage\":\"pt-BR\"},{\"@type\":\"Organization\",\"@id\":\"https:\/\/psol50.org.br\/#organization\",\"name\":\"PSOL 50\",\"alternateName\":\"PSOL 50\",\"url\":\"https:\/\/psol50.org.br\/\",\"logo\":{\"@type\":\"ImageObject\",\"inLanguage\":\"pt-BR\",\"@id\":\"https:\/\/psol50.org.br\/#\/schema\/logo\/image\/\",\"url\":\"https:\/\/psol50.org.br\/inc\/uploads\/2018\/07\/capa.png\",\"contentUrl\":\"https:\/\/psol50.org.br\/inc\/uploads\/2018\/07\/capa.png\",\"width\":1350,\"height\":900,\"caption\":\"PSOL 50\"},\"image\":{\"@id\":\"https:\/\/psol50.org.br\/#\/schema\/logo\/image\/\"},\"sameAs\":[\"https:\/\/www.facebook.com\/psol50\",\"https:\/\/x.com\/psol50\",\"https:\/\/www.instagram.com\/psol50\/\",\"https:\/\/www.youtube.com\/channel\/UC7SnJS5o1os7a6CaiNabzcg\"]},{\"@type\":\"Person\",\"@id\":\"https:\/\/psol50.org.br\/#\/schema\/person\/475dfa57d0b815993c714c2e96491fcd\",\"name\":\"Comunica\u00e7\u00e3o PSOL\",\"image\":{\"@type\":\"ImageObject\",\"inLanguage\":\"pt-BR\",\"@id\":\"https:\/\/psol50.org.br\/#\/schema\/person\/image\/\",\"url\":\"https:\/\/secure.gravatar.com\/avatar\/b34fc4f4e468a4e51785917065a3db57b841f5c95dba6ad8c73aaf8f66f8f9bf?s=96&d=mm&r=g\",\"contentUrl\":\"https:\/\/secure.gravatar.com\/avatar\/b34fc4f4e468a4e51785917065a3db57b841f5c95dba6ad8c73aaf8f66f8f9bf?s=96&d=mm&r=g\",\"caption\":\"Comunica\u00e7\u00e3o PSOL\"}}]}<\/script>\n<!-- \/ Yoast SEO plugin. -->","yoast_head_json":{"title":"PSOL prop\u00f5e medidas de aten\u00e7\u00e3o \u00e0 sa\u00fade da popula\u00e7\u00e3o negra durante a pandemia","description":"S\u00e9rie de propostas visa garantir a equidade na aten\u00e7\u00e3o integral \u00e0 sa\u00fade da popula\u00e7\u00e3o negra em casos de epidemias ou pandemias.","robots":{"index":"index","follow":"follow","max-snippet":"max-snippet:-1","max-image-preview":"max-image-preview:large","max-video-preview":"max-video-preview:-1"},"canonical":"https:\/\/psol50.org.br\/psol-propoe-medidas-de-atencao-a-saude-da-populacao-negra-durante-a-pandemia\/","og_locale":"pt_BR","og_type":"article","og_title":"PSOL prop\u00f5e medidas de aten\u00e7\u00e3o \u00e0 sa\u00fade da popula\u00e7\u00e3o negra durante a pandemia","og_description":"S\u00e9rie de propostas visa garantir a equidade na aten\u00e7\u00e3o integral \u00e0 sa\u00fade da popula\u00e7\u00e3o negra em casos de epidemias ou pandemias.","og_url":"https:\/\/psol50.org.br\/psol-propoe-medidas-de-atencao-a-saude-da-populacao-negra-durante-a-pandemia\/","og_site_name":"PSOL 50","article_publisher":"https:\/\/www.facebook.com\/psol50","article_published_time":"2020-05-22T18:22:00+00:00","og_image":[{"width":725,"height":480,"url":"https:\/\/psol50.org.br\/inc\/uploads\/2020\/05\/20180220-negros-sao-mais-suscetiveis-a-doencas-evitaveis.jpg","type":"image\/jpeg"}],"author":"Comunica\u00e7\u00e3o PSOL","twitter_card":"summary_large_image","twitter_title":"PSOL prop\u00f5e medidas de aten\u00e7\u00e3o \u00e0 sa\u00fade da popula\u00e7\u00e3o negra durante a pandemia","twitter_description":"S\u00e9rie de propostas visa garantir a equidade na aten\u00e7\u00e3o integral \u00e0 sa\u00fade da popula\u00e7\u00e3o negra em casos de epidemias ou pandemias.","twitter_image":"https:\/\/psol50.org.br\/inc\/uploads\/2020\/05\/20180220-negros-sao-mais-suscetiveis-a-doencas-evitaveis.jpg","twitter_creator":"@psol50","twitter_site":"@psol50","twitter_misc":{"Escrito por":"Comunica\u00e7\u00e3o PSOL","Est. tempo de leitura":"3 minutos"},"schema":{"@context":"https:\/\/schema.org","@graph":[{"@type":"Article","@id":"https:\/\/psol50.org.br\/psol-propoe-medidas-de-atencao-a-saude-da-populacao-negra-durante-a-pandemia\/#article","isPartOf":{"@id":"https:\/\/psol50.org.br\/psol-propoe-medidas-de-atencao-a-saude-da-populacao-negra-durante-a-pandemia\/"},"author":{"name":"Comunica\u00e7\u00e3o PSOL","@id":"https:\/\/psol50.org.br\/#\/schema\/person\/475dfa57d0b815993c714c2e96491fcd"},"headline":"PSOL prop\u00f5e medidas de aten\u00e7\u00e3o \u00e0 sa\u00fade da popula\u00e7\u00e3o negra durante a pandemia","datePublished":"2020-05-22T18:22:00+00:00","mainEntityOfPage":{"@id":"https:\/\/psol50.org.br\/psol-propoe-medidas-de-atencao-a-saude-da-populacao-negra-durante-a-pandemia\/"},"wordCount":574,"publisher":{"@id":"https:\/\/psol50.org.br\/#organization"},"image":{"@id":"https:\/\/psol50.org.br\/psol-propoe-medidas-de-atencao-a-saude-da-populacao-negra-durante-a-pandemia\/#primaryimage"},"thumbnailUrl":"https:\/\/psol50.org.br\/inc\/uploads\/2020\/05\/20180220-negros-sao-mais-suscetiveis-a-doencas-evitaveis.jpg","keywords":["coronav\u00edrus","covid-19","pandemia","popula\u00e7\u00e3o negra","PSOL","psolcontraocoronavirus","sa\u00fade"],"articleSection":["A\u00e7\u00e3o Parlamentar","Not\u00edcias"],"inLanguage":"pt-BR"},{"@type":"WebPage","@id":"https:\/\/psol50.org.br\/psol-propoe-medidas-de-atencao-a-saude-da-populacao-negra-durante-a-pandemia\/","url":"https:\/\/psol50.org.br\/psol-propoe-medidas-de-atencao-a-saude-da-populacao-negra-durante-a-pandemia\/","name":"PSOL prop\u00f5e medidas de aten\u00e7\u00e3o \u00e0 sa\u00fade da popula\u00e7\u00e3o negra durante a pandemia","isPartOf":{"@id":"https:\/\/psol50.org.br\/#website"},"primaryImageOfPage":{"@id":"https:\/\/psol50.org.br\/psol-propoe-medidas-de-atencao-a-saude-da-populacao-negra-durante-a-pandemia\/#primaryimage"},"image":{"@id":"https:\/\/psol50.org.br\/psol-propoe-medidas-de-atencao-a-saude-da-populacao-negra-durante-a-pandemia\/#primaryimage"},"thumbnailUrl":"https:\/\/psol50.org.br\/inc\/uploads\/2020\/05\/20180220-negros-sao-mais-suscetiveis-a-doencas-evitaveis.jpg","datePublished":"2020-05-22T18:22:00+00:00","description":"S\u00e9rie de propostas visa garantir a equidade na aten\u00e7\u00e3o integral \u00e0 sa\u00fade da popula\u00e7\u00e3o negra em casos de epidemias ou pandemias.","breadcrumb":{"@id":"https:\/\/psol50.org.br\/psol-propoe-medidas-de-atencao-a-saude-da-populacao-negra-durante-a-pandemia\/#breadcrumb"},"inLanguage":"pt-BR","potentialAction":[{"@type":"ReadAction","target":["https:\/\/psol50.org.br\/psol-propoe-medidas-de-atencao-a-saude-da-populacao-negra-durante-a-pandemia\/"]}]},{"@type":"ImageObject","inLanguage":"pt-BR","@id":"https:\/\/psol50.org.br\/psol-propoe-medidas-de-atencao-a-saude-da-populacao-negra-durante-a-pandemia\/#primaryimage","url":"https:\/\/psol50.org.br\/inc\/uploads\/2020\/05\/20180220-negros-sao-mais-suscetiveis-a-doencas-evitaveis.jpg","contentUrl":"https:\/\/psol50.org.br\/inc\/uploads\/2020\/05\/20180220-negros-sao-mais-suscetiveis-a-doencas-evitaveis.jpg","width":725,"height":480},{"@type":"BreadcrumbList","@id":"https:\/\/psol50.org.br\/psol-propoe-medidas-de-atencao-a-saude-da-populacao-negra-durante-a-pandemia\/#breadcrumb","itemListElement":[{"@type":"ListItem","position":1,"name":"In\u00edcio","item":"https:\/\/psol50.org.br\/"},{"@type":"ListItem","position":2,"name":"PSOL prop\u00f5e medidas de aten\u00e7\u00e3o \u00e0 sa\u00fade da popula\u00e7\u00e3o negra durante a pandemia"}]},{"@type":"WebSite","@id":"https:\/\/psol50.org.br\/#website","url":"https:\/\/psol50.org.br\/","name":"PSOL 50","description":"Site oficial do Partido Socialismo e Liberdade","publisher":{"@id":"https:\/\/psol50.org.br\/#organization"},"alternateName":"PSOL50","potentialAction":[{"@type":"SearchAction","target":{"@type":"EntryPoint","urlTemplate":"https:\/\/psol50.org.br\/?s={search_term_string}"},"query-input":{"@type":"PropertyValueSpecification","valueRequired":true,"valueName":"search_term_string"}}],"inLanguage":"pt-BR"},{"@type":"Organization","@id":"https:\/\/psol50.org.br\/#organization","name":"PSOL 50","alternateName":"PSOL 50","url":"https:\/\/psol50.org.br\/","logo":{"@type":"ImageObject","inLanguage":"pt-BR","@id":"https:\/\/psol50.org.br\/#\/schema\/logo\/image\/","url":"https:\/\/psol50.org.br\/inc\/uploads\/2018\/07\/capa.png","contentUrl":"https:\/\/psol50.org.br\/inc\/uploads\/2018\/07\/capa.png","width":1350,"height":900,"caption":"PSOL 50"},"image":{"@id":"https:\/\/psol50.org.br\/#\/schema\/logo\/image\/"},"sameAs":["https:\/\/www.facebook.com\/psol50","https:\/\/x.com\/psol50","https:\/\/www.instagram.com\/psol50\/","https:\/\/www.youtube.com\/channel\/UC7SnJS5o1os7a6CaiNabzcg"]},{"@type":"Person","@id":"https:\/\/psol50.org.br\/#\/schema\/person\/475dfa57d0b815993c714c2e96491fcd","name":"Comunica\u00e7\u00e3o PSOL","image":{"@type":"ImageObject","inLanguage":"pt-BR","@id":"https:\/\/psol50.org.br\/#\/schema\/person\/image\/","url":"https:\/\/secure.gravatar.com\/avatar\/b34fc4f4e468a4e51785917065a3db57b841f5c95dba6ad8c73aaf8f66f8f9bf?s=96&d=mm&r=g","contentUrl":"https:\/\/secure.gravatar.com\/avatar\/b34fc4f4e468a4e51785917065a3db57b841f5c95dba6ad8c73aaf8f66f8f9bf?s=96&d=mm&r=g","caption":"Comunica\u00e7\u00e3o PSOL"}}]}},"_links":{"self":[{"href":"https:\/\/psol50.org.br\/rest\/wp\/v2\/posts\/29139","targetHints":{"allow":["GET"]}}],"collection":[{"href":"https:\/\/psol50.org.br\/rest\/wp\/v2\/posts"}],"about":[{"href":"https:\/\/psol50.org.br\/rest\/wp\/v2\/types\/post"}],"author":[{"embeddable":true,"href":"https:\/\/psol50.org.br\/rest\/wp\/v2\/users\/2"}],"replies":[{"embeddable":true,"href":"https:\/\/psol50.org.br\/rest\/wp\/v2\/comments?post=29139"}],"version-history":[{"count":0,"href":"https:\/\/psol50.org.br\/rest\/wp\/v2\/posts\/29139\/revisions"}],"wp:featuredmedia":[{"embeddable":true,"href":"https:\/\/psol50.org.br\/rest\/wp\/v2\/media\/29142"}],"wp:attachment":[{"href":"https:\/\/psol50.org.br\/rest\/wp\/v2\/media?parent=29139"}],"wp:term":[{"taxonomy":"category","embeddable":true,"href":"https:\/\/psol50.org.br\/rest\/wp\/v2\/categories?post=29139"},{"taxonomy":"post_tag","embeddable":true,"href":"https:\/\/psol50.org.br\/rest\/wp\/v2\/tags?post=29139"}],"curies":[{"name":"wp","href":"https:\/\/api.w.org\/{rel}","templated":true}]}}