{"id":29161,"date":"2020-05-25T11:13:59","date_gmt":"2020-05-25T14:13:59","guid":{"rendered":"https:\/\/psol50.org.br\/?p=29161"},"modified":"2020-05-25T11:13:59","modified_gmt":"2020-05-25T14:13:59","slug":"psol-pede-investigacao-de-wajngarten-por-informacao-falsa-sobre-cloroquina-divulgada-pela-secom","status":"publish","type":"post","link":"https:\/\/psol50.org.br\/psol-pede-investigacao-de-wajngarten-por-informacao-falsa-sobre-cloroquina-divulgada-pela-secom\/","title":{"rendered":"PSOL pede investiga\u00e7\u00e3o de Wajngarten por informa\u00e7\u00e3o falsa sobre cloroquina divulgada pela Secom"},"content":{"rendered":"<p><a href=\"https:\/\/psol50.org.br\/forabolsonaro\/\"><img loading=\"lazy\" decoding=\"async\" class=\"alignnone size-full wp-image-29118\" src=\"https:\/\/psol50.org.br\/inc\/uploads\/2020\/05\/Email_Impeachment.png\" alt=\"\" width=\"1080\" height=\"250\" srcset=\"https:\/\/psol50.org.br\/inc\/uploads\/2020\/05\/Email_Impeachment.png 1080w, https:\/\/psol50.org.br\/inc\/uploads\/2020\/05\/Email_Impeachment-300x69.png 300w, https:\/\/psol50.org.br\/inc\/uploads\/2020\/05\/Email_Impeachment-1024x237.png 1024w, https:\/\/psol50.org.br\/inc\/uploads\/2020\/05\/Email_Impeachment-768x178.png 768w, https:\/\/psol50.org.br\/inc\/uploads\/2020\/05\/Email_Impeachment-150x35.png 150w, https:\/\/psol50.org.br\/inc\/uploads\/2020\/05\/Email_Impeachment-696x161.png 696w, https:\/\/psol50.org.br\/inc\/uploads\/2020\/05\/Email_Impeachment-1068x247.png 1068w\" sizes=\"auto, (max-width: 1080px) 100vw, 1080px\" \/><\/a><\/p>\n<p>A bancada do PSOL na C\u00e2mara dos Deputados e o presidente do partido, Juliano Medeiros, enviaram uma representa\u00e7\u00e3o ao Minist\u00e9rio P\u00fablico Federal (MPF) contra o chefe da Secom (Secretaria de Comunica\u00e7\u00e3o Social da Presid\u00eancia), Fabio Wajngarten, por divulgar informa\u00e7\u00e3o falsa sobre a cloroquina atrav\u00e9s da conta oficial do \u00f3rg\u00e3o.<\/p>\n<p>Um tu\u00edte publicado na quinta-feira (21) dizia que a &#8220;hidroxicloroquina \u00e9 o tratamento mais eficaz contra o coronav\u00edrus atualmente dispon\u00edvel&#8221; sem comprova\u00e7\u00e3o cient\u00edfica. A postagem, baseada em uma plataforma online colaborativa, foi apagada posteriormente.<\/p>\n<p>A representa\u00e7\u00e3o do PSOL argumenta que Wajngarten violou princ\u00edpios da impessoalidade e moralidade da administra\u00e7\u00e3o p\u00fablica e de violar o car\u00e1ter informativo necess\u00e1rio \u00e0 publicidade do governo.<\/p>\n<p>&#8220;O fato do \u00f3rg\u00e3o oficial de comunica\u00e7\u00e3o do governo federal divulgar uma informa\u00e7\u00e3o inver\u00eddica que coloca em risco a sa\u00fade das brasileiras e dos brasileiros viola frontalmente o que disp\u00f5e o texto constitucional&#8221;, afirma a den\u00fancia.<\/p>\n<p>Ao Minist\u00e9rio P\u00fablico Federal, o partido solicita a imediata abertura de procedimento administrativo para a investiga\u00e7\u00e3o penal e c\u00edvel, oferecimento de den\u00fancia criminal e abertura de inqu\u00e9rito civil administrativo.<\/p>\n","protected":false},"excerpt":{"rendered":"<p>A bancada do PSOL na C\u00e2mara dos Deputados e o presidente do partido, Juliano Medeiros, enviaram uma representa\u00e7\u00e3o ao Minist\u00e9rio P\u00fablico Federal (MPF) contra o chefe da Secom (Secretaria de Comunica\u00e7\u00e3o Social da Presid\u00eancia), Fabio Wajngarten, por divulgar informa\u00e7\u00e3o falsa sobre a cloroquina atrav\u00e9s da conta oficial do \u00f3rg\u00e3o. Um tu\u00edte publicado na quinta-feira (21) [&hellip;]<\/p>\n","protected":false},"author":2,"featured_media":27276,"comment_status":"closed","ping_status":"open","sticky":false,"template":"","format":"standard","meta":{"_acf_changed":false,"footnotes":""},"categories":[10,6],"tags":[716,171,371,59,367,22,366,60],"class_list":{"0":"post-29161","1":"post","2":"type-post","3":"status-publish","4":"format-standard","5":"has-post-thumbnail","7":"category-acao-parlamentares","8":"category-noticias","9":"tag-cloroquina","10":"tag-coronavirus","11":"tag-covid-19","12":"tag-fabio-wajngarten","13":"tag-pandemia","14":"tag-psol","15":"tag-psolcontraocoronavirus","16":"tag-secom"},"acf":[],"yoast_head":"<!-- This site is optimized with the Yoast SEO plugin v26.5 - https:\/\/yoast.com\/wordpress\/plugins\/seo\/ -->\n<title>PSOL pede investiga\u00e7\u00e3o de Wajngarten por informa\u00e7\u00e3o falsa sobre cloroquina divulgada pela Secom<\/title>\n<meta name=\"description\" content=\"Tu\u00edte dizia que a &quot;hidroxicloroquina \u00e9 o tratamento mais eficaz contra o coronav\u00edrus atualmente dispon\u00edvel&quot; sem comprova\u00e7\u00e3o cient\u00edfica.\" \/>\n<meta name=\"robots\" content=\"index, follow, max-snippet:-1, max-image-preview:large, max-video-preview:-1\" \/>\n<link rel=\"canonical\" href=\"https:\/\/psol50.org.br\/psol-pede-investigacao-de-wajngarten-por-informacao-falsa-sobre-cloroquina-divulgada-pela-secom\/\" \/>\n<meta property=\"og:locale\" content=\"pt_BR\" \/>\n<meta property=\"og:type\" content=\"article\" \/>\n<meta property=\"og:title\" content=\"PSOL pede investiga\u00e7\u00e3o de Wajngarten por informa\u00e7\u00e3o falsa sobre cloroquina divulgada pela Secom\" \/>\n<meta property=\"og:description\" content=\"Tu\u00edte dizia que a &quot;hidroxicloroquina \u00e9 o tratamento mais eficaz contra o coronav\u00edrus atualmente dispon\u00edvel&quot; sem comprova\u00e7\u00e3o cient\u00edfica.\" \/>\n<meta property=\"og:url\" content=\"https:\/\/psol50.org.br\/psol-pede-investigacao-de-wajngarten-por-informacao-falsa-sobre-cloroquina-divulgada-pela-secom\/\" \/>\n<meta property=\"og:site_name\" content=\"PSOL 50\" \/>\n<meta property=\"article:publisher\" content=\"https:\/\/www.facebook.com\/psol50\" \/>\n<meta property=\"article:published_time\" content=\"2020-05-25T14:13:59+00:00\" \/>\n<meta property=\"og:image\" content=\"https:\/\/psol50.org.br\/inc\/uploads\/2020\/01\/fabio-600x453-1.jpg\" \/>\n\t<meta property=\"og:image:width\" content=\"600\" \/>\n\t<meta property=\"og:image:height\" content=\"453\" \/>\n\t<meta property=\"og:image:type\" content=\"image\/jpeg\" \/>\n<meta name=\"author\" content=\"Comunica\u00e7\u00e3o PSOL\" \/>\n<meta name=\"twitter:card\" content=\"summary_large_image\" \/>\n<meta name=\"twitter:title\" content=\"PSOL pede investiga\u00e7\u00e3o de Wajngarten por informa\u00e7\u00e3o falsa sobre cloroquina divulgada pela Secom\" \/>\n<meta name=\"twitter:description\" content=\"Tu\u00edte dizia que a &quot;hidroxicloroquina \u00e9 o tratamento mais eficaz contra o coronav\u00edrus atualmente dispon\u00edvel&quot; sem comprova\u00e7\u00e3o cient\u00edfica.\" \/>\n<meta name=\"twitter:image\" content=\"https:\/\/psol50.org.br\/inc\/uploads\/2020\/01\/fabio-600x453-1.jpg\" \/>\n<meta name=\"twitter:creator\" content=\"@psol50\" \/>\n<meta name=\"twitter:site\" content=\"@psol50\" \/>\n<meta name=\"twitter:label1\" content=\"Escrito por\" \/>\n\t<meta name=\"twitter:data1\" content=\"Comunica\u00e7\u00e3o PSOL\" \/>\n\t<meta name=\"twitter:label2\" content=\"Est. tempo de leitura\" \/>\n\t<meta name=\"twitter:data2\" content=\"1 minuto\" \/>\n<script type=\"application\/ld+json\" class=\"yoast-schema-graph\">{\"@context\":\"https:\/\/schema.org\",\"@graph\":[{\"@type\":\"Article\",\"@id\":\"https:\/\/psol50.org.br\/psol-pede-investigacao-de-wajngarten-por-informacao-falsa-sobre-cloroquina-divulgada-pela-secom\/#article\",\"isPartOf\":{\"@id\":\"https:\/\/psol50.org.br\/psol-pede-investigacao-de-wajngarten-por-informacao-falsa-sobre-cloroquina-divulgada-pela-secom\/\"},\"author\":{\"name\":\"Comunica\u00e7\u00e3o PSOL\",\"@id\":\"https:\/\/psol50.org.br\/#\/schema\/person\/475dfa57d0b815993c714c2e96491fcd\"},\"headline\":\"PSOL pede investiga\u00e7\u00e3o de Wajngarten por informa\u00e7\u00e3o falsa sobre cloroquina divulgada pela Secom\",\"datePublished\":\"2020-05-25T14:13:59+00:00\",\"mainEntityOfPage\":{\"@id\":\"https:\/\/psol50.org.br\/psol-pede-investigacao-de-wajngarten-por-informacao-falsa-sobre-cloroquina-divulgada-pela-secom\/\"},\"wordCount\":220,\"publisher\":{\"@id\":\"https:\/\/psol50.org.br\/#organization\"},\"image\":{\"@id\":\"https:\/\/psol50.org.br\/psol-pede-investigacao-de-wajngarten-por-informacao-falsa-sobre-cloroquina-divulgada-pela-secom\/#primaryimage\"},\"thumbnailUrl\":\"https:\/\/psol50.org.br\/inc\/uploads\/2020\/01\/fabio-600x453-1.jpg\",\"keywords\":[\"cloroquina\",\"coronav\u00edrus\",\"covid-19\",\"fabio wajngarten\",\"pandemia\",\"PSOL\",\"psolcontraocoronavirus\",\"secom\"],\"articleSection\":[\"A\u00e7\u00e3o Parlamentar\",\"Not\u00edcias\"],\"inLanguage\":\"pt-BR\"},{\"@type\":\"WebPage\",\"@id\":\"https:\/\/psol50.org.br\/psol-pede-investigacao-de-wajngarten-por-informacao-falsa-sobre-cloroquina-divulgada-pela-secom\/\",\"url\":\"https:\/\/psol50.org.br\/psol-pede-investigacao-de-wajngarten-por-informacao-falsa-sobre-cloroquina-divulgada-pela-secom\/\",\"name\":\"PSOL pede investiga\u00e7\u00e3o de Wajngarten por informa\u00e7\u00e3o falsa sobre cloroquina divulgada pela Secom\",\"isPartOf\":{\"@id\":\"https:\/\/psol50.org.br\/#website\"},\"primaryImageOfPage\":{\"@id\":\"https:\/\/psol50.org.br\/psol-pede-investigacao-de-wajngarten-por-informacao-falsa-sobre-cloroquina-divulgada-pela-secom\/#primaryimage\"},\"image\":{\"@id\":\"https:\/\/psol50.org.br\/psol-pede-investigacao-de-wajngarten-por-informacao-falsa-sobre-cloroquina-divulgada-pela-secom\/#primaryimage\"},\"thumbnailUrl\":\"https:\/\/psol50.org.br\/inc\/uploads\/2020\/01\/fabio-600x453-1.jpg\",\"datePublished\":\"2020-05-25T14:13:59+00:00\",\"description\":\"Tu\u00edte dizia que a \\\"hidroxicloroquina \u00e9 o tratamento mais eficaz contra o coronav\u00edrus atualmente dispon\u00edvel\\\" sem comprova\u00e7\u00e3o cient\u00edfica.\",\"breadcrumb\":{\"@id\":\"https:\/\/psol50.org.br\/psol-pede-investigacao-de-wajngarten-por-informacao-falsa-sobre-cloroquina-divulgada-pela-secom\/#breadcrumb\"},\"inLanguage\":\"pt-BR\",\"potentialAction\":[{\"@type\":\"ReadAction\",\"target\":[\"https:\/\/psol50.org.br\/psol-pede-investigacao-de-wajngarten-por-informacao-falsa-sobre-cloroquina-divulgada-pela-secom\/\"]}]},{\"@type\":\"ImageObject\",\"inLanguage\":\"pt-BR\",\"@id\":\"https:\/\/psol50.org.br\/psol-pede-investigacao-de-wajngarten-por-informacao-falsa-sobre-cloroquina-divulgada-pela-secom\/#primaryimage\",\"url\":\"https:\/\/psol50.org.br\/inc\/uploads\/2020\/01\/fabio-600x453-1.jpg\",\"contentUrl\":\"https:\/\/psol50.org.br\/inc\/uploads\/2020\/01\/fabio-600x453-1.jpg\",\"width\":600,\"height\":453,\"caption\":\"Foto: Reprodu\u00e7\u00e3o\/Twitter\"},{\"@type\":\"BreadcrumbList\",\"@id\":\"https:\/\/psol50.org.br\/psol-pede-investigacao-de-wajngarten-por-informacao-falsa-sobre-cloroquina-divulgada-pela-secom\/#breadcrumb\",\"itemListElement\":[{\"@type\":\"ListItem\",\"position\":1,\"name\":\"In\u00edcio\",\"item\":\"https:\/\/psol50.org.br\/\"},{\"@type\":\"ListItem\",\"position\":2,\"name\":\"PSOL pede investiga\u00e7\u00e3o de Wajngarten por informa\u00e7\u00e3o falsa sobre cloroquina divulgada pela Secom\"}]},{\"@type\":\"WebSite\",\"@id\":\"https:\/\/psol50.org.br\/#website\",\"url\":\"https:\/\/psol50.org.br\/\",\"name\":\"PSOL 50\",\"description\":\"Site oficial do Partido Socialismo e Liberdade\",\"publisher\":{\"@id\":\"https:\/\/psol50.org.br\/#organization\"},\"alternateName\":\"PSOL50\",\"potentialAction\":[{\"@type\":\"SearchAction\",\"target\":{\"@type\":\"EntryPoint\",\"urlTemplate\":\"https:\/\/psol50.org.br\/?s={search_term_string}\"},\"query-input\":{\"@type\":\"PropertyValueSpecification\",\"valueRequired\":true,\"valueName\":\"search_term_string\"}}],\"inLanguage\":\"pt-BR\"},{\"@type\":\"Organization\",\"@id\":\"https:\/\/psol50.org.br\/#organization\",\"name\":\"PSOL 50\",\"alternateName\":\"PSOL 50\",\"url\":\"https:\/\/psol50.org.br\/\",\"logo\":{\"@type\":\"ImageObject\",\"inLanguage\":\"pt-BR\",\"@id\":\"https:\/\/psol50.org.br\/#\/schema\/logo\/image\/\",\"url\":\"https:\/\/psol50.org.br\/inc\/uploads\/2018\/07\/capa.png\",\"contentUrl\":\"https:\/\/psol50.org.br\/inc\/uploads\/2018\/07\/capa.png\",\"width\":1350,\"height\":900,\"caption\":\"PSOL 50\"},\"image\":{\"@id\":\"https:\/\/psol50.org.br\/#\/schema\/logo\/image\/\"},\"sameAs\":[\"https:\/\/www.facebook.com\/psol50\",\"https:\/\/x.com\/psol50\",\"https:\/\/www.instagram.com\/psol50\/\",\"https:\/\/www.youtube.com\/channel\/UC7SnJS5o1os7a6CaiNabzcg\"]},{\"@type\":\"Person\",\"@id\":\"https:\/\/psol50.org.br\/#\/schema\/person\/475dfa57d0b815993c714c2e96491fcd\",\"name\":\"Comunica\u00e7\u00e3o PSOL\",\"image\":{\"@type\":\"ImageObject\",\"inLanguage\":\"pt-BR\",\"@id\":\"https:\/\/psol50.org.br\/#\/schema\/person\/image\/\",\"url\":\"https:\/\/secure.gravatar.com\/avatar\/b34fc4f4e468a4e51785917065a3db57b841f5c95dba6ad8c73aaf8f66f8f9bf?s=96&d=mm&r=g\",\"contentUrl\":\"https:\/\/secure.gravatar.com\/avatar\/b34fc4f4e468a4e51785917065a3db57b841f5c95dba6ad8c73aaf8f66f8f9bf?s=96&d=mm&r=g\",\"caption\":\"Comunica\u00e7\u00e3o PSOL\"}}]}<\/script>\n<!-- \/ Yoast SEO plugin. -->","yoast_head_json":{"title":"PSOL pede investiga\u00e7\u00e3o de Wajngarten por informa\u00e7\u00e3o falsa sobre cloroquina divulgada pela Secom","description":"Tu\u00edte dizia que a \"hidroxicloroquina \u00e9 o tratamento mais eficaz contra o coronav\u00edrus atualmente dispon\u00edvel\" sem comprova\u00e7\u00e3o cient\u00edfica.","robots":{"index":"index","follow":"follow","max-snippet":"max-snippet:-1","max-image-preview":"max-image-preview:large","max-video-preview":"max-video-preview:-1"},"canonical":"https:\/\/psol50.org.br\/psol-pede-investigacao-de-wajngarten-por-informacao-falsa-sobre-cloroquina-divulgada-pela-secom\/","og_locale":"pt_BR","og_type":"article","og_title":"PSOL pede investiga\u00e7\u00e3o de Wajngarten por informa\u00e7\u00e3o falsa sobre cloroquina divulgada pela Secom","og_description":"Tu\u00edte dizia que a \"hidroxicloroquina \u00e9 o tratamento mais eficaz contra o coronav\u00edrus atualmente dispon\u00edvel\" sem comprova\u00e7\u00e3o cient\u00edfica.","og_url":"https:\/\/psol50.org.br\/psol-pede-investigacao-de-wajngarten-por-informacao-falsa-sobre-cloroquina-divulgada-pela-secom\/","og_site_name":"PSOL 50","article_publisher":"https:\/\/www.facebook.com\/psol50","article_published_time":"2020-05-25T14:13:59+00:00","og_image":[{"width":600,"height":453,"url":"https:\/\/psol50.org.br\/inc\/uploads\/2020\/01\/fabio-600x453-1.jpg","type":"image\/jpeg"}],"author":"Comunica\u00e7\u00e3o PSOL","twitter_card":"summary_large_image","twitter_title":"PSOL pede investiga\u00e7\u00e3o de Wajngarten por informa\u00e7\u00e3o falsa sobre cloroquina divulgada pela Secom","twitter_description":"Tu\u00edte dizia que a \"hidroxicloroquina \u00e9 o tratamento mais eficaz contra o coronav\u00edrus atualmente dispon\u00edvel\" sem comprova\u00e7\u00e3o cient\u00edfica.","twitter_image":"https:\/\/psol50.org.br\/inc\/uploads\/2020\/01\/fabio-600x453-1.jpg","twitter_creator":"@psol50","twitter_site":"@psol50","twitter_misc":{"Escrito por":"Comunica\u00e7\u00e3o PSOL","Est. tempo de leitura":"1 minuto"},"schema":{"@context":"https:\/\/schema.org","@graph":[{"@type":"Article","@id":"https:\/\/psol50.org.br\/psol-pede-investigacao-de-wajngarten-por-informacao-falsa-sobre-cloroquina-divulgada-pela-secom\/#article","isPartOf":{"@id":"https:\/\/psol50.org.br\/psol-pede-investigacao-de-wajngarten-por-informacao-falsa-sobre-cloroquina-divulgada-pela-secom\/"},"author":{"name":"Comunica\u00e7\u00e3o PSOL","@id":"https:\/\/psol50.org.br\/#\/schema\/person\/475dfa57d0b815993c714c2e96491fcd"},"headline":"PSOL pede investiga\u00e7\u00e3o de Wajngarten por informa\u00e7\u00e3o falsa sobre cloroquina divulgada pela Secom","datePublished":"2020-05-25T14:13:59+00:00","mainEntityOfPage":{"@id":"https:\/\/psol50.org.br\/psol-pede-investigacao-de-wajngarten-por-informacao-falsa-sobre-cloroquina-divulgada-pela-secom\/"},"wordCount":220,"publisher":{"@id":"https:\/\/psol50.org.br\/#organization"},"image":{"@id":"https:\/\/psol50.org.br\/psol-pede-investigacao-de-wajngarten-por-informacao-falsa-sobre-cloroquina-divulgada-pela-secom\/#primaryimage"},"thumbnailUrl":"https:\/\/psol50.org.br\/inc\/uploads\/2020\/01\/fabio-600x453-1.jpg","keywords":["cloroquina","coronav\u00edrus","covid-19","fabio wajngarten","pandemia","PSOL","psolcontraocoronavirus","secom"],"articleSection":["A\u00e7\u00e3o Parlamentar","Not\u00edcias"],"inLanguage":"pt-BR"},{"@type":"WebPage","@id":"https:\/\/psol50.org.br\/psol-pede-investigacao-de-wajngarten-por-informacao-falsa-sobre-cloroquina-divulgada-pela-secom\/","url":"https:\/\/psol50.org.br\/psol-pede-investigacao-de-wajngarten-por-informacao-falsa-sobre-cloroquina-divulgada-pela-secom\/","name":"PSOL pede investiga\u00e7\u00e3o de Wajngarten por informa\u00e7\u00e3o falsa sobre cloroquina divulgada pela Secom","isPartOf":{"@id":"https:\/\/psol50.org.br\/#website"},"primaryImageOfPage":{"@id":"https:\/\/psol50.org.br\/psol-pede-investigacao-de-wajngarten-por-informacao-falsa-sobre-cloroquina-divulgada-pela-secom\/#primaryimage"},"image":{"@id":"https:\/\/psol50.org.br\/psol-pede-investigacao-de-wajngarten-por-informacao-falsa-sobre-cloroquina-divulgada-pela-secom\/#primaryimage"},"thumbnailUrl":"https:\/\/psol50.org.br\/inc\/uploads\/2020\/01\/fabio-600x453-1.jpg","datePublished":"2020-05-25T14:13:59+00:00","description":"Tu\u00edte dizia que a \"hidroxicloroquina \u00e9 o tratamento mais eficaz contra o coronav\u00edrus atualmente dispon\u00edvel\" sem comprova\u00e7\u00e3o cient\u00edfica.","breadcrumb":{"@id":"https:\/\/psol50.org.br\/psol-pede-investigacao-de-wajngarten-por-informacao-falsa-sobre-cloroquina-divulgada-pela-secom\/#breadcrumb"},"inLanguage":"pt-BR","potentialAction":[{"@type":"ReadAction","target":["https:\/\/psol50.org.br\/psol-pede-investigacao-de-wajngarten-por-informacao-falsa-sobre-cloroquina-divulgada-pela-secom\/"]}]},{"@type":"ImageObject","inLanguage":"pt-BR","@id":"https:\/\/psol50.org.br\/psol-pede-investigacao-de-wajngarten-por-informacao-falsa-sobre-cloroquina-divulgada-pela-secom\/#primaryimage","url":"https:\/\/psol50.org.br\/inc\/uploads\/2020\/01\/fabio-600x453-1.jpg","contentUrl":"https:\/\/psol50.org.br\/inc\/uploads\/2020\/01\/fabio-600x453-1.jpg","width":600,"height":453,"caption":"Foto: Reprodu\u00e7\u00e3o\/Twitter"},{"@type":"BreadcrumbList","@id":"https:\/\/psol50.org.br\/psol-pede-investigacao-de-wajngarten-por-informacao-falsa-sobre-cloroquina-divulgada-pela-secom\/#breadcrumb","itemListElement":[{"@type":"ListItem","position":1,"name":"In\u00edcio","item":"https:\/\/psol50.org.br\/"},{"@type":"ListItem","position":2,"name":"PSOL pede investiga\u00e7\u00e3o de Wajngarten por informa\u00e7\u00e3o falsa sobre cloroquina divulgada pela Secom"}]},{"@type":"WebSite","@id":"https:\/\/psol50.org.br\/#website","url":"https:\/\/psol50.org.br\/","name":"PSOL 50","description":"Site oficial do Partido Socialismo e Liberdade","publisher":{"@id":"https:\/\/psol50.org.br\/#organization"},"alternateName":"PSOL50","potentialAction":[{"@type":"SearchAction","target":{"@type":"EntryPoint","urlTemplate":"https:\/\/psol50.org.br\/?s={search_term_string}"},"query-input":{"@type":"PropertyValueSpecification","valueRequired":true,"valueName":"search_term_string"}}],"inLanguage":"pt-BR"},{"@type":"Organization","@id":"https:\/\/psol50.org.br\/#organization","name":"PSOL 50","alternateName":"PSOL 50","url":"https:\/\/psol50.org.br\/","logo":{"@type":"ImageObject","inLanguage":"pt-BR","@id":"https:\/\/psol50.org.br\/#\/schema\/logo\/image\/","url":"https:\/\/psol50.org.br\/inc\/uploads\/2018\/07\/capa.png","contentUrl":"https:\/\/psol50.org.br\/inc\/uploads\/2018\/07\/capa.png","width":1350,"height":900,"caption":"PSOL 50"},"image":{"@id":"https:\/\/psol50.org.br\/#\/schema\/logo\/image\/"},"sameAs":["https:\/\/www.facebook.com\/psol50","https:\/\/x.com\/psol50","https:\/\/www.instagram.com\/psol50\/","https:\/\/www.youtube.com\/channel\/UC7SnJS5o1os7a6CaiNabzcg"]},{"@type":"Person","@id":"https:\/\/psol50.org.br\/#\/schema\/person\/475dfa57d0b815993c714c2e96491fcd","name":"Comunica\u00e7\u00e3o PSOL","image":{"@type":"ImageObject","inLanguage":"pt-BR","@id":"https:\/\/psol50.org.br\/#\/schema\/person\/image\/","url":"https:\/\/secure.gravatar.com\/avatar\/b34fc4f4e468a4e51785917065a3db57b841f5c95dba6ad8c73aaf8f66f8f9bf?s=96&d=mm&r=g","contentUrl":"https:\/\/secure.gravatar.com\/avatar\/b34fc4f4e468a4e51785917065a3db57b841f5c95dba6ad8c73aaf8f66f8f9bf?s=96&d=mm&r=g","caption":"Comunica\u00e7\u00e3o PSOL"}}]}},"_links":{"self":[{"href":"https:\/\/psol50.org.br\/rest\/wp\/v2\/posts\/29161","targetHints":{"allow":["GET"]}}],"collection":[{"href":"https:\/\/psol50.org.br\/rest\/wp\/v2\/posts"}],"about":[{"href":"https:\/\/psol50.org.br\/rest\/wp\/v2\/types\/post"}],"author":[{"embeddable":true,"href":"https:\/\/psol50.org.br\/rest\/wp\/v2\/users\/2"}],"replies":[{"embeddable":true,"href":"https:\/\/psol50.org.br\/rest\/wp\/v2\/comments?post=29161"}],"version-history":[{"count":0,"href":"https:\/\/psol50.org.br\/rest\/wp\/v2\/posts\/29161\/revisions"}],"wp:featuredmedia":[{"embeddable":true,"href":"https:\/\/psol50.org.br\/rest\/wp\/v2\/media\/27276"}],"wp:attachment":[{"href":"https:\/\/psol50.org.br\/rest\/wp\/v2\/media?parent=29161"}],"wp:term":[{"taxonomy":"category","embeddable":true,"href":"https:\/\/psol50.org.br\/rest\/wp\/v2\/categories?post=29161"},{"taxonomy":"post_tag","embeddable":true,"href":"https:\/\/psol50.org.br\/rest\/wp\/v2\/tags?post=29161"}],"curies":[{"name":"wp","href":"https:\/\/api.w.org\/{rel}","templated":true}]}}