{"id":2918,"date":"2014-08-13T00:00:00","date_gmt":"2014-08-13T16:06:15","guid":{"rendered":"http:\/\/psol50.org.br\/arquivo\/2014\/08\/13\/nota-do-psol-pe-sobre-o-falecimento-de-eduardo-campos\/"},"modified":"2014-08-13T00:00:00","modified_gmt":"2014-08-13T16:06:15","slug":"nota-do-psol-pe-sobre-o-falecimento-de-eduardo-campos","status":"publish","type":"post","link":"https:\/\/psol50.org.br\/nota-do-psol-pe-sobre-o-falecimento-de-eduardo-campos\/","title":{"rendered":"Nota do PSOL-PE sobre o falecimento de Eduardo Campos"},"content":{"rendered":"<p style=\"text-align: justify;\">\n\t<span style=\"font-family:arial,helvetica,sans-serif;\"><span style=\"font-size: 12px;\">No momento em que a Executiva Estadual do PSOL-PE se reunia neste dia 13 de agosto para debater aspectos do processo eleitoral, fomos surpreendidos pela not\u00edcia da trag\u00e9dia que vitimou sete pessoas num acidente a\u00e9reo, dentre as quais estava o ex-governador e presidenci\u00e1vel Eduardo Campos.<\/p>\n<p>\tO PSOL em Pernambuco recebe com muita tristeza esta not\u00edcia. Nossa condi\u00e7\u00e3o de partido que sempre efetivou forte oposi\u00e7\u00e3o aos governos protagonizados por Eduardo Campos n\u00e3o nos tira neste momento o sentimento de sincero pesar. Pernambuco e o Brasil perdem um quadro pol\u00edtico importante, homem p\u00fablico jovem e talhado desde ainda muito cedo na vida p\u00fablica, advers\u00e1rio pol\u00edtico dos mais inteligentes e respeit\u00e1veis.<br \/>\n\t&nbsp;<br \/>\n\tExternamos aqui nossa solidariedade principalmente \u00e0 sua fam\u00edlia, a Renata Campos \u2013 sua esposa -, sempre presente na caminhada de Eduardo Campos, aos seus cinco filhos e a todos do seu circulo mais pr\u00f3ximo, que certamente precisar\u00e3o de todo conforto fraterno e espiritual neste dram\u00e1tico momento.<br \/>\n\t&nbsp;<br \/>\n\tEstendemos nossos sentimentos \u00e0s fam\u00edlias de Alexandre Severo, Carlos Augusto Leal Filho (Percol), Geraldo da Cunha, Marcos Martins, Marcelo Lyra e Pedro Valadares Neto.<br \/>\n\t&nbsp;<br \/>\n\tEm respeito aos pernambucanos e \u00e0 fam\u00edlia das v\u00edtimas, todas as atividades eleitorais de nossas candidaturas, sobretudo as majorit\u00e1rias, est\u00e3o temporariamente suspensas.<br \/>\n\t&nbsp;<br \/>\n\t<strong>Recife, 13 de agosto de 2014&nbsp;<br \/>\n\tExecutiva Estadual do PSOL<\/strong><\/span><\/span><\/p>\n<p>&nbsp;<\/p>\n","protected":false},"excerpt":{"rendered":"<p>No momento em que a Executiva Estadual do PSOL-PE se reunia neste dia 13 de agosto para debater aspectos do processo eleitoral, fomos surpreendidos pela not\u00edcia da trag\u00e9dia que vitimou sete pessoas num acidente a\u00e9reo, dentre as quais estava o ex-governador e presidenci\u00e1vel Eduardo Campos. O PSOL em Pernambuco recebe com muita tristeza esta not\u00edcia. [&hellip;]<\/p>\n","protected":false},"author":2,"featured_media":0,"comment_status":"open","ping_status":"open","sticky":false,"template":"","format":"standard","meta":{"_acf_changed":false,"footnotes":""},"categories":[4766,4960,6],"tags":[2506,22],"class_list":{"0":"post-2918","1":"post","2":"type-post","3":"status-publish","4":"format-standard","6":"category-arquivo","7":"category-eleicoes-2014","8":"category-noticias","9":"tag-eleicoes-2014","10":"tag-psol"},"acf":[],"yoast_head":"<!-- This site is optimized with the Yoast SEO plugin v26.5 - https:\/\/yoast.com\/wordpress\/plugins\/seo\/ -->\n<title>Nota do PSOL-PE sobre o falecimento de Eduardo Campos - PSOL 50<\/title>\n<meta name=\"robots\" content=\"index, follow, max-snippet:-1, max-image-preview:large, max-video-preview:-1\" \/>\n<link rel=\"canonical\" href=\"https:\/\/psol50.org.br\/nota-do-psol-pe-sobre-o-falecimento-de-eduardo-campos\/\" \/>\n<meta property=\"og:locale\" content=\"pt_BR\" \/>\n<meta property=\"og:type\" content=\"article\" \/>\n<meta property=\"og:title\" content=\"Nota do PSOL-PE sobre o falecimento de Eduardo Campos - PSOL 50\" \/>\n<meta property=\"og:description\" content=\"No momento em que a Executiva Estadual do PSOL-PE se reunia neste dia 13 de agosto para debater aspectos do processo eleitoral, fomos surpreendidos pela not\u00edcia da trag\u00e9dia que vitimou sete pessoas num acidente a\u00e9reo, dentre as quais estava o ex-governador e presidenci\u00e1vel Eduardo Campos. O PSOL em Pernambuco recebe com muita tristeza esta not\u00edcia. [&hellip;]\" \/>\n<meta property=\"og:url\" content=\"https:\/\/psol50.org.br\/nota-do-psol-pe-sobre-o-falecimento-de-eduardo-campos\/\" \/>\n<meta property=\"og:site_name\" content=\"PSOL 50\" \/>\n<meta property=\"article:publisher\" content=\"https:\/\/www.facebook.com\/psol50\" \/>\n<meta property=\"article:published_time\" content=\"2014-08-13T16:06:15+00:00\" \/>\n<meta property=\"og:image\" content=\"https:\/\/psol50.org.br\/inc\/uploads\/2018\/07\/capa.png\" \/>\n\t<meta property=\"og:image:width\" content=\"1350\" \/>\n\t<meta property=\"og:image:height\" content=\"900\" \/>\n\t<meta property=\"og:image:type\" content=\"image\/png\" \/>\n<meta name=\"author\" content=\"Comunica\u00e7\u00e3o PSOL\" \/>\n<meta name=\"twitter:card\" content=\"summary_large_image\" \/>\n<meta name=\"twitter:creator\" content=\"@psol50\" \/>\n<meta name=\"twitter:site\" content=\"@psol50\" \/>\n<meta name=\"twitter:label1\" content=\"Escrito por\" \/>\n\t<meta name=\"twitter:data1\" content=\"Comunica\u00e7\u00e3o PSOL\" \/>\n\t<meta name=\"twitter:label2\" content=\"Est. tempo de leitura\" \/>\n\t<meta name=\"twitter:data2\" content=\"1 minuto\" \/>\n<script type=\"application\/ld+json\" class=\"yoast-schema-graph\">{\"@context\":\"https:\/\/schema.org\",\"@graph\":[{\"@type\":\"Article\",\"@id\":\"https:\/\/psol50.org.br\/nota-do-psol-pe-sobre-o-falecimento-de-eduardo-campos\/#article\",\"isPartOf\":{\"@id\":\"https:\/\/psol50.org.br\/nota-do-psol-pe-sobre-o-falecimento-de-eduardo-campos\/\"},\"author\":{\"name\":\"Comunica\u00e7\u00e3o PSOL\",\"@id\":\"https:\/\/psol50.org.br\/#\/schema\/person\/475dfa57d0b815993c714c2e96491fcd\"},\"headline\":\"Nota do PSOL-PE sobre o falecimento de Eduardo Campos\",\"datePublished\":\"2014-08-13T16:06:15+00:00\",\"mainEntityOfPage\":{\"@id\":\"https:\/\/psol50.org.br\/nota-do-psol-pe-sobre-o-falecimento-de-eduardo-campos\/\"},\"wordCount\":242,\"commentCount\":0,\"publisher\":{\"@id\":\"https:\/\/psol50.org.br\/#organization\"},\"keywords\":[\"elei\u00e7\u00f5es 2014\",\"PSOL\"],\"articleSection\":[\"Arquivo\",\"ELEI\u00c7\u00d5ES 2014\",\"Not\u00edcias\"],\"inLanguage\":\"pt-BR\",\"potentialAction\":[{\"@type\":\"CommentAction\",\"name\":\"Comment\",\"target\":[\"https:\/\/psol50.org.br\/nota-do-psol-pe-sobre-o-falecimento-de-eduardo-campos\/#respond\"]}]},{\"@type\":\"WebPage\",\"@id\":\"https:\/\/psol50.org.br\/nota-do-psol-pe-sobre-o-falecimento-de-eduardo-campos\/\",\"url\":\"https:\/\/psol50.org.br\/nota-do-psol-pe-sobre-o-falecimento-de-eduardo-campos\/\",\"name\":\"Nota do PSOL-PE sobre o falecimento de Eduardo Campos - PSOL 50\",\"isPartOf\":{\"@id\":\"https:\/\/psol50.org.br\/#website\"},\"datePublished\":\"2014-08-13T16:06:15+00:00\",\"breadcrumb\":{\"@id\":\"https:\/\/psol50.org.br\/nota-do-psol-pe-sobre-o-falecimento-de-eduardo-campos\/#breadcrumb\"},\"inLanguage\":\"pt-BR\",\"potentialAction\":[{\"@type\":\"ReadAction\",\"target\":[\"https:\/\/psol50.org.br\/nota-do-psol-pe-sobre-o-falecimento-de-eduardo-campos\/\"]}]},{\"@type\":\"BreadcrumbList\",\"@id\":\"https:\/\/psol50.org.br\/nota-do-psol-pe-sobre-o-falecimento-de-eduardo-campos\/#breadcrumb\",\"itemListElement\":[{\"@type\":\"ListItem\",\"position\":1,\"name\":\"In\u00edcio\",\"item\":\"https:\/\/psol50.org.br\/\"},{\"@type\":\"ListItem\",\"position\":2,\"name\":\"Nota do PSOL-PE sobre o falecimento de Eduardo Campos\"}]},{\"@type\":\"WebSite\",\"@id\":\"https:\/\/psol50.org.br\/#website\",\"url\":\"https:\/\/psol50.org.br\/\",\"name\":\"PSOL 50\",\"description\":\"Site oficial do Partido Socialismo e Liberdade\",\"publisher\":{\"@id\":\"https:\/\/psol50.org.br\/#organization\"},\"alternateName\":\"PSOL50\",\"potentialAction\":[{\"@type\":\"SearchAction\",\"target\":{\"@type\":\"EntryPoint\",\"urlTemplate\":\"https:\/\/psol50.org.br\/?s={search_term_string}\"},\"query-input\":{\"@type\":\"PropertyValueSpecification\",\"valueRequired\":true,\"valueName\":\"search_term_string\"}}],\"inLanguage\":\"pt-BR\"},{\"@type\":\"Organization\",\"@id\":\"https:\/\/psol50.org.br\/#organization\",\"name\":\"PSOL 50\",\"alternateName\":\"PSOL 50\",\"url\":\"https:\/\/psol50.org.br\/\",\"logo\":{\"@type\":\"ImageObject\",\"inLanguage\":\"pt-BR\",\"@id\":\"https:\/\/psol50.org.br\/#\/schema\/logo\/image\/\",\"url\":\"https:\/\/psol50.org.br\/inc\/uploads\/2018\/07\/capa.png\",\"contentUrl\":\"https:\/\/psol50.org.br\/inc\/uploads\/2018\/07\/capa.png\",\"width\":1350,\"height\":900,\"caption\":\"PSOL 50\"},\"image\":{\"@id\":\"https:\/\/psol50.org.br\/#\/schema\/logo\/image\/\"},\"sameAs\":[\"https:\/\/www.facebook.com\/psol50\",\"https:\/\/x.com\/psol50\",\"https:\/\/www.instagram.com\/psol50\/\",\"https:\/\/www.youtube.com\/channel\/UC7SnJS5o1os7a6CaiNabzcg\"]},{\"@type\":\"Person\",\"@id\":\"https:\/\/psol50.org.br\/#\/schema\/person\/475dfa57d0b815993c714c2e96491fcd\",\"name\":\"Comunica\u00e7\u00e3o PSOL\",\"image\":{\"@type\":\"ImageObject\",\"inLanguage\":\"pt-BR\",\"@id\":\"https:\/\/psol50.org.br\/#\/schema\/person\/image\/\",\"url\":\"https:\/\/secure.gravatar.com\/avatar\/b34fc4f4e468a4e51785917065a3db57b841f5c95dba6ad8c73aaf8f66f8f9bf?s=96&d=mm&r=g\",\"contentUrl\":\"https:\/\/secure.gravatar.com\/avatar\/b34fc4f4e468a4e51785917065a3db57b841f5c95dba6ad8c73aaf8f66f8f9bf?s=96&d=mm&r=g\",\"caption\":\"Comunica\u00e7\u00e3o PSOL\"}}]}<\/script>\n<!-- \/ Yoast SEO plugin. -->","yoast_head_json":{"title":"Nota do PSOL-PE sobre o falecimento de Eduardo Campos - PSOL 50","robots":{"index":"index","follow":"follow","max-snippet":"max-snippet:-1","max-image-preview":"max-image-preview:large","max-video-preview":"max-video-preview:-1"},"canonical":"https:\/\/psol50.org.br\/nota-do-psol-pe-sobre-o-falecimento-de-eduardo-campos\/","og_locale":"pt_BR","og_type":"article","og_title":"Nota do PSOL-PE sobre o falecimento de Eduardo Campos - PSOL 50","og_description":"No momento em que a Executiva Estadual do PSOL-PE se reunia neste dia 13 de agosto para debater aspectos do processo eleitoral, fomos surpreendidos pela not\u00edcia da trag\u00e9dia que vitimou sete pessoas num acidente a\u00e9reo, dentre as quais estava o ex-governador e presidenci\u00e1vel Eduardo Campos. O PSOL em Pernambuco recebe com muita tristeza esta not\u00edcia. [&hellip;]","og_url":"https:\/\/psol50.org.br\/nota-do-psol-pe-sobre-o-falecimento-de-eduardo-campos\/","og_site_name":"PSOL 50","article_publisher":"https:\/\/www.facebook.com\/psol50","article_published_time":"2014-08-13T16:06:15+00:00","og_image":[{"width":1350,"height":900,"url":"https:\/\/psol50.org.br\/inc\/uploads\/2018\/07\/capa.png","type":"image\/png"}],"author":"Comunica\u00e7\u00e3o PSOL","twitter_card":"summary_large_image","twitter_creator":"@psol50","twitter_site":"@psol50","twitter_misc":{"Escrito por":"Comunica\u00e7\u00e3o PSOL","Est. tempo de leitura":"1 minuto"},"schema":{"@context":"https:\/\/schema.org","@graph":[{"@type":"Article","@id":"https:\/\/psol50.org.br\/nota-do-psol-pe-sobre-o-falecimento-de-eduardo-campos\/#article","isPartOf":{"@id":"https:\/\/psol50.org.br\/nota-do-psol-pe-sobre-o-falecimento-de-eduardo-campos\/"},"author":{"name":"Comunica\u00e7\u00e3o PSOL","@id":"https:\/\/psol50.org.br\/#\/schema\/person\/475dfa57d0b815993c714c2e96491fcd"},"headline":"Nota do PSOL-PE sobre o falecimento de Eduardo Campos","datePublished":"2014-08-13T16:06:15+00:00","mainEntityOfPage":{"@id":"https:\/\/psol50.org.br\/nota-do-psol-pe-sobre-o-falecimento-de-eduardo-campos\/"},"wordCount":242,"commentCount":0,"publisher":{"@id":"https:\/\/psol50.org.br\/#organization"},"keywords":["elei\u00e7\u00f5es 2014","PSOL"],"articleSection":["Arquivo","ELEI\u00c7\u00d5ES 2014","Not\u00edcias"],"inLanguage":"pt-BR","potentialAction":[{"@type":"CommentAction","name":"Comment","target":["https:\/\/psol50.org.br\/nota-do-psol-pe-sobre-o-falecimento-de-eduardo-campos\/#respond"]}]},{"@type":"WebPage","@id":"https:\/\/psol50.org.br\/nota-do-psol-pe-sobre-o-falecimento-de-eduardo-campos\/","url":"https:\/\/psol50.org.br\/nota-do-psol-pe-sobre-o-falecimento-de-eduardo-campos\/","name":"Nota do PSOL-PE sobre o falecimento de Eduardo Campos - PSOL 50","isPartOf":{"@id":"https:\/\/psol50.org.br\/#website"},"datePublished":"2014-08-13T16:06:15+00:00","breadcrumb":{"@id":"https:\/\/psol50.org.br\/nota-do-psol-pe-sobre-o-falecimento-de-eduardo-campos\/#breadcrumb"},"inLanguage":"pt-BR","potentialAction":[{"@type":"ReadAction","target":["https:\/\/psol50.org.br\/nota-do-psol-pe-sobre-o-falecimento-de-eduardo-campos\/"]}]},{"@type":"BreadcrumbList","@id":"https:\/\/psol50.org.br\/nota-do-psol-pe-sobre-o-falecimento-de-eduardo-campos\/#breadcrumb","itemListElement":[{"@type":"ListItem","position":1,"name":"In\u00edcio","item":"https:\/\/psol50.org.br\/"},{"@type":"ListItem","position":2,"name":"Nota do PSOL-PE sobre o falecimento de Eduardo Campos"}]},{"@type":"WebSite","@id":"https:\/\/psol50.org.br\/#website","url":"https:\/\/psol50.org.br\/","name":"PSOL 50","description":"Site oficial do Partido Socialismo e Liberdade","publisher":{"@id":"https:\/\/psol50.org.br\/#organization"},"alternateName":"PSOL50","potentialAction":[{"@type":"SearchAction","target":{"@type":"EntryPoint","urlTemplate":"https:\/\/psol50.org.br\/?s={search_term_string}"},"query-input":{"@type":"PropertyValueSpecification","valueRequired":true,"valueName":"search_term_string"}}],"inLanguage":"pt-BR"},{"@type":"Organization","@id":"https:\/\/psol50.org.br\/#organization","name":"PSOL 50","alternateName":"PSOL 50","url":"https:\/\/psol50.org.br\/","logo":{"@type":"ImageObject","inLanguage":"pt-BR","@id":"https:\/\/psol50.org.br\/#\/schema\/logo\/image\/","url":"https:\/\/psol50.org.br\/inc\/uploads\/2018\/07\/capa.png","contentUrl":"https:\/\/psol50.org.br\/inc\/uploads\/2018\/07\/capa.png","width":1350,"height":900,"caption":"PSOL 50"},"image":{"@id":"https:\/\/psol50.org.br\/#\/schema\/logo\/image\/"},"sameAs":["https:\/\/www.facebook.com\/psol50","https:\/\/x.com\/psol50","https:\/\/www.instagram.com\/psol50\/","https:\/\/www.youtube.com\/channel\/UC7SnJS5o1os7a6CaiNabzcg"]},{"@type":"Person","@id":"https:\/\/psol50.org.br\/#\/schema\/person\/475dfa57d0b815993c714c2e96491fcd","name":"Comunica\u00e7\u00e3o PSOL","image":{"@type":"ImageObject","inLanguage":"pt-BR","@id":"https:\/\/psol50.org.br\/#\/schema\/person\/image\/","url":"https:\/\/secure.gravatar.com\/avatar\/b34fc4f4e468a4e51785917065a3db57b841f5c95dba6ad8c73aaf8f66f8f9bf?s=96&d=mm&r=g","contentUrl":"https:\/\/secure.gravatar.com\/avatar\/b34fc4f4e468a4e51785917065a3db57b841f5c95dba6ad8c73aaf8f66f8f9bf?s=96&d=mm&r=g","caption":"Comunica\u00e7\u00e3o PSOL"}}]}},"_links":{"self":[{"href":"https:\/\/psol50.org.br\/rest\/wp\/v2\/posts\/2918","targetHints":{"allow":["GET"]}}],"collection":[{"href":"https:\/\/psol50.org.br\/rest\/wp\/v2\/posts"}],"about":[{"href":"https:\/\/psol50.org.br\/rest\/wp\/v2\/types\/post"}],"author":[{"embeddable":true,"href":"https:\/\/psol50.org.br\/rest\/wp\/v2\/users\/2"}],"replies":[{"embeddable":true,"href":"https:\/\/psol50.org.br\/rest\/wp\/v2\/comments?post=2918"}],"version-history":[{"count":0,"href":"https:\/\/psol50.org.br\/rest\/wp\/v2\/posts\/2918\/revisions"}],"wp:attachment":[{"href":"https:\/\/psol50.org.br\/rest\/wp\/v2\/media?parent=2918"}],"wp:term":[{"taxonomy":"category","embeddable":true,"href":"https:\/\/psol50.org.br\/rest\/wp\/v2\/categories?post=2918"},{"taxonomy":"post_tag","embeddable":true,"href":"https:\/\/psol50.org.br\/rest\/wp\/v2\/tags?post=2918"}],"curies":[{"name":"wp","href":"https:\/\/api.w.org\/{rel}","templated":true}]}}