{"id":29186,"date":"2020-05-26T14:38:46","date_gmt":"2020-05-26T17:38:46","guid":{"rendered":"https:\/\/psol50.org.br\/?p=29186"},"modified":"2020-05-26T14:38:46","modified_gmt":"2020-05-26T17:38:46","slug":"psol-reforca-pedido-de-cassacao-de-carla-zambelli-apos-fala-de-acao-da-pf-contra-governadores","status":"publish","type":"post","link":"https:\/\/psol50.org.br\/psol-reforca-pedido-de-cassacao-de-carla-zambelli-apos-fala-de-acao-da-pf-contra-governadores\/","title":{"rendered":"PSOL refor\u00e7a pedido de cassa\u00e7\u00e3o de Carla Zambelli, ap\u00f3s fala de a\u00e7\u00e3o da PF contra governadores"},"content":{"rendered":"<p><a href=\"https:\/\/impeachmentpopular.com.br\/\" target=\"_blank\" rel=\"noopener noreferrer\"><img loading=\"lazy\" decoding=\"async\" class=\"alignnone size-full wp-image-29118\" src=\"https:\/\/psol50.org.br\/inc\/uploads\/2020\/05\/Email_Impeachment.png\" alt=\"\" width=\"1080\" height=\"250\" srcset=\"https:\/\/psol50.org.br\/inc\/uploads\/2020\/05\/Email_Impeachment.png 1080w, https:\/\/psol50.org.br\/inc\/uploads\/2020\/05\/Email_Impeachment-300x69.png 300w, https:\/\/psol50.org.br\/inc\/uploads\/2020\/05\/Email_Impeachment-1024x237.png 1024w, https:\/\/psol50.org.br\/inc\/uploads\/2020\/05\/Email_Impeachment-768x178.png 768w, https:\/\/psol50.org.br\/inc\/uploads\/2020\/05\/Email_Impeachment-150x35.png 150w, https:\/\/psol50.org.br\/inc\/uploads\/2020\/05\/Email_Impeachment-696x161.png 696w, https:\/\/psol50.org.br\/inc\/uploads\/2020\/05\/Email_Impeachment-1068x247.png 1068w\" sizes=\"auto, (max-width: 1080px) 100vw, 1080px\" \/><\/a><\/p>\n<p>O PSOL apresentou nesta ter\u00e7a-feira (26) um acr\u00e9scimo ao <strong><a href=\"https:\/\/psol50.org.br\/psol-pede-cassacao-de-carla-zambelli-por-oferecer-cargo-no-stf-a-moro\/\" target=\"_blank\" rel=\"noopener noreferrer\">pedido de cassa\u00e7\u00e3o da deputada Carla Zambelli (PSL-SP) j\u00e1 apresentado ao Conselho de \u00c9tica da C\u00e2mara dos Deputados<\/a><\/strong> ap\u00f3s ela ter antecipado opera\u00e7\u00e3o da Pol\u00edcia Federal.<\/p>\n<p>Zambelli disse ontem na R\u00e1dio Ga\u00facha que alguns governadores est\u00e3o sendo investigados pela Pol\u00edcia Federal. A declara\u00e7\u00e3o ocorreu um dia antes de a PF cumprir mandados de busca e apreens\u00e3o no Pal\u00e1cio das Laranjeiras, a resid\u00eancia oficial do governador do Rio de Janeiro, Wilson Witzel (PSC).<\/p>\n<p>O pedido de cassa\u00e7\u00e3o de Zambelli foi apresentado pelo PSOL no \u00faltimo dia 27 de abril\u00a0 ap\u00f3s ela ter oferecido um cargo no Supremo Tribunal Federal (STF) para S\u00e9rgio Moro para que ele permanecesse no governo Bolsonaro e aceitasse a interven\u00e7\u00e3o do presidente na dire\u00e7\u00e3o da Pol\u00edcia Federal para tentar obstruir investiga\u00e7\u00f5es contra seu cl\u00e3 pol\u00edtico.<\/p>\n<p>&#8220;\u00d3bvio que defendemos a investiga\u00e7\u00e3o sobre esses casos e essas den\u00fancias no Rio de Janeiro. O PSOL defende o combate \u00e0 corrup\u00e7\u00e3o como seu DNA, mas, ao mesmo tempo, uma deputada federal saber antecipadamente e anunciar um dia antes mostra uma clara informa\u00e7\u00e3o privilegiada e talvez uma interfer\u00eancia pol\u00edtica na Pol\u00edcia Federal&#8221;, declarou Fernanda Melchionna, l\u00edder da bancada do PSOL na C\u00e2mara.<\/p>\n","protected":false},"excerpt":{"rendered":"<p>O PSOL apresentou nesta ter\u00e7a-feira (26) um acr\u00e9scimo ao pedido de cassa\u00e7\u00e3o da deputada Carla Zambelli (PSL-SP) j\u00e1 apresentado ao Conselho de \u00c9tica da C\u00e2mara dos Deputados ap\u00f3s ela ter antecipado opera\u00e7\u00e3o da Pol\u00edcia Federal. Zambelli disse ontem na R\u00e1dio Ga\u00facha que alguns governadores est\u00e3o sendo investigados pela Pol\u00edcia Federal. A declara\u00e7\u00e3o ocorreu um dia [&hellip;]<\/p>\n","protected":false},"author":2,"featured_media":29188,"comment_status":"closed","ping_status":"open","sticky":false,"template":"","format":"standard","meta":{"_acf_changed":false,"footnotes":""},"categories":[10,6],"tags":[56,103,278,457,22,743],"class_list":{"0":"post-29186","1":"post","2":"type-post","3":"status-publish","4":"format-standard","5":"has-post-thumbnail","7":"category-acao-parlamentares","8":"category-noticias","9":"tag-bolsonaro","10":"tag-carla-zambelli","11":"tag-cassacao","12":"tag-policia-federal","13":"tag-psol","14":"tag-wilson-witzel"},"acf":[],"yoast_head":"<!-- This site is optimized with the Yoast SEO plugin v26.5 - https:\/\/yoast.com\/wordpress\/plugins\/seo\/ -->\n<title>PSOL refor\u00e7a pedido de cassa\u00e7\u00e3o de Carla Zambelli, ap\u00f3s fala de a\u00e7\u00e3o da PF contra governadores<\/title>\n<meta name=\"description\" content=\"Zambelli disse que alguns governadores est\u00e3o sendo investigados pela PF um dia antes da a\u00e7\u00e3o contra o governador do RJ, Wilson Witzel.\" \/>\n<meta name=\"robots\" content=\"index, follow, max-snippet:-1, max-image-preview:large, max-video-preview:-1\" \/>\n<link rel=\"canonical\" href=\"https:\/\/psol50.org.br\/psol-reforca-pedido-de-cassacao-de-carla-zambelli-apos-fala-de-acao-da-pf-contra-governadores\/\" \/>\n<meta property=\"og:locale\" content=\"pt_BR\" \/>\n<meta property=\"og:type\" content=\"article\" \/>\n<meta property=\"og:title\" content=\"PSOL refor\u00e7a pedido de cassa\u00e7\u00e3o de Carla Zambelli, ap\u00f3s fala de a\u00e7\u00e3o da PF contra governadores\" \/>\n<meta property=\"og:description\" content=\"Zambelli disse que alguns governadores est\u00e3o sendo investigados pela PF um dia antes da a\u00e7\u00e3o contra o governador do RJ, Wilson Witzel.\" \/>\n<meta property=\"og:url\" content=\"https:\/\/psol50.org.br\/psol-reforca-pedido-de-cassacao-de-carla-zambelli-apos-fala-de-acao-da-pf-contra-governadores\/\" \/>\n<meta property=\"og:site_name\" content=\"PSOL 50\" \/>\n<meta property=\"article:publisher\" content=\"https:\/\/www.facebook.com\/psol50\" \/>\n<meta property=\"article:published_time\" content=\"2020-05-26T17:38:46+00:00\" \/>\n<meta property=\"og:image\" content=\"https:\/\/psol50.org.br\/inc\/uploads\/2020\/05\/mcmgo_abr_290520194470df.jpg\" \/>\n\t<meta property=\"og:image:width\" content=\"1140\" \/>\n\t<meta property=\"og:image:height\" content=\"760\" \/>\n\t<meta property=\"og:image:type\" content=\"image\/jpeg\" \/>\n<meta name=\"author\" content=\"Comunica\u00e7\u00e3o PSOL\" \/>\n<meta name=\"twitter:card\" content=\"summary_large_image\" \/>\n<meta name=\"twitter:title\" content=\"PSOL refor\u00e7a pedido de cassa\u00e7\u00e3o de Carla Zambelli, ap\u00f3s fala de a\u00e7\u00e3o da PF contra governadores\" \/>\n<meta name=\"twitter:description\" content=\"Zambelli disse que alguns governadores est\u00e3o sendo investigados pela PF um dia antes da a\u00e7\u00e3o contra o governador do RJ, Wilson Witzel.\" \/>\n<meta name=\"twitter:image\" content=\"https:\/\/psol50.org.br\/inc\/uploads\/2020\/05\/mcmgo_abr_290520194470df.jpg\" \/>\n<meta name=\"twitter:creator\" content=\"@psol50\" \/>\n<meta name=\"twitter:site\" content=\"@psol50\" \/>\n<meta name=\"twitter:label1\" content=\"Escrito por\" \/>\n\t<meta name=\"twitter:data1\" content=\"Comunica\u00e7\u00e3o PSOL\" \/>\n\t<meta name=\"twitter:label2\" content=\"Est. tempo de leitura\" \/>\n\t<meta name=\"twitter:data2\" content=\"1 minuto\" \/>\n<script type=\"application\/ld+json\" class=\"yoast-schema-graph\">{\"@context\":\"https:\/\/schema.org\",\"@graph\":[{\"@type\":\"Article\",\"@id\":\"https:\/\/psol50.org.br\/psol-reforca-pedido-de-cassacao-de-carla-zambelli-apos-fala-de-acao-da-pf-contra-governadores\/#article\",\"isPartOf\":{\"@id\":\"https:\/\/psol50.org.br\/psol-reforca-pedido-de-cassacao-de-carla-zambelli-apos-fala-de-acao-da-pf-contra-governadores\/\"},\"author\":{\"name\":\"Comunica\u00e7\u00e3o PSOL\",\"@id\":\"https:\/\/psol50.org.br\/#\/schema\/person\/475dfa57d0b815993c714c2e96491fcd\"},\"headline\":\"PSOL refor\u00e7a pedido de cassa\u00e7\u00e3o de Carla Zambelli, ap\u00f3s fala de a\u00e7\u00e3o da PF contra governadores\",\"datePublished\":\"2020-05-26T17:38:46+00:00\",\"mainEntityOfPage\":{\"@id\":\"https:\/\/psol50.org.br\/psol-reforca-pedido-de-cassacao-de-carla-zambelli-apos-fala-de-acao-da-pf-contra-governadores\/\"},\"wordCount\":248,\"publisher\":{\"@id\":\"https:\/\/psol50.org.br\/#organization\"},\"image\":{\"@id\":\"https:\/\/psol50.org.br\/psol-reforca-pedido-de-cassacao-de-carla-zambelli-apos-fala-de-acao-da-pf-contra-governadores\/#primaryimage\"},\"thumbnailUrl\":\"https:\/\/psol50.org.br\/inc\/uploads\/2020\/05\/mcmgo_abr_290520194470df.jpg\",\"keywords\":[\"Bolsonaro\",\"carla zambelli\",\"cassa\u00e7\u00e3o\",\"Pol\u00edcia Federal\",\"PSOL\",\"Wilson Witzel\"],\"articleSection\":[\"A\u00e7\u00e3o Parlamentar\",\"Not\u00edcias\"],\"inLanguage\":\"pt-BR\"},{\"@type\":\"WebPage\",\"@id\":\"https:\/\/psol50.org.br\/psol-reforca-pedido-de-cassacao-de-carla-zambelli-apos-fala-de-acao-da-pf-contra-governadores\/\",\"url\":\"https:\/\/psol50.org.br\/psol-reforca-pedido-de-cassacao-de-carla-zambelli-apos-fala-de-acao-da-pf-contra-governadores\/\",\"name\":\"PSOL refor\u00e7a pedido de cassa\u00e7\u00e3o de Carla Zambelli, ap\u00f3s fala de a\u00e7\u00e3o da PF contra governadores\",\"isPartOf\":{\"@id\":\"https:\/\/psol50.org.br\/#website\"},\"primaryImageOfPage\":{\"@id\":\"https:\/\/psol50.org.br\/psol-reforca-pedido-de-cassacao-de-carla-zambelli-apos-fala-de-acao-da-pf-contra-governadores\/#primaryimage\"},\"image\":{\"@id\":\"https:\/\/psol50.org.br\/psol-reforca-pedido-de-cassacao-de-carla-zambelli-apos-fala-de-acao-da-pf-contra-governadores\/#primaryimage\"},\"thumbnailUrl\":\"https:\/\/psol50.org.br\/inc\/uploads\/2020\/05\/mcmgo_abr_290520194470df.jpg\",\"datePublished\":\"2020-05-26T17:38:46+00:00\",\"description\":\"Zambelli disse que alguns governadores est\u00e3o sendo investigados pela PF um dia antes da a\u00e7\u00e3o contra o governador do RJ, Wilson Witzel.\",\"breadcrumb\":{\"@id\":\"https:\/\/psol50.org.br\/psol-reforca-pedido-de-cassacao-de-carla-zambelli-apos-fala-de-acao-da-pf-contra-governadores\/#breadcrumb\"},\"inLanguage\":\"pt-BR\",\"potentialAction\":[{\"@type\":\"ReadAction\",\"target\":[\"https:\/\/psol50.org.br\/psol-reforca-pedido-de-cassacao-de-carla-zambelli-apos-fala-de-acao-da-pf-contra-governadores\/\"]}]},{\"@type\":\"ImageObject\",\"inLanguage\":\"pt-BR\",\"@id\":\"https:\/\/psol50.org.br\/psol-reforca-pedido-de-cassacao-de-carla-zambelli-apos-fala-de-acao-da-pf-contra-governadores\/#primaryimage\",\"url\":\"https:\/\/psol50.org.br\/inc\/uploads\/2020\/05\/mcmgo_abr_290520194470df.jpg\",\"contentUrl\":\"https:\/\/psol50.org.br\/inc\/uploads\/2020\/05\/mcmgo_abr_290520194470df.jpg\",\"width\":1140,\"height\":760,\"caption\":\"Marcelo Camargo\/Ag\u00eancia C\u00e2mara\"},{\"@type\":\"BreadcrumbList\",\"@id\":\"https:\/\/psol50.org.br\/psol-reforca-pedido-de-cassacao-de-carla-zambelli-apos-fala-de-acao-da-pf-contra-governadores\/#breadcrumb\",\"itemListElement\":[{\"@type\":\"ListItem\",\"position\":1,\"name\":\"In\u00edcio\",\"item\":\"https:\/\/psol50.org.br\/\"},{\"@type\":\"ListItem\",\"position\":2,\"name\":\"PSOL refor\u00e7a pedido de cassa\u00e7\u00e3o de Carla Zambelli, ap\u00f3s fala de a\u00e7\u00e3o da PF contra governadores\"}]},{\"@type\":\"WebSite\",\"@id\":\"https:\/\/psol50.org.br\/#website\",\"url\":\"https:\/\/psol50.org.br\/\",\"name\":\"PSOL 50\",\"description\":\"Site oficial do Partido Socialismo e Liberdade\",\"publisher\":{\"@id\":\"https:\/\/psol50.org.br\/#organization\"},\"alternateName\":\"PSOL50\",\"potentialAction\":[{\"@type\":\"SearchAction\",\"target\":{\"@type\":\"EntryPoint\",\"urlTemplate\":\"https:\/\/psol50.org.br\/?s={search_term_string}\"},\"query-input\":{\"@type\":\"PropertyValueSpecification\",\"valueRequired\":true,\"valueName\":\"search_term_string\"}}],\"inLanguage\":\"pt-BR\"},{\"@type\":\"Organization\",\"@id\":\"https:\/\/psol50.org.br\/#organization\",\"name\":\"PSOL 50\",\"alternateName\":\"PSOL 50\",\"url\":\"https:\/\/psol50.org.br\/\",\"logo\":{\"@type\":\"ImageObject\",\"inLanguage\":\"pt-BR\",\"@id\":\"https:\/\/psol50.org.br\/#\/schema\/logo\/image\/\",\"url\":\"https:\/\/psol50.org.br\/inc\/uploads\/2018\/07\/capa.png\",\"contentUrl\":\"https:\/\/psol50.org.br\/inc\/uploads\/2018\/07\/capa.png\",\"width\":1350,\"height\":900,\"caption\":\"PSOL 50\"},\"image\":{\"@id\":\"https:\/\/psol50.org.br\/#\/schema\/logo\/image\/\"},\"sameAs\":[\"https:\/\/www.facebook.com\/psol50\",\"https:\/\/x.com\/psol50\",\"https:\/\/www.instagram.com\/psol50\/\",\"https:\/\/www.youtube.com\/channel\/UC7SnJS5o1os7a6CaiNabzcg\"]},{\"@type\":\"Person\",\"@id\":\"https:\/\/psol50.org.br\/#\/schema\/person\/475dfa57d0b815993c714c2e96491fcd\",\"name\":\"Comunica\u00e7\u00e3o PSOL\",\"image\":{\"@type\":\"ImageObject\",\"inLanguage\":\"pt-BR\",\"@id\":\"https:\/\/psol50.org.br\/#\/schema\/person\/image\/\",\"url\":\"https:\/\/secure.gravatar.com\/avatar\/b34fc4f4e468a4e51785917065a3db57b841f5c95dba6ad8c73aaf8f66f8f9bf?s=96&d=mm&r=g\",\"contentUrl\":\"https:\/\/secure.gravatar.com\/avatar\/b34fc4f4e468a4e51785917065a3db57b841f5c95dba6ad8c73aaf8f66f8f9bf?s=96&d=mm&r=g\",\"caption\":\"Comunica\u00e7\u00e3o PSOL\"}}]}<\/script>\n<!-- \/ Yoast SEO plugin. -->","yoast_head_json":{"title":"PSOL refor\u00e7a pedido de cassa\u00e7\u00e3o de Carla Zambelli, ap\u00f3s fala de a\u00e7\u00e3o da PF contra governadores","description":"Zambelli disse que alguns governadores est\u00e3o sendo investigados pela PF um dia antes da a\u00e7\u00e3o contra o governador do RJ, Wilson Witzel.","robots":{"index":"index","follow":"follow","max-snippet":"max-snippet:-1","max-image-preview":"max-image-preview:large","max-video-preview":"max-video-preview:-1"},"canonical":"https:\/\/psol50.org.br\/psol-reforca-pedido-de-cassacao-de-carla-zambelli-apos-fala-de-acao-da-pf-contra-governadores\/","og_locale":"pt_BR","og_type":"article","og_title":"PSOL refor\u00e7a pedido de cassa\u00e7\u00e3o de Carla Zambelli, ap\u00f3s fala de a\u00e7\u00e3o da PF contra governadores","og_description":"Zambelli disse que alguns governadores est\u00e3o sendo investigados pela PF um dia antes da a\u00e7\u00e3o contra o governador do RJ, Wilson Witzel.","og_url":"https:\/\/psol50.org.br\/psol-reforca-pedido-de-cassacao-de-carla-zambelli-apos-fala-de-acao-da-pf-contra-governadores\/","og_site_name":"PSOL 50","article_publisher":"https:\/\/www.facebook.com\/psol50","article_published_time":"2020-05-26T17:38:46+00:00","og_image":[{"width":1140,"height":760,"url":"https:\/\/psol50.org.br\/inc\/uploads\/2020\/05\/mcmgo_abr_290520194470df.jpg","type":"image\/jpeg"}],"author":"Comunica\u00e7\u00e3o PSOL","twitter_card":"summary_large_image","twitter_title":"PSOL refor\u00e7a pedido de cassa\u00e7\u00e3o de Carla Zambelli, ap\u00f3s fala de a\u00e7\u00e3o da PF contra governadores","twitter_description":"Zambelli disse que alguns governadores est\u00e3o sendo investigados pela PF um dia antes da a\u00e7\u00e3o contra o governador do RJ, Wilson Witzel.","twitter_image":"https:\/\/psol50.org.br\/inc\/uploads\/2020\/05\/mcmgo_abr_290520194470df.jpg","twitter_creator":"@psol50","twitter_site":"@psol50","twitter_misc":{"Escrito por":"Comunica\u00e7\u00e3o PSOL","Est. tempo de leitura":"1 minuto"},"schema":{"@context":"https:\/\/schema.org","@graph":[{"@type":"Article","@id":"https:\/\/psol50.org.br\/psol-reforca-pedido-de-cassacao-de-carla-zambelli-apos-fala-de-acao-da-pf-contra-governadores\/#article","isPartOf":{"@id":"https:\/\/psol50.org.br\/psol-reforca-pedido-de-cassacao-de-carla-zambelli-apos-fala-de-acao-da-pf-contra-governadores\/"},"author":{"name":"Comunica\u00e7\u00e3o PSOL","@id":"https:\/\/psol50.org.br\/#\/schema\/person\/475dfa57d0b815993c714c2e96491fcd"},"headline":"PSOL refor\u00e7a pedido de cassa\u00e7\u00e3o de Carla Zambelli, ap\u00f3s fala de a\u00e7\u00e3o da PF contra governadores","datePublished":"2020-05-26T17:38:46+00:00","mainEntityOfPage":{"@id":"https:\/\/psol50.org.br\/psol-reforca-pedido-de-cassacao-de-carla-zambelli-apos-fala-de-acao-da-pf-contra-governadores\/"},"wordCount":248,"publisher":{"@id":"https:\/\/psol50.org.br\/#organization"},"image":{"@id":"https:\/\/psol50.org.br\/psol-reforca-pedido-de-cassacao-de-carla-zambelli-apos-fala-de-acao-da-pf-contra-governadores\/#primaryimage"},"thumbnailUrl":"https:\/\/psol50.org.br\/inc\/uploads\/2020\/05\/mcmgo_abr_290520194470df.jpg","keywords":["Bolsonaro","carla zambelli","cassa\u00e7\u00e3o","Pol\u00edcia Federal","PSOL","Wilson Witzel"],"articleSection":["A\u00e7\u00e3o Parlamentar","Not\u00edcias"],"inLanguage":"pt-BR"},{"@type":"WebPage","@id":"https:\/\/psol50.org.br\/psol-reforca-pedido-de-cassacao-de-carla-zambelli-apos-fala-de-acao-da-pf-contra-governadores\/","url":"https:\/\/psol50.org.br\/psol-reforca-pedido-de-cassacao-de-carla-zambelli-apos-fala-de-acao-da-pf-contra-governadores\/","name":"PSOL refor\u00e7a pedido de cassa\u00e7\u00e3o de Carla Zambelli, ap\u00f3s fala de a\u00e7\u00e3o da PF contra governadores","isPartOf":{"@id":"https:\/\/psol50.org.br\/#website"},"primaryImageOfPage":{"@id":"https:\/\/psol50.org.br\/psol-reforca-pedido-de-cassacao-de-carla-zambelli-apos-fala-de-acao-da-pf-contra-governadores\/#primaryimage"},"image":{"@id":"https:\/\/psol50.org.br\/psol-reforca-pedido-de-cassacao-de-carla-zambelli-apos-fala-de-acao-da-pf-contra-governadores\/#primaryimage"},"thumbnailUrl":"https:\/\/psol50.org.br\/inc\/uploads\/2020\/05\/mcmgo_abr_290520194470df.jpg","datePublished":"2020-05-26T17:38:46+00:00","description":"Zambelli disse que alguns governadores est\u00e3o sendo investigados pela PF um dia antes da a\u00e7\u00e3o contra o governador do RJ, Wilson Witzel.","breadcrumb":{"@id":"https:\/\/psol50.org.br\/psol-reforca-pedido-de-cassacao-de-carla-zambelli-apos-fala-de-acao-da-pf-contra-governadores\/#breadcrumb"},"inLanguage":"pt-BR","potentialAction":[{"@type":"ReadAction","target":["https:\/\/psol50.org.br\/psol-reforca-pedido-de-cassacao-de-carla-zambelli-apos-fala-de-acao-da-pf-contra-governadores\/"]}]},{"@type":"ImageObject","inLanguage":"pt-BR","@id":"https:\/\/psol50.org.br\/psol-reforca-pedido-de-cassacao-de-carla-zambelli-apos-fala-de-acao-da-pf-contra-governadores\/#primaryimage","url":"https:\/\/psol50.org.br\/inc\/uploads\/2020\/05\/mcmgo_abr_290520194470df.jpg","contentUrl":"https:\/\/psol50.org.br\/inc\/uploads\/2020\/05\/mcmgo_abr_290520194470df.jpg","width":1140,"height":760,"caption":"Marcelo Camargo\/Ag\u00eancia C\u00e2mara"},{"@type":"BreadcrumbList","@id":"https:\/\/psol50.org.br\/psol-reforca-pedido-de-cassacao-de-carla-zambelli-apos-fala-de-acao-da-pf-contra-governadores\/#breadcrumb","itemListElement":[{"@type":"ListItem","position":1,"name":"In\u00edcio","item":"https:\/\/psol50.org.br\/"},{"@type":"ListItem","position":2,"name":"PSOL refor\u00e7a pedido de cassa\u00e7\u00e3o de Carla Zambelli, ap\u00f3s fala de a\u00e7\u00e3o da PF contra governadores"}]},{"@type":"WebSite","@id":"https:\/\/psol50.org.br\/#website","url":"https:\/\/psol50.org.br\/","name":"PSOL 50","description":"Site oficial do Partido Socialismo e Liberdade","publisher":{"@id":"https:\/\/psol50.org.br\/#organization"},"alternateName":"PSOL50","potentialAction":[{"@type":"SearchAction","target":{"@type":"EntryPoint","urlTemplate":"https:\/\/psol50.org.br\/?s={search_term_string}"},"query-input":{"@type":"PropertyValueSpecification","valueRequired":true,"valueName":"search_term_string"}}],"inLanguage":"pt-BR"},{"@type":"Organization","@id":"https:\/\/psol50.org.br\/#organization","name":"PSOL 50","alternateName":"PSOL 50","url":"https:\/\/psol50.org.br\/","logo":{"@type":"ImageObject","inLanguage":"pt-BR","@id":"https:\/\/psol50.org.br\/#\/schema\/logo\/image\/","url":"https:\/\/psol50.org.br\/inc\/uploads\/2018\/07\/capa.png","contentUrl":"https:\/\/psol50.org.br\/inc\/uploads\/2018\/07\/capa.png","width":1350,"height":900,"caption":"PSOL 50"},"image":{"@id":"https:\/\/psol50.org.br\/#\/schema\/logo\/image\/"},"sameAs":["https:\/\/www.facebook.com\/psol50","https:\/\/x.com\/psol50","https:\/\/www.instagram.com\/psol50\/","https:\/\/www.youtube.com\/channel\/UC7SnJS5o1os7a6CaiNabzcg"]},{"@type":"Person","@id":"https:\/\/psol50.org.br\/#\/schema\/person\/475dfa57d0b815993c714c2e96491fcd","name":"Comunica\u00e7\u00e3o PSOL","image":{"@type":"ImageObject","inLanguage":"pt-BR","@id":"https:\/\/psol50.org.br\/#\/schema\/person\/image\/","url":"https:\/\/secure.gravatar.com\/avatar\/b34fc4f4e468a4e51785917065a3db57b841f5c95dba6ad8c73aaf8f66f8f9bf?s=96&d=mm&r=g","contentUrl":"https:\/\/secure.gravatar.com\/avatar\/b34fc4f4e468a4e51785917065a3db57b841f5c95dba6ad8c73aaf8f66f8f9bf?s=96&d=mm&r=g","caption":"Comunica\u00e7\u00e3o PSOL"}}]}},"_links":{"self":[{"href":"https:\/\/psol50.org.br\/rest\/wp\/v2\/posts\/29186","targetHints":{"allow":["GET"]}}],"collection":[{"href":"https:\/\/psol50.org.br\/rest\/wp\/v2\/posts"}],"about":[{"href":"https:\/\/psol50.org.br\/rest\/wp\/v2\/types\/post"}],"author":[{"embeddable":true,"href":"https:\/\/psol50.org.br\/rest\/wp\/v2\/users\/2"}],"replies":[{"embeddable":true,"href":"https:\/\/psol50.org.br\/rest\/wp\/v2\/comments?post=29186"}],"version-history":[{"count":0,"href":"https:\/\/psol50.org.br\/rest\/wp\/v2\/posts\/29186\/revisions"}],"wp:featuredmedia":[{"embeddable":true,"href":"https:\/\/psol50.org.br\/rest\/wp\/v2\/media\/29188"}],"wp:attachment":[{"href":"https:\/\/psol50.org.br\/rest\/wp\/v2\/media?parent=29186"}],"wp:term":[{"taxonomy":"category","embeddable":true,"href":"https:\/\/psol50.org.br\/rest\/wp\/v2\/categories?post=29186"},{"taxonomy":"post_tag","embeddable":true,"href":"https:\/\/psol50.org.br\/rest\/wp\/v2\/tags?post=29186"}],"curies":[{"name":"wp","href":"https:\/\/api.w.org\/{rel}","templated":true}]}}