{"id":29193,"date":"2020-05-26T14:58:09","date_gmt":"2020-05-26T17:58:09","guid":{"rendered":"https:\/\/psol50.org.br\/?p=29193"},"modified":"2020-05-26T14:58:09","modified_gmt":"2020-05-26T17:58:09","slug":"psol-cobra-investigacao-de-vazamento-da-operacao-placebo-da-pf","status":"publish","type":"post","link":"https:\/\/psol50.org.br\/psol-cobra-investigacao-de-vazamento-da-operacao-placebo-da-pf\/","title":{"rendered":"PSOL cobra investiga\u00e7\u00e3o de vazamento da Opera\u00e7\u00e3o Placebo da PF"},"content":{"rendered":"<p><a href=\"https:\/\/impeachmentpopular.com.br\/\" target=\"_blank\" rel=\"noopener noreferrer\"><img loading=\"lazy\" decoding=\"async\" class=\"alignnone size-full wp-image-29118\" src=\"https:\/\/psol50.org.br\/inc\/uploads\/2020\/05\/Email_Impeachment.png\" alt=\"\" width=\"1080\" height=\"250\" srcset=\"https:\/\/psol50.org.br\/inc\/uploads\/2020\/05\/Email_Impeachment.png 1080w, https:\/\/psol50.org.br\/inc\/uploads\/2020\/05\/Email_Impeachment-300x69.png 300w, https:\/\/psol50.org.br\/inc\/uploads\/2020\/05\/Email_Impeachment-1024x237.png 1024w, https:\/\/psol50.org.br\/inc\/uploads\/2020\/05\/Email_Impeachment-768x178.png 768w, https:\/\/psol50.org.br\/inc\/uploads\/2020\/05\/Email_Impeachment-150x35.png 150w, https:\/\/psol50.org.br\/inc\/uploads\/2020\/05\/Email_Impeachment-696x161.png 696w, https:\/\/psol50.org.br\/inc\/uploads\/2020\/05\/Email_Impeachment-1068x247.png 1068w\" sizes=\"auto, (max-width: 1080px) 100vw, 1080px\" \/><\/a><\/p>\n<p>O deputado federal Ivan Valente enviou ao Minist\u00e9rio da Justi\u00e7a um requerimento de informa\u00e7\u00f5es em nome da bancada do PSOL, no qual pede investiga\u00e7\u00e3o de alegado vazamento da Opera\u00e7\u00e3o Placebo, da Pol\u00edcia Federal. A a\u00e7\u00e3o foi vazada um dia antes pela deputada federal Carla Zambelli (PSL).<\/p>\n<p>No documento, o partido &#8220;requer ao Ministro de Estado da Justi\u00e7a e Seguran\u00e7a P\u00fablica informa\u00e7\u00f5es sobre a atua\u00e7\u00e3o do Diretor-Geral da Pol\u00edcia Federal&#8221; na opera\u00e7\u00e3o realizada hoje, que &#8220;teve como foco o desvio de recursos na \u00e1rea de sa\u00fade no Estado do Rio de Janeiro&#8221;.<\/p>\n<p>&#8220;A opera\u00e7\u00e3o teve entre seus alvos o Governador do Estado do Rio de Janeiro, Wilson Witzel e embora tenha sido determinada pelo Poder Judici\u00e1rio, foi anunciada um dia antes pela deputada Carla Zambelli&#8221;, afirma Ivan Valente no requerimento.<\/p>\n<p>No requerimento, Ivan Valente pede respostas a quatro questionamentos:<\/p>\n<ul>\n<li>&#8220;Quantas reuni\u00f5es o atual Diretor-Geral da Pol\u00edcia Federal realizou com parlamentares da base de apoio do Governo, o Presidente da Rep\u00fablica ou qualquer de seus filhos, dentro e fora das depend\u00eancias do Departamento de Pol\u00edcia Federal e do Minist\u00e9rio da Justi\u00e7a e Seguran\u00e7a P\u00fablica? Encaminhar c\u00f3pia das agendas p\u00fablicas em que tais reuni\u00f5es foram divulgadas, bem como a lista de presen\u00e7a e ata das mesmas, conforme determina a legisla\u00e7\u00e3o.&#8221;<\/li>\n<li>&#8220;Em que datas o Diretor-Geral da Pol\u00edcia Federal manteve contato com a Deputada Carla Zambelli, pessoalmente e por meio eletr\u00f4nico? Sobre quais opera\u00e7\u00f5es em andamento no Departamento de Pol\u00edcia Federal conversaram?&#8221;<\/li>\n<li>&#8220;Qual o fundamento jur\u00eddico e os crit\u00e9rios utilizados para repassar informa\u00e7\u00f5es de opera\u00e7\u00f5es \u00e0 Deputada Carla Zambelli? Quais foram as salvaguardas utilizadas para evitar o vazamento ou o uso pol\u00edtico das opera\u00e7\u00f5es?&#8221;<\/li>\n<li>&#8220;Quando o Diretor-Geral teve conhecimento da opera\u00e7\u00e3o Placebo, realizada no Estado do Rio de Janeiro no dia 26\/05\/2020? Em que momento o Presidente da Rep\u00fablica e o Ministro de Estado da Justi\u00e7a e Seguran\u00e7a P\u00fablica foram informados da referida opera\u00e7\u00e3o? Em que momento a Deputada Carla Zambelli foi informada da referida opera\u00e7\u00e3o?&#8221;<\/li>\n<\/ul>\n","protected":false},"excerpt":{"rendered":"<p>O deputado federal Ivan Valente enviou ao Minist\u00e9rio da Justi\u00e7a um requerimento de informa\u00e7\u00f5es em nome da bancada do PSOL, no qual pede investiga\u00e7\u00e3o de alegado vazamento da Opera\u00e7\u00e3o Placebo, da Pol\u00edcia Federal. A a\u00e7\u00e3o foi vazada um dia antes pela deputada federal Carla Zambelli (PSL). No documento, o partido &#8220;requer ao Ministro de Estado [&hellip;]<\/p>\n","protected":false},"author":2,"featured_media":29195,"comment_status":"closed","ping_status":"open","sticky":false,"template":"","format":"standard","meta":{"_acf_changed":false,"footnotes":""},"categories":[10,6],"tags":[103,744,436,22,745,743],"class_list":{"0":"post-29193","1":"post","2":"type-post","3":"status-publish","4":"format-standard","5":"has-post-thumbnail","7":"category-acao-parlamentares","8":"category-noticias","9":"tag-carla-zambelli","10":"tag-operacao-placebo","11":"tag-pf","12":"tag-psol","13":"tag-vazamento","14":"tag-wilson-witzel"},"acf":[],"yoast_head":"<!-- This site is optimized with the Yoast SEO plugin v26.5 - https:\/\/yoast.com\/wordpress\/plugins\/seo\/ -->\n<title>PSOL cobra investiga\u00e7\u00e3o de vazamento da Opera\u00e7\u00e3o Placebo da PF<\/title>\n<meta name=\"description\" content=\"Ivan Valente enviou s\u00e9rie de questionamentos ao Minist\u00e9rio da Justi\u00e7a para apurar o vazamento de informa\u00e7\u00f5es da PF a deputados bolsonaristas.\" \/>\n<meta name=\"robots\" content=\"index, follow, max-snippet:-1, max-image-preview:large, max-video-preview:-1\" \/>\n<link rel=\"canonical\" href=\"https:\/\/psol50.org.br\/psol-cobra-investigacao-de-vazamento-da-operacao-placebo-da-pf\/\" \/>\n<meta property=\"og:locale\" content=\"pt_BR\" \/>\n<meta property=\"og:type\" content=\"article\" \/>\n<meta property=\"og:title\" content=\"PSOL cobra investiga\u00e7\u00e3o de vazamento da Opera\u00e7\u00e3o Placebo da PF\" \/>\n<meta property=\"og:description\" content=\"Ivan Valente enviou s\u00e9rie de questionamentos ao Minist\u00e9rio da Justi\u00e7a para apurar o vazamento de informa\u00e7\u00f5es da PF a deputados bolsonaristas.\" \/>\n<meta property=\"og:url\" content=\"https:\/\/psol50.org.br\/psol-cobra-investigacao-de-vazamento-da-operacao-placebo-da-pf\/\" \/>\n<meta property=\"og:site_name\" content=\"PSOL 50\" \/>\n<meta property=\"article:publisher\" content=\"https:\/\/www.facebook.com\/psol50\" \/>\n<meta property=\"article:published_time\" content=\"2020-05-26T17:58:09+00:00\" \/>\n<meta property=\"og:image\" content=\"https:\/\/psol50.org.br\/inc\/uploads\/2020\/05\/Apos-operacao-da-PF-Witzel-afirma-que-Bolsonaro-oficializou-interferencia-na-Policia-Federal.jpg\" \/>\n\t<meta property=\"og:image:width\" content=\"673\" \/>\n\t<meta property=\"og:image:height\" content=\"352\" \/>\n\t<meta property=\"og:image:type\" content=\"image\/jpeg\" \/>\n<meta name=\"author\" content=\"Comunica\u00e7\u00e3o PSOL\" \/>\n<meta name=\"twitter:card\" content=\"summary_large_image\" \/>\n<meta name=\"twitter:title\" content=\"PSOL cobra investiga\u00e7\u00e3o de vazamento da Opera\u00e7\u00e3o Placebo da PF\" \/>\n<meta name=\"twitter:description\" content=\"Ivan Valente enviou s\u00e9rie de questionamentos ao Minist\u00e9rio da Justi\u00e7a para apurar o vazamento de informa\u00e7\u00f5es da PF a deputados bolsonaristas.\" \/>\n<meta name=\"twitter:image\" content=\"https:\/\/psol50.org.br\/inc\/uploads\/2020\/05\/Apos-operacao-da-PF-Witzel-afirma-que-Bolsonaro-oficializou-interferencia-na-Policia-Federal.jpg\" \/>\n<meta name=\"twitter:creator\" content=\"@psol50\" \/>\n<meta name=\"twitter:site\" content=\"@psol50\" \/>\n<meta name=\"twitter:label1\" content=\"Escrito por\" \/>\n\t<meta name=\"twitter:data1\" content=\"Comunica\u00e7\u00e3o PSOL\" \/>\n\t<meta name=\"twitter:label2\" content=\"Est. tempo de leitura\" \/>\n\t<meta name=\"twitter:data2\" content=\"2 minutos\" \/>\n<script type=\"application\/ld+json\" class=\"yoast-schema-graph\">{\"@context\":\"https:\/\/schema.org\",\"@graph\":[{\"@type\":\"Article\",\"@id\":\"https:\/\/psol50.org.br\/psol-cobra-investigacao-de-vazamento-da-operacao-placebo-da-pf\/#article\",\"isPartOf\":{\"@id\":\"https:\/\/psol50.org.br\/psol-cobra-investigacao-de-vazamento-da-operacao-placebo-da-pf\/\"},\"author\":{\"name\":\"Comunica\u00e7\u00e3o PSOL\",\"@id\":\"https:\/\/psol50.org.br\/#\/schema\/person\/475dfa57d0b815993c714c2e96491fcd\"},\"headline\":\"PSOL cobra investiga\u00e7\u00e3o de vazamento da Opera\u00e7\u00e3o Placebo da PF\",\"datePublished\":\"2020-05-26T17:58:09+00:00\",\"mainEntityOfPage\":{\"@id\":\"https:\/\/psol50.org.br\/psol-cobra-investigacao-de-vazamento-da-operacao-placebo-da-pf\/\"},\"wordCount\":380,\"publisher\":{\"@id\":\"https:\/\/psol50.org.br\/#organization\"},\"image\":{\"@id\":\"https:\/\/psol50.org.br\/psol-cobra-investigacao-de-vazamento-da-operacao-placebo-da-pf\/#primaryimage\"},\"thumbnailUrl\":\"https:\/\/psol50.org.br\/inc\/uploads\/2020\/05\/Apos-operacao-da-PF-Witzel-afirma-que-Bolsonaro-oficializou-interferencia-na-Policia-Federal.jpg\",\"keywords\":[\"carla zambelli\",\"opera\u00e7\u00e3o placebo\",\"PF\",\"PSOL\",\"vazamento\",\"Wilson Witzel\"],\"articleSection\":[\"A\u00e7\u00e3o Parlamentar\",\"Not\u00edcias\"],\"inLanguage\":\"pt-BR\"},{\"@type\":\"WebPage\",\"@id\":\"https:\/\/psol50.org.br\/psol-cobra-investigacao-de-vazamento-da-operacao-placebo-da-pf\/\",\"url\":\"https:\/\/psol50.org.br\/psol-cobra-investigacao-de-vazamento-da-operacao-placebo-da-pf\/\",\"name\":\"PSOL cobra investiga\u00e7\u00e3o de vazamento da Opera\u00e7\u00e3o Placebo da PF\",\"isPartOf\":{\"@id\":\"https:\/\/psol50.org.br\/#website\"},\"primaryImageOfPage\":{\"@id\":\"https:\/\/psol50.org.br\/psol-cobra-investigacao-de-vazamento-da-operacao-placebo-da-pf\/#primaryimage\"},\"image\":{\"@id\":\"https:\/\/psol50.org.br\/psol-cobra-investigacao-de-vazamento-da-operacao-placebo-da-pf\/#primaryimage\"},\"thumbnailUrl\":\"https:\/\/psol50.org.br\/inc\/uploads\/2020\/05\/Apos-operacao-da-PF-Witzel-afirma-que-Bolsonaro-oficializou-interferencia-na-Policia-Federal.jpg\",\"datePublished\":\"2020-05-26T17:58:09+00:00\",\"description\":\"Ivan Valente enviou s\u00e9rie de questionamentos ao Minist\u00e9rio da Justi\u00e7a para apurar o vazamento de informa\u00e7\u00f5es da PF a deputados bolsonaristas.\",\"breadcrumb\":{\"@id\":\"https:\/\/psol50.org.br\/psol-cobra-investigacao-de-vazamento-da-operacao-placebo-da-pf\/#breadcrumb\"},\"inLanguage\":\"pt-BR\",\"potentialAction\":[{\"@type\":\"ReadAction\",\"target\":[\"https:\/\/psol50.org.br\/psol-cobra-investigacao-de-vazamento-da-operacao-placebo-da-pf\/\"]}]},{\"@type\":\"ImageObject\",\"inLanguage\":\"pt-BR\",\"@id\":\"https:\/\/psol50.org.br\/psol-cobra-investigacao-de-vazamento-da-operacao-placebo-da-pf\/#primaryimage\",\"url\":\"https:\/\/psol50.org.br\/inc\/uploads\/2020\/05\/Apos-operacao-da-PF-Witzel-afirma-que-Bolsonaro-oficializou-interferencia-na-Policia-Federal.jpg\",\"contentUrl\":\"https:\/\/psol50.org.br\/inc\/uploads\/2020\/05\/Apos-operacao-da-PF-Witzel-afirma-que-Bolsonaro-oficializou-interferencia-na-Policia-Federal.jpg\",\"width\":673,\"height\":352},{\"@type\":\"BreadcrumbList\",\"@id\":\"https:\/\/psol50.org.br\/psol-cobra-investigacao-de-vazamento-da-operacao-placebo-da-pf\/#breadcrumb\",\"itemListElement\":[{\"@type\":\"ListItem\",\"position\":1,\"name\":\"In\u00edcio\",\"item\":\"https:\/\/psol50.org.br\/\"},{\"@type\":\"ListItem\",\"position\":2,\"name\":\"PSOL cobra investiga\u00e7\u00e3o de vazamento da Opera\u00e7\u00e3o Placebo da PF\"}]},{\"@type\":\"WebSite\",\"@id\":\"https:\/\/psol50.org.br\/#website\",\"url\":\"https:\/\/psol50.org.br\/\",\"name\":\"PSOL 50\",\"description\":\"Site oficial do Partido Socialismo e Liberdade\",\"publisher\":{\"@id\":\"https:\/\/psol50.org.br\/#organization\"},\"alternateName\":\"PSOL50\",\"potentialAction\":[{\"@type\":\"SearchAction\",\"target\":{\"@type\":\"EntryPoint\",\"urlTemplate\":\"https:\/\/psol50.org.br\/?s={search_term_string}\"},\"query-input\":{\"@type\":\"PropertyValueSpecification\",\"valueRequired\":true,\"valueName\":\"search_term_string\"}}],\"inLanguage\":\"pt-BR\"},{\"@type\":\"Organization\",\"@id\":\"https:\/\/psol50.org.br\/#organization\",\"name\":\"PSOL 50\",\"alternateName\":\"PSOL 50\",\"url\":\"https:\/\/psol50.org.br\/\",\"logo\":{\"@type\":\"ImageObject\",\"inLanguage\":\"pt-BR\",\"@id\":\"https:\/\/psol50.org.br\/#\/schema\/logo\/image\/\",\"url\":\"https:\/\/psol50.org.br\/inc\/uploads\/2018\/07\/capa.png\",\"contentUrl\":\"https:\/\/psol50.org.br\/inc\/uploads\/2018\/07\/capa.png\",\"width\":1350,\"height\":900,\"caption\":\"PSOL 50\"},\"image\":{\"@id\":\"https:\/\/psol50.org.br\/#\/schema\/logo\/image\/\"},\"sameAs\":[\"https:\/\/www.facebook.com\/psol50\",\"https:\/\/x.com\/psol50\",\"https:\/\/www.instagram.com\/psol50\/\",\"https:\/\/www.youtube.com\/channel\/UC7SnJS5o1os7a6CaiNabzcg\"]},{\"@type\":\"Person\",\"@id\":\"https:\/\/psol50.org.br\/#\/schema\/person\/475dfa57d0b815993c714c2e96491fcd\",\"name\":\"Comunica\u00e7\u00e3o PSOL\",\"image\":{\"@type\":\"ImageObject\",\"inLanguage\":\"pt-BR\",\"@id\":\"https:\/\/psol50.org.br\/#\/schema\/person\/image\/\",\"url\":\"https:\/\/secure.gravatar.com\/avatar\/b34fc4f4e468a4e51785917065a3db57b841f5c95dba6ad8c73aaf8f66f8f9bf?s=96&d=mm&r=g\",\"contentUrl\":\"https:\/\/secure.gravatar.com\/avatar\/b34fc4f4e468a4e51785917065a3db57b841f5c95dba6ad8c73aaf8f66f8f9bf?s=96&d=mm&r=g\",\"caption\":\"Comunica\u00e7\u00e3o PSOL\"}}]}<\/script>\n<!-- \/ Yoast SEO plugin. -->","yoast_head_json":{"title":"PSOL cobra investiga\u00e7\u00e3o de vazamento da Opera\u00e7\u00e3o Placebo da PF","description":"Ivan Valente enviou s\u00e9rie de questionamentos ao Minist\u00e9rio da Justi\u00e7a para apurar o vazamento de informa\u00e7\u00f5es da PF a deputados bolsonaristas.","robots":{"index":"index","follow":"follow","max-snippet":"max-snippet:-1","max-image-preview":"max-image-preview:large","max-video-preview":"max-video-preview:-1"},"canonical":"https:\/\/psol50.org.br\/psol-cobra-investigacao-de-vazamento-da-operacao-placebo-da-pf\/","og_locale":"pt_BR","og_type":"article","og_title":"PSOL cobra investiga\u00e7\u00e3o de vazamento da Opera\u00e7\u00e3o Placebo da PF","og_description":"Ivan Valente enviou s\u00e9rie de questionamentos ao Minist\u00e9rio da Justi\u00e7a para apurar o vazamento de informa\u00e7\u00f5es da PF a deputados bolsonaristas.","og_url":"https:\/\/psol50.org.br\/psol-cobra-investigacao-de-vazamento-da-operacao-placebo-da-pf\/","og_site_name":"PSOL 50","article_publisher":"https:\/\/www.facebook.com\/psol50","article_published_time":"2020-05-26T17:58:09+00:00","og_image":[{"width":673,"height":352,"url":"https:\/\/psol50.org.br\/inc\/uploads\/2020\/05\/Apos-operacao-da-PF-Witzel-afirma-que-Bolsonaro-oficializou-interferencia-na-Policia-Federal.jpg","type":"image\/jpeg"}],"author":"Comunica\u00e7\u00e3o PSOL","twitter_card":"summary_large_image","twitter_title":"PSOL cobra investiga\u00e7\u00e3o de vazamento da Opera\u00e7\u00e3o Placebo da PF","twitter_description":"Ivan Valente enviou s\u00e9rie de questionamentos ao Minist\u00e9rio da Justi\u00e7a para apurar o vazamento de informa\u00e7\u00f5es da PF a deputados bolsonaristas.","twitter_image":"https:\/\/psol50.org.br\/inc\/uploads\/2020\/05\/Apos-operacao-da-PF-Witzel-afirma-que-Bolsonaro-oficializou-interferencia-na-Policia-Federal.jpg","twitter_creator":"@psol50","twitter_site":"@psol50","twitter_misc":{"Escrito por":"Comunica\u00e7\u00e3o PSOL","Est. tempo de leitura":"2 minutos"},"schema":{"@context":"https:\/\/schema.org","@graph":[{"@type":"Article","@id":"https:\/\/psol50.org.br\/psol-cobra-investigacao-de-vazamento-da-operacao-placebo-da-pf\/#article","isPartOf":{"@id":"https:\/\/psol50.org.br\/psol-cobra-investigacao-de-vazamento-da-operacao-placebo-da-pf\/"},"author":{"name":"Comunica\u00e7\u00e3o PSOL","@id":"https:\/\/psol50.org.br\/#\/schema\/person\/475dfa57d0b815993c714c2e96491fcd"},"headline":"PSOL cobra investiga\u00e7\u00e3o de vazamento da Opera\u00e7\u00e3o Placebo da PF","datePublished":"2020-05-26T17:58:09+00:00","mainEntityOfPage":{"@id":"https:\/\/psol50.org.br\/psol-cobra-investigacao-de-vazamento-da-operacao-placebo-da-pf\/"},"wordCount":380,"publisher":{"@id":"https:\/\/psol50.org.br\/#organization"},"image":{"@id":"https:\/\/psol50.org.br\/psol-cobra-investigacao-de-vazamento-da-operacao-placebo-da-pf\/#primaryimage"},"thumbnailUrl":"https:\/\/psol50.org.br\/inc\/uploads\/2020\/05\/Apos-operacao-da-PF-Witzel-afirma-que-Bolsonaro-oficializou-interferencia-na-Policia-Federal.jpg","keywords":["carla zambelli","opera\u00e7\u00e3o placebo","PF","PSOL","vazamento","Wilson Witzel"],"articleSection":["A\u00e7\u00e3o Parlamentar","Not\u00edcias"],"inLanguage":"pt-BR"},{"@type":"WebPage","@id":"https:\/\/psol50.org.br\/psol-cobra-investigacao-de-vazamento-da-operacao-placebo-da-pf\/","url":"https:\/\/psol50.org.br\/psol-cobra-investigacao-de-vazamento-da-operacao-placebo-da-pf\/","name":"PSOL cobra investiga\u00e7\u00e3o de vazamento da Opera\u00e7\u00e3o Placebo da PF","isPartOf":{"@id":"https:\/\/psol50.org.br\/#website"},"primaryImageOfPage":{"@id":"https:\/\/psol50.org.br\/psol-cobra-investigacao-de-vazamento-da-operacao-placebo-da-pf\/#primaryimage"},"image":{"@id":"https:\/\/psol50.org.br\/psol-cobra-investigacao-de-vazamento-da-operacao-placebo-da-pf\/#primaryimage"},"thumbnailUrl":"https:\/\/psol50.org.br\/inc\/uploads\/2020\/05\/Apos-operacao-da-PF-Witzel-afirma-que-Bolsonaro-oficializou-interferencia-na-Policia-Federal.jpg","datePublished":"2020-05-26T17:58:09+00:00","description":"Ivan Valente enviou s\u00e9rie de questionamentos ao Minist\u00e9rio da Justi\u00e7a para apurar o vazamento de informa\u00e7\u00f5es da PF a deputados bolsonaristas.","breadcrumb":{"@id":"https:\/\/psol50.org.br\/psol-cobra-investigacao-de-vazamento-da-operacao-placebo-da-pf\/#breadcrumb"},"inLanguage":"pt-BR","potentialAction":[{"@type":"ReadAction","target":["https:\/\/psol50.org.br\/psol-cobra-investigacao-de-vazamento-da-operacao-placebo-da-pf\/"]}]},{"@type":"ImageObject","inLanguage":"pt-BR","@id":"https:\/\/psol50.org.br\/psol-cobra-investigacao-de-vazamento-da-operacao-placebo-da-pf\/#primaryimage","url":"https:\/\/psol50.org.br\/inc\/uploads\/2020\/05\/Apos-operacao-da-PF-Witzel-afirma-que-Bolsonaro-oficializou-interferencia-na-Policia-Federal.jpg","contentUrl":"https:\/\/psol50.org.br\/inc\/uploads\/2020\/05\/Apos-operacao-da-PF-Witzel-afirma-que-Bolsonaro-oficializou-interferencia-na-Policia-Federal.jpg","width":673,"height":352},{"@type":"BreadcrumbList","@id":"https:\/\/psol50.org.br\/psol-cobra-investigacao-de-vazamento-da-operacao-placebo-da-pf\/#breadcrumb","itemListElement":[{"@type":"ListItem","position":1,"name":"In\u00edcio","item":"https:\/\/psol50.org.br\/"},{"@type":"ListItem","position":2,"name":"PSOL cobra investiga\u00e7\u00e3o de vazamento da Opera\u00e7\u00e3o Placebo da PF"}]},{"@type":"WebSite","@id":"https:\/\/psol50.org.br\/#website","url":"https:\/\/psol50.org.br\/","name":"PSOL 50","description":"Site oficial do Partido Socialismo e Liberdade","publisher":{"@id":"https:\/\/psol50.org.br\/#organization"},"alternateName":"PSOL50","potentialAction":[{"@type":"SearchAction","target":{"@type":"EntryPoint","urlTemplate":"https:\/\/psol50.org.br\/?s={search_term_string}"},"query-input":{"@type":"PropertyValueSpecification","valueRequired":true,"valueName":"search_term_string"}}],"inLanguage":"pt-BR"},{"@type":"Organization","@id":"https:\/\/psol50.org.br\/#organization","name":"PSOL 50","alternateName":"PSOL 50","url":"https:\/\/psol50.org.br\/","logo":{"@type":"ImageObject","inLanguage":"pt-BR","@id":"https:\/\/psol50.org.br\/#\/schema\/logo\/image\/","url":"https:\/\/psol50.org.br\/inc\/uploads\/2018\/07\/capa.png","contentUrl":"https:\/\/psol50.org.br\/inc\/uploads\/2018\/07\/capa.png","width":1350,"height":900,"caption":"PSOL 50"},"image":{"@id":"https:\/\/psol50.org.br\/#\/schema\/logo\/image\/"},"sameAs":["https:\/\/www.facebook.com\/psol50","https:\/\/x.com\/psol50","https:\/\/www.instagram.com\/psol50\/","https:\/\/www.youtube.com\/channel\/UC7SnJS5o1os7a6CaiNabzcg"]},{"@type":"Person","@id":"https:\/\/psol50.org.br\/#\/schema\/person\/475dfa57d0b815993c714c2e96491fcd","name":"Comunica\u00e7\u00e3o PSOL","image":{"@type":"ImageObject","inLanguage":"pt-BR","@id":"https:\/\/psol50.org.br\/#\/schema\/person\/image\/","url":"https:\/\/secure.gravatar.com\/avatar\/b34fc4f4e468a4e51785917065a3db57b841f5c95dba6ad8c73aaf8f66f8f9bf?s=96&d=mm&r=g","contentUrl":"https:\/\/secure.gravatar.com\/avatar\/b34fc4f4e468a4e51785917065a3db57b841f5c95dba6ad8c73aaf8f66f8f9bf?s=96&d=mm&r=g","caption":"Comunica\u00e7\u00e3o PSOL"}}]}},"_links":{"self":[{"href":"https:\/\/psol50.org.br\/rest\/wp\/v2\/posts\/29193","targetHints":{"allow":["GET"]}}],"collection":[{"href":"https:\/\/psol50.org.br\/rest\/wp\/v2\/posts"}],"about":[{"href":"https:\/\/psol50.org.br\/rest\/wp\/v2\/types\/post"}],"author":[{"embeddable":true,"href":"https:\/\/psol50.org.br\/rest\/wp\/v2\/users\/2"}],"replies":[{"embeddable":true,"href":"https:\/\/psol50.org.br\/rest\/wp\/v2\/comments?post=29193"}],"version-history":[{"count":0,"href":"https:\/\/psol50.org.br\/rest\/wp\/v2\/posts\/29193\/revisions"}],"wp:featuredmedia":[{"embeddable":true,"href":"https:\/\/psol50.org.br\/rest\/wp\/v2\/media\/29195"}],"wp:attachment":[{"href":"https:\/\/psol50.org.br\/rest\/wp\/v2\/media?parent=29193"}],"wp:term":[{"taxonomy":"category","embeddable":true,"href":"https:\/\/psol50.org.br\/rest\/wp\/v2\/categories?post=29193"},{"taxonomy":"post_tag","embeddable":true,"href":"https:\/\/psol50.org.br\/rest\/wp\/v2\/tags?post=29193"}],"curies":[{"name":"wp","href":"https:\/\/api.w.org\/{rel}","templated":true}]}}