{"id":29203,"date":"2020-05-26T16:29:11","date_gmt":"2020-05-26T19:29:11","guid":{"rendered":"https:\/\/psol50.org.br\/?p=29203"},"modified":"2020-05-26T16:29:11","modified_gmt":"2020-05-26T19:29:11","slug":"presidentes-da-caixa-e-dataprev-sao-convocados-pela-bancada-do-psol-para-explicar-demora-em-beneficios","status":"publish","type":"post","link":"https:\/\/psol50.org.br\/presidentes-da-caixa-e-dataprev-sao-convocados-pela-bancada-do-psol-para-explicar-demora-em-beneficios\/","title":{"rendered":"Presidentes da Caixa e Dataprev s\u00e3o convocados pelo PSOL para explicar demora em benef\u00edcios"},"content":{"rendered":"<p><a href=\"https:\/\/impeachmentpopular.com.br\/\" target=\"_blank\" rel=\"noopener noreferrer\"><img loading=\"lazy\" decoding=\"async\" class=\"alignnone size-full wp-image-29118\" src=\"https:\/\/psol50.org.br\/inc\/uploads\/2020\/05\/Email_Impeachment.png\" alt=\"\" width=\"1080\" height=\"250\" srcset=\"https:\/\/psol50.org.br\/inc\/uploads\/2020\/05\/Email_Impeachment.png 1080w, https:\/\/psol50.org.br\/inc\/uploads\/2020\/05\/Email_Impeachment-300x69.png 300w, https:\/\/psol50.org.br\/inc\/uploads\/2020\/05\/Email_Impeachment-1024x237.png 1024w, https:\/\/psol50.org.br\/inc\/uploads\/2020\/05\/Email_Impeachment-768x178.png 768w, https:\/\/psol50.org.br\/inc\/uploads\/2020\/05\/Email_Impeachment-150x35.png 150w, https:\/\/psol50.org.br\/inc\/uploads\/2020\/05\/Email_Impeachment-696x161.png 696w, https:\/\/psol50.org.br\/inc\/uploads\/2020\/05\/Email_Impeachment-1068x247.png 1068w\" sizes=\"auto, (max-width: 1080px) 100vw, 1080px\" \/><\/a><\/p>\n<p>A bancada do PSOL na C\u00e2mara protocolou na \u00faltima segunda-feira (25) um Requerimento de Comparecimento endere\u00e7ado aos presidentes da Dataprev, Gustavo Canuto, e da Caixa Econ\u00f4mica Federal, Pedro Duarte Guimar\u00e3es, para prestar esclarecimentos sobre a fila de quase dez milh\u00f5es de brasileiros para o recebimento da Renda B\u00e1sica Emergencial.<\/p>\n<p>Este \u00e9 o n\u00famero de cadastros que ainda est\u00e3o sendo analisados pela Dataprev neste momento. Ao todo, s\u00e3o 4,9 milh\u00f5es de trabalhadores em primeira an\u00e1lise e 4,8 milh\u00f5es em rean\u00e1lise, o que soma 9,7 milh\u00f5es de poss\u00edveis novos benefici\u00e1rios. Os dados foram apresentados pelo presidente da Caixa, Pedro Guimar\u00e3es, em balan\u00e7o no \u00faltimo s\u00e1bado (23).<\/p>\n<p>&#8220;O governo federal precisa explicar como resolver a fila que se avoluma de trabalhadoras e trabalhadores mais vulner\u00e1veis da sociedade que se encontram sem assist\u00eancia do Estado&#8221;, afirmam os parlamentares no requerimento.<\/p>\n<p>O Brasil j\u00e1 pode ser considerado o epicentro do novo coronav\u00edrus, pandemia que se alastra por todo o mundo. Segundo as Secretarias Estaduais de Sa\u00fade, foram registradas 22.666 mortes, provocadas pela Covid-19 e 363.211 casos confirmados da doen\u00e7a em todo o Brasil. Os dados reais, entretanto, s\u00e3o mascarados por um alto grau de subnotifica\u00e7\u00e3o causado, em especial, pela baixa testagem no pa\u00eds.<\/p>\n","protected":false},"excerpt":{"rendered":"<p>A bancada do PSOL na C\u00e2mara protocolou na \u00faltima segunda-feira (25) um Requerimento de Comparecimento endere\u00e7ado aos presidentes da Dataprev, Gustavo Canuto, e da Caixa Econ\u00f4mica Federal, Pedro Duarte Guimar\u00e3es, para prestar esclarecimentos sobre a fila de quase dez milh\u00f5es de brasileiros para o recebimento da Renda B\u00e1sica Emergencial. Este \u00e9 o n\u00famero de cadastros [&hellip;]<\/p>\n","protected":false},"author":2,"featured_media":29205,"comment_status":"closed","ping_status":"open","sticky":false,"template":"","format":"standard","meta":{"_acf_changed":false,"footnotes":""},"categories":[10,6],"tags":[499,501,171,371,196,367,22,366,502],"class_list":{"0":"post-29203","1":"post","2":"type-post","3":"status-publish","4":"format-standard","5":"has-post-thumbnail","7":"category-acao-parlamentares","8":"category-noticias","9":"tag-auxilio-emergencial","10":"tag-caixa","11":"tag-coronavirus","12":"tag-covid-19","13":"tag-dataprev","14":"tag-pandemia","15":"tag-psol","16":"tag-psolcontraocoronavirus","17":"tag-renda-basica-emergencial"},"acf":[],"yoast_head":"<!-- This site is optimized with the Yoast SEO plugin v26.5 - https:\/\/yoast.com\/wordpress\/plugins\/seo\/ -->\n<title>Presidentes da Caixa e Dataprev s\u00e3o convocados pelo PSOL para explicar demora em benef\u00edcios<\/title>\n<meta name=\"description\" content=\"Caixa apresentou dados que mostram fila de quase dez milh\u00f5es de brasileiros para o recebimento da Renda B\u00e1sica Emergencial.\" \/>\n<meta name=\"robots\" content=\"index, follow, max-snippet:-1, max-image-preview:large, max-video-preview:-1\" \/>\n<link rel=\"canonical\" href=\"https:\/\/psol50.org.br\/presidentes-da-caixa-e-dataprev-sao-convocados-pela-bancada-do-psol-para-explicar-demora-em-beneficios\/\" \/>\n<meta property=\"og:locale\" content=\"pt_BR\" \/>\n<meta property=\"og:type\" content=\"article\" \/>\n<meta property=\"og:title\" content=\"Presidentes da Caixa e Dataprev s\u00e3o convocados pelo PSOL para explicar demora em benef\u00edcios\" \/>\n<meta property=\"og:description\" content=\"Caixa apresentou dados que mostram fila de quase dez milh\u00f5es de brasileiros para o recebimento da Renda B\u00e1sica Emergencial.\" \/>\n<meta property=\"og:url\" content=\"https:\/\/psol50.org.br\/presidentes-da-caixa-e-dataprev-sao-convocados-pela-bancada-do-psol-para-explicar-demora-em-beneficios\/\" \/>\n<meta property=\"og:site_name\" content=\"PSOL 50\" \/>\n<meta property=\"article:publisher\" content=\"https:\/\/www.facebook.com\/psol50\" \/>\n<meta property=\"article:published_time\" content=\"2020-05-26T19:29:11+00:00\" \/>\n<meta property=\"og:image\" content=\"https:\/\/psol50.org.br\/inc\/uploads\/2020\/05\/xinfochpdpict000087982113.jpg.pagespeed.ic_.WCYDotT2tt.jpg\" \/>\n\t<meta property=\"og:image:width\" content=\"640\" \/>\n\t<meta property=\"og:image:height\" content=\"360\" \/>\n\t<meta property=\"og:image:type\" content=\"image\/jpeg\" \/>\n<meta name=\"author\" content=\"Comunica\u00e7\u00e3o PSOL\" \/>\n<meta name=\"twitter:card\" content=\"summary_large_image\" \/>\n<meta name=\"twitter:title\" content=\"Presidentes da Caixa e Dataprev s\u00e3o convocados pelo PSOL para explicar demora em benef\u00edcios\" \/>\n<meta name=\"twitter:description\" content=\"Caixa apresentou dados que mostram fila de quase dez milh\u00f5es de brasileiros para o recebimento da Renda B\u00e1sica Emergencial.\" \/>\n<meta name=\"twitter:image\" content=\"https:\/\/psol50.org.br\/inc\/uploads\/2020\/05\/xinfochpdpict000087982113.jpg.pagespeed.ic_.WCYDotT2tt.jpg\" \/>\n<meta name=\"twitter:creator\" content=\"@psol50\" \/>\n<meta name=\"twitter:site\" content=\"@psol50\" \/>\n<meta name=\"twitter:label1\" content=\"Escrito por\" \/>\n\t<meta name=\"twitter:data1\" content=\"Comunica\u00e7\u00e3o PSOL\" \/>\n\t<meta name=\"twitter:label2\" content=\"Est. tempo de leitura\" \/>\n\t<meta name=\"twitter:data2\" content=\"1 minuto\" \/>\n<script type=\"application\/ld+json\" class=\"yoast-schema-graph\">{\"@context\":\"https:\/\/schema.org\",\"@graph\":[{\"@type\":\"Article\",\"@id\":\"https:\/\/psol50.org.br\/presidentes-da-caixa-e-dataprev-sao-convocados-pela-bancada-do-psol-para-explicar-demora-em-beneficios\/#article\",\"isPartOf\":{\"@id\":\"https:\/\/psol50.org.br\/presidentes-da-caixa-e-dataprev-sao-convocados-pela-bancada-do-psol-para-explicar-demora-em-beneficios\/\"},\"author\":{\"name\":\"Comunica\u00e7\u00e3o PSOL\",\"@id\":\"https:\/\/psol50.org.br\/#\/schema\/person\/475dfa57d0b815993c714c2e96491fcd\"},\"headline\":\"Presidentes da Caixa e Dataprev s\u00e3o convocados pelo PSOL para explicar demora em benef\u00edcios\",\"datePublished\":\"2020-05-26T19:29:11+00:00\",\"mainEntityOfPage\":{\"@id\":\"https:\/\/psol50.org.br\/presidentes-da-caixa-e-dataprev-sao-convocados-pela-bancada-do-psol-para-explicar-demora-em-beneficios\/\"},\"wordCount\":233,\"publisher\":{\"@id\":\"https:\/\/psol50.org.br\/#organization\"},\"image\":{\"@id\":\"https:\/\/psol50.org.br\/presidentes-da-caixa-e-dataprev-sao-convocados-pela-bancada-do-psol-para-explicar-demora-em-beneficios\/#primaryimage\"},\"thumbnailUrl\":\"https:\/\/psol50.org.br\/inc\/uploads\/2020\/05\/xinfochpdpict000087982113.jpg.pagespeed.ic_.WCYDotT2tt.jpg\",\"keywords\":[\"aux\u00edlio emergencial\",\"caixa\",\"coronav\u00edrus\",\"covid-19\",\"dataprev\",\"pandemia\",\"PSOL\",\"psolcontraocoronavirus\",\"renda b\u00e1sica emergencial\"],\"articleSection\":[\"A\u00e7\u00e3o Parlamentar\",\"Not\u00edcias\"],\"inLanguage\":\"pt-BR\"},{\"@type\":\"WebPage\",\"@id\":\"https:\/\/psol50.org.br\/presidentes-da-caixa-e-dataprev-sao-convocados-pela-bancada-do-psol-para-explicar-demora-em-beneficios\/\",\"url\":\"https:\/\/psol50.org.br\/presidentes-da-caixa-e-dataprev-sao-convocados-pela-bancada-do-psol-para-explicar-demora-em-beneficios\/\",\"name\":\"Presidentes da Caixa e Dataprev s\u00e3o convocados pelo PSOL para explicar demora em benef\u00edcios\",\"isPartOf\":{\"@id\":\"https:\/\/psol50.org.br\/#website\"},\"primaryImageOfPage\":{\"@id\":\"https:\/\/psol50.org.br\/presidentes-da-caixa-e-dataprev-sao-convocados-pela-bancada-do-psol-para-explicar-demora-em-beneficios\/#primaryimage\"},\"image\":{\"@id\":\"https:\/\/psol50.org.br\/presidentes-da-caixa-e-dataprev-sao-convocados-pela-bancada-do-psol-para-explicar-demora-em-beneficios\/#primaryimage\"},\"thumbnailUrl\":\"https:\/\/psol50.org.br\/inc\/uploads\/2020\/05\/xinfochpdpict000087982113.jpg.pagespeed.ic_.WCYDotT2tt.jpg\",\"datePublished\":\"2020-05-26T19:29:11+00:00\",\"description\":\"Caixa apresentou dados que mostram fila de quase dez milh\u00f5es de brasileiros para o recebimento da Renda B\u00e1sica Emergencial.\",\"breadcrumb\":{\"@id\":\"https:\/\/psol50.org.br\/presidentes-da-caixa-e-dataprev-sao-convocados-pela-bancada-do-psol-para-explicar-demora-em-beneficios\/#breadcrumb\"},\"inLanguage\":\"pt-BR\",\"potentialAction\":[{\"@type\":\"ReadAction\",\"target\":[\"https:\/\/psol50.org.br\/presidentes-da-caixa-e-dataprev-sao-convocados-pela-bancada-do-psol-para-explicar-demora-em-beneficios\/\"]}]},{\"@type\":\"ImageObject\",\"inLanguage\":\"pt-BR\",\"@id\":\"https:\/\/psol50.org.br\/presidentes-da-caixa-e-dataprev-sao-convocados-pela-bancada-do-psol-para-explicar-demora-em-beneficios\/#primaryimage\",\"url\":\"https:\/\/psol50.org.br\/inc\/uploads\/2020\/05\/xinfochpdpict000087982113.jpg.pagespeed.ic_.WCYDotT2tt.jpg\",\"contentUrl\":\"https:\/\/psol50.org.br\/inc\/uploads\/2020\/05\/xinfochpdpict000087982113.jpg.pagespeed.ic_.WCYDotT2tt.jpg\",\"width\":640,\"height\":360},{\"@type\":\"BreadcrumbList\",\"@id\":\"https:\/\/psol50.org.br\/presidentes-da-caixa-e-dataprev-sao-convocados-pela-bancada-do-psol-para-explicar-demora-em-beneficios\/#breadcrumb\",\"itemListElement\":[{\"@type\":\"ListItem\",\"position\":1,\"name\":\"In\u00edcio\",\"item\":\"https:\/\/psol50.org.br\/\"},{\"@type\":\"ListItem\",\"position\":2,\"name\":\"Presidentes da Caixa e Dataprev s\u00e3o convocados pelo PSOL para explicar demora em benef\u00edcios\"}]},{\"@type\":\"WebSite\",\"@id\":\"https:\/\/psol50.org.br\/#website\",\"url\":\"https:\/\/psol50.org.br\/\",\"name\":\"PSOL 50\",\"description\":\"Site oficial do Partido Socialismo e Liberdade\",\"publisher\":{\"@id\":\"https:\/\/psol50.org.br\/#organization\"},\"alternateName\":\"PSOL50\",\"potentialAction\":[{\"@type\":\"SearchAction\",\"target\":{\"@type\":\"EntryPoint\",\"urlTemplate\":\"https:\/\/psol50.org.br\/?s={search_term_string}\"},\"query-input\":{\"@type\":\"PropertyValueSpecification\",\"valueRequired\":true,\"valueName\":\"search_term_string\"}}],\"inLanguage\":\"pt-BR\"},{\"@type\":\"Organization\",\"@id\":\"https:\/\/psol50.org.br\/#organization\",\"name\":\"PSOL 50\",\"alternateName\":\"PSOL 50\",\"url\":\"https:\/\/psol50.org.br\/\",\"logo\":{\"@type\":\"ImageObject\",\"inLanguage\":\"pt-BR\",\"@id\":\"https:\/\/psol50.org.br\/#\/schema\/logo\/image\/\",\"url\":\"https:\/\/psol50.org.br\/inc\/uploads\/2018\/07\/capa.png\",\"contentUrl\":\"https:\/\/psol50.org.br\/inc\/uploads\/2018\/07\/capa.png\",\"width\":1350,\"height\":900,\"caption\":\"PSOL 50\"},\"image\":{\"@id\":\"https:\/\/psol50.org.br\/#\/schema\/logo\/image\/\"},\"sameAs\":[\"https:\/\/www.facebook.com\/psol50\",\"https:\/\/x.com\/psol50\",\"https:\/\/www.instagram.com\/psol50\/\",\"https:\/\/www.youtube.com\/channel\/UC7SnJS5o1os7a6CaiNabzcg\"]},{\"@type\":\"Person\",\"@id\":\"https:\/\/psol50.org.br\/#\/schema\/person\/475dfa57d0b815993c714c2e96491fcd\",\"name\":\"Comunica\u00e7\u00e3o PSOL\",\"image\":{\"@type\":\"ImageObject\",\"inLanguage\":\"pt-BR\",\"@id\":\"https:\/\/psol50.org.br\/#\/schema\/person\/image\/\",\"url\":\"https:\/\/secure.gravatar.com\/avatar\/b34fc4f4e468a4e51785917065a3db57b841f5c95dba6ad8c73aaf8f66f8f9bf?s=96&d=mm&r=g\",\"contentUrl\":\"https:\/\/secure.gravatar.com\/avatar\/b34fc4f4e468a4e51785917065a3db57b841f5c95dba6ad8c73aaf8f66f8f9bf?s=96&d=mm&r=g\",\"caption\":\"Comunica\u00e7\u00e3o PSOL\"}}]}<\/script>\n<!-- \/ Yoast SEO plugin. -->","yoast_head_json":{"title":"Presidentes da Caixa e Dataprev s\u00e3o convocados pelo PSOL para explicar demora em benef\u00edcios","description":"Caixa apresentou dados que mostram fila de quase dez milh\u00f5es de brasileiros para o recebimento da Renda B\u00e1sica Emergencial.","robots":{"index":"index","follow":"follow","max-snippet":"max-snippet:-1","max-image-preview":"max-image-preview:large","max-video-preview":"max-video-preview:-1"},"canonical":"https:\/\/psol50.org.br\/presidentes-da-caixa-e-dataprev-sao-convocados-pela-bancada-do-psol-para-explicar-demora-em-beneficios\/","og_locale":"pt_BR","og_type":"article","og_title":"Presidentes da Caixa e Dataprev s\u00e3o convocados pelo PSOL para explicar demora em benef\u00edcios","og_description":"Caixa apresentou dados que mostram fila de quase dez milh\u00f5es de brasileiros para o recebimento da Renda B\u00e1sica Emergencial.","og_url":"https:\/\/psol50.org.br\/presidentes-da-caixa-e-dataprev-sao-convocados-pela-bancada-do-psol-para-explicar-demora-em-beneficios\/","og_site_name":"PSOL 50","article_publisher":"https:\/\/www.facebook.com\/psol50","article_published_time":"2020-05-26T19:29:11+00:00","og_image":[{"width":640,"height":360,"url":"https:\/\/psol50.org.br\/inc\/uploads\/2020\/05\/xinfochpdpict000087982113.jpg.pagespeed.ic_.WCYDotT2tt.jpg","type":"image\/jpeg"}],"author":"Comunica\u00e7\u00e3o PSOL","twitter_card":"summary_large_image","twitter_title":"Presidentes da Caixa e Dataprev s\u00e3o convocados pelo PSOL para explicar demora em benef\u00edcios","twitter_description":"Caixa apresentou dados que mostram fila de quase dez milh\u00f5es de brasileiros para o recebimento da Renda B\u00e1sica Emergencial.","twitter_image":"https:\/\/psol50.org.br\/inc\/uploads\/2020\/05\/xinfochpdpict000087982113.jpg.pagespeed.ic_.WCYDotT2tt.jpg","twitter_creator":"@psol50","twitter_site":"@psol50","twitter_misc":{"Escrito por":"Comunica\u00e7\u00e3o PSOL","Est. tempo de leitura":"1 minuto"},"schema":{"@context":"https:\/\/schema.org","@graph":[{"@type":"Article","@id":"https:\/\/psol50.org.br\/presidentes-da-caixa-e-dataprev-sao-convocados-pela-bancada-do-psol-para-explicar-demora-em-beneficios\/#article","isPartOf":{"@id":"https:\/\/psol50.org.br\/presidentes-da-caixa-e-dataprev-sao-convocados-pela-bancada-do-psol-para-explicar-demora-em-beneficios\/"},"author":{"name":"Comunica\u00e7\u00e3o PSOL","@id":"https:\/\/psol50.org.br\/#\/schema\/person\/475dfa57d0b815993c714c2e96491fcd"},"headline":"Presidentes da Caixa e Dataprev s\u00e3o convocados pelo PSOL para explicar demora em benef\u00edcios","datePublished":"2020-05-26T19:29:11+00:00","mainEntityOfPage":{"@id":"https:\/\/psol50.org.br\/presidentes-da-caixa-e-dataprev-sao-convocados-pela-bancada-do-psol-para-explicar-demora-em-beneficios\/"},"wordCount":233,"publisher":{"@id":"https:\/\/psol50.org.br\/#organization"},"image":{"@id":"https:\/\/psol50.org.br\/presidentes-da-caixa-e-dataprev-sao-convocados-pela-bancada-do-psol-para-explicar-demora-em-beneficios\/#primaryimage"},"thumbnailUrl":"https:\/\/psol50.org.br\/inc\/uploads\/2020\/05\/xinfochpdpict000087982113.jpg.pagespeed.ic_.WCYDotT2tt.jpg","keywords":["aux\u00edlio emergencial","caixa","coronav\u00edrus","covid-19","dataprev","pandemia","PSOL","psolcontraocoronavirus","renda b\u00e1sica emergencial"],"articleSection":["A\u00e7\u00e3o Parlamentar","Not\u00edcias"],"inLanguage":"pt-BR"},{"@type":"WebPage","@id":"https:\/\/psol50.org.br\/presidentes-da-caixa-e-dataprev-sao-convocados-pela-bancada-do-psol-para-explicar-demora-em-beneficios\/","url":"https:\/\/psol50.org.br\/presidentes-da-caixa-e-dataprev-sao-convocados-pela-bancada-do-psol-para-explicar-demora-em-beneficios\/","name":"Presidentes da Caixa e Dataprev s\u00e3o convocados pelo PSOL para explicar demora em benef\u00edcios","isPartOf":{"@id":"https:\/\/psol50.org.br\/#website"},"primaryImageOfPage":{"@id":"https:\/\/psol50.org.br\/presidentes-da-caixa-e-dataprev-sao-convocados-pela-bancada-do-psol-para-explicar-demora-em-beneficios\/#primaryimage"},"image":{"@id":"https:\/\/psol50.org.br\/presidentes-da-caixa-e-dataprev-sao-convocados-pela-bancada-do-psol-para-explicar-demora-em-beneficios\/#primaryimage"},"thumbnailUrl":"https:\/\/psol50.org.br\/inc\/uploads\/2020\/05\/xinfochpdpict000087982113.jpg.pagespeed.ic_.WCYDotT2tt.jpg","datePublished":"2020-05-26T19:29:11+00:00","description":"Caixa apresentou dados que mostram fila de quase dez milh\u00f5es de brasileiros para o recebimento da Renda B\u00e1sica Emergencial.","breadcrumb":{"@id":"https:\/\/psol50.org.br\/presidentes-da-caixa-e-dataprev-sao-convocados-pela-bancada-do-psol-para-explicar-demora-em-beneficios\/#breadcrumb"},"inLanguage":"pt-BR","potentialAction":[{"@type":"ReadAction","target":["https:\/\/psol50.org.br\/presidentes-da-caixa-e-dataprev-sao-convocados-pela-bancada-do-psol-para-explicar-demora-em-beneficios\/"]}]},{"@type":"ImageObject","inLanguage":"pt-BR","@id":"https:\/\/psol50.org.br\/presidentes-da-caixa-e-dataprev-sao-convocados-pela-bancada-do-psol-para-explicar-demora-em-beneficios\/#primaryimage","url":"https:\/\/psol50.org.br\/inc\/uploads\/2020\/05\/xinfochpdpict000087982113.jpg.pagespeed.ic_.WCYDotT2tt.jpg","contentUrl":"https:\/\/psol50.org.br\/inc\/uploads\/2020\/05\/xinfochpdpict000087982113.jpg.pagespeed.ic_.WCYDotT2tt.jpg","width":640,"height":360},{"@type":"BreadcrumbList","@id":"https:\/\/psol50.org.br\/presidentes-da-caixa-e-dataprev-sao-convocados-pela-bancada-do-psol-para-explicar-demora-em-beneficios\/#breadcrumb","itemListElement":[{"@type":"ListItem","position":1,"name":"In\u00edcio","item":"https:\/\/psol50.org.br\/"},{"@type":"ListItem","position":2,"name":"Presidentes da Caixa e Dataprev s\u00e3o convocados pelo PSOL para explicar demora em benef\u00edcios"}]},{"@type":"WebSite","@id":"https:\/\/psol50.org.br\/#website","url":"https:\/\/psol50.org.br\/","name":"PSOL 50","description":"Site oficial do Partido Socialismo e Liberdade","publisher":{"@id":"https:\/\/psol50.org.br\/#organization"},"alternateName":"PSOL50","potentialAction":[{"@type":"SearchAction","target":{"@type":"EntryPoint","urlTemplate":"https:\/\/psol50.org.br\/?s={search_term_string}"},"query-input":{"@type":"PropertyValueSpecification","valueRequired":true,"valueName":"search_term_string"}}],"inLanguage":"pt-BR"},{"@type":"Organization","@id":"https:\/\/psol50.org.br\/#organization","name":"PSOL 50","alternateName":"PSOL 50","url":"https:\/\/psol50.org.br\/","logo":{"@type":"ImageObject","inLanguage":"pt-BR","@id":"https:\/\/psol50.org.br\/#\/schema\/logo\/image\/","url":"https:\/\/psol50.org.br\/inc\/uploads\/2018\/07\/capa.png","contentUrl":"https:\/\/psol50.org.br\/inc\/uploads\/2018\/07\/capa.png","width":1350,"height":900,"caption":"PSOL 50"},"image":{"@id":"https:\/\/psol50.org.br\/#\/schema\/logo\/image\/"},"sameAs":["https:\/\/www.facebook.com\/psol50","https:\/\/x.com\/psol50","https:\/\/www.instagram.com\/psol50\/","https:\/\/www.youtube.com\/channel\/UC7SnJS5o1os7a6CaiNabzcg"]},{"@type":"Person","@id":"https:\/\/psol50.org.br\/#\/schema\/person\/475dfa57d0b815993c714c2e96491fcd","name":"Comunica\u00e7\u00e3o PSOL","image":{"@type":"ImageObject","inLanguage":"pt-BR","@id":"https:\/\/psol50.org.br\/#\/schema\/person\/image\/","url":"https:\/\/secure.gravatar.com\/avatar\/b34fc4f4e468a4e51785917065a3db57b841f5c95dba6ad8c73aaf8f66f8f9bf?s=96&d=mm&r=g","contentUrl":"https:\/\/secure.gravatar.com\/avatar\/b34fc4f4e468a4e51785917065a3db57b841f5c95dba6ad8c73aaf8f66f8f9bf?s=96&d=mm&r=g","caption":"Comunica\u00e7\u00e3o PSOL"}}]}},"_links":{"self":[{"href":"https:\/\/psol50.org.br\/rest\/wp\/v2\/posts\/29203","targetHints":{"allow":["GET"]}}],"collection":[{"href":"https:\/\/psol50.org.br\/rest\/wp\/v2\/posts"}],"about":[{"href":"https:\/\/psol50.org.br\/rest\/wp\/v2\/types\/post"}],"author":[{"embeddable":true,"href":"https:\/\/psol50.org.br\/rest\/wp\/v2\/users\/2"}],"replies":[{"embeddable":true,"href":"https:\/\/psol50.org.br\/rest\/wp\/v2\/comments?post=29203"}],"version-history":[{"count":0,"href":"https:\/\/psol50.org.br\/rest\/wp\/v2\/posts\/29203\/revisions"}],"wp:featuredmedia":[{"embeddable":true,"href":"https:\/\/psol50.org.br\/rest\/wp\/v2\/media\/29205"}],"wp:attachment":[{"href":"https:\/\/psol50.org.br\/rest\/wp\/v2\/media?parent=29203"}],"wp:term":[{"taxonomy":"category","embeddable":true,"href":"https:\/\/psol50.org.br\/rest\/wp\/v2\/categories?post=29203"},{"taxonomy":"post_tag","embeddable":true,"href":"https:\/\/psol50.org.br\/rest\/wp\/v2\/tags?post=29203"}],"curies":[{"name":"wp","href":"https:\/\/api.w.org\/{rel}","templated":true}]}}