{"id":29209,"date":"2020-05-26T16:40:52","date_gmt":"2020-05-26T19:40:52","guid":{"rendered":"https:\/\/psol50.org.br\/?p=29209"},"modified":"2020-05-26T16:40:52","modified_gmt":"2020-05-26T19:40:52","slug":"nota-apoio-solidariedade-militante-antifascista-psol-porto-alegre","status":"publish","type":"post","link":"https:\/\/psol50.org.br\/nota-apoio-solidariedade-militante-antifascista-psol-porto-alegre\/","title":{"rendered":"Nota de apoio e solidariedade \u00e0 militante antifascista do PSOL Porto Alegre"},"content":{"rendered":"<p><a href=\"https:\/\/impeachmentpopular.com.br\/\" target=\"_blank\" rel=\"noopener noreferrer\"><img loading=\"lazy\" decoding=\"async\" class=\"alignnone size-full wp-image-29118\" src=\"https:\/\/psol50.org.br\/inc\/uploads\/2020\/05\/Email_Impeachment.png\" alt=\"\" width=\"1080\" height=\"250\" srcset=\"https:\/\/psol50.org.br\/inc\/uploads\/2020\/05\/Email_Impeachment.png 1080w, https:\/\/psol50.org.br\/inc\/uploads\/2020\/05\/Email_Impeachment-300x69.png 300w, https:\/\/psol50.org.br\/inc\/uploads\/2020\/05\/Email_Impeachment-1024x237.png 1024w, https:\/\/psol50.org.br\/inc\/uploads\/2020\/05\/Email_Impeachment-768x178.png 768w, https:\/\/psol50.org.br\/inc\/uploads\/2020\/05\/Email_Impeachment-150x35.png 150w, https:\/\/psol50.org.br\/inc\/uploads\/2020\/05\/Email_Impeachment-696x161.png 696w, https:\/\/psol50.org.br\/inc\/uploads\/2020\/05\/Email_Impeachment-1068x247.png 1068w\" sizes=\"auto, (max-width: 1080px) 100vw, 1080px\" \/><\/a><\/p>\n<p>O Setorial Nacional de Mulheres do PSOL vem atrav\u00e9s desta nota manifestar o seu apoio e solidariedade \u00e0 militante Tamyres, que desde o \u00faltimo dia 17 de maio vem sofrendo intimida\u00e7\u00f5es e amea\u00e7as a sua integridade f\u00edsica ap\u00f3s ter participado de uma manifesta\u00e7\u00e3o convocada por setores antifascistas de Porto Alegre e ter publicado em suas m\u00eddias sociais um v\u00eddeo de sua presen\u00e7a no ato. As manifesta\u00e7\u00f5es antifascistas t\u00eam se tornado um importante elemento de contraposi\u00e7\u00e3o aos atos antidemocr\u00e1ticos da base bolsonarista, que tem como pauta desde a defesa irrestrita do presidente at\u00e9 o fechamento do Congresso Nacional e do STF.<\/p>\n<p>As Mulheres do PSOL prestam solidariedade \u00e0 companheira e aos movimentos antifascistas disseminados pelo Brasil, repudiando toda e qualquer amea\u00e7a \u00e0 vida e \u00e0s institui\u00e7\u00f5es democr\u00e1ticas, demonstradas nas pr\u00e1ticas dos apoiadores do presidente Bolsonaro. Manifestamos tamb\u00e9m apoio \u00e0s companheiras e companheiros que est\u00e3o na luta e resist\u00eancia frente este governo antidemocr\u00e1tico, genocida, fascista, racista, mis\u00f3gino, homof\u00f3bico e antipovo!<\/p>\n<p>#forabolsonaro #emdefesadademocracia #pelavidadopovobrasileiro<\/p>\n<p><em><strong>Setorial Nacional de Mulheres do PSOL<\/strong><\/em><br \/>\n<em><strong>26 de maio de 2020<\/strong><\/em><\/p>\n","protected":false},"excerpt":{"rendered":"<p>O Setorial Nacional de Mulheres do PSOL vem atrav\u00e9s desta nota manifestar o seu apoio e solidariedade \u00e0 militante Tamyres, que desde o \u00faltimo dia 17 de maio vem sofrendo intimida\u00e7\u00f5es e amea\u00e7as a sua integridade f\u00edsica ap\u00f3s ter participado de uma manifesta\u00e7\u00e3o convocada por setores antifascistas de Porto Alegre e ter publicado em suas [&hellip;]<\/p>\n","protected":false},"author":2,"featured_media":29211,"comment_status":"closed","ping_status":"open","sticky":false,"template":"","format":"standard","meta":{"_acf_changed":false,"footnotes":""},"categories":[49],"tags":[704,747,332,4,748,22],"class_list":{"0":"post-29209","1":"post","2":"type-post","3":"status-publish","4":"format-standard","5":"has-post-thumbnail","7":"category-mulheres","8":"tag-ameacas","9":"tag-antifascista","10":"tag-militante","11":"tag-mulheres","12":"tag-porto-alegre","13":"tag-psol"},"acf":[],"yoast_head":"<!-- This site is optimized with the Yoast SEO plugin v26.5 - https:\/\/yoast.com\/wordpress\/plugins\/seo\/ -->\n<title>Nota de apoio e solidariedade \u00e0 militante antifascista do PSOL Porto Alegre<\/title>\n<meta name=\"description\" content=\"Militante vem sofrendo amea\u00e7as a sua integridade f\u00edsica ap\u00f3s ter publicado em suas m\u00eddias sociais um v\u00eddeo de sua presen\u00e7a em um ato antifascista.\" \/>\n<meta name=\"robots\" content=\"index, follow, max-snippet:-1, max-image-preview:large, max-video-preview:-1\" \/>\n<link rel=\"canonical\" href=\"https:\/\/psol50.org.br\/nota-apoio-solidariedade-militante-antifascista-psol-porto-alegre\/\" \/>\n<meta property=\"og:locale\" content=\"pt_BR\" \/>\n<meta property=\"og:type\" content=\"article\" \/>\n<meta property=\"og:title\" content=\"Nota de apoio e solidariedade \u00e0 militante antifascista do PSOL Porto Alegre\" \/>\n<meta property=\"og:description\" content=\"Militante vem sofrendo amea\u00e7as a sua integridade f\u00edsica ap\u00f3s ter publicado em suas m\u00eddias sociais um v\u00eddeo de sua presen\u00e7a em um ato antifascista.\" \/>\n<meta property=\"og:url\" content=\"https:\/\/psol50.org.br\/nota-apoio-solidariedade-militante-antifascista-psol-porto-alegre\/\" \/>\n<meta property=\"og:site_name\" content=\"PSOL 50\" \/>\n<meta property=\"article:publisher\" content=\"https:\/\/www.facebook.com\/psol50\" \/>\n<meta property=\"article:published_time\" content=\"2020-05-26T19:40:52+00:00\" \/>\n<meta property=\"og:image\" content=\"https:\/\/psol50.org.br\/inc\/uploads\/2020\/05\/20200525-antifascipoa.jpg\" \/>\n\t<meta property=\"og:image:width\" content=\"960\" \/>\n\t<meta property=\"og:image:height\" content=\"639\" \/>\n\t<meta property=\"og:image:type\" content=\"image\/jpeg\" \/>\n<meta name=\"author\" content=\"Comunica\u00e7\u00e3o PSOL\" \/>\n<meta name=\"twitter:card\" content=\"summary_large_image\" \/>\n<meta name=\"twitter:title\" content=\"Nota de apoio e solidariedade \u00e0 militante antifascista do PSOL Porto Alegre\" \/>\n<meta name=\"twitter:description\" content=\"Militante vem sofrendo amea\u00e7as a sua integridade f\u00edsica ap\u00f3s ter publicado em suas m\u00eddias sociais um v\u00eddeo de sua presen\u00e7a em um ato antifascista.\" \/>\n<meta name=\"twitter:image\" content=\"https:\/\/psol50.org.br\/inc\/uploads\/2020\/05\/20200525-antifascipoa.jpg\" \/>\n<meta name=\"twitter:creator\" content=\"@psol50\" \/>\n<meta name=\"twitter:site\" content=\"@psol50\" \/>\n<meta name=\"twitter:label1\" content=\"Escrito por\" \/>\n\t<meta name=\"twitter:data1\" content=\"Comunica\u00e7\u00e3o PSOL\" \/>\n\t<meta name=\"twitter:label2\" content=\"Est. tempo de leitura\" \/>\n\t<meta name=\"twitter:data2\" content=\"1 minuto\" \/>\n<script type=\"application\/ld+json\" class=\"yoast-schema-graph\">{\"@context\":\"https:\/\/schema.org\",\"@graph\":[{\"@type\":\"Article\",\"@id\":\"https:\/\/psol50.org.br\/nota-apoio-solidariedade-militante-antifascista-psol-porto-alegre\/#article\",\"isPartOf\":{\"@id\":\"https:\/\/psol50.org.br\/nota-apoio-solidariedade-militante-antifascista-psol-porto-alegre\/\"},\"author\":{\"name\":\"Comunica\u00e7\u00e3o PSOL\",\"@id\":\"https:\/\/psol50.org.br\/#\/schema\/person\/475dfa57d0b815993c714c2e96491fcd\"},\"headline\":\"Nota de apoio e solidariedade \u00e0 militante antifascista do PSOL Porto Alegre\",\"datePublished\":\"2020-05-26T19:40:52+00:00\",\"mainEntityOfPage\":{\"@id\":\"https:\/\/psol50.org.br\/nota-apoio-solidariedade-militante-antifascista-psol-porto-alegre\/\"},\"wordCount\":200,\"publisher\":{\"@id\":\"https:\/\/psol50.org.br\/#organization\"},\"image\":{\"@id\":\"https:\/\/psol50.org.br\/nota-apoio-solidariedade-militante-antifascista-psol-porto-alegre\/#primaryimage\"},\"thumbnailUrl\":\"https:\/\/psol50.org.br\/inc\/uploads\/2020\/05\/20200525-antifascipoa.jpg\",\"keywords\":[\"amea\u00e7as\",\"antifascista\",\"militante\",\"mulheres\",\"Porto Alegre\",\"PSOL\"],\"articleSection\":[\"Mulheres\"],\"inLanguage\":\"pt-BR\"},{\"@type\":\"WebPage\",\"@id\":\"https:\/\/psol50.org.br\/nota-apoio-solidariedade-militante-antifascista-psol-porto-alegre\/\",\"url\":\"https:\/\/psol50.org.br\/nota-apoio-solidariedade-militante-antifascista-psol-porto-alegre\/\",\"name\":\"Nota de apoio e solidariedade \u00e0 militante antifascista do PSOL Porto Alegre\",\"isPartOf\":{\"@id\":\"https:\/\/psol50.org.br\/#website\"},\"primaryImageOfPage\":{\"@id\":\"https:\/\/psol50.org.br\/nota-apoio-solidariedade-militante-antifascista-psol-porto-alegre\/#primaryimage\"},\"image\":{\"@id\":\"https:\/\/psol50.org.br\/nota-apoio-solidariedade-militante-antifascista-psol-porto-alegre\/#primaryimage\"},\"thumbnailUrl\":\"https:\/\/psol50.org.br\/inc\/uploads\/2020\/05\/20200525-antifascipoa.jpg\",\"datePublished\":\"2020-05-26T19:40:52+00:00\",\"description\":\"Militante vem sofrendo amea\u00e7as a sua integridade f\u00edsica ap\u00f3s ter publicado em suas m\u00eddias sociais um v\u00eddeo de sua presen\u00e7a em um ato antifascista.\",\"breadcrumb\":{\"@id\":\"https:\/\/psol50.org.br\/nota-apoio-solidariedade-militante-antifascista-psol-porto-alegre\/#breadcrumb\"},\"inLanguage\":\"pt-BR\",\"potentialAction\":[{\"@type\":\"ReadAction\",\"target\":[\"https:\/\/psol50.org.br\/nota-apoio-solidariedade-militante-antifascista-psol-porto-alegre\/\"]}]},{\"@type\":\"ImageObject\",\"inLanguage\":\"pt-BR\",\"@id\":\"https:\/\/psol50.org.br\/nota-apoio-solidariedade-militante-antifascista-psol-porto-alegre\/#primaryimage\",\"url\":\"https:\/\/psol50.org.br\/inc\/uploads\/2020\/05\/20200525-antifascipoa.jpg\",\"contentUrl\":\"https:\/\/psol50.org.br\/inc\/uploads\/2020\/05\/20200525-antifascipoa.jpg\",\"width\":960,\"height\":639},{\"@type\":\"BreadcrumbList\",\"@id\":\"https:\/\/psol50.org.br\/nota-apoio-solidariedade-militante-antifascista-psol-porto-alegre\/#breadcrumb\",\"itemListElement\":[{\"@type\":\"ListItem\",\"position\":1,\"name\":\"In\u00edcio\",\"item\":\"https:\/\/psol50.org.br\/\"},{\"@type\":\"ListItem\",\"position\":2,\"name\":\"Nota de apoio e solidariedade \u00e0 militante antifascista do PSOL Porto Alegre\"}]},{\"@type\":\"WebSite\",\"@id\":\"https:\/\/psol50.org.br\/#website\",\"url\":\"https:\/\/psol50.org.br\/\",\"name\":\"PSOL 50\",\"description\":\"Site oficial do Partido Socialismo e Liberdade\",\"publisher\":{\"@id\":\"https:\/\/psol50.org.br\/#organization\"},\"alternateName\":\"PSOL50\",\"potentialAction\":[{\"@type\":\"SearchAction\",\"target\":{\"@type\":\"EntryPoint\",\"urlTemplate\":\"https:\/\/psol50.org.br\/?s={search_term_string}\"},\"query-input\":{\"@type\":\"PropertyValueSpecification\",\"valueRequired\":true,\"valueName\":\"search_term_string\"}}],\"inLanguage\":\"pt-BR\"},{\"@type\":\"Organization\",\"@id\":\"https:\/\/psol50.org.br\/#organization\",\"name\":\"PSOL 50\",\"alternateName\":\"PSOL 50\",\"url\":\"https:\/\/psol50.org.br\/\",\"logo\":{\"@type\":\"ImageObject\",\"inLanguage\":\"pt-BR\",\"@id\":\"https:\/\/psol50.org.br\/#\/schema\/logo\/image\/\",\"url\":\"https:\/\/psol50.org.br\/inc\/uploads\/2018\/07\/capa.png\",\"contentUrl\":\"https:\/\/psol50.org.br\/inc\/uploads\/2018\/07\/capa.png\",\"width\":1350,\"height\":900,\"caption\":\"PSOL 50\"},\"image\":{\"@id\":\"https:\/\/psol50.org.br\/#\/schema\/logo\/image\/\"},\"sameAs\":[\"https:\/\/www.facebook.com\/psol50\",\"https:\/\/x.com\/psol50\",\"https:\/\/www.instagram.com\/psol50\/\",\"https:\/\/www.youtube.com\/channel\/UC7SnJS5o1os7a6CaiNabzcg\"]},{\"@type\":\"Person\",\"@id\":\"https:\/\/psol50.org.br\/#\/schema\/person\/475dfa57d0b815993c714c2e96491fcd\",\"name\":\"Comunica\u00e7\u00e3o PSOL\",\"image\":{\"@type\":\"ImageObject\",\"inLanguage\":\"pt-BR\",\"@id\":\"https:\/\/psol50.org.br\/#\/schema\/person\/image\/\",\"url\":\"https:\/\/secure.gravatar.com\/avatar\/b34fc4f4e468a4e51785917065a3db57b841f5c95dba6ad8c73aaf8f66f8f9bf?s=96&d=mm&r=g\",\"contentUrl\":\"https:\/\/secure.gravatar.com\/avatar\/b34fc4f4e468a4e51785917065a3db57b841f5c95dba6ad8c73aaf8f66f8f9bf?s=96&d=mm&r=g\",\"caption\":\"Comunica\u00e7\u00e3o PSOL\"}}]}<\/script>\n<!-- \/ Yoast SEO plugin. -->","yoast_head_json":{"title":"Nota de apoio e solidariedade \u00e0 militante antifascista do PSOL Porto Alegre","description":"Militante vem sofrendo amea\u00e7as a sua integridade f\u00edsica ap\u00f3s ter publicado em suas m\u00eddias sociais um v\u00eddeo de sua presen\u00e7a em um ato antifascista.","robots":{"index":"index","follow":"follow","max-snippet":"max-snippet:-1","max-image-preview":"max-image-preview:large","max-video-preview":"max-video-preview:-1"},"canonical":"https:\/\/psol50.org.br\/nota-apoio-solidariedade-militante-antifascista-psol-porto-alegre\/","og_locale":"pt_BR","og_type":"article","og_title":"Nota de apoio e solidariedade \u00e0 militante antifascista do PSOL Porto Alegre","og_description":"Militante vem sofrendo amea\u00e7as a sua integridade f\u00edsica ap\u00f3s ter publicado em suas m\u00eddias sociais um v\u00eddeo de sua presen\u00e7a em um ato antifascista.","og_url":"https:\/\/psol50.org.br\/nota-apoio-solidariedade-militante-antifascista-psol-porto-alegre\/","og_site_name":"PSOL 50","article_publisher":"https:\/\/www.facebook.com\/psol50","article_published_time":"2020-05-26T19:40:52+00:00","og_image":[{"width":960,"height":639,"url":"https:\/\/psol50.org.br\/inc\/uploads\/2020\/05\/20200525-antifascipoa.jpg","type":"image\/jpeg"}],"author":"Comunica\u00e7\u00e3o PSOL","twitter_card":"summary_large_image","twitter_title":"Nota de apoio e solidariedade \u00e0 militante antifascista do PSOL Porto Alegre","twitter_description":"Militante vem sofrendo amea\u00e7as a sua integridade f\u00edsica ap\u00f3s ter publicado em suas m\u00eddias sociais um v\u00eddeo de sua presen\u00e7a em um ato antifascista.","twitter_image":"https:\/\/psol50.org.br\/inc\/uploads\/2020\/05\/20200525-antifascipoa.jpg","twitter_creator":"@psol50","twitter_site":"@psol50","twitter_misc":{"Escrito por":"Comunica\u00e7\u00e3o PSOL","Est. tempo de leitura":"1 minuto"},"schema":{"@context":"https:\/\/schema.org","@graph":[{"@type":"Article","@id":"https:\/\/psol50.org.br\/nota-apoio-solidariedade-militante-antifascista-psol-porto-alegre\/#article","isPartOf":{"@id":"https:\/\/psol50.org.br\/nota-apoio-solidariedade-militante-antifascista-psol-porto-alegre\/"},"author":{"name":"Comunica\u00e7\u00e3o PSOL","@id":"https:\/\/psol50.org.br\/#\/schema\/person\/475dfa57d0b815993c714c2e96491fcd"},"headline":"Nota de apoio e solidariedade \u00e0 militante antifascista do PSOL Porto Alegre","datePublished":"2020-05-26T19:40:52+00:00","mainEntityOfPage":{"@id":"https:\/\/psol50.org.br\/nota-apoio-solidariedade-militante-antifascista-psol-porto-alegre\/"},"wordCount":200,"publisher":{"@id":"https:\/\/psol50.org.br\/#organization"},"image":{"@id":"https:\/\/psol50.org.br\/nota-apoio-solidariedade-militante-antifascista-psol-porto-alegre\/#primaryimage"},"thumbnailUrl":"https:\/\/psol50.org.br\/inc\/uploads\/2020\/05\/20200525-antifascipoa.jpg","keywords":["amea\u00e7as","antifascista","militante","mulheres","Porto Alegre","PSOL"],"articleSection":["Mulheres"],"inLanguage":"pt-BR"},{"@type":"WebPage","@id":"https:\/\/psol50.org.br\/nota-apoio-solidariedade-militante-antifascista-psol-porto-alegre\/","url":"https:\/\/psol50.org.br\/nota-apoio-solidariedade-militante-antifascista-psol-porto-alegre\/","name":"Nota de apoio e solidariedade \u00e0 militante antifascista do PSOL Porto Alegre","isPartOf":{"@id":"https:\/\/psol50.org.br\/#website"},"primaryImageOfPage":{"@id":"https:\/\/psol50.org.br\/nota-apoio-solidariedade-militante-antifascista-psol-porto-alegre\/#primaryimage"},"image":{"@id":"https:\/\/psol50.org.br\/nota-apoio-solidariedade-militante-antifascista-psol-porto-alegre\/#primaryimage"},"thumbnailUrl":"https:\/\/psol50.org.br\/inc\/uploads\/2020\/05\/20200525-antifascipoa.jpg","datePublished":"2020-05-26T19:40:52+00:00","description":"Militante vem sofrendo amea\u00e7as a sua integridade f\u00edsica ap\u00f3s ter publicado em suas m\u00eddias sociais um v\u00eddeo de sua presen\u00e7a em um ato antifascista.","breadcrumb":{"@id":"https:\/\/psol50.org.br\/nota-apoio-solidariedade-militante-antifascista-psol-porto-alegre\/#breadcrumb"},"inLanguage":"pt-BR","potentialAction":[{"@type":"ReadAction","target":["https:\/\/psol50.org.br\/nota-apoio-solidariedade-militante-antifascista-psol-porto-alegre\/"]}]},{"@type":"ImageObject","inLanguage":"pt-BR","@id":"https:\/\/psol50.org.br\/nota-apoio-solidariedade-militante-antifascista-psol-porto-alegre\/#primaryimage","url":"https:\/\/psol50.org.br\/inc\/uploads\/2020\/05\/20200525-antifascipoa.jpg","contentUrl":"https:\/\/psol50.org.br\/inc\/uploads\/2020\/05\/20200525-antifascipoa.jpg","width":960,"height":639},{"@type":"BreadcrumbList","@id":"https:\/\/psol50.org.br\/nota-apoio-solidariedade-militante-antifascista-psol-porto-alegre\/#breadcrumb","itemListElement":[{"@type":"ListItem","position":1,"name":"In\u00edcio","item":"https:\/\/psol50.org.br\/"},{"@type":"ListItem","position":2,"name":"Nota de apoio e solidariedade \u00e0 militante antifascista do PSOL Porto Alegre"}]},{"@type":"WebSite","@id":"https:\/\/psol50.org.br\/#website","url":"https:\/\/psol50.org.br\/","name":"PSOL 50","description":"Site oficial do Partido Socialismo e Liberdade","publisher":{"@id":"https:\/\/psol50.org.br\/#organization"},"alternateName":"PSOL50","potentialAction":[{"@type":"SearchAction","target":{"@type":"EntryPoint","urlTemplate":"https:\/\/psol50.org.br\/?s={search_term_string}"},"query-input":{"@type":"PropertyValueSpecification","valueRequired":true,"valueName":"search_term_string"}}],"inLanguage":"pt-BR"},{"@type":"Organization","@id":"https:\/\/psol50.org.br\/#organization","name":"PSOL 50","alternateName":"PSOL 50","url":"https:\/\/psol50.org.br\/","logo":{"@type":"ImageObject","inLanguage":"pt-BR","@id":"https:\/\/psol50.org.br\/#\/schema\/logo\/image\/","url":"https:\/\/psol50.org.br\/inc\/uploads\/2018\/07\/capa.png","contentUrl":"https:\/\/psol50.org.br\/inc\/uploads\/2018\/07\/capa.png","width":1350,"height":900,"caption":"PSOL 50"},"image":{"@id":"https:\/\/psol50.org.br\/#\/schema\/logo\/image\/"},"sameAs":["https:\/\/www.facebook.com\/psol50","https:\/\/x.com\/psol50","https:\/\/www.instagram.com\/psol50\/","https:\/\/www.youtube.com\/channel\/UC7SnJS5o1os7a6CaiNabzcg"]},{"@type":"Person","@id":"https:\/\/psol50.org.br\/#\/schema\/person\/475dfa57d0b815993c714c2e96491fcd","name":"Comunica\u00e7\u00e3o PSOL","image":{"@type":"ImageObject","inLanguage":"pt-BR","@id":"https:\/\/psol50.org.br\/#\/schema\/person\/image\/","url":"https:\/\/secure.gravatar.com\/avatar\/b34fc4f4e468a4e51785917065a3db57b841f5c95dba6ad8c73aaf8f66f8f9bf?s=96&d=mm&r=g","contentUrl":"https:\/\/secure.gravatar.com\/avatar\/b34fc4f4e468a4e51785917065a3db57b841f5c95dba6ad8c73aaf8f66f8f9bf?s=96&d=mm&r=g","caption":"Comunica\u00e7\u00e3o PSOL"}}]}},"_links":{"self":[{"href":"https:\/\/psol50.org.br\/rest\/wp\/v2\/posts\/29209","targetHints":{"allow":["GET"]}}],"collection":[{"href":"https:\/\/psol50.org.br\/rest\/wp\/v2\/posts"}],"about":[{"href":"https:\/\/psol50.org.br\/rest\/wp\/v2\/types\/post"}],"author":[{"embeddable":true,"href":"https:\/\/psol50.org.br\/rest\/wp\/v2\/users\/2"}],"replies":[{"embeddable":true,"href":"https:\/\/psol50.org.br\/rest\/wp\/v2\/comments?post=29209"}],"version-history":[{"count":0,"href":"https:\/\/psol50.org.br\/rest\/wp\/v2\/posts\/29209\/revisions"}],"wp:featuredmedia":[{"embeddable":true,"href":"https:\/\/psol50.org.br\/rest\/wp\/v2\/media\/29211"}],"wp:attachment":[{"href":"https:\/\/psol50.org.br\/rest\/wp\/v2\/media?parent=29209"}],"wp:term":[{"taxonomy":"category","embeddable":true,"href":"https:\/\/psol50.org.br\/rest\/wp\/v2\/categories?post=29209"},{"taxonomy":"post_tag","embeddable":true,"href":"https:\/\/psol50.org.br\/rest\/wp\/v2\/tags?post=29209"}],"curies":[{"name":"wp","href":"https:\/\/api.w.org\/{rel}","templated":true}]}}