{"id":2923,"date":"2014-08-18T00:00:00","date_gmt":"2014-08-18T17:44:30","guid":{"rendered":"http:\/\/psol50.org.br\/arquivo\/2014\/08\/18\/organizacoes-sociais-unesco-onu-e-oea-debatem-liberdade-de-expressao-no-brasil\/"},"modified":"2014-08-18T00:00:00","modified_gmt":"2014-08-18T17:44:30","slug":"organizacoes-sociais-unesco-onu-e-oea-debatem-liberdade-de-expressao-no-brasil","status":"publish","type":"post","link":"https:\/\/psol50.org.br\/organizacoes-sociais-unesco-onu-e-oea-debatem-liberdade-de-expressao-no-brasil\/","title":{"rendered":"Organiza\u00e7\u00f5es sociais, Unesco ONU e OEA debatem liberdade de express\u00e3o no Brasil"},"content":{"rendered":"<p style=\"text-align: justify;\">\n\t<span style=\"font-family:arial,helvetica,sans-serif;\"><span style=\"font-size: 12px;\">Nesta segunda-feira (18), a partir das 19h, a Faculdade de Direito de S\u00e3o Paulo recebe o debate \u201cLiberdade de Express\u00e3o \u2013 nas m\u00eddias, nas redes e nas ruas\u201d. O evento \u00e9 uma realiza\u00e7\u00e3o do coletivo Intervozes e da ONG Artigo 19. Outros coletivos que atuam com a defesa da liberdade de express\u00e3o tamb\u00e9m marcar\u00e3o presen\u00e7a.<\/p>\n<p>\tEntre os temas a serem debatidos, est\u00e3o as viola\u00e7\u00f5es ocorridas em manifesta\u00e7\u00f5es pelo Brasil, os desafios para a democratiza\u00e7\u00e3o da radiodifus\u00e3o, viol\u00eancia contra comunicadores e o uso do processo por difama\u00e7\u00e3o para cercear a liberdade de express\u00e3o.<\/p>\n<p>\tEstar\u00e3o presentes no debate a Relatora Especial para Liberdade de Express\u00e3o da Comiss\u00e3o Interamericana de Direitos Humanos da OEA, Catalina Botero, e o ex-Relator Especial para Promo\u00e7\u00e3o e Prote\u00e7\u00e3o do Direito \u00e0 Liberdade de Opini\u00e3o e Express\u00e3o da ONU, Frank la Rue, al\u00e9m do assessor de comunica\u00e7\u00e3o e informa\u00e7\u00e3o da Unesco para o Mercosul e Chile, Guilherme Canela.<\/p>\n<p>\tSegundo Bia Barbosa, coordenadora-executiva do Intervozes, o momento pelo qual o Brasil passa \u00e9 bastante oportuno para a realiza\u00e7\u00e3o do debate.<\/p>\n<p>\t\u201cNum momento em que crescem as viola\u00e7\u00f5es ao exerc\u00edcio da liberdade de express\u00e3o no pa\u00eds, com repress\u00f5es a manifestantes e a perpetua\u00e7\u00e3o de um sistema midi\u00e1tico concentrado e excludente ao conjunto da popula\u00e7\u00e3o brasileira, poder debater a import\u00e2ncia da garantia deste direito com os relatores especiais da ONU e OEA, e ainda com a representa\u00e7\u00e3o da Unesco na regi\u00e3o, ser\u00e1 de extrema import\u00e2ncia para as organiza\u00e7\u00f5es e movimentos brasileiros\u201d, afirma.<\/p>\n<p>\tPaula Martins, diretora-executiva da Artigo 19, aponta que \u00e9 importante para a sociedade estar pr\u00f3ximas das relatorias da OEA e da ONU. \u201cUm dos objetivos do evento \u00e9 o de esclarecer sobre como mecanismos internacionais como as Relatorias da ONU e da OEA tamb\u00e9m podem ser utilizados como recurso na defesa e promo\u00e7\u00e3o da liberdade de express\u00e3o\u201d, declarou.<\/span><\/span><\/p>\n<p>&nbsp;<\/p>\n","protected":false},"excerpt":{"rendered":"<p>Nesta segunda-feira (18), a partir das 19h, a Faculdade de Direito de S\u00e3o Paulo recebe o debate \u201cLiberdade de Express\u00e3o \u2013 nas m\u00eddias, nas redes e nas ruas\u201d. O evento \u00e9 uma realiza\u00e7\u00e3o do coletivo Intervozes e da ONG Artigo 19. Outros coletivos que atuam com a defesa da liberdade de express\u00e3o tamb\u00e9m marcar\u00e3o presen\u00e7a. [&hellip;]<\/p>\n","protected":false},"author":2,"featured_media":0,"comment_status":"open","ping_status":"open","sticky":false,"template":"","format":"standard","meta":{"_acf_changed":false,"footnotes":""},"categories":[4766,6],"tags":[],"class_list":{"0":"post-2923","1":"post","2":"type-post","3":"status-publish","4":"format-standard","6":"category-arquivo","7":"category-noticias"},"acf":[],"yoast_head":"<!-- This site is optimized with the Yoast SEO plugin v26.5 - https:\/\/yoast.com\/wordpress\/plugins\/seo\/ -->\n<title>Organiza\u00e7\u00f5es sociais, Unesco ONU e OEA debatem liberdade de express\u00e3o no Brasil - PSOL 50<\/title>\n<meta name=\"robots\" content=\"index, follow, max-snippet:-1, max-image-preview:large, max-video-preview:-1\" \/>\n<link rel=\"canonical\" href=\"https:\/\/psol50.org.br\/organizacoes-sociais-unesco-onu-e-oea-debatem-liberdade-de-expressao-no-brasil\/\" \/>\n<meta property=\"og:locale\" content=\"pt_BR\" \/>\n<meta property=\"og:type\" content=\"article\" \/>\n<meta property=\"og:title\" content=\"Organiza\u00e7\u00f5es sociais, Unesco ONU e OEA debatem liberdade de express\u00e3o no Brasil - PSOL 50\" \/>\n<meta property=\"og:description\" content=\"Nesta segunda-feira (18), a partir das 19h, a Faculdade de Direito de S\u00e3o Paulo recebe o debate \u201cLiberdade de Express\u00e3o \u2013 nas m\u00eddias, nas redes e nas ruas\u201d. O evento \u00e9 uma realiza\u00e7\u00e3o do coletivo Intervozes e da ONG Artigo 19. Outros coletivos que atuam com a defesa da liberdade de express\u00e3o tamb\u00e9m marcar\u00e3o presen\u00e7a. [&hellip;]\" \/>\n<meta property=\"og:url\" content=\"https:\/\/psol50.org.br\/organizacoes-sociais-unesco-onu-e-oea-debatem-liberdade-de-expressao-no-brasil\/\" \/>\n<meta property=\"og:site_name\" content=\"PSOL 50\" \/>\n<meta property=\"article:publisher\" content=\"https:\/\/www.facebook.com\/psol50\" \/>\n<meta property=\"article:published_time\" content=\"2014-08-18T17:44:30+00:00\" \/>\n<meta property=\"og:image\" content=\"https:\/\/psol50.org.br\/inc\/uploads\/2018\/07\/capa.png\" \/>\n\t<meta property=\"og:image:width\" content=\"1350\" \/>\n\t<meta property=\"og:image:height\" content=\"900\" \/>\n\t<meta property=\"og:image:type\" content=\"image\/png\" \/>\n<meta name=\"author\" content=\"Comunica\u00e7\u00e3o PSOL\" \/>\n<meta name=\"twitter:card\" content=\"summary_large_image\" \/>\n<meta name=\"twitter:creator\" content=\"@psol50\" \/>\n<meta name=\"twitter:site\" content=\"@psol50\" \/>\n<meta name=\"twitter:label1\" content=\"Escrito por\" \/>\n\t<meta name=\"twitter:data1\" content=\"Comunica\u00e7\u00e3o PSOL\" \/>\n\t<meta name=\"twitter:label2\" content=\"Est. tempo de leitura\" \/>\n\t<meta name=\"twitter:data2\" content=\"2 minutos\" \/>\n<script type=\"application\/ld+json\" class=\"yoast-schema-graph\">{\"@context\":\"https:\/\/schema.org\",\"@graph\":[{\"@type\":\"Article\",\"@id\":\"https:\/\/psol50.org.br\/organizacoes-sociais-unesco-onu-e-oea-debatem-liberdade-de-expressao-no-brasil\/#article\",\"isPartOf\":{\"@id\":\"https:\/\/psol50.org.br\/organizacoes-sociais-unesco-onu-e-oea-debatem-liberdade-de-expressao-no-brasil\/\"},\"author\":{\"name\":\"Comunica\u00e7\u00e3o PSOL\",\"@id\":\"https:\/\/psol50.org.br\/#\/schema\/person\/475dfa57d0b815993c714c2e96491fcd\"},\"headline\":\"Organiza\u00e7\u00f5es sociais, Unesco ONU e OEA debatem liberdade de express\u00e3o no Brasil\",\"datePublished\":\"2014-08-18T17:44:30+00:00\",\"mainEntityOfPage\":{\"@id\":\"https:\/\/psol50.org.br\/organizacoes-sociais-unesco-onu-e-oea-debatem-liberdade-de-expressao-no-brasil\/\"},\"wordCount\":349,\"commentCount\":0,\"publisher\":{\"@id\":\"https:\/\/psol50.org.br\/#organization\"},\"articleSection\":[\"Arquivo\",\"Not\u00edcias\"],\"inLanguage\":\"pt-BR\",\"potentialAction\":[{\"@type\":\"CommentAction\",\"name\":\"Comment\",\"target\":[\"https:\/\/psol50.org.br\/organizacoes-sociais-unesco-onu-e-oea-debatem-liberdade-de-expressao-no-brasil\/#respond\"]}]},{\"@type\":\"WebPage\",\"@id\":\"https:\/\/psol50.org.br\/organizacoes-sociais-unesco-onu-e-oea-debatem-liberdade-de-expressao-no-brasil\/\",\"url\":\"https:\/\/psol50.org.br\/organizacoes-sociais-unesco-onu-e-oea-debatem-liberdade-de-expressao-no-brasil\/\",\"name\":\"Organiza\u00e7\u00f5es sociais, Unesco ONU e OEA debatem liberdade de express\u00e3o no Brasil - PSOL 50\",\"isPartOf\":{\"@id\":\"https:\/\/psol50.org.br\/#website\"},\"datePublished\":\"2014-08-18T17:44:30+00:00\",\"breadcrumb\":{\"@id\":\"https:\/\/psol50.org.br\/organizacoes-sociais-unesco-onu-e-oea-debatem-liberdade-de-expressao-no-brasil\/#breadcrumb\"},\"inLanguage\":\"pt-BR\",\"potentialAction\":[{\"@type\":\"ReadAction\",\"target\":[\"https:\/\/psol50.org.br\/organizacoes-sociais-unesco-onu-e-oea-debatem-liberdade-de-expressao-no-brasil\/\"]}]},{\"@type\":\"BreadcrumbList\",\"@id\":\"https:\/\/psol50.org.br\/organizacoes-sociais-unesco-onu-e-oea-debatem-liberdade-de-expressao-no-brasil\/#breadcrumb\",\"itemListElement\":[{\"@type\":\"ListItem\",\"position\":1,\"name\":\"In\u00edcio\",\"item\":\"https:\/\/psol50.org.br\/\"},{\"@type\":\"ListItem\",\"position\":2,\"name\":\"Organiza\u00e7\u00f5es sociais, Unesco ONU e OEA debatem liberdade de express\u00e3o no Brasil\"}]},{\"@type\":\"WebSite\",\"@id\":\"https:\/\/psol50.org.br\/#website\",\"url\":\"https:\/\/psol50.org.br\/\",\"name\":\"PSOL 50\",\"description\":\"Site oficial do Partido Socialismo e Liberdade\",\"publisher\":{\"@id\":\"https:\/\/psol50.org.br\/#organization\"},\"alternateName\":\"PSOL50\",\"potentialAction\":[{\"@type\":\"SearchAction\",\"target\":{\"@type\":\"EntryPoint\",\"urlTemplate\":\"https:\/\/psol50.org.br\/?s={search_term_string}\"},\"query-input\":{\"@type\":\"PropertyValueSpecification\",\"valueRequired\":true,\"valueName\":\"search_term_string\"}}],\"inLanguage\":\"pt-BR\"},{\"@type\":\"Organization\",\"@id\":\"https:\/\/psol50.org.br\/#organization\",\"name\":\"PSOL 50\",\"alternateName\":\"PSOL 50\",\"url\":\"https:\/\/psol50.org.br\/\",\"logo\":{\"@type\":\"ImageObject\",\"inLanguage\":\"pt-BR\",\"@id\":\"https:\/\/psol50.org.br\/#\/schema\/logo\/image\/\",\"url\":\"https:\/\/psol50.org.br\/inc\/uploads\/2018\/07\/capa.png\",\"contentUrl\":\"https:\/\/psol50.org.br\/inc\/uploads\/2018\/07\/capa.png\",\"width\":1350,\"height\":900,\"caption\":\"PSOL 50\"},\"image\":{\"@id\":\"https:\/\/psol50.org.br\/#\/schema\/logo\/image\/\"},\"sameAs\":[\"https:\/\/www.facebook.com\/psol50\",\"https:\/\/x.com\/psol50\",\"https:\/\/www.instagram.com\/psol50\/\",\"https:\/\/www.youtube.com\/channel\/UC7SnJS5o1os7a6CaiNabzcg\"]},{\"@type\":\"Person\",\"@id\":\"https:\/\/psol50.org.br\/#\/schema\/person\/475dfa57d0b815993c714c2e96491fcd\",\"name\":\"Comunica\u00e7\u00e3o PSOL\",\"image\":{\"@type\":\"ImageObject\",\"inLanguage\":\"pt-BR\",\"@id\":\"https:\/\/psol50.org.br\/#\/schema\/person\/image\/\",\"url\":\"https:\/\/secure.gravatar.com\/avatar\/b34fc4f4e468a4e51785917065a3db57b841f5c95dba6ad8c73aaf8f66f8f9bf?s=96&d=mm&r=g\",\"contentUrl\":\"https:\/\/secure.gravatar.com\/avatar\/b34fc4f4e468a4e51785917065a3db57b841f5c95dba6ad8c73aaf8f66f8f9bf?s=96&d=mm&r=g\",\"caption\":\"Comunica\u00e7\u00e3o PSOL\"}}]}<\/script>\n<!-- \/ Yoast SEO plugin. -->","yoast_head_json":{"title":"Organiza\u00e7\u00f5es sociais, Unesco ONU e OEA debatem liberdade de express\u00e3o no Brasil - PSOL 50","robots":{"index":"index","follow":"follow","max-snippet":"max-snippet:-1","max-image-preview":"max-image-preview:large","max-video-preview":"max-video-preview:-1"},"canonical":"https:\/\/psol50.org.br\/organizacoes-sociais-unesco-onu-e-oea-debatem-liberdade-de-expressao-no-brasil\/","og_locale":"pt_BR","og_type":"article","og_title":"Organiza\u00e7\u00f5es sociais, Unesco ONU e OEA debatem liberdade de express\u00e3o no Brasil - PSOL 50","og_description":"Nesta segunda-feira (18), a partir das 19h, a Faculdade de Direito de S\u00e3o Paulo recebe o debate \u201cLiberdade de Express\u00e3o \u2013 nas m\u00eddias, nas redes e nas ruas\u201d. O evento \u00e9 uma realiza\u00e7\u00e3o do coletivo Intervozes e da ONG Artigo 19. Outros coletivos que atuam com a defesa da liberdade de express\u00e3o tamb\u00e9m marcar\u00e3o presen\u00e7a. [&hellip;]","og_url":"https:\/\/psol50.org.br\/organizacoes-sociais-unesco-onu-e-oea-debatem-liberdade-de-expressao-no-brasil\/","og_site_name":"PSOL 50","article_publisher":"https:\/\/www.facebook.com\/psol50","article_published_time":"2014-08-18T17:44:30+00:00","og_image":[{"width":1350,"height":900,"url":"https:\/\/psol50.org.br\/inc\/uploads\/2018\/07\/capa.png","type":"image\/png"}],"author":"Comunica\u00e7\u00e3o PSOL","twitter_card":"summary_large_image","twitter_creator":"@psol50","twitter_site":"@psol50","twitter_misc":{"Escrito por":"Comunica\u00e7\u00e3o PSOL","Est. tempo de leitura":"2 minutos"},"schema":{"@context":"https:\/\/schema.org","@graph":[{"@type":"Article","@id":"https:\/\/psol50.org.br\/organizacoes-sociais-unesco-onu-e-oea-debatem-liberdade-de-expressao-no-brasil\/#article","isPartOf":{"@id":"https:\/\/psol50.org.br\/organizacoes-sociais-unesco-onu-e-oea-debatem-liberdade-de-expressao-no-brasil\/"},"author":{"name":"Comunica\u00e7\u00e3o PSOL","@id":"https:\/\/psol50.org.br\/#\/schema\/person\/475dfa57d0b815993c714c2e96491fcd"},"headline":"Organiza\u00e7\u00f5es sociais, Unesco ONU e OEA debatem liberdade de express\u00e3o no Brasil","datePublished":"2014-08-18T17:44:30+00:00","mainEntityOfPage":{"@id":"https:\/\/psol50.org.br\/organizacoes-sociais-unesco-onu-e-oea-debatem-liberdade-de-expressao-no-brasil\/"},"wordCount":349,"commentCount":0,"publisher":{"@id":"https:\/\/psol50.org.br\/#organization"},"articleSection":["Arquivo","Not\u00edcias"],"inLanguage":"pt-BR","potentialAction":[{"@type":"CommentAction","name":"Comment","target":["https:\/\/psol50.org.br\/organizacoes-sociais-unesco-onu-e-oea-debatem-liberdade-de-expressao-no-brasil\/#respond"]}]},{"@type":"WebPage","@id":"https:\/\/psol50.org.br\/organizacoes-sociais-unesco-onu-e-oea-debatem-liberdade-de-expressao-no-brasil\/","url":"https:\/\/psol50.org.br\/organizacoes-sociais-unesco-onu-e-oea-debatem-liberdade-de-expressao-no-brasil\/","name":"Organiza\u00e7\u00f5es sociais, Unesco ONU e OEA debatem liberdade de express\u00e3o no Brasil - PSOL 50","isPartOf":{"@id":"https:\/\/psol50.org.br\/#website"},"datePublished":"2014-08-18T17:44:30+00:00","breadcrumb":{"@id":"https:\/\/psol50.org.br\/organizacoes-sociais-unesco-onu-e-oea-debatem-liberdade-de-expressao-no-brasil\/#breadcrumb"},"inLanguage":"pt-BR","potentialAction":[{"@type":"ReadAction","target":["https:\/\/psol50.org.br\/organizacoes-sociais-unesco-onu-e-oea-debatem-liberdade-de-expressao-no-brasil\/"]}]},{"@type":"BreadcrumbList","@id":"https:\/\/psol50.org.br\/organizacoes-sociais-unesco-onu-e-oea-debatem-liberdade-de-expressao-no-brasil\/#breadcrumb","itemListElement":[{"@type":"ListItem","position":1,"name":"In\u00edcio","item":"https:\/\/psol50.org.br\/"},{"@type":"ListItem","position":2,"name":"Organiza\u00e7\u00f5es sociais, Unesco ONU e OEA debatem liberdade de express\u00e3o no Brasil"}]},{"@type":"WebSite","@id":"https:\/\/psol50.org.br\/#website","url":"https:\/\/psol50.org.br\/","name":"PSOL 50","description":"Site oficial do Partido Socialismo e Liberdade","publisher":{"@id":"https:\/\/psol50.org.br\/#organization"},"alternateName":"PSOL50","potentialAction":[{"@type":"SearchAction","target":{"@type":"EntryPoint","urlTemplate":"https:\/\/psol50.org.br\/?s={search_term_string}"},"query-input":{"@type":"PropertyValueSpecification","valueRequired":true,"valueName":"search_term_string"}}],"inLanguage":"pt-BR"},{"@type":"Organization","@id":"https:\/\/psol50.org.br\/#organization","name":"PSOL 50","alternateName":"PSOL 50","url":"https:\/\/psol50.org.br\/","logo":{"@type":"ImageObject","inLanguage":"pt-BR","@id":"https:\/\/psol50.org.br\/#\/schema\/logo\/image\/","url":"https:\/\/psol50.org.br\/inc\/uploads\/2018\/07\/capa.png","contentUrl":"https:\/\/psol50.org.br\/inc\/uploads\/2018\/07\/capa.png","width":1350,"height":900,"caption":"PSOL 50"},"image":{"@id":"https:\/\/psol50.org.br\/#\/schema\/logo\/image\/"},"sameAs":["https:\/\/www.facebook.com\/psol50","https:\/\/x.com\/psol50","https:\/\/www.instagram.com\/psol50\/","https:\/\/www.youtube.com\/channel\/UC7SnJS5o1os7a6CaiNabzcg"]},{"@type":"Person","@id":"https:\/\/psol50.org.br\/#\/schema\/person\/475dfa57d0b815993c714c2e96491fcd","name":"Comunica\u00e7\u00e3o PSOL","image":{"@type":"ImageObject","inLanguage":"pt-BR","@id":"https:\/\/psol50.org.br\/#\/schema\/person\/image\/","url":"https:\/\/secure.gravatar.com\/avatar\/b34fc4f4e468a4e51785917065a3db57b841f5c95dba6ad8c73aaf8f66f8f9bf?s=96&d=mm&r=g","contentUrl":"https:\/\/secure.gravatar.com\/avatar\/b34fc4f4e468a4e51785917065a3db57b841f5c95dba6ad8c73aaf8f66f8f9bf?s=96&d=mm&r=g","caption":"Comunica\u00e7\u00e3o PSOL"}}]}},"_links":{"self":[{"href":"https:\/\/psol50.org.br\/rest\/wp\/v2\/posts\/2923","targetHints":{"allow":["GET"]}}],"collection":[{"href":"https:\/\/psol50.org.br\/rest\/wp\/v2\/posts"}],"about":[{"href":"https:\/\/psol50.org.br\/rest\/wp\/v2\/types\/post"}],"author":[{"embeddable":true,"href":"https:\/\/psol50.org.br\/rest\/wp\/v2\/users\/2"}],"replies":[{"embeddable":true,"href":"https:\/\/psol50.org.br\/rest\/wp\/v2\/comments?post=2923"}],"version-history":[{"count":0,"href":"https:\/\/psol50.org.br\/rest\/wp\/v2\/posts\/2923\/revisions"}],"wp:attachment":[{"href":"https:\/\/psol50.org.br\/rest\/wp\/v2\/media?parent=2923"}],"wp:term":[{"taxonomy":"category","embeddable":true,"href":"https:\/\/psol50.org.br\/rest\/wp\/v2\/categories?post=2923"},{"taxonomy":"post_tag","embeddable":true,"href":"https:\/\/psol50.org.br\/rest\/wp\/v2\/tags?post=2923"}],"curies":[{"name":"wp","href":"https:\/\/api.w.org\/{rel}","templated":true}]}}