{"id":29251,"date":"2020-05-28T12:47:50","date_gmt":"2020-05-28T15:47:50","guid":{"rendered":"https:\/\/psol50.org.br\/?p=29251"},"modified":"2020-05-28T12:47:50","modified_gmt":"2020-05-28T15:47:50","slug":"psol-cobra-explicacoes-do-ministerio-da-saude-apos-militarizacao-e-venda-de-cargos","status":"publish","type":"post","link":"https:\/\/psol50.org.br\/psol-cobra-explicacoes-do-ministerio-da-saude-apos-militarizacao-e-venda-de-cargos\/","title":{"rendered":"PSOL cobra explica\u00e7\u00f5es do Minist\u00e9rio da Sa\u00fade ap\u00f3s militariza\u00e7\u00e3o e venda de cargos"},"content":{"rendered":"<p><a href=\"https:\/\/impeachmentpopular.com.br\/\" target=\"_blank\" rel=\"noopener noreferrer\"><img loading=\"lazy\" decoding=\"async\" class=\"alignnone size-full wp-image-29118\" src=\"https:\/\/psol50.org.br\/inc\/uploads\/2020\/05\/Email_Impeachment.png\" alt=\"\" width=\"1080\" height=\"250\" srcset=\"https:\/\/psol50.org.br\/inc\/uploads\/2020\/05\/Email_Impeachment.png 1080w, https:\/\/psol50.org.br\/inc\/uploads\/2020\/05\/Email_Impeachment-300x69.png 300w, https:\/\/psol50.org.br\/inc\/uploads\/2020\/05\/Email_Impeachment-1024x237.png 1024w, https:\/\/psol50.org.br\/inc\/uploads\/2020\/05\/Email_Impeachment-768x178.png 768w, https:\/\/psol50.org.br\/inc\/uploads\/2020\/05\/Email_Impeachment-150x35.png 150w, https:\/\/psol50.org.br\/inc\/uploads\/2020\/05\/Email_Impeachment-696x161.png 696w, https:\/\/psol50.org.br\/inc\/uploads\/2020\/05\/Email_Impeachment-1068x247.png 1068w\" sizes=\"auto, (max-width: 1080px) 100vw, 1080px\" \/><\/a><\/p>\n<p>A bancada do PSOL na C\u00e2mara protocolou, na \u00faltima quarta-feira (27), um <strong><a href=\"https:\/\/psol50.org.br\/inc\/uploads\/2020\/05\/RIC-532-2020.pdf\" target=\"_blank\" rel=\"noopener noreferrer\">requerimento formal de informa\u00e7\u00f5es endere\u00e7ado ao Ministro da Sa\u00fade em exerc\u00edcio<\/a><\/strong>, Eduardo Pazuello, sobre as den\u00fancias de militariza\u00e7\u00e3o e negocia\u00e7\u00f5es de cargos em comiss\u00f5es e fun\u00e7\u00f5es de confian\u00e7a em troca de apoio pol\u00edtico. O documento tamb\u00e9m questiona sobre os protocolos no uso da cloroquina no tratamento da Covid-19.<\/p>\n<p>Entre outras coisas, o requerimento de informa\u00e7\u00f5es pergunta quantas nomea\u00e7\u00f5es e exonera\u00e7\u00f5es, e em que cargos, foram realizadas no gabinete do ministro, na Diretoria de Integridade (DINTEG), na Consultoria Jur\u00eddica (CONJUR) e no Departamento Nacional de Auditoria do SUS (DENASUS) durante a gest\u00e3o tempor\u00e1ria de Eduardo Pazuello.<\/p>\n<p>O requerimento tamb\u00e9m pede que sejam anexadas \u00e0 resposta as c\u00f3pias dos despachos e comunica\u00e7\u00f5es referentes \u00e0s nomea\u00e7\u00f5es, incluindo \u00f3rg\u00e3o de origem e distin\u00e7\u00e3o entre servidores civis e militares.<\/p>\n<p>Tamb\u00e9m pede que sejam esclarecidas quais s\u00e3o exatamente as pol\u00edticas, planos ou programas que n\u00e3o deram certo sob gest\u00e3o de servidores civis. A pergunta se refere a uma entrevista concedida \u00e0 R\u00e1dio Jovem Pan na \u00faltima sexta-feira (22), na qual o presidente Jair Bolsonaro declarou: \u201cO Pazuello \u00e9 general de intend\u00eancia, do Ex\u00e9rcito, est\u00e1 dando certo. Agora, est\u00e1 mudando muita gente l\u00e1 [no Minist\u00e9rio da Sa\u00fade]. Ah, est\u00e1 enchendo de militar. Vai botar mais militares sim, porque com civis n\u00e3o deu certo. E ponto final\u201d.<\/p>\n<p>Recentemente, os parlamentares do PSOL tamb\u00e9m enviaram um requerimento de informa\u00e7\u00f5es ao Minist\u00e9rio da Educa\u00e7\u00e3o, comandado por Abraham Weintraub, com questionamentos acerca da nomea\u00e7\u00e3o de Garingham Amarante Pinto, tamb\u00e9m ligado a setores do &#8220;Centr\u00e3o&#8221; para Diretoria de A\u00e7\u00f5es Educacionais (DIRAE) do Fundo Nacional de Desenvolvimento da Educa\u00e7\u00e3o, que movimenta um montante bilion\u00e1rio de recursos.<\/p>\n","protected":false},"excerpt":{"rendered":"<p>A bancada do PSOL na C\u00e2mara protocolou, na \u00faltima quarta-feira (27), um requerimento formal de informa\u00e7\u00f5es endere\u00e7ado ao Ministro da Sa\u00fade em exerc\u00edcio, Eduardo Pazuello, sobre as den\u00fancias de militariza\u00e7\u00e3o e negocia\u00e7\u00f5es de cargos em comiss\u00f5es e fun\u00e7\u00f5es de confian\u00e7a em troca de apoio pol\u00edtico. O documento tamb\u00e9m questiona sobre os protocolos no uso da [&hellip;]<\/p>\n","protected":false},"author":2,"featured_media":29254,"comment_status":"closed","ping_status":"open","sticky":false,"template":"","format":"standard","meta":{"_acf_changed":false,"footnotes":""},"categories":[10,6],"tags":[56,669,716,717,762,22,173],"class_list":{"0":"post-29251","1":"post","2":"type-post","3":"status-publish","4":"format-standard","5":"has-post-thumbnail","7":"category-acao-parlamentares","8":"category-noticias","9":"tag-bolsonaro","10":"tag-centrao","11":"tag-cloroquina","12":"tag-eduardo-pazuello","13":"tag-militarizacao","14":"tag-psol","15":"tag-saude"},"acf":[],"yoast_head":"<!-- This site is optimized with the Yoast SEO plugin v26.5 - https:\/\/yoast.com\/wordpress\/plugins\/seo\/ -->\n<title>PSOL cobra explica\u00e7\u00f5es do Minist\u00e9rio da Sa\u00fade ap\u00f3s militariza\u00e7\u00e3o e venda de cargos<\/title>\n<meta name=\"description\" content=\"&quot;Vai botar mais militares sim, porque com civis n\u00e3o deu certo. E ponto final\u201d, disse Bolsonaro em entrevista na semana passada.\" \/>\n<meta name=\"robots\" content=\"index, follow, max-snippet:-1, max-image-preview:large, max-video-preview:-1\" \/>\n<link rel=\"canonical\" href=\"https:\/\/psol50.org.br\/psol-cobra-explicacoes-do-ministerio-da-saude-apos-militarizacao-e-venda-de-cargos\/\" \/>\n<meta property=\"og:locale\" content=\"pt_BR\" \/>\n<meta property=\"og:type\" content=\"article\" \/>\n<meta property=\"og:title\" content=\"PSOL cobra explica\u00e7\u00f5es do Minist\u00e9rio da Sa\u00fade ap\u00f3s militariza\u00e7\u00e3o e venda de cargos\" \/>\n<meta property=\"og:description\" content=\"&quot;Vai botar mais militares sim, porque com civis n\u00e3o deu certo. E ponto final\u201d, disse Bolsonaro em entrevista na semana passada.\" \/>\n<meta property=\"og:url\" content=\"https:\/\/psol50.org.br\/psol-cobra-explicacoes-do-ministerio-da-saude-apos-militarizacao-e-venda-de-cargos\/\" \/>\n<meta property=\"og:site_name\" content=\"PSOL 50\" \/>\n<meta property=\"article:publisher\" content=\"https:\/\/www.facebook.com\/psol50\" \/>\n<meta property=\"article:published_time\" content=\"2020-05-28T15:47:50+00:00\" \/>\n<meta property=\"og:image\" content=\"https:\/\/psol50.org.br\/inc\/uploads\/2020\/05\/20200422191447368072u.jpg\" \/>\n\t<meta property=\"og:image:width\" content=\"820\" \/>\n\t<meta property=\"og:image:height\" content=\"547\" \/>\n\t<meta property=\"og:image:type\" content=\"image\/jpeg\" \/>\n<meta name=\"author\" content=\"Comunica\u00e7\u00e3o PSOL\" \/>\n<meta name=\"twitter:card\" content=\"summary_large_image\" \/>\n<meta name=\"twitter:title\" content=\"PSOL cobra explica\u00e7\u00f5es do Minist\u00e9rio da Sa\u00fade ap\u00f3s militariza\u00e7\u00e3o e venda de cargos\" \/>\n<meta name=\"twitter:description\" content=\"&quot;Vai botar mais militares sim, porque com civis n\u00e3o deu certo. E ponto final\u201d, disse Bolsonaro em entrevista na semana passada.\" \/>\n<meta name=\"twitter:image\" content=\"https:\/\/psol50.org.br\/inc\/uploads\/2020\/05\/20200422191447368072u.jpg\" \/>\n<meta name=\"twitter:creator\" content=\"@psol50\" \/>\n<meta name=\"twitter:site\" content=\"@psol50\" \/>\n<meta name=\"twitter:label1\" content=\"Escrito por\" \/>\n\t<meta name=\"twitter:data1\" content=\"Comunica\u00e7\u00e3o PSOL\" \/>\n\t<meta name=\"twitter:label2\" content=\"Est. tempo de leitura\" \/>\n\t<meta name=\"twitter:data2\" content=\"2 minutos\" \/>\n<script type=\"application\/ld+json\" class=\"yoast-schema-graph\">{\"@context\":\"https:\/\/schema.org\",\"@graph\":[{\"@type\":\"Article\",\"@id\":\"https:\/\/psol50.org.br\/psol-cobra-explicacoes-do-ministerio-da-saude-apos-militarizacao-e-venda-de-cargos\/#article\",\"isPartOf\":{\"@id\":\"https:\/\/psol50.org.br\/psol-cobra-explicacoes-do-ministerio-da-saude-apos-militarizacao-e-venda-de-cargos\/\"},\"author\":{\"name\":\"Comunica\u00e7\u00e3o PSOL\",\"@id\":\"https:\/\/psol50.org.br\/#\/schema\/person\/475dfa57d0b815993c714c2e96491fcd\"},\"headline\":\"PSOL cobra explica\u00e7\u00f5es do Minist\u00e9rio da Sa\u00fade ap\u00f3s militariza\u00e7\u00e3o e venda de cargos\",\"datePublished\":\"2020-05-28T15:47:50+00:00\",\"mainEntityOfPage\":{\"@id\":\"https:\/\/psol50.org.br\/psol-cobra-explicacoes-do-ministerio-da-saude-apos-militarizacao-e-venda-de-cargos\/\"},\"wordCount\":334,\"publisher\":{\"@id\":\"https:\/\/psol50.org.br\/#organization\"},\"image\":{\"@id\":\"https:\/\/psol50.org.br\/psol-cobra-explicacoes-do-ministerio-da-saude-apos-militarizacao-e-venda-de-cargos\/#primaryimage\"},\"thumbnailUrl\":\"https:\/\/psol50.org.br\/inc\/uploads\/2020\/05\/20200422191447368072u.jpg\",\"keywords\":[\"Bolsonaro\",\"centr\u00e3o\",\"cloroquina\",\"eduardo pazuello\",\"militariza\u00e7\u00e3o\",\"PSOL\",\"sa\u00fade\"],\"articleSection\":[\"A\u00e7\u00e3o Parlamentar\",\"Not\u00edcias\"],\"inLanguage\":\"pt-BR\"},{\"@type\":\"WebPage\",\"@id\":\"https:\/\/psol50.org.br\/psol-cobra-explicacoes-do-ministerio-da-saude-apos-militarizacao-e-venda-de-cargos\/\",\"url\":\"https:\/\/psol50.org.br\/psol-cobra-explicacoes-do-ministerio-da-saude-apos-militarizacao-e-venda-de-cargos\/\",\"name\":\"PSOL cobra explica\u00e7\u00f5es do Minist\u00e9rio da Sa\u00fade ap\u00f3s militariza\u00e7\u00e3o e venda de cargos\",\"isPartOf\":{\"@id\":\"https:\/\/psol50.org.br\/#website\"},\"primaryImageOfPage\":{\"@id\":\"https:\/\/psol50.org.br\/psol-cobra-explicacoes-do-ministerio-da-saude-apos-militarizacao-e-venda-de-cargos\/#primaryimage\"},\"image\":{\"@id\":\"https:\/\/psol50.org.br\/psol-cobra-explicacoes-do-ministerio-da-saude-apos-militarizacao-e-venda-de-cargos\/#primaryimage\"},\"thumbnailUrl\":\"https:\/\/psol50.org.br\/inc\/uploads\/2020\/05\/20200422191447368072u.jpg\",\"datePublished\":\"2020-05-28T15:47:50+00:00\",\"description\":\"\\\"Vai botar mais militares sim, porque com civis n\u00e3o deu certo. E ponto final\u201d, disse Bolsonaro em entrevista na semana passada.\",\"breadcrumb\":{\"@id\":\"https:\/\/psol50.org.br\/psol-cobra-explicacoes-do-ministerio-da-saude-apos-militarizacao-e-venda-de-cargos\/#breadcrumb\"},\"inLanguage\":\"pt-BR\",\"potentialAction\":[{\"@type\":\"ReadAction\",\"target\":[\"https:\/\/psol50.org.br\/psol-cobra-explicacoes-do-ministerio-da-saude-apos-militarizacao-e-venda-de-cargos\/\"]}]},{\"@type\":\"ImageObject\",\"inLanguage\":\"pt-BR\",\"@id\":\"https:\/\/psol50.org.br\/psol-cobra-explicacoes-do-ministerio-da-saude-apos-militarizacao-e-venda-de-cargos\/#primaryimage\",\"url\":\"https:\/\/psol50.org.br\/inc\/uploads\/2020\/05\/20200422191447368072u.jpg\",\"contentUrl\":\"https:\/\/psol50.org.br\/inc\/uploads\/2020\/05\/20200422191447368072u.jpg\",\"width\":820,\"height\":547,\"caption\":\"Foto: Alan Santos\/PR\"},{\"@type\":\"BreadcrumbList\",\"@id\":\"https:\/\/psol50.org.br\/psol-cobra-explicacoes-do-ministerio-da-saude-apos-militarizacao-e-venda-de-cargos\/#breadcrumb\",\"itemListElement\":[{\"@type\":\"ListItem\",\"position\":1,\"name\":\"In\u00edcio\",\"item\":\"https:\/\/psol50.org.br\/\"},{\"@type\":\"ListItem\",\"position\":2,\"name\":\"PSOL cobra explica\u00e7\u00f5es do Minist\u00e9rio da Sa\u00fade ap\u00f3s militariza\u00e7\u00e3o e venda de cargos\"}]},{\"@type\":\"WebSite\",\"@id\":\"https:\/\/psol50.org.br\/#website\",\"url\":\"https:\/\/psol50.org.br\/\",\"name\":\"PSOL 50\",\"description\":\"Site oficial do Partido Socialismo e Liberdade\",\"publisher\":{\"@id\":\"https:\/\/psol50.org.br\/#organization\"},\"alternateName\":\"PSOL50\",\"potentialAction\":[{\"@type\":\"SearchAction\",\"target\":{\"@type\":\"EntryPoint\",\"urlTemplate\":\"https:\/\/psol50.org.br\/?s={search_term_string}\"},\"query-input\":{\"@type\":\"PropertyValueSpecification\",\"valueRequired\":true,\"valueName\":\"search_term_string\"}}],\"inLanguage\":\"pt-BR\"},{\"@type\":\"Organization\",\"@id\":\"https:\/\/psol50.org.br\/#organization\",\"name\":\"PSOL 50\",\"alternateName\":\"PSOL 50\",\"url\":\"https:\/\/psol50.org.br\/\",\"logo\":{\"@type\":\"ImageObject\",\"inLanguage\":\"pt-BR\",\"@id\":\"https:\/\/psol50.org.br\/#\/schema\/logo\/image\/\",\"url\":\"https:\/\/psol50.org.br\/inc\/uploads\/2018\/07\/capa.png\",\"contentUrl\":\"https:\/\/psol50.org.br\/inc\/uploads\/2018\/07\/capa.png\",\"width\":1350,\"height\":900,\"caption\":\"PSOL 50\"},\"image\":{\"@id\":\"https:\/\/psol50.org.br\/#\/schema\/logo\/image\/\"},\"sameAs\":[\"https:\/\/www.facebook.com\/psol50\",\"https:\/\/x.com\/psol50\",\"https:\/\/www.instagram.com\/psol50\/\",\"https:\/\/www.youtube.com\/channel\/UC7SnJS5o1os7a6CaiNabzcg\"]},{\"@type\":\"Person\",\"@id\":\"https:\/\/psol50.org.br\/#\/schema\/person\/475dfa57d0b815993c714c2e96491fcd\",\"name\":\"Comunica\u00e7\u00e3o PSOL\",\"image\":{\"@type\":\"ImageObject\",\"inLanguage\":\"pt-BR\",\"@id\":\"https:\/\/psol50.org.br\/#\/schema\/person\/image\/\",\"url\":\"https:\/\/secure.gravatar.com\/avatar\/b34fc4f4e468a4e51785917065a3db57b841f5c95dba6ad8c73aaf8f66f8f9bf?s=96&d=mm&r=g\",\"contentUrl\":\"https:\/\/secure.gravatar.com\/avatar\/b34fc4f4e468a4e51785917065a3db57b841f5c95dba6ad8c73aaf8f66f8f9bf?s=96&d=mm&r=g\",\"caption\":\"Comunica\u00e7\u00e3o PSOL\"}}]}<\/script>\n<!-- \/ Yoast SEO plugin. -->","yoast_head_json":{"title":"PSOL cobra explica\u00e7\u00f5es do Minist\u00e9rio da Sa\u00fade ap\u00f3s militariza\u00e7\u00e3o e venda de cargos","description":"\"Vai botar mais militares sim, porque com civis n\u00e3o deu certo. E ponto final\u201d, disse Bolsonaro em entrevista na semana passada.","robots":{"index":"index","follow":"follow","max-snippet":"max-snippet:-1","max-image-preview":"max-image-preview:large","max-video-preview":"max-video-preview:-1"},"canonical":"https:\/\/psol50.org.br\/psol-cobra-explicacoes-do-ministerio-da-saude-apos-militarizacao-e-venda-de-cargos\/","og_locale":"pt_BR","og_type":"article","og_title":"PSOL cobra explica\u00e7\u00f5es do Minist\u00e9rio da Sa\u00fade ap\u00f3s militariza\u00e7\u00e3o e venda de cargos","og_description":"\"Vai botar mais militares sim, porque com civis n\u00e3o deu certo. E ponto final\u201d, disse Bolsonaro em entrevista na semana passada.","og_url":"https:\/\/psol50.org.br\/psol-cobra-explicacoes-do-ministerio-da-saude-apos-militarizacao-e-venda-de-cargos\/","og_site_name":"PSOL 50","article_publisher":"https:\/\/www.facebook.com\/psol50","article_published_time":"2020-05-28T15:47:50+00:00","og_image":[{"width":820,"height":547,"url":"https:\/\/psol50.org.br\/inc\/uploads\/2020\/05\/20200422191447368072u.jpg","type":"image\/jpeg"}],"author":"Comunica\u00e7\u00e3o PSOL","twitter_card":"summary_large_image","twitter_title":"PSOL cobra explica\u00e7\u00f5es do Minist\u00e9rio da Sa\u00fade ap\u00f3s militariza\u00e7\u00e3o e venda de cargos","twitter_description":"\"Vai botar mais militares sim, porque com civis n\u00e3o deu certo. E ponto final\u201d, disse Bolsonaro em entrevista na semana passada.","twitter_image":"https:\/\/psol50.org.br\/inc\/uploads\/2020\/05\/20200422191447368072u.jpg","twitter_creator":"@psol50","twitter_site":"@psol50","twitter_misc":{"Escrito por":"Comunica\u00e7\u00e3o PSOL","Est. tempo de leitura":"2 minutos"},"schema":{"@context":"https:\/\/schema.org","@graph":[{"@type":"Article","@id":"https:\/\/psol50.org.br\/psol-cobra-explicacoes-do-ministerio-da-saude-apos-militarizacao-e-venda-de-cargos\/#article","isPartOf":{"@id":"https:\/\/psol50.org.br\/psol-cobra-explicacoes-do-ministerio-da-saude-apos-militarizacao-e-venda-de-cargos\/"},"author":{"name":"Comunica\u00e7\u00e3o PSOL","@id":"https:\/\/psol50.org.br\/#\/schema\/person\/475dfa57d0b815993c714c2e96491fcd"},"headline":"PSOL cobra explica\u00e7\u00f5es do Minist\u00e9rio da Sa\u00fade ap\u00f3s militariza\u00e7\u00e3o e venda de cargos","datePublished":"2020-05-28T15:47:50+00:00","mainEntityOfPage":{"@id":"https:\/\/psol50.org.br\/psol-cobra-explicacoes-do-ministerio-da-saude-apos-militarizacao-e-venda-de-cargos\/"},"wordCount":334,"publisher":{"@id":"https:\/\/psol50.org.br\/#organization"},"image":{"@id":"https:\/\/psol50.org.br\/psol-cobra-explicacoes-do-ministerio-da-saude-apos-militarizacao-e-venda-de-cargos\/#primaryimage"},"thumbnailUrl":"https:\/\/psol50.org.br\/inc\/uploads\/2020\/05\/20200422191447368072u.jpg","keywords":["Bolsonaro","centr\u00e3o","cloroquina","eduardo pazuello","militariza\u00e7\u00e3o","PSOL","sa\u00fade"],"articleSection":["A\u00e7\u00e3o Parlamentar","Not\u00edcias"],"inLanguage":"pt-BR"},{"@type":"WebPage","@id":"https:\/\/psol50.org.br\/psol-cobra-explicacoes-do-ministerio-da-saude-apos-militarizacao-e-venda-de-cargos\/","url":"https:\/\/psol50.org.br\/psol-cobra-explicacoes-do-ministerio-da-saude-apos-militarizacao-e-venda-de-cargos\/","name":"PSOL cobra explica\u00e7\u00f5es do Minist\u00e9rio da Sa\u00fade ap\u00f3s militariza\u00e7\u00e3o e venda de cargos","isPartOf":{"@id":"https:\/\/psol50.org.br\/#website"},"primaryImageOfPage":{"@id":"https:\/\/psol50.org.br\/psol-cobra-explicacoes-do-ministerio-da-saude-apos-militarizacao-e-venda-de-cargos\/#primaryimage"},"image":{"@id":"https:\/\/psol50.org.br\/psol-cobra-explicacoes-do-ministerio-da-saude-apos-militarizacao-e-venda-de-cargos\/#primaryimage"},"thumbnailUrl":"https:\/\/psol50.org.br\/inc\/uploads\/2020\/05\/20200422191447368072u.jpg","datePublished":"2020-05-28T15:47:50+00:00","description":"\"Vai botar mais militares sim, porque com civis n\u00e3o deu certo. E ponto final\u201d, disse Bolsonaro em entrevista na semana passada.","breadcrumb":{"@id":"https:\/\/psol50.org.br\/psol-cobra-explicacoes-do-ministerio-da-saude-apos-militarizacao-e-venda-de-cargos\/#breadcrumb"},"inLanguage":"pt-BR","potentialAction":[{"@type":"ReadAction","target":["https:\/\/psol50.org.br\/psol-cobra-explicacoes-do-ministerio-da-saude-apos-militarizacao-e-venda-de-cargos\/"]}]},{"@type":"ImageObject","inLanguage":"pt-BR","@id":"https:\/\/psol50.org.br\/psol-cobra-explicacoes-do-ministerio-da-saude-apos-militarizacao-e-venda-de-cargos\/#primaryimage","url":"https:\/\/psol50.org.br\/inc\/uploads\/2020\/05\/20200422191447368072u.jpg","contentUrl":"https:\/\/psol50.org.br\/inc\/uploads\/2020\/05\/20200422191447368072u.jpg","width":820,"height":547,"caption":"Foto: Alan Santos\/PR"},{"@type":"BreadcrumbList","@id":"https:\/\/psol50.org.br\/psol-cobra-explicacoes-do-ministerio-da-saude-apos-militarizacao-e-venda-de-cargos\/#breadcrumb","itemListElement":[{"@type":"ListItem","position":1,"name":"In\u00edcio","item":"https:\/\/psol50.org.br\/"},{"@type":"ListItem","position":2,"name":"PSOL cobra explica\u00e7\u00f5es do Minist\u00e9rio da Sa\u00fade ap\u00f3s militariza\u00e7\u00e3o e venda de cargos"}]},{"@type":"WebSite","@id":"https:\/\/psol50.org.br\/#website","url":"https:\/\/psol50.org.br\/","name":"PSOL 50","description":"Site oficial do Partido Socialismo e Liberdade","publisher":{"@id":"https:\/\/psol50.org.br\/#organization"},"alternateName":"PSOL50","potentialAction":[{"@type":"SearchAction","target":{"@type":"EntryPoint","urlTemplate":"https:\/\/psol50.org.br\/?s={search_term_string}"},"query-input":{"@type":"PropertyValueSpecification","valueRequired":true,"valueName":"search_term_string"}}],"inLanguage":"pt-BR"},{"@type":"Organization","@id":"https:\/\/psol50.org.br\/#organization","name":"PSOL 50","alternateName":"PSOL 50","url":"https:\/\/psol50.org.br\/","logo":{"@type":"ImageObject","inLanguage":"pt-BR","@id":"https:\/\/psol50.org.br\/#\/schema\/logo\/image\/","url":"https:\/\/psol50.org.br\/inc\/uploads\/2018\/07\/capa.png","contentUrl":"https:\/\/psol50.org.br\/inc\/uploads\/2018\/07\/capa.png","width":1350,"height":900,"caption":"PSOL 50"},"image":{"@id":"https:\/\/psol50.org.br\/#\/schema\/logo\/image\/"},"sameAs":["https:\/\/www.facebook.com\/psol50","https:\/\/x.com\/psol50","https:\/\/www.instagram.com\/psol50\/","https:\/\/www.youtube.com\/channel\/UC7SnJS5o1os7a6CaiNabzcg"]},{"@type":"Person","@id":"https:\/\/psol50.org.br\/#\/schema\/person\/475dfa57d0b815993c714c2e96491fcd","name":"Comunica\u00e7\u00e3o PSOL","image":{"@type":"ImageObject","inLanguage":"pt-BR","@id":"https:\/\/psol50.org.br\/#\/schema\/person\/image\/","url":"https:\/\/secure.gravatar.com\/avatar\/b34fc4f4e468a4e51785917065a3db57b841f5c95dba6ad8c73aaf8f66f8f9bf?s=96&d=mm&r=g","contentUrl":"https:\/\/secure.gravatar.com\/avatar\/b34fc4f4e468a4e51785917065a3db57b841f5c95dba6ad8c73aaf8f66f8f9bf?s=96&d=mm&r=g","caption":"Comunica\u00e7\u00e3o PSOL"}}]}},"_links":{"self":[{"href":"https:\/\/psol50.org.br\/rest\/wp\/v2\/posts\/29251","targetHints":{"allow":["GET"]}}],"collection":[{"href":"https:\/\/psol50.org.br\/rest\/wp\/v2\/posts"}],"about":[{"href":"https:\/\/psol50.org.br\/rest\/wp\/v2\/types\/post"}],"author":[{"embeddable":true,"href":"https:\/\/psol50.org.br\/rest\/wp\/v2\/users\/2"}],"replies":[{"embeddable":true,"href":"https:\/\/psol50.org.br\/rest\/wp\/v2\/comments?post=29251"}],"version-history":[{"count":0,"href":"https:\/\/psol50.org.br\/rest\/wp\/v2\/posts\/29251\/revisions"}],"wp:featuredmedia":[{"embeddable":true,"href":"https:\/\/psol50.org.br\/rest\/wp\/v2\/media\/29254"}],"wp:attachment":[{"href":"https:\/\/psol50.org.br\/rest\/wp\/v2\/media?parent=29251"}],"wp:term":[{"taxonomy":"category","embeddable":true,"href":"https:\/\/psol50.org.br\/rest\/wp\/v2\/categories?post=29251"},{"taxonomy":"post_tag","embeddable":true,"href":"https:\/\/psol50.org.br\/rest\/wp\/v2\/tags?post=29251"}],"curies":[{"name":"wp","href":"https:\/\/api.w.org\/{rel}","templated":true}]}}