{"id":29257,"date":"2020-05-28T13:25:57","date_gmt":"2020-05-28T16:25:57","guid":{"rendered":"https:\/\/psol50.org.br\/?p=29257"},"modified":"2020-05-28T13:25:57","modified_gmt":"2020-05-28T16:25:57","slug":"dani-monteiro-quem-voce-pensa-que-vive-nas-favelas","status":"publish","type":"post","link":"https:\/\/psol50.org.br\/dani-monteiro-quem-voce-pensa-que-vive-nas-favelas\/","title":{"rendered":"Dani Monteiro | Quem voc\u00ea pensa que vive nas favelas?"},"content":{"rendered":"<p><em><a href=\"https:\/\/impeachmentpopular.com.br\/\" target=\"_blank\" rel=\"noopener noreferrer\"><img loading=\"lazy\" decoding=\"async\" class=\"alignnone size-full wp-image-29118\" src=\"https:\/\/psol50.org.br\/inc\/uploads\/2020\/05\/Email_Impeachment.png\" alt=\"\" width=\"1080\" height=\"250\" srcset=\"https:\/\/psol50.org.br\/inc\/uploads\/2020\/05\/Email_Impeachment.png 1080w, https:\/\/psol50.org.br\/inc\/uploads\/2020\/05\/Email_Impeachment-300x69.png 300w, https:\/\/psol50.org.br\/inc\/uploads\/2020\/05\/Email_Impeachment-1024x237.png 1024w, https:\/\/psol50.org.br\/inc\/uploads\/2020\/05\/Email_Impeachment-768x178.png 768w, https:\/\/psol50.org.br\/inc\/uploads\/2020\/05\/Email_Impeachment-150x35.png 150w, https:\/\/psol50.org.br\/inc\/uploads\/2020\/05\/Email_Impeachment-696x161.png 696w, https:\/\/psol50.org.br\/inc\/uploads\/2020\/05\/Email_Impeachment-1068x247.png 1068w\" sizes=\"auto, (max-width: 1080px) 100vw, 1080px\" \/><\/a><\/em><\/p>\n<p><em><a href=\"https:\/\/oglobo.globo.com\/opiniao\/artigo-quem-voce-pensa-que-vive-nas-favelas-24447912\" target=\"_blank\" rel=\"noopener noreferrer\">Originalmente publicado n&#8217;O Globo<\/a><\/em><\/p>\n<p>Bandido. Desocupado. Traficante. Vagabundo. Criminoso. Gente \u00e0 toa. A lista de termos nada honrosos usados para caracterizar moradores de favelas \u00e9 extensa. Aos olhos de quem vive no asfalto, amea\u00e7a. Sob a mira sem d\u00f3 da PM em suas opera\u00e7\u00f5es t\u00e1ticas, corpos a perfurar sem culpa. Para a elite, o local de exotifica\u00e7\u00e3o no Rock in Rio ou em document\u00e1rios sobre viol\u00eancia no Brasil. Nesses territ\u00f3rios estigmatizados, os fuzis disparam sem tr\u00e9gua e sem considerar carteiras de trabalho, hist\u00f3rico escolar ou afetos de quem jaz no ch\u00e3o como se n\u00e3o fosse algu\u00e9m. Com a pandemia, a Covid-19 tamb\u00e9m arrombando portas sem pedir licen\u00e7a, o risco tornou-se duplo. Esquivando-se dos tiros e do v\u00edrus h\u00e1 nomes e sobrenomes que o Estado insiste em n\u00e3o proteger e que a sociedade teima em n\u00e3o ver. A pergunta do t\u00edtulo, portanto, n\u00e3o \u00e9 ret\u00f3rica.<\/p>\n<p>No Rio de Janeiro, cidade brasileira com maior concentra\u00e7\u00e3o de pessoas vivendo em favelas, mais de 1,3 milh\u00e3o de pessoas, segundo o IBGE, se espremem em complexos que crescem at\u00e9 onde a geografia alcan\u00e7a e a necessidade imp\u00f5e. Sinuosamente, as vielas se estreitam na mesma medida em que se prolongam. E \u00e9 nesse mesmo lugar onde se morre tanto pela neglig\u00eancia, representada pela falta de servi\u00e7os b\u00e1sicos, como pela a\u00e7\u00e3o do Estado, simbolizada pela viol\u00eancia dos caveir\u00f5es, que moradores movimentam R$ 119,8 bilh\u00f5es por ano, como aponta a pesquisa \u201cEconomia das Favelas &#8211; Renda e Consumo nas Favelas Brasileiras\u201d, desenvolvida pelos institutos Data Favela e Locomotiva. Trata-se de um volume de renda superior ao de 20 estados da Federa\u00e7\u00e3o. Favela \u00e9 local de vida, de economia pulsante, de criatividade, mesmo que o Estado ainda deva a esses territ\u00f3rios pol\u00edticas b\u00e1sicas de saneamento, de educa\u00e7\u00e3o, de est\u00edmulo \u00e0 cultura e economia.<\/p>\n<p>A despeito das cifras e de quem lucra e acumula capital e poder, as favelas e seus moradores seguem estereotipados. A sua representa\u00e7\u00e3o social como lugar de car\u00eancia, precariedade e perigo, muito perigo, dada desde os anos 1990, persiste. A &#8220;Cidade partida&#8221; de que nos falou Zuenir Ventura parece nunca ter estado t\u00e3o esgar\u00e7ada. &#8220;No asfalto&#8221; moram os que merecem paz e as aten\u00e7\u00f5es do Estado. L\u00e1, por entre as lajes e vielas, recolhem-se os que n\u00e3o t\u00eam escolha, fadados que est\u00e3o a &#8220;obedecer&#8221; a uma hierarquia institu\u00edda contra as suas vidas. O \u00f3dio de classe \u00e9 proporcional ao interesse econ\u00f4mico e poder envolvidos, assim como o desprezo pelas vidas que l\u00e1 est\u00e3o segue como um signo da heran\u00e7a da coloniza\u00e7\u00e3o e aboli\u00e7\u00e3o inconclusa.<\/p>\n<p>Est\u00e1 mais do que na hora de se criar uma representa\u00e7\u00e3o poss\u00edvel para as favelas que v\u00e1 al\u00e9m do caos. \u00c9 urgente que se enxerguem moradores de favelas como o que s\u00e3o: humanos. Gente. De carne, osso e alma, para quem cr\u00ea. Para al\u00e9m de vis\u00f5es reducionistas, h\u00e1 multiplicidade.<\/p>\n<p>Conto por experi\u00eancia pr\u00f3pria: nasci no Morro de S\u00e3o Carlos, no Centro, e fui uma crian\u00e7a como qualquer outra. Fiz amigos na vizinhan\u00e7a, soltei pipa, andei de bicicleta, joguei bola. Em casa, ouvi dos meus pais que era preciso estudar, com eles aprendi o que \u00e9 trabalho duro e rotina \u00e1rdua, na pr\u00e1tica deles entendi sobre \u00e9tica e moral. \u00c9 assim para a maioria das pessoas. Era assim para o Jo\u00e3o Pedro Matos Pinto, de 14 anos, uma das mais recentes v\u00edtimas fatais das a\u00e7\u00f5es desastradas e conjuntas das pol\u00edcias Civil e Federal. Fam\u00edlias nas favelas se organizam como em qualquer outra regi\u00e3o da cidade, desde que lhes sejam dadas oportunidades, a lembrar, educa\u00e7\u00e3o, sa\u00fade, saneamento, acesso \u00e0 cultura, lazer, trabalho e seguran\u00e7a. S\u00e3o donas de casa, pedreiros, jornalistas, enfermeiras, pol\u00edticos, mototaxistas, entregadores, estudantes, l\u00edderes religiosos, m\u00fasicos, dan\u00e7arinos e tantas outras profiss\u00f5es e ocupa\u00e7\u00f5es.<\/p>\n<p>Ao &#8220;mirar nas cabecinhas&#8221;, o governo, lamentavelmente, est\u00e1 ajudando a dizimar a sua for\u00e7a maior. V\u00edtimas da viol\u00eancia policial, a cada 23 minutos, um jovem negro \u00e9 morto no Brasil, diz a ONU. S\u00e3o 60 mil por ano. Sejamos francos, essa a\u00e7\u00e3o tem nome, \u00e9 genoc\u00eddio da juventude negra que devemos chamar. Por isso \u00e9 preciso que todos se importem, porque a viol\u00eancia interrompe mais do que a rotina, ela embarga sonhos de crian\u00e7as e faz chorar fam\u00edlias inteiras. Carregamos na mem\u00f3ria dos nossos corpos a hist\u00f3ria de viol\u00eancia e neglig\u00eancia deste estado com quem \u00e9 preto e favelado. Ainda assim, ao nos colocarmos de p\u00e9, falamos sobre as propostas da vida que exigimos viver.<\/p>\n<p>A popula\u00e7\u00e3o negra apresenta, n\u00e3o de hoje, um plano de defesa das suas vidas. Um plano de exig\u00eancia, em conson\u00e2ncia com a promessa democr\u00e1tica da Constitui\u00e7\u00e3o de 88. Faz parte desse plano o pedido para que as opera\u00e7\u00f5es t\u00e1ticas da pol\u00edcia realizadas nas comunidades sejam reavaliadas e acrescidas de intelig\u00eancia, para, no m\u00ednimo, esperar a pandemia passar. Al\u00e9m da bala, que j\u00e1 nos retirava a humanidade de modo fatal, agora h\u00e1 o v\u00edrus, que nos espreita fortemente pela aus\u00eancia de pol\u00edticas b\u00e1sicas.<\/p>\n<p>N\u00e3o aceitamos mais a desumaniza\u00e7\u00e3o como justificativa dos erros do Estado. A bem da verdade, n\u00e3o importa quem voc\u00ea pensava que vivia nas favelas. Hoje voc\u00ea, como parte deste Estado, tamb\u00e9m morre quando o nosso sangue preto escorre. Menos humano, menos gente \u00e9 quem ignora essas vidas. Quem voc\u00ea pensa que \u00e9?<\/p>\n<p><strong><em>Dani Monteiro \u00e9 deputada estadual (PSOL\/RJ)<\/em><\/strong><\/p>\n","protected":false},"excerpt":{"rendered":"<p>Originalmente publicado n&#8217;O Globo Bandido. Desocupado. Traficante. Vagabundo. Criminoso. Gente \u00e0 toa. A lista de termos nada honrosos usados para caracterizar moradores de favelas \u00e9 extensa. Aos olhos de quem vive no asfalto, amea\u00e7a. Sob a mira sem d\u00f3 da PM em suas opera\u00e7\u00f5es t\u00e1ticas, corpos a perfurar sem culpa. Para a elite, o local [&hellip;]<\/p>\n","protected":false},"author":2,"featured_media":29259,"comment_status":"closed","ping_status":"open","sticky":false,"template":"","format":"standard","meta":{"_acf_changed":false,"footnotes":""},"categories":[3,6],"tags":[763,764,765,728,162],"class_list":{"0":"post-29257","1":"post","2":"type-post","3":"status-publish","4":"format-standard","5":"has-post-thumbnail","7":"category-artigos-e-entrevistas","8":"category-noticias","9":"tag-dani-monteiro","10":"tag-favela","11":"tag-negros","12":"tag-policia","13":"tag-rio-de-janeiro"},"acf":[],"yoast_head":"<!-- This site is optimized with the Yoast SEO plugin v26.5 - https:\/\/yoast.com\/wordpress\/plugins\/seo\/ -->\n<title>Dani Monteiro | Quem voc\u00ea pensa que vive nas favelas? - PSOL 50<\/title>\n<meta name=\"description\" content=\"Dani Monteiro, deputada estadual do PSOL-RJ, manda o recado: &quot;N\u00e3o aceitamos mais a desumaniza\u00e7\u00e3o como justificativa dos erros do Estado&quot;.\" \/>\n<meta name=\"robots\" content=\"index, follow, max-snippet:-1, max-image-preview:large, max-video-preview:-1\" \/>\n<link rel=\"canonical\" href=\"https:\/\/psol50.org.br\/dani-monteiro-quem-voce-pensa-que-vive-nas-favelas\/\" \/>\n<meta property=\"og:locale\" content=\"pt_BR\" \/>\n<meta property=\"og:type\" content=\"article\" \/>\n<meta property=\"og:title\" content=\"Quem voc\u00ea pensa que vive nas favelas?\" \/>\n<meta property=\"og:description\" content=\"Dani Monteiro, deputada estadual do PSOL-RJ, manda o recado: &quot;N\u00e3o aceitamos mais a desumaniza\u00e7\u00e3o como justificativa dos erros do Estado&quot;.\" \/>\n<meta property=\"og:url\" content=\"https:\/\/psol50.org.br\/dani-monteiro-quem-voce-pensa-que-vive-nas-favelas\/\" \/>\n<meta property=\"og:site_name\" content=\"PSOL 50\" \/>\n<meta property=\"article:publisher\" content=\"https:\/\/www.facebook.com\/psol50\" \/>\n<meta property=\"article:published_time\" content=\"2020-05-28T16:25:57+00:00\" \/>\n<meta property=\"og:image\" content=\"https:\/\/psol50.org.br\/inc\/uploads\/2020\/05\/20191101161140_511ed291-3e3c-416b-a605-4fed70f881ab.jpeg\" \/>\n\t<meta property=\"og:image:width\" content=\"1250\" \/>\n\t<meta property=\"og:image:height\" content=\"600\" \/>\n\t<meta property=\"og:image:type\" content=\"image\/jpeg\" \/>\n<meta name=\"author\" content=\"Comunica\u00e7\u00e3o PSOL\" \/>\n<meta name=\"twitter:card\" content=\"summary_large_image\" \/>\n<meta name=\"twitter:title\" content=\"Quem voc\u00ea pensa que vive nas favelas?\" \/>\n<meta name=\"twitter:description\" content=\"Dani Monteiro, deputada estadual do PSOL-RJ, manda o recado: &quot;N\u00e3o aceitamos mais a desumaniza\u00e7\u00e3o como justificativa dos erros do Estado&quot;.\" \/>\n<meta name=\"twitter:image\" content=\"https:\/\/psol50.org.br\/inc\/uploads\/2020\/05\/20191101161140_511ed291-3e3c-416b-a605-4fed70f881ab.jpeg\" \/>\n<meta name=\"twitter:creator\" content=\"@psol50\" \/>\n<meta name=\"twitter:site\" content=\"@psol50\" \/>\n<meta name=\"twitter:label1\" content=\"Escrito por\" \/>\n\t<meta name=\"twitter:data1\" content=\"Comunica\u00e7\u00e3o PSOL\" \/>\n\t<meta name=\"twitter:label2\" content=\"Est. tempo de leitura\" \/>\n\t<meta name=\"twitter:data2\" content=\"5 minutos\" \/>\n<script type=\"application\/ld+json\" class=\"yoast-schema-graph\">{\"@context\":\"https:\/\/schema.org\",\"@graph\":[{\"@type\":\"Article\",\"@id\":\"https:\/\/psol50.org.br\/dani-monteiro-quem-voce-pensa-que-vive-nas-favelas\/#article\",\"isPartOf\":{\"@id\":\"https:\/\/psol50.org.br\/dani-monteiro-quem-voce-pensa-que-vive-nas-favelas\/\"},\"author\":{\"name\":\"Comunica\u00e7\u00e3o PSOL\",\"@id\":\"https:\/\/psol50.org.br\/#\/schema\/person\/475dfa57d0b815993c714c2e96491fcd\"},\"headline\":\"Dani Monteiro | Quem voc\u00ea pensa que vive nas favelas?\",\"datePublished\":\"2020-05-28T16:25:57+00:00\",\"mainEntityOfPage\":{\"@id\":\"https:\/\/psol50.org.br\/dani-monteiro-quem-voce-pensa-que-vive-nas-favelas\/\"},\"wordCount\":963,\"publisher\":{\"@id\":\"https:\/\/psol50.org.br\/#organization\"},\"image\":{\"@id\":\"https:\/\/psol50.org.br\/dani-monteiro-quem-voce-pensa-que-vive-nas-favelas\/#primaryimage\"},\"thumbnailUrl\":\"https:\/\/psol50.org.br\/inc\/uploads\/2020\/05\/20191101161140_511ed291-3e3c-416b-a605-4fed70f881ab.jpeg\",\"keywords\":[\"dani monteiro\",\"favela\",\"negros\",\"pol\u00edcia\",\"Rio de Janeiro\"],\"articleSection\":[\"Artigos\",\"Not\u00edcias\"],\"inLanguage\":\"pt-BR\"},{\"@type\":\"WebPage\",\"@id\":\"https:\/\/psol50.org.br\/dani-monteiro-quem-voce-pensa-que-vive-nas-favelas\/\",\"url\":\"https:\/\/psol50.org.br\/dani-monteiro-quem-voce-pensa-que-vive-nas-favelas\/\",\"name\":\"Dani Monteiro | Quem voc\u00ea pensa que vive nas favelas? - PSOL 50\",\"isPartOf\":{\"@id\":\"https:\/\/psol50.org.br\/#website\"},\"primaryImageOfPage\":{\"@id\":\"https:\/\/psol50.org.br\/dani-monteiro-quem-voce-pensa-que-vive-nas-favelas\/#primaryimage\"},\"image\":{\"@id\":\"https:\/\/psol50.org.br\/dani-monteiro-quem-voce-pensa-que-vive-nas-favelas\/#primaryimage\"},\"thumbnailUrl\":\"https:\/\/psol50.org.br\/inc\/uploads\/2020\/05\/20191101161140_511ed291-3e3c-416b-a605-4fed70f881ab.jpeg\",\"datePublished\":\"2020-05-28T16:25:57+00:00\",\"description\":\"Dani Monteiro, deputada estadual do PSOL-RJ, manda o recado: \\\"N\u00e3o aceitamos mais a desumaniza\u00e7\u00e3o como justificativa dos erros do Estado\\\".\",\"breadcrumb\":{\"@id\":\"https:\/\/psol50.org.br\/dani-monteiro-quem-voce-pensa-que-vive-nas-favelas\/#breadcrumb\"},\"inLanguage\":\"pt-BR\",\"potentialAction\":[{\"@type\":\"ReadAction\",\"target\":[\"https:\/\/psol50.org.br\/dani-monteiro-quem-voce-pensa-que-vive-nas-favelas\/\"]}]},{\"@type\":\"ImageObject\",\"inLanguage\":\"pt-BR\",\"@id\":\"https:\/\/psol50.org.br\/dani-monteiro-quem-voce-pensa-que-vive-nas-favelas\/#primaryimage\",\"url\":\"https:\/\/psol50.org.br\/inc\/uploads\/2020\/05\/20191101161140_511ed291-3e3c-416b-a605-4fed70f881ab.jpeg\",\"contentUrl\":\"https:\/\/psol50.org.br\/inc\/uploads\/2020\/05\/20191101161140_511ed291-3e3c-416b-a605-4fed70f881ab.jpeg\",\"width\":1250,\"height\":600,\"caption\":\"Foto: Ederson Casartelli\"},{\"@type\":\"BreadcrumbList\",\"@id\":\"https:\/\/psol50.org.br\/dani-monteiro-quem-voce-pensa-que-vive-nas-favelas\/#breadcrumb\",\"itemListElement\":[{\"@type\":\"ListItem\",\"position\":1,\"name\":\"In\u00edcio\",\"item\":\"https:\/\/psol50.org.br\/\"},{\"@type\":\"ListItem\",\"position\":2,\"name\":\"Dani Monteiro | Quem voc\u00ea pensa que vive nas favelas?\"}]},{\"@type\":\"WebSite\",\"@id\":\"https:\/\/psol50.org.br\/#website\",\"url\":\"https:\/\/psol50.org.br\/\",\"name\":\"PSOL 50\",\"description\":\"Site oficial do Partido Socialismo e Liberdade\",\"publisher\":{\"@id\":\"https:\/\/psol50.org.br\/#organization\"},\"alternateName\":\"PSOL50\",\"potentialAction\":[{\"@type\":\"SearchAction\",\"target\":{\"@type\":\"EntryPoint\",\"urlTemplate\":\"https:\/\/psol50.org.br\/?s={search_term_string}\"},\"query-input\":{\"@type\":\"PropertyValueSpecification\",\"valueRequired\":true,\"valueName\":\"search_term_string\"}}],\"inLanguage\":\"pt-BR\"},{\"@type\":\"Organization\",\"@id\":\"https:\/\/psol50.org.br\/#organization\",\"name\":\"PSOL 50\",\"alternateName\":\"PSOL 50\",\"url\":\"https:\/\/psol50.org.br\/\",\"logo\":{\"@type\":\"ImageObject\",\"inLanguage\":\"pt-BR\",\"@id\":\"https:\/\/psol50.org.br\/#\/schema\/logo\/image\/\",\"url\":\"https:\/\/psol50.org.br\/inc\/uploads\/2018\/07\/capa.png\",\"contentUrl\":\"https:\/\/psol50.org.br\/inc\/uploads\/2018\/07\/capa.png\",\"width\":1350,\"height\":900,\"caption\":\"PSOL 50\"},\"image\":{\"@id\":\"https:\/\/psol50.org.br\/#\/schema\/logo\/image\/\"},\"sameAs\":[\"https:\/\/www.facebook.com\/psol50\",\"https:\/\/x.com\/psol50\",\"https:\/\/www.instagram.com\/psol50\/\",\"https:\/\/www.youtube.com\/channel\/UC7SnJS5o1os7a6CaiNabzcg\"]},{\"@type\":\"Person\",\"@id\":\"https:\/\/psol50.org.br\/#\/schema\/person\/475dfa57d0b815993c714c2e96491fcd\",\"name\":\"Comunica\u00e7\u00e3o PSOL\",\"image\":{\"@type\":\"ImageObject\",\"inLanguage\":\"pt-BR\",\"@id\":\"https:\/\/psol50.org.br\/#\/schema\/person\/image\/\",\"url\":\"https:\/\/secure.gravatar.com\/avatar\/b34fc4f4e468a4e51785917065a3db57b841f5c95dba6ad8c73aaf8f66f8f9bf?s=96&d=mm&r=g\",\"contentUrl\":\"https:\/\/secure.gravatar.com\/avatar\/b34fc4f4e468a4e51785917065a3db57b841f5c95dba6ad8c73aaf8f66f8f9bf?s=96&d=mm&r=g\",\"caption\":\"Comunica\u00e7\u00e3o PSOL\"}}]}<\/script>\n<!-- \/ Yoast SEO plugin. -->","yoast_head_json":{"title":"Dani Monteiro | Quem voc\u00ea pensa que vive nas favelas? - PSOL 50","description":"Dani Monteiro, deputada estadual do PSOL-RJ, manda o recado: \"N\u00e3o aceitamos mais a desumaniza\u00e7\u00e3o como justificativa dos erros do Estado\".","robots":{"index":"index","follow":"follow","max-snippet":"max-snippet:-1","max-image-preview":"max-image-preview:large","max-video-preview":"max-video-preview:-1"},"canonical":"https:\/\/psol50.org.br\/dani-monteiro-quem-voce-pensa-que-vive-nas-favelas\/","og_locale":"pt_BR","og_type":"article","og_title":"Quem voc\u00ea pensa que vive nas favelas?","og_description":"Dani Monteiro, deputada estadual do PSOL-RJ, manda o recado: \"N\u00e3o aceitamos mais a desumaniza\u00e7\u00e3o como justificativa dos erros do Estado\".","og_url":"https:\/\/psol50.org.br\/dani-monteiro-quem-voce-pensa-que-vive-nas-favelas\/","og_site_name":"PSOL 50","article_publisher":"https:\/\/www.facebook.com\/psol50","article_published_time":"2020-05-28T16:25:57+00:00","og_image":[{"width":1250,"height":600,"url":"https:\/\/psol50.org.br\/inc\/uploads\/2020\/05\/20191101161140_511ed291-3e3c-416b-a605-4fed70f881ab.jpeg","type":"image\/jpeg"}],"author":"Comunica\u00e7\u00e3o PSOL","twitter_card":"summary_large_image","twitter_title":"Quem voc\u00ea pensa que vive nas favelas?","twitter_description":"Dani Monteiro, deputada estadual do PSOL-RJ, manda o recado: \"N\u00e3o aceitamos mais a desumaniza\u00e7\u00e3o como justificativa dos erros do Estado\".","twitter_image":"https:\/\/psol50.org.br\/inc\/uploads\/2020\/05\/20191101161140_511ed291-3e3c-416b-a605-4fed70f881ab.jpeg","twitter_creator":"@psol50","twitter_site":"@psol50","twitter_misc":{"Escrito por":"Comunica\u00e7\u00e3o PSOL","Est. tempo de leitura":"5 minutos"},"schema":{"@context":"https:\/\/schema.org","@graph":[{"@type":"Article","@id":"https:\/\/psol50.org.br\/dani-monteiro-quem-voce-pensa-que-vive-nas-favelas\/#article","isPartOf":{"@id":"https:\/\/psol50.org.br\/dani-monteiro-quem-voce-pensa-que-vive-nas-favelas\/"},"author":{"name":"Comunica\u00e7\u00e3o PSOL","@id":"https:\/\/psol50.org.br\/#\/schema\/person\/475dfa57d0b815993c714c2e96491fcd"},"headline":"Dani Monteiro | Quem voc\u00ea pensa que vive nas favelas?","datePublished":"2020-05-28T16:25:57+00:00","mainEntityOfPage":{"@id":"https:\/\/psol50.org.br\/dani-monteiro-quem-voce-pensa-que-vive-nas-favelas\/"},"wordCount":963,"publisher":{"@id":"https:\/\/psol50.org.br\/#organization"},"image":{"@id":"https:\/\/psol50.org.br\/dani-monteiro-quem-voce-pensa-que-vive-nas-favelas\/#primaryimage"},"thumbnailUrl":"https:\/\/psol50.org.br\/inc\/uploads\/2020\/05\/20191101161140_511ed291-3e3c-416b-a605-4fed70f881ab.jpeg","keywords":["dani monteiro","favela","negros","pol\u00edcia","Rio de Janeiro"],"articleSection":["Artigos","Not\u00edcias"],"inLanguage":"pt-BR"},{"@type":"WebPage","@id":"https:\/\/psol50.org.br\/dani-monteiro-quem-voce-pensa-que-vive-nas-favelas\/","url":"https:\/\/psol50.org.br\/dani-monteiro-quem-voce-pensa-que-vive-nas-favelas\/","name":"Dani Monteiro | Quem voc\u00ea pensa que vive nas favelas? - PSOL 50","isPartOf":{"@id":"https:\/\/psol50.org.br\/#website"},"primaryImageOfPage":{"@id":"https:\/\/psol50.org.br\/dani-monteiro-quem-voce-pensa-que-vive-nas-favelas\/#primaryimage"},"image":{"@id":"https:\/\/psol50.org.br\/dani-monteiro-quem-voce-pensa-que-vive-nas-favelas\/#primaryimage"},"thumbnailUrl":"https:\/\/psol50.org.br\/inc\/uploads\/2020\/05\/20191101161140_511ed291-3e3c-416b-a605-4fed70f881ab.jpeg","datePublished":"2020-05-28T16:25:57+00:00","description":"Dani Monteiro, deputada estadual do PSOL-RJ, manda o recado: \"N\u00e3o aceitamos mais a desumaniza\u00e7\u00e3o como justificativa dos erros do Estado\".","breadcrumb":{"@id":"https:\/\/psol50.org.br\/dani-monteiro-quem-voce-pensa-que-vive-nas-favelas\/#breadcrumb"},"inLanguage":"pt-BR","potentialAction":[{"@type":"ReadAction","target":["https:\/\/psol50.org.br\/dani-monteiro-quem-voce-pensa-que-vive-nas-favelas\/"]}]},{"@type":"ImageObject","inLanguage":"pt-BR","@id":"https:\/\/psol50.org.br\/dani-monteiro-quem-voce-pensa-que-vive-nas-favelas\/#primaryimage","url":"https:\/\/psol50.org.br\/inc\/uploads\/2020\/05\/20191101161140_511ed291-3e3c-416b-a605-4fed70f881ab.jpeg","contentUrl":"https:\/\/psol50.org.br\/inc\/uploads\/2020\/05\/20191101161140_511ed291-3e3c-416b-a605-4fed70f881ab.jpeg","width":1250,"height":600,"caption":"Foto: Ederson Casartelli"},{"@type":"BreadcrumbList","@id":"https:\/\/psol50.org.br\/dani-monteiro-quem-voce-pensa-que-vive-nas-favelas\/#breadcrumb","itemListElement":[{"@type":"ListItem","position":1,"name":"In\u00edcio","item":"https:\/\/psol50.org.br\/"},{"@type":"ListItem","position":2,"name":"Dani Monteiro | Quem voc\u00ea pensa que vive nas favelas?"}]},{"@type":"WebSite","@id":"https:\/\/psol50.org.br\/#website","url":"https:\/\/psol50.org.br\/","name":"PSOL 50","description":"Site oficial do Partido Socialismo e Liberdade","publisher":{"@id":"https:\/\/psol50.org.br\/#organization"},"alternateName":"PSOL50","potentialAction":[{"@type":"SearchAction","target":{"@type":"EntryPoint","urlTemplate":"https:\/\/psol50.org.br\/?s={search_term_string}"},"query-input":{"@type":"PropertyValueSpecification","valueRequired":true,"valueName":"search_term_string"}}],"inLanguage":"pt-BR"},{"@type":"Organization","@id":"https:\/\/psol50.org.br\/#organization","name":"PSOL 50","alternateName":"PSOL 50","url":"https:\/\/psol50.org.br\/","logo":{"@type":"ImageObject","inLanguage":"pt-BR","@id":"https:\/\/psol50.org.br\/#\/schema\/logo\/image\/","url":"https:\/\/psol50.org.br\/inc\/uploads\/2018\/07\/capa.png","contentUrl":"https:\/\/psol50.org.br\/inc\/uploads\/2018\/07\/capa.png","width":1350,"height":900,"caption":"PSOL 50"},"image":{"@id":"https:\/\/psol50.org.br\/#\/schema\/logo\/image\/"},"sameAs":["https:\/\/www.facebook.com\/psol50","https:\/\/x.com\/psol50","https:\/\/www.instagram.com\/psol50\/","https:\/\/www.youtube.com\/channel\/UC7SnJS5o1os7a6CaiNabzcg"]},{"@type":"Person","@id":"https:\/\/psol50.org.br\/#\/schema\/person\/475dfa57d0b815993c714c2e96491fcd","name":"Comunica\u00e7\u00e3o PSOL","image":{"@type":"ImageObject","inLanguage":"pt-BR","@id":"https:\/\/psol50.org.br\/#\/schema\/person\/image\/","url":"https:\/\/secure.gravatar.com\/avatar\/b34fc4f4e468a4e51785917065a3db57b841f5c95dba6ad8c73aaf8f66f8f9bf?s=96&d=mm&r=g","contentUrl":"https:\/\/secure.gravatar.com\/avatar\/b34fc4f4e468a4e51785917065a3db57b841f5c95dba6ad8c73aaf8f66f8f9bf?s=96&d=mm&r=g","caption":"Comunica\u00e7\u00e3o PSOL"}}]}},"_links":{"self":[{"href":"https:\/\/psol50.org.br\/rest\/wp\/v2\/posts\/29257","targetHints":{"allow":["GET"]}}],"collection":[{"href":"https:\/\/psol50.org.br\/rest\/wp\/v2\/posts"}],"about":[{"href":"https:\/\/psol50.org.br\/rest\/wp\/v2\/types\/post"}],"author":[{"embeddable":true,"href":"https:\/\/psol50.org.br\/rest\/wp\/v2\/users\/2"}],"replies":[{"embeddable":true,"href":"https:\/\/psol50.org.br\/rest\/wp\/v2\/comments?post=29257"}],"version-history":[{"count":0,"href":"https:\/\/psol50.org.br\/rest\/wp\/v2\/posts\/29257\/revisions"}],"wp:featuredmedia":[{"embeddable":true,"href":"https:\/\/psol50.org.br\/rest\/wp\/v2\/media\/29259"}],"wp:attachment":[{"href":"https:\/\/psol50.org.br\/rest\/wp\/v2\/media?parent=29257"}],"wp:term":[{"taxonomy":"category","embeddable":true,"href":"https:\/\/psol50.org.br\/rest\/wp\/v2\/categories?post=29257"},{"taxonomy":"post_tag","embeddable":true,"href":"https:\/\/psol50.org.br\/rest\/wp\/v2\/tags?post=29257"}],"curies":[{"name":"wp","href":"https:\/\/api.w.org\/{rel}","templated":true}]}}