{"id":29286,"date":"2020-05-29T16:17:05","date_gmt":"2020-05-29T19:17:05","guid":{"rendered":"https:\/\/psol50.org.br\/?p=29286"},"modified":"2020-05-29T16:17:05","modified_gmt":"2020-05-29T19:17:05","slug":"psol-aciona-comissao-de-etica-contra-integrante-do-governo-que-ve-coronavirus-positivo-por-se-concentrar-nos-idosos","status":"publish","type":"post","link":"https:\/\/psol50.org.br\/psol-aciona-comissao-de-etica-contra-integrante-do-governo-que-ve-coronavirus-positivo-por-se-concentrar-nos-idosos\/","title":{"rendered":"PSOL aciona Comiss\u00e3o de \u00c9tica contra integrante do governo que v\u00ea &#8220;coronav\u00edrus positivo por se concentrar nos idosos&#8221;"},"content":{"rendered":"<p><a href=\"https:\/\/impeachmentpopular.com.br\/\" target=\"_blank\" rel=\"noopener noreferrer\"><img loading=\"lazy\" decoding=\"async\" class=\"alignnone size-full wp-image-29118\" src=\"https:\/\/psol50.org.br\/inc\/uploads\/2020\/05\/Email_Impeachment.png\" alt=\"\" width=\"1080\" height=\"250\" srcset=\"https:\/\/psol50.org.br\/inc\/uploads\/2020\/05\/Email_Impeachment.png 1080w, https:\/\/psol50.org.br\/inc\/uploads\/2020\/05\/Email_Impeachment-300x69.png 300w, https:\/\/psol50.org.br\/inc\/uploads\/2020\/05\/Email_Impeachment-1024x237.png 1024w, https:\/\/psol50.org.br\/inc\/uploads\/2020\/05\/Email_Impeachment-768x178.png 768w, https:\/\/psol50.org.br\/inc\/uploads\/2020\/05\/Email_Impeachment-150x35.png 150w, https:\/\/psol50.org.br\/inc\/uploads\/2020\/05\/Email_Impeachment-696x161.png 696w, https:\/\/psol50.org.br\/inc\/uploads\/2020\/05\/Email_Impeachment-1068x247.png 1068w\" sizes=\"auto, (max-width: 1080px) 100vw, 1080px\" \/><\/a><\/p>\n<p>O deputado federal Ivan Valente prop\u00f4s um processo na Comiss\u00e3o de \u00c9tica da Presid\u00eancia da Rep\u00fablica para apurar desvio de conduta da superintendente de\u00a0Seguros Privados (Susep), Solange Vieira. Segundo relatos de participantes de uma reuni\u00e3o no Minist\u00e9rio da Sa\u00fade, em 17 mar\u00e7o, ela disse que a concentra\u00e7\u00e3o da doen\u00e7a principalmente em idosos &#8220;poderia ser positiva para melhorar o desempenho econ\u00f4mico do Brasil ao reduzir o rombo nas contas da Previd\u00eancia&#8221;.<\/p>\n<p>Para o deputado Ivan Valente, a declara\u00e7\u00e3o da Superintendente da Susep \u00e9 incompat\u00edvel com a moralidade p\u00fablica e fere o C\u00f3digo de Conduta da Alta Administra\u00e7\u00e3o. \u201cDefinitivamente a falta de solidariedade, a insensibilidade e indiferen\u00e7a com a vida de milhares de brasileiros aos quais deveria servir n\u00e3o s\u00e3o condizentes com o decoro e a integridade exigidos para o exerc\u00edcio de qualquer cargo p\u00fablico&#8221;.<\/p>\n<p>O parlamentar tamb\u00e9m considera que a postura de Solange \u00e9 id\u00eantica \u00e0 do presidente Jair Bolsonaro, que se posiciona contra medidas amplas de isolamento social. Ele argumenta que, embora Bolsonaro n\u00e3o possa ser for\u00e7ado a adotar medidas necess\u00e1rias para o enfrentamento \u00e0 pandemia, \u00e9 preciso \u201cimpedir que sua insensibilidade e indiferen\u00e7a com o sofrimento da popula\u00e7\u00e3o brasileira sejam naturalizadas e reproduzidas por aqueles que ocupam os mais altos cargos da Rep\u00fablica\u201d.<\/p>\n","protected":false},"excerpt":{"rendered":"<p>O deputado federal Ivan Valente prop\u00f4s um processo na Comiss\u00e3o de \u00c9tica da Presid\u00eancia da Rep\u00fablica para apurar desvio de conduta da superintendente de\u00a0Seguros Privados (Susep), Solange Vieira. Segundo relatos de participantes de uma reuni\u00e3o no Minist\u00e9rio da Sa\u00fade, em 17 mar\u00e7o, ela disse que a concentra\u00e7\u00e3o da doen\u00e7a principalmente em idosos &#8220;poderia ser positiva [&hellip;]<\/p>\n","protected":false},"author":2,"featured_media":29288,"comment_status":"closed","ping_status":"open","sticky":false,"template":"","format":"standard","meta":{"_acf_changed":false,"footnotes":""},"categories":[10,6],"tags":[252,171,691,367,22,366,768,769],"class_list":{"0":"post-29286","1":"post","2":"type-post","3":"status-publish","4":"format-standard","5":"has-post-thumbnail","7":"category-acao-parlamentares","8":"category-noticias","9":"tag-comissao-de-etica","10":"tag-coronavirus","11":"tag-idosos","12":"tag-pandemia","13":"tag-psol","14":"tag-psolcontraocoronavirus","15":"tag-solange-vieira","16":"tag-susep"},"acf":[],"yoast_head":"<!-- This site is optimized with the Yoast SEO plugin v26.5 - https:\/\/yoast.com\/wordpress\/plugins\/seo\/ -->\n<title>PSOL aciona Comiss\u00e3o de \u00c9tica contra integrante do governo que v\u00ea &quot;coronav\u00edrus positivo por se concentrar nos idosos&quot;<\/title>\n<meta name=\"description\" content=\"Solange Vieira teria dito que a pandemia seria ben\u00e9fica para &quot;reduzir o rombo na Previd\u00eancia&quot;, se referindo \u00e0 alta mortalidade entre idosos.\" \/>\n<meta name=\"robots\" content=\"index, follow, max-snippet:-1, max-image-preview:large, max-video-preview:-1\" \/>\n<link rel=\"canonical\" href=\"https:\/\/psol50.org.br\/psol-aciona-comissao-de-etica-contra-integrante-do-governo-que-ve-coronavirus-positivo-por-se-concentrar-nos-idosos\/\" \/>\n<meta property=\"og:locale\" content=\"pt_BR\" \/>\n<meta property=\"og:type\" content=\"article\" \/>\n<meta property=\"og:title\" content=\"PSOL aciona Comiss\u00e3o de \u00c9tica contra integrante do governo que v\u00ea &quot;coronav\u00edrus positivo por se concentrar nos idosos&quot;\" \/>\n<meta property=\"og:description\" content=\"Solange Vieira teria dito que a pandemia seria ben\u00e9fica para &quot;reduzir o rombo na Previd\u00eancia&quot;, se referindo \u00e0 alta mortalidade entre idosos.\" \/>\n<meta property=\"og:url\" content=\"https:\/\/psol50.org.br\/psol-aciona-comissao-de-etica-contra-integrante-do-governo-que-ve-coronavirus-positivo-por-se-concentrar-nos-idosos\/\" \/>\n<meta property=\"og:site_name\" content=\"PSOL 50\" \/>\n<meta property=\"article:publisher\" content=\"https:\/\/www.facebook.com\/psol50\" \/>\n<meta property=\"article:published_time\" content=\"2020-05-29T19:17:05+00:00\" \/>\n<meta property=\"og:image\" content=\"https:\/\/psol50.org.br\/inc\/uploads\/2020\/05\/2-solange-vieira-globo-1200x800-1.jpg\" \/>\n\t<meta property=\"og:image:width\" content=\"1200\" \/>\n\t<meta property=\"og:image:height\" content=\"800\" \/>\n\t<meta property=\"og:image:type\" content=\"image\/jpeg\" \/>\n<meta name=\"author\" content=\"Comunica\u00e7\u00e3o PSOL\" \/>\n<meta name=\"twitter:card\" content=\"summary_large_image\" \/>\n<meta name=\"twitter:title\" content=\"PSOL aciona Comiss\u00e3o de \u00c9tica contra integrante do governo que v\u00ea &quot;coronav\u00edrus positivo por se concentrar nos idosos&quot;\" \/>\n<meta name=\"twitter:description\" content=\"Solange Vieira teria dito que a pandemia seria ben\u00e9fica para &quot;reduzir o rombo na Previd\u00eancia&quot;, se referindo \u00e0 alta mortalidade entre idosos.\" \/>\n<meta name=\"twitter:image\" content=\"https:\/\/psol50.org.br\/inc\/uploads\/2020\/05\/2-solange-vieira-globo-1200x800-1.jpg\" \/>\n<meta name=\"twitter:creator\" content=\"@psol50\" \/>\n<meta name=\"twitter:site\" content=\"@psol50\" \/>\n<meta name=\"twitter:label1\" content=\"Escrito por\" \/>\n\t<meta name=\"twitter:data1\" content=\"Comunica\u00e7\u00e3o PSOL\" \/>\n\t<meta name=\"twitter:label2\" content=\"Est. tempo de leitura\" \/>\n\t<meta name=\"twitter:data2\" content=\"1 minuto\" \/>\n<script type=\"application\/ld+json\" class=\"yoast-schema-graph\">{\"@context\":\"https:\/\/schema.org\",\"@graph\":[{\"@type\":\"Article\",\"@id\":\"https:\/\/psol50.org.br\/psol-aciona-comissao-de-etica-contra-integrante-do-governo-que-ve-coronavirus-positivo-por-se-concentrar-nos-idosos\/#article\",\"isPartOf\":{\"@id\":\"https:\/\/psol50.org.br\/psol-aciona-comissao-de-etica-contra-integrante-do-governo-que-ve-coronavirus-positivo-por-se-concentrar-nos-idosos\/\"},\"author\":{\"name\":\"Comunica\u00e7\u00e3o PSOL\",\"@id\":\"https:\/\/psol50.org.br\/#\/schema\/person\/475dfa57d0b815993c714c2e96491fcd\"},\"headline\":\"PSOL aciona Comiss\u00e3o de \u00c9tica contra integrante do governo que v\u00ea &#8220;coronav\u00edrus positivo por se concentrar nos idosos&#8221;\",\"datePublished\":\"2020-05-29T19:17:05+00:00\",\"mainEntityOfPage\":{\"@id\":\"https:\/\/psol50.org.br\/psol-aciona-comissao-de-etica-contra-integrante-do-governo-que-ve-coronavirus-positivo-por-se-concentrar-nos-idosos\/\"},\"wordCount\":249,\"publisher\":{\"@id\":\"https:\/\/psol50.org.br\/#organization\"},\"image\":{\"@id\":\"https:\/\/psol50.org.br\/psol-aciona-comissao-de-etica-contra-integrante-do-governo-que-ve-coronavirus-positivo-por-se-concentrar-nos-idosos\/#primaryimage\"},\"thumbnailUrl\":\"https:\/\/psol50.org.br\/inc\/uploads\/2020\/05\/2-solange-vieira-globo-1200x800-1.jpg\",\"keywords\":[\"Comiss\u00e3o de \u00c9tica\",\"coronav\u00edrus\",\"idosos\",\"pandemia\",\"PSOL\",\"psolcontraocoronavirus\",\"solange vieira\",\"susep\"],\"articleSection\":[\"A\u00e7\u00e3o Parlamentar\",\"Not\u00edcias\"],\"inLanguage\":\"pt-BR\"},{\"@type\":\"WebPage\",\"@id\":\"https:\/\/psol50.org.br\/psol-aciona-comissao-de-etica-contra-integrante-do-governo-que-ve-coronavirus-positivo-por-se-concentrar-nos-idosos\/\",\"url\":\"https:\/\/psol50.org.br\/psol-aciona-comissao-de-etica-contra-integrante-do-governo-que-ve-coronavirus-positivo-por-se-concentrar-nos-idosos\/\",\"name\":\"PSOL aciona Comiss\u00e3o de \u00c9tica contra integrante do governo que v\u00ea \\\"coronav\u00edrus positivo por se concentrar nos idosos\\\"\",\"isPartOf\":{\"@id\":\"https:\/\/psol50.org.br\/#website\"},\"primaryImageOfPage\":{\"@id\":\"https:\/\/psol50.org.br\/psol-aciona-comissao-de-etica-contra-integrante-do-governo-que-ve-coronavirus-positivo-por-se-concentrar-nos-idosos\/#primaryimage\"},\"image\":{\"@id\":\"https:\/\/psol50.org.br\/psol-aciona-comissao-de-etica-contra-integrante-do-governo-que-ve-coronavirus-positivo-por-se-concentrar-nos-idosos\/#primaryimage\"},\"thumbnailUrl\":\"https:\/\/psol50.org.br\/inc\/uploads\/2020\/05\/2-solange-vieira-globo-1200x800-1.jpg\",\"datePublished\":\"2020-05-29T19:17:05+00:00\",\"description\":\"Solange Vieira teria dito que a pandemia seria ben\u00e9fica para \\\"reduzir o rombo na Previd\u00eancia\\\", se referindo \u00e0 alta mortalidade entre idosos.\",\"breadcrumb\":{\"@id\":\"https:\/\/psol50.org.br\/psol-aciona-comissao-de-etica-contra-integrante-do-governo-que-ve-coronavirus-positivo-por-se-concentrar-nos-idosos\/#breadcrumb\"},\"inLanguage\":\"pt-BR\",\"potentialAction\":[{\"@type\":\"ReadAction\",\"target\":[\"https:\/\/psol50.org.br\/psol-aciona-comissao-de-etica-contra-integrante-do-governo-que-ve-coronavirus-positivo-por-se-concentrar-nos-idosos\/\"]}]},{\"@type\":\"ImageObject\",\"inLanguage\":\"pt-BR\",\"@id\":\"https:\/\/psol50.org.br\/psol-aciona-comissao-de-etica-contra-integrante-do-governo-que-ve-coronavirus-positivo-por-se-concentrar-nos-idosos\/#primaryimage\",\"url\":\"https:\/\/psol50.org.br\/inc\/uploads\/2020\/05\/2-solange-vieira-globo-1200x800-1.jpg\",\"contentUrl\":\"https:\/\/psol50.org.br\/inc\/uploads\/2020\/05\/2-solange-vieira-globo-1200x800-1.jpg\",\"width\":1200,\"height\":800,\"caption\":\"Foto: Reprodu\u00e7\u00e3o\"},{\"@type\":\"BreadcrumbList\",\"@id\":\"https:\/\/psol50.org.br\/psol-aciona-comissao-de-etica-contra-integrante-do-governo-que-ve-coronavirus-positivo-por-se-concentrar-nos-idosos\/#breadcrumb\",\"itemListElement\":[{\"@type\":\"ListItem\",\"position\":1,\"name\":\"In\u00edcio\",\"item\":\"https:\/\/psol50.org.br\/\"},{\"@type\":\"ListItem\",\"position\":2,\"name\":\"PSOL aciona Comiss\u00e3o de \u00c9tica contra integrante do governo que v\u00ea &#8220;coronav\u00edrus positivo por se concentrar nos idosos&#8221;\"}]},{\"@type\":\"WebSite\",\"@id\":\"https:\/\/psol50.org.br\/#website\",\"url\":\"https:\/\/psol50.org.br\/\",\"name\":\"PSOL 50\",\"description\":\"Site oficial do Partido Socialismo e Liberdade\",\"publisher\":{\"@id\":\"https:\/\/psol50.org.br\/#organization\"},\"alternateName\":\"PSOL50\",\"potentialAction\":[{\"@type\":\"SearchAction\",\"target\":{\"@type\":\"EntryPoint\",\"urlTemplate\":\"https:\/\/psol50.org.br\/?s={search_term_string}\"},\"query-input\":{\"@type\":\"PropertyValueSpecification\",\"valueRequired\":true,\"valueName\":\"search_term_string\"}}],\"inLanguage\":\"pt-BR\"},{\"@type\":\"Organization\",\"@id\":\"https:\/\/psol50.org.br\/#organization\",\"name\":\"PSOL 50\",\"alternateName\":\"PSOL 50\",\"url\":\"https:\/\/psol50.org.br\/\",\"logo\":{\"@type\":\"ImageObject\",\"inLanguage\":\"pt-BR\",\"@id\":\"https:\/\/psol50.org.br\/#\/schema\/logo\/image\/\",\"url\":\"https:\/\/psol50.org.br\/inc\/uploads\/2018\/07\/capa.png\",\"contentUrl\":\"https:\/\/psol50.org.br\/inc\/uploads\/2018\/07\/capa.png\",\"width\":1350,\"height\":900,\"caption\":\"PSOL 50\"},\"image\":{\"@id\":\"https:\/\/psol50.org.br\/#\/schema\/logo\/image\/\"},\"sameAs\":[\"https:\/\/www.facebook.com\/psol50\",\"https:\/\/x.com\/psol50\",\"https:\/\/www.instagram.com\/psol50\/\",\"https:\/\/www.youtube.com\/channel\/UC7SnJS5o1os7a6CaiNabzcg\"]},{\"@type\":\"Person\",\"@id\":\"https:\/\/psol50.org.br\/#\/schema\/person\/475dfa57d0b815993c714c2e96491fcd\",\"name\":\"Comunica\u00e7\u00e3o PSOL\",\"image\":{\"@type\":\"ImageObject\",\"inLanguage\":\"pt-BR\",\"@id\":\"https:\/\/psol50.org.br\/#\/schema\/person\/image\/\",\"url\":\"https:\/\/secure.gravatar.com\/avatar\/b34fc4f4e468a4e51785917065a3db57b841f5c95dba6ad8c73aaf8f66f8f9bf?s=96&d=mm&r=g\",\"contentUrl\":\"https:\/\/secure.gravatar.com\/avatar\/b34fc4f4e468a4e51785917065a3db57b841f5c95dba6ad8c73aaf8f66f8f9bf?s=96&d=mm&r=g\",\"caption\":\"Comunica\u00e7\u00e3o PSOL\"}}]}<\/script>\n<!-- \/ Yoast SEO plugin. -->","yoast_head_json":{"title":"PSOL aciona Comiss\u00e3o de \u00c9tica contra integrante do governo que v\u00ea \"coronav\u00edrus positivo por se concentrar nos idosos\"","description":"Solange Vieira teria dito que a pandemia seria ben\u00e9fica para \"reduzir o rombo na Previd\u00eancia\", se referindo \u00e0 alta mortalidade entre idosos.","robots":{"index":"index","follow":"follow","max-snippet":"max-snippet:-1","max-image-preview":"max-image-preview:large","max-video-preview":"max-video-preview:-1"},"canonical":"https:\/\/psol50.org.br\/psol-aciona-comissao-de-etica-contra-integrante-do-governo-que-ve-coronavirus-positivo-por-se-concentrar-nos-idosos\/","og_locale":"pt_BR","og_type":"article","og_title":"PSOL aciona Comiss\u00e3o de \u00c9tica contra integrante do governo que v\u00ea \"coronav\u00edrus positivo por se concentrar nos idosos\"","og_description":"Solange Vieira teria dito que a pandemia seria ben\u00e9fica para \"reduzir o rombo na Previd\u00eancia\", se referindo \u00e0 alta mortalidade entre idosos.","og_url":"https:\/\/psol50.org.br\/psol-aciona-comissao-de-etica-contra-integrante-do-governo-que-ve-coronavirus-positivo-por-se-concentrar-nos-idosos\/","og_site_name":"PSOL 50","article_publisher":"https:\/\/www.facebook.com\/psol50","article_published_time":"2020-05-29T19:17:05+00:00","og_image":[{"width":1200,"height":800,"url":"https:\/\/psol50.org.br\/inc\/uploads\/2020\/05\/2-solange-vieira-globo-1200x800-1.jpg","type":"image\/jpeg"}],"author":"Comunica\u00e7\u00e3o PSOL","twitter_card":"summary_large_image","twitter_title":"PSOL aciona Comiss\u00e3o de \u00c9tica contra integrante do governo que v\u00ea \"coronav\u00edrus positivo por se concentrar nos idosos\"","twitter_description":"Solange Vieira teria dito que a pandemia seria ben\u00e9fica para \"reduzir o rombo na Previd\u00eancia\", se referindo \u00e0 alta mortalidade entre idosos.","twitter_image":"https:\/\/psol50.org.br\/inc\/uploads\/2020\/05\/2-solange-vieira-globo-1200x800-1.jpg","twitter_creator":"@psol50","twitter_site":"@psol50","twitter_misc":{"Escrito por":"Comunica\u00e7\u00e3o PSOL","Est. tempo de leitura":"1 minuto"},"schema":{"@context":"https:\/\/schema.org","@graph":[{"@type":"Article","@id":"https:\/\/psol50.org.br\/psol-aciona-comissao-de-etica-contra-integrante-do-governo-que-ve-coronavirus-positivo-por-se-concentrar-nos-idosos\/#article","isPartOf":{"@id":"https:\/\/psol50.org.br\/psol-aciona-comissao-de-etica-contra-integrante-do-governo-que-ve-coronavirus-positivo-por-se-concentrar-nos-idosos\/"},"author":{"name":"Comunica\u00e7\u00e3o PSOL","@id":"https:\/\/psol50.org.br\/#\/schema\/person\/475dfa57d0b815993c714c2e96491fcd"},"headline":"PSOL aciona Comiss\u00e3o de \u00c9tica contra integrante do governo que v\u00ea &#8220;coronav\u00edrus positivo por se concentrar nos idosos&#8221;","datePublished":"2020-05-29T19:17:05+00:00","mainEntityOfPage":{"@id":"https:\/\/psol50.org.br\/psol-aciona-comissao-de-etica-contra-integrante-do-governo-que-ve-coronavirus-positivo-por-se-concentrar-nos-idosos\/"},"wordCount":249,"publisher":{"@id":"https:\/\/psol50.org.br\/#organization"},"image":{"@id":"https:\/\/psol50.org.br\/psol-aciona-comissao-de-etica-contra-integrante-do-governo-que-ve-coronavirus-positivo-por-se-concentrar-nos-idosos\/#primaryimage"},"thumbnailUrl":"https:\/\/psol50.org.br\/inc\/uploads\/2020\/05\/2-solange-vieira-globo-1200x800-1.jpg","keywords":["Comiss\u00e3o de \u00c9tica","coronav\u00edrus","idosos","pandemia","PSOL","psolcontraocoronavirus","solange vieira","susep"],"articleSection":["A\u00e7\u00e3o Parlamentar","Not\u00edcias"],"inLanguage":"pt-BR"},{"@type":"WebPage","@id":"https:\/\/psol50.org.br\/psol-aciona-comissao-de-etica-contra-integrante-do-governo-que-ve-coronavirus-positivo-por-se-concentrar-nos-idosos\/","url":"https:\/\/psol50.org.br\/psol-aciona-comissao-de-etica-contra-integrante-do-governo-que-ve-coronavirus-positivo-por-se-concentrar-nos-idosos\/","name":"PSOL aciona Comiss\u00e3o de \u00c9tica contra integrante do governo que v\u00ea \"coronav\u00edrus positivo por se concentrar nos idosos\"","isPartOf":{"@id":"https:\/\/psol50.org.br\/#website"},"primaryImageOfPage":{"@id":"https:\/\/psol50.org.br\/psol-aciona-comissao-de-etica-contra-integrante-do-governo-que-ve-coronavirus-positivo-por-se-concentrar-nos-idosos\/#primaryimage"},"image":{"@id":"https:\/\/psol50.org.br\/psol-aciona-comissao-de-etica-contra-integrante-do-governo-que-ve-coronavirus-positivo-por-se-concentrar-nos-idosos\/#primaryimage"},"thumbnailUrl":"https:\/\/psol50.org.br\/inc\/uploads\/2020\/05\/2-solange-vieira-globo-1200x800-1.jpg","datePublished":"2020-05-29T19:17:05+00:00","description":"Solange Vieira teria dito que a pandemia seria ben\u00e9fica para \"reduzir o rombo na Previd\u00eancia\", se referindo \u00e0 alta mortalidade entre idosos.","breadcrumb":{"@id":"https:\/\/psol50.org.br\/psol-aciona-comissao-de-etica-contra-integrante-do-governo-que-ve-coronavirus-positivo-por-se-concentrar-nos-idosos\/#breadcrumb"},"inLanguage":"pt-BR","potentialAction":[{"@type":"ReadAction","target":["https:\/\/psol50.org.br\/psol-aciona-comissao-de-etica-contra-integrante-do-governo-que-ve-coronavirus-positivo-por-se-concentrar-nos-idosos\/"]}]},{"@type":"ImageObject","inLanguage":"pt-BR","@id":"https:\/\/psol50.org.br\/psol-aciona-comissao-de-etica-contra-integrante-do-governo-que-ve-coronavirus-positivo-por-se-concentrar-nos-idosos\/#primaryimage","url":"https:\/\/psol50.org.br\/inc\/uploads\/2020\/05\/2-solange-vieira-globo-1200x800-1.jpg","contentUrl":"https:\/\/psol50.org.br\/inc\/uploads\/2020\/05\/2-solange-vieira-globo-1200x800-1.jpg","width":1200,"height":800,"caption":"Foto: Reprodu\u00e7\u00e3o"},{"@type":"BreadcrumbList","@id":"https:\/\/psol50.org.br\/psol-aciona-comissao-de-etica-contra-integrante-do-governo-que-ve-coronavirus-positivo-por-se-concentrar-nos-idosos\/#breadcrumb","itemListElement":[{"@type":"ListItem","position":1,"name":"In\u00edcio","item":"https:\/\/psol50.org.br\/"},{"@type":"ListItem","position":2,"name":"PSOL aciona Comiss\u00e3o de \u00c9tica contra integrante do governo que v\u00ea &#8220;coronav\u00edrus positivo por se concentrar nos idosos&#8221;"}]},{"@type":"WebSite","@id":"https:\/\/psol50.org.br\/#website","url":"https:\/\/psol50.org.br\/","name":"PSOL 50","description":"Site oficial do Partido Socialismo e Liberdade","publisher":{"@id":"https:\/\/psol50.org.br\/#organization"},"alternateName":"PSOL50","potentialAction":[{"@type":"SearchAction","target":{"@type":"EntryPoint","urlTemplate":"https:\/\/psol50.org.br\/?s={search_term_string}"},"query-input":{"@type":"PropertyValueSpecification","valueRequired":true,"valueName":"search_term_string"}}],"inLanguage":"pt-BR"},{"@type":"Organization","@id":"https:\/\/psol50.org.br\/#organization","name":"PSOL 50","alternateName":"PSOL 50","url":"https:\/\/psol50.org.br\/","logo":{"@type":"ImageObject","inLanguage":"pt-BR","@id":"https:\/\/psol50.org.br\/#\/schema\/logo\/image\/","url":"https:\/\/psol50.org.br\/inc\/uploads\/2018\/07\/capa.png","contentUrl":"https:\/\/psol50.org.br\/inc\/uploads\/2018\/07\/capa.png","width":1350,"height":900,"caption":"PSOL 50"},"image":{"@id":"https:\/\/psol50.org.br\/#\/schema\/logo\/image\/"},"sameAs":["https:\/\/www.facebook.com\/psol50","https:\/\/x.com\/psol50","https:\/\/www.instagram.com\/psol50\/","https:\/\/www.youtube.com\/channel\/UC7SnJS5o1os7a6CaiNabzcg"]},{"@type":"Person","@id":"https:\/\/psol50.org.br\/#\/schema\/person\/475dfa57d0b815993c714c2e96491fcd","name":"Comunica\u00e7\u00e3o PSOL","image":{"@type":"ImageObject","inLanguage":"pt-BR","@id":"https:\/\/psol50.org.br\/#\/schema\/person\/image\/","url":"https:\/\/secure.gravatar.com\/avatar\/b34fc4f4e468a4e51785917065a3db57b841f5c95dba6ad8c73aaf8f66f8f9bf?s=96&d=mm&r=g","contentUrl":"https:\/\/secure.gravatar.com\/avatar\/b34fc4f4e468a4e51785917065a3db57b841f5c95dba6ad8c73aaf8f66f8f9bf?s=96&d=mm&r=g","caption":"Comunica\u00e7\u00e3o PSOL"}}]}},"_links":{"self":[{"href":"https:\/\/psol50.org.br\/rest\/wp\/v2\/posts\/29286","targetHints":{"allow":["GET"]}}],"collection":[{"href":"https:\/\/psol50.org.br\/rest\/wp\/v2\/posts"}],"about":[{"href":"https:\/\/psol50.org.br\/rest\/wp\/v2\/types\/post"}],"author":[{"embeddable":true,"href":"https:\/\/psol50.org.br\/rest\/wp\/v2\/users\/2"}],"replies":[{"embeddable":true,"href":"https:\/\/psol50.org.br\/rest\/wp\/v2\/comments?post=29286"}],"version-history":[{"count":0,"href":"https:\/\/psol50.org.br\/rest\/wp\/v2\/posts\/29286\/revisions"}],"wp:featuredmedia":[{"embeddable":true,"href":"https:\/\/psol50.org.br\/rest\/wp\/v2\/media\/29288"}],"wp:attachment":[{"href":"https:\/\/psol50.org.br\/rest\/wp\/v2\/media?parent=29286"}],"wp:term":[{"taxonomy":"category","embeddable":true,"href":"https:\/\/psol50.org.br\/rest\/wp\/v2\/categories?post=29286"},{"taxonomy":"post_tag","embeddable":true,"href":"https:\/\/psol50.org.br\/rest\/wp\/v2\/tags?post=29286"}],"curies":[{"name":"wp","href":"https:\/\/api.w.org\/{rel}","templated":true}]}}