{"id":29298,"date":"2020-05-29T17:42:20","date_gmt":"2020-05-29T20:42:20","guid":{"rendered":"https:\/\/psol50.org.br\/?p=29298"},"modified":"2020-05-29T17:42:20","modified_gmt":"2020-05-29T20:42:20","slug":"presidente-do-psol-fala-em-artigo-sobre-luta-contra-extrema-direita-no-brasil","status":"publish","type":"post","link":"https:\/\/psol50.org.br\/presidente-do-psol-fala-em-artigo-sobre-luta-contra-extrema-direita-no-brasil\/","title":{"rendered":"Presidente do PSOL fala em artigo sobre a luta contra a extrema-direita no Brasil"},"content":{"rendered":"<p><a href=\"https:\/\/impeachmentpopular.com.br\/\" target=\"_blank\" rel=\"noopener noreferrer\"><img loading=\"lazy\" decoding=\"async\" class=\"alignnone size-full wp-image-29118\" src=\"https:\/\/psol50.org.br\/inc\/uploads\/2020\/05\/Email_Impeachment.png\" alt=\"\" width=\"1080\" height=\"250\" srcset=\"https:\/\/psol50.org.br\/inc\/uploads\/2020\/05\/Email_Impeachment.png 1080w, https:\/\/psol50.org.br\/inc\/uploads\/2020\/05\/Email_Impeachment-300x69.png 300w, https:\/\/psol50.org.br\/inc\/uploads\/2020\/05\/Email_Impeachment-1024x237.png 1024w, https:\/\/psol50.org.br\/inc\/uploads\/2020\/05\/Email_Impeachment-768x178.png 768w, https:\/\/psol50.org.br\/inc\/uploads\/2020\/05\/Email_Impeachment-150x35.png 150w, https:\/\/psol50.org.br\/inc\/uploads\/2020\/05\/Email_Impeachment-696x161.png 696w, https:\/\/psol50.org.br\/inc\/uploads\/2020\/05\/Email_Impeachment-1068x247.png 1068w\" sizes=\"auto, (max-width: 1080px) 100vw, 1080px\" \/><\/a><\/p>\n<p>Em artigo publicado nesta sexta-feira na vers\u00e3o brasileira do jornal <em>Le Monde Diplomatique<\/em>, o presidente nacional do PSOL, Juliano Medeiros, alerta que a guerra contra a extrema-direita no Brasil ser\u00e1 mais longa do que se imagina.<\/p>\n<p>No artigo, o dirigente analisa os \u00faltimos acontecimentos da pol\u00edtica nacional, a interfer\u00eancia da pandemia do novo coronav\u00edrus neste cen\u00e1rio, as rela\u00e7\u00f5es de Jair Bolsonaro com o Centr\u00e3o do Congresso Nacional, o desenrolar das investiga\u00e7\u00f5es do &#8220;Gabinete do \u00d3dio&#8221; e os pedidos de afastamento de Bolsonaro do poder realizados pelo PSOL na C\u00e2mara dos Deputados, no Tribunal Superior Eleitoral (TSE) e no Supremo Tribunal Federal (STF).<\/p>\n<p>Leia abaixo o artigo na \u00edntegra.<\/p>\n<h5><a href=\"http:\/\/diplomatique.org.br\/capitulos-finais\/\" target=\"_blank\" rel=\"noopener noreferrer\"><strong>CAP\u00cdTULOS FINAIS (originalmente publicado no Le Monde)<\/strong><\/a><\/h5>\n<p>O impasse que o Brasil vive est\u00e1 prestes a ser rompido. Quando Bolsonaro estabilizou os \u00edndices de apoio a seu governo em torno dos 30%, o pa\u00eds passou a viver uma situa\u00e7\u00e3o nova: a rejei\u00e7\u00e3o ao governo e sua aprova\u00e7\u00e3o eram equivalentes. Entre os polos de rejei\u00e7\u00e3o\/aprova\u00e7\u00e3o havia uma maioria que via aspectos positivos e negativos no governo, considerando a gest\u00e3o de Bolsonaro \u201cregular\u201d. Com isso, a extrema-direita n\u00e3o conseguia ter a maioria necess\u00e1ria na sociedade e no Congresso Nacional para fazer avan\u00e7ar sua agenda por completo. A oposi\u00e7\u00e3o, por sua vez, n\u00e3o tinha for\u00e7a social ou parlamentar para barrar todos os ataques do governo, uma vez que sua capacidade de mobiliza\u00e7\u00e3o n\u00e3o era suficiente para exercer a press\u00e3o necess\u00e1ria sobre o chamado \u201cCentr\u00e3o\u201d em todos os temas. Essa era a fotografia da luta pol\u00edtica no Brasil pr\u00e9-pandemia.<\/p>\n<p>Acontece que a chegada do coronav\u00edrus alterou esse quadro. Revelada a absoluta falta de capacidade de Bolsonaro para lidar com a mais grave crise vivida pelo pa\u00eds nas \u00faltimas d\u00e9cadas, a aprova\u00e7\u00e3o a seu governo come\u00e7ou a cair. Entre os que consideravam o governo regular, um expressivo contingente passou a consider\u00e1-lo ruim ou p\u00e9ssimo. Tr\u00eas pesquisas publicadas nos \u00faltimos dias atestam essa tend\u00eancia. No levantamento da XP Investimentos de 29 de maio, a rejei\u00e7\u00e3o ao governo \u00e9 quase o dobro de sua aprova\u00e7\u00e3o: 49% a 26%. Na pesquisa Datafolha, publicada nesta semana, Bolsonaro mant\u00e9m os 33% de apoio de levantamentos anteriores, mas o percentual de desaprova\u00e7\u00e3o ao seu governo chega a 43%. Na pesquisa Atlas, a pior para o presidente, sua rejei\u00e7\u00e3o chega a 58% contra apenas 23% de aprova\u00e7\u00e3o. Nessa sondagem, ali\u00e1s, os que consideram o governo regular foram reduzidos a apenas 19%.<\/p>\n<p>Todas as pesquisas mostram o mesmo fen\u00f4meno, que pode ser descrito sucintamente em tr\u00eas senten\u00e7as: a) o governo Bolsonaro est\u00e1 perdendo apoio, com parte das pessoas que o consideram \u00f3timo\/bom migrando para uma avalia\u00e7\u00e3o mais cr\u00edtica (regular); b) a migra\u00e7\u00e3o dos que consideravam o governo regular para uma avalia\u00e7\u00e3o de que ele \u00e9 ruim\/p\u00e9ssimo \u00e9 expressiva (no m\u00ednimo, 10%); c) apesar disso, esse processo est\u00e1 se dando num ritmo ainda lento, o que permite que Bolsonaro desfrute de impressionante aprova\u00e7\u00e3o que varia, a depender do instituto, entre 23% e 33%.<\/p>\n<h6>Bala de prata<\/h6>\n<p>N\u00e3o h\u00e1, portanto, uma \u201cbala de prata\u201d que v\u00e1 resolver o impasse. Alguns analistas mais apressados chegaram a considerar que a sa\u00edda de Mandetta do Minist\u00e9rio da Sa\u00fade poderia ter um efeito devastador sobre o governo. N\u00e3o teve. Depois, afirmaram que a demiss\u00e3o de S\u00e9rgio Moro faria o apoio ao governo se liquefazer. N\u00e3o fez. Tudo isso mostra que a guerra contra o governo da extrema-direita \u00e9 mais longa do que se imagina e n\u00e3o ser\u00e1 resolvida com uma \u201cOpera\u00e7\u00e3o Valqu\u00edria\u201d. Ser\u00e1 no campo de batalha, reunindo for\u00e7as sociais e pol\u00edticas, aprofundando as contradi\u00e7\u00f5es entre as diferentes fra\u00e7\u00f5es das classes dominantes, apontando os limites de Bolsonaro na condu\u00e7\u00e3o da crise, que poderemos vencer o confronto.<\/p>\n<p>A novidade, ao que parece, \u00e9 que as tens\u00f5es no \u201candar de cima\u201d se acirraram. A reuni\u00e3o ministerial divulgada a pedido do ministro Celso de Mello n\u00e3o representou nem de perto o tiro de miseric\u00f3rdia no governo Bolsonaro, mas aprofundou o conflito entre as representa\u00e7\u00f5es institucionais das classes dominantes. Quando o ministro da Educa\u00e7\u00e3o afirma que \u201ccolocaria todos esses vagabundos na cadeia, come\u00e7ando no STF\u201d acaba for\u00e7ando uma resposta que a Suprema Corte n\u00e3o queria dar. Quando Ricardo Salles escancara seu plano macabro para a destrui\u00e7\u00e3o da legisla\u00e7\u00e3o ambiental no Brasil, divide o setor agr\u00edcola: enquanto uma parte publicou an\u00fancio em apoio \u00e0s pretens\u00f5es do ministro, os exportadores \u2013 mais sens\u00edveis aos humores do mercado l\u00e1 fora \u2013 ficaram furiosos e rejeitaram qualquer associa\u00e7\u00e3o \u00e0 agenda de Salles.<\/p>\n<p>O epis\u00f3dio mais emblem\u00e1tico desse confronto se expressou no dia 27 de maio com a opera\u00e7\u00e3o da Pol\u00edcia Federal determinada pelo ministro tucano do STF, Alexandre de Moraes, contra v\u00e1rias pessoas ligadas \u00e0 rede de fake news controlada pelos bolsonaristas. N\u00e3o se sabe se a opera\u00e7\u00e3o j\u00e1 estava preparada ou se foi uma resposta de Moraes aos ataques dos ministros bolsonaristas ao STF, mas a rea\u00e7\u00e3o de Bolsonaro aponta para o aprofundamento da crise. Ao afirmar que a Pol\u00edcia Federal n\u00e3o cumprir\u00e1 ordens judiciais \u201cabsurdas\u201d, o presidente amea\u00e7a o Supremo com a insubordina\u00e7\u00e3o das for\u00e7as de seguran\u00e7a federais \u2013 PF, Guarda Nacional e at\u00e9 mesmo as For\u00e7as Armadas \u2013, o que significaria uma ruptura institucional, ou, em bom portugu\u00eas, um golpe.<\/p>\n<h6>Militares<\/h6>\n<p>Esse seria um poss\u00edvel desfecho para o impasse. Mas falta combinar com os militares, que teriam que assumir todo o desgaste de uma ruptura sem os \u201cb\u00f4nus\u201d de efetivamente governar o pa\u00eds, que seguiria sob comando do capit\u00e3o. Tamb\u00e9m h\u00e1 o fator econ\u00f4mico: um golpe para salvar neg\u00f3cios que v\u00e3o bem sempre s\u00e3o assimil\u00e1veis pelo mercado. Mas o que dizer de um golpe dado por um presidente que tem se tornado um mau aliado, em raz\u00e3o do elevado grau de fanatismo de boa parte de seu governo?<\/p>\n<p>Uma outra forma de romper o impasse, todos sabemos, \u00e9 pelas sa\u00eddas constitucionais dispon\u00edveis: a ren\u00fancia, a cassa\u00e7\u00e3o da chapa, o afastamento pelo STF ou o impeachment. Est\u00e1 mais do que evidente, inclusive pelas afirma\u00e7\u00f5es que fez na fat\u00eddica reuni\u00e3o ministerial, que Bolsonaro n\u00e3o ir\u00e1 renunciar. Da mesma forma, \u00e9 dif\u00edcil imaginar o ministro Lu\u00eds Roberto Barroso, novo presidente do TSE, \u201cmatando no peito\u201d a cassa\u00e7\u00e3o da chapa, apesar dos abundantes crimes eleitorais fartamente comprovados cometidos pela chapa Bolsonaro\/Mour\u00e3o.<\/p>\n<p>O afastamento pelo STF, por sua vez, dependeria de den\u00fancia oferecida pelo Procurador Geral da Rep\u00fablica, Augusto Aras. At\u00e9 agora, por\u00e9m, ele tem se transformado num exemplar guardi\u00e3o dos interesses da fam\u00edlia Bolsonaro e s\u00f3 mudaria de posi\u00e7\u00e3o, ao que tudo indica, quando o governo j\u00e1 estivesse mesmo por um fio. O impeachment, por sua vez, \u00e9 a mais \u201cpol\u00edtica\u201d das sa\u00eddas previstas. Depende de um entendimento entre a oposi\u00e7\u00e3o e os partidos que representam as classes dominantes no Congresso Nacional. A oposi\u00e7\u00e3o, como todos sabem, j\u00e1 tomou sua decis\u00e3o e apoiar\u00e1 qualquer processo de impeachment que seja instalado. A bola, portanto, est\u00e1 com os partidos do chamado \u201cCentr\u00e3o\u201d.<\/p>\n<p>Sabendo disso, Bolsonaro est\u00e1 cooptando gradualmente parte dessas legendas fisiol\u00f3gicas que n\u00e3o sabem sobreviver sem parasitar a m\u00e1quina do Estado. Est\u00e1 jogando o jogo que Dilma havia jogado em 2015, quando promoveu reforma ministerial que entregou nada menos que sete pastas ao PMDB. Mas o campo de batalha dos acordos por espa\u00e7o no aparato estatal \u00e9 apenas um entre v\u00e1rios outros. Muitos desses partidos que ora negociam com Bolsonaro s\u00e3o representantes de setores econ\u00f4micos que come\u00e7am a ver o presidente como disfuncional, na medida em que enfrenta dificuldades para fazer avan\u00e7ar as reformas e arrasta o pa\u00eds para uma crise sem precedentes ao n\u00e3o apoiar as a\u00e7\u00f5es de isolamento social implantadas por prefeitos e governadores. Mas se as classes dominantes t\u00eam o controle econ\u00f4mico e pol\u00edtico do processo, porque n\u00e3o deram ainda o comando para a instala\u00e7\u00e3o de um novo pedido de impeachment? Porque para isso \u00e9 preciso arrastar Mour\u00e3o \u2013 e com eles, os militares \u2013 para um acordo. Isso significa um\u00a0<i>day after<\/i>\u00a0negociado que leve o pa\u00eds at\u00e9 2022. Ou seja, enquanto n\u00e3o houver absoluta seguran\u00e7a sobre a transi\u00e7\u00e3o no p\u00f3s-Bolsonaro, as elites deixar\u00e3o o capit\u00e3o sangrar.<\/p>\n<p>Mas e a oposi\u00e7\u00e3o? Felizmente, a tese de deixar o capit\u00e3o minguar at\u00e9 2022 foi definitivamente superada. Com o impeachment protocolado na semana passada pelos \u00faltimos partidos que ainda resistiam abandonaram de vez seu \u201cpacto Molotov-Ribbentrop\u201d. Falou mais alto o senso de responsabilidade. Hoje toda a oposi\u00e7\u00e3o defende a sa\u00edda imediata de Bolsonaro. Isso \u00e9 muito positivo. No entanto, com a impossibilidade de realizar manifesta\u00e7\u00f5es de rua, a oposi\u00e7\u00e3o perde seu principal capital, que \u00e9 a luta de massas. \u00c9 isso que a diferencia de parte dos partidos do centr\u00e3o e de outros atores que travam a guerra de diferentes trincheiras. Al\u00e9m disso, a dissintonia entre algumas das principais lideran\u00e7as da oposi\u00e7\u00e3o cumpre papel muito negativo, porque enfraquece a capacidade de constru\u00e7\u00e3o de um polo de enfrentamento alternativo \u00e0quele capitaneado hoje pelo cons\u00f3rcio Globo\/Maia\/D\u00f3ria &amp; Cia. Isso tudo, n\u00f3s sabemos, \u00e9 movido por mais que mesquinhos interesses eleitorais: est\u00e1 em jogo quem liderar\u00e1 a oposi\u00e7\u00e3o de esquerda no p\u00f3s-lulismo.<\/p>\n<p>A not\u00edcia boa, portanto, \u00e9 que o impasse que dividia a sociedade brasileira em tr\u00eas partes est\u00e1 se rompendo, com o aumento do isolamento de Bolsonaro. A not\u00edcia m\u00e1 \u00e9 que esse processo \u00e9 lento e est\u00e1 sendo conduzido, hoje, por for\u00e7as sociais e pol\u00edticas alheias aos interesses dos trabalhadores e trabalhadoras. Os desdobramentos da crise sanit\u00e1ria nas pr\u00f3ximas semanas, o embate com o STF no inqu\u00e9rito das\u00a0<i>fake news<\/i>\u00a0e as negocia\u00e7\u00f5es com o Centr\u00e3o ser\u00e3o cap\u00edtulos decisivos dessa guerra. O \u201cDia D\u201d se aproxima. Estejamos prontos.<\/p>\n<p><em><strong>Juliano Medeiros \u00e9 historiador, cientista pol\u00edtico e presidente nacional do PSOL<\/strong><\/em><\/p>\n","protected":false},"excerpt":{"rendered":"<p>Em artigo publicado nesta sexta-feira na vers\u00e3o brasileira do jornal Le Monde Diplomatique, o presidente nacional do PSOL, Juliano Medeiros, alerta que a guerra contra a extrema-direita no Brasil ser\u00e1 mais longa do que se imagina. No artigo, o dirigente analisa os \u00faltimos acontecimentos da pol\u00edtica nacional, a interfer\u00eancia da pandemia do novo coronav\u00edrus neste [&hellip;]<\/p>\n","protected":false},"author":2,"featured_media":19468,"comment_status":"closed","ping_status":"open","sticky":false,"template":"","format":"standard","meta":{"_acf_changed":false,"footnotes":""},"categories":[3,6],"tags":[56,773,220,259,22],"class_list":{"0":"post-29298","1":"post","2":"type-post","3":"status-publish","4":"format-standard","5":"has-post-thumbnail","7":"category-artigos-e-entrevistas","8":"category-noticias","9":"tag-bolsonaro","10":"tag-extrema-direita","11":"tag-impeachment","12":"tag-juliano-medeiros","13":"tag-psol"},"acf":[],"yoast_head":"<!-- This site is optimized with the Yoast SEO plugin v26.5 - https:\/\/yoast.com\/wordpress\/plugins\/seo\/ -->\n<title>Presidente do PSOL fala em artigo sobre a luta contra a extrema-direita no Brasil<\/title>\n<meta name=\"description\" content=\"No artigo, Juliano Medeiros analisa os \u00faltimos acontecimentos da pol\u00edtica nacional em meio \u00e0 pandemia e o acirramento do bolsonarismo contra a democracia.\" \/>\n<meta name=\"robots\" content=\"index, follow, max-snippet:-1, max-image-preview:large, max-video-preview:-1\" \/>\n<link rel=\"canonical\" href=\"https:\/\/psol50.org.br\/presidente-do-psol-fala-em-artigo-sobre-luta-contra-extrema-direita-no-brasil\/\" \/>\n<meta property=\"og:locale\" content=\"pt_BR\" \/>\n<meta property=\"og:type\" content=\"article\" \/>\n<meta property=\"og:title\" content=\"Presidente do PSOL fala em artigo sobre a luta contra a extrema-direita no Brasil\" \/>\n<meta property=\"og:description\" content=\"No artigo, Juliano Medeiros analisa os \u00faltimos acontecimentos da pol\u00edtica nacional em meio \u00e0 pandemia e o acirramento do bolsonarismo contra a democracia.\" \/>\n<meta property=\"og:url\" content=\"https:\/\/psol50.org.br\/presidente-do-psol-fala-em-artigo-sobre-luta-contra-extrema-direita-no-brasil\/\" \/>\n<meta property=\"og:site_name\" content=\"PSOL 50\" \/>\n<meta property=\"article:publisher\" content=\"https:\/\/www.facebook.com\/psol50\" \/>\n<meta property=\"article:published_time\" content=\"2020-05-29T20:42:20+00:00\" \/>\n<meta property=\"og:image\" content=\"https:\/\/psol50.org.br\/inc\/uploads\/2018\/01\/Juliano-teste.jpg\" \/>\n\t<meta property=\"og:image:width\" content=\"1800\" \/>\n\t<meta property=\"og:image:height\" content=\"1200\" \/>\n\t<meta property=\"og:image:type\" content=\"image\/jpeg\" \/>\n<meta name=\"author\" content=\"Comunica\u00e7\u00e3o PSOL\" \/>\n<meta name=\"twitter:card\" content=\"summary_large_image\" \/>\n<meta name=\"twitter:title\" content=\"Presidente do PSOL fala em artigo sobre a luta contra a extrema-direita no Brasil\" \/>\n<meta name=\"twitter:description\" content=\"No artigo, Juliano Medeiros analisa os \u00faltimos acontecimentos da pol\u00edtica nacional em meio \u00e0 pandemia e o acirramento do bolsonarismo contra a democracia.\" \/>\n<meta name=\"twitter:image\" content=\"https:\/\/psol50.org.br\/inc\/uploads\/2018\/01\/Juliano-teste.jpg\" \/>\n<meta name=\"twitter:creator\" content=\"@psol50\" \/>\n<meta name=\"twitter:site\" content=\"@psol50\" \/>\n<meta name=\"twitter:label1\" content=\"Escrito por\" \/>\n\t<meta name=\"twitter:data1\" content=\"Comunica\u00e7\u00e3o PSOL\" \/>\n\t<meta name=\"twitter:label2\" content=\"Est. tempo de leitura\" \/>\n\t<meta name=\"twitter:data2\" content=\"9 minutos\" \/>\n<script type=\"application\/ld+json\" class=\"yoast-schema-graph\">{\"@context\":\"https:\/\/schema.org\",\"@graph\":[{\"@type\":\"Article\",\"@id\":\"https:\/\/psol50.org.br\/presidente-do-psol-fala-em-artigo-sobre-luta-contra-extrema-direita-no-brasil\/#article\",\"isPartOf\":{\"@id\":\"https:\/\/psol50.org.br\/presidente-do-psol-fala-em-artigo-sobre-luta-contra-extrema-direita-no-brasil\/\"},\"author\":{\"name\":\"Comunica\u00e7\u00e3o PSOL\",\"@id\":\"https:\/\/psol50.org.br\/#\/schema\/person\/475dfa57d0b815993c714c2e96491fcd\"},\"headline\":\"Presidente do PSOL fala em artigo sobre a luta contra a extrema-direita no Brasil\",\"datePublished\":\"2020-05-29T20:42:20+00:00\",\"mainEntityOfPage\":{\"@id\":\"https:\/\/psol50.org.br\/presidente-do-psol-fala-em-artigo-sobre-luta-contra-extrema-direita-no-brasil\/\"},\"wordCount\":1749,\"publisher\":{\"@id\":\"https:\/\/psol50.org.br\/#organization\"},\"image\":{\"@id\":\"https:\/\/psol50.org.br\/presidente-do-psol-fala-em-artigo-sobre-luta-contra-extrema-direita-no-brasil\/#primaryimage\"},\"thumbnailUrl\":\"https:\/\/psol50.org.br\/inc\/uploads\/2018\/01\/Juliano-teste.jpg\",\"keywords\":[\"Bolsonaro\",\"extrema-direita\",\"impeachment\",\"Juliano Medeiros\",\"PSOL\"],\"articleSection\":[\"Artigos\",\"Not\u00edcias\"],\"inLanguage\":\"pt-BR\"},{\"@type\":\"WebPage\",\"@id\":\"https:\/\/psol50.org.br\/presidente-do-psol-fala-em-artigo-sobre-luta-contra-extrema-direita-no-brasil\/\",\"url\":\"https:\/\/psol50.org.br\/presidente-do-psol-fala-em-artigo-sobre-luta-contra-extrema-direita-no-brasil\/\",\"name\":\"Presidente do PSOL fala em artigo sobre a luta contra a extrema-direita no Brasil\",\"isPartOf\":{\"@id\":\"https:\/\/psol50.org.br\/#website\"},\"primaryImageOfPage\":{\"@id\":\"https:\/\/psol50.org.br\/presidente-do-psol-fala-em-artigo-sobre-luta-contra-extrema-direita-no-brasil\/#primaryimage\"},\"image\":{\"@id\":\"https:\/\/psol50.org.br\/presidente-do-psol-fala-em-artigo-sobre-luta-contra-extrema-direita-no-brasil\/#primaryimage\"},\"thumbnailUrl\":\"https:\/\/psol50.org.br\/inc\/uploads\/2018\/01\/Juliano-teste.jpg\",\"datePublished\":\"2020-05-29T20:42:20+00:00\",\"description\":\"No artigo, Juliano Medeiros analisa os \u00faltimos acontecimentos da pol\u00edtica nacional em meio \u00e0 pandemia e o acirramento do bolsonarismo contra a democracia.\",\"breadcrumb\":{\"@id\":\"https:\/\/psol50.org.br\/presidente-do-psol-fala-em-artigo-sobre-luta-contra-extrema-direita-no-brasil\/#breadcrumb\"},\"inLanguage\":\"pt-BR\",\"potentialAction\":[{\"@type\":\"ReadAction\",\"target\":[\"https:\/\/psol50.org.br\/presidente-do-psol-fala-em-artigo-sobre-luta-contra-extrema-direita-no-brasil\/\"]}]},{\"@type\":\"ImageObject\",\"inLanguage\":\"pt-BR\",\"@id\":\"https:\/\/psol50.org.br\/presidente-do-psol-fala-em-artigo-sobre-luta-contra-extrema-direita-no-brasil\/#primaryimage\",\"url\":\"https:\/\/psol50.org.br\/inc\/uploads\/2018\/01\/Juliano-teste.jpg\",\"contentUrl\":\"https:\/\/psol50.org.br\/inc\/uploads\/2018\/01\/Juliano-teste.jpg\",\"width\":1800,\"height\":1200},{\"@type\":\"BreadcrumbList\",\"@id\":\"https:\/\/psol50.org.br\/presidente-do-psol-fala-em-artigo-sobre-luta-contra-extrema-direita-no-brasil\/#breadcrumb\",\"itemListElement\":[{\"@type\":\"ListItem\",\"position\":1,\"name\":\"In\u00edcio\",\"item\":\"https:\/\/psol50.org.br\/\"},{\"@type\":\"ListItem\",\"position\":2,\"name\":\"Presidente do PSOL fala em artigo sobre a luta contra a extrema-direita no Brasil\"}]},{\"@type\":\"WebSite\",\"@id\":\"https:\/\/psol50.org.br\/#website\",\"url\":\"https:\/\/psol50.org.br\/\",\"name\":\"PSOL 50\",\"description\":\"Site oficial do Partido Socialismo e Liberdade\",\"publisher\":{\"@id\":\"https:\/\/psol50.org.br\/#organization\"},\"alternateName\":\"PSOL50\",\"potentialAction\":[{\"@type\":\"SearchAction\",\"target\":{\"@type\":\"EntryPoint\",\"urlTemplate\":\"https:\/\/psol50.org.br\/?s={search_term_string}\"},\"query-input\":{\"@type\":\"PropertyValueSpecification\",\"valueRequired\":true,\"valueName\":\"search_term_string\"}}],\"inLanguage\":\"pt-BR\"},{\"@type\":\"Organization\",\"@id\":\"https:\/\/psol50.org.br\/#organization\",\"name\":\"PSOL 50\",\"alternateName\":\"PSOL 50\",\"url\":\"https:\/\/psol50.org.br\/\",\"logo\":{\"@type\":\"ImageObject\",\"inLanguage\":\"pt-BR\",\"@id\":\"https:\/\/psol50.org.br\/#\/schema\/logo\/image\/\",\"url\":\"https:\/\/psol50.org.br\/inc\/uploads\/2018\/07\/capa.png\",\"contentUrl\":\"https:\/\/psol50.org.br\/inc\/uploads\/2018\/07\/capa.png\",\"width\":1350,\"height\":900,\"caption\":\"PSOL 50\"},\"image\":{\"@id\":\"https:\/\/psol50.org.br\/#\/schema\/logo\/image\/\"},\"sameAs\":[\"https:\/\/www.facebook.com\/psol50\",\"https:\/\/x.com\/psol50\",\"https:\/\/www.instagram.com\/psol50\/\",\"https:\/\/www.youtube.com\/channel\/UC7SnJS5o1os7a6CaiNabzcg\"]},{\"@type\":\"Person\",\"@id\":\"https:\/\/psol50.org.br\/#\/schema\/person\/475dfa57d0b815993c714c2e96491fcd\",\"name\":\"Comunica\u00e7\u00e3o PSOL\",\"image\":{\"@type\":\"ImageObject\",\"inLanguage\":\"pt-BR\",\"@id\":\"https:\/\/psol50.org.br\/#\/schema\/person\/image\/\",\"url\":\"https:\/\/secure.gravatar.com\/avatar\/b34fc4f4e468a4e51785917065a3db57b841f5c95dba6ad8c73aaf8f66f8f9bf?s=96&d=mm&r=g\",\"contentUrl\":\"https:\/\/secure.gravatar.com\/avatar\/b34fc4f4e468a4e51785917065a3db57b841f5c95dba6ad8c73aaf8f66f8f9bf?s=96&d=mm&r=g\",\"caption\":\"Comunica\u00e7\u00e3o PSOL\"}}]}<\/script>\n<!-- \/ Yoast SEO plugin. -->","yoast_head_json":{"title":"Presidente do PSOL fala em artigo sobre a luta contra a extrema-direita no Brasil","description":"No artigo, Juliano Medeiros analisa os \u00faltimos acontecimentos da pol\u00edtica nacional em meio \u00e0 pandemia e o acirramento do bolsonarismo contra a democracia.","robots":{"index":"index","follow":"follow","max-snippet":"max-snippet:-1","max-image-preview":"max-image-preview:large","max-video-preview":"max-video-preview:-1"},"canonical":"https:\/\/psol50.org.br\/presidente-do-psol-fala-em-artigo-sobre-luta-contra-extrema-direita-no-brasil\/","og_locale":"pt_BR","og_type":"article","og_title":"Presidente do PSOL fala em artigo sobre a luta contra a extrema-direita no Brasil","og_description":"No artigo, Juliano Medeiros analisa os \u00faltimos acontecimentos da pol\u00edtica nacional em meio \u00e0 pandemia e o acirramento do bolsonarismo contra a democracia.","og_url":"https:\/\/psol50.org.br\/presidente-do-psol-fala-em-artigo-sobre-luta-contra-extrema-direita-no-brasil\/","og_site_name":"PSOL 50","article_publisher":"https:\/\/www.facebook.com\/psol50","article_published_time":"2020-05-29T20:42:20+00:00","og_image":[{"width":1800,"height":1200,"url":"https:\/\/psol50.org.br\/inc\/uploads\/2018\/01\/Juliano-teste.jpg","type":"image\/jpeg"}],"author":"Comunica\u00e7\u00e3o PSOL","twitter_card":"summary_large_image","twitter_title":"Presidente do PSOL fala em artigo sobre a luta contra a extrema-direita no Brasil","twitter_description":"No artigo, Juliano Medeiros analisa os \u00faltimos acontecimentos da pol\u00edtica nacional em meio \u00e0 pandemia e o acirramento do bolsonarismo contra a democracia.","twitter_image":"https:\/\/psol50.org.br\/inc\/uploads\/2018\/01\/Juliano-teste.jpg","twitter_creator":"@psol50","twitter_site":"@psol50","twitter_misc":{"Escrito por":"Comunica\u00e7\u00e3o PSOL","Est. tempo de leitura":"9 minutos"},"schema":{"@context":"https:\/\/schema.org","@graph":[{"@type":"Article","@id":"https:\/\/psol50.org.br\/presidente-do-psol-fala-em-artigo-sobre-luta-contra-extrema-direita-no-brasil\/#article","isPartOf":{"@id":"https:\/\/psol50.org.br\/presidente-do-psol-fala-em-artigo-sobre-luta-contra-extrema-direita-no-brasil\/"},"author":{"name":"Comunica\u00e7\u00e3o PSOL","@id":"https:\/\/psol50.org.br\/#\/schema\/person\/475dfa57d0b815993c714c2e96491fcd"},"headline":"Presidente do PSOL fala em artigo sobre a luta contra a extrema-direita no Brasil","datePublished":"2020-05-29T20:42:20+00:00","mainEntityOfPage":{"@id":"https:\/\/psol50.org.br\/presidente-do-psol-fala-em-artigo-sobre-luta-contra-extrema-direita-no-brasil\/"},"wordCount":1749,"publisher":{"@id":"https:\/\/psol50.org.br\/#organization"},"image":{"@id":"https:\/\/psol50.org.br\/presidente-do-psol-fala-em-artigo-sobre-luta-contra-extrema-direita-no-brasil\/#primaryimage"},"thumbnailUrl":"https:\/\/psol50.org.br\/inc\/uploads\/2018\/01\/Juliano-teste.jpg","keywords":["Bolsonaro","extrema-direita","impeachment","Juliano Medeiros","PSOL"],"articleSection":["Artigos","Not\u00edcias"],"inLanguage":"pt-BR"},{"@type":"WebPage","@id":"https:\/\/psol50.org.br\/presidente-do-psol-fala-em-artigo-sobre-luta-contra-extrema-direita-no-brasil\/","url":"https:\/\/psol50.org.br\/presidente-do-psol-fala-em-artigo-sobre-luta-contra-extrema-direita-no-brasil\/","name":"Presidente do PSOL fala em artigo sobre a luta contra a extrema-direita no Brasil","isPartOf":{"@id":"https:\/\/psol50.org.br\/#website"},"primaryImageOfPage":{"@id":"https:\/\/psol50.org.br\/presidente-do-psol-fala-em-artigo-sobre-luta-contra-extrema-direita-no-brasil\/#primaryimage"},"image":{"@id":"https:\/\/psol50.org.br\/presidente-do-psol-fala-em-artigo-sobre-luta-contra-extrema-direita-no-brasil\/#primaryimage"},"thumbnailUrl":"https:\/\/psol50.org.br\/inc\/uploads\/2018\/01\/Juliano-teste.jpg","datePublished":"2020-05-29T20:42:20+00:00","description":"No artigo, Juliano Medeiros analisa os \u00faltimos acontecimentos da pol\u00edtica nacional em meio \u00e0 pandemia e o acirramento do bolsonarismo contra a democracia.","breadcrumb":{"@id":"https:\/\/psol50.org.br\/presidente-do-psol-fala-em-artigo-sobre-luta-contra-extrema-direita-no-brasil\/#breadcrumb"},"inLanguage":"pt-BR","potentialAction":[{"@type":"ReadAction","target":["https:\/\/psol50.org.br\/presidente-do-psol-fala-em-artigo-sobre-luta-contra-extrema-direita-no-brasil\/"]}]},{"@type":"ImageObject","inLanguage":"pt-BR","@id":"https:\/\/psol50.org.br\/presidente-do-psol-fala-em-artigo-sobre-luta-contra-extrema-direita-no-brasil\/#primaryimage","url":"https:\/\/psol50.org.br\/inc\/uploads\/2018\/01\/Juliano-teste.jpg","contentUrl":"https:\/\/psol50.org.br\/inc\/uploads\/2018\/01\/Juliano-teste.jpg","width":1800,"height":1200},{"@type":"BreadcrumbList","@id":"https:\/\/psol50.org.br\/presidente-do-psol-fala-em-artigo-sobre-luta-contra-extrema-direita-no-brasil\/#breadcrumb","itemListElement":[{"@type":"ListItem","position":1,"name":"In\u00edcio","item":"https:\/\/psol50.org.br\/"},{"@type":"ListItem","position":2,"name":"Presidente do PSOL fala em artigo sobre a luta contra a extrema-direita no Brasil"}]},{"@type":"WebSite","@id":"https:\/\/psol50.org.br\/#website","url":"https:\/\/psol50.org.br\/","name":"PSOL 50","description":"Site oficial do Partido Socialismo e Liberdade","publisher":{"@id":"https:\/\/psol50.org.br\/#organization"},"alternateName":"PSOL50","potentialAction":[{"@type":"SearchAction","target":{"@type":"EntryPoint","urlTemplate":"https:\/\/psol50.org.br\/?s={search_term_string}"},"query-input":{"@type":"PropertyValueSpecification","valueRequired":true,"valueName":"search_term_string"}}],"inLanguage":"pt-BR"},{"@type":"Organization","@id":"https:\/\/psol50.org.br\/#organization","name":"PSOL 50","alternateName":"PSOL 50","url":"https:\/\/psol50.org.br\/","logo":{"@type":"ImageObject","inLanguage":"pt-BR","@id":"https:\/\/psol50.org.br\/#\/schema\/logo\/image\/","url":"https:\/\/psol50.org.br\/inc\/uploads\/2018\/07\/capa.png","contentUrl":"https:\/\/psol50.org.br\/inc\/uploads\/2018\/07\/capa.png","width":1350,"height":900,"caption":"PSOL 50"},"image":{"@id":"https:\/\/psol50.org.br\/#\/schema\/logo\/image\/"},"sameAs":["https:\/\/www.facebook.com\/psol50","https:\/\/x.com\/psol50","https:\/\/www.instagram.com\/psol50\/","https:\/\/www.youtube.com\/channel\/UC7SnJS5o1os7a6CaiNabzcg"]},{"@type":"Person","@id":"https:\/\/psol50.org.br\/#\/schema\/person\/475dfa57d0b815993c714c2e96491fcd","name":"Comunica\u00e7\u00e3o PSOL","image":{"@type":"ImageObject","inLanguage":"pt-BR","@id":"https:\/\/psol50.org.br\/#\/schema\/person\/image\/","url":"https:\/\/secure.gravatar.com\/avatar\/b34fc4f4e468a4e51785917065a3db57b841f5c95dba6ad8c73aaf8f66f8f9bf?s=96&d=mm&r=g","contentUrl":"https:\/\/secure.gravatar.com\/avatar\/b34fc4f4e468a4e51785917065a3db57b841f5c95dba6ad8c73aaf8f66f8f9bf?s=96&d=mm&r=g","caption":"Comunica\u00e7\u00e3o PSOL"}}]}},"_links":{"self":[{"href":"https:\/\/psol50.org.br\/rest\/wp\/v2\/posts\/29298","targetHints":{"allow":["GET"]}}],"collection":[{"href":"https:\/\/psol50.org.br\/rest\/wp\/v2\/posts"}],"about":[{"href":"https:\/\/psol50.org.br\/rest\/wp\/v2\/types\/post"}],"author":[{"embeddable":true,"href":"https:\/\/psol50.org.br\/rest\/wp\/v2\/users\/2"}],"replies":[{"embeddable":true,"href":"https:\/\/psol50.org.br\/rest\/wp\/v2\/comments?post=29298"}],"version-history":[{"count":0,"href":"https:\/\/psol50.org.br\/rest\/wp\/v2\/posts\/29298\/revisions"}],"wp:featuredmedia":[{"embeddable":true,"href":"https:\/\/psol50.org.br\/rest\/wp\/v2\/media\/19468"}],"wp:attachment":[{"href":"https:\/\/psol50.org.br\/rest\/wp\/v2\/media?parent=29298"}],"wp:term":[{"taxonomy":"category","embeddable":true,"href":"https:\/\/psol50.org.br\/rest\/wp\/v2\/categories?post=29298"},{"taxonomy":"post_tag","embeddable":true,"href":"https:\/\/psol50.org.br\/rest\/wp\/v2\/tags?post=29298"}],"curies":[{"name":"wp","href":"https:\/\/api.w.org\/{rel}","templated":true}]}}