{"id":29313,"date":"2020-06-01T16:43:34","date_gmt":"2020-06-01T19:43:34","guid":{"rendered":"https:\/\/psol50.org.br\/?p=29313"},"modified":"2020-06-01T16:43:34","modified_gmt":"2020-06-01T19:43:34","slug":"psol-aciona-mpf-para-investigar-censura-do-governo-a-servidores-do-ibama","status":"publish","type":"post","link":"https:\/\/psol50.org.br\/psol-aciona-mpf-para-investigar-censura-do-governo-a-servidores-do-ibama\/","title":{"rendered":"PSOL aciona MPF para investigar censura do governo a servidores do Ibama"},"content":{"rendered":"<p><a href=\"https:\/\/impeachmentpopular.com.br\/\" target=\"_blank\" rel=\"noopener noreferrer\"><img loading=\"lazy\" decoding=\"async\" class=\"alignnone size-full wp-image-29118\" src=\"https:\/\/psol50.org.br\/inc\/uploads\/2020\/05\/Email_Impeachment.png\" alt=\"\" width=\"1080\" height=\"250\" srcset=\"https:\/\/psol50.org.br\/inc\/uploads\/2020\/05\/Email_Impeachment.png 1080w, https:\/\/psol50.org.br\/inc\/uploads\/2020\/05\/Email_Impeachment-300x69.png 300w, https:\/\/psol50.org.br\/inc\/uploads\/2020\/05\/Email_Impeachment-1024x237.png 1024w, https:\/\/psol50.org.br\/inc\/uploads\/2020\/05\/Email_Impeachment-768x178.png 768w, https:\/\/psol50.org.br\/inc\/uploads\/2020\/05\/Email_Impeachment-150x35.png 150w, https:\/\/psol50.org.br\/inc\/uploads\/2020\/05\/Email_Impeachment-696x161.png 696w, https:\/\/psol50.org.br\/inc\/uploads\/2020\/05\/Email_Impeachment-1068x247.png 1068w\" sizes=\"auto, (max-width: 1080px) 100vw, 1080px\" \/><\/a><\/p>\n<p>O PSOL entrou com uma <strong><a href=\"https:\/\/psol50.org.br\/inc\/uploads\/2020\/06\/Ofi\u0301cio-186-4\u00ba-Ca\u0302mara-Lei-da-Mordac\u0327a-Ibama-1-1.pdf\" target=\"_blank\" rel=\"noopener noreferrer\">a\u00e7\u00e3o contra o Minist\u00e9rio do Meio Ambiente<\/a><\/strong>, chefiado por Ricardo Salles, na 4\u00aa C\u00e2mara do Minist\u00e9rio P\u00fablico Federal (MPF) por causa da censura sistem\u00e1tica que a pasta vem aplicando aos servidores do Instituto Brasileiro do Meio Ambiente e dos Recursos Naturais Renov\u00e1veis (Ibama).<\/p>\n<p>Circula entre servidores uma nota t\u00e9cnica elaborada pela Comiss\u00e3o de \u00c9tica do \u00f3rg\u00e3o que pretende coibir as manifesta\u00e7\u00f5es pol\u00edticas contr\u00e1rias ao governo nas redes sociais dos agentes ambientais.<\/p>\n<p>A nota encaminhada aos servidores exige deles uma postura nas redes sociais que n\u00e3o \u00e9 exigida nem mesmo dos ministros do governo, de que os servidores n\u00e3o publiquem conte\u00fado de ordem pessoal.<\/p>\n<p>O documento do PSOL ressalta, entretanto, que essa regra n\u00e3o pode ser utilizada para servidores concursados. &#8220;Ora, trata-se de uma rede social de uso pessoal. Diferente de um servidor com poder efetivo de decis\u00e3o, dentro do Poder Judici\u00e1rio, por exemplo, que se manifesta socialmente e profissionalmente tem o poder de decidir sobre a quest\u00e3o. Isso, sim, incide em impedimentos legais e \u00e9ticos&#8221;, diz o documento.<\/p>\n<p>Na nota t\u00e9cnica, o Ibama refor\u00e7a a proibi\u00e7\u00e3o dos servidores de manter contato com a imprensa, o que foi classificado pelo PSOL como censura, o que \u00e9 inconstitucional. &#8220;Destaque-se ainda que este tipo de pr\u00e1tica pode ser considerada persegui\u00e7\u00e3o pol\u00edtica, demonstrando viola\u00e7\u00e3o de princ\u00edpios da Administra\u00e7\u00e3o P\u00fablica, especialmente os princ\u00edpios da legalidade, impessoalidade e moralidade, caracterizando, assim, a pr\u00e1tica de ato de improbidade administrativa&#8221;, argumenta o partido.<\/p>\n<p>&#8220;O vi\u00e9s autorit\u00e1rio e antidemocr\u00e1tico \u00e0 frente do Poder Executivo n\u00e3o pode contaminar a gest\u00e3o p\u00fablica atrav\u00e9s de amea\u00e7as, persegui\u00e7\u00e3o a servidores p\u00fablicos e aparelhamento de \u00f3rg\u00e3os de fiscaliza\u00e7\u00e3o, como o que tem sido constantemente denunciado&#8221;, conclui o PSOL.<\/p>\n","protected":false},"excerpt":{"rendered":"<p>O PSOL entrou com uma a\u00e7\u00e3o contra o Minist\u00e9rio do Meio Ambiente, chefiado por Ricardo Salles, na 4\u00aa C\u00e2mara do Minist\u00e9rio P\u00fablico Federal (MPF) por causa da censura sistem\u00e1tica que a pasta vem aplicando aos servidores do Instituto Brasileiro do Meio Ambiente e dos Recursos Naturais Renov\u00e1veis (Ibama). Circula entre servidores uma nota t\u00e9cnica elaborada [&hellip;]<\/p>\n","protected":false},"author":2,"featured_media":29316,"comment_status":"closed","ping_status":"open","sticky":false,"template":"","format":"standard","meta":{"_acf_changed":false,"footnotes":""},"categories":[10,6],"tags":[234,778,44,76,102],"class_list":{"0":"post-29313","1":"post","2":"type-post","3":"status-publish","4":"format-standard","5":"has-post-thumbnail","7":"category-acao-parlamentares","8":"category-noticias","9":"tag-censura","10":"tag-ibama","11":"tag-meio-ambiente","12":"tag-mpf","13":"tag-ricardo-salles"},"acf":[],"yoast_head":"<!-- This site is optimized with the Yoast SEO plugin v26.5 - https:\/\/yoast.com\/wordpress\/plugins\/seo\/ -->\n<title>PSOL aciona MPF para investigar censura do governo a servidores do Ibama<\/title>\n<meta name=\"description\" content=\"Nota t\u00e9cnica elaborada pela Comiss\u00e3o de \u00c9tica do Minist\u00e9rio do Meio Ambiente que pretende coibir as manifesta\u00e7\u00f5es pol\u00edticas dos agentes ambientais.\" \/>\n<meta name=\"robots\" content=\"index, follow, max-snippet:-1, max-image-preview:large, max-video-preview:-1\" \/>\n<link rel=\"canonical\" href=\"https:\/\/psol50.org.br\/psol-aciona-mpf-para-investigar-censura-do-governo-a-servidores-do-ibama\/\" \/>\n<meta property=\"og:locale\" content=\"pt_BR\" \/>\n<meta property=\"og:type\" content=\"article\" \/>\n<meta property=\"og:title\" content=\"PSOL aciona MPF para investigar censura do governo a servidores do Ibama\" \/>\n<meta property=\"og:description\" content=\"Nota t\u00e9cnica elaborada pela Comiss\u00e3o de \u00c9tica do Minist\u00e9rio do Meio Ambiente que pretende coibir as manifesta\u00e7\u00f5es pol\u00edticas dos agentes ambientais.\" \/>\n<meta property=\"og:url\" content=\"https:\/\/psol50.org.br\/psol-aciona-mpf-para-investigar-censura-do-governo-a-servidores-do-ibama\/\" \/>\n<meta property=\"og:site_name\" content=\"PSOL 50\" \/>\n<meta property=\"article:publisher\" content=\"https:\/\/www.facebook.com\/psol50\" \/>\n<meta property=\"article:published_time\" content=\"2020-06-01T19:43:34+00:00\" \/>\n<meta property=\"og:image\" content=\"https:\/\/psol50.org.br\/inc\/uploads\/2020\/06\/garimpeiros-ouro-raposa-serra-do-sol-750x410-1.jpg\" \/>\n\t<meta property=\"og:image:width\" content=\"750\" \/>\n\t<meta property=\"og:image:height\" content=\"410\" \/>\n\t<meta property=\"og:image:type\" content=\"image\/jpeg\" \/>\n<meta name=\"author\" content=\"Comunica\u00e7\u00e3o PSOL\" \/>\n<meta name=\"twitter:card\" content=\"summary_large_image\" \/>\n<meta name=\"twitter:title\" content=\"PSOL aciona MPF para investigar censura do governo a servidores do Ibama\" \/>\n<meta name=\"twitter:description\" content=\"Nota t\u00e9cnica elaborada pela Comiss\u00e3o de \u00c9tica do Minist\u00e9rio do Meio Ambiente que pretende coibir as manifesta\u00e7\u00f5es pol\u00edticas dos agentes ambientais.\" \/>\n<meta name=\"twitter:image\" content=\"https:\/\/psol50.org.br\/inc\/uploads\/2020\/06\/garimpeiros-ouro-raposa-serra-do-sol-750x410-1.jpg\" \/>\n<meta name=\"twitter:creator\" content=\"@psol50\" \/>\n<meta name=\"twitter:site\" content=\"@psol50\" \/>\n<meta name=\"twitter:label1\" content=\"Escrito por\" \/>\n\t<meta name=\"twitter:data1\" content=\"Comunica\u00e7\u00e3o PSOL\" \/>\n\t<meta name=\"twitter:label2\" content=\"Est. tempo de leitura\" \/>\n\t<meta name=\"twitter:data2\" content=\"2 minutos\" \/>\n<script type=\"application\/ld+json\" class=\"yoast-schema-graph\">{\"@context\":\"https:\/\/schema.org\",\"@graph\":[{\"@type\":\"Article\",\"@id\":\"https:\/\/psol50.org.br\/psol-aciona-mpf-para-investigar-censura-do-governo-a-servidores-do-ibama\/#article\",\"isPartOf\":{\"@id\":\"https:\/\/psol50.org.br\/psol-aciona-mpf-para-investigar-censura-do-governo-a-servidores-do-ibama\/\"},\"author\":{\"name\":\"Comunica\u00e7\u00e3o PSOL\",\"@id\":\"https:\/\/psol50.org.br\/#\/schema\/person\/475dfa57d0b815993c714c2e96491fcd\"},\"headline\":\"PSOL aciona MPF para investigar censura do governo a servidores do Ibama\",\"datePublished\":\"2020-06-01T19:43:34+00:00\",\"mainEntityOfPage\":{\"@id\":\"https:\/\/psol50.org.br\/psol-aciona-mpf-para-investigar-censura-do-governo-a-servidores-do-ibama\/\"},\"wordCount\":331,\"publisher\":{\"@id\":\"https:\/\/psol50.org.br\/#organization\"},\"image\":{\"@id\":\"https:\/\/psol50.org.br\/psol-aciona-mpf-para-investigar-censura-do-governo-a-servidores-do-ibama\/#primaryimage\"},\"thumbnailUrl\":\"https:\/\/psol50.org.br\/inc\/uploads\/2020\/06\/garimpeiros-ouro-raposa-serra-do-sol-750x410-1.jpg\",\"keywords\":[\"censura\",\"Ibama\",\"meio ambiente\",\"MPF\",\"ricardo salles\"],\"articleSection\":[\"A\u00e7\u00e3o Parlamentar\",\"Not\u00edcias\"],\"inLanguage\":\"pt-BR\"},{\"@type\":\"WebPage\",\"@id\":\"https:\/\/psol50.org.br\/psol-aciona-mpf-para-investigar-censura-do-governo-a-servidores-do-ibama\/\",\"url\":\"https:\/\/psol50.org.br\/psol-aciona-mpf-para-investigar-censura-do-governo-a-servidores-do-ibama\/\",\"name\":\"PSOL aciona MPF para investigar censura do governo a servidores do Ibama\",\"isPartOf\":{\"@id\":\"https:\/\/psol50.org.br\/#website\"},\"primaryImageOfPage\":{\"@id\":\"https:\/\/psol50.org.br\/psol-aciona-mpf-para-investigar-censura-do-governo-a-servidores-do-ibama\/#primaryimage\"},\"image\":{\"@id\":\"https:\/\/psol50.org.br\/psol-aciona-mpf-para-investigar-censura-do-governo-a-servidores-do-ibama\/#primaryimage\"},\"thumbnailUrl\":\"https:\/\/psol50.org.br\/inc\/uploads\/2020\/06\/garimpeiros-ouro-raposa-serra-do-sol-750x410-1.jpg\",\"datePublished\":\"2020-06-01T19:43:34+00:00\",\"description\":\"Nota t\u00e9cnica elaborada pela Comiss\u00e3o de \u00c9tica do Minist\u00e9rio do Meio Ambiente que pretende coibir as manifesta\u00e7\u00f5es pol\u00edticas dos agentes ambientais.\",\"breadcrumb\":{\"@id\":\"https:\/\/psol50.org.br\/psol-aciona-mpf-para-investigar-censura-do-governo-a-servidores-do-ibama\/#breadcrumb\"},\"inLanguage\":\"pt-BR\",\"potentialAction\":[{\"@type\":\"ReadAction\",\"target\":[\"https:\/\/psol50.org.br\/psol-aciona-mpf-para-investigar-censura-do-governo-a-servidores-do-ibama\/\"]}]},{\"@type\":\"ImageObject\",\"inLanguage\":\"pt-BR\",\"@id\":\"https:\/\/psol50.org.br\/psol-aciona-mpf-para-investigar-censura-do-governo-a-servidores-do-ibama\/#primaryimage\",\"url\":\"https:\/\/psol50.org.br\/inc\/uploads\/2020\/06\/garimpeiros-ouro-raposa-serra-do-sol-750x410-1.jpg\",\"contentUrl\":\"https:\/\/psol50.org.br\/inc\/uploads\/2020\/06\/garimpeiros-ouro-raposa-serra-do-sol-750x410-1.jpg\",\"width\":750,\"height\":410},{\"@type\":\"BreadcrumbList\",\"@id\":\"https:\/\/psol50.org.br\/psol-aciona-mpf-para-investigar-censura-do-governo-a-servidores-do-ibama\/#breadcrumb\",\"itemListElement\":[{\"@type\":\"ListItem\",\"position\":1,\"name\":\"In\u00edcio\",\"item\":\"https:\/\/psol50.org.br\/\"},{\"@type\":\"ListItem\",\"position\":2,\"name\":\"PSOL aciona MPF para investigar censura do governo a servidores do Ibama\"}]},{\"@type\":\"WebSite\",\"@id\":\"https:\/\/psol50.org.br\/#website\",\"url\":\"https:\/\/psol50.org.br\/\",\"name\":\"PSOL 50\",\"description\":\"Site oficial do Partido Socialismo e Liberdade\",\"publisher\":{\"@id\":\"https:\/\/psol50.org.br\/#organization\"},\"alternateName\":\"PSOL50\",\"potentialAction\":[{\"@type\":\"SearchAction\",\"target\":{\"@type\":\"EntryPoint\",\"urlTemplate\":\"https:\/\/psol50.org.br\/?s={search_term_string}\"},\"query-input\":{\"@type\":\"PropertyValueSpecification\",\"valueRequired\":true,\"valueName\":\"search_term_string\"}}],\"inLanguage\":\"pt-BR\"},{\"@type\":\"Organization\",\"@id\":\"https:\/\/psol50.org.br\/#organization\",\"name\":\"PSOL 50\",\"alternateName\":\"PSOL 50\",\"url\":\"https:\/\/psol50.org.br\/\",\"logo\":{\"@type\":\"ImageObject\",\"inLanguage\":\"pt-BR\",\"@id\":\"https:\/\/psol50.org.br\/#\/schema\/logo\/image\/\",\"url\":\"https:\/\/psol50.org.br\/inc\/uploads\/2018\/07\/capa.png\",\"contentUrl\":\"https:\/\/psol50.org.br\/inc\/uploads\/2018\/07\/capa.png\",\"width\":1350,\"height\":900,\"caption\":\"PSOL 50\"},\"image\":{\"@id\":\"https:\/\/psol50.org.br\/#\/schema\/logo\/image\/\"},\"sameAs\":[\"https:\/\/www.facebook.com\/psol50\",\"https:\/\/x.com\/psol50\",\"https:\/\/www.instagram.com\/psol50\/\",\"https:\/\/www.youtube.com\/channel\/UC7SnJS5o1os7a6CaiNabzcg\"]},{\"@type\":\"Person\",\"@id\":\"https:\/\/psol50.org.br\/#\/schema\/person\/475dfa57d0b815993c714c2e96491fcd\",\"name\":\"Comunica\u00e7\u00e3o PSOL\",\"image\":{\"@type\":\"ImageObject\",\"inLanguage\":\"pt-BR\",\"@id\":\"https:\/\/psol50.org.br\/#\/schema\/person\/image\/\",\"url\":\"https:\/\/secure.gravatar.com\/avatar\/b34fc4f4e468a4e51785917065a3db57b841f5c95dba6ad8c73aaf8f66f8f9bf?s=96&d=mm&r=g\",\"contentUrl\":\"https:\/\/secure.gravatar.com\/avatar\/b34fc4f4e468a4e51785917065a3db57b841f5c95dba6ad8c73aaf8f66f8f9bf?s=96&d=mm&r=g\",\"caption\":\"Comunica\u00e7\u00e3o PSOL\"}}]}<\/script>\n<!-- \/ Yoast SEO plugin. -->","yoast_head_json":{"title":"PSOL aciona MPF para investigar censura do governo a servidores do Ibama","description":"Nota t\u00e9cnica elaborada pela Comiss\u00e3o de \u00c9tica do Minist\u00e9rio do Meio Ambiente que pretende coibir as manifesta\u00e7\u00f5es pol\u00edticas dos agentes ambientais.","robots":{"index":"index","follow":"follow","max-snippet":"max-snippet:-1","max-image-preview":"max-image-preview:large","max-video-preview":"max-video-preview:-1"},"canonical":"https:\/\/psol50.org.br\/psol-aciona-mpf-para-investigar-censura-do-governo-a-servidores-do-ibama\/","og_locale":"pt_BR","og_type":"article","og_title":"PSOL aciona MPF para investigar censura do governo a servidores do Ibama","og_description":"Nota t\u00e9cnica elaborada pela Comiss\u00e3o de \u00c9tica do Minist\u00e9rio do Meio Ambiente que pretende coibir as manifesta\u00e7\u00f5es pol\u00edticas dos agentes ambientais.","og_url":"https:\/\/psol50.org.br\/psol-aciona-mpf-para-investigar-censura-do-governo-a-servidores-do-ibama\/","og_site_name":"PSOL 50","article_publisher":"https:\/\/www.facebook.com\/psol50","article_published_time":"2020-06-01T19:43:34+00:00","og_image":[{"width":750,"height":410,"url":"https:\/\/psol50.org.br\/inc\/uploads\/2020\/06\/garimpeiros-ouro-raposa-serra-do-sol-750x410-1.jpg","type":"image\/jpeg"}],"author":"Comunica\u00e7\u00e3o PSOL","twitter_card":"summary_large_image","twitter_title":"PSOL aciona MPF para investigar censura do governo a servidores do Ibama","twitter_description":"Nota t\u00e9cnica elaborada pela Comiss\u00e3o de \u00c9tica do Minist\u00e9rio do Meio Ambiente que pretende coibir as manifesta\u00e7\u00f5es pol\u00edticas dos agentes ambientais.","twitter_image":"https:\/\/psol50.org.br\/inc\/uploads\/2020\/06\/garimpeiros-ouro-raposa-serra-do-sol-750x410-1.jpg","twitter_creator":"@psol50","twitter_site":"@psol50","twitter_misc":{"Escrito por":"Comunica\u00e7\u00e3o PSOL","Est. tempo de leitura":"2 minutos"},"schema":{"@context":"https:\/\/schema.org","@graph":[{"@type":"Article","@id":"https:\/\/psol50.org.br\/psol-aciona-mpf-para-investigar-censura-do-governo-a-servidores-do-ibama\/#article","isPartOf":{"@id":"https:\/\/psol50.org.br\/psol-aciona-mpf-para-investigar-censura-do-governo-a-servidores-do-ibama\/"},"author":{"name":"Comunica\u00e7\u00e3o PSOL","@id":"https:\/\/psol50.org.br\/#\/schema\/person\/475dfa57d0b815993c714c2e96491fcd"},"headline":"PSOL aciona MPF para investigar censura do governo a servidores do Ibama","datePublished":"2020-06-01T19:43:34+00:00","mainEntityOfPage":{"@id":"https:\/\/psol50.org.br\/psol-aciona-mpf-para-investigar-censura-do-governo-a-servidores-do-ibama\/"},"wordCount":331,"publisher":{"@id":"https:\/\/psol50.org.br\/#organization"},"image":{"@id":"https:\/\/psol50.org.br\/psol-aciona-mpf-para-investigar-censura-do-governo-a-servidores-do-ibama\/#primaryimage"},"thumbnailUrl":"https:\/\/psol50.org.br\/inc\/uploads\/2020\/06\/garimpeiros-ouro-raposa-serra-do-sol-750x410-1.jpg","keywords":["censura","Ibama","meio ambiente","MPF","ricardo salles"],"articleSection":["A\u00e7\u00e3o Parlamentar","Not\u00edcias"],"inLanguage":"pt-BR"},{"@type":"WebPage","@id":"https:\/\/psol50.org.br\/psol-aciona-mpf-para-investigar-censura-do-governo-a-servidores-do-ibama\/","url":"https:\/\/psol50.org.br\/psol-aciona-mpf-para-investigar-censura-do-governo-a-servidores-do-ibama\/","name":"PSOL aciona MPF para investigar censura do governo a servidores do Ibama","isPartOf":{"@id":"https:\/\/psol50.org.br\/#website"},"primaryImageOfPage":{"@id":"https:\/\/psol50.org.br\/psol-aciona-mpf-para-investigar-censura-do-governo-a-servidores-do-ibama\/#primaryimage"},"image":{"@id":"https:\/\/psol50.org.br\/psol-aciona-mpf-para-investigar-censura-do-governo-a-servidores-do-ibama\/#primaryimage"},"thumbnailUrl":"https:\/\/psol50.org.br\/inc\/uploads\/2020\/06\/garimpeiros-ouro-raposa-serra-do-sol-750x410-1.jpg","datePublished":"2020-06-01T19:43:34+00:00","description":"Nota t\u00e9cnica elaborada pela Comiss\u00e3o de \u00c9tica do Minist\u00e9rio do Meio Ambiente que pretende coibir as manifesta\u00e7\u00f5es pol\u00edticas dos agentes ambientais.","breadcrumb":{"@id":"https:\/\/psol50.org.br\/psol-aciona-mpf-para-investigar-censura-do-governo-a-servidores-do-ibama\/#breadcrumb"},"inLanguage":"pt-BR","potentialAction":[{"@type":"ReadAction","target":["https:\/\/psol50.org.br\/psol-aciona-mpf-para-investigar-censura-do-governo-a-servidores-do-ibama\/"]}]},{"@type":"ImageObject","inLanguage":"pt-BR","@id":"https:\/\/psol50.org.br\/psol-aciona-mpf-para-investigar-censura-do-governo-a-servidores-do-ibama\/#primaryimage","url":"https:\/\/psol50.org.br\/inc\/uploads\/2020\/06\/garimpeiros-ouro-raposa-serra-do-sol-750x410-1.jpg","contentUrl":"https:\/\/psol50.org.br\/inc\/uploads\/2020\/06\/garimpeiros-ouro-raposa-serra-do-sol-750x410-1.jpg","width":750,"height":410},{"@type":"BreadcrumbList","@id":"https:\/\/psol50.org.br\/psol-aciona-mpf-para-investigar-censura-do-governo-a-servidores-do-ibama\/#breadcrumb","itemListElement":[{"@type":"ListItem","position":1,"name":"In\u00edcio","item":"https:\/\/psol50.org.br\/"},{"@type":"ListItem","position":2,"name":"PSOL aciona MPF para investigar censura do governo a servidores do Ibama"}]},{"@type":"WebSite","@id":"https:\/\/psol50.org.br\/#website","url":"https:\/\/psol50.org.br\/","name":"PSOL 50","description":"Site oficial do Partido Socialismo e Liberdade","publisher":{"@id":"https:\/\/psol50.org.br\/#organization"},"alternateName":"PSOL50","potentialAction":[{"@type":"SearchAction","target":{"@type":"EntryPoint","urlTemplate":"https:\/\/psol50.org.br\/?s={search_term_string}"},"query-input":{"@type":"PropertyValueSpecification","valueRequired":true,"valueName":"search_term_string"}}],"inLanguage":"pt-BR"},{"@type":"Organization","@id":"https:\/\/psol50.org.br\/#organization","name":"PSOL 50","alternateName":"PSOL 50","url":"https:\/\/psol50.org.br\/","logo":{"@type":"ImageObject","inLanguage":"pt-BR","@id":"https:\/\/psol50.org.br\/#\/schema\/logo\/image\/","url":"https:\/\/psol50.org.br\/inc\/uploads\/2018\/07\/capa.png","contentUrl":"https:\/\/psol50.org.br\/inc\/uploads\/2018\/07\/capa.png","width":1350,"height":900,"caption":"PSOL 50"},"image":{"@id":"https:\/\/psol50.org.br\/#\/schema\/logo\/image\/"},"sameAs":["https:\/\/www.facebook.com\/psol50","https:\/\/x.com\/psol50","https:\/\/www.instagram.com\/psol50\/","https:\/\/www.youtube.com\/channel\/UC7SnJS5o1os7a6CaiNabzcg"]},{"@type":"Person","@id":"https:\/\/psol50.org.br\/#\/schema\/person\/475dfa57d0b815993c714c2e96491fcd","name":"Comunica\u00e7\u00e3o PSOL","image":{"@type":"ImageObject","inLanguage":"pt-BR","@id":"https:\/\/psol50.org.br\/#\/schema\/person\/image\/","url":"https:\/\/secure.gravatar.com\/avatar\/b34fc4f4e468a4e51785917065a3db57b841f5c95dba6ad8c73aaf8f66f8f9bf?s=96&d=mm&r=g","contentUrl":"https:\/\/secure.gravatar.com\/avatar\/b34fc4f4e468a4e51785917065a3db57b841f5c95dba6ad8c73aaf8f66f8f9bf?s=96&d=mm&r=g","caption":"Comunica\u00e7\u00e3o PSOL"}}]}},"_links":{"self":[{"href":"https:\/\/psol50.org.br\/rest\/wp\/v2\/posts\/29313","targetHints":{"allow":["GET"]}}],"collection":[{"href":"https:\/\/psol50.org.br\/rest\/wp\/v2\/posts"}],"about":[{"href":"https:\/\/psol50.org.br\/rest\/wp\/v2\/types\/post"}],"author":[{"embeddable":true,"href":"https:\/\/psol50.org.br\/rest\/wp\/v2\/users\/2"}],"replies":[{"embeddable":true,"href":"https:\/\/psol50.org.br\/rest\/wp\/v2\/comments?post=29313"}],"version-history":[{"count":0,"href":"https:\/\/psol50.org.br\/rest\/wp\/v2\/posts\/29313\/revisions"}],"wp:featuredmedia":[{"embeddable":true,"href":"https:\/\/psol50.org.br\/rest\/wp\/v2\/media\/29316"}],"wp:attachment":[{"href":"https:\/\/psol50.org.br\/rest\/wp\/v2\/media?parent=29313"}],"wp:term":[{"taxonomy":"category","embeddable":true,"href":"https:\/\/psol50.org.br\/rest\/wp\/v2\/categories?post=29313"},{"taxonomy":"post_tag","embeddable":true,"href":"https:\/\/psol50.org.br\/rest\/wp\/v2\/tags?post=29313"}],"curies":[{"name":"wp","href":"https:\/\/api.w.org\/{rel}","templated":true}]}}