{"id":2932,"date":"2014-08-21T00:00:00","date_gmt":"2014-08-21T16:16:50","guid":{"rendered":"http:\/\/psol50.org.br\/arquivo\/2014\/08\/21\/sexta-feira-22-acontece-a-ii-marcha-inter-nacional-contra-o-genocidio-do-povo-negro-em-varias-capitais\/"},"modified":"2014-08-21T00:00:00","modified_gmt":"2014-08-21T16:16:50","slug":"sexta-feira-22-acontece-a-ii-marcha-inter-nacional-contra-o-genocidio-do-povo-negro-em-varias-capitais","status":"publish","type":"post","link":"https:\/\/psol50.org.br\/sexta-feira-22-acontece-a-ii-marcha-inter-nacional-contra-o-genocidio-do-povo-negro-em-varias-capitais\/","title":{"rendered":"Sexta-feira (22) acontece a II Marcha (Inter) Nacional Contra o Genoc\u00eddio do Povo Negro, em v\u00e1rias capitais"},"content":{"rendered":"<p style=\"text-align: justify;\">\n\t<span style=\"font-family:arial,helvetica,sans-serif;\">Fonte: <a href=\"http:\/\/reajanasruas.blogspot.com.br\/\" target=\"_blank\" rel=\"noopener\">http:\/\/reajanasruas.blogspot.com.br\/<\/a> e Geled\u00e9s<br \/>\n\t&nbsp;<br \/>\n\tSer\u00e1 realizada nesta sexta-feira, 22 de agosto, em v\u00e1rias capitais brasileiras a II Marcha (Inter) Nacional Contra o Genoc\u00eddio do Povo Negro, promovido pelas organiza\u00e7\u00f5es envolvidas na campanha \u201cReaja ou Ser\u00e1 Morto\/Morta\u201d. O ato unificado ser\u00e1 uma resposta \u00e0 conjuntura de viol\u00eancia e morte em desfavor da popula\u00e7\u00e3o negra e tem como tema \u201cA luta transnacional contra o racismo, a di\u00e1spora negra contra o genoc\u00eddio\u201d.<br \/>\n\t&nbsp;<br \/>\n\tSegundo os organizadores, a marcha est\u00e1 sendo articulada nas bases, nas comunidades, nas favelas e pris\u00f5es; nos quilombos, aldeias, comunidades tradicionais de matriz africana e nas ruas. &nbsp;Nas redes sociais, \u00e9 poss\u00edvel obter informa\u00e7\u00f5es sobre as marchas em algumas cidades como Bras\u00edlia, S\u00e3o Paulo, Rio de Janeiro, Manaus, Curitiba, Vit\u00f3ria e Porto Alegre. &nbsp;De acordo com a organiza\u00e7\u00e3o, a marcha acontecer\u00e1 tamb\u00e9m em 15 pa\u00edses e em 18 estados brasileiros.<br \/>\n\t&nbsp;<br \/>\n\tA campanha \u201cReaja ou Ser\u00e1 Morto\/Morta\u201d \u00e9 uma articula\u00e7\u00e3o de movimentos e comunidades de negros e negras da capital e do interior do estado da Bahia, articulada nacionalmente e com organiza\u00e7\u00f5es que lutam contra a a\u00e7\u00e3o policial violenta, pela causa antiprisional e pela repara\u00e7\u00e3o aos familiares de v\u00edtimas do Estado (execu\u00e7\u00f5es sum\u00e1rias e extrajudiciais) e dos esquadr\u00f5es da morte, mil\u00edcias e grupos de exterm\u00ednio.<\/p>\n<p>\t<span style=\"font-size: 10pt;\">O genoc\u00eddio contra negros, em especial contra a juventude negra, vem sendo denunciado por diversas organiza\u00e7\u00f5es do movimento negro. Segundo registros do Sistema de Informa\u00e7\u00f5es de Mortalidade, contabilizados no relat\u00f3rio \u201cMapa da Viol\u00eancia 2012 A cor dos homic\u00eddios no Brasil\u201d, entre 2002 e 2010, , morreram assassinados no pa\u00eds 272.422 negros, com uma m\u00e9dia de 30.269 assassinatos ao ano. S\u00f3 em 2010, foram 34.983. J\u00e1 as taxas de homic\u00eddio de jovens brancos passaram, entre 2002 e 2010, de 40,6 para 28,3 \u2013 queda de 30,3% \u2013 enquanto a dos jovens negros cresceu de 69,6 para 72,0 \u2013 crescimento de 3,5%. O estudo foi realizado pelo Centro Brasileiro de Estudos Latino-Americanos, Flacso Brasil e Secretaria de Pol\u00edticas de Promo\u00e7\u00e3o da Igualdade Racial, ligada \u00e0 Presid\u00eancia da Rep\u00fablica. O movimento negro denuncia que boa parte das mortes s\u00e3o provocadas por policiais.<\/span><\/p>\n<p>\tSaiba mais informa\u00e7\u00f5es sobre os atos em v\u00e1rias capitais.<\/p>\n<p>\t<strong>Bras\u00edlia (DF)<\/strong><br \/>\n\tDia 22 em frente ao Conic na pra\u00e7a Zumbi dos Palmares (Setor de Divers\u00f5es Sul).<br \/>\n\tConcentra\u00e7\u00e3o \u00e0s 14h &#8211; Clique aqui e obtenha mais informa\u00e7\u00f5es<br \/>\n\t<a href=\"https:\/\/www.facebook.com\/events\/918655851484885\/?fref=ts\" target=\"_blank\" rel=\"noopener\">https:\/\/www.facebook.com\/events\/918655851484885\/?fref=ts<\/a><br \/>\n\t&nbsp;<br \/>\n\t<strong>S\u00e3o Paulo (SP)<\/strong><br \/>\n\tDia 22, no v\u00e3o do Masp<br \/>\n\tConcentra\u00e7\u00e3o \u00e0s 17h30 \u2013 Clique aqui e obtenha mais informa\u00e7\u00f5es .<br \/>\n\t<a href=\"https:\/\/www.facebook.com\/events\/267406483462438\/?fref=ts\" target=\"_blank\" rel=\"noopener\">https:\/\/www.facebook.com\/events\/267406483462438\/?fref=ts<\/a><br \/>\n\t&nbsp;<br \/>\n\t<strong>Rio de Janeiro (RJ)&nbsp;&nbsp;<\/strong><br \/>\n\tDia 22, na Esta\u00e7\u00e3o Manguinhos, Leopoldo Bulh\u00f5es (em frente \u00e0 Fiocruz)<br \/>\n\tConcentra\u00e7\u00e3o \u00e1s 14 horas \u2013 Clique aqui e obtenha mais informa\u00e7\u00f5es<br \/>\n\t<a href=\"https:\/\/www.facebook.com\/events\/673726479368130\/?fref=ts\" target=\"_blank\" rel=\"noopener\">https:\/\/www.facebook.com\/events\/673726479368130\/?fref=ts<\/a><br \/>\n\t&nbsp;<br \/>\n\t<strong>Curitiba (PR)<\/strong><br \/>\n\tDia 22, na Pra\u00e7a Santos Andrade, Centro. Concentra\u00e7\u00e3o da Marcha acontecer\u00e1 na pra\u00e7a Santos Andrade em Frente ao pr\u00e9dio hist\u00f3rico da UFPR.<br \/>\n\tConcentra\u00e7\u00e3o \u00e0s 18 horas \u2013 Clique aqui e obtenha mais informa\u00e7\u00f5es&nbsp;<br \/>\n\t<a href=\"https:\/\/www.facebook.com\/events\/1516293628589308\/?fref=ts\" target=\"_blank\" rel=\"noopener\">https:\/\/www.facebook.com\/events\/1516293628589308\/?fref=ts<\/a><br \/>\n\t&nbsp;<br \/>\n\t<strong>Porto Alegre (RS)<\/strong><br \/>\n\tDia 22, no Largo dos Enforcados (Pra\u00e7a Brigadeiro Sampaio), Rua Gen. Portinho \u2013 Centro\/ POA.<br \/>\n\tConcentra\u00e7\u00e3o a partir das 16:00 &nbsp;&#8211; Clique aqui obtenha mais informa\u00e7\u00f5es<br \/>\n\t<a href=\"https:\/\/www.facebook.com\/events\/1485815324996728\/?fref=ts\" target=\"_blank\" rel=\"noopener\">https:\/\/www.facebook.com\/events\/1485815324996728\/?fref=ts<\/a><br \/>\n\t&nbsp;<br \/>\n\t<strong>Manaus (AM)<\/strong><br \/>\n\tDia 22, na Av. Noel Nutels, na pra\u00e7a S\u00e3o Bento, em frente \u00e0 Igreja Cat\u00f3lica, pr\u00f3ximo ao Terminal 3, na Cidade Nova.<br \/>\n\tConcentra\u00e7\u00e3o \u00e0s 17 horas \u2013 Clique aqui e obtenha mais informa\u00e7\u00f5es<br \/>\n\t<a href=\"https:\/\/www.facebook.com\/events\/1517447915155757\/?fref=ts\" target=\"_blank\" rel=\"noopener\">https:\/\/www.facebook.com\/events\/1517447915155757\/?fref=ts<\/a><br \/>\n\t&nbsp;<br \/>\n\t<strong>Vit\u00f3ria (ES)<\/strong><br \/>\n\tDia 22, in\u00edcio no Tancred\u00e3o, caminhada rumo o centro de Vit\u00f3ria percorrendo a pracinha da Caratoira \u2013 Rodovi\u00e1ria \u2013 Mercado da Vila Rubim; av. Gov.Bley; av. Princesa Isabel; av. Jer\u00f4nimo Monteiro e Museu Capixaba do Negro, onde acontecer\u00e3o atividades culturais.<br \/>\n\tConcentra\u00e7\u00e3o \u00e0s 15 horas \u2013 Clique aqui e obtenha mais informa\u00e7\u00f5es&nbsp;<br \/>\n\t<a href=\"https:\/\/www.facebook.com\/IIMarchaNacionalContraoGenocidiodoPovoNegroES?fref=ts\" target=\"_blank\" rel=\"noopener\">https:\/\/www.facebook.com\/IIMarchaNacionalContraoGenocidiodoPovoNegroES?fref=ts<\/a><\/p>\n<p>\tPara saber mais, leia o artigo <a href=\"http:\/\/negrobelchior.cartacapital.com.br\/2014\/08\/21\/confirmado-protestos-contra-o-genocidio-do-povo-negro-em-todo-o-brasil\/\">Confirmado protestos contra o genoc\u00eddio do povo negro em todo o Brasil<\/a>, no site da Carta Capital.<\/span><\/p>\n<p style=\"text-align: justify;\">\n\t<span style=\"font-family:arial,helvetica,sans-serif;\">Acesse tamb\u00e9m o site do <a href=\"http:\/\/www.geledes.org.br\/movimentos-convocam-todos-para-marcha-contra-o-genocidio-povo-negro\/#axzz3B3PG5soE\">Geled\u00e9s<\/a>. <\/span><\/p>\n","protected":false},"excerpt":{"rendered":"<p>Fonte: http:\/\/reajanasruas.blogspot.com.br\/ e Geled\u00e9s &nbsp; Ser\u00e1 realizada nesta sexta-feira, 22 de agosto, em v\u00e1rias capitais brasileiras a II Marcha (Inter) Nacional Contra o Genoc\u00eddio do Povo Negro, promovido pelas organiza\u00e7\u00f5es envolvidas na campanha \u201cReaja ou Ser\u00e1 Morto\/Morta\u201d. O ato unificado ser\u00e1 uma resposta \u00e0 conjuntura de viol\u00eancia e morte em desfavor da popula\u00e7\u00e3o negra e [&hellip;]<\/p>\n","protected":false},"author":2,"featured_media":0,"comment_status":"open","ping_status":"open","sticky":false,"template":"","format":"standard","meta":{"_acf_changed":false,"footnotes":""},"categories":[4766,6],"tags":[],"class_list":{"0":"post-2932","1":"post","2":"type-post","3":"status-publish","4":"format-standard","6":"category-arquivo","7":"category-noticias"},"acf":[],"yoast_head":"<!-- This site is optimized with the Yoast SEO plugin v26.5 - https:\/\/yoast.com\/wordpress\/plugins\/seo\/ -->\n<title>Sexta-feira (22) acontece a II Marcha (Inter) Nacional Contra o Genoc\u00eddio do Povo Negro, em v\u00e1rias capitais - PSOL 50<\/title>\n<meta name=\"robots\" content=\"index, follow, max-snippet:-1, max-image-preview:large, max-video-preview:-1\" \/>\n<link rel=\"canonical\" href=\"https:\/\/psol50.org.br\/sexta-feira-22-acontece-a-ii-marcha-inter-nacional-contra-o-genocidio-do-povo-negro-em-varias-capitais\/\" \/>\n<meta property=\"og:locale\" content=\"pt_BR\" \/>\n<meta property=\"og:type\" content=\"article\" \/>\n<meta property=\"og:title\" content=\"Sexta-feira (22) acontece a II Marcha (Inter) Nacional Contra o Genoc\u00eddio do Povo Negro, em v\u00e1rias capitais - PSOL 50\" \/>\n<meta property=\"og:description\" content=\"Fonte: http:\/\/reajanasruas.blogspot.com.br\/ e Geled\u00e9s &nbsp; Ser\u00e1 realizada nesta sexta-feira, 22 de agosto, em v\u00e1rias capitais brasileiras a II Marcha (Inter) Nacional Contra o Genoc\u00eddio do Povo Negro, promovido pelas organiza\u00e7\u00f5es envolvidas na campanha \u201cReaja ou Ser\u00e1 Morto\/Morta\u201d. O ato unificado ser\u00e1 uma resposta \u00e0 conjuntura de viol\u00eancia e morte em desfavor da popula\u00e7\u00e3o negra e [&hellip;]\" \/>\n<meta property=\"og:url\" content=\"https:\/\/psol50.org.br\/sexta-feira-22-acontece-a-ii-marcha-inter-nacional-contra-o-genocidio-do-povo-negro-em-varias-capitais\/\" \/>\n<meta property=\"og:site_name\" content=\"PSOL 50\" \/>\n<meta property=\"article:publisher\" content=\"https:\/\/www.facebook.com\/psol50\" \/>\n<meta property=\"article:published_time\" content=\"2014-08-21T16:16:50+00:00\" \/>\n<meta property=\"og:image\" content=\"https:\/\/psol50.org.br\/inc\/uploads\/2018\/07\/capa.png\" \/>\n\t<meta property=\"og:image:width\" content=\"1350\" \/>\n\t<meta property=\"og:image:height\" content=\"900\" \/>\n\t<meta property=\"og:image:type\" content=\"image\/png\" \/>\n<meta name=\"author\" content=\"Comunica\u00e7\u00e3o PSOL\" \/>\n<meta name=\"twitter:card\" content=\"summary_large_image\" \/>\n<meta name=\"twitter:creator\" content=\"@psol50\" \/>\n<meta name=\"twitter:site\" content=\"@psol50\" \/>\n<meta name=\"twitter:label1\" content=\"Escrito por\" \/>\n\t<meta name=\"twitter:data1\" content=\"Comunica\u00e7\u00e3o PSOL\" \/>\n\t<meta name=\"twitter:label2\" content=\"Est. tempo de leitura\" \/>\n\t<meta name=\"twitter:data2\" content=\"4 minutos\" \/>\n<script type=\"application\/ld+json\" class=\"yoast-schema-graph\">{\"@context\":\"https:\/\/schema.org\",\"@graph\":[{\"@type\":\"Article\",\"@id\":\"https:\/\/psol50.org.br\/sexta-feira-22-acontece-a-ii-marcha-inter-nacional-contra-o-genocidio-do-povo-negro-em-varias-capitais\/#article\",\"isPartOf\":{\"@id\":\"https:\/\/psol50.org.br\/sexta-feira-22-acontece-a-ii-marcha-inter-nacional-contra-o-genocidio-do-povo-negro-em-varias-capitais\/\"},\"author\":{\"name\":\"Comunica\u00e7\u00e3o PSOL\",\"@id\":\"https:\/\/psol50.org.br\/#\/schema\/person\/475dfa57d0b815993c714c2e96491fcd\"},\"headline\":\"Sexta-feira (22) acontece a II Marcha (Inter) Nacional Contra o Genoc\u00eddio do Povo Negro, em v\u00e1rias capitais\",\"datePublished\":\"2014-08-21T16:16:50+00:00\",\"mainEntityOfPage\":{\"@id\":\"https:\/\/psol50.org.br\/sexta-feira-22-acontece-a-ii-marcha-inter-nacional-contra-o-genocidio-do-povo-negro-em-varias-capitais\/\"},\"wordCount\":729,\"commentCount\":0,\"publisher\":{\"@id\":\"https:\/\/psol50.org.br\/#organization\"},\"articleSection\":[\"Arquivo\",\"Not\u00edcias\"],\"inLanguage\":\"pt-BR\",\"potentialAction\":[{\"@type\":\"CommentAction\",\"name\":\"Comment\",\"target\":[\"https:\/\/psol50.org.br\/sexta-feira-22-acontece-a-ii-marcha-inter-nacional-contra-o-genocidio-do-povo-negro-em-varias-capitais\/#respond\"]}]},{\"@type\":\"WebPage\",\"@id\":\"https:\/\/psol50.org.br\/sexta-feira-22-acontece-a-ii-marcha-inter-nacional-contra-o-genocidio-do-povo-negro-em-varias-capitais\/\",\"url\":\"https:\/\/psol50.org.br\/sexta-feira-22-acontece-a-ii-marcha-inter-nacional-contra-o-genocidio-do-povo-negro-em-varias-capitais\/\",\"name\":\"Sexta-feira (22) acontece a II Marcha (Inter) Nacional Contra o Genoc\u00eddio do Povo Negro, em v\u00e1rias capitais - PSOL 50\",\"isPartOf\":{\"@id\":\"https:\/\/psol50.org.br\/#website\"},\"datePublished\":\"2014-08-21T16:16:50+00:00\",\"breadcrumb\":{\"@id\":\"https:\/\/psol50.org.br\/sexta-feira-22-acontece-a-ii-marcha-inter-nacional-contra-o-genocidio-do-povo-negro-em-varias-capitais\/#breadcrumb\"},\"inLanguage\":\"pt-BR\",\"potentialAction\":[{\"@type\":\"ReadAction\",\"target\":[\"https:\/\/psol50.org.br\/sexta-feira-22-acontece-a-ii-marcha-inter-nacional-contra-o-genocidio-do-povo-negro-em-varias-capitais\/\"]}]},{\"@type\":\"BreadcrumbList\",\"@id\":\"https:\/\/psol50.org.br\/sexta-feira-22-acontece-a-ii-marcha-inter-nacional-contra-o-genocidio-do-povo-negro-em-varias-capitais\/#breadcrumb\",\"itemListElement\":[{\"@type\":\"ListItem\",\"position\":1,\"name\":\"In\u00edcio\",\"item\":\"https:\/\/psol50.org.br\/\"},{\"@type\":\"ListItem\",\"position\":2,\"name\":\"Sexta-feira (22) acontece a II Marcha (Inter) Nacional Contra o Genoc\u00eddio do Povo Negro, em v\u00e1rias capitais\"}]},{\"@type\":\"WebSite\",\"@id\":\"https:\/\/psol50.org.br\/#website\",\"url\":\"https:\/\/psol50.org.br\/\",\"name\":\"PSOL 50\",\"description\":\"Site oficial do Partido Socialismo e Liberdade\",\"publisher\":{\"@id\":\"https:\/\/psol50.org.br\/#organization\"},\"alternateName\":\"PSOL50\",\"potentialAction\":[{\"@type\":\"SearchAction\",\"target\":{\"@type\":\"EntryPoint\",\"urlTemplate\":\"https:\/\/psol50.org.br\/?s={search_term_string}\"},\"query-input\":{\"@type\":\"PropertyValueSpecification\",\"valueRequired\":true,\"valueName\":\"search_term_string\"}}],\"inLanguage\":\"pt-BR\"},{\"@type\":\"Organization\",\"@id\":\"https:\/\/psol50.org.br\/#organization\",\"name\":\"PSOL 50\",\"alternateName\":\"PSOL 50\",\"url\":\"https:\/\/psol50.org.br\/\",\"logo\":{\"@type\":\"ImageObject\",\"inLanguage\":\"pt-BR\",\"@id\":\"https:\/\/psol50.org.br\/#\/schema\/logo\/image\/\",\"url\":\"https:\/\/psol50.org.br\/inc\/uploads\/2018\/07\/capa.png\",\"contentUrl\":\"https:\/\/psol50.org.br\/inc\/uploads\/2018\/07\/capa.png\",\"width\":1350,\"height\":900,\"caption\":\"PSOL 50\"},\"image\":{\"@id\":\"https:\/\/psol50.org.br\/#\/schema\/logo\/image\/\"},\"sameAs\":[\"https:\/\/www.facebook.com\/psol50\",\"https:\/\/x.com\/psol50\",\"https:\/\/www.instagram.com\/psol50\/\",\"https:\/\/www.youtube.com\/channel\/UC7SnJS5o1os7a6CaiNabzcg\"]},{\"@type\":\"Person\",\"@id\":\"https:\/\/psol50.org.br\/#\/schema\/person\/475dfa57d0b815993c714c2e96491fcd\",\"name\":\"Comunica\u00e7\u00e3o PSOL\",\"image\":{\"@type\":\"ImageObject\",\"inLanguage\":\"pt-BR\",\"@id\":\"https:\/\/psol50.org.br\/#\/schema\/person\/image\/\",\"url\":\"https:\/\/secure.gravatar.com\/avatar\/b34fc4f4e468a4e51785917065a3db57b841f5c95dba6ad8c73aaf8f66f8f9bf?s=96&d=mm&r=g\",\"contentUrl\":\"https:\/\/secure.gravatar.com\/avatar\/b34fc4f4e468a4e51785917065a3db57b841f5c95dba6ad8c73aaf8f66f8f9bf?s=96&d=mm&r=g\",\"caption\":\"Comunica\u00e7\u00e3o PSOL\"}}]}<\/script>\n<!-- \/ Yoast SEO plugin. -->","yoast_head_json":{"title":"Sexta-feira (22) acontece a II Marcha (Inter) Nacional Contra o Genoc\u00eddio do Povo Negro, em v\u00e1rias capitais - PSOL 50","robots":{"index":"index","follow":"follow","max-snippet":"max-snippet:-1","max-image-preview":"max-image-preview:large","max-video-preview":"max-video-preview:-1"},"canonical":"https:\/\/psol50.org.br\/sexta-feira-22-acontece-a-ii-marcha-inter-nacional-contra-o-genocidio-do-povo-negro-em-varias-capitais\/","og_locale":"pt_BR","og_type":"article","og_title":"Sexta-feira (22) acontece a II Marcha (Inter) Nacional Contra o Genoc\u00eddio do Povo Negro, em v\u00e1rias capitais - PSOL 50","og_description":"Fonte: http:\/\/reajanasruas.blogspot.com.br\/ e Geled\u00e9s &nbsp; Ser\u00e1 realizada nesta sexta-feira, 22 de agosto, em v\u00e1rias capitais brasileiras a II Marcha (Inter) Nacional Contra o Genoc\u00eddio do Povo Negro, promovido pelas organiza\u00e7\u00f5es envolvidas na campanha \u201cReaja ou Ser\u00e1 Morto\/Morta\u201d. O ato unificado ser\u00e1 uma resposta \u00e0 conjuntura de viol\u00eancia e morte em desfavor da popula\u00e7\u00e3o negra e [&hellip;]","og_url":"https:\/\/psol50.org.br\/sexta-feira-22-acontece-a-ii-marcha-inter-nacional-contra-o-genocidio-do-povo-negro-em-varias-capitais\/","og_site_name":"PSOL 50","article_publisher":"https:\/\/www.facebook.com\/psol50","article_published_time":"2014-08-21T16:16:50+00:00","og_image":[{"width":1350,"height":900,"url":"https:\/\/psol50.org.br\/inc\/uploads\/2018\/07\/capa.png","type":"image\/png"}],"author":"Comunica\u00e7\u00e3o PSOL","twitter_card":"summary_large_image","twitter_creator":"@psol50","twitter_site":"@psol50","twitter_misc":{"Escrito por":"Comunica\u00e7\u00e3o PSOL","Est. tempo de leitura":"4 minutos"},"schema":{"@context":"https:\/\/schema.org","@graph":[{"@type":"Article","@id":"https:\/\/psol50.org.br\/sexta-feira-22-acontece-a-ii-marcha-inter-nacional-contra-o-genocidio-do-povo-negro-em-varias-capitais\/#article","isPartOf":{"@id":"https:\/\/psol50.org.br\/sexta-feira-22-acontece-a-ii-marcha-inter-nacional-contra-o-genocidio-do-povo-negro-em-varias-capitais\/"},"author":{"name":"Comunica\u00e7\u00e3o PSOL","@id":"https:\/\/psol50.org.br\/#\/schema\/person\/475dfa57d0b815993c714c2e96491fcd"},"headline":"Sexta-feira (22) acontece a II Marcha (Inter) Nacional Contra o Genoc\u00eddio do Povo Negro, em v\u00e1rias capitais","datePublished":"2014-08-21T16:16:50+00:00","mainEntityOfPage":{"@id":"https:\/\/psol50.org.br\/sexta-feira-22-acontece-a-ii-marcha-inter-nacional-contra-o-genocidio-do-povo-negro-em-varias-capitais\/"},"wordCount":729,"commentCount":0,"publisher":{"@id":"https:\/\/psol50.org.br\/#organization"},"articleSection":["Arquivo","Not\u00edcias"],"inLanguage":"pt-BR","potentialAction":[{"@type":"CommentAction","name":"Comment","target":["https:\/\/psol50.org.br\/sexta-feira-22-acontece-a-ii-marcha-inter-nacional-contra-o-genocidio-do-povo-negro-em-varias-capitais\/#respond"]}]},{"@type":"WebPage","@id":"https:\/\/psol50.org.br\/sexta-feira-22-acontece-a-ii-marcha-inter-nacional-contra-o-genocidio-do-povo-negro-em-varias-capitais\/","url":"https:\/\/psol50.org.br\/sexta-feira-22-acontece-a-ii-marcha-inter-nacional-contra-o-genocidio-do-povo-negro-em-varias-capitais\/","name":"Sexta-feira (22) acontece a II Marcha (Inter) Nacional Contra o Genoc\u00eddio do Povo Negro, em v\u00e1rias capitais - PSOL 50","isPartOf":{"@id":"https:\/\/psol50.org.br\/#website"},"datePublished":"2014-08-21T16:16:50+00:00","breadcrumb":{"@id":"https:\/\/psol50.org.br\/sexta-feira-22-acontece-a-ii-marcha-inter-nacional-contra-o-genocidio-do-povo-negro-em-varias-capitais\/#breadcrumb"},"inLanguage":"pt-BR","potentialAction":[{"@type":"ReadAction","target":["https:\/\/psol50.org.br\/sexta-feira-22-acontece-a-ii-marcha-inter-nacional-contra-o-genocidio-do-povo-negro-em-varias-capitais\/"]}]},{"@type":"BreadcrumbList","@id":"https:\/\/psol50.org.br\/sexta-feira-22-acontece-a-ii-marcha-inter-nacional-contra-o-genocidio-do-povo-negro-em-varias-capitais\/#breadcrumb","itemListElement":[{"@type":"ListItem","position":1,"name":"In\u00edcio","item":"https:\/\/psol50.org.br\/"},{"@type":"ListItem","position":2,"name":"Sexta-feira (22) acontece a II Marcha (Inter) Nacional Contra o Genoc\u00eddio do Povo Negro, em v\u00e1rias capitais"}]},{"@type":"WebSite","@id":"https:\/\/psol50.org.br\/#website","url":"https:\/\/psol50.org.br\/","name":"PSOL 50","description":"Site oficial do Partido Socialismo e Liberdade","publisher":{"@id":"https:\/\/psol50.org.br\/#organization"},"alternateName":"PSOL50","potentialAction":[{"@type":"SearchAction","target":{"@type":"EntryPoint","urlTemplate":"https:\/\/psol50.org.br\/?s={search_term_string}"},"query-input":{"@type":"PropertyValueSpecification","valueRequired":true,"valueName":"search_term_string"}}],"inLanguage":"pt-BR"},{"@type":"Organization","@id":"https:\/\/psol50.org.br\/#organization","name":"PSOL 50","alternateName":"PSOL 50","url":"https:\/\/psol50.org.br\/","logo":{"@type":"ImageObject","inLanguage":"pt-BR","@id":"https:\/\/psol50.org.br\/#\/schema\/logo\/image\/","url":"https:\/\/psol50.org.br\/inc\/uploads\/2018\/07\/capa.png","contentUrl":"https:\/\/psol50.org.br\/inc\/uploads\/2018\/07\/capa.png","width":1350,"height":900,"caption":"PSOL 50"},"image":{"@id":"https:\/\/psol50.org.br\/#\/schema\/logo\/image\/"},"sameAs":["https:\/\/www.facebook.com\/psol50","https:\/\/x.com\/psol50","https:\/\/www.instagram.com\/psol50\/","https:\/\/www.youtube.com\/channel\/UC7SnJS5o1os7a6CaiNabzcg"]},{"@type":"Person","@id":"https:\/\/psol50.org.br\/#\/schema\/person\/475dfa57d0b815993c714c2e96491fcd","name":"Comunica\u00e7\u00e3o PSOL","image":{"@type":"ImageObject","inLanguage":"pt-BR","@id":"https:\/\/psol50.org.br\/#\/schema\/person\/image\/","url":"https:\/\/secure.gravatar.com\/avatar\/b34fc4f4e468a4e51785917065a3db57b841f5c95dba6ad8c73aaf8f66f8f9bf?s=96&d=mm&r=g","contentUrl":"https:\/\/secure.gravatar.com\/avatar\/b34fc4f4e468a4e51785917065a3db57b841f5c95dba6ad8c73aaf8f66f8f9bf?s=96&d=mm&r=g","caption":"Comunica\u00e7\u00e3o PSOL"}}]}},"_links":{"self":[{"href":"https:\/\/psol50.org.br\/rest\/wp\/v2\/posts\/2932","targetHints":{"allow":["GET"]}}],"collection":[{"href":"https:\/\/psol50.org.br\/rest\/wp\/v2\/posts"}],"about":[{"href":"https:\/\/psol50.org.br\/rest\/wp\/v2\/types\/post"}],"author":[{"embeddable":true,"href":"https:\/\/psol50.org.br\/rest\/wp\/v2\/users\/2"}],"replies":[{"embeddable":true,"href":"https:\/\/psol50.org.br\/rest\/wp\/v2\/comments?post=2932"}],"version-history":[{"count":0,"href":"https:\/\/psol50.org.br\/rest\/wp\/v2\/posts\/2932\/revisions"}],"wp:attachment":[{"href":"https:\/\/psol50.org.br\/rest\/wp\/v2\/media?parent=2932"}],"wp:term":[{"taxonomy":"category","embeddable":true,"href":"https:\/\/psol50.org.br\/rest\/wp\/v2\/categories?post=2932"},{"taxonomy":"post_tag","embeddable":true,"href":"https:\/\/psol50.org.br\/rest\/wp\/v2\/tags?post=2932"}],"curies":[{"name":"wp","href":"https:\/\/api.w.org\/{rel}","templated":true}]}}