{"id":29341,"date":"2020-06-03T09:59:25","date_gmt":"2020-06-03T12:59:25","guid":{"rendered":"https:\/\/psol50.org.br\/?p=29341"},"modified":"2020-06-03T09:59:25","modified_gmt":"2020-06-03T12:59:25","slug":"psol-denuncia-deputado-bolsonarista-a-pgr-apos-ameaca-a-manifestantes-antifascistas","status":"publish","type":"post","link":"https:\/\/psol50.org.br\/psol-denuncia-deputado-bolsonarista-a-pgr-apos-ameaca-a-manifestantes-antifascistas\/","title":{"rendered":"PSOL denuncia deputado bolsonarista \u00e0 PGR ap\u00f3s amea\u00e7a a manifestantes antifascistas"},"content":{"rendered":"<p><a href=\"https:\/\/impeachmentpopular.com.br\/\" target=\"_blank\" rel=\"noopener noreferrer\"><img loading=\"lazy\" decoding=\"async\" class=\"alignnone size-full wp-image-29118\" src=\"https:\/\/psol50.org.br\/inc\/uploads\/2020\/05\/Email_Impeachment.png\" alt=\"\" width=\"1080\" height=\"250\" srcset=\"https:\/\/psol50.org.br\/inc\/uploads\/2020\/05\/Email_Impeachment.png 1080w, https:\/\/psol50.org.br\/inc\/uploads\/2020\/05\/Email_Impeachment-300x69.png 300w, https:\/\/psol50.org.br\/inc\/uploads\/2020\/05\/Email_Impeachment-1024x237.png 1024w, https:\/\/psol50.org.br\/inc\/uploads\/2020\/05\/Email_Impeachment-768x178.png 768w, https:\/\/psol50.org.br\/inc\/uploads\/2020\/05\/Email_Impeachment-150x35.png 150w, https:\/\/psol50.org.br\/inc\/uploads\/2020\/05\/Email_Impeachment-696x161.png 696w, https:\/\/psol50.org.br\/inc\/uploads\/2020\/05\/Email_Impeachment-1068x247.png 1068w\" sizes=\"auto, (max-width: 1080px) 100vw, 1080px\" \/><\/a><\/p>\n<p>A bancada do PSOL na C\u00e2mara dos Deputados, ao lado dos l\u00edderes de PT, PCdoB, PSB, PDT e Rede, enviou uma <strong><a href=\"https:\/\/psol50.org.br\/inc\/uploads\/2020\/06\/Representac\u0327a\u0303o-Daniel-Silveira-FINAL.pdf\" target=\"_blank\" rel=\"noopener noreferrer\">representa\u00e7\u00e3o \u00e0 Procuradoria-Geral da Rep\u00fablica (PGR)<\/a><\/strong> na \u00faltima ter\u00e7a-feira (2) para denunciar o deputado bolsonarista Daniel Silveira (PSL-RJ) por amea\u00e7a, incita\u00e7\u00e3o e apologia ao crime.<\/p>\n<p>O documento \u00e9 baseado nas postagens feitas pelo parlamentar nas redes sociais em que ele amea\u00e7a explicitamente manifestantes antifascistas que fazem oposi\u00e7\u00e3o ao governo Bolsonaro. Em v\u00eddeo publicado no \u00faltimo domingo (31), Silveira chegou a dizer que torce para que os manifestantes tomem um tiro \u201cno meio da caixa do peito\u201d.<\/p>\n<p>\u201cEu t\u00f4 torcendo para isso. Quem sabe n\u00e3o seja eu o sortudo. Voc\u00eas me peguem na rua em um dia muito ruim e eu descarregue minha arma em cima de um filho da puta comunista que tentar me agredir. Vou ter que me defender, n\u00e3o vai ter jeito. E n\u00e3o adianta falar que foi homic\u00eddio, foi leg\u00edtima defesa. Tenham certeza: eu vou me defender&#8221;, afirmou o deputado na grava\u00e7\u00e3o.<\/p>\n<p>Silveira ficou conhecido na campanha de 2018 ao quebrar uma placa com o nome da vereadora Marielle Franco, assassinada brutalmente naquele ano em um crime ainda sem solu\u00e7\u00e3o.<\/p>\n<p>Para os parlamentares, \u00e9 evidente a comprova\u00e7\u00e3o do envolvimento de Silveira, que \u00e9 policial militar, na organiza\u00e7\u00e3o de atos antidemocr\u00e1ticos, com o uso da viol\u00eancia e de m\u00e9todos paramilitares.<\/p>\n<p>&#8220;Sem sombra de d\u00favidas, as amea\u00e7as do Representado n\u00e3o est\u00e3o cobertas pela imunidade constitucional destinado ao exerc\u00edcio parlamentar. Pelo contr\u00e1rio, s\u00e3o amea\u00e7as graves que merecem censura por parte do Estado. A representa\u00e7\u00e3o do \u00f3dio e da viol\u00eancia que caracteriza o exterm\u00ednio do opositor, atributo t\u00edpico do fascismo, n\u00e3o pode ser tolerado no Estado Democr\u00e1tico&#8221;, diz o documento assinado pela oposi\u00e7\u00e3o.<\/p>\n","protected":false},"excerpt":{"rendered":"<p>A bancada do PSOL na C\u00e2mara dos Deputados, ao lado dos l\u00edderes de PT, PCdoB, PSB, PDT e Rede, enviou uma representa\u00e7\u00e3o \u00e0 Procuradoria-Geral da Rep\u00fablica (PGR) na \u00faltima ter\u00e7a-feira (2) para denunciar o deputado bolsonarista Daniel Silveira (PSL-RJ) por amea\u00e7a, incita\u00e7\u00e3o e apologia ao crime. O documento \u00e9 baseado nas postagens feitas pelo parlamentar [&hellip;]<\/p>\n","protected":false},"author":2,"featured_media":29343,"comment_status":"closed","ping_status":"open","sticky":false,"template":"","format":"standard","meta":{"_acf_changed":false,"footnotes":""},"categories":[10,6],"tags":[786,787,788,107,315,77,22],"class_list":{"0":"post-29341","1":"post","2":"type-post","3":"status-publish","4":"format-standard","5":"has-post-thumbnail","7":"category-acao-parlamentares","8":"category-noticias","9":"tag-antifascistas","10":"tag-daniel-silveira","11":"tag-manifestantes","12":"tag-marielle","13":"tag-oposicao","14":"tag-pgr","15":"tag-psol"},"acf":[],"yoast_head":"<!-- This site is optimized with the Yoast SEO plugin v26.5 - https:\/\/yoast.com\/wordpress\/plugins\/seo\/ -->\n<title>PSOL denuncia deputado bolsonarista \u00e0 PGR ap\u00f3s amea\u00e7a a manifestantes antifascistas<\/title>\n<meta name=\"description\" content=\"Documento \u00e9 assinado tamb\u00e9m pelos l\u00edderes de PT, PCdoB, PSB, PDT e Rede. Daniel Silveira ficou conhecido por quebrar uma placa com o nome de Marielle Franco em 2018.\" \/>\n<meta name=\"robots\" content=\"index, follow, max-snippet:-1, max-image-preview:large, max-video-preview:-1\" \/>\n<link rel=\"canonical\" href=\"https:\/\/psol50.org.br\/psol-denuncia-deputado-bolsonarista-a-pgr-apos-ameaca-a-manifestantes-antifascistas\/\" \/>\n<meta property=\"og:locale\" content=\"pt_BR\" \/>\n<meta property=\"og:type\" content=\"article\" \/>\n<meta property=\"og:title\" content=\"PSOL denuncia deputado bolsonarista \u00e0 PGR ap\u00f3s amea\u00e7a a manifestantes antifascistas\" \/>\n<meta property=\"og:description\" content=\"Documento \u00e9 assinado tamb\u00e9m pelos l\u00edderes de PT, PCdoB, PSB, PDT e Rede. Daniel Silveira ficou conhecido por quebrar uma placa com o nome de Marielle Franco em 2018.\" \/>\n<meta property=\"og:url\" content=\"https:\/\/psol50.org.br\/psol-denuncia-deputado-bolsonarista-a-pgr-apos-ameaca-a-manifestantes-antifascistas\/\" \/>\n<meta property=\"og:site_name\" content=\"PSOL 50\" \/>\n<meta property=\"article:publisher\" content=\"https:\/\/www.facebook.com\/psol50\" \/>\n<meta property=\"article:published_time\" content=\"2020-06-03T12:59:25+00:00\" \/>\n<meta property=\"og:image\" content=\"https:\/\/psol50.org.br\/inc\/uploads\/2020\/06\/image_processing20200601-17512-deogh9.jpeg\" \/>\n\t<meta property=\"og:image:width\" content=\"615\" \/>\n\t<meta property=\"og:image:height\" content=\"300\" \/>\n\t<meta property=\"og:image:type\" content=\"image\/jpeg\" \/>\n<meta name=\"author\" content=\"Comunica\u00e7\u00e3o PSOL\" \/>\n<meta name=\"twitter:card\" content=\"summary_large_image\" \/>\n<meta name=\"twitter:title\" content=\"PSOL denuncia deputado bolsonarista \u00e0 PGR ap\u00f3s amea\u00e7a a manifestantes antifascistas\" \/>\n<meta name=\"twitter:description\" content=\"Documento \u00e9 assinado tamb\u00e9m pelos l\u00edderes de PT, PCdoB, PSB, PDT e Rede. Daniel Silveira ficou conhecido por quebrar uma placa com o nome de Marielle Franco em 2018.\" \/>\n<meta name=\"twitter:image\" content=\"https:\/\/psol50.org.br\/inc\/uploads\/2020\/06\/image_processing20200601-17512-deogh9.jpeg\" \/>\n<meta name=\"twitter:creator\" content=\"@psol50\" \/>\n<meta name=\"twitter:site\" content=\"@psol50\" \/>\n<meta name=\"twitter:label1\" content=\"Escrito por\" \/>\n\t<meta name=\"twitter:data1\" content=\"Comunica\u00e7\u00e3o PSOL\" \/>\n\t<meta name=\"twitter:label2\" content=\"Est. tempo de leitura\" \/>\n\t<meta name=\"twitter:data2\" content=\"2 minutos\" \/>\n<script type=\"application\/ld+json\" class=\"yoast-schema-graph\">{\"@context\":\"https:\/\/schema.org\",\"@graph\":[{\"@type\":\"Article\",\"@id\":\"https:\/\/psol50.org.br\/psol-denuncia-deputado-bolsonarista-a-pgr-apos-ameaca-a-manifestantes-antifascistas\/#article\",\"isPartOf\":{\"@id\":\"https:\/\/psol50.org.br\/psol-denuncia-deputado-bolsonarista-a-pgr-apos-ameaca-a-manifestantes-antifascistas\/\"},\"author\":{\"name\":\"Comunica\u00e7\u00e3o PSOL\",\"@id\":\"https:\/\/psol50.org.br\/#\/schema\/person\/475dfa57d0b815993c714c2e96491fcd\"},\"headline\":\"PSOL denuncia deputado bolsonarista \u00e0 PGR ap\u00f3s amea\u00e7a a manifestantes antifascistas\",\"datePublished\":\"2020-06-03T12:59:25+00:00\",\"mainEntityOfPage\":{\"@id\":\"https:\/\/psol50.org.br\/psol-denuncia-deputado-bolsonarista-a-pgr-apos-ameaca-a-manifestantes-antifascistas\/\"},\"wordCount\":326,\"publisher\":{\"@id\":\"https:\/\/psol50.org.br\/#organization\"},\"image\":{\"@id\":\"https:\/\/psol50.org.br\/psol-denuncia-deputado-bolsonarista-a-pgr-apos-ameaca-a-manifestantes-antifascistas\/#primaryimage\"},\"thumbnailUrl\":\"https:\/\/psol50.org.br\/inc\/uploads\/2020\/06\/image_processing20200601-17512-deogh9.jpeg\",\"keywords\":[\"antifascistas\",\"daniel silveira\",\"manifestantes\",\"Marielle\",\"Oposi\u00e7\u00e3o\",\"PGR\",\"PSOL\"],\"articleSection\":[\"A\u00e7\u00e3o Parlamentar\",\"Not\u00edcias\"],\"inLanguage\":\"pt-BR\"},{\"@type\":\"WebPage\",\"@id\":\"https:\/\/psol50.org.br\/psol-denuncia-deputado-bolsonarista-a-pgr-apos-ameaca-a-manifestantes-antifascistas\/\",\"url\":\"https:\/\/psol50.org.br\/psol-denuncia-deputado-bolsonarista-a-pgr-apos-ameaca-a-manifestantes-antifascistas\/\",\"name\":\"PSOL denuncia deputado bolsonarista \u00e0 PGR ap\u00f3s amea\u00e7a a manifestantes antifascistas\",\"isPartOf\":{\"@id\":\"https:\/\/psol50.org.br\/#website\"},\"primaryImageOfPage\":{\"@id\":\"https:\/\/psol50.org.br\/psol-denuncia-deputado-bolsonarista-a-pgr-apos-ameaca-a-manifestantes-antifascistas\/#primaryimage\"},\"image\":{\"@id\":\"https:\/\/psol50.org.br\/psol-denuncia-deputado-bolsonarista-a-pgr-apos-ameaca-a-manifestantes-antifascistas\/#primaryimage\"},\"thumbnailUrl\":\"https:\/\/psol50.org.br\/inc\/uploads\/2020\/06\/image_processing20200601-17512-deogh9.jpeg\",\"datePublished\":\"2020-06-03T12:59:25+00:00\",\"description\":\"Documento \u00e9 assinado tamb\u00e9m pelos l\u00edderes de PT, PCdoB, PSB, PDT e Rede. Daniel Silveira ficou conhecido por quebrar uma placa com o nome de Marielle Franco em 2018.\",\"breadcrumb\":{\"@id\":\"https:\/\/psol50.org.br\/psol-denuncia-deputado-bolsonarista-a-pgr-apos-ameaca-a-manifestantes-antifascistas\/#breadcrumb\"},\"inLanguage\":\"pt-BR\",\"potentialAction\":[{\"@type\":\"ReadAction\",\"target\":[\"https:\/\/psol50.org.br\/psol-denuncia-deputado-bolsonarista-a-pgr-apos-ameaca-a-manifestantes-antifascistas\/\"]}]},{\"@type\":\"ImageObject\",\"inLanguage\":\"pt-BR\",\"@id\":\"https:\/\/psol50.org.br\/psol-denuncia-deputado-bolsonarista-a-pgr-apos-ameaca-a-manifestantes-antifascistas\/#primaryimage\",\"url\":\"https:\/\/psol50.org.br\/inc\/uploads\/2020\/06\/image_processing20200601-17512-deogh9.jpeg\",\"contentUrl\":\"https:\/\/psol50.org.br\/inc\/uploads\/2020\/06\/image_processing20200601-17512-deogh9.jpeg\",\"width\":615,\"height\":300,\"caption\":\"Foto: Reprodu\u00e7\u00e3o\"},{\"@type\":\"BreadcrumbList\",\"@id\":\"https:\/\/psol50.org.br\/psol-denuncia-deputado-bolsonarista-a-pgr-apos-ameaca-a-manifestantes-antifascistas\/#breadcrumb\",\"itemListElement\":[{\"@type\":\"ListItem\",\"position\":1,\"name\":\"In\u00edcio\",\"item\":\"https:\/\/psol50.org.br\/\"},{\"@type\":\"ListItem\",\"position\":2,\"name\":\"PSOL denuncia deputado bolsonarista \u00e0 PGR ap\u00f3s amea\u00e7a a manifestantes antifascistas\"}]},{\"@type\":\"WebSite\",\"@id\":\"https:\/\/psol50.org.br\/#website\",\"url\":\"https:\/\/psol50.org.br\/\",\"name\":\"PSOL 50\",\"description\":\"Site oficial do Partido Socialismo e Liberdade\",\"publisher\":{\"@id\":\"https:\/\/psol50.org.br\/#organization\"},\"alternateName\":\"PSOL50\",\"potentialAction\":[{\"@type\":\"SearchAction\",\"target\":{\"@type\":\"EntryPoint\",\"urlTemplate\":\"https:\/\/psol50.org.br\/?s={search_term_string}\"},\"query-input\":{\"@type\":\"PropertyValueSpecification\",\"valueRequired\":true,\"valueName\":\"search_term_string\"}}],\"inLanguage\":\"pt-BR\"},{\"@type\":\"Organization\",\"@id\":\"https:\/\/psol50.org.br\/#organization\",\"name\":\"PSOL 50\",\"alternateName\":\"PSOL 50\",\"url\":\"https:\/\/psol50.org.br\/\",\"logo\":{\"@type\":\"ImageObject\",\"inLanguage\":\"pt-BR\",\"@id\":\"https:\/\/psol50.org.br\/#\/schema\/logo\/image\/\",\"url\":\"https:\/\/psol50.org.br\/inc\/uploads\/2018\/07\/capa.png\",\"contentUrl\":\"https:\/\/psol50.org.br\/inc\/uploads\/2018\/07\/capa.png\",\"width\":1350,\"height\":900,\"caption\":\"PSOL 50\"},\"image\":{\"@id\":\"https:\/\/psol50.org.br\/#\/schema\/logo\/image\/\"},\"sameAs\":[\"https:\/\/www.facebook.com\/psol50\",\"https:\/\/x.com\/psol50\",\"https:\/\/www.instagram.com\/psol50\/\",\"https:\/\/www.youtube.com\/channel\/UC7SnJS5o1os7a6CaiNabzcg\"]},{\"@type\":\"Person\",\"@id\":\"https:\/\/psol50.org.br\/#\/schema\/person\/475dfa57d0b815993c714c2e96491fcd\",\"name\":\"Comunica\u00e7\u00e3o PSOL\",\"image\":{\"@type\":\"ImageObject\",\"inLanguage\":\"pt-BR\",\"@id\":\"https:\/\/psol50.org.br\/#\/schema\/person\/image\/\",\"url\":\"https:\/\/secure.gravatar.com\/avatar\/b34fc4f4e468a4e51785917065a3db57b841f5c95dba6ad8c73aaf8f66f8f9bf?s=96&d=mm&r=g\",\"contentUrl\":\"https:\/\/secure.gravatar.com\/avatar\/b34fc4f4e468a4e51785917065a3db57b841f5c95dba6ad8c73aaf8f66f8f9bf?s=96&d=mm&r=g\",\"caption\":\"Comunica\u00e7\u00e3o PSOL\"}}]}<\/script>\n<!-- \/ Yoast SEO plugin. -->","yoast_head_json":{"title":"PSOL denuncia deputado bolsonarista \u00e0 PGR ap\u00f3s amea\u00e7a a manifestantes antifascistas","description":"Documento \u00e9 assinado tamb\u00e9m pelos l\u00edderes de PT, PCdoB, PSB, PDT e Rede. Daniel Silveira ficou conhecido por quebrar uma placa com o nome de Marielle Franco em 2018.","robots":{"index":"index","follow":"follow","max-snippet":"max-snippet:-1","max-image-preview":"max-image-preview:large","max-video-preview":"max-video-preview:-1"},"canonical":"https:\/\/psol50.org.br\/psol-denuncia-deputado-bolsonarista-a-pgr-apos-ameaca-a-manifestantes-antifascistas\/","og_locale":"pt_BR","og_type":"article","og_title":"PSOL denuncia deputado bolsonarista \u00e0 PGR ap\u00f3s amea\u00e7a a manifestantes antifascistas","og_description":"Documento \u00e9 assinado tamb\u00e9m pelos l\u00edderes de PT, PCdoB, PSB, PDT e Rede. Daniel Silveira ficou conhecido por quebrar uma placa com o nome de Marielle Franco em 2018.","og_url":"https:\/\/psol50.org.br\/psol-denuncia-deputado-bolsonarista-a-pgr-apos-ameaca-a-manifestantes-antifascistas\/","og_site_name":"PSOL 50","article_publisher":"https:\/\/www.facebook.com\/psol50","article_published_time":"2020-06-03T12:59:25+00:00","og_image":[{"width":615,"height":300,"url":"https:\/\/psol50.org.br\/inc\/uploads\/2020\/06\/image_processing20200601-17512-deogh9.jpeg","type":"image\/jpeg"}],"author":"Comunica\u00e7\u00e3o PSOL","twitter_card":"summary_large_image","twitter_title":"PSOL denuncia deputado bolsonarista \u00e0 PGR ap\u00f3s amea\u00e7a a manifestantes antifascistas","twitter_description":"Documento \u00e9 assinado tamb\u00e9m pelos l\u00edderes de PT, PCdoB, PSB, PDT e Rede. Daniel Silveira ficou conhecido por quebrar uma placa com o nome de Marielle Franco em 2018.","twitter_image":"https:\/\/psol50.org.br\/inc\/uploads\/2020\/06\/image_processing20200601-17512-deogh9.jpeg","twitter_creator":"@psol50","twitter_site":"@psol50","twitter_misc":{"Escrito por":"Comunica\u00e7\u00e3o PSOL","Est. tempo de leitura":"2 minutos"},"schema":{"@context":"https:\/\/schema.org","@graph":[{"@type":"Article","@id":"https:\/\/psol50.org.br\/psol-denuncia-deputado-bolsonarista-a-pgr-apos-ameaca-a-manifestantes-antifascistas\/#article","isPartOf":{"@id":"https:\/\/psol50.org.br\/psol-denuncia-deputado-bolsonarista-a-pgr-apos-ameaca-a-manifestantes-antifascistas\/"},"author":{"name":"Comunica\u00e7\u00e3o PSOL","@id":"https:\/\/psol50.org.br\/#\/schema\/person\/475dfa57d0b815993c714c2e96491fcd"},"headline":"PSOL denuncia deputado bolsonarista \u00e0 PGR ap\u00f3s amea\u00e7a a manifestantes antifascistas","datePublished":"2020-06-03T12:59:25+00:00","mainEntityOfPage":{"@id":"https:\/\/psol50.org.br\/psol-denuncia-deputado-bolsonarista-a-pgr-apos-ameaca-a-manifestantes-antifascistas\/"},"wordCount":326,"publisher":{"@id":"https:\/\/psol50.org.br\/#organization"},"image":{"@id":"https:\/\/psol50.org.br\/psol-denuncia-deputado-bolsonarista-a-pgr-apos-ameaca-a-manifestantes-antifascistas\/#primaryimage"},"thumbnailUrl":"https:\/\/psol50.org.br\/inc\/uploads\/2020\/06\/image_processing20200601-17512-deogh9.jpeg","keywords":["antifascistas","daniel silveira","manifestantes","Marielle","Oposi\u00e7\u00e3o","PGR","PSOL"],"articleSection":["A\u00e7\u00e3o Parlamentar","Not\u00edcias"],"inLanguage":"pt-BR"},{"@type":"WebPage","@id":"https:\/\/psol50.org.br\/psol-denuncia-deputado-bolsonarista-a-pgr-apos-ameaca-a-manifestantes-antifascistas\/","url":"https:\/\/psol50.org.br\/psol-denuncia-deputado-bolsonarista-a-pgr-apos-ameaca-a-manifestantes-antifascistas\/","name":"PSOL denuncia deputado bolsonarista \u00e0 PGR ap\u00f3s amea\u00e7a a manifestantes antifascistas","isPartOf":{"@id":"https:\/\/psol50.org.br\/#website"},"primaryImageOfPage":{"@id":"https:\/\/psol50.org.br\/psol-denuncia-deputado-bolsonarista-a-pgr-apos-ameaca-a-manifestantes-antifascistas\/#primaryimage"},"image":{"@id":"https:\/\/psol50.org.br\/psol-denuncia-deputado-bolsonarista-a-pgr-apos-ameaca-a-manifestantes-antifascistas\/#primaryimage"},"thumbnailUrl":"https:\/\/psol50.org.br\/inc\/uploads\/2020\/06\/image_processing20200601-17512-deogh9.jpeg","datePublished":"2020-06-03T12:59:25+00:00","description":"Documento \u00e9 assinado tamb\u00e9m pelos l\u00edderes de PT, PCdoB, PSB, PDT e Rede. Daniel Silveira ficou conhecido por quebrar uma placa com o nome de Marielle Franco em 2018.","breadcrumb":{"@id":"https:\/\/psol50.org.br\/psol-denuncia-deputado-bolsonarista-a-pgr-apos-ameaca-a-manifestantes-antifascistas\/#breadcrumb"},"inLanguage":"pt-BR","potentialAction":[{"@type":"ReadAction","target":["https:\/\/psol50.org.br\/psol-denuncia-deputado-bolsonarista-a-pgr-apos-ameaca-a-manifestantes-antifascistas\/"]}]},{"@type":"ImageObject","inLanguage":"pt-BR","@id":"https:\/\/psol50.org.br\/psol-denuncia-deputado-bolsonarista-a-pgr-apos-ameaca-a-manifestantes-antifascistas\/#primaryimage","url":"https:\/\/psol50.org.br\/inc\/uploads\/2020\/06\/image_processing20200601-17512-deogh9.jpeg","contentUrl":"https:\/\/psol50.org.br\/inc\/uploads\/2020\/06\/image_processing20200601-17512-deogh9.jpeg","width":615,"height":300,"caption":"Foto: Reprodu\u00e7\u00e3o"},{"@type":"BreadcrumbList","@id":"https:\/\/psol50.org.br\/psol-denuncia-deputado-bolsonarista-a-pgr-apos-ameaca-a-manifestantes-antifascistas\/#breadcrumb","itemListElement":[{"@type":"ListItem","position":1,"name":"In\u00edcio","item":"https:\/\/psol50.org.br\/"},{"@type":"ListItem","position":2,"name":"PSOL denuncia deputado bolsonarista \u00e0 PGR ap\u00f3s amea\u00e7a a manifestantes antifascistas"}]},{"@type":"WebSite","@id":"https:\/\/psol50.org.br\/#website","url":"https:\/\/psol50.org.br\/","name":"PSOL 50","description":"Site oficial do Partido Socialismo e Liberdade","publisher":{"@id":"https:\/\/psol50.org.br\/#organization"},"alternateName":"PSOL50","potentialAction":[{"@type":"SearchAction","target":{"@type":"EntryPoint","urlTemplate":"https:\/\/psol50.org.br\/?s={search_term_string}"},"query-input":{"@type":"PropertyValueSpecification","valueRequired":true,"valueName":"search_term_string"}}],"inLanguage":"pt-BR"},{"@type":"Organization","@id":"https:\/\/psol50.org.br\/#organization","name":"PSOL 50","alternateName":"PSOL 50","url":"https:\/\/psol50.org.br\/","logo":{"@type":"ImageObject","inLanguage":"pt-BR","@id":"https:\/\/psol50.org.br\/#\/schema\/logo\/image\/","url":"https:\/\/psol50.org.br\/inc\/uploads\/2018\/07\/capa.png","contentUrl":"https:\/\/psol50.org.br\/inc\/uploads\/2018\/07\/capa.png","width":1350,"height":900,"caption":"PSOL 50"},"image":{"@id":"https:\/\/psol50.org.br\/#\/schema\/logo\/image\/"},"sameAs":["https:\/\/www.facebook.com\/psol50","https:\/\/x.com\/psol50","https:\/\/www.instagram.com\/psol50\/","https:\/\/www.youtube.com\/channel\/UC7SnJS5o1os7a6CaiNabzcg"]},{"@type":"Person","@id":"https:\/\/psol50.org.br\/#\/schema\/person\/475dfa57d0b815993c714c2e96491fcd","name":"Comunica\u00e7\u00e3o PSOL","image":{"@type":"ImageObject","inLanguage":"pt-BR","@id":"https:\/\/psol50.org.br\/#\/schema\/person\/image\/","url":"https:\/\/secure.gravatar.com\/avatar\/b34fc4f4e468a4e51785917065a3db57b841f5c95dba6ad8c73aaf8f66f8f9bf?s=96&d=mm&r=g","contentUrl":"https:\/\/secure.gravatar.com\/avatar\/b34fc4f4e468a4e51785917065a3db57b841f5c95dba6ad8c73aaf8f66f8f9bf?s=96&d=mm&r=g","caption":"Comunica\u00e7\u00e3o PSOL"}}]}},"_links":{"self":[{"href":"https:\/\/psol50.org.br\/rest\/wp\/v2\/posts\/29341","targetHints":{"allow":["GET"]}}],"collection":[{"href":"https:\/\/psol50.org.br\/rest\/wp\/v2\/posts"}],"about":[{"href":"https:\/\/psol50.org.br\/rest\/wp\/v2\/types\/post"}],"author":[{"embeddable":true,"href":"https:\/\/psol50.org.br\/rest\/wp\/v2\/users\/2"}],"replies":[{"embeddable":true,"href":"https:\/\/psol50.org.br\/rest\/wp\/v2\/comments?post=29341"}],"version-history":[{"count":0,"href":"https:\/\/psol50.org.br\/rest\/wp\/v2\/posts\/29341\/revisions"}],"wp:featuredmedia":[{"embeddable":true,"href":"https:\/\/psol50.org.br\/rest\/wp\/v2\/media\/29343"}],"wp:attachment":[{"href":"https:\/\/psol50.org.br\/rest\/wp\/v2\/media?parent=29341"}],"wp:term":[{"taxonomy":"category","embeddable":true,"href":"https:\/\/psol50.org.br\/rest\/wp\/v2\/categories?post=29341"},{"taxonomy":"post_tag","embeddable":true,"href":"https:\/\/psol50.org.br\/rest\/wp\/v2\/tags?post=29341"}],"curies":[{"name":"wp","href":"https:\/\/api.w.org\/{rel}","templated":true}]}}