{"id":2936,"date":"2014-08-25T00:00:00","date_gmt":"2014-08-25T14:05:49","guid":{"rendered":"http:\/\/psol50.org.br\/arquivo\/2014\/08\/25\/gregorio-duvivier-do-porta-dos-fundos-declara-apoio-a-luciana-genro\/"},"modified":"2014-08-25T00:00:00","modified_gmt":"2014-08-25T14:05:49","slug":"gregorio-duvivier-do-porta-dos-fundos-declara-apoio-a-luciana-genro","status":"publish","type":"post","link":"https:\/\/psol50.org.br\/gregorio-duvivier-do-porta-dos-fundos-declara-apoio-a-luciana-genro\/","title":{"rendered":"Gregorio Duvivier, do Porta dos Fundos, declara apoio a Luciana Genro"},"content":{"rendered":"<p style=\"text-align: justify;\">\n\t<span style=\"font-family:arial,helvetica,sans-serif;\"><span style=\"font-size: 12px;\">Por <em>Reda\u00e7\u00e3o #Equipe50<\/em><\/p>\n<p>\tO ator, roteirista e poeta Gregorio Duvivier declarou apoio \u00e0 candidatura de Luciana Genro (PSOL) \u00e0 Presid\u00eancia da Rep\u00fablica. \u201cVoto na Luciana porque ela representa a mudan\u00e7a que toda uma gera\u00e7\u00e3o defende\u201d, afirma Gregorio, um dos criadores do maior fen\u00f4meno recente do humor brasileiro, o Porta dos Fundos. Ele ainda ressaltou que Luciana \u00e9 a \u00fanica feminista entre as presidenci\u00e1veis.<\/p>\n<p>\tOs dois se encontraram no in\u00edcio da noite de sexta-feira (22) num caf\u00e9 no centro de S\u00e3o Paulo e conversaram sobre pol\u00edtica, mobiliza\u00e7\u00f5es, cultura, direitos civis e liberdades democr\u00e1ticas. O jovem artista j\u00e1 havia declarado publicamente apoio \u00e0 reelei\u00e7\u00e3o do deputado estadual Marcelo Freixo (PSOL-RJ).<\/p>\n<p>\t\u201cGregorio \u00e9 um dos maiores talentos de um grupo de jovens artistas que quebraram o monop\u00f3lio da TV e fizeram da internet um espa\u00e7o democr\u00e1tico com humor de alto n\u00edvel\u201d, afirma a candidata do PSOL.<\/p>\n<p>\tEm recente entrevista ao jornal \u201cEl Pa\u00eds\u201d, Greg\u00f3rio Duvivier falou bastante de pol\u00edtica. Em sua opini\u00e3o, a maioria dos jovens brasileiros est\u00e1 se politizando e perdendo o horror \u00e0 pol\u00edtica. \u201cAcho uma cagada dizer que pol\u00edtico \u00e9 tudo igual. \u00c9 um discurso muito nocivo. Muita gente diz \u201cpol\u00edtica \u00e9 tudo igual, n\u00e3o se meta com isso, s\u00f3 tem ladr\u00e3o\u201d. \u00c9 algo que existe, mas est\u00e1 diminuindo. Eu acredito que tem uma vontade de mudan\u00e7a a\u00ed, e as manifesta\u00e7\u00f5es s\u00e3o meio que a prova disso\u201d, diz um trecho da entrevista concedida no in\u00edcio do m\u00eas.<\/span><\/span><\/p>\n<p>&nbsp;<\/p>\n","protected":false},"excerpt":{"rendered":"<p>Por Reda\u00e7\u00e3o #Equipe50 O ator, roteirista e poeta Gregorio Duvivier declarou apoio \u00e0 candidatura de Luciana Genro (PSOL) \u00e0 Presid\u00eancia da Rep\u00fablica. \u201cVoto na Luciana porque ela representa a mudan\u00e7a que toda uma gera\u00e7\u00e3o defende\u201d, afirma Gregorio, um dos criadores do maior fen\u00f4meno recente do humor brasileiro, o Porta dos Fundos. Ele ainda ressaltou que [&hellip;]<\/p>\n","protected":false},"author":2,"featured_media":0,"comment_status":"open","ping_status":"open","sticky":false,"template":"","format":"standard","meta":{"_acf_changed":false,"footnotes":""},"categories":[4766,4960,6],"tags":[2506],"class_list":{"0":"post-2936","1":"post","2":"type-post","3":"status-publish","4":"format-standard","6":"category-arquivo","7":"category-eleicoes-2014","8":"category-noticias","9":"tag-eleicoes-2014"},"acf":[],"yoast_head":"<!-- This site is optimized with the Yoast SEO plugin v26.5 - https:\/\/yoast.com\/wordpress\/plugins\/seo\/ -->\n<title>Gregorio Duvivier, do Porta dos Fundos, declara apoio a Luciana Genro - PSOL 50<\/title>\n<meta name=\"robots\" content=\"index, follow, max-snippet:-1, max-image-preview:large, max-video-preview:-1\" \/>\n<link rel=\"canonical\" href=\"https:\/\/psol50.org.br\/gregorio-duvivier-do-porta-dos-fundos-declara-apoio-a-luciana-genro\/\" \/>\n<meta property=\"og:locale\" content=\"pt_BR\" \/>\n<meta property=\"og:type\" content=\"article\" \/>\n<meta property=\"og:title\" content=\"Gregorio Duvivier, do Porta dos Fundos, declara apoio a Luciana Genro - PSOL 50\" \/>\n<meta property=\"og:description\" content=\"Por Reda\u00e7\u00e3o #Equipe50 O ator, roteirista e poeta Gregorio Duvivier declarou apoio \u00e0 candidatura de Luciana Genro (PSOL) \u00e0 Presid\u00eancia da Rep\u00fablica. \u201cVoto na Luciana porque ela representa a mudan\u00e7a que toda uma gera\u00e7\u00e3o defende\u201d, afirma Gregorio, um dos criadores do maior fen\u00f4meno recente do humor brasileiro, o Porta dos Fundos. Ele ainda ressaltou que [&hellip;]\" \/>\n<meta property=\"og:url\" content=\"https:\/\/psol50.org.br\/gregorio-duvivier-do-porta-dos-fundos-declara-apoio-a-luciana-genro\/\" \/>\n<meta property=\"og:site_name\" content=\"PSOL 50\" \/>\n<meta property=\"article:publisher\" content=\"https:\/\/www.facebook.com\/psol50\" \/>\n<meta property=\"article:published_time\" content=\"2014-08-25T14:05:49+00:00\" \/>\n<meta property=\"og:image\" content=\"https:\/\/psol50.org.br\/inc\/uploads\/2018\/07\/capa.png\" \/>\n\t<meta property=\"og:image:width\" content=\"1350\" \/>\n\t<meta property=\"og:image:height\" content=\"900\" \/>\n\t<meta property=\"og:image:type\" content=\"image\/png\" \/>\n<meta name=\"author\" content=\"Comunica\u00e7\u00e3o PSOL\" \/>\n<meta name=\"twitter:card\" content=\"summary_large_image\" \/>\n<meta name=\"twitter:creator\" content=\"@psol50\" \/>\n<meta name=\"twitter:site\" content=\"@psol50\" \/>\n<meta name=\"twitter:label1\" content=\"Escrito por\" \/>\n\t<meta name=\"twitter:data1\" content=\"Comunica\u00e7\u00e3o PSOL\" \/>\n\t<meta name=\"twitter:label2\" content=\"Est. tempo de leitura\" \/>\n\t<meta name=\"twitter:data2\" content=\"1 minuto\" \/>\n<script type=\"application\/ld+json\" class=\"yoast-schema-graph\">{\"@context\":\"https:\/\/schema.org\",\"@graph\":[{\"@type\":\"Article\",\"@id\":\"https:\/\/psol50.org.br\/gregorio-duvivier-do-porta-dos-fundos-declara-apoio-a-luciana-genro\/#article\",\"isPartOf\":{\"@id\":\"https:\/\/psol50.org.br\/gregorio-duvivier-do-porta-dos-fundos-declara-apoio-a-luciana-genro\/\"},\"author\":{\"name\":\"Comunica\u00e7\u00e3o PSOL\",\"@id\":\"https:\/\/psol50.org.br\/#\/schema\/person\/475dfa57d0b815993c714c2e96491fcd\"},\"headline\":\"Gregorio Duvivier, do Porta dos Fundos, declara apoio a Luciana Genro\",\"datePublished\":\"2014-08-25T14:05:49+00:00\",\"mainEntityOfPage\":{\"@id\":\"https:\/\/psol50.org.br\/gregorio-duvivier-do-porta-dos-fundos-declara-apoio-a-luciana-genro\/\"},\"wordCount\":269,\"commentCount\":0,\"publisher\":{\"@id\":\"https:\/\/psol50.org.br\/#organization\"},\"keywords\":[\"elei\u00e7\u00f5es 2014\"],\"articleSection\":[\"Arquivo\",\"ELEI\u00c7\u00d5ES 2014\",\"Not\u00edcias\"],\"inLanguage\":\"pt-BR\",\"potentialAction\":[{\"@type\":\"CommentAction\",\"name\":\"Comment\",\"target\":[\"https:\/\/psol50.org.br\/gregorio-duvivier-do-porta-dos-fundos-declara-apoio-a-luciana-genro\/#respond\"]}]},{\"@type\":\"WebPage\",\"@id\":\"https:\/\/psol50.org.br\/gregorio-duvivier-do-porta-dos-fundos-declara-apoio-a-luciana-genro\/\",\"url\":\"https:\/\/psol50.org.br\/gregorio-duvivier-do-porta-dos-fundos-declara-apoio-a-luciana-genro\/\",\"name\":\"Gregorio Duvivier, do Porta dos Fundos, declara apoio a Luciana Genro - PSOL 50\",\"isPartOf\":{\"@id\":\"https:\/\/psol50.org.br\/#website\"},\"datePublished\":\"2014-08-25T14:05:49+00:00\",\"breadcrumb\":{\"@id\":\"https:\/\/psol50.org.br\/gregorio-duvivier-do-porta-dos-fundos-declara-apoio-a-luciana-genro\/#breadcrumb\"},\"inLanguage\":\"pt-BR\",\"potentialAction\":[{\"@type\":\"ReadAction\",\"target\":[\"https:\/\/psol50.org.br\/gregorio-duvivier-do-porta-dos-fundos-declara-apoio-a-luciana-genro\/\"]}]},{\"@type\":\"BreadcrumbList\",\"@id\":\"https:\/\/psol50.org.br\/gregorio-duvivier-do-porta-dos-fundos-declara-apoio-a-luciana-genro\/#breadcrumb\",\"itemListElement\":[{\"@type\":\"ListItem\",\"position\":1,\"name\":\"In\u00edcio\",\"item\":\"https:\/\/psol50.org.br\/\"},{\"@type\":\"ListItem\",\"position\":2,\"name\":\"Gregorio Duvivier, do Porta dos Fundos, declara apoio a Luciana Genro\"}]},{\"@type\":\"WebSite\",\"@id\":\"https:\/\/psol50.org.br\/#website\",\"url\":\"https:\/\/psol50.org.br\/\",\"name\":\"PSOL 50\",\"description\":\"Site oficial do Partido Socialismo e Liberdade\",\"publisher\":{\"@id\":\"https:\/\/psol50.org.br\/#organization\"},\"alternateName\":\"PSOL50\",\"potentialAction\":[{\"@type\":\"SearchAction\",\"target\":{\"@type\":\"EntryPoint\",\"urlTemplate\":\"https:\/\/psol50.org.br\/?s={search_term_string}\"},\"query-input\":{\"@type\":\"PropertyValueSpecification\",\"valueRequired\":true,\"valueName\":\"search_term_string\"}}],\"inLanguage\":\"pt-BR\"},{\"@type\":\"Organization\",\"@id\":\"https:\/\/psol50.org.br\/#organization\",\"name\":\"PSOL 50\",\"alternateName\":\"PSOL 50\",\"url\":\"https:\/\/psol50.org.br\/\",\"logo\":{\"@type\":\"ImageObject\",\"inLanguage\":\"pt-BR\",\"@id\":\"https:\/\/psol50.org.br\/#\/schema\/logo\/image\/\",\"url\":\"https:\/\/psol50.org.br\/inc\/uploads\/2018\/07\/capa.png\",\"contentUrl\":\"https:\/\/psol50.org.br\/inc\/uploads\/2018\/07\/capa.png\",\"width\":1350,\"height\":900,\"caption\":\"PSOL 50\"},\"image\":{\"@id\":\"https:\/\/psol50.org.br\/#\/schema\/logo\/image\/\"},\"sameAs\":[\"https:\/\/www.facebook.com\/psol50\",\"https:\/\/x.com\/psol50\",\"https:\/\/www.instagram.com\/psol50\/\",\"https:\/\/www.youtube.com\/channel\/UC7SnJS5o1os7a6CaiNabzcg\"]},{\"@type\":\"Person\",\"@id\":\"https:\/\/psol50.org.br\/#\/schema\/person\/475dfa57d0b815993c714c2e96491fcd\",\"name\":\"Comunica\u00e7\u00e3o PSOL\",\"image\":{\"@type\":\"ImageObject\",\"inLanguage\":\"pt-BR\",\"@id\":\"https:\/\/psol50.org.br\/#\/schema\/person\/image\/\",\"url\":\"https:\/\/secure.gravatar.com\/avatar\/b34fc4f4e468a4e51785917065a3db57b841f5c95dba6ad8c73aaf8f66f8f9bf?s=96&d=mm&r=g\",\"contentUrl\":\"https:\/\/secure.gravatar.com\/avatar\/b34fc4f4e468a4e51785917065a3db57b841f5c95dba6ad8c73aaf8f66f8f9bf?s=96&d=mm&r=g\",\"caption\":\"Comunica\u00e7\u00e3o PSOL\"}}]}<\/script>\n<!-- \/ Yoast SEO plugin. -->","yoast_head_json":{"title":"Gregorio Duvivier, do Porta dos Fundos, declara apoio a Luciana Genro - PSOL 50","robots":{"index":"index","follow":"follow","max-snippet":"max-snippet:-1","max-image-preview":"max-image-preview:large","max-video-preview":"max-video-preview:-1"},"canonical":"https:\/\/psol50.org.br\/gregorio-duvivier-do-porta-dos-fundos-declara-apoio-a-luciana-genro\/","og_locale":"pt_BR","og_type":"article","og_title":"Gregorio Duvivier, do Porta dos Fundos, declara apoio a Luciana Genro - PSOL 50","og_description":"Por Reda\u00e7\u00e3o #Equipe50 O ator, roteirista e poeta Gregorio Duvivier declarou apoio \u00e0 candidatura de Luciana Genro (PSOL) \u00e0 Presid\u00eancia da Rep\u00fablica. \u201cVoto na Luciana porque ela representa a mudan\u00e7a que toda uma gera\u00e7\u00e3o defende\u201d, afirma Gregorio, um dos criadores do maior fen\u00f4meno recente do humor brasileiro, o Porta dos Fundos. Ele ainda ressaltou que [&hellip;]","og_url":"https:\/\/psol50.org.br\/gregorio-duvivier-do-porta-dos-fundos-declara-apoio-a-luciana-genro\/","og_site_name":"PSOL 50","article_publisher":"https:\/\/www.facebook.com\/psol50","article_published_time":"2014-08-25T14:05:49+00:00","og_image":[{"width":1350,"height":900,"url":"https:\/\/psol50.org.br\/inc\/uploads\/2018\/07\/capa.png","type":"image\/png"}],"author":"Comunica\u00e7\u00e3o PSOL","twitter_card":"summary_large_image","twitter_creator":"@psol50","twitter_site":"@psol50","twitter_misc":{"Escrito por":"Comunica\u00e7\u00e3o PSOL","Est. tempo de leitura":"1 minuto"},"schema":{"@context":"https:\/\/schema.org","@graph":[{"@type":"Article","@id":"https:\/\/psol50.org.br\/gregorio-duvivier-do-porta-dos-fundos-declara-apoio-a-luciana-genro\/#article","isPartOf":{"@id":"https:\/\/psol50.org.br\/gregorio-duvivier-do-porta-dos-fundos-declara-apoio-a-luciana-genro\/"},"author":{"name":"Comunica\u00e7\u00e3o PSOL","@id":"https:\/\/psol50.org.br\/#\/schema\/person\/475dfa57d0b815993c714c2e96491fcd"},"headline":"Gregorio Duvivier, do Porta dos Fundos, declara apoio a Luciana Genro","datePublished":"2014-08-25T14:05:49+00:00","mainEntityOfPage":{"@id":"https:\/\/psol50.org.br\/gregorio-duvivier-do-porta-dos-fundos-declara-apoio-a-luciana-genro\/"},"wordCount":269,"commentCount":0,"publisher":{"@id":"https:\/\/psol50.org.br\/#organization"},"keywords":["elei\u00e7\u00f5es 2014"],"articleSection":["Arquivo","ELEI\u00c7\u00d5ES 2014","Not\u00edcias"],"inLanguage":"pt-BR","potentialAction":[{"@type":"CommentAction","name":"Comment","target":["https:\/\/psol50.org.br\/gregorio-duvivier-do-porta-dos-fundos-declara-apoio-a-luciana-genro\/#respond"]}]},{"@type":"WebPage","@id":"https:\/\/psol50.org.br\/gregorio-duvivier-do-porta-dos-fundos-declara-apoio-a-luciana-genro\/","url":"https:\/\/psol50.org.br\/gregorio-duvivier-do-porta-dos-fundos-declara-apoio-a-luciana-genro\/","name":"Gregorio Duvivier, do Porta dos Fundos, declara apoio a Luciana Genro - PSOL 50","isPartOf":{"@id":"https:\/\/psol50.org.br\/#website"},"datePublished":"2014-08-25T14:05:49+00:00","breadcrumb":{"@id":"https:\/\/psol50.org.br\/gregorio-duvivier-do-porta-dos-fundos-declara-apoio-a-luciana-genro\/#breadcrumb"},"inLanguage":"pt-BR","potentialAction":[{"@type":"ReadAction","target":["https:\/\/psol50.org.br\/gregorio-duvivier-do-porta-dos-fundos-declara-apoio-a-luciana-genro\/"]}]},{"@type":"BreadcrumbList","@id":"https:\/\/psol50.org.br\/gregorio-duvivier-do-porta-dos-fundos-declara-apoio-a-luciana-genro\/#breadcrumb","itemListElement":[{"@type":"ListItem","position":1,"name":"In\u00edcio","item":"https:\/\/psol50.org.br\/"},{"@type":"ListItem","position":2,"name":"Gregorio Duvivier, do Porta dos Fundos, declara apoio a Luciana Genro"}]},{"@type":"WebSite","@id":"https:\/\/psol50.org.br\/#website","url":"https:\/\/psol50.org.br\/","name":"PSOL 50","description":"Site oficial do Partido Socialismo e Liberdade","publisher":{"@id":"https:\/\/psol50.org.br\/#organization"},"alternateName":"PSOL50","potentialAction":[{"@type":"SearchAction","target":{"@type":"EntryPoint","urlTemplate":"https:\/\/psol50.org.br\/?s={search_term_string}"},"query-input":{"@type":"PropertyValueSpecification","valueRequired":true,"valueName":"search_term_string"}}],"inLanguage":"pt-BR"},{"@type":"Organization","@id":"https:\/\/psol50.org.br\/#organization","name":"PSOL 50","alternateName":"PSOL 50","url":"https:\/\/psol50.org.br\/","logo":{"@type":"ImageObject","inLanguage":"pt-BR","@id":"https:\/\/psol50.org.br\/#\/schema\/logo\/image\/","url":"https:\/\/psol50.org.br\/inc\/uploads\/2018\/07\/capa.png","contentUrl":"https:\/\/psol50.org.br\/inc\/uploads\/2018\/07\/capa.png","width":1350,"height":900,"caption":"PSOL 50"},"image":{"@id":"https:\/\/psol50.org.br\/#\/schema\/logo\/image\/"},"sameAs":["https:\/\/www.facebook.com\/psol50","https:\/\/x.com\/psol50","https:\/\/www.instagram.com\/psol50\/","https:\/\/www.youtube.com\/channel\/UC7SnJS5o1os7a6CaiNabzcg"]},{"@type":"Person","@id":"https:\/\/psol50.org.br\/#\/schema\/person\/475dfa57d0b815993c714c2e96491fcd","name":"Comunica\u00e7\u00e3o PSOL","image":{"@type":"ImageObject","inLanguage":"pt-BR","@id":"https:\/\/psol50.org.br\/#\/schema\/person\/image\/","url":"https:\/\/secure.gravatar.com\/avatar\/b34fc4f4e468a4e51785917065a3db57b841f5c95dba6ad8c73aaf8f66f8f9bf?s=96&d=mm&r=g","contentUrl":"https:\/\/secure.gravatar.com\/avatar\/b34fc4f4e468a4e51785917065a3db57b841f5c95dba6ad8c73aaf8f66f8f9bf?s=96&d=mm&r=g","caption":"Comunica\u00e7\u00e3o PSOL"}}]}},"_links":{"self":[{"href":"https:\/\/psol50.org.br\/rest\/wp\/v2\/posts\/2936","targetHints":{"allow":["GET"]}}],"collection":[{"href":"https:\/\/psol50.org.br\/rest\/wp\/v2\/posts"}],"about":[{"href":"https:\/\/psol50.org.br\/rest\/wp\/v2\/types\/post"}],"author":[{"embeddable":true,"href":"https:\/\/psol50.org.br\/rest\/wp\/v2\/users\/2"}],"replies":[{"embeddable":true,"href":"https:\/\/psol50.org.br\/rest\/wp\/v2\/comments?post=2936"}],"version-history":[{"count":0,"href":"https:\/\/psol50.org.br\/rest\/wp\/v2\/posts\/2936\/revisions"}],"wp:attachment":[{"href":"https:\/\/psol50.org.br\/rest\/wp\/v2\/media?parent=2936"}],"wp:term":[{"taxonomy":"category","embeddable":true,"href":"https:\/\/psol50.org.br\/rest\/wp\/v2\/categories?post=2936"},{"taxonomy":"post_tag","embeddable":true,"href":"https:\/\/psol50.org.br\/rest\/wp\/v2\/tags?post=2936"}],"curies":[{"name":"wp","href":"https:\/\/api.w.org\/{rel}","templated":true}]}}