{"id":29366,"date":"2020-06-03T17:53:33","date_gmt":"2020-06-03T20:53:33","guid":{"rendered":"https:\/\/psol50.org.br\/?p=29366"},"modified":"2020-06-03T17:53:33","modified_gmt":"2020-06-03T20:53:33","slug":"conheca-a-serie-de-projetos-antirracistas-da-bancada-do-psol","status":"publish","type":"post","link":"https:\/\/psol50.org.br\/conheca-a-serie-de-projetos-antirracistas-da-bancada-do-psol\/","title":{"rendered":"Conhe\u00e7a a s\u00e9rie de projetos antirracistas da bancada do PSOL"},"content":{"rendered":"<p><a href=\"https:\/\/impeachmentpopular.com.br\/\" target=\"_blank\" rel=\"noopener noreferrer\"><img loading=\"lazy\" decoding=\"async\" class=\"alignnone size-full wp-image-29118\" src=\"https:\/\/psol50.org.br\/inc\/uploads\/2020\/05\/Email_Impeachment.png\" alt=\"\" width=\"1080\" height=\"250\" srcset=\"https:\/\/psol50.org.br\/inc\/uploads\/2020\/05\/Email_Impeachment.png 1080w, https:\/\/psol50.org.br\/inc\/uploads\/2020\/05\/Email_Impeachment-300x69.png 300w, https:\/\/psol50.org.br\/inc\/uploads\/2020\/05\/Email_Impeachment-1024x237.png 1024w, https:\/\/psol50.org.br\/inc\/uploads\/2020\/05\/Email_Impeachment-768x178.png 768w, https:\/\/psol50.org.br\/inc\/uploads\/2020\/05\/Email_Impeachment-150x35.png 150w, https:\/\/psol50.org.br\/inc\/uploads\/2020\/05\/Email_Impeachment-696x161.png 696w, https:\/\/psol50.org.br\/inc\/uploads\/2020\/05\/Email_Impeachment-1068x247.png 1068w\" sizes=\"auto, (max-width: 1080px) 100vw, 1080px\" \/><\/a><\/p>\n<p>A luta contra o racismo estrutural e institucional no Brasil \u00e9 realizada pelo movimento negro h\u00e1 longas d\u00e9cadas no pa\u00eds. Nos \u00faltimos anos esta luta por direitos e igualdade vem sendo potencializada tamb\u00e9m por uma s\u00e9rie de a\u00e7\u00f5es de massa nas redes sociais. Na \u00faltima semana, ap\u00f3s as mortes de Jo\u00e3o Pedro e Jo\u00e3o Vitor durante opera\u00e7\u00f5es policiais nas comunidades que viviam no Rio de Janeiro, e o assassinato cruel de George Floyd pela pol\u00edcia de Minneapolis, nos EUA, diversas manifesta\u00e7\u00f5es tomaram as ruas e redes sociais de todo o planeta.<\/p>\n<h6>A bancada do PSOL tamb\u00e9m apresentou uma s\u00e9rie de projetos na C\u00e2mara dos Deputados desde o ano passado para combater o racismo estrutural brasileiro. Veja abaixo a lista dos principais projetos:<\/h6>\n<ul>\n<li><em>PL 5923\/2019, de Tal\u00edria Petrone<\/em> &#8211; <strong>Proibir homenagens<\/strong> atrav\u00e9s de express\u00e3o, figura, desenho ou qualquer outro sinal <strong>relacionados \u00e0 escravid\u00e3o<\/strong> ou a pessoas notoriamente participantes do movimento eugenista brasileiro.<\/li>\n<li><em>PL 3873\/2019 (Projeto Marcus Vin\u00edcius), de Tal\u00edria Petrone<\/em> &#8211; Cria mecanismos para a <strong>redu\u00e7\u00e3o da viol\u00eancia letal contra crian\u00e7as, adolescentes e jovens<\/strong>.<\/li>\n<li><em>PL 1488\/2019, da bancada do PSOL<\/em> &#8211; Inscreve o nome de <strong>Marielle Franco no Livro dos Her\u00f3is e Hero\u00ednas da P\u00e1tria<\/strong>.<\/li>\n<li>PL 5885\/2019, dos deputados e deputadas negras do PSOL e de outros partidos &#8211; Cria s\u00e9rie de mecanismos de <strong>enfrentamento ao racismo institucional<\/strong>.<\/li>\n<li><em>PL 6066\/2019, de David Miranda<\/em> &#8211; Estabelece o direito dos usu\u00e1rios de servi\u00e7os p\u00fablicos \u00e0 informa\u00e7\u00e3o dos <strong>servi\u00e7os de den\u00fancia de racismo, inj\u00faria racial e outras viola\u00e7\u00f5es de direitos humanos<\/strong>.<\/li>\n<li><em>PL 6366\/2019 (Projeto Marielle Franco), da bancada do PSOL<\/em> &#8211; Institui o Dia Nacional das <strong>Defensoras e Defensores de Direitos Humanos<\/strong>.<\/li>\n<li><em>PL 2819\/2020, de Tal\u00edria Petrone ao lado de Benedita da Silva (PT)<\/em> &#8211; Cria medidas de <strong>garantia da equidade na aten\u00e7\u00e3o integral \u00e0 sa\u00fade da popula\u00e7\u00e3o negra em casos de epidemias ou pandemias<\/strong>, surtos provocados por doen\u00e7as contagiosas ou durante a decreta\u00e7\u00e3o de Estado de Calamidade P\u00fablica.<\/li>\n<li><em>PL 1694\/2020, da bancada do PSOL<\/em> &#8211; Trata sobre o <strong>funcionamento dos equipamentos e servi\u00e7os que atendam \u00e0 popula\u00e7\u00e3o em situa\u00e7\u00e3o de rua<\/strong>, majoritariamente negra, em contexto de pandemias e epidemias que exijam isolamento tempor\u00e1rio.<\/li>\n<li><em>PL 978\/2020, de Tal\u00edria Petrone e Glauber Braga<\/em> &#8211; Disp\u00f5e sobre medidas penais, processuais penais e socioeducativas emergenciais a respeito da popula\u00e7\u00e3o carcer\u00e1ria brasileira ap\u00f3s o decreto da Organiza\u00e7\u00e3o Mundial da Sa\u00fade (OMS) de pandemia decorrente do alastramento das infec\u00e7\u00f5es pelo coronav\u00edrus (COVID-19), levando em considera\u00e7\u00e3o o<strong> elevado risco \u00e0 sociedade em geral e, em especial, \u00e0s pessoas em priva\u00e7\u00e3o de liberdade<\/strong>, aos agentes penitenci\u00e1rios e aos demais servidores vinculados \u00e0s Secretarias de Administra\u00e7\u00e3o Penitenci\u00e1ria.<\/li>\n<li><em>PL 1000\/2020, da bancada do PSOL<\/em> &#8211; Cria o <strong>Plano Emergencial para Enfrentamento ao COVID-19 nas favelas e periferias<\/strong>, e assegura a garantia ao acesso \u00e0 \u00e1gua e distribui\u00e7\u00e3o de kits com insumos b\u00e1sicos necess\u00e1rios \u00e0 manuten\u00e7\u00e3o das condi\u00e7\u00f5es de higiene e de sa\u00fade para preven\u00e7\u00e3o do cont\u00e1gio e da dissemina\u00e7\u00e3o do coronav\u00edrus<\/li>\n<\/ul>\n","protected":false},"excerpt":{"rendered":"<p>A luta contra o racismo estrutural e institucional no Brasil \u00e9 realizada pelo movimento negro h\u00e1 longas d\u00e9cadas no pa\u00eds. Nos \u00faltimos anos esta luta por direitos e igualdade vem sendo potencializada tamb\u00e9m por uma s\u00e9rie de a\u00e7\u00f5es de massa nas redes sociais. Na \u00faltima semana, ap\u00f3s as mortes de Jo\u00e3o Pedro e Jo\u00e3o Vitor [&hellip;]<\/p>\n","protected":false},"author":2,"featured_media":29378,"comment_status":"closed","ping_status":"open","sticky":false,"template":"","format":"standard","meta":{"_acf_changed":false,"footnotes":""},"categories":[10,6],"tags":[794,5,765,22,127],"class_list":{"0":"post-29366","1":"post","2":"type-post","3":"status-publish","4":"format-standard","5":"has-post-thumbnail","7":"category-acao-parlamentares","8":"category-noticias","9":"tag-antirracismo","10":"tag-negras","11":"tag-negros","12":"tag-psol","13":"tag-racismo"},"acf":[],"yoast_head":"<!-- This site is optimized with the Yoast SEO plugin v26.5 - https:\/\/yoast.com\/wordpress\/plugins\/seo\/ -->\n<title>Conhe\u00e7a a s\u00e9rie de projetos antirracistas da bancada do PSOL - PSOL 50<\/title>\n<meta name=\"description\" content=\"A bancada do PSOL apresentou uma s\u00e9rie de projetos na C\u00e2mara dos Deputados desde o ano passado para combater o racismo estrutural brasileiro.\" \/>\n<meta name=\"robots\" content=\"index, follow, max-snippet:-1, max-image-preview:large, max-video-preview:-1\" \/>\n<link rel=\"canonical\" href=\"https:\/\/psol50.org.br\/conheca-a-serie-de-projetos-antirracistas-da-bancada-do-psol\/\" \/>\n<meta property=\"og:locale\" content=\"pt_BR\" \/>\n<meta property=\"og:type\" content=\"article\" \/>\n<meta property=\"og:title\" content=\"Conhe\u00e7a a s\u00e9rie de projetos antirracistas da bancada do PSOL\" \/>\n<meta property=\"og:description\" content=\"A bancada do PSOL apresentou uma s\u00e9rie de projetos na C\u00e2mara dos Deputados desde o ano passado para combater o racismo estrutural brasileiro.\" \/>\n<meta property=\"og:url\" content=\"https:\/\/psol50.org.br\/conheca-a-serie-de-projetos-antirracistas-da-bancada-do-psol\/\" \/>\n<meta property=\"og:site_name\" content=\"PSOL 50\" \/>\n<meta property=\"article:publisher\" content=\"https:\/\/www.facebook.com\/psol50\" \/>\n<meta property=\"article:published_time\" content=\"2020-06-03T20:53:33+00:00\" \/>\n<meta property=\"og:image\" content=\"https:\/\/psol50.org.br\/inc\/uploads\/2020\/06\/deputadosnegros.jpg\" \/>\n\t<meta property=\"og:image:width\" content=\"1366\" \/>\n\t<meta property=\"og:image:height\" content=\"768\" \/>\n\t<meta property=\"og:image:type\" content=\"image\/jpeg\" \/>\n<meta name=\"author\" content=\"Comunica\u00e7\u00e3o PSOL\" \/>\n<meta name=\"twitter:card\" content=\"summary_large_image\" \/>\n<meta name=\"twitter:title\" content=\"Conhe\u00e7a a s\u00e9rie de projetos antirracistas da bancada do PSOL\" \/>\n<meta name=\"twitter:description\" content=\"A bancada do PSOL apresentou uma s\u00e9rie de projetos na C\u00e2mara dos Deputados desde o ano passado para combater o racismo estrutural brasileiro.\" \/>\n<meta name=\"twitter:image\" content=\"https:\/\/psol50.org.br\/inc\/uploads\/2020\/06\/deputadosnegros.jpg\" \/>\n<meta name=\"twitter:creator\" content=\"@psol50\" \/>\n<meta name=\"twitter:site\" content=\"@psol50\" \/>\n<meta name=\"twitter:label1\" content=\"Escrito por\" \/>\n\t<meta name=\"twitter:data1\" content=\"Comunica\u00e7\u00e3o PSOL\" \/>\n\t<meta name=\"twitter:label2\" content=\"Est. tempo de leitura\" \/>\n\t<meta name=\"twitter:data2\" content=\"3 minutos\" \/>\n<script type=\"application\/ld+json\" class=\"yoast-schema-graph\">{\"@context\":\"https:\/\/schema.org\",\"@graph\":[{\"@type\":\"Article\",\"@id\":\"https:\/\/psol50.org.br\/conheca-a-serie-de-projetos-antirracistas-da-bancada-do-psol\/#article\",\"isPartOf\":{\"@id\":\"https:\/\/psol50.org.br\/conheca-a-serie-de-projetos-antirracistas-da-bancada-do-psol\/\"},\"author\":{\"name\":\"Comunica\u00e7\u00e3o PSOL\",\"@id\":\"https:\/\/psol50.org.br\/#\/schema\/person\/475dfa57d0b815993c714c2e96491fcd\"},\"headline\":\"Conhe\u00e7a a s\u00e9rie de projetos antirracistas da bancada do PSOL\",\"datePublished\":\"2020-06-03T20:53:33+00:00\",\"mainEntityOfPage\":{\"@id\":\"https:\/\/psol50.org.br\/conheca-a-serie-de-projetos-antirracistas-da-bancada-do-psol\/\"},\"wordCount\":542,\"publisher\":{\"@id\":\"https:\/\/psol50.org.br\/#organization\"},\"image\":{\"@id\":\"https:\/\/psol50.org.br\/conheca-a-serie-de-projetos-antirracistas-da-bancada-do-psol\/#primaryimage\"},\"thumbnailUrl\":\"https:\/\/psol50.org.br\/inc\/uploads\/2020\/06\/deputadosnegros.jpg\",\"keywords\":[\"antirracismo\",\"negras\",\"negros\",\"PSOL\",\"racismo\"],\"articleSection\":[\"A\u00e7\u00e3o Parlamentar\",\"Not\u00edcias\"],\"inLanguage\":\"pt-BR\"},{\"@type\":\"WebPage\",\"@id\":\"https:\/\/psol50.org.br\/conheca-a-serie-de-projetos-antirracistas-da-bancada-do-psol\/\",\"url\":\"https:\/\/psol50.org.br\/conheca-a-serie-de-projetos-antirracistas-da-bancada-do-psol\/\",\"name\":\"Conhe\u00e7a a s\u00e9rie de projetos antirracistas da bancada do PSOL - PSOL 50\",\"isPartOf\":{\"@id\":\"https:\/\/psol50.org.br\/#website\"},\"primaryImageOfPage\":{\"@id\":\"https:\/\/psol50.org.br\/conheca-a-serie-de-projetos-antirracistas-da-bancada-do-psol\/#primaryimage\"},\"image\":{\"@id\":\"https:\/\/psol50.org.br\/conheca-a-serie-de-projetos-antirracistas-da-bancada-do-psol\/#primaryimage\"},\"thumbnailUrl\":\"https:\/\/psol50.org.br\/inc\/uploads\/2020\/06\/deputadosnegros.jpg\",\"datePublished\":\"2020-06-03T20:53:33+00:00\",\"description\":\"A bancada do PSOL apresentou uma s\u00e9rie de projetos na C\u00e2mara dos Deputados desde o ano passado para combater o racismo estrutural brasileiro.\",\"breadcrumb\":{\"@id\":\"https:\/\/psol50.org.br\/conheca-a-serie-de-projetos-antirracistas-da-bancada-do-psol\/#breadcrumb\"},\"inLanguage\":\"pt-BR\",\"potentialAction\":[{\"@type\":\"ReadAction\",\"target\":[\"https:\/\/psol50.org.br\/conheca-a-serie-de-projetos-antirracistas-da-bancada-do-psol\/\"]}]},{\"@type\":\"ImageObject\",\"inLanguage\":\"pt-BR\",\"@id\":\"https:\/\/psol50.org.br\/conheca-a-serie-de-projetos-antirracistas-da-bancada-do-psol\/#primaryimage\",\"url\":\"https:\/\/psol50.org.br\/inc\/uploads\/2020\/06\/deputadosnegros.jpg\",\"contentUrl\":\"https:\/\/psol50.org.br\/inc\/uploads\/2020\/06\/deputadosnegros.jpg\",\"width\":1366,\"height\":768},{\"@type\":\"BreadcrumbList\",\"@id\":\"https:\/\/psol50.org.br\/conheca-a-serie-de-projetos-antirracistas-da-bancada-do-psol\/#breadcrumb\",\"itemListElement\":[{\"@type\":\"ListItem\",\"position\":1,\"name\":\"In\u00edcio\",\"item\":\"https:\/\/psol50.org.br\/\"},{\"@type\":\"ListItem\",\"position\":2,\"name\":\"Conhe\u00e7a a s\u00e9rie de projetos antirracistas da bancada do PSOL\"}]},{\"@type\":\"WebSite\",\"@id\":\"https:\/\/psol50.org.br\/#website\",\"url\":\"https:\/\/psol50.org.br\/\",\"name\":\"PSOL 50\",\"description\":\"Site oficial do Partido Socialismo e Liberdade\",\"publisher\":{\"@id\":\"https:\/\/psol50.org.br\/#organization\"},\"alternateName\":\"PSOL50\",\"potentialAction\":[{\"@type\":\"SearchAction\",\"target\":{\"@type\":\"EntryPoint\",\"urlTemplate\":\"https:\/\/psol50.org.br\/?s={search_term_string}\"},\"query-input\":{\"@type\":\"PropertyValueSpecification\",\"valueRequired\":true,\"valueName\":\"search_term_string\"}}],\"inLanguage\":\"pt-BR\"},{\"@type\":\"Organization\",\"@id\":\"https:\/\/psol50.org.br\/#organization\",\"name\":\"PSOL 50\",\"alternateName\":\"PSOL 50\",\"url\":\"https:\/\/psol50.org.br\/\",\"logo\":{\"@type\":\"ImageObject\",\"inLanguage\":\"pt-BR\",\"@id\":\"https:\/\/psol50.org.br\/#\/schema\/logo\/image\/\",\"url\":\"https:\/\/psol50.org.br\/inc\/uploads\/2018\/07\/capa.png\",\"contentUrl\":\"https:\/\/psol50.org.br\/inc\/uploads\/2018\/07\/capa.png\",\"width\":1350,\"height\":900,\"caption\":\"PSOL 50\"},\"image\":{\"@id\":\"https:\/\/psol50.org.br\/#\/schema\/logo\/image\/\"},\"sameAs\":[\"https:\/\/www.facebook.com\/psol50\",\"https:\/\/x.com\/psol50\",\"https:\/\/www.instagram.com\/psol50\/\",\"https:\/\/www.youtube.com\/channel\/UC7SnJS5o1os7a6CaiNabzcg\"]},{\"@type\":\"Person\",\"@id\":\"https:\/\/psol50.org.br\/#\/schema\/person\/475dfa57d0b815993c714c2e96491fcd\",\"name\":\"Comunica\u00e7\u00e3o PSOL\",\"image\":{\"@type\":\"ImageObject\",\"inLanguage\":\"pt-BR\",\"@id\":\"https:\/\/psol50.org.br\/#\/schema\/person\/image\/\",\"url\":\"https:\/\/secure.gravatar.com\/avatar\/b34fc4f4e468a4e51785917065a3db57b841f5c95dba6ad8c73aaf8f66f8f9bf?s=96&d=mm&r=g\",\"contentUrl\":\"https:\/\/secure.gravatar.com\/avatar\/b34fc4f4e468a4e51785917065a3db57b841f5c95dba6ad8c73aaf8f66f8f9bf?s=96&d=mm&r=g\",\"caption\":\"Comunica\u00e7\u00e3o PSOL\"}}]}<\/script>\n<!-- \/ Yoast SEO plugin. -->","yoast_head_json":{"title":"Conhe\u00e7a a s\u00e9rie de projetos antirracistas da bancada do PSOL - PSOL 50","description":"A bancada do PSOL apresentou uma s\u00e9rie de projetos na C\u00e2mara dos Deputados desde o ano passado para combater o racismo estrutural brasileiro.","robots":{"index":"index","follow":"follow","max-snippet":"max-snippet:-1","max-image-preview":"max-image-preview:large","max-video-preview":"max-video-preview:-1"},"canonical":"https:\/\/psol50.org.br\/conheca-a-serie-de-projetos-antirracistas-da-bancada-do-psol\/","og_locale":"pt_BR","og_type":"article","og_title":"Conhe\u00e7a a s\u00e9rie de projetos antirracistas da bancada do PSOL","og_description":"A bancada do PSOL apresentou uma s\u00e9rie de projetos na C\u00e2mara dos Deputados desde o ano passado para combater o racismo estrutural brasileiro.","og_url":"https:\/\/psol50.org.br\/conheca-a-serie-de-projetos-antirracistas-da-bancada-do-psol\/","og_site_name":"PSOL 50","article_publisher":"https:\/\/www.facebook.com\/psol50","article_published_time":"2020-06-03T20:53:33+00:00","og_image":[{"width":1366,"height":768,"url":"https:\/\/psol50.org.br\/inc\/uploads\/2020\/06\/deputadosnegros.jpg","type":"image\/jpeg"}],"author":"Comunica\u00e7\u00e3o PSOL","twitter_card":"summary_large_image","twitter_title":"Conhe\u00e7a a s\u00e9rie de projetos antirracistas da bancada do PSOL","twitter_description":"A bancada do PSOL apresentou uma s\u00e9rie de projetos na C\u00e2mara dos Deputados desde o ano passado para combater o racismo estrutural brasileiro.","twitter_image":"https:\/\/psol50.org.br\/inc\/uploads\/2020\/06\/deputadosnegros.jpg","twitter_creator":"@psol50","twitter_site":"@psol50","twitter_misc":{"Escrito por":"Comunica\u00e7\u00e3o PSOL","Est. tempo de leitura":"3 minutos"},"schema":{"@context":"https:\/\/schema.org","@graph":[{"@type":"Article","@id":"https:\/\/psol50.org.br\/conheca-a-serie-de-projetos-antirracistas-da-bancada-do-psol\/#article","isPartOf":{"@id":"https:\/\/psol50.org.br\/conheca-a-serie-de-projetos-antirracistas-da-bancada-do-psol\/"},"author":{"name":"Comunica\u00e7\u00e3o PSOL","@id":"https:\/\/psol50.org.br\/#\/schema\/person\/475dfa57d0b815993c714c2e96491fcd"},"headline":"Conhe\u00e7a a s\u00e9rie de projetos antirracistas da bancada do PSOL","datePublished":"2020-06-03T20:53:33+00:00","mainEntityOfPage":{"@id":"https:\/\/psol50.org.br\/conheca-a-serie-de-projetos-antirracistas-da-bancada-do-psol\/"},"wordCount":542,"publisher":{"@id":"https:\/\/psol50.org.br\/#organization"},"image":{"@id":"https:\/\/psol50.org.br\/conheca-a-serie-de-projetos-antirracistas-da-bancada-do-psol\/#primaryimage"},"thumbnailUrl":"https:\/\/psol50.org.br\/inc\/uploads\/2020\/06\/deputadosnegros.jpg","keywords":["antirracismo","negras","negros","PSOL","racismo"],"articleSection":["A\u00e7\u00e3o Parlamentar","Not\u00edcias"],"inLanguage":"pt-BR"},{"@type":"WebPage","@id":"https:\/\/psol50.org.br\/conheca-a-serie-de-projetos-antirracistas-da-bancada-do-psol\/","url":"https:\/\/psol50.org.br\/conheca-a-serie-de-projetos-antirracistas-da-bancada-do-psol\/","name":"Conhe\u00e7a a s\u00e9rie de projetos antirracistas da bancada do PSOL - PSOL 50","isPartOf":{"@id":"https:\/\/psol50.org.br\/#website"},"primaryImageOfPage":{"@id":"https:\/\/psol50.org.br\/conheca-a-serie-de-projetos-antirracistas-da-bancada-do-psol\/#primaryimage"},"image":{"@id":"https:\/\/psol50.org.br\/conheca-a-serie-de-projetos-antirracistas-da-bancada-do-psol\/#primaryimage"},"thumbnailUrl":"https:\/\/psol50.org.br\/inc\/uploads\/2020\/06\/deputadosnegros.jpg","datePublished":"2020-06-03T20:53:33+00:00","description":"A bancada do PSOL apresentou uma s\u00e9rie de projetos na C\u00e2mara dos Deputados desde o ano passado para combater o racismo estrutural brasileiro.","breadcrumb":{"@id":"https:\/\/psol50.org.br\/conheca-a-serie-de-projetos-antirracistas-da-bancada-do-psol\/#breadcrumb"},"inLanguage":"pt-BR","potentialAction":[{"@type":"ReadAction","target":["https:\/\/psol50.org.br\/conheca-a-serie-de-projetos-antirracistas-da-bancada-do-psol\/"]}]},{"@type":"ImageObject","inLanguage":"pt-BR","@id":"https:\/\/psol50.org.br\/conheca-a-serie-de-projetos-antirracistas-da-bancada-do-psol\/#primaryimage","url":"https:\/\/psol50.org.br\/inc\/uploads\/2020\/06\/deputadosnegros.jpg","contentUrl":"https:\/\/psol50.org.br\/inc\/uploads\/2020\/06\/deputadosnegros.jpg","width":1366,"height":768},{"@type":"BreadcrumbList","@id":"https:\/\/psol50.org.br\/conheca-a-serie-de-projetos-antirracistas-da-bancada-do-psol\/#breadcrumb","itemListElement":[{"@type":"ListItem","position":1,"name":"In\u00edcio","item":"https:\/\/psol50.org.br\/"},{"@type":"ListItem","position":2,"name":"Conhe\u00e7a a s\u00e9rie de projetos antirracistas da bancada do PSOL"}]},{"@type":"WebSite","@id":"https:\/\/psol50.org.br\/#website","url":"https:\/\/psol50.org.br\/","name":"PSOL 50","description":"Site oficial do Partido Socialismo e Liberdade","publisher":{"@id":"https:\/\/psol50.org.br\/#organization"},"alternateName":"PSOL50","potentialAction":[{"@type":"SearchAction","target":{"@type":"EntryPoint","urlTemplate":"https:\/\/psol50.org.br\/?s={search_term_string}"},"query-input":{"@type":"PropertyValueSpecification","valueRequired":true,"valueName":"search_term_string"}}],"inLanguage":"pt-BR"},{"@type":"Organization","@id":"https:\/\/psol50.org.br\/#organization","name":"PSOL 50","alternateName":"PSOL 50","url":"https:\/\/psol50.org.br\/","logo":{"@type":"ImageObject","inLanguage":"pt-BR","@id":"https:\/\/psol50.org.br\/#\/schema\/logo\/image\/","url":"https:\/\/psol50.org.br\/inc\/uploads\/2018\/07\/capa.png","contentUrl":"https:\/\/psol50.org.br\/inc\/uploads\/2018\/07\/capa.png","width":1350,"height":900,"caption":"PSOL 50"},"image":{"@id":"https:\/\/psol50.org.br\/#\/schema\/logo\/image\/"},"sameAs":["https:\/\/www.facebook.com\/psol50","https:\/\/x.com\/psol50","https:\/\/www.instagram.com\/psol50\/","https:\/\/www.youtube.com\/channel\/UC7SnJS5o1os7a6CaiNabzcg"]},{"@type":"Person","@id":"https:\/\/psol50.org.br\/#\/schema\/person\/475dfa57d0b815993c714c2e96491fcd","name":"Comunica\u00e7\u00e3o PSOL","image":{"@type":"ImageObject","inLanguage":"pt-BR","@id":"https:\/\/psol50.org.br\/#\/schema\/person\/image\/","url":"https:\/\/secure.gravatar.com\/avatar\/b34fc4f4e468a4e51785917065a3db57b841f5c95dba6ad8c73aaf8f66f8f9bf?s=96&d=mm&r=g","contentUrl":"https:\/\/secure.gravatar.com\/avatar\/b34fc4f4e468a4e51785917065a3db57b841f5c95dba6ad8c73aaf8f66f8f9bf?s=96&d=mm&r=g","caption":"Comunica\u00e7\u00e3o PSOL"}}]}},"_links":{"self":[{"href":"https:\/\/psol50.org.br\/rest\/wp\/v2\/posts\/29366","targetHints":{"allow":["GET"]}}],"collection":[{"href":"https:\/\/psol50.org.br\/rest\/wp\/v2\/posts"}],"about":[{"href":"https:\/\/psol50.org.br\/rest\/wp\/v2\/types\/post"}],"author":[{"embeddable":true,"href":"https:\/\/psol50.org.br\/rest\/wp\/v2\/users\/2"}],"replies":[{"embeddable":true,"href":"https:\/\/psol50.org.br\/rest\/wp\/v2\/comments?post=29366"}],"version-history":[{"count":0,"href":"https:\/\/psol50.org.br\/rest\/wp\/v2\/posts\/29366\/revisions"}],"wp:featuredmedia":[{"embeddable":true,"href":"https:\/\/psol50.org.br\/rest\/wp\/v2\/media\/29378"}],"wp:attachment":[{"href":"https:\/\/psol50.org.br\/rest\/wp\/v2\/media?parent=29366"}],"wp:term":[{"taxonomy":"category","embeddable":true,"href":"https:\/\/psol50.org.br\/rest\/wp\/v2\/categories?post=29366"},{"taxonomy":"post_tag","embeddable":true,"href":"https:\/\/psol50.org.br\/rest\/wp\/v2\/tags?post=29366"}],"curies":[{"name":"wp","href":"https:\/\/api.w.org\/{rel}","templated":true}]}}