{"id":2939,"date":"2014-08-26T00:00:00","date_gmt":"2014-08-26T17:14:48","guid":{"rendered":"http:\/\/psol50.org.br\/arquivo\/2014\/08\/26\/hoje-tem-psol-no-debate-da-band\/"},"modified":"2014-08-26T00:00:00","modified_gmt":"2014-08-26T17:14:48","slug":"hoje-tem-psol-no-debate-da-band","status":"publish","type":"post","link":"https:\/\/psol50.org.br\/hoje-tem-psol-no-debate-da-band\/","title":{"rendered":"Hoje tem PSOL no debate da Band"},"content":{"rendered":"<div style=\"text-align: justify;\">\n\tNesta ter\u00e7a-feira (26), o Brasil ter\u00e1 a chance de conhecer, por meio da candidata do PSOL \u00e0 Presid\u00eancia da Rep\u00fablica, Luciana Genro, as principais propostas de mudan\u00e7as que o partido apresenta ao pa\u00eds nessas elei\u00e7\u00f5es de 2014. \u00c0s 22h (hor\u00e1rio de Bras\u00edlia) vai ao ar o primeiro debate em canal aberto de televis\u00e3o entre os candidatos a presidente, produzido pela TV Bandeirantes.<br \/>\n\t&nbsp;<br \/>\n\tLuciana Genro defender\u00e1 as diretrizes do programa de governo do PSOL, elaborado em sintonia com as reivindica\u00e7\u00f5es apresentadas pela juventude e pela classe trabalhadora nas ruas em junho de 2013. A candidata pautar\u00e1 as ideias e propostas que fazem do PSOL a verdadeira alternativa de esquerda socialista.<br \/>\n\t&nbsp;<br \/>\n\tAcompanhar\u00e3o a candidata no est\u00fadio da Band, em S\u00e3o Paulo, o candidato a vice-presidente na chapa do PSOL, Jorge Paz; o presidente nacional do partido e coordenador geral da campanha, Luiz Ara\u00fajo; o secret\u00e1rio de Comunica\u00e7\u00e3o do PSOL, Juliano Medeiros; a 2\u00aa secret\u00e1ria de Rela\u00e7\u00f5es Internacionais do PSOL, Mariana Riscali; os deputados Ivan Valente, Jean Wyllys e Carlos Giannazi e membros da coordena\u00e7\u00e3o de campanha.<br \/>\n\t&nbsp;<br \/>\n\tO PSOL convida todos os militantes e apoiadores a acompanhar o debate e tamb\u00e9m a participar do tuita\u00e7o, usando a hashtag <a href=\"https:\/\/www.facebook.com\/hashtag\/luciananaband\">#LucianaNaBand<\/a>. Essa \u00e9 uma grande oportunidade de o PSOL e Luciana Genro enfrentarem os candidatos do sistema sem os seus marqueteiros do lado.<\/p>\n<p>\tO debate ser\u00e1 transmitido ao vivo pela TV Bandeirantes e online em <a href=\"http:\/\/lucianagenro.com.br\/aovivo\/\" target=\"_blank\" rel=\"noopener\">http:\/\/lucianagenro.com.br\/aovivo\/<\/a>.<br \/>\n\t&nbsp;<br \/>\n\tConhe\u00e7a as diretrizes do <a href=\"http:\/\/www.psol50.org.br\/\/Store\/Arquivos\/DIRETRIZES%20PROGRAMA%20DE%20GOVERNO%202014.pdf\">programa de governo<\/a>, apresentado pelo PSOL nessas elei\u00e7\u00f5es.<\/div>\n","protected":false},"excerpt":{"rendered":"<p>Assista e conhe\u00e7a as principais propostas de mudan\u00e7a que Luciana Genro apresentar\u00e1 ao pa\u00eds. O debate ter\u00e1 in\u00edcio \u00e0s 22h e ser\u00e1 transmitido em cadeia nacional pela TV Bandeirantes<\/p>\n","protected":false},"author":2,"featured_media":0,"comment_status":"open","ping_status":"open","sticky":false,"template":"","format":"standard","meta":{"_acf_changed":false,"footnotes":""},"categories":[4766,4960,6],"tags":[2506,22],"class_list":{"0":"post-2939","1":"post","2":"type-post","3":"status-publish","4":"format-standard","6":"category-arquivo","7":"category-eleicoes-2014","8":"category-noticias","9":"tag-eleicoes-2014","10":"tag-psol"},"acf":[],"yoast_head":"<!-- This site is optimized with the Yoast SEO plugin v26.5 - https:\/\/yoast.com\/wordpress\/plugins\/seo\/ -->\n<title>Hoje tem PSOL no debate da Band - PSOL 50<\/title>\n<meta name=\"robots\" content=\"index, follow, max-snippet:-1, max-image-preview:large, max-video-preview:-1\" \/>\n<link rel=\"canonical\" href=\"https:\/\/psol50.org.br\/hoje-tem-psol-no-debate-da-band\/\" \/>\n<meta property=\"og:locale\" content=\"pt_BR\" \/>\n<meta property=\"og:type\" content=\"article\" \/>\n<meta property=\"og:title\" content=\"Hoje tem PSOL no debate da Band - PSOL 50\" \/>\n<meta property=\"og:description\" content=\"Assista e conhe\u00e7a as principais propostas de mudan\u00e7a que Luciana Genro apresentar\u00e1 ao pa\u00eds. O debate ter\u00e1 in\u00edcio \u00e0s 22h e ser\u00e1 transmitido em cadeia nacional pela TV Bandeirantes\" \/>\n<meta property=\"og:url\" content=\"https:\/\/psol50.org.br\/hoje-tem-psol-no-debate-da-band\/\" \/>\n<meta property=\"og:site_name\" content=\"PSOL 50\" \/>\n<meta property=\"article:publisher\" content=\"https:\/\/www.facebook.com\/psol50\" \/>\n<meta property=\"article:published_time\" content=\"2014-08-26T17:14:48+00:00\" \/>\n<meta property=\"og:image\" content=\"https:\/\/psol50.org.br\/inc\/uploads\/2018\/07\/capa.png\" \/>\n\t<meta property=\"og:image:width\" content=\"1350\" \/>\n\t<meta property=\"og:image:height\" content=\"900\" \/>\n\t<meta property=\"og:image:type\" content=\"image\/png\" \/>\n<meta name=\"author\" content=\"Comunica\u00e7\u00e3o PSOL\" \/>\n<meta name=\"twitter:card\" content=\"summary_large_image\" \/>\n<meta name=\"twitter:creator\" content=\"@psol50\" \/>\n<meta name=\"twitter:site\" content=\"@psol50\" \/>\n<meta name=\"twitter:label1\" content=\"Escrito por\" \/>\n\t<meta name=\"twitter:data1\" content=\"Comunica\u00e7\u00e3o PSOL\" \/>\n\t<meta name=\"twitter:label2\" content=\"Est. tempo de leitura\" \/>\n\t<meta name=\"twitter:data2\" content=\"1 minuto\" \/>\n<script type=\"application\/ld+json\" class=\"yoast-schema-graph\">{\"@context\":\"https:\/\/schema.org\",\"@graph\":[{\"@type\":\"Article\",\"@id\":\"https:\/\/psol50.org.br\/hoje-tem-psol-no-debate-da-band\/#article\",\"isPartOf\":{\"@id\":\"https:\/\/psol50.org.br\/hoje-tem-psol-no-debate-da-band\/\"},\"author\":{\"name\":\"Comunica\u00e7\u00e3o PSOL\",\"@id\":\"https:\/\/psol50.org.br\/#\/schema\/person\/475dfa57d0b815993c714c2e96491fcd\"},\"headline\":\"Hoje tem PSOL no debate da Band\",\"datePublished\":\"2014-08-26T17:14:48+00:00\",\"mainEntityOfPage\":{\"@id\":\"https:\/\/psol50.org.br\/hoje-tem-psol-no-debate-da-band\/\"},\"wordCount\":275,\"commentCount\":0,\"publisher\":{\"@id\":\"https:\/\/psol50.org.br\/#organization\"},\"keywords\":[\"elei\u00e7\u00f5es 2014\",\"PSOL\"],\"articleSection\":[\"Arquivo\",\"ELEI\u00c7\u00d5ES 2014\",\"Not\u00edcias\"],\"inLanguage\":\"pt-BR\",\"potentialAction\":[{\"@type\":\"CommentAction\",\"name\":\"Comment\",\"target\":[\"https:\/\/psol50.org.br\/hoje-tem-psol-no-debate-da-band\/#respond\"]}]},{\"@type\":\"WebPage\",\"@id\":\"https:\/\/psol50.org.br\/hoje-tem-psol-no-debate-da-band\/\",\"url\":\"https:\/\/psol50.org.br\/hoje-tem-psol-no-debate-da-band\/\",\"name\":\"Hoje tem PSOL no debate da Band - PSOL 50\",\"isPartOf\":{\"@id\":\"https:\/\/psol50.org.br\/#website\"},\"datePublished\":\"2014-08-26T17:14:48+00:00\",\"breadcrumb\":{\"@id\":\"https:\/\/psol50.org.br\/hoje-tem-psol-no-debate-da-band\/#breadcrumb\"},\"inLanguage\":\"pt-BR\",\"potentialAction\":[{\"@type\":\"ReadAction\",\"target\":[\"https:\/\/psol50.org.br\/hoje-tem-psol-no-debate-da-band\/\"]}]},{\"@type\":\"BreadcrumbList\",\"@id\":\"https:\/\/psol50.org.br\/hoje-tem-psol-no-debate-da-band\/#breadcrumb\",\"itemListElement\":[{\"@type\":\"ListItem\",\"position\":1,\"name\":\"In\u00edcio\",\"item\":\"https:\/\/psol50.org.br\/\"},{\"@type\":\"ListItem\",\"position\":2,\"name\":\"Hoje tem PSOL no debate da Band\"}]},{\"@type\":\"WebSite\",\"@id\":\"https:\/\/psol50.org.br\/#website\",\"url\":\"https:\/\/psol50.org.br\/\",\"name\":\"PSOL 50\",\"description\":\"Site oficial do Partido Socialismo e Liberdade\",\"publisher\":{\"@id\":\"https:\/\/psol50.org.br\/#organization\"},\"alternateName\":\"PSOL50\",\"potentialAction\":[{\"@type\":\"SearchAction\",\"target\":{\"@type\":\"EntryPoint\",\"urlTemplate\":\"https:\/\/psol50.org.br\/?s={search_term_string}\"},\"query-input\":{\"@type\":\"PropertyValueSpecification\",\"valueRequired\":true,\"valueName\":\"search_term_string\"}}],\"inLanguage\":\"pt-BR\"},{\"@type\":\"Organization\",\"@id\":\"https:\/\/psol50.org.br\/#organization\",\"name\":\"PSOL 50\",\"alternateName\":\"PSOL 50\",\"url\":\"https:\/\/psol50.org.br\/\",\"logo\":{\"@type\":\"ImageObject\",\"inLanguage\":\"pt-BR\",\"@id\":\"https:\/\/psol50.org.br\/#\/schema\/logo\/image\/\",\"url\":\"https:\/\/psol50.org.br\/inc\/uploads\/2018\/07\/capa.png\",\"contentUrl\":\"https:\/\/psol50.org.br\/inc\/uploads\/2018\/07\/capa.png\",\"width\":1350,\"height\":900,\"caption\":\"PSOL 50\"},\"image\":{\"@id\":\"https:\/\/psol50.org.br\/#\/schema\/logo\/image\/\"},\"sameAs\":[\"https:\/\/www.facebook.com\/psol50\",\"https:\/\/x.com\/psol50\",\"https:\/\/www.instagram.com\/psol50\/\",\"https:\/\/www.youtube.com\/channel\/UC7SnJS5o1os7a6CaiNabzcg\"]},{\"@type\":\"Person\",\"@id\":\"https:\/\/psol50.org.br\/#\/schema\/person\/475dfa57d0b815993c714c2e96491fcd\",\"name\":\"Comunica\u00e7\u00e3o PSOL\",\"image\":{\"@type\":\"ImageObject\",\"inLanguage\":\"pt-BR\",\"@id\":\"https:\/\/psol50.org.br\/#\/schema\/person\/image\/\",\"url\":\"https:\/\/secure.gravatar.com\/avatar\/b34fc4f4e468a4e51785917065a3db57b841f5c95dba6ad8c73aaf8f66f8f9bf?s=96&d=mm&r=g\",\"contentUrl\":\"https:\/\/secure.gravatar.com\/avatar\/b34fc4f4e468a4e51785917065a3db57b841f5c95dba6ad8c73aaf8f66f8f9bf?s=96&d=mm&r=g\",\"caption\":\"Comunica\u00e7\u00e3o PSOL\"}}]}<\/script>\n<!-- \/ Yoast SEO plugin. -->","yoast_head_json":{"title":"Hoje tem PSOL no debate da Band - PSOL 50","robots":{"index":"index","follow":"follow","max-snippet":"max-snippet:-1","max-image-preview":"max-image-preview:large","max-video-preview":"max-video-preview:-1"},"canonical":"https:\/\/psol50.org.br\/hoje-tem-psol-no-debate-da-band\/","og_locale":"pt_BR","og_type":"article","og_title":"Hoje tem PSOL no debate da Band - PSOL 50","og_description":"Assista e conhe\u00e7a as principais propostas de mudan\u00e7a que Luciana Genro apresentar\u00e1 ao pa\u00eds. O debate ter\u00e1 in\u00edcio \u00e0s 22h e ser\u00e1 transmitido em cadeia nacional pela TV Bandeirantes","og_url":"https:\/\/psol50.org.br\/hoje-tem-psol-no-debate-da-band\/","og_site_name":"PSOL 50","article_publisher":"https:\/\/www.facebook.com\/psol50","article_published_time":"2014-08-26T17:14:48+00:00","og_image":[{"width":1350,"height":900,"url":"https:\/\/psol50.org.br\/inc\/uploads\/2018\/07\/capa.png","type":"image\/png"}],"author":"Comunica\u00e7\u00e3o PSOL","twitter_card":"summary_large_image","twitter_creator":"@psol50","twitter_site":"@psol50","twitter_misc":{"Escrito por":"Comunica\u00e7\u00e3o PSOL","Est. tempo de leitura":"1 minuto"},"schema":{"@context":"https:\/\/schema.org","@graph":[{"@type":"Article","@id":"https:\/\/psol50.org.br\/hoje-tem-psol-no-debate-da-band\/#article","isPartOf":{"@id":"https:\/\/psol50.org.br\/hoje-tem-psol-no-debate-da-band\/"},"author":{"name":"Comunica\u00e7\u00e3o PSOL","@id":"https:\/\/psol50.org.br\/#\/schema\/person\/475dfa57d0b815993c714c2e96491fcd"},"headline":"Hoje tem PSOL no debate da Band","datePublished":"2014-08-26T17:14:48+00:00","mainEntityOfPage":{"@id":"https:\/\/psol50.org.br\/hoje-tem-psol-no-debate-da-band\/"},"wordCount":275,"commentCount":0,"publisher":{"@id":"https:\/\/psol50.org.br\/#organization"},"keywords":["elei\u00e7\u00f5es 2014","PSOL"],"articleSection":["Arquivo","ELEI\u00c7\u00d5ES 2014","Not\u00edcias"],"inLanguage":"pt-BR","potentialAction":[{"@type":"CommentAction","name":"Comment","target":["https:\/\/psol50.org.br\/hoje-tem-psol-no-debate-da-band\/#respond"]}]},{"@type":"WebPage","@id":"https:\/\/psol50.org.br\/hoje-tem-psol-no-debate-da-band\/","url":"https:\/\/psol50.org.br\/hoje-tem-psol-no-debate-da-band\/","name":"Hoje tem PSOL no debate da Band - PSOL 50","isPartOf":{"@id":"https:\/\/psol50.org.br\/#website"},"datePublished":"2014-08-26T17:14:48+00:00","breadcrumb":{"@id":"https:\/\/psol50.org.br\/hoje-tem-psol-no-debate-da-band\/#breadcrumb"},"inLanguage":"pt-BR","potentialAction":[{"@type":"ReadAction","target":["https:\/\/psol50.org.br\/hoje-tem-psol-no-debate-da-band\/"]}]},{"@type":"BreadcrumbList","@id":"https:\/\/psol50.org.br\/hoje-tem-psol-no-debate-da-band\/#breadcrumb","itemListElement":[{"@type":"ListItem","position":1,"name":"In\u00edcio","item":"https:\/\/psol50.org.br\/"},{"@type":"ListItem","position":2,"name":"Hoje tem PSOL no debate da Band"}]},{"@type":"WebSite","@id":"https:\/\/psol50.org.br\/#website","url":"https:\/\/psol50.org.br\/","name":"PSOL 50","description":"Site oficial do Partido Socialismo e Liberdade","publisher":{"@id":"https:\/\/psol50.org.br\/#organization"},"alternateName":"PSOL50","potentialAction":[{"@type":"SearchAction","target":{"@type":"EntryPoint","urlTemplate":"https:\/\/psol50.org.br\/?s={search_term_string}"},"query-input":{"@type":"PropertyValueSpecification","valueRequired":true,"valueName":"search_term_string"}}],"inLanguage":"pt-BR"},{"@type":"Organization","@id":"https:\/\/psol50.org.br\/#organization","name":"PSOL 50","alternateName":"PSOL 50","url":"https:\/\/psol50.org.br\/","logo":{"@type":"ImageObject","inLanguage":"pt-BR","@id":"https:\/\/psol50.org.br\/#\/schema\/logo\/image\/","url":"https:\/\/psol50.org.br\/inc\/uploads\/2018\/07\/capa.png","contentUrl":"https:\/\/psol50.org.br\/inc\/uploads\/2018\/07\/capa.png","width":1350,"height":900,"caption":"PSOL 50"},"image":{"@id":"https:\/\/psol50.org.br\/#\/schema\/logo\/image\/"},"sameAs":["https:\/\/www.facebook.com\/psol50","https:\/\/x.com\/psol50","https:\/\/www.instagram.com\/psol50\/","https:\/\/www.youtube.com\/channel\/UC7SnJS5o1os7a6CaiNabzcg"]},{"@type":"Person","@id":"https:\/\/psol50.org.br\/#\/schema\/person\/475dfa57d0b815993c714c2e96491fcd","name":"Comunica\u00e7\u00e3o PSOL","image":{"@type":"ImageObject","inLanguage":"pt-BR","@id":"https:\/\/psol50.org.br\/#\/schema\/person\/image\/","url":"https:\/\/secure.gravatar.com\/avatar\/b34fc4f4e468a4e51785917065a3db57b841f5c95dba6ad8c73aaf8f66f8f9bf?s=96&d=mm&r=g","contentUrl":"https:\/\/secure.gravatar.com\/avatar\/b34fc4f4e468a4e51785917065a3db57b841f5c95dba6ad8c73aaf8f66f8f9bf?s=96&d=mm&r=g","caption":"Comunica\u00e7\u00e3o PSOL"}}]}},"_links":{"self":[{"href":"https:\/\/psol50.org.br\/rest\/wp\/v2\/posts\/2939","targetHints":{"allow":["GET"]}}],"collection":[{"href":"https:\/\/psol50.org.br\/rest\/wp\/v2\/posts"}],"about":[{"href":"https:\/\/psol50.org.br\/rest\/wp\/v2\/types\/post"}],"author":[{"embeddable":true,"href":"https:\/\/psol50.org.br\/rest\/wp\/v2\/users\/2"}],"replies":[{"embeddable":true,"href":"https:\/\/psol50.org.br\/rest\/wp\/v2\/comments?post=2939"}],"version-history":[{"count":0,"href":"https:\/\/psol50.org.br\/rest\/wp\/v2\/posts\/2939\/revisions"}],"wp:attachment":[{"href":"https:\/\/psol50.org.br\/rest\/wp\/v2\/media?parent=2939"}],"wp:term":[{"taxonomy":"category","embeddable":true,"href":"https:\/\/psol50.org.br\/rest\/wp\/v2\/categories?post=2939"},{"taxonomy":"post_tag","embeddable":true,"href":"https:\/\/psol50.org.br\/rest\/wp\/v2\/tags?post=2939"}],"curies":[{"name":"wp","href":"https:\/\/api.w.org\/{rel}","templated":true}]}}