{"id":29400,"date":"2020-06-04T18:47:09","date_gmt":"2020-06-04T21:47:09","guid":{"rendered":"https:\/\/psol50.org.br\/?p=29400"},"modified":"2020-06-04T18:47:09","modified_gmt":"2020-06-04T21:47:09","slug":"o-racismo-e-internacional-e-luta-contra-ele-tambem-uma-nota-sobre-a-rebeliao-negra-nos-estados-unidos","status":"publish","type":"post","link":"https:\/\/psol50.org.br\/o-racismo-e-internacional-e-luta-contra-ele-tambem-uma-nota-sobre-a-rebeliao-negra-nos-estados-unidos\/","title":{"rendered":"O racismo \u00e9 internacional e luta contra ele tamb\u00e9m | Uma nota sobre a Rebeli\u00e3o Negra nos Estados Unidos"},"content":{"rendered":"<p><a href=\"https:\/\/impeachmentpopular.com.br\/\" target=\"_blank\" rel=\"noopener noreferrer\"><img loading=\"lazy\" decoding=\"async\" class=\"alignnone size-full wp-image-29118\" src=\"https:\/\/psol50.org.br\/inc\/uploads\/2020\/05\/Email_Impeachment.png\" alt=\"\" width=\"1080\" height=\"250\" srcset=\"https:\/\/psol50.org.br\/inc\/uploads\/2020\/05\/Email_Impeachment.png 1080w, https:\/\/psol50.org.br\/inc\/uploads\/2020\/05\/Email_Impeachment-300x69.png 300w, https:\/\/psol50.org.br\/inc\/uploads\/2020\/05\/Email_Impeachment-1024x237.png 1024w, https:\/\/psol50.org.br\/inc\/uploads\/2020\/05\/Email_Impeachment-768x178.png 768w, https:\/\/psol50.org.br\/inc\/uploads\/2020\/05\/Email_Impeachment-150x35.png 150w, https:\/\/psol50.org.br\/inc\/uploads\/2020\/05\/Email_Impeachment-696x161.png 696w, https:\/\/psol50.org.br\/inc\/uploads\/2020\/05\/Email_Impeachment-1068x247.png 1068w\" sizes=\"auto, (max-width: 1080px) 100vw, 1080px\" \/><\/a><\/p>\n<p>Os debates internacionais nunca estiveram t\u00e3o presentes no cotidiano popular. A crise sanit\u00e1ria do COVID-19 soma-se agora as cenas marcantes do George Floyd sendo torturado at\u00e9 morte por um policial norte americano.<\/p>\n<p>Um fato aparentemente comum num pa\u00eds racista como \u00e9 os Estados Unidos, ganhou repercuss\u00e3o e provocou uma onda de protestos. O estrangulamento por 9 minutos, sendo filmado por v\u00e1rios, chocou o mundo. Floyd ecoou ali um \u201cgrito por vida\u201d que virou um \u201cgrito de guerra\u201d na luta contra o genoc\u00eddio do povo negro: \u201cn\u00e3o consigo respirar\u201d. O movimento Black Lives Matter (tradu\u00e7\u00e3o: Vidas negras importam) foram os principais organizadores de uma onda de protesto que espalharam pelo mundo.<\/p>\n<p>O governo da extrema direita de Donald Trump fez seu papel de lacaio do racismo e veem reprimindo duramente as manifesta\u00e7\u00f5es. Numa delas, a pol\u00edcia agrediu e prendeu um jornalista negro da emissora de TV CNN, enquanto com seu com colega jornalista branco nada acontecia. \u00c9 a face do racismo estrutural que ocupa as institui\u00e7\u00f5es e os aparatos repressivos.<\/p>\n<p>Mas o nosso povo negro que significa 13% da popula\u00e7\u00e3o dos EUA n\u00e3o se intimidou. O perfil autorit\u00e1rio o Chefe do Estado da principal pot\u00eancia do planeta, Donald Trump n\u00e3o impediu que ele tivesse que se proteger no Bunker subterr\u00e2neo da Casa Branca contra as mobiliza\u00e7\u00f5es. Um fato in\u00e9dito na hist\u00f3ria norte americana.<\/p>\n<p>As declara\u00e7\u00f5es racistas, o Estado de S\u00edtio (decretado por v\u00e1rios Estados e cidades), a repress\u00e3o policial, o quadro de 40 milh\u00f5es de desempregados, as mais de 100 mil mortes por COVID-19 (que tem sido mais letal nos negros), fazem efervescer o caldo social que alimentam as manifesta\u00e7\u00f5es. \u00c9 resposta dxs negrxs a Trump e seu descaso com o nosso povo.<\/p>\n<p>\u00c9 preciso derrotar o governo Trump e todos aqueles que o seguem, como \u00e9 o caso do Bolsonarismo no Brasil. O caminho est\u00e1 pautando pelas mobiliza\u00e7\u00f5es antirracistas que se espalharam pelo mundo. Respeitaremos os ditames da ci\u00eancia para nos organizar e nos proteger do COVID-19, mas n\u00e3o deixaremos que o pensamento racista e fascista que visa o nosso exterm\u00ednio, siga existindo e relativizando as nossas mortes.<\/p>\n<p>O racismo \u00e9 internacional e luta contra ele tamb\u00e9m. Seja aqui em S\u00e3o Gon\u00e7alo, na denuncia contra o b\u00e1rbaro assassinato do jovem Jo\u00e3o Pedro. Seja na Fran\u00e7a, na viol\u00eancia policial que matou Adama Traor\u00e9 ou no caso de George Floyd, seguiremos resistindo, nos indignando e denunciando. Vidas Negras Importam em todo o canto do planeta!!!<\/p>\n<p><em><strong>Josemar Carvalho \u00e9 negro, morador de S\u00e3o Gon\u00e7alo-RJ, professor de geografia, membro do Diret\u00f3rio Nacional PSOL e Coordenador da Rede Emancipa de Educa\u00e7\u00e3o Popular<\/strong><\/em><\/p>\n","protected":false},"excerpt":{"rendered":"<p>Os debates internacionais nunca estiveram t\u00e3o presentes no cotidiano popular. A crise sanit\u00e1ria do COVID-19 soma-se agora as cenas marcantes do George Floyd sendo torturado at\u00e9 morte por um policial norte americano. Um fato aparentemente comum num pa\u00eds racista como \u00e9 os Estados Unidos, ganhou repercuss\u00e3o e provocou uma onda de protestos. O estrangulamento por [&hellip;]<\/p>\n","protected":false},"author":2,"featured_media":29402,"comment_status":"closed","ping_status":"open","sticky":false,"template":"","format":"standard","meta":{"_acf_changed":false,"footnotes":""},"categories":[3],"tags":[266,801,127,802],"class_list":{"0":"post-29400","1":"post","2":"type-post","3":"status-publish","4":"format-standard","5":"has-post-thumbnail","7":"category-artigos-e-entrevistas","8":"tag-artigo","9":"tag-josemar-carvalho","10":"tag-racismo","11":"tag-vidasnegrasimportam"},"acf":[],"yoast_head":"<!-- This site is optimized with the Yoast SEO plugin v26.5 - https:\/\/yoast.com\/wordpress\/plugins\/seo\/ -->\n<title>O racismo \u00e9 internacional e luta contra ele tamb\u00e9m | Uma nota sobre a Rebeli\u00e3o Negra nos Estados Unidos - PSOL 50<\/title>\n<meta name=\"description\" content=\"Artigo de Josemar Carvalho, morador de S\u00e3o Gon\u00e7alo-RJ, professor, membro do Diret\u00f3rio Nacional PSOL e coordenador da Rede Emancipa de Educa\u00e7\u00e3o Popular.\" \/>\n<meta name=\"robots\" content=\"index, follow, max-snippet:-1, max-image-preview:large, max-video-preview:-1\" \/>\n<link rel=\"canonical\" href=\"https:\/\/psol50.org.br\/o-racismo-e-internacional-e-luta-contra-ele-tambem-uma-nota-sobre-a-rebeliao-negra-nos-estados-unidos\/\" \/>\n<meta property=\"og:locale\" content=\"pt_BR\" \/>\n<meta property=\"og:type\" content=\"article\" \/>\n<meta property=\"og:title\" content=\"O racismo \u00e9 internacional e luta contra ele tamb\u00e9m | Uma nota sobre a Rebeli\u00e3o Negra nos Estados Unidos\" \/>\n<meta property=\"og:description\" content=\"Artigo de Josemar Carvalho, morador de S\u00e3o Gon\u00e7alo-RJ, professor, membro do Diret\u00f3rio Nacional PSOL e coordenador da Rede Emancipa de Educa\u00e7\u00e3o Popular.\" \/>\n<meta property=\"og:url\" content=\"https:\/\/psol50.org.br\/o-racismo-e-internacional-e-luta-contra-ele-tambem-uma-nota-sobre-a-rebeliao-negra-nos-estados-unidos\/\" \/>\n<meta property=\"og:site_name\" content=\"PSOL 50\" \/>\n<meta property=\"article:publisher\" content=\"https:\/\/www.facebook.com\/psol50\" \/>\n<meta property=\"article:published_time\" content=\"2020-06-04T21:47:09+00:00\" \/>\n<meta property=\"og:image\" content=\"https:\/\/psol50.org.br\/inc\/uploads\/2020\/06\/750dcdf0-a186-11ea-95ff-ed83e2264cab.jpg\" \/>\n\t<meta property=\"og:image:width\" content=\"800\" \/>\n\t<meta property=\"og:image:height\" content=\"533\" \/>\n\t<meta property=\"og:image:type\" content=\"image\/jpeg\" \/>\n<meta name=\"author\" content=\"Comunica\u00e7\u00e3o PSOL\" \/>\n<meta name=\"twitter:card\" content=\"summary_large_image\" \/>\n<meta name=\"twitter:title\" content=\"O racismo \u00e9 internacional e luta contra ele tamb\u00e9m | Uma nota sobre a Rebeli\u00e3o Negra nos Estados Unidos\" \/>\n<meta name=\"twitter:description\" content=\"Artigo de Josemar Carvalho, morador de S\u00e3o Gon\u00e7alo-RJ, professor, membro do Diret\u00f3rio Nacional PSOL e coordenador da Rede Emancipa de Educa\u00e7\u00e3o Popular.\" \/>\n<meta name=\"twitter:image\" content=\"https:\/\/psol50.org.br\/inc\/uploads\/2020\/06\/750dcdf0-a186-11ea-95ff-ed83e2264cab.jpg\" \/>\n<meta name=\"twitter:creator\" content=\"@psol50\" \/>\n<meta name=\"twitter:site\" content=\"@psol50\" \/>\n<meta name=\"twitter:label1\" content=\"Escrito por\" \/>\n\t<meta name=\"twitter:data1\" content=\"Comunica\u00e7\u00e3o PSOL\" \/>\n\t<meta name=\"twitter:label2\" content=\"Est. tempo de leitura\" \/>\n\t<meta name=\"twitter:data2\" content=\"2 minutos\" \/>\n<script type=\"application\/ld+json\" class=\"yoast-schema-graph\">{\"@context\":\"https:\/\/schema.org\",\"@graph\":[{\"@type\":\"Article\",\"@id\":\"https:\/\/psol50.org.br\/o-racismo-e-internacional-e-luta-contra-ele-tambem-uma-nota-sobre-a-rebeliao-negra-nos-estados-unidos\/#article\",\"isPartOf\":{\"@id\":\"https:\/\/psol50.org.br\/o-racismo-e-internacional-e-luta-contra-ele-tambem-uma-nota-sobre-a-rebeliao-negra-nos-estados-unidos\/\"},\"author\":{\"name\":\"Comunica\u00e7\u00e3o PSOL\",\"@id\":\"https:\/\/psol50.org.br\/#\/schema\/person\/475dfa57d0b815993c714c2e96491fcd\"},\"headline\":\"O racismo \u00e9 internacional e luta contra ele tamb\u00e9m | Uma nota sobre a Rebeli\u00e3o Negra nos Estados Unidos\",\"datePublished\":\"2020-06-04T21:47:09+00:00\",\"mainEntityOfPage\":{\"@id\":\"https:\/\/psol50.org.br\/o-racismo-e-internacional-e-luta-contra-ele-tambem-uma-nota-sobre-a-rebeliao-negra-nos-estados-unidos\/\"},\"wordCount\":476,\"publisher\":{\"@id\":\"https:\/\/psol50.org.br\/#organization\"},\"image\":{\"@id\":\"https:\/\/psol50.org.br\/o-racismo-e-internacional-e-luta-contra-ele-tambem-uma-nota-sobre-a-rebeliao-negra-nos-estados-unidos\/#primaryimage\"},\"thumbnailUrl\":\"https:\/\/psol50.org.br\/inc\/uploads\/2020\/06\/750dcdf0-a186-11ea-95ff-ed83e2264cab.jpg\",\"keywords\":[\"artigo\",\"Josemar Carvalho\",\"racismo\",\"vidasnegrasimportam\"],\"articleSection\":[\"Artigos\"],\"inLanguage\":\"pt-BR\"},{\"@type\":\"WebPage\",\"@id\":\"https:\/\/psol50.org.br\/o-racismo-e-internacional-e-luta-contra-ele-tambem-uma-nota-sobre-a-rebeliao-negra-nos-estados-unidos\/\",\"url\":\"https:\/\/psol50.org.br\/o-racismo-e-internacional-e-luta-contra-ele-tambem-uma-nota-sobre-a-rebeliao-negra-nos-estados-unidos\/\",\"name\":\"O racismo \u00e9 internacional e luta contra ele tamb\u00e9m | Uma nota sobre a Rebeli\u00e3o Negra nos Estados Unidos - PSOL 50\",\"isPartOf\":{\"@id\":\"https:\/\/psol50.org.br\/#website\"},\"primaryImageOfPage\":{\"@id\":\"https:\/\/psol50.org.br\/o-racismo-e-internacional-e-luta-contra-ele-tambem-uma-nota-sobre-a-rebeliao-negra-nos-estados-unidos\/#primaryimage\"},\"image\":{\"@id\":\"https:\/\/psol50.org.br\/o-racismo-e-internacional-e-luta-contra-ele-tambem-uma-nota-sobre-a-rebeliao-negra-nos-estados-unidos\/#primaryimage\"},\"thumbnailUrl\":\"https:\/\/psol50.org.br\/inc\/uploads\/2020\/06\/750dcdf0-a186-11ea-95ff-ed83e2264cab.jpg\",\"datePublished\":\"2020-06-04T21:47:09+00:00\",\"description\":\"Artigo de Josemar Carvalho, morador de S\u00e3o Gon\u00e7alo-RJ, professor, membro do Diret\u00f3rio Nacional PSOL e coordenador da Rede Emancipa de Educa\u00e7\u00e3o Popular.\",\"breadcrumb\":{\"@id\":\"https:\/\/psol50.org.br\/o-racismo-e-internacional-e-luta-contra-ele-tambem-uma-nota-sobre-a-rebeliao-negra-nos-estados-unidos\/#breadcrumb\"},\"inLanguage\":\"pt-BR\",\"potentialAction\":[{\"@type\":\"ReadAction\",\"target\":[\"https:\/\/psol50.org.br\/o-racismo-e-internacional-e-luta-contra-ele-tambem-uma-nota-sobre-a-rebeliao-negra-nos-estados-unidos\/\"]}]},{\"@type\":\"ImageObject\",\"inLanguage\":\"pt-BR\",\"@id\":\"https:\/\/psol50.org.br\/o-racismo-e-internacional-e-luta-contra-ele-tambem-uma-nota-sobre-a-rebeliao-negra-nos-estados-unidos\/#primaryimage\",\"url\":\"https:\/\/psol50.org.br\/inc\/uploads\/2020\/06\/750dcdf0-a186-11ea-95ff-ed83e2264cab.jpg\",\"contentUrl\":\"https:\/\/psol50.org.br\/inc\/uploads\/2020\/06\/750dcdf0-a186-11ea-95ff-ed83e2264cab.jpg\",\"width\":800,\"height\":533,\"caption\":\"Foto: John Minchillo\"},{\"@type\":\"BreadcrumbList\",\"@id\":\"https:\/\/psol50.org.br\/o-racismo-e-internacional-e-luta-contra-ele-tambem-uma-nota-sobre-a-rebeliao-negra-nos-estados-unidos\/#breadcrumb\",\"itemListElement\":[{\"@type\":\"ListItem\",\"position\":1,\"name\":\"In\u00edcio\",\"item\":\"https:\/\/psol50.org.br\/\"},{\"@type\":\"ListItem\",\"position\":2,\"name\":\"O racismo \u00e9 internacional e luta contra ele tamb\u00e9m | Uma nota sobre a Rebeli\u00e3o Negra nos Estados Unidos\"}]},{\"@type\":\"WebSite\",\"@id\":\"https:\/\/psol50.org.br\/#website\",\"url\":\"https:\/\/psol50.org.br\/\",\"name\":\"PSOL 50\",\"description\":\"Site oficial do Partido Socialismo e Liberdade\",\"publisher\":{\"@id\":\"https:\/\/psol50.org.br\/#organization\"},\"alternateName\":\"PSOL50\",\"potentialAction\":[{\"@type\":\"SearchAction\",\"target\":{\"@type\":\"EntryPoint\",\"urlTemplate\":\"https:\/\/psol50.org.br\/?s={search_term_string}\"},\"query-input\":{\"@type\":\"PropertyValueSpecification\",\"valueRequired\":true,\"valueName\":\"search_term_string\"}}],\"inLanguage\":\"pt-BR\"},{\"@type\":\"Organization\",\"@id\":\"https:\/\/psol50.org.br\/#organization\",\"name\":\"PSOL 50\",\"alternateName\":\"PSOL 50\",\"url\":\"https:\/\/psol50.org.br\/\",\"logo\":{\"@type\":\"ImageObject\",\"inLanguage\":\"pt-BR\",\"@id\":\"https:\/\/psol50.org.br\/#\/schema\/logo\/image\/\",\"url\":\"https:\/\/psol50.org.br\/inc\/uploads\/2018\/07\/capa.png\",\"contentUrl\":\"https:\/\/psol50.org.br\/inc\/uploads\/2018\/07\/capa.png\",\"width\":1350,\"height\":900,\"caption\":\"PSOL 50\"},\"image\":{\"@id\":\"https:\/\/psol50.org.br\/#\/schema\/logo\/image\/\"},\"sameAs\":[\"https:\/\/www.facebook.com\/psol50\",\"https:\/\/x.com\/psol50\",\"https:\/\/www.instagram.com\/psol50\/\",\"https:\/\/www.youtube.com\/channel\/UC7SnJS5o1os7a6CaiNabzcg\"]},{\"@type\":\"Person\",\"@id\":\"https:\/\/psol50.org.br\/#\/schema\/person\/475dfa57d0b815993c714c2e96491fcd\",\"name\":\"Comunica\u00e7\u00e3o PSOL\",\"image\":{\"@type\":\"ImageObject\",\"inLanguage\":\"pt-BR\",\"@id\":\"https:\/\/psol50.org.br\/#\/schema\/person\/image\/\",\"url\":\"https:\/\/secure.gravatar.com\/avatar\/b34fc4f4e468a4e51785917065a3db57b841f5c95dba6ad8c73aaf8f66f8f9bf?s=96&d=mm&r=g\",\"contentUrl\":\"https:\/\/secure.gravatar.com\/avatar\/b34fc4f4e468a4e51785917065a3db57b841f5c95dba6ad8c73aaf8f66f8f9bf?s=96&d=mm&r=g\",\"caption\":\"Comunica\u00e7\u00e3o PSOL\"}}]}<\/script>\n<!-- \/ Yoast SEO plugin. -->","yoast_head_json":{"title":"O racismo \u00e9 internacional e luta contra ele tamb\u00e9m | Uma nota sobre a Rebeli\u00e3o Negra nos Estados Unidos - PSOL 50","description":"Artigo de Josemar Carvalho, morador de S\u00e3o Gon\u00e7alo-RJ, professor, membro do Diret\u00f3rio Nacional PSOL e coordenador da Rede Emancipa de Educa\u00e7\u00e3o Popular.","robots":{"index":"index","follow":"follow","max-snippet":"max-snippet:-1","max-image-preview":"max-image-preview:large","max-video-preview":"max-video-preview:-1"},"canonical":"https:\/\/psol50.org.br\/o-racismo-e-internacional-e-luta-contra-ele-tambem-uma-nota-sobre-a-rebeliao-negra-nos-estados-unidos\/","og_locale":"pt_BR","og_type":"article","og_title":"O racismo \u00e9 internacional e luta contra ele tamb\u00e9m | Uma nota sobre a Rebeli\u00e3o Negra nos Estados Unidos","og_description":"Artigo de Josemar Carvalho, morador de S\u00e3o Gon\u00e7alo-RJ, professor, membro do Diret\u00f3rio Nacional PSOL e coordenador da Rede Emancipa de Educa\u00e7\u00e3o Popular.","og_url":"https:\/\/psol50.org.br\/o-racismo-e-internacional-e-luta-contra-ele-tambem-uma-nota-sobre-a-rebeliao-negra-nos-estados-unidos\/","og_site_name":"PSOL 50","article_publisher":"https:\/\/www.facebook.com\/psol50","article_published_time":"2020-06-04T21:47:09+00:00","og_image":[{"width":800,"height":533,"url":"https:\/\/psol50.org.br\/inc\/uploads\/2020\/06\/750dcdf0-a186-11ea-95ff-ed83e2264cab.jpg","type":"image\/jpeg"}],"author":"Comunica\u00e7\u00e3o PSOL","twitter_card":"summary_large_image","twitter_title":"O racismo \u00e9 internacional e luta contra ele tamb\u00e9m | Uma nota sobre a Rebeli\u00e3o Negra nos Estados Unidos","twitter_description":"Artigo de Josemar Carvalho, morador de S\u00e3o Gon\u00e7alo-RJ, professor, membro do Diret\u00f3rio Nacional PSOL e coordenador da Rede Emancipa de Educa\u00e7\u00e3o Popular.","twitter_image":"https:\/\/psol50.org.br\/inc\/uploads\/2020\/06\/750dcdf0-a186-11ea-95ff-ed83e2264cab.jpg","twitter_creator":"@psol50","twitter_site":"@psol50","twitter_misc":{"Escrito por":"Comunica\u00e7\u00e3o PSOL","Est. tempo de leitura":"2 minutos"},"schema":{"@context":"https:\/\/schema.org","@graph":[{"@type":"Article","@id":"https:\/\/psol50.org.br\/o-racismo-e-internacional-e-luta-contra-ele-tambem-uma-nota-sobre-a-rebeliao-negra-nos-estados-unidos\/#article","isPartOf":{"@id":"https:\/\/psol50.org.br\/o-racismo-e-internacional-e-luta-contra-ele-tambem-uma-nota-sobre-a-rebeliao-negra-nos-estados-unidos\/"},"author":{"name":"Comunica\u00e7\u00e3o PSOL","@id":"https:\/\/psol50.org.br\/#\/schema\/person\/475dfa57d0b815993c714c2e96491fcd"},"headline":"O racismo \u00e9 internacional e luta contra ele tamb\u00e9m | Uma nota sobre a Rebeli\u00e3o Negra nos Estados Unidos","datePublished":"2020-06-04T21:47:09+00:00","mainEntityOfPage":{"@id":"https:\/\/psol50.org.br\/o-racismo-e-internacional-e-luta-contra-ele-tambem-uma-nota-sobre-a-rebeliao-negra-nos-estados-unidos\/"},"wordCount":476,"publisher":{"@id":"https:\/\/psol50.org.br\/#organization"},"image":{"@id":"https:\/\/psol50.org.br\/o-racismo-e-internacional-e-luta-contra-ele-tambem-uma-nota-sobre-a-rebeliao-negra-nos-estados-unidos\/#primaryimage"},"thumbnailUrl":"https:\/\/psol50.org.br\/inc\/uploads\/2020\/06\/750dcdf0-a186-11ea-95ff-ed83e2264cab.jpg","keywords":["artigo","Josemar Carvalho","racismo","vidasnegrasimportam"],"articleSection":["Artigos"],"inLanguage":"pt-BR"},{"@type":"WebPage","@id":"https:\/\/psol50.org.br\/o-racismo-e-internacional-e-luta-contra-ele-tambem-uma-nota-sobre-a-rebeliao-negra-nos-estados-unidos\/","url":"https:\/\/psol50.org.br\/o-racismo-e-internacional-e-luta-contra-ele-tambem-uma-nota-sobre-a-rebeliao-negra-nos-estados-unidos\/","name":"O racismo \u00e9 internacional e luta contra ele tamb\u00e9m | Uma nota sobre a Rebeli\u00e3o Negra nos Estados Unidos - PSOL 50","isPartOf":{"@id":"https:\/\/psol50.org.br\/#website"},"primaryImageOfPage":{"@id":"https:\/\/psol50.org.br\/o-racismo-e-internacional-e-luta-contra-ele-tambem-uma-nota-sobre-a-rebeliao-negra-nos-estados-unidos\/#primaryimage"},"image":{"@id":"https:\/\/psol50.org.br\/o-racismo-e-internacional-e-luta-contra-ele-tambem-uma-nota-sobre-a-rebeliao-negra-nos-estados-unidos\/#primaryimage"},"thumbnailUrl":"https:\/\/psol50.org.br\/inc\/uploads\/2020\/06\/750dcdf0-a186-11ea-95ff-ed83e2264cab.jpg","datePublished":"2020-06-04T21:47:09+00:00","description":"Artigo de Josemar Carvalho, morador de S\u00e3o Gon\u00e7alo-RJ, professor, membro do Diret\u00f3rio Nacional PSOL e coordenador da Rede Emancipa de Educa\u00e7\u00e3o Popular.","breadcrumb":{"@id":"https:\/\/psol50.org.br\/o-racismo-e-internacional-e-luta-contra-ele-tambem-uma-nota-sobre-a-rebeliao-negra-nos-estados-unidos\/#breadcrumb"},"inLanguage":"pt-BR","potentialAction":[{"@type":"ReadAction","target":["https:\/\/psol50.org.br\/o-racismo-e-internacional-e-luta-contra-ele-tambem-uma-nota-sobre-a-rebeliao-negra-nos-estados-unidos\/"]}]},{"@type":"ImageObject","inLanguage":"pt-BR","@id":"https:\/\/psol50.org.br\/o-racismo-e-internacional-e-luta-contra-ele-tambem-uma-nota-sobre-a-rebeliao-negra-nos-estados-unidos\/#primaryimage","url":"https:\/\/psol50.org.br\/inc\/uploads\/2020\/06\/750dcdf0-a186-11ea-95ff-ed83e2264cab.jpg","contentUrl":"https:\/\/psol50.org.br\/inc\/uploads\/2020\/06\/750dcdf0-a186-11ea-95ff-ed83e2264cab.jpg","width":800,"height":533,"caption":"Foto: John Minchillo"},{"@type":"BreadcrumbList","@id":"https:\/\/psol50.org.br\/o-racismo-e-internacional-e-luta-contra-ele-tambem-uma-nota-sobre-a-rebeliao-negra-nos-estados-unidos\/#breadcrumb","itemListElement":[{"@type":"ListItem","position":1,"name":"In\u00edcio","item":"https:\/\/psol50.org.br\/"},{"@type":"ListItem","position":2,"name":"O racismo \u00e9 internacional e luta contra ele tamb\u00e9m | Uma nota sobre a Rebeli\u00e3o Negra nos Estados Unidos"}]},{"@type":"WebSite","@id":"https:\/\/psol50.org.br\/#website","url":"https:\/\/psol50.org.br\/","name":"PSOL 50","description":"Site oficial do Partido Socialismo e Liberdade","publisher":{"@id":"https:\/\/psol50.org.br\/#organization"},"alternateName":"PSOL50","potentialAction":[{"@type":"SearchAction","target":{"@type":"EntryPoint","urlTemplate":"https:\/\/psol50.org.br\/?s={search_term_string}"},"query-input":{"@type":"PropertyValueSpecification","valueRequired":true,"valueName":"search_term_string"}}],"inLanguage":"pt-BR"},{"@type":"Organization","@id":"https:\/\/psol50.org.br\/#organization","name":"PSOL 50","alternateName":"PSOL 50","url":"https:\/\/psol50.org.br\/","logo":{"@type":"ImageObject","inLanguage":"pt-BR","@id":"https:\/\/psol50.org.br\/#\/schema\/logo\/image\/","url":"https:\/\/psol50.org.br\/inc\/uploads\/2018\/07\/capa.png","contentUrl":"https:\/\/psol50.org.br\/inc\/uploads\/2018\/07\/capa.png","width":1350,"height":900,"caption":"PSOL 50"},"image":{"@id":"https:\/\/psol50.org.br\/#\/schema\/logo\/image\/"},"sameAs":["https:\/\/www.facebook.com\/psol50","https:\/\/x.com\/psol50","https:\/\/www.instagram.com\/psol50\/","https:\/\/www.youtube.com\/channel\/UC7SnJS5o1os7a6CaiNabzcg"]},{"@type":"Person","@id":"https:\/\/psol50.org.br\/#\/schema\/person\/475dfa57d0b815993c714c2e96491fcd","name":"Comunica\u00e7\u00e3o PSOL","image":{"@type":"ImageObject","inLanguage":"pt-BR","@id":"https:\/\/psol50.org.br\/#\/schema\/person\/image\/","url":"https:\/\/secure.gravatar.com\/avatar\/b34fc4f4e468a4e51785917065a3db57b841f5c95dba6ad8c73aaf8f66f8f9bf?s=96&d=mm&r=g","contentUrl":"https:\/\/secure.gravatar.com\/avatar\/b34fc4f4e468a4e51785917065a3db57b841f5c95dba6ad8c73aaf8f66f8f9bf?s=96&d=mm&r=g","caption":"Comunica\u00e7\u00e3o PSOL"}}]}},"_links":{"self":[{"href":"https:\/\/psol50.org.br\/rest\/wp\/v2\/posts\/29400","targetHints":{"allow":["GET"]}}],"collection":[{"href":"https:\/\/psol50.org.br\/rest\/wp\/v2\/posts"}],"about":[{"href":"https:\/\/psol50.org.br\/rest\/wp\/v2\/types\/post"}],"author":[{"embeddable":true,"href":"https:\/\/psol50.org.br\/rest\/wp\/v2\/users\/2"}],"replies":[{"embeddable":true,"href":"https:\/\/psol50.org.br\/rest\/wp\/v2\/comments?post=29400"}],"version-history":[{"count":0,"href":"https:\/\/psol50.org.br\/rest\/wp\/v2\/posts\/29400\/revisions"}],"wp:featuredmedia":[{"embeddable":true,"href":"https:\/\/psol50.org.br\/rest\/wp\/v2\/media\/29402"}],"wp:attachment":[{"href":"https:\/\/psol50.org.br\/rest\/wp\/v2\/media?parent=29400"}],"wp:term":[{"taxonomy":"category","embeddable":true,"href":"https:\/\/psol50.org.br\/rest\/wp\/v2\/categories?post=29400"},{"taxonomy":"post_tag","embeddable":true,"href":"https:\/\/psol50.org.br\/rest\/wp\/v2\/tags?post=29400"}],"curies":[{"name":"wp","href":"https:\/\/api.w.org\/{rel}","templated":true}]}}