{"id":29427,"date":"2020-06-05T17:47:48","date_gmt":"2020-06-05T20:47:48","guid":{"rendered":"https:\/\/psol50.org.br\/?p=29427"},"modified":"2020-06-05T17:47:48","modified_gmt":"2020-06-05T20:47:48","slug":"psol-propoe-que-ministerio-da-saude-inclua-cor-e-raca-em-dados-oficiais-da-pandemia","status":"publish","type":"post","link":"https:\/\/psol50.org.br\/psol-propoe-que-ministerio-da-saude-inclua-cor-e-raca-em-dados-oficiais-da-pandemia\/","title":{"rendered":"PSOL prop\u00f5e que Minist\u00e9rio da Sa\u00fade inclua cor e ra\u00e7a em dados oficiais da pandemia"},"content":{"rendered":"<p><a href=\"https:\/\/impeachmentpopular.com.br\/\" target=\"_blank\" rel=\"noopener noreferrer\"><img loading=\"lazy\" decoding=\"async\" class=\"alignnone size-full wp-image-29118\" src=\"https:\/\/psol50.org.br\/inc\/uploads\/2020\/05\/Email_Impeachment.png\" alt=\"\" width=\"1080\" height=\"250\" srcset=\"https:\/\/psol50.org.br\/inc\/uploads\/2020\/05\/Email_Impeachment.png 1080w, https:\/\/psol50.org.br\/inc\/uploads\/2020\/05\/Email_Impeachment-300x69.png 300w, https:\/\/psol50.org.br\/inc\/uploads\/2020\/05\/Email_Impeachment-1024x237.png 1024w, https:\/\/psol50.org.br\/inc\/uploads\/2020\/05\/Email_Impeachment-768x178.png 768w, https:\/\/psol50.org.br\/inc\/uploads\/2020\/05\/Email_Impeachment-150x35.png 150w, https:\/\/psol50.org.br\/inc\/uploads\/2020\/05\/Email_Impeachment-696x161.png 696w, https:\/\/psol50.org.br\/inc\/uploads\/2020\/05\/Email_Impeachment-1068x247.png 1068w\" sizes=\"auto, (max-width: 1080px) 100vw, 1080px\" \/><\/a><\/p>\n<p>A bancada do PSOL apresentou um <strong><a href=\"https:\/\/psol50.org.br\/inc\/uploads\/2020\/06\/PL-Bancada-do-PSOL-dados-sobre-cor-e-ra\u00e7a-autenticado.pdf\" target=\"_blank\" rel=\"noopener noreferrer\">projeto de lei na C\u00e2mara dos Deputados<\/a><\/strong> na sexta-feira (5) para alterar a Lei 13.979, de 6 de fevereiro de 2020, que disp\u00f5e sobre as medidas de enfrentamento ao coronav\u00edrus, e busca incluir os recortes de cor e ra\u00e7a nas informa\u00e7\u00f5es oficiais produzidas sobre pessoas contaminadas ou suspeitas, hospitalizadas e falecidas por Covid-19. A iniciativa visa usar estes dados para incluir ma produ\u00e7\u00e3o de pol\u00edticas p\u00fablicas que levem em considera\u00e7\u00e3o estes recortes.<\/p>\n<p>O documento ressalta que, no \u00faltimo dia 2 de junho, Michele Bachelet, alta-comiss\u00e1ria da ONU para os direitos humanos, citou o Brasil e fez um alerta sobre os impactos desproporcionais do COVID-19 sobre as minorias \u00e9tnicas e raciais.<\/p>\n<p>Al\u00e9m de identificar as desigualdades sociais e econ\u00f4micas como agravantes neste momento, Bachelet foi taxativa sobre a necessidade de recorte racial nos dados sobre a pandemia. Segundo ela \u201ca coleta, desagrega\u00e7\u00e3o e an\u00e1lise de dados por etnia ou ra\u00e7a, al\u00e9m de g\u00eanero, s\u00e3o essenciais para identificar e tratar as desigualdades e a discrimina\u00e7\u00e3o estrutural que contribuem para os fracos resultados de sa\u00fade, inclusive para a COVID-19\u201d.<\/p>\n<p>No texto, os deputados enfatizam que os dados no mundo apontam como a contamina\u00e7\u00e3o e a mortalidade por COVID &#8211; 19 se reproduzem de formas distintas entre negros e brancos, e que tais informa\u00e7\u00f5es necessitam ser observadas criteriosamente no Brasil, pelo Minist\u00e9rio da Sa\u00fade.<\/p>\n<p>&#8220;A estrutura social brasileira \u00e9 marcada pela reprodu\u00e7\u00e3o de desigualdades em diversas dimens\u00f5es, entre elas a dimens\u00e3o de ra\u00e7a, g\u00eanero e localiza\u00e7\u00e3o geogr\u00e1fica. Nesse contexto, a produ\u00e7\u00e3o de dados oficiais que reflitam os marcadores sociais e etnico-raciais s\u00e3o essenciais para que as respostas possam ser formuladas e que sejam capazes de enfrentar o problema em toda a sua complexidade. Logo, se estudos j\u00e1 indicam a necessidade de se pensar formas espec\u00edficas de enfrentar a pandemia entre a popula\u00e7\u00e3o negra, \u00e9 necess\u00e1rio que se amplie a racializa\u00e7\u00e3o dos dados oficiais elaborados pelo poder p\u00fablico&#8221;, diz um dos trechos do documento.<\/p>\n","protected":false},"excerpt":{"rendered":"<p>A bancada do PSOL apresentou um projeto de lei na C\u00e2mara dos Deputados na sexta-feira (5) para alterar a Lei 13.979, de 6 de fevereiro de 2020, que disp\u00f5e sobre as medidas de enfrentamento ao coronav\u00edrus, e busca incluir os recortes de cor e ra\u00e7a nas informa\u00e7\u00f5es oficiais produzidas sobre pessoas contaminadas ou suspeitas, hospitalizadas [&hellip;]<\/p>\n","protected":false},"author":2,"featured_media":29430,"comment_status":"closed","ping_status":"open","sticky":false,"template":"","format":"standard","meta":{"_acf_changed":false,"footnotes":""},"categories":[10,6],"tags":[794,171,371,367,22,366,173],"class_list":{"0":"post-29427","1":"post","2":"type-post","3":"status-publish","4":"format-standard","5":"has-post-thumbnail","7":"category-acao-parlamentares","8":"category-noticias","9":"tag-antirracismo","10":"tag-coronavirus","11":"tag-covid-19","12":"tag-pandemia","13":"tag-psol","14":"tag-psolcontraocoronavirus","15":"tag-saude"},"acf":[],"yoast_head":"<!-- This site is optimized with the Yoast SEO plugin v26.5 - https:\/\/yoast.com\/wordpress\/plugins\/seo\/ -->\n<title>PSOL prop\u00f5e que Minist\u00e9rio da Sa\u00fade inclua cor e ra\u00e7a em dados oficiais da pandemia<\/title>\n<meta name=\"description\" content=\"Projeto busca incluir os recortes de cor e ra\u00e7a nas informa\u00e7\u00f5es oficiais produzidas sobre pessoas contaminadas ou suspeitas, hospitalizadas e falecidas por Covid-19.\" \/>\n<meta name=\"robots\" content=\"index, follow, max-snippet:-1, max-image-preview:large, max-video-preview:-1\" \/>\n<link rel=\"canonical\" href=\"https:\/\/psol50.org.br\/psol-propoe-que-ministerio-da-saude-inclua-cor-e-raca-em-dados-oficiais-da-pandemia\/\" \/>\n<meta property=\"og:locale\" content=\"pt_BR\" \/>\n<meta property=\"og:type\" content=\"article\" \/>\n<meta property=\"og:title\" content=\"PSOL prop\u00f5e que Minist\u00e9rio da Sa\u00fade inclua cor e ra\u00e7a em dados oficiais da pandemia\" \/>\n<meta property=\"og:description\" content=\"Projeto busca incluir os recortes de cor e ra\u00e7a nas informa\u00e7\u00f5es oficiais produzidas sobre pessoas contaminadas ou suspeitas, hospitalizadas e falecidas por Covid-19.\" \/>\n<meta property=\"og:url\" content=\"https:\/\/psol50.org.br\/psol-propoe-que-ministerio-da-saude-inclua-cor-e-raca-em-dados-oficiais-da-pandemia\/\" \/>\n<meta property=\"og:site_name\" content=\"PSOL 50\" \/>\n<meta property=\"article:publisher\" content=\"https:\/\/www.facebook.com\/psol50\" \/>\n<meta property=\"article:published_time\" content=\"2020-06-05T20:47:48+00:00\" \/>\n<meta property=\"og:image\" content=\"https:\/\/psol50.org.br\/inc\/uploads\/2020\/06\/AFS_covid_19.jpg\" \/>\n\t<meta property=\"og:image:width\" content=\"810\" \/>\n\t<meta property=\"og:image:height\" content=\"540\" \/>\n\t<meta property=\"og:image:type\" content=\"image\/jpeg\" \/>\n<meta name=\"author\" content=\"Comunica\u00e7\u00e3o PSOL\" \/>\n<meta name=\"twitter:card\" content=\"summary_large_image\" \/>\n<meta name=\"twitter:title\" content=\"PSOL prop\u00f5e que Minist\u00e9rio da Sa\u00fade inclua cor e ra\u00e7a em dados oficiais da pandemia\" \/>\n<meta name=\"twitter:description\" content=\"Projeto busca incluir os recortes de cor e ra\u00e7a nas informa\u00e7\u00f5es oficiais produzidas sobre pessoas contaminadas ou suspeitas, hospitalizadas e falecidas por Covid-19.\" \/>\n<meta name=\"twitter:image\" content=\"https:\/\/psol50.org.br\/inc\/uploads\/2020\/06\/AFS_covid_19.jpg\" \/>\n<meta name=\"twitter:creator\" content=\"@psol50\" \/>\n<meta name=\"twitter:site\" content=\"@psol50\" \/>\n<meta name=\"twitter:label1\" content=\"Escrito por\" \/>\n\t<meta name=\"twitter:data1\" content=\"Comunica\u00e7\u00e3o PSOL\" \/>\n\t<meta name=\"twitter:label2\" content=\"Est. tempo de leitura\" \/>\n\t<meta name=\"twitter:data2\" content=\"2 minutos\" \/>\n<script type=\"application\/ld+json\" class=\"yoast-schema-graph\">{\"@context\":\"https:\/\/schema.org\",\"@graph\":[{\"@type\":\"Article\",\"@id\":\"https:\/\/psol50.org.br\/psol-propoe-que-ministerio-da-saude-inclua-cor-e-raca-em-dados-oficiais-da-pandemia\/#article\",\"isPartOf\":{\"@id\":\"https:\/\/psol50.org.br\/psol-propoe-que-ministerio-da-saude-inclua-cor-e-raca-em-dados-oficiais-da-pandemia\/\"},\"author\":{\"name\":\"Comunica\u00e7\u00e3o PSOL\",\"@id\":\"https:\/\/psol50.org.br\/#\/schema\/person\/475dfa57d0b815993c714c2e96491fcd\"},\"headline\":\"PSOL prop\u00f5e que Minist\u00e9rio da Sa\u00fade inclua cor e ra\u00e7a em dados oficiais da pandemia\",\"datePublished\":\"2020-06-05T20:47:48+00:00\",\"mainEntityOfPage\":{\"@id\":\"https:\/\/psol50.org.br\/psol-propoe-que-ministerio-da-saude-inclua-cor-e-raca-em-dados-oficiais-da-pandemia\/\"},\"wordCount\":374,\"publisher\":{\"@id\":\"https:\/\/psol50.org.br\/#organization\"},\"image\":{\"@id\":\"https:\/\/psol50.org.br\/psol-propoe-que-ministerio-da-saude-inclua-cor-e-raca-em-dados-oficiais-da-pandemia\/#primaryimage\"},\"thumbnailUrl\":\"https:\/\/psol50.org.br\/inc\/uploads\/2020\/06\/AFS_covid_19.jpg\",\"keywords\":[\"antirracismo\",\"coronav\u00edrus\",\"covid-19\",\"pandemia\",\"PSOL\",\"psolcontraocoronavirus\",\"sa\u00fade\"],\"articleSection\":[\"A\u00e7\u00e3o Parlamentar\",\"Not\u00edcias\"],\"inLanguage\":\"pt-BR\"},{\"@type\":\"WebPage\",\"@id\":\"https:\/\/psol50.org.br\/psol-propoe-que-ministerio-da-saude-inclua-cor-e-raca-em-dados-oficiais-da-pandemia\/\",\"url\":\"https:\/\/psol50.org.br\/psol-propoe-que-ministerio-da-saude-inclua-cor-e-raca-em-dados-oficiais-da-pandemia\/\",\"name\":\"PSOL prop\u00f5e que Minist\u00e9rio da Sa\u00fade inclua cor e ra\u00e7a em dados oficiais da pandemia\",\"isPartOf\":{\"@id\":\"https:\/\/psol50.org.br\/#website\"},\"primaryImageOfPage\":{\"@id\":\"https:\/\/psol50.org.br\/psol-propoe-que-ministerio-da-saude-inclua-cor-e-raca-em-dados-oficiais-da-pandemia\/#primaryimage\"},\"image\":{\"@id\":\"https:\/\/psol50.org.br\/psol-propoe-que-ministerio-da-saude-inclua-cor-e-raca-em-dados-oficiais-da-pandemia\/#primaryimage\"},\"thumbnailUrl\":\"https:\/\/psol50.org.br\/inc\/uploads\/2020\/06\/AFS_covid_19.jpg\",\"datePublished\":\"2020-06-05T20:47:48+00:00\",\"description\":\"Projeto busca incluir os recortes de cor e ra\u00e7a nas informa\u00e7\u00f5es oficiais produzidas sobre pessoas contaminadas ou suspeitas, hospitalizadas e falecidas por Covid-19.\",\"breadcrumb\":{\"@id\":\"https:\/\/psol50.org.br\/psol-propoe-que-ministerio-da-saude-inclua-cor-e-raca-em-dados-oficiais-da-pandemia\/#breadcrumb\"},\"inLanguage\":\"pt-BR\",\"potentialAction\":[{\"@type\":\"ReadAction\",\"target\":[\"https:\/\/psol50.org.br\/psol-propoe-que-ministerio-da-saude-inclua-cor-e-raca-em-dados-oficiais-da-pandemia\/\"]}]},{\"@type\":\"ImageObject\",\"inLanguage\":\"pt-BR\",\"@id\":\"https:\/\/psol50.org.br\/psol-propoe-que-ministerio-da-saude-inclua-cor-e-raca-em-dados-oficiais-da-pandemia\/#primaryimage\",\"url\":\"https:\/\/psol50.org.br\/inc\/uploads\/2020\/06\/AFS_covid_19.jpg\",\"contentUrl\":\"https:\/\/psol50.org.br\/inc\/uploads\/2020\/06\/AFS_covid_19.jpg\",\"width\":810,\"height\":540,\"caption\":\"Foto: Fotos P\u00fablicas\"},{\"@type\":\"BreadcrumbList\",\"@id\":\"https:\/\/psol50.org.br\/psol-propoe-que-ministerio-da-saude-inclua-cor-e-raca-em-dados-oficiais-da-pandemia\/#breadcrumb\",\"itemListElement\":[{\"@type\":\"ListItem\",\"position\":1,\"name\":\"In\u00edcio\",\"item\":\"https:\/\/psol50.org.br\/\"},{\"@type\":\"ListItem\",\"position\":2,\"name\":\"PSOL prop\u00f5e que Minist\u00e9rio da Sa\u00fade inclua cor e ra\u00e7a em dados oficiais da pandemia\"}]},{\"@type\":\"WebSite\",\"@id\":\"https:\/\/psol50.org.br\/#website\",\"url\":\"https:\/\/psol50.org.br\/\",\"name\":\"PSOL 50\",\"description\":\"Site oficial do Partido Socialismo e Liberdade\",\"publisher\":{\"@id\":\"https:\/\/psol50.org.br\/#organization\"},\"alternateName\":\"PSOL50\",\"potentialAction\":[{\"@type\":\"SearchAction\",\"target\":{\"@type\":\"EntryPoint\",\"urlTemplate\":\"https:\/\/psol50.org.br\/?s={search_term_string}\"},\"query-input\":{\"@type\":\"PropertyValueSpecification\",\"valueRequired\":true,\"valueName\":\"search_term_string\"}}],\"inLanguage\":\"pt-BR\"},{\"@type\":\"Organization\",\"@id\":\"https:\/\/psol50.org.br\/#organization\",\"name\":\"PSOL 50\",\"alternateName\":\"PSOL 50\",\"url\":\"https:\/\/psol50.org.br\/\",\"logo\":{\"@type\":\"ImageObject\",\"inLanguage\":\"pt-BR\",\"@id\":\"https:\/\/psol50.org.br\/#\/schema\/logo\/image\/\",\"url\":\"https:\/\/psol50.org.br\/inc\/uploads\/2018\/07\/capa.png\",\"contentUrl\":\"https:\/\/psol50.org.br\/inc\/uploads\/2018\/07\/capa.png\",\"width\":1350,\"height\":900,\"caption\":\"PSOL 50\"},\"image\":{\"@id\":\"https:\/\/psol50.org.br\/#\/schema\/logo\/image\/\"},\"sameAs\":[\"https:\/\/www.facebook.com\/psol50\",\"https:\/\/x.com\/psol50\",\"https:\/\/www.instagram.com\/psol50\/\",\"https:\/\/www.youtube.com\/channel\/UC7SnJS5o1os7a6CaiNabzcg\"]},{\"@type\":\"Person\",\"@id\":\"https:\/\/psol50.org.br\/#\/schema\/person\/475dfa57d0b815993c714c2e96491fcd\",\"name\":\"Comunica\u00e7\u00e3o PSOL\",\"image\":{\"@type\":\"ImageObject\",\"inLanguage\":\"pt-BR\",\"@id\":\"https:\/\/psol50.org.br\/#\/schema\/person\/image\/\",\"url\":\"https:\/\/secure.gravatar.com\/avatar\/b34fc4f4e468a4e51785917065a3db57b841f5c95dba6ad8c73aaf8f66f8f9bf?s=96&d=mm&r=g\",\"contentUrl\":\"https:\/\/secure.gravatar.com\/avatar\/b34fc4f4e468a4e51785917065a3db57b841f5c95dba6ad8c73aaf8f66f8f9bf?s=96&d=mm&r=g\",\"caption\":\"Comunica\u00e7\u00e3o PSOL\"}}]}<\/script>\n<!-- \/ Yoast SEO plugin. -->","yoast_head_json":{"title":"PSOL prop\u00f5e que Minist\u00e9rio da Sa\u00fade inclua cor e ra\u00e7a em dados oficiais da pandemia","description":"Projeto busca incluir os recortes de cor e ra\u00e7a nas informa\u00e7\u00f5es oficiais produzidas sobre pessoas contaminadas ou suspeitas, hospitalizadas e falecidas por Covid-19.","robots":{"index":"index","follow":"follow","max-snippet":"max-snippet:-1","max-image-preview":"max-image-preview:large","max-video-preview":"max-video-preview:-1"},"canonical":"https:\/\/psol50.org.br\/psol-propoe-que-ministerio-da-saude-inclua-cor-e-raca-em-dados-oficiais-da-pandemia\/","og_locale":"pt_BR","og_type":"article","og_title":"PSOL prop\u00f5e que Minist\u00e9rio da Sa\u00fade inclua cor e ra\u00e7a em dados oficiais da pandemia","og_description":"Projeto busca incluir os recortes de cor e ra\u00e7a nas informa\u00e7\u00f5es oficiais produzidas sobre pessoas contaminadas ou suspeitas, hospitalizadas e falecidas por Covid-19.","og_url":"https:\/\/psol50.org.br\/psol-propoe-que-ministerio-da-saude-inclua-cor-e-raca-em-dados-oficiais-da-pandemia\/","og_site_name":"PSOL 50","article_publisher":"https:\/\/www.facebook.com\/psol50","article_published_time":"2020-06-05T20:47:48+00:00","og_image":[{"width":810,"height":540,"url":"https:\/\/psol50.org.br\/inc\/uploads\/2020\/06\/AFS_covid_19.jpg","type":"image\/jpeg"}],"author":"Comunica\u00e7\u00e3o PSOL","twitter_card":"summary_large_image","twitter_title":"PSOL prop\u00f5e que Minist\u00e9rio da Sa\u00fade inclua cor e ra\u00e7a em dados oficiais da pandemia","twitter_description":"Projeto busca incluir os recortes de cor e ra\u00e7a nas informa\u00e7\u00f5es oficiais produzidas sobre pessoas contaminadas ou suspeitas, hospitalizadas e falecidas por Covid-19.","twitter_image":"https:\/\/psol50.org.br\/inc\/uploads\/2020\/06\/AFS_covid_19.jpg","twitter_creator":"@psol50","twitter_site":"@psol50","twitter_misc":{"Escrito por":"Comunica\u00e7\u00e3o PSOL","Est. tempo de leitura":"2 minutos"},"schema":{"@context":"https:\/\/schema.org","@graph":[{"@type":"Article","@id":"https:\/\/psol50.org.br\/psol-propoe-que-ministerio-da-saude-inclua-cor-e-raca-em-dados-oficiais-da-pandemia\/#article","isPartOf":{"@id":"https:\/\/psol50.org.br\/psol-propoe-que-ministerio-da-saude-inclua-cor-e-raca-em-dados-oficiais-da-pandemia\/"},"author":{"name":"Comunica\u00e7\u00e3o PSOL","@id":"https:\/\/psol50.org.br\/#\/schema\/person\/475dfa57d0b815993c714c2e96491fcd"},"headline":"PSOL prop\u00f5e que Minist\u00e9rio da Sa\u00fade inclua cor e ra\u00e7a em dados oficiais da pandemia","datePublished":"2020-06-05T20:47:48+00:00","mainEntityOfPage":{"@id":"https:\/\/psol50.org.br\/psol-propoe-que-ministerio-da-saude-inclua-cor-e-raca-em-dados-oficiais-da-pandemia\/"},"wordCount":374,"publisher":{"@id":"https:\/\/psol50.org.br\/#organization"},"image":{"@id":"https:\/\/psol50.org.br\/psol-propoe-que-ministerio-da-saude-inclua-cor-e-raca-em-dados-oficiais-da-pandemia\/#primaryimage"},"thumbnailUrl":"https:\/\/psol50.org.br\/inc\/uploads\/2020\/06\/AFS_covid_19.jpg","keywords":["antirracismo","coronav\u00edrus","covid-19","pandemia","PSOL","psolcontraocoronavirus","sa\u00fade"],"articleSection":["A\u00e7\u00e3o Parlamentar","Not\u00edcias"],"inLanguage":"pt-BR"},{"@type":"WebPage","@id":"https:\/\/psol50.org.br\/psol-propoe-que-ministerio-da-saude-inclua-cor-e-raca-em-dados-oficiais-da-pandemia\/","url":"https:\/\/psol50.org.br\/psol-propoe-que-ministerio-da-saude-inclua-cor-e-raca-em-dados-oficiais-da-pandemia\/","name":"PSOL prop\u00f5e que Minist\u00e9rio da Sa\u00fade inclua cor e ra\u00e7a em dados oficiais da pandemia","isPartOf":{"@id":"https:\/\/psol50.org.br\/#website"},"primaryImageOfPage":{"@id":"https:\/\/psol50.org.br\/psol-propoe-que-ministerio-da-saude-inclua-cor-e-raca-em-dados-oficiais-da-pandemia\/#primaryimage"},"image":{"@id":"https:\/\/psol50.org.br\/psol-propoe-que-ministerio-da-saude-inclua-cor-e-raca-em-dados-oficiais-da-pandemia\/#primaryimage"},"thumbnailUrl":"https:\/\/psol50.org.br\/inc\/uploads\/2020\/06\/AFS_covid_19.jpg","datePublished":"2020-06-05T20:47:48+00:00","description":"Projeto busca incluir os recortes de cor e ra\u00e7a nas informa\u00e7\u00f5es oficiais produzidas sobre pessoas contaminadas ou suspeitas, hospitalizadas e falecidas por Covid-19.","breadcrumb":{"@id":"https:\/\/psol50.org.br\/psol-propoe-que-ministerio-da-saude-inclua-cor-e-raca-em-dados-oficiais-da-pandemia\/#breadcrumb"},"inLanguage":"pt-BR","potentialAction":[{"@type":"ReadAction","target":["https:\/\/psol50.org.br\/psol-propoe-que-ministerio-da-saude-inclua-cor-e-raca-em-dados-oficiais-da-pandemia\/"]}]},{"@type":"ImageObject","inLanguage":"pt-BR","@id":"https:\/\/psol50.org.br\/psol-propoe-que-ministerio-da-saude-inclua-cor-e-raca-em-dados-oficiais-da-pandemia\/#primaryimage","url":"https:\/\/psol50.org.br\/inc\/uploads\/2020\/06\/AFS_covid_19.jpg","contentUrl":"https:\/\/psol50.org.br\/inc\/uploads\/2020\/06\/AFS_covid_19.jpg","width":810,"height":540,"caption":"Foto: Fotos P\u00fablicas"},{"@type":"BreadcrumbList","@id":"https:\/\/psol50.org.br\/psol-propoe-que-ministerio-da-saude-inclua-cor-e-raca-em-dados-oficiais-da-pandemia\/#breadcrumb","itemListElement":[{"@type":"ListItem","position":1,"name":"In\u00edcio","item":"https:\/\/psol50.org.br\/"},{"@type":"ListItem","position":2,"name":"PSOL prop\u00f5e que Minist\u00e9rio da Sa\u00fade inclua cor e ra\u00e7a em dados oficiais da pandemia"}]},{"@type":"WebSite","@id":"https:\/\/psol50.org.br\/#website","url":"https:\/\/psol50.org.br\/","name":"PSOL 50","description":"Site oficial do Partido Socialismo e Liberdade","publisher":{"@id":"https:\/\/psol50.org.br\/#organization"},"alternateName":"PSOL50","potentialAction":[{"@type":"SearchAction","target":{"@type":"EntryPoint","urlTemplate":"https:\/\/psol50.org.br\/?s={search_term_string}"},"query-input":{"@type":"PropertyValueSpecification","valueRequired":true,"valueName":"search_term_string"}}],"inLanguage":"pt-BR"},{"@type":"Organization","@id":"https:\/\/psol50.org.br\/#organization","name":"PSOL 50","alternateName":"PSOL 50","url":"https:\/\/psol50.org.br\/","logo":{"@type":"ImageObject","inLanguage":"pt-BR","@id":"https:\/\/psol50.org.br\/#\/schema\/logo\/image\/","url":"https:\/\/psol50.org.br\/inc\/uploads\/2018\/07\/capa.png","contentUrl":"https:\/\/psol50.org.br\/inc\/uploads\/2018\/07\/capa.png","width":1350,"height":900,"caption":"PSOL 50"},"image":{"@id":"https:\/\/psol50.org.br\/#\/schema\/logo\/image\/"},"sameAs":["https:\/\/www.facebook.com\/psol50","https:\/\/x.com\/psol50","https:\/\/www.instagram.com\/psol50\/","https:\/\/www.youtube.com\/channel\/UC7SnJS5o1os7a6CaiNabzcg"]},{"@type":"Person","@id":"https:\/\/psol50.org.br\/#\/schema\/person\/475dfa57d0b815993c714c2e96491fcd","name":"Comunica\u00e7\u00e3o PSOL","image":{"@type":"ImageObject","inLanguage":"pt-BR","@id":"https:\/\/psol50.org.br\/#\/schema\/person\/image\/","url":"https:\/\/secure.gravatar.com\/avatar\/b34fc4f4e468a4e51785917065a3db57b841f5c95dba6ad8c73aaf8f66f8f9bf?s=96&d=mm&r=g","contentUrl":"https:\/\/secure.gravatar.com\/avatar\/b34fc4f4e468a4e51785917065a3db57b841f5c95dba6ad8c73aaf8f66f8f9bf?s=96&d=mm&r=g","caption":"Comunica\u00e7\u00e3o PSOL"}}]}},"_links":{"self":[{"href":"https:\/\/psol50.org.br\/rest\/wp\/v2\/posts\/29427","targetHints":{"allow":["GET"]}}],"collection":[{"href":"https:\/\/psol50.org.br\/rest\/wp\/v2\/posts"}],"about":[{"href":"https:\/\/psol50.org.br\/rest\/wp\/v2\/types\/post"}],"author":[{"embeddable":true,"href":"https:\/\/psol50.org.br\/rest\/wp\/v2\/users\/2"}],"replies":[{"embeddable":true,"href":"https:\/\/psol50.org.br\/rest\/wp\/v2\/comments?post=29427"}],"version-history":[{"count":0,"href":"https:\/\/psol50.org.br\/rest\/wp\/v2\/posts\/29427\/revisions"}],"wp:featuredmedia":[{"embeddable":true,"href":"https:\/\/psol50.org.br\/rest\/wp\/v2\/media\/29430"}],"wp:attachment":[{"href":"https:\/\/psol50.org.br\/rest\/wp\/v2\/media?parent=29427"}],"wp:term":[{"taxonomy":"category","embeddable":true,"href":"https:\/\/psol50.org.br\/rest\/wp\/v2\/categories?post=29427"},{"taxonomy":"post_tag","embeddable":true,"href":"https:\/\/psol50.org.br\/rest\/wp\/v2\/tags?post=29427"}],"curies":[{"name":"wp","href":"https:\/\/api.w.org\/{rel}","templated":true}]}}