{"id":2946,"date":"2014-09-01T00:00:00","date_gmt":"2014-09-01T14:21:50","guid":{"rendered":"http:\/\/psol50.org.br\/arquivo\/2014\/09\/01\/procurador-geral-da-republica-considera-procedente-acao-do-psol-que-pede-revisao-da-lei-da-anistia\/"},"modified":"2014-09-01T00:00:00","modified_gmt":"2014-09-01T14:21:50","slug":"procurador-geral-da-republica-considera-procedente-acao-do-psol-que-pede-revisao-da-lei-da-anistia","status":"publish","type":"post","link":"https:\/\/psol50.org.br\/procurador-geral-da-republica-considera-procedente-acao-do-psol-que-pede-revisao-da-lei-da-anistia\/","title":{"rendered":"Procurador Geral da Rep\u00fablica considera procedente a\u00e7\u00e3o do PSOL que pede revis\u00e3o da Lei da Anistia"},"content":{"rendered":"<div style=\"text-align: justify;\">\n\t<em>Do PSOL Nacional, Leonor Costa<\/em><br \/>\n\t&nbsp;<br \/>\n\tO Minist\u00e9rio P\u00fablico Federal, por meio do Procurador Geral da Rep\u00fablica, Rodrigo Janot, em parecer encaminhado na \u00faltima quinta-feira (28) ao Supremo Tribunal Federal (STF), considerou procedente a A\u00e7\u00e3o por Descumprimento de Preceito Fundamental (ADPF) protocolada pelo PSOL, que pede a revis\u00e3o da Lei da Anistia. Na a\u00e7\u00e3o, protocolada no STF no dia 15 de maio, o partido pede que a Lei de Anistia n\u00e3o seja aplicada aos crimes de graves viola\u00e7\u00f5es de direitos humanos, cometidos por agentes p\u00fablicos, militares ou civis.<br \/>\n\t&nbsp;<br \/>\n\tA ADPF 320 explica que em 24 de novembro de 2010 o Brasil foi condenado, por unanimidade, pela Corte Interamericana de Direitos Humanos pela sua atua\u00e7\u00e3o no caso da Guerrilha do Araguaia. Segundo as conclus\u00f5es dessa senten\u00e7a da Corte, \u201cas disposi\u00e7\u00f5es da Lei de Anistia brasileira que impedem a investiga\u00e7\u00e3o e san\u00e7\u00e3o de graves viola\u00e7\u00f5es de direitos humanos s\u00e3o incompat\u00edveis com a Conven\u00e7\u00e3o Americana, carecem de efeitos jur\u00eddicos e n\u00e3o podem seguir representando um obst\u00e1culo para a investiga\u00e7\u00e3o dos fatos do presente caso, nem para a identifica\u00e7\u00e3o e puni\u00e7\u00e3o dos respons\u00e1veis, e tampouco podem ter igual ou semelhante impacto a respeito de outros casos de graves viola\u00e7\u00f5es de direitos humanos consagrados na Conven\u00e7\u00e3o Americana, ocorridos no Brasil\u201d. O Brasil foi condenado, em doze pontos,&nbsp;justamente porque insiste em cumprir a Lei de&nbsp;Anistia para&nbsp;acobertar os crimes e&nbsp;criminosos do regime.&nbsp;<br \/>\n\t&nbsp;<br \/>\n\tCom a ADPF, o PSOL reivindica que o STF&nbsp;declare que a Lei 6.683\/1979 n\u00e3o se aplica aos crimes de graves viola\u00e7\u00f5es a direitos fundamentais, cometidos por agentes p\u00fablicos, contra pessoas que, de modo efetivo ou suposto, praticaram crimes pol\u00edticos.<br \/>\n\t&nbsp;<br \/>\n\tA \u00fanica exce\u00e7\u00e3o apresentada pelo MP, conforme explica o advogado do PSOL, Andr\u00e9 Maimoni, \u00e9 quanto \u00e0 solicita\u00e7\u00e3o de&nbsp;que o Estado brasileiro cumpra todos os pontos previstos na senten\u00e7a da Corte Interamericana de Direitos Humanos, no caso Gomes Lund. Rodrigo Janot considera n\u00e3o haver&nbsp;prova de que o pa\u00eds est\u00e1 em d\u00e9bito em todos os&nbsp;doze pontos da senten\u00e7a internacional, especialmente no que se refere aos crimes continuados.<br \/>\n\t&nbsp;<br \/>\n\t\u201cO parecer,&nbsp;majoritariamente&nbsp;favor\u00e1vel \u00e0s teses e argumentos do PSOL, \u00e9 um passo firme em&nbsp;dire\u00e7\u00e3o \u00e0 extirpa\u00e7\u00e3o de equivocada interpreta\u00e7\u00e3o de que a Lei de Anistia pode servir como mecanismo de prote\u00e7\u00e3o a criminosos, alguns confessos. O PSOL \u00e9 confiante de que, a partir do julgamento da a\u00e7\u00e3o, os agentes p\u00fablicos, civis ou militares, poder\u00e3o responder por crimes como torturas e homic\u00eddios\u201d, avalia o advogado do PSOL.<br \/>\n\t&nbsp;<br \/>\n\tO relator da APF \u00e9 o ministro Luiz Fux.<\/div>\n","protected":false},"excerpt":{"rendered":"<p>Posi\u00e7\u00e3o de Rodrigo Janot sobre a ADPF 320 foi encaminhada ao Supremo<\/p>\n","protected":false},"author":2,"featured_media":0,"comment_status":"open","ping_status":"open","sticky":false,"template":"","format":"standard","meta":{"_acf_changed":false,"footnotes":""},"categories":[4766,6],"tags":[22],"class_list":{"0":"post-2946","1":"post","2":"type-post","3":"status-publish","4":"format-standard","6":"category-arquivo","7":"category-noticias","8":"tag-psol"},"acf":[],"yoast_head":"<!-- This site is optimized with the Yoast SEO plugin v26.5 - https:\/\/yoast.com\/wordpress\/plugins\/seo\/ -->\n<title>Procurador Geral da Rep\u00fablica considera procedente a\u00e7\u00e3o do PSOL que pede revis\u00e3o da Lei da Anistia - PSOL 50<\/title>\n<meta name=\"robots\" content=\"index, follow, max-snippet:-1, max-image-preview:large, max-video-preview:-1\" \/>\n<link rel=\"canonical\" href=\"https:\/\/psol50.org.br\/procurador-geral-da-republica-considera-procedente-acao-do-psol-que-pede-revisao-da-lei-da-anistia\/\" \/>\n<meta property=\"og:locale\" content=\"pt_BR\" \/>\n<meta property=\"og:type\" content=\"article\" \/>\n<meta property=\"og:title\" content=\"Procurador Geral da Rep\u00fablica considera procedente a\u00e7\u00e3o do PSOL que pede revis\u00e3o da Lei da Anistia - PSOL 50\" \/>\n<meta property=\"og:description\" content=\"Posi\u00e7\u00e3o de Rodrigo Janot sobre a ADPF 320 foi encaminhada ao Supremo\" \/>\n<meta property=\"og:url\" content=\"https:\/\/psol50.org.br\/procurador-geral-da-republica-considera-procedente-acao-do-psol-que-pede-revisao-da-lei-da-anistia\/\" \/>\n<meta property=\"og:site_name\" content=\"PSOL 50\" \/>\n<meta property=\"article:publisher\" content=\"https:\/\/www.facebook.com\/psol50\" \/>\n<meta property=\"article:published_time\" content=\"2014-09-01T14:21:50+00:00\" \/>\n<meta property=\"og:image\" content=\"https:\/\/psol50.org.br\/inc\/uploads\/2018\/07\/capa.png\" \/>\n\t<meta property=\"og:image:width\" content=\"1350\" \/>\n\t<meta property=\"og:image:height\" content=\"900\" \/>\n\t<meta property=\"og:image:type\" content=\"image\/png\" \/>\n<meta name=\"author\" content=\"Comunica\u00e7\u00e3o PSOL\" \/>\n<meta name=\"twitter:card\" content=\"summary_large_image\" \/>\n<meta name=\"twitter:creator\" content=\"@psol50\" \/>\n<meta name=\"twitter:site\" content=\"@psol50\" \/>\n<meta name=\"twitter:label1\" content=\"Escrito por\" \/>\n\t<meta name=\"twitter:data1\" content=\"Comunica\u00e7\u00e3o PSOL\" \/>\n\t<meta name=\"twitter:label2\" content=\"Est. tempo de leitura\" \/>\n\t<meta name=\"twitter:data2\" content=\"2 minutos\" \/>\n<script type=\"application\/ld+json\" class=\"yoast-schema-graph\">{\"@context\":\"https:\/\/schema.org\",\"@graph\":[{\"@type\":\"Article\",\"@id\":\"https:\/\/psol50.org.br\/procurador-geral-da-republica-considera-procedente-acao-do-psol-que-pede-revisao-da-lei-da-anistia\/#article\",\"isPartOf\":{\"@id\":\"https:\/\/psol50.org.br\/procurador-geral-da-republica-considera-procedente-acao-do-psol-que-pede-revisao-da-lei-da-anistia\/\"},\"author\":{\"name\":\"Comunica\u00e7\u00e3o PSOL\",\"@id\":\"https:\/\/psol50.org.br\/#\/schema\/person\/475dfa57d0b815993c714c2e96491fcd\"},\"headline\":\"Procurador Geral da Rep\u00fablica considera procedente a\u00e7\u00e3o do PSOL que pede revis\u00e3o da Lei da Anistia\",\"datePublished\":\"2014-09-01T14:21:50+00:00\",\"mainEntityOfPage\":{\"@id\":\"https:\/\/psol50.org.br\/procurador-geral-da-republica-considera-procedente-acao-do-psol-que-pede-revisao-da-lei-da-anistia\/\"},\"wordCount\":487,\"commentCount\":0,\"publisher\":{\"@id\":\"https:\/\/psol50.org.br\/#organization\"},\"keywords\":[\"PSOL\"],\"articleSection\":[\"Arquivo\",\"Not\u00edcias\"],\"inLanguage\":\"pt-BR\",\"potentialAction\":[{\"@type\":\"CommentAction\",\"name\":\"Comment\",\"target\":[\"https:\/\/psol50.org.br\/procurador-geral-da-republica-considera-procedente-acao-do-psol-que-pede-revisao-da-lei-da-anistia\/#respond\"]}]},{\"@type\":\"WebPage\",\"@id\":\"https:\/\/psol50.org.br\/procurador-geral-da-republica-considera-procedente-acao-do-psol-que-pede-revisao-da-lei-da-anistia\/\",\"url\":\"https:\/\/psol50.org.br\/procurador-geral-da-republica-considera-procedente-acao-do-psol-que-pede-revisao-da-lei-da-anistia\/\",\"name\":\"Procurador Geral da Rep\u00fablica considera procedente a\u00e7\u00e3o do PSOL que pede revis\u00e3o da Lei da Anistia - PSOL 50\",\"isPartOf\":{\"@id\":\"https:\/\/psol50.org.br\/#website\"},\"datePublished\":\"2014-09-01T14:21:50+00:00\",\"breadcrumb\":{\"@id\":\"https:\/\/psol50.org.br\/procurador-geral-da-republica-considera-procedente-acao-do-psol-que-pede-revisao-da-lei-da-anistia\/#breadcrumb\"},\"inLanguage\":\"pt-BR\",\"potentialAction\":[{\"@type\":\"ReadAction\",\"target\":[\"https:\/\/psol50.org.br\/procurador-geral-da-republica-considera-procedente-acao-do-psol-que-pede-revisao-da-lei-da-anistia\/\"]}]},{\"@type\":\"BreadcrumbList\",\"@id\":\"https:\/\/psol50.org.br\/procurador-geral-da-republica-considera-procedente-acao-do-psol-que-pede-revisao-da-lei-da-anistia\/#breadcrumb\",\"itemListElement\":[{\"@type\":\"ListItem\",\"position\":1,\"name\":\"In\u00edcio\",\"item\":\"https:\/\/psol50.org.br\/\"},{\"@type\":\"ListItem\",\"position\":2,\"name\":\"Procurador Geral da Rep\u00fablica considera procedente a\u00e7\u00e3o do PSOL que pede revis\u00e3o da Lei da Anistia\"}]},{\"@type\":\"WebSite\",\"@id\":\"https:\/\/psol50.org.br\/#website\",\"url\":\"https:\/\/psol50.org.br\/\",\"name\":\"PSOL 50\",\"description\":\"Site oficial do Partido Socialismo e Liberdade\",\"publisher\":{\"@id\":\"https:\/\/psol50.org.br\/#organization\"},\"alternateName\":\"PSOL50\",\"potentialAction\":[{\"@type\":\"SearchAction\",\"target\":{\"@type\":\"EntryPoint\",\"urlTemplate\":\"https:\/\/psol50.org.br\/?s={search_term_string}\"},\"query-input\":{\"@type\":\"PropertyValueSpecification\",\"valueRequired\":true,\"valueName\":\"search_term_string\"}}],\"inLanguage\":\"pt-BR\"},{\"@type\":\"Organization\",\"@id\":\"https:\/\/psol50.org.br\/#organization\",\"name\":\"PSOL 50\",\"alternateName\":\"PSOL 50\",\"url\":\"https:\/\/psol50.org.br\/\",\"logo\":{\"@type\":\"ImageObject\",\"inLanguage\":\"pt-BR\",\"@id\":\"https:\/\/psol50.org.br\/#\/schema\/logo\/image\/\",\"url\":\"https:\/\/psol50.org.br\/inc\/uploads\/2018\/07\/capa.png\",\"contentUrl\":\"https:\/\/psol50.org.br\/inc\/uploads\/2018\/07\/capa.png\",\"width\":1350,\"height\":900,\"caption\":\"PSOL 50\"},\"image\":{\"@id\":\"https:\/\/psol50.org.br\/#\/schema\/logo\/image\/\"},\"sameAs\":[\"https:\/\/www.facebook.com\/psol50\",\"https:\/\/x.com\/psol50\",\"https:\/\/www.instagram.com\/psol50\/\",\"https:\/\/www.youtube.com\/channel\/UC7SnJS5o1os7a6CaiNabzcg\"]},{\"@type\":\"Person\",\"@id\":\"https:\/\/psol50.org.br\/#\/schema\/person\/475dfa57d0b815993c714c2e96491fcd\",\"name\":\"Comunica\u00e7\u00e3o PSOL\",\"image\":{\"@type\":\"ImageObject\",\"inLanguage\":\"pt-BR\",\"@id\":\"https:\/\/psol50.org.br\/#\/schema\/person\/image\/\",\"url\":\"https:\/\/secure.gravatar.com\/avatar\/b34fc4f4e468a4e51785917065a3db57b841f5c95dba6ad8c73aaf8f66f8f9bf?s=96&d=mm&r=g\",\"contentUrl\":\"https:\/\/secure.gravatar.com\/avatar\/b34fc4f4e468a4e51785917065a3db57b841f5c95dba6ad8c73aaf8f66f8f9bf?s=96&d=mm&r=g\",\"caption\":\"Comunica\u00e7\u00e3o PSOL\"}}]}<\/script>\n<!-- \/ Yoast SEO plugin. -->","yoast_head_json":{"title":"Procurador Geral da Rep\u00fablica considera procedente a\u00e7\u00e3o do PSOL que pede revis\u00e3o da Lei da Anistia - PSOL 50","robots":{"index":"index","follow":"follow","max-snippet":"max-snippet:-1","max-image-preview":"max-image-preview:large","max-video-preview":"max-video-preview:-1"},"canonical":"https:\/\/psol50.org.br\/procurador-geral-da-republica-considera-procedente-acao-do-psol-que-pede-revisao-da-lei-da-anistia\/","og_locale":"pt_BR","og_type":"article","og_title":"Procurador Geral da Rep\u00fablica considera procedente a\u00e7\u00e3o do PSOL que pede revis\u00e3o da Lei da Anistia - PSOL 50","og_description":"Posi\u00e7\u00e3o de Rodrigo Janot sobre a ADPF 320 foi encaminhada ao Supremo","og_url":"https:\/\/psol50.org.br\/procurador-geral-da-republica-considera-procedente-acao-do-psol-que-pede-revisao-da-lei-da-anistia\/","og_site_name":"PSOL 50","article_publisher":"https:\/\/www.facebook.com\/psol50","article_published_time":"2014-09-01T14:21:50+00:00","og_image":[{"width":1350,"height":900,"url":"https:\/\/psol50.org.br\/inc\/uploads\/2018\/07\/capa.png","type":"image\/png"}],"author":"Comunica\u00e7\u00e3o PSOL","twitter_card":"summary_large_image","twitter_creator":"@psol50","twitter_site":"@psol50","twitter_misc":{"Escrito por":"Comunica\u00e7\u00e3o PSOL","Est. tempo de leitura":"2 minutos"},"schema":{"@context":"https:\/\/schema.org","@graph":[{"@type":"Article","@id":"https:\/\/psol50.org.br\/procurador-geral-da-republica-considera-procedente-acao-do-psol-que-pede-revisao-da-lei-da-anistia\/#article","isPartOf":{"@id":"https:\/\/psol50.org.br\/procurador-geral-da-republica-considera-procedente-acao-do-psol-que-pede-revisao-da-lei-da-anistia\/"},"author":{"name":"Comunica\u00e7\u00e3o PSOL","@id":"https:\/\/psol50.org.br\/#\/schema\/person\/475dfa57d0b815993c714c2e96491fcd"},"headline":"Procurador Geral da Rep\u00fablica considera procedente a\u00e7\u00e3o do PSOL que pede revis\u00e3o da Lei da Anistia","datePublished":"2014-09-01T14:21:50+00:00","mainEntityOfPage":{"@id":"https:\/\/psol50.org.br\/procurador-geral-da-republica-considera-procedente-acao-do-psol-que-pede-revisao-da-lei-da-anistia\/"},"wordCount":487,"commentCount":0,"publisher":{"@id":"https:\/\/psol50.org.br\/#organization"},"keywords":["PSOL"],"articleSection":["Arquivo","Not\u00edcias"],"inLanguage":"pt-BR","potentialAction":[{"@type":"CommentAction","name":"Comment","target":["https:\/\/psol50.org.br\/procurador-geral-da-republica-considera-procedente-acao-do-psol-que-pede-revisao-da-lei-da-anistia\/#respond"]}]},{"@type":"WebPage","@id":"https:\/\/psol50.org.br\/procurador-geral-da-republica-considera-procedente-acao-do-psol-que-pede-revisao-da-lei-da-anistia\/","url":"https:\/\/psol50.org.br\/procurador-geral-da-republica-considera-procedente-acao-do-psol-que-pede-revisao-da-lei-da-anistia\/","name":"Procurador Geral da Rep\u00fablica considera procedente a\u00e7\u00e3o do PSOL que pede revis\u00e3o da Lei da Anistia - PSOL 50","isPartOf":{"@id":"https:\/\/psol50.org.br\/#website"},"datePublished":"2014-09-01T14:21:50+00:00","breadcrumb":{"@id":"https:\/\/psol50.org.br\/procurador-geral-da-republica-considera-procedente-acao-do-psol-que-pede-revisao-da-lei-da-anistia\/#breadcrumb"},"inLanguage":"pt-BR","potentialAction":[{"@type":"ReadAction","target":["https:\/\/psol50.org.br\/procurador-geral-da-republica-considera-procedente-acao-do-psol-que-pede-revisao-da-lei-da-anistia\/"]}]},{"@type":"BreadcrumbList","@id":"https:\/\/psol50.org.br\/procurador-geral-da-republica-considera-procedente-acao-do-psol-que-pede-revisao-da-lei-da-anistia\/#breadcrumb","itemListElement":[{"@type":"ListItem","position":1,"name":"In\u00edcio","item":"https:\/\/psol50.org.br\/"},{"@type":"ListItem","position":2,"name":"Procurador Geral da Rep\u00fablica considera procedente a\u00e7\u00e3o do PSOL que pede revis\u00e3o da Lei da Anistia"}]},{"@type":"WebSite","@id":"https:\/\/psol50.org.br\/#website","url":"https:\/\/psol50.org.br\/","name":"PSOL 50","description":"Site oficial do Partido Socialismo e Liberdade","publisher":{"@id":"https:\/\/psol50.org.br\/#organization"},"alternateName":"PSOL50","potentialAction":[{"@type":"SearchAction","target":{"@type":"EntryPoint","urlTemplate":"https:\/\/psol50.org.br\/?s={search_term_string}"},"query-input":{"@type":"PropertyValueSpecification","valueRequired":true,"valueName":"search_term_string"}}],"inLanguage":"pt-BR"},{"@type":"Organization","@id":"https:\/\/psol50.org.br\/#organization","name":"PSOL 50","alternateName":"PSOL 50","url":"https:\/\/psol50.org.br\/","logo":{"@type":"ImageObject","inLanguage":"pt-BR","@id":"https:\/\/psol50.org.br\/#\/schema\/logo\/image\/","url":"https:\/\/psol50.org.br\/inc\/uploads\/2018\/07\/capa.png","contentUrl":"https:\/\/psol50.org.br\/inc\/uploads\/2018\/07\/capa.png","width":1350,"height":900,"caption":"PSOL 50"},"image":{"@id":"https:\/\/psol50.org.br\/#\/schema\/logo\/image\/"},"sameAs":["https:\/\/www.facebook.com\/psol50","https:\/\/x.com\/psol50","https:\/\/www.instagram.com\/psol50\/","https:\/\/www.youtube.com\/channel\/UC7SnJS5o1os7a6CaiNabzcg"]},{"@type":"Person","@id":"https:\/\/psol50.org.br\/#\/schema\/person\/475dfa57d0b815993c714c2e96491fcd","name":"Comunica\u00e7\u00e3o PSOL","image":{"@type":"ImageObject","inLanguage":"pt-BR","@id":"https:\/\/psol50.org.br\/#\/schema\/person\/image\/","url":"https:\/\/secure.gravatar.com\/avatar\/b34fc4f4e468a4e51785917065a3db57b841f5c95dba6ad8c73aaf8f66f8f9bf?s=96&d=mm&r=g","contentUrl":"https:\/\/secure.gravatar.com\/avatar\/b34fc4f4e468a4e51785917065a3db57b841f5c95dba6ad8c73aaf8f66f8f9bf?s=96&d=mm&r=g","caption":"Comunica\u00e7\u00e3o PSOL"}}]}},"_links":{"self":[{"href":"https:\/\/psol50.org.br\/rest\/wp\/v2\/posts\/2946","targetHints":{"allow":["GET"]}}],"collection":[{"href":"https:\/\/psol50.org.br\/rest\/wp\/v2\/posts"}],"about":[{"href":"https:\/\/psol50.org.br\/rest\/wp\/v2\/types\/post"}],"author":[{"embeddable":true,"href":"https:\/\/psol50.org.br\/rest\/wp\/v2\/users\/2"}],"replies":[{"embeddable":true,"href":"https:\/\/psol50.org.br\/rest\/wp\/v2\/comments?post=2946"}],"version-history":[{"count":0,"href":"https:\/\/psol50.org.br\/rest\/wp\/v2\/posts\/2946\/revisions"}],"wp:attachment":[{"href":"https:\/\/psol50.org.br\/rest\/wp\/v2\/media?parent=2946"}],"wp:term":[{"taxonomy":"category","embeddable":true,"href":"https:\/\/psol50.org.br\/rest\/wp\/v2\/categories?post=2946"},{"taxonomy":"post_tag","embeddable":true,"href":"https:\/\/psol50.org.br\/rest\/wp\/v2\/tags?post=2946"}],"curies":[{"name":"wp","href":"https:\/\/api.w.org\/{rel}","templated":true}]}}