{"id":2950,"date":"2014-09-02T00:00:00","date_gmt":"2014-09-02T15:35:22","guid":{"rendered":"http:\/\/psol50.org.br\/arquivo\/2014\/09\/02\/luciana-genro-e-o-destaque-do-debate-do-sbt\/"},"modified":"2014-09-02T00:00:00","modified_gmt":"2014-09-02T15:35:22","slug":"luciana-genro-e-o-destaque-do-debate-do-sbt","status":"publish","type":"post","link":"https:\/\/psol50.org.br\/luciana-genro-e-o-destaque-do-debate-do-sbt\/","title":{"rendered":"Luciana Genro \u00e9 o destaque do debate do SBT"},"content":{"rendered":"<p style=\"text-align: justify;\">\n\t<span style=\"font-family:arial,helvetica,sans-serif;\"><span style=\"font-size: 12px;\">Por <em>Reda\u00e7\u00e3o #Equipe50<\/em><\/p>\n<p>\tNo debate promovido na tarde desta segunda-feira (1\u00ba) pelo SBT, pela r\u00e1dio Jovem Pan, pelo portal UOL e pelo jornal Folha de S. Paulo, a candidata do PSOL \u00e0 Presid\u00eancia da Rep\u00fablica, Luciana Genro, teve a oportunidade de pressionar a presidenci\u00e1vel do PSB, Marina Silva. Num primeiro momento, Luciana questionou a pol\u00edtica econ\u00f4mica defendida por Marina em seu programa de governo, o qual considera \u201ca mesma receita aplicada pelos tucanos\u201d, e lan\u00e7ou: \u201cMarina, tu \u00e9s a segunda via do PSDB?\u201d. A candidata do PSB voltou a dizer que vai manter as conquistas da pol\u00edtica econ\u00f4mica do governo do Fernando Henrique e as conquistas da pol\u00edtica social do ex-presidente Lula. N\u00e3o satisfeita, Luciana retrucou: \u201cN\u00e3o d\u00e1, Marina, tem que se escolher lado, ou se est\u00e1 do lado do capital ou dos trabalhadores, ou do lado dos bancos ou do povo endividado. Na verdade n\u00e3o d\u00e1 para fazer uma nova pol\u00edtica cedendo aos interesses dos banqueiros, propondo autonomia do Banco Central, cedendo aos usineiros, propondo aumento de gasolina, cedendo aos setores mais reacion\u00e1rios da pol\u00edtica\u201d.<\/p>\n<p>\tA candidata do PSOL ainda aproveitou para cobrar Marina sobre o recuo nas quest\u00f5es LGBT. No \u00faltimo s\u00e1bado (30), com a justificativa de que houve erro na impress\u00e3o de seu programa de governo, Marina retirou trechos sobre a aprova\u00e7\u00e3o da lei da identidade de g\u00eanero, da proposta que regulamenta o casamento homossexual e da que criminaliza a homofobia, assim como a distribui\u00e7\u00e3o de material did\u00e1tico sobre a diversidade sexual e as novas formas de fam\u00edlia. \u201cN\u00e3o durou 24 horas, Marina, e quatro tu\u00edtes do Malafaia, teu compromisso de combate \u00e0 homofobia nas escolas. N\u00e3o \u00e9 poss\u00edvel. Os Direitos Humanos e sociais n\u00e3o podem ser restringidos. \u00c9 preciso defender todos os que precisam de mais direitos\u201d, disse Luciana. Marina fugiu da pergunta e se restringiu a dizer que defende as liberalidades individuais e quer combater toda e qualquer forma de discrimina\u00e7\u00e3o a quem quer que seja.<\/p>\n<p>\tAs principais interven\u00e7\u00f5es de Luciana Genro no debate tiveram rela\u00e7\u00e3o com a economia. N\u00e3o poderia ser diferente, uma vez que na semana passada recebemos a not\u00edcia de que o Brasil entrou em recess\u00e3o t\u00e9cnica ap\u00f3s 2 trimestres de PIB negativo. Al\u00e9m dessa quest\u00e3o conjuntural, Luciana sempre defendeu que toda e qualquer mudan\u00e7a no pa\u00eds deve partir de uma reestrutura\u00e7\u00e3o da l\u00f3gica da pol\u00edtica econ\u00f4mica. \u201cA pol\u00edtica econ\u00f4mica \u00e9 o que unifica os tr\u00eas candidatos do sistema: Dilma, A\u00e9cio e Marina. Hoje, 40% do or\u00e7amento do Brasil vai para sustentar as 5 mil fam\u00edlias mais ricas do pa\u00eds. Essa \u00e9 uma pol\u00edtica que s\u00f3 concentra renda e prejudica os mais pobres. A sa\u00fade n\u00e3o recebe sequer 5% do or\u00e7amento do Brasil\u201d, pontuou Luciana respondendo a pergunta que o candidato do PRTB, Levy Fidelix, fez sobre a d\u00edvida p\u00fablica.<\/p>\n<p>\tA presidenci\u00e1vel do PSOL defendeu ainda a auditoria da d\u00edvida para investigar irregularidades e uma reforma tribut\u00e1ria. \u201cOs tr\u00eas irm\u00e3os siameses n\u00e3o querem e n\u00e3o ir\u00e3o \u00e0 raiz dos problemas. S\u00f3 querem seu voto para ganhar a elei\u00e7\u00e3o.<\/p>\n<p>\tO PSOL defende uma revolu\u00e7\u00e3o na estrutura tribut\u00e1ria. Queremos regulamentar o imposto sobre as grandes fortunas para que as fortunas acima de R$ 50 milh\u00f5es paguem uma al\u00edquota de 5% ao ano. Com essa arrecada\u00e7\u00e3o, poder\u00edamos dobrar o or\u00e7amento para educa\u00e7\u00e3o\u201d, pontua a candidata.<\/p>\n<p>\tLogo em sua primeira participa\u00e7\u00e3o no debate, Luciana Genro direcionou uma pergunta ao candidato do PSDB, A\u00e9cio Neves. Ela relembrou que o ex-presidente Fernando Henrique criou o fator previdenci\u00e1rio e desvinculou o reajuste dos aposentados com o sal\u00e1rio m\u00ednimo, o que considera uma maldade. Durante a resposta, ficou claro que se eleito, o tucano manter\u00e1 o fator previdenci\u00e1rio. \u201cEstamos discutindo com o sindicato dos aposentados brasileiros formas de garantir um reajuste mais digno que garanta o poder de compra dessa categoria essencial ao desenvolvimento do pa\u00eds\u201d, disse o candidato.<\/p>\n<p>\tNa r\u00e9plica, Luciana deixou claro porque se difere dos demais candidatos. \u201cA proposta do PSDB s\u00e3o migalhas para os aposentados. Eles n\u00e3o v\u00e3o acabar com o fator previdenci\u00e1rio, e nem desfazer essa desvincula\u00e7\u00e3o entre o reajuste do sal\u00e1rio m\u00ednimo e as aposentadorias. Nem o A\u00e9cio, nem a Dilma, nem a Marina. Porque os tr\u00eas privilegiam os interesses dos bancos, os interesses dos milion\u00e1rios, em detrimento dos interesses da maioria do povo. O PSOL defende o fim do fator previdenci\u00e1rio, e a revincula\u00e7\u00e3o do reajuste dos aposentados com sal\u00e1rio m\u00ednimo. \u00c9 inaceit\u00e1vel que o cidad\u00e3o se aposente ganhando tr\u00eas sal\u00e1rios m\u00ednimos e em poucos anos esteja ganhando apenas um. \u00c9 preciso valorizar aqueles que trabalharam pelo Brasil\u201d, disse Luciana.<\/p>\n<p>\tNas considera\u00e7\u00f5es finais, a candidata do PSOL disse que o povo j\u00e1 n\u00e3o aguenta mais do mesmo. \u201cAs lutas do nosso povo, principalmente da juventude, t\u00eam mostrado que todos querem mais direitos, que n\u00e3o se aceita mais casos como do Amarildo e da Cl\u00e1udia, que n\u00e3o se aceita mais a criminaliza\u00e7\u00e3o da nossa juventude, que n\u00e3o se aceita mais meios direitos para a comunidade LGBT. Por isso eu pe\u00e7o o seu voto e pe\u00e7o que voc\u00ea d\u00ea uma oportunidade para uma esquerda coerente. O PSOL tem os melhores deputados federais no Congresso Nacional, que t\u00eam compromisso com as causas mais importantes do nosso povo e da nossa juventude\u201d, afirmou Luciana, que ainda criticou o chamado \u201cvoto \u00fatil\u201d. \u201cJogar o voto fora \u00e9 votar num candidato que pode ganhar e que vai te decepcionar. Direitos Humanos n\u00e3o se negociam, direitos sociais n\u00e3o se entregam. \u00c9 preciso ter lado, e o lado do PSOL \u00e9 o lado do povo, n\u00f3s estamos juntos com a juventude, com os trabalhadores, com os aposentados, com os servidores p\u00fablicos\u201d, finalizou Luciana Genro.<\/span><\/span><\/p>\n<p style=\"text-align: justify;\">\n\t<span style=\"font-family:arial,helvetica,sans-serif;\"><span style=\"font-size: 12px;\">&nbsp;<\/span><\/span><\/p>\n","protected":false},"excerpt":{"rendered":"<p>Presidenci\u00e1vel do PSOL p\u00f5e Marina na parede ao questionar pol\u00edtica econ\u00f4mica e recuo sobre direitos LGBT<\/p>\n","protected":false},"author":2,"featured_media":0,"comment_status":"open","ping_status":"open","sticky":false,"template":"","format":"standard","meta":{"_acf_changed":false,"footnotes":""},"categories":[4766,4960,6],"tags":[2506],"class_list":{"0":"post-2950","1":"post","2":"type-post","3":"status-publish","4":"format-standard","6":"category-arquivo","7":"category-eleicoes-2014","8":"category-noticias","9":"tag-eleicoes-2014"},"acf":[],"yoast_head":"<!-- This site is optimized with the Yoast SEO plugin v26.5 - https:\/\/yoast.com\/wordpress\/plugins\/seo\/ -->\n<title>Luciana Genro \u00e9 o destaque do debate do SBT - PSOL 50<\/title>\n<meta name=\"robots\" content=\"index, follow, max-snippet:-1, max-image-preview:large, max-video-preview:-1\" \/>\n<link rel=\"canonical\" href=\"https:\/\/psol50.org.br\/luciana-genro-e-o-destaque-do-debate-do-sbt\/\" \/>\n<meta property=\"og:locale\" content=\"pt_BR\" \/>\n<meta property=\"og:type\" content=\"article\" \/>\n<meta property=\"og:title\" content=\"Luciana Genro \u00e9 o destaque do debate do SBT - PSOL 50\" \/>\n<meta property=\"og:description\" content=\"Presidenci\u00e1vel do PSOL p\u00f5e Marina na parede ao questionar pol\u00edtica econ\u00f4mica e recuo sobre direitos LGBT\" \/>\n<meta property=\"og:url\" content=\"https:\/\/psol50.org.br\/luciana-genro-e-o-destaque-do-debate-do-sbt\/\" \/>\n<meta property=\"og:site_name\" content=\"PSOL 50\" \/>\n<meta property=\"article:publisher\" content=\"https:\/\/www.facebook.com\/psol50\" \/>\n<meta property=\"article:published_time\" content=\"2014-09-02T15:35:22+00:00\" \/>\n<meta property=\"og:image\" content=\"https:\/\/psol50.org.br\/inc\/uploads\/2018\/07\/capa.png\" \/>\n\t<meta property=\"og:image:width\" content=\"1350\" \/>\n\t<meta property=\"og:image:height\" content=\"900\" \/>\n\t<meta property=\"og:image:type\" content=\"image\/png\" \/>\n<meta name=\"author\" content=\"Comunica\u00e7\u00e3o PSOL\" \/>\n<meta name=\"twitter:card\" content=\"summary_large_image\" \/>\n<meta name=\"twitter:creator\" content=\"@psol50\" \/>\n<meta name=\"twitter:site\" content=\"@psol50\" \/>\n<meta name=\"twitter:label1\" content=\"Escrito por\" \/>\n\t<meta name=\"twitter:data1\" content=\"Comunica\u00e7\u00e3o PSOL\" \/>\n\t<meta name=\"twitter:label2\" content=\"Est. tempo de leitura\" \/>\n\t<meta name=\"twitter:data2\" content=\"5 minutos\" \/>\n<script type=\"application\/ld+json\" class=\"yoast-schema-graph\">{\"@context\":\"https:\/\/schema.org\",\"@graph\":[{\"@type\":\"Article\",\"@id\":\"https:\/\/psol50.org.br\/luciana-genro-e-o-destaque-do-debate-do-sbt\/#article\",\"isPartOf\":{\"@id\":\"https:\/\/psol50.org.br\/luciana-genro-e-o-destaque-do-debate-do-sbt\/\"},\"author\":{\"name\":\"Comunica\u00e7\u00e3o PSOL\",\"@id\":\"https:\/\/psol50.org.br\/#\/schema\/person\/475dfa57d0b815993c714c2e96491fcd\"},\"headline\":\"Luciana Genro \u00e9 o destaque do debate do SBT\",\"datePublished\":\"2014-09-02T15:35:22+00:00\",\"mainEntityOfPage\":{\"@id\":\"https:\/\/psol50.org.br\/luciana-genro-e-o-destaque-do-debate-do-sbt\/\"},\"wordCount\":1029,\"commentCount\":0,\"publisher\":{\"@id\":\"https:\/\/psol50.org.br\/#organization\"},\"keywords\":[\"elei\u00e7\u00f5es 2014\"],\"articleSection\":[\"Arquivo\",\"ELEI\u00c7\u00d5ES 2014\",\"Not\u00edcias\"],\"inLanguage\":\"pt-BR\",\"potentialAction\":[{\"@type\":\"CommentAction\",\"name\":\"Comment\",\"target\":[\"https:\/\/psol50.org.br\/luciana-genro-e-o-destaque-do-debate-do-sbt\/#respond\"]}]},{\"@type\":\"WebPage\",\"@id\":\"https:\/\/psol50.org.br\/luciana-genro-e-o-destaque-do-debate-do-sbt\/\",\"url\":\"https:\/\/psol50.org.br\/luciana-genro-e-o-destaque-do-debate-do-sbt\/\",\"name\":\"Luciana Genro \u00e9 o destaque do debate do SBT - PSOL 50\",\"isPartOf\":{\"@id\":\"https:\/\/psol50.org.br\/#website\"},\"datePublished\":\"2014-09-02T15:35:22+00:00\",\"breadcrumb\":{\"@id\":\"https:\/\/psol50.org.br\/luciana-genro-e-o-destaque-do-debate-do-sbt\/#breadcrumb\"},\"inLanguage\":\"pt-BR\",\"potentialAction\":[{\"@type\":\"ReadAction\",\"target\":[\"https:\/\/psol50.org.br\/luciana-genro-e-o-destaque-do-debate-do-sbt\/\"]}]},{\"@type\":\"BreadcrumbList\",\"@id\":\"https:\/\/psol50.org.br\/luciana-genro-e-o-destaque-do-debate-do-sbt\/#breadcrumb\",\"itemListElement\":[{\"@type\":\"ListItem\",\"position\":1,\"name\":\"In\u00edcio\",\"item\":\"https:\/\/psol50.org.br\/\"},{\"@type\":\"ListItem\",\"position\":2,\"name\":\"Luciana Genro \u00e9 o destaque do debate do SBT\"}]},{\"@type\":\"WebSite\",\"@id\":\"https:\/\/psol50.org.br\/#website\",\"url\":\"https:\/\/psol50.org.br\/\",\"name\":\"PSOL 50\",\"description\":\"Site oficial do Partido Socialismo e Liberdade\",\"publisher\":{\"@id\":\"https:\/\/psol50.org.br\/#organization\"},\"alternateName\":\"PSOL50\",\"potentialAction\":[{\"@type\":\"SearchAction\",\"target\":{\"@type\":\"EntryPoint\",\"urlTemplate\":\"https:\/\/psol50.org.br\/?s={search_term_string}\"},\"query-input\":{\"@type\":\"PropertyValueSpecification\",\"valueRequired\":true,\"valueName\":\"search_term_string\"}}],\"inLanguage\":\"pt-BR\"},{\"@type\":\"Organization\",\"@id\":\"https:\/\/psol50.org.br\/#organization\",\"name\":\"PSOL 50\",\"alternateName\":\"PSOL 50\",\"url\":\"https:\/\/psol50.org.br\/\",\"logo\":{\"@type\":\"ImageObject\",\"inLanguage\":\"pt-BR\",\"@id\":\"https:\/\/psol50.org.br\/#\/schema\/logo\/image\/\",\"url\":\"https:\/\/psol50.org.br\/inc\/uploads\/2018\/07\/capa.png\",\"contentUrl\":\"https:\/\/psol50.org.br\/inc\/uploads\/2018\/07\/capa.png\",\"width\":1350,\"height\":900,\"caption\":\"PSOL 50\"},\"image\":{\"@id\":\"https:\/\/psol50.org.br\/#\/schema\/logo\/image\/\"},\"sameAs\":[\"https:\/\/www.facebook.com\/psol50\",\"https:\/\/x.com\/psol50\",\"https:\/\/www.instagram.com\/psol50\/\",\"https:\/\/www.youtube.com\/channel\/UC7SnJS5o1os7a6CaiNabzcg\"]},{\"@type\":\"Person\",\"@id\":\"https:\/\/psol50.org.br\/#\/schema\/person\/475dfa57d0b815993c714c2e96491fcd\",\"name\":\"Comunica\u00e7\u00e3o PSOL\",\"image\":{\"@type\":\"ImageObject\",\"inLanguage\":\"pt-BR\",\"@id\":\"https:\/\/psol50.org.br\/#\/schema\/person\/image\/\",\"url\":\"https:\/\/secure.gravatar.com\/avatar\/b34fc4f4e468a4e51785917065a3db57b841f5c95dba6ad8c73aaf8f66f8f9bf?s=96&d=mm&r=g\",\"contentUrl\":\"https:\/\/secure.gravatar.com\/avatar\/b34fc4f4e468a4e51785917065a3db57b841f5c95dba6ad8c73aaf8f66f8f9bf?s=96&d=mm&r=g\",\"caption\":\"Comunica\u00e7\u00e3o PSOL\"}}]}<\/script>\n<!-- \/ Yoast SEO plugin. -->","yoast_head_json":{"title":"Luciana Genro \u00e9 o destaque do debate do SBT - PSOL 50","robots":{"index":"index","follow":"follow","max-snippet":"max-snippet:-1","max-image-preview":"max-image-preview:large","max-video-preview":"max-video-preview:-1"},"canonical":"https:\/\/psol50.org.br\/luciana-genro-e-o-destaque-do-debate-do-sbt\/","og_locale":"pt_BR","og_type":"article","og_title":"Luciana Genro \u00e9 o destaque do debate do SBT - PSOL 50","og_description":"Presidenci\u00e1vel do PSOL p\u00f5e Marina na parede ao questionar pol\u00edtica econ\u00f4mica e recuo sobre direitos LGBT","og_url":"https:\/\/psol50.org.br\/luciana-genro-e-o-destaque-do-debate-do-sbt\/","og_site_name":"PSOL 50","article_publisher":"https:\/\/www.facebook.com\/psol50","article_published_time":"2014-09-02T15:35:22+00:00","og_image":[{"width":1350,"height":900,"url":"https:\/\/psol50.org.br\/inc\/uploads\/2018\/07\/capa.png","type":"image\/png"}],"author":"Comunica\u00e7\u00e3o PSOL","twitter_card":"summary_large_image","twitter_creator":"@psol50","twitter_site":"@psol50","twitter_misc":{"Escrito por":"Comunica\u00e7\u00e3o PSOL","Est. tempo de leitura":"5 minutos"},"schema":{"@context":"https:\/\/schema.org","@graph":[{"@type":"Article","@id":"https:\/\/psol50.org.br\/luciana-genro-e-o-destaque-do-debate-do-sbt\/#article","isPartOf":{"@id":"https:\/\/psol50.org.br\/luciana-genro-e-o-destaque-do-debate-do-sbt\/"},"author":{"name":"Comunica\u00e7\u00e3o PSOL","@id":"https:\/\/psol50.org.br\/#\/schema\/person\/475dfa57d0b815993c714c2e96491fcd"},"headline":"Luciana Genro \u00e9 o destaque do debate do SBT","datePublished":"2014-09-02T15:35:22+00:00","mainEntityOfPage":{"@id":"https:\/\/psol50.org.br\/luciana-genro-e-o-destaque-do-debate-do-sbt\/"},"wordCount":1029,"commentCount":0,"publisher":{"@id":"https:\/\/psol50.org.br\/#organization"},"keywords":["elei\u00e7\u00f5es 2014"],"articleSection":["Arquivo","ELEI\u00c7\u00d5ES 2014","Not\u00edcias"],"inLanguage":"pt-BR","potentialAction":[{"@type":"CommentAction","name":"Comment","target":["https:\/\/psol50.org.br\/luciana-genro-e-o-destaque-do-debate-do-sbt\/#respond"]}]},{"@type":"WebPage","@id":"https:\/\/psol50.org.br\/luciana-genro-e-o-destaque-do-debate-do-sbt\/","url":"https:\/\/psol50.org.br\/luciana-genro-e-o-destaque-do-debate-do-sbt\/","name":"Luciana Genro \u00e9 o destaque do debate do SBT - PSOL 50","isPartOf":{"@id":"https:\/\/psol50.org.br\/#website"},"datePublished":"2014-09-02T15:35:22+00:00","breadcrumb":{"@id":"https:\/\/psol50.org.br\/luciana-genro-e-o-destaque-do-debate-do-sbt\/#breadcrumb"},"inLanguage":"pt-BR","potentialAction":[{"@type":"ReadAction","target":["https:\/\/psol50.org.br\/luciana-genro-e-o-destaque-do-debate-do-sbt\/"]}]},{"@type":"BreadcrumbList","@id":"https:\/\/psol50.org.br\/luciana-genro-e-o-destaque-do-debate-do-sbt\/#breadcrumb","itemListElement":[{"@type":"ListItem","position":1,"name":"In\u00edcio","item":"https:\/\/psol50.org.br\/"},{"@type":"ListItem","position":2,"name":"Luciana Genro \u00e9 o destaque do debate do SBT"}]},{"@type":"WebSite","@id":"https:\/\/psol50.org.br\/#website","url":"https:\/\/psol50.org.br\/","name":"PSOL 50","description":"Site oficial do Partido Socialismo e Liberdade","publisher":{"@id":"https:\/\/psol50.org.br\/#organization"},"alternateName":"PSOL50","potentialAction":[{"@type":"SearchAction","target":{"@type":"EntryPoint","urlTemplate":"https:\/\/psol50.org.br\/?s={search_term_string}"},"query-input":{"@type":"PropertyValueSpecification","valueRequired":true,"valueName":"search_term_string"}}],"inLanguage":"pt-BR"},{"@type":"Organization","@id":"https:\/\/psol50.org.br\/#organization","name":"PSOL 50","alternateName":"PSOL 50","url":"https:\/\/psol50.org.br\/","logo":{"@type":"ImageObject","inLanguage":"pt-BR","@id":"https:\/\/psol50.org.br\/#\/schema\/logo\/image\/","url":"https:\/\/psol50.org.br\/inc\/uploads\/2018\/07\/capa.png","contentUrl":"https:\/\/psol50.org.br\/inc\/uploads\/2018\/07\/capa.png","width":1350,"height":900,"caption":"PSOL 50"},"image":{"@id":"https:\/\/psol50.org.br\/#\/schema\/logo\/image\/"},"sameAs":["https:\/\/www.facebook.com\/psol50","https:\/\/x.com\/psol50","https:\/\/www.instagram.com\/psol50\/","https:\/\/www.youtube.com\/channel\/UC7SnJS5o1os7a6CaiNabzcg"]},{"@type":"Person","@id":"https:\/\/psol50.org.br\/#\/schema\/person\/475dfa57d0b815993c714c2e96491fcd","name":"Comunica\u00e7\u00e3o PSOL","image":{"@type":"ImageObject","inLanguage":"pt-BR","@id":"https:\/\/psol50.org.br\/#\/schema\/person\/image\/","url":"https:\/\/secure.gravatar.com\/avatar\/b34fc4f4e468a4e51785917065a3db57b841f5c95dba6ad8c73aaf8f66f8f9bf?s=96&d=mm&r=g","contentUrl":"https:\/\/secure.gravatar.com\/avatar\/b34fc4f4e468a4e51785917065a3db57b841f5c95dba6ad8c73aaf8f66f8f9bf?s=96&d=mm&r=g","caption":"Comunica\u00e7\u00e3o PSOL"}}]}},"_links":{"self":[{"href":"https:\/\/psol50.org.br\/rest\/wp\/v2\/posts\/2950","targetHints":{"allow":["GET"]}}],"collection":[{"href":"https:\/\/psol50.org.br\/rest\/wp\/v2\/posts"}],"about":[{"href":"https:\/\/psol50.org.br\/rest\/wp\/v2\/types\/post"}],"author":[{"embeddable":true,"href":"https:\/\/psol50.org.br\/rest\/wp\/v2\/users\/2"}],"replies":[{"embeddable":true,"href":"https:\/\/psol50.org.br\/rest\/wp\/v2\/comments?post=2950"}],"version-history":[{"count":0,"href":"https:\/\/psol50.org.br\/rest\/wp\/v2\/posts\/2950\/revisions"}],"wp:attachment":[{"href":"https:\/\/psol50.org.br\/rest\/wp\/v2\/media?parent=2950"}],"wp:term":[{"taxonomy":"category","embeddable":true,"href":"https:\/\/psol50.org.br\/rest\/wp\/v2\/categories?post=2950"},{"taxonomy":"post_tag","embeddable":true,"href":"https:\/\/psol50.org.br\/rest\/wp\/v2\/tags?post=2950"}],"curies":[{"name":"wp","href":"https:\/\/api.w.org\/{rel}","templated":true}]}}