{"id":2956,"date":"2014-09-05T00:00:00","date_gmt":"2014-09-05T14:52:03","guid":{"rendered":"http:\/\/psol50.org.br\/arquivo\/2014\/09\/05\/luciana-genro-apresenta-os-programas-de-governo-do-psol-para-juventude-e-comunicacao\/"},"modified":"2014-09-05T00:00:00","modified_gmt":"2014-09-05T14:52:03","slug":"luciana-genro-apresenta-os-programas-de-governo-do-psol-para-juventude-e-comunicacao","status":"publish","type":"post","link":"https:\/\/psol50.org.br\/luciana-genro-apresenta-os-programas-de-governo-do-psol-para-juventude-e-comunicacao\/","title":{"rendered":"Luciana Genro apresenta os programas de governo do PSOL para juventude e comunica\u00e7\u00e3o"},"content":{"rendered":"<p style=\"text-align: justify;\">\n\t<span style=\"font-family:arial,helvetica,sans-serif;\"><span style=\"font-size: 12px;\">Por <em>Reda\u00e7\u00e3o #Equipe50<\/em><br \/>\n\t&nbsp;<br \/>\n\tNesta quinta-feira (4), a candidatura da presidenci\u00e1vel do PSOL, Luciana Genro, lan\u00e7ou mais dois eixos do seu programa de governo: <a href=\"http:\/\/lucianagenro.com.br\/programa\/contribuicao-da-juventude\/\">juventude<\/a> e <a href=\"http:\/\/lucianagenro.com.br\/programa\/comunicacao\/\">comunica\u00e7\u00e3o<\/a>. Na \u00e1rea da juventude, o documento foi constru\u00eddo com a colabora\u00e7\u00e3o de movimentos estudantis. Ap\u00f3s a atividade \u201cBate Papo das Juventudes com Luciana Genro\u201d, ocorrida em julho passado, em S\u00e3o Paulo, os participantes constru\u00edram uma s\u00edntese das reivindica\u00e7\u00f5es da juventude e entregaram \u00e0 candidata do PSOL como forma de contribui\u00e7\u00e3o. Pela relev\u00e2ncia, as pautas foram incorporadas ao programa de governo pela coordena\u00e7\u00e3o de campanha.<br \/>\n\t&nbsp;<br \/>\n\tSegundo a ONU, existem atualmente 1,8 bilh\u00f5es de pessoas no mundo com idade entre 10 e 24 anos, constituindo a maior popula\u00e7\u00e3o de jovens da hist\u00f3ria. No Brasil, de acordo com o Censo 2010 do IBGE, temos 51,3 milh\u00f5es de jovens, o que corresponde a 26,1% do total da popula\u00e7\u00e3o brasileira. Uma pesquisa da Secretaria Nacional de Juventude mostrou que a maior preocupa\u00e7\u00e3o do jovem hoje \u00e9 com a viol\u00eancia (43%). E n\u00e3o \u00e0 toa, pois podemos afirmar que os homic\u00eddios s\u00e3o atualmente a principal causa de morte de jovens de 15 a 29 anos no Brasil e atingem especialmente os jovens negros do sexo masculino, moradores das periferias e \u00e1reas metropolitanas dos grandes centros urbanos. Para esses, a pol\u00edcia \u00e9 sin\u00f4nimo de medo e inseguran\u00e7a.<br \/>\n\t&nbsp;<br \/>\n\tA juventude e o PSOL acreditam que a solu\u00e7\u00e3o para o problema da viol\u00eancia no Brasil n\u00e3o est\u00e1 em prender mais ou endurecer o sistema penal. Somos o terceiro pa\u00eds no ranking mundial que mais encarcera, ficamos atr\u00e1s apenas da China e dos Estado Unidos. Hoje temos um total de 712 mil presos, s\u00e3o 358 presos para cada 100 mil habitantes. A pol\u00edtica de encarceramento no pa\u00eds \u00e9 insustent\u00e1vel e j\u00e1 se mostrou falida.<br \/>\n\t&nbsp;<br \/>\n\tEntre as propostas na \u00e1rea da seguran\u00e7a p\u00fablica, destacamos a substitui\u00e7\u00e3o da categoria \u2018resist\u00eancia seguida de morte\u2019 por morte decorrente de interven\u00e7\u00e3o policial; amplia\u00e7\u00e3o de a\u00e7\u00f5es contra a redu\u00e7\u00e3o da maioridade penal; desmilitariza\u00e7\u00e3o da pol\u00edcia; garantia do direito \u00e0 organiza\u00e7\u00e3o pol\u00edtica dos trabalhadores da Seguran\u00e7a P\u00fablica; e o fim da militariza\u00e7\u00e3o das cidades, com a extin\u00e7\u00e3o das UPPs.<br \/>\n\t&nbsp;<br \/>\n\tAl\u00e9m de propostas para a seguran\u00e7a p\u00fablica, a contribui\u00e7\u00e3o elaborada pela juventude tem outros seis eixos: educa\u00e7\u00e3o, trabalho, direito \u00e0 cidade, democratiza\u00e7\u00e3o da comunica\u00e7\u00e3o, informa\u00e7\u00e3o e cultura, direitos democr\u00e1ticos e reforma pol\u00edtica.<\/p>\n<p>\t<strong>Comunica\u00e7\u00e3o<\/strong><br \/>\n\tNa \u00e1rea da comunica\u00e7\u00e3o, o programa reafirma a import\u00e2ncia de se estabelecer um sistema efetivamente p\u00fablico que tenha como princ\u00edpio a liberdade de express\u00e3o real e a defesa dos direitos humanos. Tamb\u00e9m deixa claro ser fundamental o equil\u00edbrio entre os sistemas p\u00fablico, estatal e privado na produ\u00e7\u00e3o da comunica\u00e7\u00e3o do pa\u00eds.<br \/>\n\t&nbsp;<br \/>\n\t\u201cA \u2018era da informa\u00e7\u00e3o\u2019, cantada e decantada como nova etapa do desenvolvimento das for\u00e7as produtivas mundiais, no Brasil chegou para poucos. O imenso abismo que segue separando ricos e pobres em nosso pa\u00eds \u00e9 sustentando por um sistema de comunica\u00e7\u00f5es quase que exclusivamente privado e agravado pela a\u00e7\u00e3o de grupos empresariais que conformam verdadeiros monop\u00f3lios e oligop\u00f3lios controladores de Tvs, r\u00e1dios, m\u00eddia impressa e Internet\u201d, diz um trecho do documento.<br \/>\n\t&nbsp;<br \/>\n\tDentre as propostas de governo, vale ressaltar: cancelamento das licen\u00e7as de r\u00e1dio e TV de senadores e deputados; fortalecimento das emissoras comunit\u00e1rias; universaliza\u00e7\u00e3o do acesso \u00e0 internet e estabelecimento de metas de qualidade; regula\u00e7\u00e3o da propriedade cruzada e vertical dos meios para impedir o monop\u00f3lio das comunica\u00e7\u00f5es; garantia de cotas de produ\u00e7\u00e3o nacional, regional e independente na TV e no r\u00e1dio.<br \/>\n\t&nbsp;<br \/>\n\tAl\u00e9m disso, defende a elabora\u00e7\u00e3o de uma regulamenta\u00e7\u00e3o do Marco Civil da Internet de maneira a garantir a neutralidade da rede e proteger a privacidade dos usu\u00e1rios da rede. \u201cPara que a Internet possa ser usada de forma a aumentar a pluralidade na comunica\u00e7\u00e3o e n\u00e3o como mecanismo de controle social, \u00e9 necess\u00e1rio que seus usu\u00e1rios sejam protegidos contra pol\u00edticas de vigil\u00e2ncia como as denunciadas pelo ex-agente da NSA, Edward Snowden. Os provedores de Internet n\u00e3o devem guardar registros de acesso em massa (sem ordem judicial) e tal pr\u00e1tica deve ser criminalizada.\u201d<br \/>\n\t&nbsp;<br \/>\n\tO programa de governo para a comunica\u00e7\u00e3o foi constru\u00eddo conjuntamente, com apoio do Coletivo Intervozes, grupo que discute a comunica\u00e7\u00e3o social no Brasil, do F\u00f3rum Nacional de Democratiza\u00e7\u00e3o da Comunica\u00e7\u00e3o e do Setorial de Comunica\u00e7\u00e3o do PSOL.<br \/>\n\t&nbsp;<br \/>\n\tPara saber mais sobre os eixos do programa de governo da campanha da Luciana Genro divulgados at\u00e9 agora, clique aqui: <a href=\"http:\/\/lucianagenro.com.br\/programa\/\">http:\/\/lucianagenro.com.br\/programa\/<\/a>.<br \/>\n\t&nbsp;<br \/>\n\tGradativamente, at\u00e9 o dia 12 de setembro, ser\u00e3o divulgadas propostas concretas para as mais diversas \u00e1reas, longe das gen\u00e9ricas e j\u00e1 conhecidas elabora\u00e7\u00f5es dos candidatos do sistema.<br \/>\n\t&nbsp;<\/span><\/span><\/p>\n","protected":false},"excerpt":{"rendered":"<p>Por Reda\u00e7\u00e3o #Equipe50 &nbsp; Nesta quinta-feira (4), a candidatura da presidenci\u00e1vel do PSOL, Luciana Genro, lan\u00e7ou mais dois eixos do seu programa de governo: juventude e comunica\u00e7\u00e3o. Na \u00e1rea da juventude, o documento foi constru\u00eddo com a colabora\u00e7\u00e3o de movimentos estudantis. Ap\u00f3s a atividade \u201cBate Papo das Juventudes com Luciana Genro\u201d, ocorrida em julho passado, [&hellip;]<\/p>\n","protected":false},"author":2,"featured_media":0,"comment_status":"open","ping_status":"open","sticky":false,"template":"","format":"standard","meta":{"_acf_changed":false,"footnotes":""},"categories":[4766,4960,6],"tags":[2506,22],"class_list":{"0":"post-2956","1":"post","2":"type-post","3":"status-publish","4":"format-standard","6":"category-arquivo","7":"category-eleicoes-2014","8":"category-noticias","9":"tag-eleicoes-2014","10":"tag-psol"},"acf":[],"yoast_head":"<!-- This site is optimized with the Yoast SEO plugin v26.5 - https:\/\/yoast.com\/wordpress\/plugins\/seo\/ -->\n<title>Luciana Genro apresenta os programas de governo do PSOL para juventude e comunica\u00e7\u00e3o - PSOL 50<\/title>\n<meta name=\"robots\" content=\"index, follow, max-snippet:-1, max-image-preview:large, max-video-preview:-1\" \/>\n<link rel=\"canonical\" href=\"https:\/\/psol50.org.br\/luciana-genro-apresenta-os-programas-de-governo-do-psol-para-juventude-e-comunicacao\/\" \/>\n<meta property=\"og:locale\" content=\"pt_BR\" \/>\n<meta property=\"og:type\" content=\"article\" \/>\n<meta property=\"og:title\" content=\"Luciana Genro apresenta os programas de governo do PSOL para juventude e comunica\u00e7\u00e3o - PSOL 50\" \/>\n<meta property=\"og:description\" content=\"Por Reda\u00e7\u00e3o #Equipe50 &nbsp; Nesta quinta-feira (4), a candidatura da presidenci\u00e1vel do PSOL, Luciana Genro, lan\u00e7ou mais dois eixos do seu programa de governo: juventude e comunica\u00e7\u00e3o. Na \u00e1rea da juventude, o documento foi constru\u00eddo com a colabora\u00e7\u00e3o de movimentos estudantis. Ap\u00f3s a atividade \u201cBate Papo das Juventudes com Luciana Genro\u201d, ocorrida em julho passado, [&hellip;]\" \/>\n<meta property=\"og:url\" content=\"https:\/\/psol50.org.br\/luciana-genro-apresenta-os-programas-de-governo-do-psol-para-juventude-e-comunicacao\/\" \/>\n<meta property=\"og:site_name\" content=\"PSOL 50\" \/>\n<meta property=\"article:publisher\" content=\"https:\/\/www.facebook.com\/psol50\" \/>\n<meta property=\"article:published_time\" content=\"2014-09-05T14:52:03+00:00\" \/>\n<meta property=\"og:image\" content=\"https:\/\/psol50.org.br\/inc\/uploads\/2018\/07\/capa.png\" \/>\n\t<meta property=\"og:image:width\" content=\"1350\" \/>\n\t<meta property=\"og:image:height\" content=\"900\" \/>\n\t<meta property=\"og:image:type\" content=\"image\/png\" \/>\n<meta name=\"author\" content=\"Comunica\u00e7\u00e3o PSOL\" \/>\n<meta name=\"twitter:card\" content=\"summary_large_image\" \/>\n<meta name=\"twitter:creator\" content=\"@psol50\" \/>\n<meta name=\"twitter:site\" content=\"@psol50\" \/>\n<meta name=\"twitter:label1\" content=\"Escrito por\" \/>\n\t<meta name=\"twitter:data1\" content=\"Comunica\u00e7\u00e3o PSOL\" \/>\n\t<meta name=\"twitter:label2\" content=\"Est. tempo de leitura\" \/>\n\t<meta name=\"twitter:data2\" content=\"4 minutos\" \/>\n<script type=\"application\/ld+json\" class=\"yoast-schema-graph\">{\"@context\":\"https:\/\/schema.org\",\"@graph\":[{\"@type\":\"Article\",\"@id\":\"https:\/\/psol50.org.br\/luciana-genro-apresenta-os-programas-de-governo-do-psol-para-juventude-e-comunicacao\/#article\",\"isPartOf\":{\"@id\":\"https:\/\/psol50.org.br\/luciana-genro-apresenta-os-programas-de-governo-do-psol-para-juventude-e-comunicacao\/\"},\"author\":{\"name\":\"Comunica\u00e7\u00e3o PSOL\",\"@id\":\"https:\/\/psol50.org.br\/#\/schema\/person\/475dfa57d0b815993c714c2e96491fcd\"},\"headline\":\"Luciana Genro apresenta os programas de governo do PSOL para juventude e comunica\u00e7\u00e3o\",\"datePublished\":\"2014-09-05T14:52:03+00:00\",\"mainEntityOfPage\":{\"@id\":\"https:\/\/psol50.org.br\/luciana-genro-apresenta-os-programas-de-governo-do-psol-para-juventude-e-comunicacao\/\"},\"wordCount\":860,\"commentCount\":0,\"publisher\":{\"@id\":\"https:\/\/psol50.org.br\/#organization\"},\"keywords\":[\"elei\u00e7\u00f5es 2014\",\"PSOL\"],\"articleSection\":[\"Arquivo\",\"ELEI\u00c7\u00d5ES 2014\",\"Not\u00edcias\"],\"inLanguage\":\"pt-BR\",\"potentialAction\":[{\"@type\":\"CommentAction\",\"name\":\"Comment\",\"target\":[\"https:\/\/psol50.org.br\/luciana-genro-apresenta-os-programas-de-governo-do-psol-para-juventude-e-comunicacao\/#respond\"]}]},{\"@type\":\"WebPage\",\"@id\":\"https:\/\/psol50.org.br\/luciana-genro-apresenta-os-programas-de-governo-do-psol-para-juventude-e-comunicacao\/\",\"url\":\"https:\/\/psol50.org.br\/luciana-genro-apresenta-os-programas-de-governo-do-psol-para-juventude-e-comunicacao\/\",\"name\":\"Luciana Genro apresenta os programas de governo do PSOL para juventude e comunica\u00e7\u00e3o - PSOL 50\",\"isPartOf\":{\"@id\":\"https:\/\/psol50.org.br\/#website\"},\"datePublished\":\"2014-09-05T14:52:03+00:00\",\"breadcrumb\":{\"@id\":\"https:\/\/psol50.org.br\/luciana-genro-apresenta-os-programas-de-governo-do-psol-para-juventude-e-comunicacao\/#breadcrumb\"},\"inLanguage\":\"pt-BR\",\"potentialAction\":[{\"@type\":\"ReadAction\",\"target\":[\"https:\/\/psol50.org.br\/luciana-genro-apresenta-os-programas-de-governo-do-psol-para-juventude-e-comunicacao\/\"]}]},{\"@type\":\"BreadcrumbList\",\"@id\":\"https:\/\/psol50.org.br\/luciana-genro-apresenta-os-programas-de-governo-do-psol-para-juventude-e-comunicacao\/#breadcrumb\",\"itemListElement\":[{\"@type\":\"ListItem\",\"position\":1,\"name\":\"In\u00edcio\",\"item\":\"https:\/\/psol50.org.br\/\"},{\"@type\":\"ListItem\",\"position\":2,\"name\":\"Luciana Genro apresenta os programas de governo do PSOL para juventude e comunica\u00e7\u00e3o\"}]},{\"@type\":\"WebSite\",\"@id\":\"https:\/\/psol50.org.br\/#website\",\"url\":\"https:\/\/psol50.org.br\/\",\"name\":\"PSOL 50\",\"description\":\"Site oficial do Partido Socialismo e Liberdade\",\"publisher\":{\"@id\":\"https:\/\/psol50.org.br\/#organization\"},\"alternateName\":\"PSOL50\",\"potentialAction\":[{\"@type\":\"SearchAction\",\"target\":{\"@type\":\"EntryPoint\",\"urlTemplate\":\"https:\/\/psol50.org.br\/?s={search_term_string}\"},\"query-input\":{\"@type\":\"PropertyValueSpecification\",\"valueRequired\":true,\"valueName\":\"search_term_string\"}}],\"inLanguage\":\"pt-BR\"},{\"@type\":\"Organization\",\"@id\":\"https:\/\/psol50.org.br\/#organization\",\"name\":\"PSOL 50\",\"alternateName\":\"PSOL 50\",\"url\":\"https:\/\/psol50.org.br\/\",\"logo\":{\"@type\":\"ImageObject\",\"inLanguage\":\"pt-BR\",\"@id\":\"https:\/\/psol50.org.br\/#\/schema\/logo\/image\/\",\"url\":\"https:\/\/psol50.org.br\/inc\/uploads\/2018\/07\/capa.png\",\"contentUrl\":\"https:\/\/psol50.org.br\/inc\/uploads\/2018\/07\/capa.png\",\"width\":1350,\"height\":900,\"caption\":\"PSOL 50\"},\"image\":{\"@id\":\"https:\/\/psol50.org.br\/#\/schema\/logo\/image\/\"},\"sameAs\":[\"https:\/\/www.facebook.com\/psol50\",\"https:\/\/x.com\/psol50\",\"https:\/\/www.instagram.com\/psol50\/\",\"https:\/\/www.youtube.com\/channel\/UC7SnJS5o1os7a6CaiNabzcg\"]},{\"@type\":\"Person\",\"@id\":\"https:\/\/psol50.org.br\/#\/schema\/person\/475dfa57d0b815993c714c2e96491fcd\",\"name\":\"Comunica\u00e7\u00e3o PSOL\",\"image\":{\"@type\":\"ImageObject\",\"inLanguage\":\"pt-BR\",\"@id\":\"https:\/\/psol50.org.br\/#\/schema\/person\/image\/\",\"url\":\"https:\/\/secure.gravatar.com\/avatar\/b34fc4f4e468a4e51785917065a3db57b841f5c95dba6ad8c73aaf8f66f8f9bf?s=96&d=mm&r=g\",\"contentUrl\":\"https:\/\/secure.gravatar.com\/avatar\/b34fc4f4e468a4e51785917065a3db57b841f5c95dba6ad8c73aaf8f66f8f9bf?s=96&d=mm&r=g\",\"caption\":\"Comunica\u00e7\u00e3o PSOL\"}}]}<\/script>\n<!-- \/ Yoast SEO plugin. -->","yoast_head_json":{"title":"Luciana Genro apresenta os programas de governo do PSOL para juventude e comunica\u00e7\u00e3o - PSOL 50","robots":{"index":"index","follow":"follow","max-snippet":"max-snippet:-1","max-image-preview":"max-image-preview:large","max-video-preview":"max-video-preview:-1"},"canonical":"https:\/\/psol50.org.br\/luciana-genro-apresenta-os-programas-de-governo-do-psol-para-juventude-e-comunicacao\/","og_locale":"pt_BR","og_type":"article","og_title":"Luciana Genro apresenta os programas de governo do PSOL para juventude e comunica\u00e7\u00e3o - PSOL 50","og_description":"Por Reda\u00e7\u00e3o #Equipe50 &nbsp; Nesta quinta-feira (4), a candidatura da presidenci\u00e1vel do PSOL, Luciana Genro, lan\u00e7ou mais dois eixos do seu programa de governo: juventude e comunica\u00e7\u00e3o. Na \u00e1rea da juventude, o documento foi constru\u00eddo com a colabora\u00e7\u00e3o de movimentos estudantis. Ap\u00f3s a atividade \u201cBate Papo das Juventudes com Luciana Genro\u201d, ocorrida em julho passado, [&hellip;]","og_url":"https:\/\/psol50.org.br\/luciana-genro-apresenta-os-programas-de-governo-do-psol-para-juventude-e-comunicacao\/","og_site_name":"PSOL 50","article_publisher":"https:\/\/www.facebook.com\/psol50","article_published_time":"2014-09-05T14:52:03+00:00","og_image":[{"width":1350,"height":900,"url":"https:\/\/psol50.org.br\/inc\/uploads\/2018\/07\/capa.png","type":"image\/png"}],"author":"Comunica\u00e7\u00e3o PSOL","twitter_card":"summary_large_image","twitter_creator":"@psol50","twitter_site":"@psol50","twitter_misc":{"Escrito por":"Comunica\u00e7\u00e3o PSOL","Est. tempo de leitura":"4 minutos"},"schema":{"@context":"https:\/\/schema.org","@graph":[{"@type":"Article","@id":"https:\/\/psol50.org.br\/luciana-genro-apresenta-os-programas-de-governo-do-psol-para-juventude-e-comunicacao\/#article","isPartOf":{"@id":"https:\/\/psol50.org.br\/luciana-genro-apresenta-os-programas-de-governo-do-psol-para-juventude-e-comunicacao\/"},"author":{"name":"Comunica\u00e7\u00e3o PSOL","@id":"https:\/\/psol50.org.br\/#\/schema\/person\/475dfa57d0b815993c714c2e96491fcd"},"headline":"Luciana Genro apresenta os programas de governo do PSOL para juventude e comunica\u00e7\u00e3o","datePublished":"2014-09-05T14:52:03+00:00","mainEntityOfPage":{"@id":"https:\/\/psol50.org.br\/luciana-genro-apresenta-os-programas-de-governo-do-psol-para-juventude-e-comunicacao\/"},"wordCount":860,"commentCount":0,"publisher":{"@id":"https:\/\/psol50.org.br\/#organization"},"keywords":["elei\u00e7\u00f5es 2014","PSOL"],"articleSection":["Arquivo","ELEI\u00c7\u00d5ES 2014","Not\u00edcias"],"inLanguage":"pt-BR","potentialAction":[{"@type":"CommentAction","name":"Comment","target":["https:\/\/psol50.org.br\/luciana-genro-apresenta-os-programas-de-governo-do-psol-para-juventude-e-comunicacao\/#respond"]}]},{"@type":"WebPage","@id":"https:\/\/psol50.org.br\/luciana-genro-apresenta-os-programas-de-governo-do-psol-para-juventude-e-comunicacao\/","url":"https:\/\/psol50.org.br\/luciana-genro-apresenta-os-programas-de-governo-do-psol-para-juventude-e-comunicacao\/","name":"Luciana Genro apresenta os programas de governo do PSOL para juventude e comunica\u00e7\u00e3o - PSOL 50","isPartOf":{"@id":"https:\/\/psol50.org.br\/#website"},"datePublished":"2014-09-05T14:52:03+00:00","breadcrumb":{"@id":"https:\/\/psol50.org.br\/luciana-genro-apresenta-os-programas-de-governo-do-psol-para-juventude-e-comunicacao\/#breadcrumb"},"inLanguage":"pt-BR","potentialAction":[{"@type":"ReadAction","target":["https:\/\/psol50.org.br\/luciana-genro-apresenta-os-programas-de-governo-do-psol-para-juventude-e-comunicacao\/"]}]},{"@type":"BreadcrumbList","@id":"https:\/\/psol50.org.br\/luciana-genro-apresenta-os-programas-de-governo-do-psol-para-juventude-e-comunicacao\/#breadcrumb","itemListElement":[{"@type":"ListItem","position":1,"name":"In\u00edcio","item":"https:\/\/psol50.org.br\/"},{"@type":"ListItem","position":2,"name":"Luciana Genro apresenta os programas de governo do PSOL para juventude e comunica\u00e7\u00e3o"}]},{"@type":"WebSite","@id":"https:\/\/psol50.org.br\/#website","url":"https:\/\/psol50.org.br\/","name":"PSOL 50","description":"Site oficial do Partido Socialismo e Liberdade","publisher":{"@id":"https:\/\/psol50.org.br\/#organization"},"alternateName":"PSOL50","potentialAction":[{"@type":"SearchAction","target":{"@type":"EntryPoint","urlTemplate":"https:\/\/psol50.org.br\/?s={search_term_string}"},"query-input":{"@type":"PropertyValueSpecification","valueRequired":true,"valueName":"search_term_string"}}],"inLanguage":"pt-BR"},{"@type":"Organization","@id":"https:\/\/psol50.org.br\/#organization","name":"PSOL 50","alternateName":"PSOL 50","url":"https:\/\/psol50.org.br\/","logo":{"@type":"ImageObject","inLanguage":"pt-BR","@id":"https:\/\/psol50.org.br\/#\/schema\/logo\/image\/","url":"https:\/\/psol50.org.br\/inc\/uploads\/2018\/07\/capa.png","contentUrl":"https:\/\/psol50.org.br\/inc\/uploads\/2018\/07\/capa.png","width":1350,"height":900,"caption":"PSOL 50"},"image":{"@id":"https:\/\/psol50.org.br\/#\/schema\/logo\/image\/"},"sameAs":["https:\/\/www.facebook.com\/psol50","https:\/\/x.com\/psol50","https:\/\/www.instagram.com\/psol50\/","https:\/\/www.youtube.com\/channel\/UC7SnJS5o1os7a6CaiNabzcg"]},{"@type":"Person","@id":"https:\/\/psol50.org.br\/#\/schema\/person\/475dfa57d0b815993c714c2e96491fcd","name":"Comunica\u00e7\u00e3o PSOL","image":{"@type":"ImageObject","inLanguage":"pt-BR","@id":"https:\/\/psol50.org.br\/#\/schema\/person\/image\/","url":"https:\/\/secure.gravatar.com\/avatar\/b34fc4f4e468a4e51785917065a3db57b841f5c95dba6ad8c73aaf8f66f8f9bf?s=96&d=mm&r=g","contentUrl":"https:\/\/secure.gravatar.com\/avatar\/b34fc4f4e468a4e51785917065a3db57b841f5c95dba6ad8c73aaf8f66f8f9bf?s=96&d=mm&r=g","caption":"Comunica\u00e7\u00e3o PSOL"}}]}},"_links":{"self":[{"href":"https:\/\/psol50.org.br\/rest\/wp\/v2\/posts\/2956","targetHints":{"allow":["GET"]}}],"collection":[{"href":"https:\/\/psol50.org.br\/rest\/wp\/v2\/posts"}],"about":[{"href":"https:\/\/psol50.org.br\/rest\/wp\/v2\/types\/post"}],"author":[{"embeddable":true,"href":"https:\/\/psol50.org.br\/rest\/wp\/v2\/users\/2"}],"replies":[{"embeddable":true,"href":"https:\/\/psol50.org.br\/rest\/wp\/v2\/comments?post=2956"}],"version-history":[{"count":0,"href":"https:\/\/psol50.org.br\/rest\/wp\/v2\/posts\/2956\/revisions"}],"wp:attachment":[{"href":"https:\/\/psol50.org.br\/rest\/wp\/v2\/media?parent=2956"}],"wp:term":[{"taxonomy":"category","embeddable":true,"href":"https:\/\/psol50.org.br\/rest\/wp\/v2\/categories?post=2956"},{"taxonomy":"post_tag","embeddable":true,"href":"https:\/\/psol50.org.br\/rest\/wp\/v2\/tags?post=2956"}],"curies":[{"name":"wp","href":"https:\/\/api.w.org\/{rel}","templated":true}]}}